{"id":20243,"date":"2016-10-12T13:00:31","date_gmt":"2016-10-12T11:00:31","guid":{"rendered":"https:\/\/www.gold.fr\/news\/?p=20243"},"modified":"2021-01-13T14:06:11","modified_gmt":"2021-01-13T13:06:11","slug":"lonce-stabilise-fond-de-marches-moroses","status":"publish","type":"post","link":"https:\/\/www.gold.fr\/news\/2016\/10\/12\/lonce-stabilise-fond-de-marches-moroses\/","title":{"rendered":"L&rsquo;once stabilise, sur fond de march\u00e9s moroses"},"content":{"rendered":"<p><img loading=\"lazy\" decoding=\"async\" class=\"alignleft wp-image-3372 size-thumbnail\" title=\"L'once stabilise, sur fond de march\u00e9s moroses\" src=\"https:\/\/www.gold.fr\/news\/wp-content\/uploads\/2011\/11\/83109311-150x150.jpg\" alt=\"L'once stabilise, sur fond de march\u00e9s moroses\" width=\"150\" height=\"150\" \/>Les march\u00e9s am\u00e9ricains avaient termin\u00e9 la s\u00e9ance de la veille au plus bas, plomb\u00e9s par une conjoncture morose et un d\u00e9but de saison de r\u00e9sultats d\u00e9cevant. <strong>Wall Street<\/strong> affichait des performances dans le rouge; <strong>Dow Jones<\/strong> et \u00ab\u00a0<em>S&amp;P<\/em>\u00a0\u00bb \u00e0 <strong>-1,1%<\/strong> et <strong>-1,25%<\/strong> respectivement, et Nasdaq \u00e0 <strong>-1,55%<\/strong>.<\/p>\n<p>Les traders rapportent \u00e9galement que \u00ab\u00a0l<em>e barom\u00e8tre du stress -le VIX- a bondi de +15% vers 15,40, ce qui a traduit une inqui\u00e9tude palpable concernant les trimestriels, mais \u00e9galement la perspective d&rsquo;un durcissement mon\u00e9taire \u00bb<\/em>. Il faut en effet rappeler que le coup d&rsquo;envoi des r\u00e9sultats trimestriels avait \u00e9t\u00e9 marqu\u00e9 par une chute spectaculaire <strong>d&rsquo;Illumina<\/strong> (-24,8%), ainsi qu&rsquo;une d\u00e9gringolade <strong>d&rsquo;Alcoa<\/strong> (-11,5%, plus lourde baisse depuis 2011).<\/p>\n<p>Le march\u00e9 p\u00e9trolier arrive, de son c\u00f4t\u00e9, \u00e0 peine \u00e0 s&rsquo;accrocher aux <strong>50 dollars<\/strong>. Un \u00e9quilibre pr\u00e9caire qui sera certainement secou\u00e9 par l&rsquo;annonce faite hier par <strong>Rosneft<\/strong>, premier producteur russe de p\u00e9trole, concernant le maintien du volume de sa production.<\/p>\n<p>C\u00f4t\u00e9 statistique, cette s\u00e9ance devrait se d\u00e9rouler dans un calme plat, \u00e0 peine perturb\u00e9 par les rapports sur l&rsquo;inflation fran\u00e7aise et la production industrielle allemande. Sur la rive am\u00e9ricaine, les op\u00e9rateurs guetteront surtout la publication, dans la soir\u00e9e, des premi\u00e8res \u00ab\u00a0<em>minutes<\/em>\u00a0\u00bb de la derni\u00e8re r\u00e9union de comit\u00e9 de politique mon\u00e9taire de la <strong>FED<\/strong>.<\/p>\n<p>En attendant, l&rsquo;<a class=\"esk-seo-plu-link\" href=\"https:\/\/www.gold.fr\/news\/tags\/or\">or<\/a> ouvre la s\u00e9ance de ce <strong>mercredi 12 octobre 2016<\/strong> avec un <a href=\"https:\/\/www.gold.fr\/cours-or-prix-de-l-or\/\" target=\"_blank\" rel=\"noopener noreferrer\">cours<\/a> stabilis\u00e9 de <strong>1,256.25 dollars<\/strong> <a href=\"https:\/\/www.gold.fr\/once-or-nyc\/\" target=\"_blank\" rel=\"noopener noreferrer\">l&rsquo;once<\/a>.<\/p>\n<!-- AddThis Advanced Settings generic via filter on the_content --><!-- AddThis Share Buttons generic via filter on the_content -->","protected":false},"excerpt":{"rendered":"<p>Les march\u00e9s am\u00e9ricains avaient termin\u00e9 la s\u00e9ance de la veille au plus bas, plomb\u00e9s par une conjoncture morose et un d\u00e9but de saison de r\u00e9sultats d\u00e9cevant. Wall Street affichait des performances dans le rouge; Dow Jones [&hellip;]<\/p>\n","protected":false},"author":18,"featured_media":3372,"comment_status":"closed","ping_status":"closed","sticky":false,"template":"","format":"standard","meta":{"_mbp_gutenberg_autopost":false,"_pgmb_is_evergreen":false,"_pgmb_ap_template_id":0,"footnotes":""},"categories":[5],"tags":[76,351],"ppma_author":[2565],"class_list":["post-20243","post","type-post","status-publish","format-standard","has-post-thumbnail","hentry","category-flash-infos","tag-or","tag-stabilisation-du-cours-de-lor"],"yoast_head":"<!-- This site is optimized with the Yoast SEO plugin v27.5 - https:\/\/yoast.com\/product\/yoast-seo-wordpress\/ -->\n<title>L&#039;once stabilise, sur fond de march\u00e9s moroses<\/title>\n<meta name=\"description\" content=\"Les march\u00e9s am\u00e9ricains avaient termin\u00e9 la s\u00e9ance de la veille au plus bas, plomb\u00e9s par une conjoncture morose et un d\u00e9but de saison de r\u00e9...\" \/>\n<meta name=\"robots\" content=\"index, follow, max-snippet:-1, max-image-preview:large, max-video-preview:-1\" \/>\n<link rel=\"canonical\" href=\"https:\/\/www.gold.fr\/news\/2016\/10\/12\/lonce-stabilise-fond-de-marches-moroses\/\" \/>\n<meta property=\"og:locale\" content=\"fr_FR\" \/>\n<meta property=\"og:type\" content=\"article\" \/>\n<meta property=\"og:title\" content=\"L&#039;once stabilise, sur fond de march\u00e9s moroses\" \/>\n<meta property=\"og:description\" content=\"Les march\u00e9s am\u00e9ricains avaient termin\u00e9 la s\u00e9ance de la veille au plus bas, plomb\u00e9s par une conjoncture morose et un d\u00e9but de saison de r\u00e9...\" \/>\n<meta property=\"og:url\" content=\"https:\/\/www.gold.fr\/news\/2016\/10\/12\/lonce-stabilise-fond-de-marches-moroses\/\" \/>\n<meta property=\"og:site_name\" content=\"Gold.fr\" \/>\n<meta property=\"article:publisher\" content=\"https:\/\/www.facebook.com\/Goldfr\/\" \/>\n<meta property=\"article:published_time\" content=\"2016-10-12T11:00:31+00:00\" \/>\n<meta property=\"article:modified_time\" content=\"2021-01-13T13:06:11+00:00\" \/>\n<meta property=\"og:image\" content=\"https:\/\/www.gold.fr\/news\/wp-content\/uploads\/2011\/11\/83109311.jpg\" \/>\n\t<meta property=\"og:image:width\" content=\"600\" \/>\n\t<meta property=\"og:image:height\" content=\"400\" \/>\n\t<meta property=\"og:image:type\" content=\"image\/jpeg\" \/>\n<meta name=\"author\" content=\"Comptoir National de l&#039;Or\" \/>\n<meta name=\"twitter:card\" content=\"summary_large_image\" \/>\n<meta name=\"twitter:label1\" content=\"\u00c9crit par\" \/>\n\t<meta name=\"twitter:data1\" content=\"Comptoir National de l&#039;Or\" \/>\n\t<meta name=\"twitter:label2\" content=\"Dur\u00e9e de lecture estim\u00e9e\" \/>\n\t<meta name=\"twitter:data2\" content=\"1 minute\" \/>\n<script type=\"application\/ld+json\" class=\"yoast-schema-graph\">{\"@context\":\"https:\\\/\\\/schema.org\",\"@graph\":[{\"@type\":\"Article\",\"@id\":\"https:\\\/\\\/www.gold.fr\\\/news\\\/2016\\\/10\\\/12\\\/lonce-stabilise-fond-de-marches-moroses\\\/#article\",\"isPartOf\":{\"@id\":\"https:\\\/\\\/www.gold.fr\\\/news\\\/2016\\\/10\\\/12\\\/lonce-stabilise-fond-de-marches-moroses\\\/\"},\"author\":{\"name\":\"Comptoir National de l'Or\",\"@id\":\"https:\\\/\\\/www.gold.fr\\\/news\\\/#\\\/schema\\\/person\\\/070491b4b4fb7671bf59b3be20302ce9\"},\"headline\":\"L&rsquo;once stabilise, sur fond de march\u00e9s moroses\",\"datePublished\":\"2016-10-12T11:00:31+00:00\",\"dateModified\":\"2021-01-13T13:06:11+00:00\",\"mainEntityOfPage\":{\"@id\":\"https:\\\/\\\/www.gold.fr\\\/news\\\/2016\\\/10\\\/12\\\/lonce-stabilise-fond-de-marches-moroses\\\/\"},\"wordCount\":262,\"image\":{\"@id\":\"https:\\\/\\\/www.gold.fr\\\/news\\\/2016\\\/10\\\/12\\\/lonce-stabilise-fond-de-marches-moroses\\\/#primaryimage\"},\"thumbnailUrl\":\"https:\\\/\\\/www.gold.fr\\\/news\\\/wp-content\\\/uploads\\\/2011\\\/11\\\/83109311.jpg\",\"keywords\":[\"Or\",\"stabilisation du cours de l'or\"],\"articleSection\":[\"Flash infos\"],\"inLanguage\":\"fr-FR\"},{\"@type\":\"WebPage\",\"@id\":\"https:\\\/\\\/www.gold.fr\\\/news\\\/2016\\\/10\\\/12\\\/lonce-stabilise-fond-de-marches-moroses\\\/\",\"url\":\"https:\\\/\\\/www.gold.fr\\\/news\\\/2016\\\/10\\\/12\\\/lonce-stabilise-fond-de-marches-moroses\\\/\",\"name\":\"L'once stabilise, sur fond de march\u00e9s moroses\",\"isPartOf\":{\"@id\":\"https:\\\/\\\/www.gold.fr\\\/news\\\/#website\"},\"primaryImageOfPage\":{\"@id\":\"https:\\\/\\\/www.gold.fr\\\/news\\\/2016\\\/10\\\/12\\\/lonce-stabilise-fond-de-marches-moroses\\\/#primaryimage\"},\"image\":{\"@id\":\"https:\\\/\\\/www.gold.fr\\\/news\\\/2016\\\/10\\\/12\\\/lonce-stabilise-fond-de-marches-moroses\\\/#primaryimage\"},\"thumbnailUrl\":\"https:\\\/\\\/www.gold.fr\\\/news\\\/wp-content\\\/uploads\\\/2011\\\/11\\\/83109311.jpg\",\"datePublished\":\"2016-10-12T11:00:31+00:00\",\"dateModified\":\"2021-01-13T13:06:11+00:00\",\"author\":{\"@id\":\"https:\\\/\\\/www.gold.fr\\\/news\\\/#\\\/schema\\\/person\\\/070491b4b4fb7671bf59b3be20302ce9\"},\"description\":\"Les march\u00e9s am\u00e9ricains avaient termin\u00e9 la s\u00e9ance de la veille au plus bas, plomb\u00e9s par une conjoncture morose et un d\u00e9but de saison de r\u00e9...\",\"breadcrumb\":{\"@id\":\"https:\\\/\\\/www.gold.fr\\\/news\\\/2016\\\/10\\\/12\\\/lonce-stabilise-fond-de-marches-moroses\\\/#breadcrumb\"},\"inLanguage\":\"fr-FR\",\"potentialAction\":[{\"@type\":\"ReadAction\",\"target\":[\"https:\\\/\\\/www.gold.fr\\\/news\\\/2016\\\/10\\\/12\\\/lonce-stabilise-fond-de-marches-moroses\\\/\"]}]},{\"@type\":\"ImageObject\",\"inLanguage\":\"fr-FR\",\"@id\":\"https:\\\/\\\/www.gold.fr\\\/news\\\/2016\\\/10\\\/12\\\/lonce-stabilise-fond-de-marches-moroses\\\/#primaryimage\",\"url\":\"https:\\\/\\\/www.gold.fr\\\/news\\\/wp-content\\\/uploads\\\/2011\\\/11\\\/83109311.jpg\",\"contentUrl\":\"https:\\\/\\\/www.gold.fr\\\/news\\\/wp-content\\\/uploads\\\/2011\\\/11\\\/83109311.jpg\",\"width\":\"600\",\"height\":\"400\",\"caption\":\"L\u2019or en stagnation face \u00e0 un march\u00e9 en \u00e9quilibre\"},{\"@type\":\"BreadcrumbList\",\"@id\":\"https:\\\/\\\/www.gold.fr\\\/news\\\/2016\\\/10\\\/12\\\/lonce-stabilise-fond-de-marches-moroses\\\/#breadcrumb\",\"itemListElement\":[{\"@type\":\"ListItem\",\"position\":1,\"name\":\"Accueil\",\"item\":\"https:\\\/\\\/www.gold.fr\\\/\"},{\"@type\":\"ListItem\",\"position\":2,\"name\":\"Actualit\u00e9s\",\"item\":\"https:\\\/\\\/www.gold.fr\\\/news\\\/\"},{\"@type\":\"ListItem\",\"position\":3,\"name\":\"L&rsquo;once stabilise, sur fond de march\u00e9s moroses\"}]},{\"@type\":\"WebSite\",\"@id\":\"https:\\\/\\\/www.gold.fr\\\/news\\\/#website\",\"url\":\"https:\\\/\\\/www.gold.fr\\\/news\\\/\",\"name\":\"Gold.fr\",\"description\":\"Actualit\u00e9s de l&#039;Or et des m\u00e9taux pr\u00e9cieux\",\"potentialAction\":[{\"@type\":\"SearchAction\",\"target\":{\"@type\":\"EntryPoint\",\"urlTemplate\":\"https:\\\/\\\/www.gold.fr\\\/news\\\/?s={search_term_string}\"},\"query-input\":{\"@type\":\"PropertyValueSpecification\",\"valueRequired\":true,\"valueName\":\"search_term_string\"}}],\"inLanguage\":\"fr-FR\"},{\"@type\":\"Person\",\"@id\":\"https:\\\/\\\/www.gold.fr\\\/news\\\/#\\\/schema\\\/person\\\/070491b4b4fb7671bf59b3be20302ce9\",\"name\":\"Comptoir National de l'Or\",\"image\":{\"@type\":\"ImageObject\",\"inLanguage\":\"fr-FR\",\"@id\":\"https:\\\/\\\/secure.gravatar.com\\\/avatar\\\/0a2867fd5abe37bed95d5a65e9d58f01756e11efc68af9888dfc50cfa7f65948?s=96&d=mm&r=gb490554db0a38188709de567aa58480d\",\"url\":\"https:\\\/\\\/secure.gravatar.com\\\/avatar\\\/0a2867fd5abe37bed95d5a65e9d58f01756e11efc68af9888dfc50cfa7f65948?s=96&d=mm&r=g\",\"contentUrl\":\"https:\\\/\\\/secure.gravatar.com\\\/avatar\\\/0a2867fd5abe37bed95d5a65e9d58f01756e11efc68af9888dfc50cfa7f65948?s=96&d=mm&r=g\",\"caption\":\"Comptoir National de l'Or\"},\"description\":\"Notre r\u00e9daction est constitu\u00e9e de membres experts dans les m\u00e9tiers de l'\u00e9conomie et la gestion, des Responsables d'agence Comptoir National de l'Or, des analystes financiers qui publient r\u00e9guli\u00e8rement des \u00e9tudes sur les politiques des banques centrales, le cours de l'or, prix de l'or, cours de l'argent, prix de l'argent, cours du platine, cours du palladium,... la situation en zone euro et l'impact de la strat\u00e9gie mon\u00e9taire de la FED. Notre \u00e9quipe scrute \u00e9galement une information plus g\u00e9n\u00e9raliste \u00e0 la recherche d'actualit\u00e9 \\\"p\u00e9pite\\\" \u00e0 vous partager. Depuis 5 ans, nous avons publi\u00e9 un peu plus de 4000 articles qui s'adressent \u00e0 un public large et vari\u00e9 ayant pour objectif de satisfaire votre curiosit\u00e9 et de partager avec vous une certaine fascination pour le m\u00e9tal jaune, le rachat d'or, et pour ceux qui veulent investir dans l'or, vendre leur or tout simplement en savoir plus... Pour tous vos achat or et argent, n'h\u00e9sitez pas \u00e0 prendre rendez-vous dans l'un de nos nombreux comptoirs.\",\"sameAs\":[\"https:\\\/\\\/www.gold.fr\"]}]}<\/script>\n<!-- \/ Yoast SEO plugin. -->","yoast_head_json":{"title":"L'once stabilise, sur fond de march\u00e9s moroses","description":"Les march\u00e9s am\u00e9ricains avaient termin\u00e9 la s\u00e9ance de la veille au plus bas, plomb\u00e9s par une conjoncture morose et un d\u00e9but de saison de r\u00e9...","robots":{"index":"index","follow":"follow","max-snippet":"max-snippet:-1","max-image-preview":"max-image-preview:large","max-video-preview":"max-video-preview:-1"},"canonical":"https:\/\/www.gold.fr\/news\/2016\/10\/12\/lonce-stabilise-fond-de-marches-moroses\/","og_locale":"fr_FR","og_type":"article","og_title":"L'once stabilise, sur fond de march\u00e9s moroses","og_description":"Les march\u00e9s am\u00e9ricains avaient termin\u00e9 la s\u00e9ance de la veille au plus bas, plomb\u00e9s par une conjoncture morose et un d\u00e9but de saison de r\u00e9...","og_url":"https:\/\/www.gold.fr\/news\/2016\/10\/12\/lonce-stabilise-fond-de-marches-moroses\/","og_site_name":"Gold.fr","article_publisher":"https:\/\/www.facebook.com\/Goldfr\/","article_published_time":"2016-10-12T11:00:31+00:00","article_modified_time":"2021-01-13T13:06:11+00:00","og_image":[{"width":600,"height":400,"url":"https:\/\/www.gold.fr\/news\/wp-content\/uploads\/2011\/11\/83109311.jpg","type":"image\/jpeg"}],"author":"Comptoir National de l'Or","twitter_card":"summary_large_image","twitter_misc":{"\u00c9crit par":"Comptoir National de l'Or","Dur\u00e9e de lecture estim\u00e9e":"1 minute"},"schema":{"@context":"https:\/\/schema.org","@graph":[{"@type":"Article","@id":"https:\/\/www.gold.fr\/news\/2016\/10\/12\/lonce-stabilise-fond-de-marches-moroses\/#article","isPartOf":{"@id":"https:\/\/www.gold.fr\/news\/2016\/10\/12\/lonce-stabilise-fond-de-marches-moroses\/"},"author":{"name":"Comptoir National de l'Or","@id":"https:\/\/www.gold.fr\/news\/#\/schema\/person\/070491b4b4fb7671bf59b3be20302ce9"},"headline":"L&rsquo;once stabilise, sur fond de march\u00e9s moroses","datePublished":"2016-10-12T11:00:31+00:00","dateModified":"2021-01-13T13:06:11+00:00","mainEntityOfPage":{"@id":"https:\/\/www.gold.fr\/news\/2016\/10\/12\/lonce-stabilise-fond-de-marches-moroses\/"},"wordCount":262,"image":{"@id":"https:\/\/www.gold.fr\/news\/2016\/10\/12\/lonce-stabilise-fond-de-marches-moroses\/#primaryimage"},"thumbnailUrl":"https:\/\/www.gold.fr\/news\/wp-content\/uploads\/2011\/11\/83109311.jpg","keywords":["Or","stabilisation du cours de l'or"],"articleSection":["Flash infos"],"inLanguage":"fr-FR"},{"@type":"WebPage","@id":"https:\/\/www.gold.fr\/news\/2016\/10\/12\/lonce-stabilise-fond-de-marches-moroses\/","url":"https:\/\/www.gold.fr\/news\/2016\/10\/12\/lonce-stabilise-fond-de-marches-moroses\/","name":"L'once stabilise, sur fond de march\u00e9s moroses","isPartOf":{"@id":"https:\/\/www.gold.fr\/news\/#website"},"primaryImageOfPage":{"@id":"https:\/\/www.gold.fr\/news\/2016\/10\/12\/lonce-stabilise-fond-de-marches-moroses\/#primaryimage"},"image":{"@id":"https:\/\/www.gold.fr\/news\/2016\/10\/12\/lonce-stabilise-fond-de-marches-moroses\/#primaryimage"},"thumbnailUrl":"https:\/\/www.gold.fr\/news\/wp-content\/uploads\/2011\/11\/83109311.jpg","datePublished":"2016-10-12T11:00:31+00:00","dateModified":"2021-01-13T13:06:11+00:00","author":{"@id":"https:\/\/www.gold.fr\/news\/#\/schema\/person\/070491b4b4fb7671bf59b3be20302ce9"},"description":"Les march\u00e9s am\u00e9ricains avaient termin\u00e9 la s\u00e9ance de la veille au plus bas, plomb\u00e9s par une conjoncture morose et un d\u00e9but de saison de r\u00e9...","breadcrumb":{"@id":"https:\/\/www.gold.fr\/news\/2016\/10\/12\/lonce-stabilise-fond-de-marches-moroses\/#breadcrumb"},"inLanguage":"fr-FR","potentialAction":[{"@type":"ReadAction","target":["https:\/\/www.gold.fr\/news\/2016\/10\/12\/lonce-stabilise-fond-de-marches-moroses\/"]}]},{"@type":"ImageObject","inLanguage":"fr-FR","@id":"https:\/\/www.gold.fr\/news\/2016\/10\/12\/lonce-stabilise-fond-de-marches-moroses\/#primaryimage","url":"https:\/\/www.gold.fr\/news\/wp-content\/uploads\/2011\/11\/83109311.jpg","contentUrl":"https:\/\/www.gold.fr\/news\/wp-content\/uploads\/2011\/11\/83109311.jpg","width":"600","height":"400","caption":"L\u2019or en stagnation face \u00e0 un march\u00e9 en \u00e9quilibre"},{"@type":"BreadcrumbList","@id":"https:\/\/www.gold.fr\/news\/2016\/10\/12\/lonce-stabilise-fond-de-marches-moroses\/#breadcrumb","itemListElement":[{"@type":"ListItem","position":1,"name":"Accueil","item":"https:\/\/www.gold.fr\/"},{"@type":"ListItem","position":2,"name":"Actualit\u00e9s","item":"https:\/\/www.gold.fr\/news\/"},{"@type":"ListItem","position":3,"name":"L&rsquo;once stabilise, sur fond de march\u00e9s moroses"}]},{"@type":"WebSite","@id":"https:\/\/www.gold.fr\/news\/#website","url":"https:\/\/www.gold.fr\/news\/","name":"Gold.fr","description":"Actualit\u00e9s de l&#039;Or et des m\u00e9taux pr\u00e9cieux","potentialAction":[{"@type":"SearchAction","target":{"@type":"EntryPoint","urlTemplate":"https:\/\/www.gold.fr\/news\/?s={search_term_string}"},"query-input":{"@type":"PropertyValueSpecification","valueRequired":true,"valueName":"search_term_string"}}],"inLanguage":"fr-FR"},{"@type":"Person","@id":"https:\/\/www.gold.fr\/news\/#\/schema\/person\/070491b4b4fb7671bf59b3be20302ce9","name":"Comptoir National de l'Or","image":{"@type":"ImageObject","inLanguage":"fr-FR","@id":"https:\/\/secure.gravatar.com\/avatar\/0a2867fd5abe37bed95d5a65e9d58f01756e11efc68af9888dfc50cfa7f65948?s=96&d=mm&r=gb490554db0a38188709de567aa58480d","url":"https:\/\/secure.gravatar.com\/avatar\/0a2867fd5abe37bed95d5a65e9d58f01756e11efc68af9888dfc50cfa7f65948?s=96&d=mm&r=g","contentUrl":"https:\/\/secure.gravatar.com\/avatar\/0a2867fd5abe37bed95d5a65e9d58f01756e11efc68af9888dfc50cfa7f65948?s=96&d=mm&r=g","caption":"Comptoir National de l'Or"},"description":"Notre r\u00e9daction est constitu\u00e9e de membres experts dans les m\u00e9tiers de l'\u00e9conomie et la gestion, des Responsables d'agence Comptoir National de l'Or, des analystes financiers qui publient r\u00e9guli\u00e8rement des \u00e9tudes sur les politiques des banques centrales, le cours de l'or, prix de l'or, cours de l'argent, prix de l'argent, cours du platine, cours du palladium,... la situation en zone euro et l'impact de la strat\u00e9gie mon\u00e9taire de la FED. Notre \u00e9quipe scrute \u00e9galement une information plus g\u00e9n\u00e9raliste \u00e0 la recherche d'actualit\u00e9 \"p\u00e9pite\" \u00e0 vous partager. Depuis 5 ans, nous avons publi\u00e9 un peu plus de 4000 articles qui s'adressent \u00e0 un public large et vari\u00e9 ayant pour objectif de satisfaire votre curiosit\u00e9 et de partager avec vous une certaine fascination pour le m\u00e9tal jaune, le rachat d'or, et pour ceux qui veulent investir dans l'or, vendre leur or tout simplement en savoir plus... Pour tous vos achat or et argent, n'h\u00e9sitez pas \u00e0 prendre rendez-vous dans l'un de nos nombreux comptoirs.","sameAs":["https:\/\/www.gold.fr"]}]}},"authors":[{"term_id":2565,"user_id":18,"is_guest":0,"slug":"julie","display_name":"Comptoir National de l'Or","avatar_url":"https:\/\/secure.gravatar.com\/avatar\/713f289e398d35ead876c4a4cc08607f0d6d266058cfc25683fffb6092d0e572?s=96&d=mm&r=g","0":null,"1":"","2":"","3":"","4":"","5":"","6":"","7":"","8":""}],"_links":{"self":[{"href":"https:\/\/www.gold.fr\/news\/wp-json\/wp\/v2\/posts\/20243","targetHints":{"allow":["GET"]}}],"collection":[{"href":"https:\/\/www.gold.fr\/news\/wp-json\/wp\/v2\/posts"}],"about":[{"href":"https:\/\/www.gold.fr\/news\/wp-json\/wp\/v2\/types\/post"}],"author":[{"embeddable":true,"href":"https:\/\/www.gold.fr\/news\/wp-json\/wp\/v2\/users\/18"}],"replies":[{"embeddable":true,"href":"https:\/\/www.gold.fr\/news\/wp-json\/wp\/v2\/comments?post=20243"}],"version-history":[{"count":0,"href":"https:\/\/www.gold.fr\/news\/wp-json\/wp\/v2\/posts\/20243\/revisions"}],"wp:featuredmedia":[{"embeddable":true,"href":"https:\/\/www.gold.fr\/news\/wp-json\/wp\/v2\/media\/3372"}],"wp:attachment":[{"href":"https:\/\/www.gold.fr\/news\/wp-json\/wp\/v2\/media?parent=20243"}],"wp:term":[{"taxonomy":"category","embeddable":true,"href":"https:\/\/www.gold.fr\/news\/wp-json\/wp\/v2\/categories?post=20243"},{"taxonomy":"post_tag","embeddable":true,"href":"https:\/\/www.gold.fr\/news\/wp-json\/wp\/v2\/tags?post=20243"},{"taxonomy":"author","embeddable":true,"href":"https:\/\/www.gold.fr\/news\/wp-json\/wp\/v2\/ppma_author?post=20243"}],"curies":[{"name":"wp","href":"https:\/\/api.w.org\/{rel}","templated":true}]}}