{"id":20236,"date":"2016-10-11T17:00:19","date_gmt":"2016-10-11T15:00:19","guid":{"rendered":"https:\/\/www.gold.fr\/news\/?p=20236"},"modified":"2021-01-13T14:06:56","modified_gmt":"2021-01-13T13:06:56","slug":"or-lonce-prise-entre-deux-paliers-techniques","status":"publish","type":"post","link":"https:\/\/www.gold.fr\/news\/2016\/10\/11\/or-lonce-prise-entre-deux-paliers-techniques\/","title":{"rendered":"Or : L\u2019once prise entre deux paliers techniques"},"content":{"rendered":"<p><img loading=\"lazy\" decoding=\"async\" class=\"alignleft wp-image-7480 size-thumbnail\" title=\"Or : L\u2019once prise entre deux paliers techniques\" src=\"https:\/\/www.gold.fr\/news\/wp-content\/uploads\/2012\/05\/Quand-acheter-de-l-or-150x150.jpg\" alt=\"Or : L\u2019once prise entre deux paliers techniques\" width=\"150\" height=\"150\" srcset=\"https:\/\/www.gold.fr\/news\/wp-content\/uploads\/2012\/05\/Quand-acheter-de-l-or-150x150.jpg 150w, https:\/\/www.gold.fr\/news\/wp-content\/uploads\/2012\/05\/Quand-acheter-de-l-or-80x80.jpg 80w\" sizes=\"auto, (max-width: 150px) 100vw, 150px\" \/>Selon bon nombre d&rsquo;observateurs, l&rsquo;\u00e9volution du prix de <a href=\"https:\/\/www.gold.fr\/once-or-nyc\/\" target=\"_blank\" rel=\"noopener noreferrer\">l\u2019once<\/a> ne serait pas li\u00e9e \u00e0 l&rsquo;actualit\u00e9 \u00e9conomico-politique internationale ou \u00e0 des nouvelles fondamentales, telles qu&rsquo;une potentielle hausse des taux directeurs de la R\u00e9serve f\u00e9d\u00e9rale am\u00e9ricaine, ou un coup de vis donn\u00e9 \u00e0 la politique mon\u00e9taire de la Banque centrale europ\u00e9enne.<\/p>\n<p>Car, bien que ce type de facteur demeure capable de peser sur le prix de <a href=\"https:\/\/www.gold.fr\/once-or-nyc\/\" target=\"_blank\" rel=\"noopener noreferrer\">l\u2019once<\/a>, le v\u00e9ritable catalyseur r\u00e9siderait au sein du march\u00e9 aurif\u00e8re m\u00eame. Les experts estiment en effet que l&rsquo;<a class=\"esk-seo-plu-link\" href=\"https:\/\/www.gold.fr\/news\/tags\/or\">or<\/a> entame une course (haussi\u00e8re ou baissi\u00e8re) au-del\u00e0 de certains paliers techniques d\u00e9cisifs.<\/p>\n<p>C&rsquo;\u00e9tait, par exemple, le cas en juillet dernier, lorsque le <a class=\"esk-seo-plu-link\" href=\"https:\/\/www.gold.fr\/news\/tags\/or\">m\u00e9tal jaune<\/a> a bris\u00e9 le plafond technique des <strong>1 350 dollars<\/strong>, et s&rsquo;est retrouv\u00e9 dans un rallye qui l&rsquo;a men\u00e9 vers les <strong>1 380 dollars<\/strong>. Un plus haut de quatre ann\u00e9es, pour rappel.<\/p>\n<p>Ce mois-ci, le prix de <a href=\"https:\/\/www.gold.fr\/once-or-nyc\/\" target=\"_blank\" rel=\"noopener noreferrer\">l\u2019once<\/a> a entam\u00e9 son mouvement de baisse, \u00e0 partir du moment o\u00f9 il a bris\u00e9 un support important \u00e0 <strong>1 300 dollars<\/strong>. Les \u00e9conomistes rappellent d&rsquo;ailleurs \u00e0 ce sujet que \u00ab <em>\u00e0 chaque fois que l&rsquo;indicateur RSI neuf jours tombe en-dessous de 20<\/em> (conditions d&rsquo;extr\u00eame survente), <em>l&rsquo;<a class=\"esk-seo-plu-link\" href=\"https:\/\/www.gold.fr\/news\/tags\/or\">or<\/a> a pr\u00e9sent\u00e9 une opportunit\u00e9 pour les investisseurs de passer \u00e0 l&rsquo;achat<\/em> \u00bb. Une opportunit\u00e9 qu&rsquo;il faudrait saisir au plus vite, dans la mesure o\u00f9 l&rsquo;<a class=\"esk-seo-plu-link\" href=\"https:\/\/www.gold.fr\/news\/tags\/or\">or<\/a> recommence d\u00e9j\u00e0 \u00e0 viser des paliers haussiers.<\/p>\n<p>D\u2018ailleurs, selon les observateurs, \u00e0 court terme, l&rsquo;<a class=\"esk-seo-plu-link\" href=\"https:\/\/www.gold.fr\/news\/tags\/or\">or<\/a> se maintient clairement dans une tendance haussi\u00e8re depuis le dernier trimestre 2015, et \u00ab <em>le grand canal baissier depuis 2011 a \u00e9t\u00e9 clairement cass\u00e9 \u00e0 la hausse cette ann\u00e9e<\/em> \u00bb.<\/p>\n<!-- AddThis Advanced Settings generic via filter on the_content --><!-- AddThis Share Buttons generic via filter on the_content -->","protected":false},"excerpt":{"rendered":"<p>Selon bon nombre d&rsquo;observateurs, l&rsquo;\u00e9volution du prix de l\u2019once ne serait pas li\u00e9e \u00e0 l&rsquo;actualit\u00e9 \u00e9conomico-politique internationale ou \u00e0 des nouvelles fondamentales, telles qu&rsquo;une potentielle hausse des taux directeurs de la R\u00e9serve f\u00e9d\u00e9rale am\u00e9ricaine, ou un [&hellip;]<\/p>\n","protected":false},"author":18,"featured_media":7480,"comment_status":"closed","ping_status":"closed","sticky":false,"template":"","format":"standard","meta":{"_mbp_gutenberg_autopost":false,"_pgmb_is_evergreen":false,"_pgmb_ap_template_id":0,"footnotes":""},"categories":[6],"tags":[946],"ppma_author":[2565],"class_list":["post-20236","post","type-post","status-publish","format-standard","has-post-thumbnail","hentry","category-articles-de-presse","tag-analyse-et-perspectives"],"yoast_head":"<!-- This site is optimized with the Yoast SEO plugin v27.5 - https:\/\/yoast.com\/product\/yoast-seo-wordpress\/ -->\n<title>Or : L\u2019once prise entre deux paliers techniques<\/title>\n<meta name=\"description\" content=\"Selon bon nombre d\u2019observateurs, l\u2019\u00e9volution du prix de l\u2019once ne serait pas li\u00e9e \u00e0 l\u2019actualit\u00e9 \u00e9conomico-politique internationale ou \u00e0 ...\" \/>\n<meta name=\"robots\" content=\"index, follow, max-snippet:-1, max-image-preview:large, max-video-preview:-1\" \/>\n<link rel=\"canonical\" href=\"https:\/\/www.gold.fr\/news\/2016\/10\/11\/or-lonce-prise-entre-deux-paliers-techniques\/\" \/>\n<meta property=\"og:locale\" content=\"fr_FR\" \/>\n<meta property=\"og:type\" content=\"article\" \/>\n<meta property=\"og:title\" content=\"Or : L\u2019once prise entre deux paliers techniques\" \/>\n<meta property=\"og:description\" content=\"Selon bon nombre d\u2019observateurs, l\u2019\u00e9volution du prix de l\u2019once ne serait pas li\u00e9e \u00e0 l\u2019actualit\u00e9 \u00e9conomico-politique internationale ou \u00e0 ...\" \/>\n<meta property=\"og:url\" content=\"https:\/\/www.gold.fr\/news\/2016\/10\/11\/or-lonce-prise-entre-deux-paliers-techniques\/\" \/>\n<meta property=\"og:site_name\" content=\"Gold.fr\" \/>\n<meta property=\"article:publisher\" content=\"https:\/\/www.facebook.com\/Goldfr\/\" \/>\n<meta property=\"article:published_time\" content=\"2016-10-11T15:00:19+00:00\" \/>\n<meta property=\"article:modified_time\" content=\"2021-01-13T13:06:56+00:00\" \/>\n<meta property=\"og:image\" content=\"https:\/\/www.gold.fr\/news\/wp-content\/uploads\/2012\/05\/Quand-acheter-de-l-or.jpg\" \/>\n\t<meta property=\"og:image:width\" content=\"150\" \/>\n\t<meta property=\"og:image:height\" content=\"225\" \/>\n\t<meta property=\"og:image:type\" content=\"image\/jpeg\" \/>\n<meta name=\"author\" content=\"Comptoir National de l&#039;Or\" \/>\n<meta name=\"twitter:card\" content=\"summary_large_image\" \/>\n<meta name=\"twitter:label1\" content=\"\u00c9crit par\" \/>\n\t<meta name=\"twitter:data1\" content=\"Comptoir National de l&#039;Or\" \/>\n\t<meta name=\"twitter:label2\" content=\"Dur\u00e9e de lecture estim\u00e9e\" \/>\n\t<meta name=\"twitter:data2\" content=\"1 minute\" \/>\n<script type=\"application\/ld+json\" class=\"yoast-schema-graph\">{\"@context\":\"https:\\\/\\\/schema.org\",\"@graph\":[{\"@type\":\"Article\",\"@id\":\"https:\\\/\\\/www.gold.fr\\\/news\\\/2016\\\/10\\\/11\\\/or-lonce-prise-entre-deux-paliers-techniques\\\/#article\",\"isPartOf\":{\"@id\":\"https:\\\/\\\/www.gold.fr\\\/news\\\/2016\\\/10\\\/11\\\/or-lonce-prise-entre-deux-paliers-techniques\\\/\"},\"author\":{\"name\":\"Comptoir National de l'Or\",\"@id\":\"https:\\\/\\\/www.gold.fr\\\/news\\\/#\\\/schema\\\/person\\\/070491b4b4fb7671bf59b3be20302ce9\"},\"headline\":\"Or : L\u2019once prise entre deux paliers techniques\",\"datePublished\":\"2016-10-11T15:00:19+00:00\",\"dateModified\":\"2021-01-13T13:06:56+00:00\",\"mainEntityOfPage\":{\"@id\":\"https:\\\/\\\/www.gold.fr\\\/news\\\/2016\\\/10\\\/11\\\/or-lonce-prise-entre-deux-paliers-techniques\\\/\"},\"wordCount\":284,\"image\":{\"@id\":\"https:\\\/\\\/www.gold.fr\\\/news\\\/2016\\\/10\\\/11\\\/or-lonce-prise-entre-deux-paliers-techniques\\\/#primaryimage\"},\"thumbnailUrl\":\"https:\\\/\\\/www.gold.fr\\\/news\\\/wp-content\\\/uploads\\\/2012\\\/05\\\/Quand-acheter-de-l-or.jpg\",\"keywords\":[\"Analyse et perspectives\"],\"articleSection\":[\"Articles de presse\"],\"inLanguage\":\"fr-FR\"},{\"@type\":\"WebPage\",\"@id\":\"https:\\\/\\\/www.gold.fr\\\/news\\\/2016\\\/10\\\/11\\\/or-lonce-prise-entre-deux-paliers-techniques\\\/\",\"url\":\"https:\\\/\\\/www.gold.fr\\\/news\\\/2016\\\/10\\\/11\\\/or-lonce-prise-entre-deux-paliers-techniques\\\/\",\"name\":\"Or : L\u2019once prise entre deux paliers techniques\",\"isPartOf\":{\"@id\":\"https:\\\/\\\/www.gold.fr\\\/news\\\/#website\"},\"primaryImageOfPage\":{\"@id\":\"https:\\\/\\\/www.gold.fr\\\/news\\\/2016\\\/10\\\/11\\\/or-lonce-prise-entre-deux-paliers-techniques\\\/#primaryimage\"},\"image\":{\"@id\":\"https:\\\/\\\/www.gold.fr\\\/news\\\/2016\\\/10\\\/11\\\/or-lonce-prise-entre-deux-paliers-techniques\\\/#primaryimage\"},\"thumbnailUrl\":\"https:\\\/\\\/www.gold.fr\\\/news\\\/wp-content\\\/uploads\\\/2012\\\/05\\\/Quand-acheter-de-l-or.jpg\",\"datePublished\":\"2016-10-11T15:00:19+00:00\",\"dateModified\":\"2021-01-13T13:06:56+00:00\",\"author\":{\"@id\":\"https:\\\/\\\/www.gold.fr\\\/news\\\/#\\\/schema\\\/person\\\/070491b4b4fb7671bf59b3be20302ce9\"},\"description\":\"Selon bon nombre d\u2019observateurs, l\u2019\u00e9volution du prix de l\u2019once ne serait pas li\u00e9e \u00e0 l\u2019actualit\u00e9 \u00e9conomico-politique internationale ou \u00e0 ...\",\"breadcrumb\":{\"@id\":\"https:\\\/\\\/www.gold.fr\\\/news\\\/2016\\\/10\\\/11\\\/or-lonce-prise-entre-deux-paliers-techniques\\\/#breadcrumb\"},\"inLanguage\":\"fr-FR\",\"potentialAction\":[{\"@type\":\"ReadAction\",\"target\":[\"https:\\\/\\\/www.gold.fr\\\/news\\\/2016\\\/10\\\/11\\\/or-lonce-prise-entre-deux-paliers-techniques\\\/\"]}]},{\"@type\":\"ImageObject\",\"inLanguage\":\"fr-FR\",\"@id\":\"https:\\\/\\\/www.gold.fr\\\/news\\\/2016\\\/10\\\/11\\\/or-lonce-prise-entre-deux-paliers-techniques\\\/#primaryimage\",\"url\":\"https:\\\/\\\/www.gold.fr\\\/news\\\/wp-content\\\/uploads\\\/2012\\\/05\\\/Quand-acheter-de-l-or.jpg\",\"contentUrl\":\"https:\\\/\\\/www.gold.fr\\\/news\\\/wp-content\\\/uploads\\\/2012\\\/05\\\/Quand-acheter-de-l-or.jpg\",\"width\":\"150\",\"height\":\"225\",\"caption\":\"Fin de semaine stagnante pour l'once\"},{\"@type\":\"BreadcrumbList\",\"@id\":\"https:\\\/\\\/www.gold.fr\\\/news\\\/2016\\\/10\\\/11\\\/or-lonce-prise-entre-deux-paliers-techniques\\\/#breadcrumb\",\"itemListElement\":[{\"@type\":\"ListItem\",\"position\":1,\"name\":\"Accueil\",\"item\":\"https:\\\/\\\/www.gold.fr\\\/\"},{\"@type\":\"ListItem\",\"position\":2,\"name\":\"Actualit\u00e9s\",\"item\":\"https:\\\/\\\/www.gold.fr\\\/news\\\/\"},{\"@type\":\"ListItem\",\"position\":3,\"name\":\"Or : L\u2019once prise entre deux paliers techniques\"}]},{\"@type\":\"WebSite\",\"@id\":\"https:\\\/\\\/www.gold.fr\\\/news\\\/#website\",\"url\":\"https:\\\/\\\/www.gold.fr\\\/news\\\/\",\"name\":\"Gold.fr\",\"description\":\"Actualit\u00e9s de l&#039;Or et des m\u00e9taux pr\u00e9cieux\",\"potentialAction\":[{\"@type\":\"SearchAction\",\"target\":{\"@type\":\"EntryPoint\",\"urlTemplate\":\"https:\\\/\\\/www.gold.fr\\\/news\\\/?s={search_term_string}\"},\"query-input\":{\"@type\":\"PropertyValueSpecification\",\"valueRequired\":true,\"valueName\":\"search_term_string\"}}],\"inLanguage\":\"fr-FR\"},{\"@type\":\"Person\",\"@id\":\"https:\\\/\\\/www.gold.fr\\\/news\\\/#\\\/schema\\\/person\\\/070491b4b4fb7671bf59b3be20302ce9\",\"name\":\"Comptoir National de l'Or\",\"image\":{\"@type\":\"ImageObject\",\"inLanguage\":\"fr-FR\",\"@id\":\"https:\\\/\\\/secure.gravatar.com\\\/avatar\\\/0a2867fd5abe37bed95d5a65e9d58f01756e11efc68af9888dfc50cfa7f65948?s=96&d=mm&r=gb490554db0a38188709de567aa58480d\",\"url\":\"https:\\\/\\\/secure.gravatar.com\\\/avatar\\\/0a2867fd5abe37bed95d5a65e9d58f01756e11efc68af9888dfc50cfa7f65948?s=96&d=mm&r=g\",\"contentUrl\":\"https:\\\/\\\/secure.gravatar.com\\\/avatar\\\/0a2867fd5abe37bed95d5a65e9d58f01756e11efc68af9888dfc50cfa7f65948?s=96&d=mm&r=g\",\"caption\":\"Comptoir National de l'Or\"},\"description\":\"Notre r\u00e9daction est constitu\u00e9e de membres experts dans les m\u00e9tiers de l'\u00e9conomie et la gestion, des Responsables d'agence Comptoir National de l'Or, des analystes financiers qui publient r\u00e9guli\u00e8rement des \u00e9tudes sur les politiques des banques centrales, le cours de l'or, prix de l'or, cours de l'argent, prix de l'argent, cours du platine, cours du palladium,... la situation en zone euro et l'impact de la strat\u00e9gie mon\u00e9taire de la FED. Notre \u00e9quipe scrute \u00e9galement une information plus g\u00e9n\u00e9raliste \u00e0 la recherche d'actualit\u00e9 \\\"p\u00e9pite\\\" \u00e0 vous partager. Depuis 5 ans, nous avons publi\u00e9 un peu plus de 4000 articles qui s'adressent \u00e0 un public large et vari\u00e9 ayant pour objectif de satisfaire votre curiosit\u00e9 et de partager avec vous une certaine fascination pour le m\u00e9tal jaune, le rachat d'or, et pour ceux qui veulent investir dans l'or, vendre leur or tout simplement en savoir plus... Pour tous vos achat or et argent, n'h\u00e9sitez pas \u00e0 prendre rendez-vous dans l'un de nos nombreux comptoirs.\",\"sameAs\":[\"https:\\\/\\\/www.gold.fr\"]}]}<\/script>\n<!-- \/ Yoast SEO plugin. -->","yoast_head_json":{"title":"Or : L\u2019once prise entre deux paliers techniques","description":"Selon bon nombre d\u2019observateurs, l\u2019\u00e9volution du prix de l\u2019once ne serait pas li\u00e9e \u00e0 l\u2019actualit\u00e9 \u00e9conomico-politique internationale ou \u00e0 ...","robots":{"index":"index","follow":"follow","max-snippet":"max-snippet:-1","max-image-preview":"max-image-preview:large","max-video-preview":"max-video-preview:-1"},"canonical":"https:\/\/www.gold.fr\/news\/2016\/10\/11\/or-lonce-prise-entre-deux-paliers-techniques\/","og_locale":"fr_FR","og_type":"article","og_title":"Or : L\u2019once prise entre deux paliers techniques","og_description":"Selon bon nombre d\u2019observateurs, l\u2019\u00e9volution du prix de l\u2019once ne serait pas li\u00e9e \u00e0 l\u2019actualit\u00e9 \u00e9conomico-politique internationale ou \u00e0 ...","og_url":"https:\/\/www.gold.fr\/news\/2016\/10\/11\/or-lonce-prise-entre-deux-paliers-techniques\/","og_site_name":"Gold.fr","article_publisher":"https:\/\/www.facebook.com\/Goldfr\/","article_published_time":"2016-10-11T15:00:19+00:00","article_modified_time":"2021-01-13T13:06:56+00:00","og_image":[{"width":150,"height":225,"url":"https:\/\/www.gold.fr\/news\/wp-content\/uploads\/2012\/05\/Quand-acheter-de-l-or.jpg","type":"image\/jpeg"}],"author":"Comptoir National de l'Or","twitter_card":"summary_large_image","twitter_misc":{"\u00c9crit par":"Comptoir National de l'Or","Dur\u00e9e de lecture estim\u00e9e":"1 minute"},"schema":{"@context":"https:\/\/schema.org","@graph":[{"@type":"Article","@id":"https:\/\/www.gold.fr\/news\/2016\/10\/11\/or-lonce-prise-entre-deux-paliers-techniques\/#article","isPartOf":{"@id":"https:\/\/www.gold.fr\/news\/2016\/10\/11\/or-lonce-prise-entre-deux-paliers-techniques\/"},"author":{"name":"Comptoir National de l'Or","@id":"https:\/\/www.gold.fr\/news\/#\/schema\/person\/070491b4b4fb7671bf59b3be20302ce9"},"headline":"Or : L\u2019once prise entre deux paliers techniques","datePublished":"2016-10-11T15:00:19+00:00","dateModified":"2021-01-13T13:06:56+00:00","mainEntityOfPage":{"@id":"https:\/\/www.gold.fr\/news\/2016\/10\/11\/or-lonce-prise-entre-deux-paliers-techniques\/"},"wordCount":284,"image":{"@id":"https:\/\/www.gold.fr\/news\/2016\/10\/11\/or-lonce-prise-entre-deux-paliers-techniques\/#primaryimage"},"thumbnailUrl":"https:\/\/www.gold.fr\/news\/wp-content\/uploads\/2012\/05\/Quand-acheter-de-l-or.jpg","keywords":["Analyse et perspectives"],"articleSection":["Articles de presse"],"inLanguage":"fr-FR"},{"@type":"WebPage","@id":"https:\/\/www.gold.fr\/news\/2016\/10\/11\/or-lonce-prise-entre-deux-paliers-techniques\/","url":"https:\/\/www.gold.fr\/news\/2016\/10\/11\/or-lonce-prise-entre-deux-paliers-techniques\/","name":"Or : L\u2019once prise entre deux paliers techniques","isPartOf":{"@id":"https:\/\/www.gold.fr\/news\/#website"},"primaryImageOfPage":{"@id":"https:\/\/www.gold.fr\/news\/2016\/10\/11\/or-lonce-prise-entre-deux-paliers-techniques\/#primaryimage"},"image":{"@id":"https:\/\/www.gold.fr\/news\/2016\/10\/11\/or-lonce-prise-entre-deux-paliers-techniques\/#primaryimage"},"thumbnailUrl":"https:\/\/www.gold.fr\/news\/wp-content\/uploads\/2012\/05\/Quand-acheter-de-l-or.jpg","datePublished":"2016-10-11T15:00:19+00:00","dateModified":"2021-01-13T13:06:56+00:00","author":{"@id":"https:\/\/www.gold.fr\/news\/#\/schema\/person\/070491b4b4fb7671bf59b3be20302ce9"},"description":"Selon bon nombre d\u2019observateurs, l\u2019\u00e9volution du prix de l\u2019once ne serait pas li\u00e9e \u00e0 l\u2019actualit\u00e9 \u00e9conomico-politique internationale ou \u00e0 ...","breadcrumb":{"@id":"https:\/\/www.gold.fr\/news\/2016\/10\/11\/or-lonce-prise-entre-deux-paliers-techniques\/#breadcrumb"},"inLanguage":"fr-FR","potentialAction":[{"@type":"ReadAction","target":["https:\/\/www.gold.fr\/news\/2016\/10\/11\/or-lonce-prise-entre-deux-paliers-techniques\/"]}]},{"@type":"ImageObject","inLanguage":"fr-FR","@id":"https:\/\/www.gold.fr\/news\/2016\/10\/11\/or-lonce-prise-entre-deux-paliers-techniques\/#primaryimage","url":"https:\/\/www.gold.fr\/news\/wp-content\/uploads\/2012\/05\/Quand-acheter-de-l-or.jpg","contentUrl":"https:\/\/www.gold.fr\/news\/wp-content\/uploads\/2012\/05\/Quand-acheter-de-l-or.jpg","width":"150","height":"225","caption":"Fin de semaine stagnante pour l'once"},{"@type":"BreadcrumbList","@id":"https:\/\/www.gold.fr\/news\/2016\/10\/11\/or-lonce-prise-entre-deux-paliers-techniques\/#breadcrumb","itemListElement":[{"@type":"ListItem","position":1,"name":"Accueil","item":"https:\/\/www.gold.fr\/"},{"@type":"ListItem","position":2,"name":"Actualit\u00e9s","item":"https:\/\/www.gold.fr\/news\/"},{"@type":"ListItem","position":3,"name":"Or : L\u2019once prise entre deux paliers techniques"}]},{"@type":"WebSite","@id":"https:\/\/www.gold.fr\/news\/#website","url":"https:\/\/www.gold.fr\/news\/","name":"Gold.fr","description":"Actualit\u00e9s de l&#039;Or et des m\u00e9taux pr\u00e9cieux","potentialAction":[{"@type":"SearchAction","target":{"@type":"EntryPoint","urlTemplate":"https:\/\/www.gold.fr\/news\/?s={search_term_string}"},"query-input":{"@type":"PropertyValueSpecification","valueRequired":true,"valueName":"search_term_string"}}],"inLanguage":"fr-FR"},{"@type":"Person","@id":"https:\/\/www.gold.fr\/news\/#\/schema\/person\/070491b4b4fb7671bf59b3be20302ce9","name":"Comptoir National de l'Or","image":{"@type":"ImageObject","inLanguage":"fr-FR","@id":"https:\/\/secure.gravatar.com\/avatar\/0a2867fd5abe37bed95d5a65e9d58f01756e11efc68af9888dfc50cfa7f65948?s=96&d=mm&r=gb490554db0a38188709de567aa58480d","url":"https:\/\/secure.gravatar.com\/avatar\/0a2867fd5abe37bed95d5a65e9d58f01756e11efc68af9888dfc50cfa7f65948?s=96&d=mm&r=g","contentUrl":"https:\/\/secure.gravatar.com\/avatar\/0a2867fd5abe37bed95d5a65e9d58f01756e11efc68af9888dfc50cfa7f65948?s=96&d=mm&r=g","caption":"Comptoir National de l'Or"},"description":"Notre r\u00e9daction est constitu\u00e9e de membres experts dans les m\u00e9tiers de l'\u00e9conomie et la gestion, des Responsables d'agence Comptoir National de l'Or, des analystes financiers qui publient r\u00e9guli\u00e8rement des \u00e9tudes sur les politiques des banques centrales, le cours de l'or, prix de l'or, cours de l'argent, prix de l'argent, cours du platine, cours du palladium,... la situation en zone euro et l'impact de la strat\u00e9gie mon\u00e9taire de la FED. Notre \u00e9quipe scrute \u00e9galement une information plus g\u00e9n\u00e9raliste \u00e0 la recherche d'actualit\u00e9 \"p\u00e9pite\" \u00e0 vous partager. Depuis 5 ans, nous avons publi\u00e9 un peu plus de 4000 articles qui s'adressent \u00e0 un public large et vari\u00e9 ayant pour objectif de satisfaire votre curiosit\u00e9 et de partager avec vous une certaine fascination pour le m\u00e9tal jaune, le rachat d'or, et pour ceux qui veulent investir dans l'or, vendre leur or tout simplement en savoir plus... Pour tous vos achat or et argent, n'h\u00e9sitez pas \u00e0 prendre rendez-vous dans l'un de nos nombreux comptoirs.","sameAs":["https:\/\/www.gold.fr"]}]}},"authors":[{"term_id":2565,"user_id":18,"is_guest":0,"slug":"julie","display_name":"Comptoir National de l'Or","avatar_url":"https:\/\/secure.gravatar.com\/avatar\/713f289e398d35ead876c4a4cc08607f0d6d266058cfc25683fffb6092d0e572?s=96&d=mm&r=g","0":null,"1":"","2":"","3":"","4":"","5":"","6":"","7":"","8":""}],"_links":{"self":[{"href":"https:\/\/www.gold.fr\/news\/wp-json\/wp\/v2\/posts\/20236","targetHints":{"allow":["GET"]}}],"collection":[{"href":"https:\/\/www.gold.fr\/news\/wp-json\/wp\/v2\/posts"}],"about":[{"href":"https:\/\/www.gold.fr\/news\/wp-json\/wp\/v2\/types\/post"}],"author":[{"embeddable":true,"href":"https:\/\/www.gold.fr\/news\/wp-json\/wp\/v2\/users\/18"}],"replies":[{"embeddable":true,"href":"https:\/\/www.gold.fr\/news\/wp-json\/wp\/v2\/comments?post=20236"}],"version-history":[{"count":0,"href":"https:\/\/www.gold.fr\/news\/wp-json\/wp\/v2\/posts\/20236\/revisions"}],"wp:featuredmedia":[{"embeddable":true,"href":"https:\/\/www.gold.fr\/news\/wp-json\/wp\/v2\/media\/7480"}],"wp:attachment":[{"href":"https:\/\/www.gold.fr\/news\/wp-json\/wp\/v2\/media?parent=20236"}],"wp:term":[{"taxonomy":"category","embeddable":true,"href":"https:\/\/www.gold.fr\/news\/wp-json\/wp\/v2\/categories?post=20236"},{"taxonomy":"post_tag","embeddable":true,"href":"https:\/\/www.gold.fr\/news\/wp-json\/wp\/v2\/tags?post=20236"},{"taxonomy":"author","embeddable":true,"href":"https:\/\/www.gold.fr\/news\/wp-json\/wp\/v2\/ppma_author?post=20236"}],"curies":[{"name":"wp","href":"https:\/\/api.w.org\/{rel}","templated":true}]}}