{"id":20231,"date":"2016-10-11T13:00:13","date_gmt":"2016-10-11T11:00:13","guid":{"rendered":"https:\/\/www.gold.fr\/news\/?p=20231"},"modified":"2021-01-13T14:07:08","modified_gmt":"2021-01-13T13:07:08","slug":"debut-de-semaine-lineaire","status":"publish","type":"post","link":"https:\/\/www.gold.fr\/news\/2016\/10\/11\/debut-de-semaine-lineaire\/","title":{"rendered":"Un d\u00e9but de semaine lin\u00e9aire"},"content":{"rendered":"<p><img loading=\"lazy\" decoding=\"async\" class=\"alignleft wp-image-2717 size-thumbnail\" title=\"Un d\u00e9but de semaine lin\u00e9aire\" src=\"https:\/\/www.gold.fr\/news\/wp-content\/uploads\/2011\/10\/globe-or-150x150.jpg\" alt=\"Un d\u00e9but de semaine lin\u00e9aire\" width=\"150\" height=\"150\" \/>La premi\u00e8re s\u00e9ance de cette semaine boursi\u00e8re avait \u00e9t\u00e9 assez apathique, marquant l&rsquo;absent\u00e9isme des march\u00e9s nippons et la fermeture partielle des march\u00e9s am\u00e9ricains qui jouaient les prolongations du \u00ab\u00a0<em>Columbus Day \u00bb<\/em>.<\/p>\n<p>Parmi les rares &lsquo;\u00e9v\u00e9nements&rsquo; de la veille de calme, on citera notamment la publication de la balance commerciale allemande (en croissance \u00e0 <strong>22,2 milliards d&rsquo;euros<\/strong>, au mois d&rsquo;ao\u00fbt, contre <strong>19,4 milliards<\/strong>, au mois de juillet), \u00e0 peine remarqu\u00e9 par les op\u00e9rateurs. Car le calendrier de la semaine sera surtout marqu\u00e9 par le d\u00e9but tr\u00e8s attendu, aujourd&rsquo;hui m\u00eame, de la saison des r\u00e9sultats des entreprises, pour le troisi\u00e8me trimestre 2016.<\/p>\n<p>Et c&rsquo;est le g\u00e9ant am\u00e9ricain <strong>Alcoa<\/strong> qui donne le coup d&rsquo;envoi de la saison, dans l&rsquo;apr\u00e8s-midi, suivi, durant la s\u00e9ance du vendredi, par <strong>JP Morgan Chase<\/strong>, <strong>Citigroup<\/strong> et <strong>Wells Fargo<\/strong>. Chez <strong>Aurel BGC<\/strong>, on rappelle que, dans l&rsquo;attente du r\u00e9sultat des \u00e9lections pr\u00e9sidentielles am\u00e9ricaines (d\u00e9but novembre), ainsi que de la d\u00e9cision issue de la prochaine r\u00e9union du <strong>FOMC<\/strong>, \u00ab\u00a0<em>les investisseurs vont se focaliser sur les publications des r\u00e9sultats des entreprises et les discours des chefs d&rsquo;entreprises \u00bb<\/em>.<\/p>\n<p>En attendant, l&rsquo;<a class=\"esk-seo-plu-link\" href=\"https:\/\/www.gold.fr\/news\/tags\/or\">or<\/a> ouvre la s\u00e9ance de ce <strong>mardi 11 octobre 2016<\/strong> avec un <a href=\"https:\/\/www.gold.fr\/cours-or-prix-de-l-or\/\" target=\"_blank\" rel=\"noopener noreferrer\">cours<\/a> haussier de <strong>1,261.75 dollars<\/strong> <a href=\"https:\/\/www.gold.fr\/once-or-nyc\/\" target=\"_blank\" rel=\"noopener noreferrer\">l&rsquo;once<\/a>.<\/p>\n<!-- AddThis Advanced Settings generic via filter on the_content --><!-- AddThis Share Buttons generic via filter on the_content -->","protected":false},"excerpt":{"rendered":"<p>La premi\u00e8re s\u00e9ance de cette semaine boursi\u00e8re avait \u00e9t\u00e9 assez apathique, marquant l&rsquo;absent\u00e9isme des march\u00e9s nippons et la fermeture partielle des march\u00e9s am\u00e9ricains qui jouaient les prolongations du \u00ab\u00a0Columbus Day \u00bb. Parmi les rares &lsquo;\u00e9v\u00e9nements&rsquo; de [&hellip;]<\/p>\n","protected":false},"author":18,"featured_media":2717,"comment_status":"closed","ping_status":"closed","sticky":false,"template":"","format":"standard","meta":{"_mbp_gutenberg_autopost":false,"_pgmb_is_evergreen":false,"_pgmb_ap_template_id":0,"footnotes":""},"categories":[5],"tags":[946,76],"ppma_author":[2565],"class_list":["post-20231","post","type-post","status-publish","format-standard","has-post-thumbnail","hentry","category-flash-infos","tag-analyse-et-perspectives","tag-or"],"yoast_head":"<!-- This site is optimized with the Yoast SEO plugin v27.5 - https:\/\/yoast.com\/product\/yoast-seo-wordpress\/ -->\n<title>Un d\u00e9but de semaine lin\u00e9aire<\/title>\n<meta name=\"description\" content=\"La premi\u00e8re s\u00e9ance de cette semaine boursi\u00e8re avait \u00e9t\u00e9 assez apathique, marquant l&#039;absent\u00e9isme des march\u00e9s nippons et la fermeture par...\" \/>\n<meta name=\"robots\" content=\"index, follow, max-snippet:-1, max-image-preview:large, max-video-preview:-1\" \/>\n<link rel=\"canonical\" href=\"https:\/\/www.gold.fr\/news\/2016\/10\/11\/debut-de-semaine-lineaire\/\" \/>\n<meta property=\"og:locale\" content=\"fr_FR\" \/>\n<meta property=\"og:type\" content=\"article\" \/>\n<meta property=\"og:title\" content=\"Un d\u00e9but de semaine lin\u00e9aire\" \/>\n<meta property=\"og:description\" content=\"La premi\u00e8re s\u00e9ance de cette semaine boursi\u00e8re avait \u00e9t\u00e9 assez apathique, marquant l&#039;absent\u00e9isme des march\u00e9s nippons et la fermeture par...\" \/>\n<meta property=\"og:url\" content=\"https:\/\/www.gold.fr\/news\/2016\/10\/11\/debut-de-semaine-lineaire\/\" \/>\n<meta property=\"og:site_name\" content=\"Gold.fr\" \/>\n<meta property=\"article:publisher\" content=\"https:\/\/www.facebook.com\/Goldfr\/\" \/>\n<meta property=\"article:published_time\" content=\"2016-10-11T11:00:13+00:00\" \/>\n<meta property=\"article:modified_time\" content=\"2021-01-13T13:07:08+00:00\" \/>\n<meta property=\"og:image\" content=\"https:\/\/www.gold.fr\/news\/wp-content\/uploads\/2011\/10\/globe-or.jpg\" \/>\n\t<meta property=\"og:image:width\" content=\"600\" \/>\n\t<meta property=\"og:image:height\" content=\"600\" \/>\n\t<meta property=\"og:image:type\" content=\"image\/jpeg\" \/>\n<meta name=\"author\" content=\"Comptoir National de l&#039;Or\" \/>\n<meta name=\"twitter:card\" content=\"summary_large_image\" \/>\n<meta name=\"twitter:label1\" content=\"\u00c9crit par\" \/>\n\t<meta name=\"twitter:data1\" content=\"Comptoir National de l&#039;Or\" \/>\n\t<meta name=\"twitter:label2\" content=\"Dur\u00e9e de lecture estim\u00e9e\" \/>\n\t<meta name=\"twitter:data2\" content=\"1 minute\" \/>\n<script type=\"application\/ld+json\" class=\"yoast-schema-graph\">{\"@context\":\"https:\\\/\\\/schema.org\",\"@graph\":[{\"@type\":\"Article\",\"@id\":\"https:\\\/\\\/www.gold.fr\\\/news\\\/2016\\\/10\\\/11\\\/debut-de-semaine-lineaire\\\/#article\",\"isPartOf\":{\"@id\":\"https:\\\/\\\/www.gold.fr\\\/news\\\/2016\\\/10\\\/11\\\/debut-de-semaine-lineaire\\\/\"},\"author\":{\"name\":\"Comptoir National de l'Or\",\"@id\":\"https:\\\/\\\/www.gold.fr\\\/news\\\/#\\\/schema\\\/person\\\/070491b4b4fb7671bf59b3be20302ce9\"},\"headline\":\"Un d\u00e9but de semaine lin\u00e9aire\",\"datePublished\":\"2016-10-11T11:00:13+00:00\",\"dateModified\":\"2021-01-13T13:07:08+00:00\",\"mainEntityOfPage\":{\"@id\":\"https:\\\/\\\/www.gold.fr\\\/news\\\/2016\\\/10\\\/11\\\/debut-de-semaine-lineaire\\\/\"},\"wordCount\":232,\"image\":{\"@id\":\"https:\\\/\\\/www.gold.fr\\\/news\\\/2016\\\/10\\\/11\\\/debut-de-semaine-lineaire\\\/#primaryimage\"},\"thumbnailUrl\":\"https:\\\/\\\/www.gold.fr\\\/news\\\/wp-content\\\/uploads\\\/2011\\\/10\\\/globe-or.jpg\",\"keywords\":[\"Analyse et perspectives\",\"Or\"],\"articleSection\":[\"Flash infos\"],\"inLanguage\":\"fr-FR\"},{\"@type\":\"WebPage\",\"@id\":\"https:\\\/\\\/www.gold.fr\\\/news\\\/2016\\\/10\\\/11\\\/debut-de-semaine-lineaire\\\/\",\"url\":\"https:\\\/\\\/www.gold.fr\\\/news\\\/2016\\\/10\\\/11\\\/debut-de-semaine-lineaire\\\/\",\"name\":\"Un d\u00e9but de semaine lin\u00e9aire\",\"isPartOf\":{\"@id\":\"https:\\\/\\\/www.gold.fr\\\/news\\\/#website\"},\"primaryImageOfPage\":{\"@id\":\"https:\\\/\\\/www.gold.fr\\\/news\\\/2016\\\/10\\\/11\\\/debut-de-semaine-lineaire\\\/#primaryimage\"},\"image\":{\"@id\":\"https:\\\/\\\/www.gold.fr\\\/news\\\/2016\\\/10\\\/11\\\/debut-de-semaine-lineaire\\\/#primaryimage\"},\"thumbnailUrl\":\"https:\\\/\\\/www.gold.fr\\\/news\\\/wp-content\\\/uploads\\\/2011\\\/10\\\/globe-or.jpg\",\"datePublished\":\"2016-10-11T11:00:13+00:00\",\"dateModified\":\"2021-01-13T13:07:08+00:00\",\"author\":{\"@id\":\"https:\\\/\\\/www.gold.fr\\\/news\\\/#\\\/schema\\\/person\\\/070491b4b4fb7671bf59b3be20302ce9\"},\"description\":\"La premi\u00e8re s\u00e9ance de cette semaine boursi\u00e8re avait \u00e9t\u00e9 assez apathique, marquant l'absent\u00e9isme des march\u00e9s nippons et la fermeture par...\",\"breadcrumb\":{\"@id\":\"https:\\\/\\\/www.gold.fr\\\/news\\\/2016\\\/10\\\/11\\\/debut-de-semaine-lineaire\\\/#breadcrumb\"},\"inLanguage\":\"fr-FR\",\"potentialAction\":[{\"@type\":\"ReadAction\",\"target\":[\"https:\\\/\\\/www.gold.fr\\\/news\\\/2016\\\/10\\\/11\\\/debut-de-semaine-lineaire\\\/\"]}]},{\"@type\":\"ImageObject\",\"inLanguage\":\"fr-FR\",\"@id\":\"https:\\\/\\\/www.gold.fr\\\/news\\\/2016\\\/10\\\/11\\\/debut-de-semaine-lineaire\\\/#primaryimage\",\"url\":\"https:\\\/\\\/www.gold.fr\\\/news\\\/wp-content\\\/uploads\\\/2011\\\/10\\\/globe-or.jpg\",\"contentUrl\":\"https:\\\/\\\/www.gold.fr\\\/news\\\/wp-content\\\/uploads\\\/2011\\\/10\\\/globe-or.jpg\",\"width\":\"600\",\"height\":\"600\",\"caption\":\"Des march\u00e9s port\u00e9s par les banques centrales\"},{\"@type\":\"BreadcrumbList\",\"@id\":\"https:\\\/\\\/www.gold.fr\\\/news\\\/2016\\\/10\\\/11\\\/debut-de-semaine-lineaire\\\/#breadcrumb\",\"itemListElement\":[{\"@type\":\"ListItem\",\"position\":1,\"name\":\"Accueil\",\"item\":\"https:\\\/\\\/www.gold.fr\\\/\"},{\"@type\":\"ListItem\",\"position\":2,\"name\":\"Actualit\u00e9s\",\"item\":\"https:\\\/\\\/www.gold.fr\\\/news\\\/\"},{\"@type\":\"ListItem\",\"position\":3,\"name\":\"Un d\u00e9but de semaine lin\u00e9aire\"}]},{\"@type\":\"WebSite\",\"@id\":\"https:\\\/\\\/www.gold.fr\\\/news\\\/#website\",\"url\":\"https:\\\/\\\/www.gold.fr\\\/news\\\/\",\"name\":\"Gold.fr\",\"description\":\"Actualit\u00e9s de l&#039;Or et des m\u00e9taux pr\u00e9cieux\",\"potentialAction\":[{\"@type\":\"SearchAction\",\"target\":{\"@type\":\"EntryPoint\",\"urlTemplate\":\"https:\\\/\\\/www.gold.fr\\\/news\\\/?s={search_term_string}\"},\"query-input\":{\"@type\":\"PropertyValueSpecification\",\"valueRequired\":true,\"valueName\":\"search_term_string\"}}],\"inLanguage\":\"fr-FR\"},{\"@type\":\"Person\",\"@id\":\"https:\\\/\\\/www.gold.fr\\\/news\\\/#\\\/schema\\\/person\\\/070491b4b4fb7671bf59b3be20302ce9\",\"name\":\"Comptoir National de l'Or\",\"image\":{\"@type\":\"ImageObject\",\"inLanguage\":\"fr-FR\",\"@id\":\"https:\\\/\\\/secure.gravatar.com\\\/avatar\\\/0a2867fd5abe37bed95d5a65e9d58f01756e11efc68af9888dfc50cfa7f65948?s=96&d=mm&r=gb490554db0a38188709de567aa58480d\",\"url\":\"https:\\\/\\\/secure.gravatar.com\\\/avatar\\\/0a2867fd5abe37bed95d5a65e9d58f01756e11efc68af9888dfc50cfa7f65948?s=96&d=mm&r=g\",\"contentUrl\":\"https:\\\/\\\/secure.gravatar.com\\\/avatar\\\/0a2867fd5abe37bed95d5a65e9d58f01756e11efc68af9888dfc50cfa7f65948?s=96&d=mm&r=g\",\"caption\":\"Comptoir National de l'Or\"},\"description\":\"Notre r\u00e9daction est constitu\u00e9e de membres experts dans les m\u00e9tiers de l'\u00e9conomie et la gestion, des Responsables d'agence Comptoir National de l'Or, des analystes financiers qui publient r\u00e9guli\u00e8rement des \u00e9tudes sur les politiques des banques centrales, le cours de l'or, prix de l'or, cours de l'argent, prix de l'argent, cours du platine, cours du palladium,... la situation en zone euro et l'impact de la strat\u00e9gie mon\u00e9taire de la FED. Notre \u00e9quipe scrute \u00e9galement une information plus g\u00e9n\u00e9raliste \u00e0 la recherche d'actualit\u00e9 \\\"p\u00e9pite\\\" \u00e0 vous partager. Depuis 5 ans, nous avons publi\u00e9 un peu plus de 4000 articles qui s'adressent \u00e0 un public large et vari\u00e9 ayant pour objectif de satisfaire votre curiosit\u00e9 et de partager avec vous une certaine fascination pour le m\u00e9tal jaune, le rachat d'or, et pour ceux qui veulent investir dans l'or, vendre leur or tout simplement en savoir plus... Pour tous vos achat or et argent, n'h\u00e9sitez pas \u00e0 prendre rendez-vous dans l'un de nos nombreux comptoirs.\",\"sameAs\":[\"https:\\\/\\\/www.gold.fr\"]}]}<\/script>\n<!-- \/ Yoast SEO plugin. -->","yoast_head_json":{"title":"Un d\u00e9but de semaine lin\u00e9aire","description":"La premi\u00e8re s\u00e9ance de cette semaine boursi\u00e8re avait \u00e9t\u00e9 assez apathique, marquant l'absent\u00e9isme des march\u00e9s nippons et la fermeture par...","robots":{"index":"index","follow":"follow","max-snippet":"max-snippet:-1","max-image-preview":"max-image-preview:large","max-video-preview":"max-video-preview:-1"},"canonical":"https:\/\/www.gold.fr\/news\/2016\/10\/11\/debut-de-semaine-lineaire\/","og_locale":"fr_FR","og_type":"article","og_title":"Un d\u00e9but de semaine lin\u00e9aire","og_description":"La premi\u00e8re s\u00e9ance de cette semaine boursi\u00e8re avait \u00e9t\u00e9 assez apathique, marquant l'absent\u00e9isme des march\u00e9s nippons et la fermeture par...","og_url":"https:\/\/www.gold.fr\/news\/2016\/10\/11\/debut-de-semaine-lineaire\/","og_site_name":"Gold.fr","article_publisher":"https:\/\/www.facebook.com\/Goldfr\/","article_published_time":"2016-10-11T11:00:13+00:00","article_modified_time":"2021-01-13T13:07:08+00:00","og_image":[{"width":600,"height":600,"url":"https:\/\/www.gold.fr\/news\/wp-content\/uploads\/2011\/10\/globe-or.jpg","type":"image\/jpeg"}],"author":"Comptoir National de l'Or","twitter_card":"summary_large_image","twitter_misc":{"\u00c9crit par":"Comptoir National de l'Or","Dur\u00e9e de lecture estim\u00e9e":"1 minute"},"schema":{"@context":"https:\/\/schema.org","@graph":[{"@type":"Article","@id":"https:\/\/www.gold.fr\/news\/2016\/10\/11\/debut-de-semaine-lineaire\/#article","isPartOf":{"@id":"https:\/\/www.gold.fr\/news\/2016\/10\/11\/debut-de-semaine-lineaire\/"},"author":{"name":"Comptoir National de l'Or","@id":"https:\/\/www.gold.fr\/news\/#\/schema\/person\/070491b4b4fb7671bf59b3be20302ce9"},"headline":"Un d\u00e9but de semaine lin\u00e9aire","datePublished":"2016-10-11T11:00:13+00:00","dateModified":"2021-01-13T13:07:08+00:00","mainEntityOfPage":{"@id":"https:\/\/www.gold.fr\/news\/2016\/10\/11\/debut-de-semaine-lineaire\/"},"wordCount":232,"image":{"@id":"https:\/\/www.gold.fr\/news\/2016\/10\/11\/debut-de-semaine-lineaire\/#primaryimage"},"thumbnailUrl":"https:\/\/www.gold.fr\/news\/wp-content\/uploads\/2011\/10\/globe-or.jpg","keywords":["Analyse et perspectives","Or"],"articleSection":["Flash infos"],"inLanguage":"fr-FR"},{"@type":"WebPage","@id":"https:\/\/www.gold.fr\/news\/2016\/10\/11\/debut-de-semaine-lineaire\/","url":"https:\/\/www.gold.fr\/news\/2016\/10\/11\/debut-de-semaine-lineaire\/","name":"Un d\u00e9but de semaine lin\u00e9aire","isPartOf":{"@id":"https:\/\/www.gold.fr\/news\/#website"},"primaryImageOfPage":{"@id":"https:\/\/www.gold.fr\/news\/2016\/10\/11\/debut-de-semaine-lineaire\/#primaryimage"},"image":{"@id":"https:\/\/www.gold.fr\/news\/2016\/10\/11\/debut-de-semaine-lineaire\/#primaryimage"},"thumbnailUrl":"https:\/\/www.gold.fr\/news\/wp-content\/uploads\/2011\/10\/globe-or.jpg","datePublished":"2016-10-11T11:00:13+00:00","dateModified":"2021-01-13T13:07:08+00:00","author":{"@id":"https:\/\/www.gold.fr\/news\/#\/schema\/person\/070491b4b4fb7671bf59b3be20302ce9"},"description":"La premi\u00e8re s\u00e9ance de cette semaine boursi\u00e8re avait \u00e9t\u00e9 assez apathique, marquant l'absent\u00e9isme des march\u00e9s nippons et la fermeture par...","breadcrumb":{"@id":"https:\/\/www.gold.fr\/news\/2016\/10\/11\/debut-de-semaine-lineaire\/#breadcrumb"},"inLanguage":"fr-FR","potentialAction":[{"@type":"ReadAction","target":["https:\/\/www.gold.fr\/news\/2016\/10\/11\/debut-de-semaine-lineaire\/"]}]},{"@type":"ImageObject","inLanguage":"fr-FR","@id":"https:\/\/www.gold.fr\/news\/2016\/10\/11\/debut-de-semaine-lineaire\/#primaryimage","url":"https:\/\/www.gold.fr\/news\/wp-content\/uploads\/2011\/10\/globe-or.jpg","contentUrl":"https:\/\/www.gold.fr\/news\/wp-content\/uploads\/2011\/10\/globe-or.jpg","width":"600","height":"600","caption":"Des march\u00e9s port\u00e9s par les banques centrales"},{"@type":"BreadcrumbList","@id":"https:\/\/www.gold.fr\/news\/2016\/10\/11\/debut-de-semaine-lineaire\/#breadcrumb","itemListElement":[{"@type":"ListItem","position":1,"name":"Accueil","item":"https:\/\/www.gold.fr\/"},{"@type":"ListItem","position":2,"name":"Actualit\u00e9s","item":"https:\/\/www.gold.fr\/news\/"},{"@type":"ListItem","position":3,"name":"Un d\u00e9but de semaine lin\u00e9aire"}]},{"@type":"WebSite","@id":"https:\/\/www.gold.fr\/news\/#website","url":"https:\/\/www.gold.fr\/news\/","name":"Gold.fr","description":"Actualit\u00e9s de l&#039;Or et des m\u00e9taux pr\u00e9cieux","potentialAction":[{"@type":"SearchAction","target":{"@type":"EntryPoint","urlTemplate":"https:\/\/www.gold.fr\/news\/?s={search_term_string}"},"query-input":{"@type":"PropertyValueSpecification","valueRequired":true,"valueName":"search_term_string"}}],"inLanguage":"fr-FR"},{"@type":"Person","@id":"https:\/\/www.gold.fr\/news\/#\/schema\/person\/070491b4b4fb7671bf59b3be20302ce9","name":"Comptoir National de l'Or","image":{"@type":"ImageObject","inLanguage":"fr-FR","@id":"https:\/\/secure.gravatar.com\/avatar\/0a2867fd5abe37bed95d5a65e9d58f01756e11efc68af9888dfc50cfa7f65948?s=96&d=mm&r=gb490554db0a38188709de567aa58480d","url":"https:\/\/secure.gravatar.com\/avatar\/0a2867fd5abe37bed95d5a65e9d58f01756e11efc68af9888dfc50cfa7f65948?s=96&d=mm&r=g","contentUrl":"https:\/\/secure.gravatar.com\/avatar\/0a2867fd5abe37bed95d5a65e9d58f01756e11efc68af9888dfc50cfa7f65948?s=96&d=mm&r=g","caption":"Comptoir National de l'Or"},"description":"Notre r\u00e9daction est constitu\u00e9e de membres experts dans les m\u00e9tiers de l'\u00e9conomie et la gestion, des Responsables d'agence Comptoir National de l'Or, des analystes financiers qui publient r\u00e9guli\u00e8rement des \u00e9tudes sur les politiques des banques centrales, le cours de l'or, prix de l'or, cours de l'argent, prix de l'argent, cours du platine, cours du palladium,... la situation en zone euro et l'impact de la strat\u00e9gie mon\u00e9taire de la FED. Notre \u00e9quipe scrute \u00e9galement une information plus g\u00e9n\u00e9raliste \u00e0 la recherche d'actualit\u00e9 \"p\u00e9pite\" \u00e0 vous partager. Depuis 5 ans, nous avons publi\u00e9 un peu plus de 4000 articles qui s'adressent \u00e0 un public large et vari\u00e9 ayant pour objectif de satisfaire votre curiosit\u00e9 et de partager avec vous une certaine fascination pour le m\u00e9tal jaune, le rachat d'or, et pour ceux qui veulent investir dans l'or, vendre leur or tout simplement en savoir plus... Pour tous vos achat or et argent, n'h\u00e9sitez pas \u00e0 prendre rendez-vous dans l'un de nos nombreux comptoirs.","sameAs":["https:\/\/www.gold.fr"]}]}},"authors":[{"term_id":2565,"user_id":18,"is_guest":0,"slug":"julie","display_name":"Comptoir National de l'Or","avatar_url":"https:\/\/secure.gravatar.com\/avatar\/713f289e398d35ead876c4a4cc08607f0d6d266058cfc25683fffb6092d0e572?s=96&d=mm&r=g","0":null,"1":"","2":"","3":"","4":"","5":"","6":"","7":"","8":""}],"_links":{"self":[{"href":"https:\/\/www.gold.fr\/news\/wp-json\/wp\/v2\/posts\/20231","targetHints":{"allow":["GET"]}}],"collection":[{"href":"https:\/\/www.gold.fr\/news\/wp-json\/wp\/v2\/posts"}],"about":[{"href":"https:\/\/www.gold.fr\/news\/wp-json\/wp\/v2\/types\/post"}],"author":[{"embeddable":true,"href":"https:\/\/www.gold.fr\/news\/wp-json\/wp\/v2\/users\/18"}],"replies":[{"embeddable":true,"href":"https:\/\/www.gold.fr\/news\/wp-json\/wp\/v2\/comments?post=20231"}],"version-history":[{"count":0,"href":"https:\/\/www.gold.fr\/news\/wp-json\/wp\/v2\/posts\/20231\/revisions"}],"wp:featuredmedia":[{"embeddable":true,"href":"https:\/\/www.gold.fr\/news\/wp-json\/wp\/v2\/media\/2717"}],"wp:attachment":[{"href":"https:\/\/www.gold.fr\/news\/wp-json\/wp\/v2\/media?parent=20231"}],"wp:term":[{"taxonomy":"category","embeddable":true,"href":"https:\/\/www.gold.fr\/news\/wp-json\/wp\/v2\/categories?post=20231"},{"taxonomy":"post_tag","embeddable":true,"href":"https:\/\/www.gold.fr\/news\/wp-json\/wp\/v2\/tags?post=20231"},{"taxonomy":"author","embeddable":true,"href":"https:\/\/www.gold.fr\/news\/wp-json\/wp\/v2\/ppma_author?post=20231"}],"curies":[{"name":"wp","href":"https:\/\/api.w.org\/{rel}","templated":true}]}}