{"id":20196,"date":"2016-10-04T13:00:23","date_gmt":"2016-10-04T11:00:23","guid":{"rendered":"https:\/\/www.gold.fr\/news\/?p=20196"},"modified":"2021-01-13T14:18:41","modified_gmt":"2021-01-13T13:18:41","slug":"lonce-stabilise-fond-de-marches-incertains","status":"publish","type":"post","link":"https:\/\/www.gold.fr\/news\/2016\/10\/04\/lonce-stabilise-fond-de-marches-incertains\/","title":{"rendered":"L&rsquo;once stabilise, sur fond de march\u00e9s incertains"},"content":{"rendered":"<p><img loading=\"lazy\" decoding=\"async\" class=\"alignleft wp-image-7073 size-thumbnail\" title=\"L'once stabilise, sur fond de march\u00e9s incertains\" src=\"https:\/\/www.gold.fr\/news\/wp-content\/uploads\/2012\/04\/or-inflation-lingots-pieces-e1358329331732-150x150.jpg\" alt=\"L'once stabilise, sur fond de march\u00e9s incertains\" width=\"150\" height=\"150\" \/>La s\u00e9ance de la veille avait \u00e9t\u00e9 l&rsquo;occasion de voir la rive europ\u00e9enne r\u00e9v\u00e9ler quelques rapport macro\u00e9conomiques importants. Cette actualit\u00e9 statistique n&rsquo;a pour autant pas r\u00e9ussi \u00e0 d\u00e9tourner l&rsquo;attention des march\u00e9s des deux rendez-vous \u00e9conomiques majeurs de la semaine; le deadline de la <strong>Deutshe Bank<\/strong> (pr\u00e9vu pour aujourd&rsquo;hui), et le rapport sur le secteur de l&#8217;emploi am\u00e9ricain.<\/p>\n<p>Parall\u00e8lement, l&rsquo;<a class=\"esk-seo-plu-link\" href=\"https:\/\/www.gold.fr\/news\/tags\/or\">or<\/a> continue, de son c\u00f4t\u00e9, \u00e0 se maintenir en \u00e9quilibre imperturbable, dans un corridor de plus en plus \u00e9troit. En attendant les catalyseurs de la semaine, les investisseurs ont eu l&rsquo;occasion, hier, de d\u00e9buter la semaine sur deux rapports relativement importants.<\/p>\n<p>D&rsquo;abord, l&rsquo;indice <strong>PMI<\/strong> final <strong>Markit<\/strong> pour l&rsquo;industrie manufacturi\u00e8re en Eurozone ressorti \u00e0 <strong>52,6<\/strong>, en hausse par rapport \u00e0 <strong>51,7<\/strong> en ao\u00fbt. Dans la m\u00eame lign\u00e9e, le deuxi\u00e8me rapport, relatif \u00e0 l&rsquo;indice d&rsquo;activit\u00e9 manufacturi\u00e8re <strong>PMI<\/strong> du Royaume-Uni, est ressorti en hausse \u00e0 <strong>55,4<\/strong> points en septembre, ce qui repr\u00e9sente l&rsquo;\u00e9volution la plus rapide de ce secteur depuis la fin du premier semestre 2014. Le consensus expert tablait pourtant sur une baisse de cet indicateur, et les analystes de Capital Economics rappellent \u00e0 ce sujet que \u00ab\u00a0ce r\u00e9sultat est d&rsquo;autant plus positif que l&rsquo;indice <strong>PMI<\/strong> avait d\u00e9j\u00e0 connu la plus forte progression de son histoire en ao\u00fbt\u00a0\u00bb.<\/p>\n<p>C\u00f4t\u00e9 nouvelle \u00e9conomique majeure, le <strong>Brexit<\/strong> est revenu sur le devant de la sc\u00e8ne avec l&rsquo;annonce faite par <strong>Theresa May<\/strong>, dimanche, concernant le d\u00e9clenchement, d&rsquo;ici \u00e0 la fin du mois de mars 2017, de la proc\u00e9dure de d\u00e9part britannique de l&rsquo;Union europ\u00e9enne, \u00ab\u00a0ouvrant la voie \u00e0 une sortie du Royaume-Uni d\u00e9but 2019\u00a0\u00bb.<\/p>\n<p>Par ailleurs, et sur la rive am\u00e9ricaine, la semaine a d\u00e9marr\u00e9 dans la morosit\u00e9 avec des places boursi\u00e8res qui affichent une baisse g\u00e9n\u00e9ralis\u00e9e. La publication du rapport sur l&#8217;emploi US devrait constituer un catalyseur important capable de changer l&rsquo;orientation des march\u00e9s US.<\/p>\n<p>En attendant, l&rsquo;<a class=\"esk-seo-plu-link\" href=\"https:\/\/www.gold.fr\/news\/tags\/or\">or<\/a> ouvre la s\u00e9ance de ce <strong>mardi 4 octobre 2016<\/strong> avec un <a href=\"https:\/\/www.gold.fr\/cours-or-prix-de-l-or\/\" target=\"_blank\" rel=\"noopener noreferrer\">cours<\/a> stabilis\u00e9 de <strong>1,313.40 dollars<\/strong> <a href=\"https:\/\/www.gold.fr\/once-or-nyc\/\" target=\"_blank\" rel=\"noopener noreferrer\">l&rsquo;once<\/a>.<\/p>\n<!-- AddThis Advanced Settings generic via filter on the_content --><!-- AddThis Share Buttons generic via filter on the_content -->","protected":false},"excerpt":{"rendered":"<p>La s\u00e9ance de la veille avait \u00e9t\u00e9 l&rsquo;occasion de voir la rive europ\u00e9enne r\u00e9v\u00e9ler quelques rapport macro\u00e9conomiques importants. Cette actualit\u00e9 statistique n&rsquo;a pour autant pas r\u00e9ussi \u00e0 d\u00e9tourner l&rsquo;attention des march\u00e9s des deux rendez-vous \u00e9conomiques majeurs [&hellip;]<\/p>\n","protected":false},"author":18,"featured_media":7073,"comment_status":"closed","ping_status":"closed","sticky":false,"template":"","format":"standard","meta":{"_mbp_gutenberg_autopost":false,"_pgmb_is_evergreen":false,"_pgmb_ap_template_id":0,"footnotes":""},"categories":[5],"tags":[351],"ppma_author":[2565],"class_list":["post-20196","post","type-post","status-publish","format-standard","has-post-thumbnail","hentry","category-flash-infos","tag-stabilisation-du-cours-de-lor"],"yoast_head":"<!-- This site is optimized with the Yoast SEO plugin v27.5 - https:\/\/yoast.com\/product\/yoast-seo-wordpress\/ -->\n<title>L&#039;once stabilise, sur fond de march\u00e9s incertains<\/title>\n<meta name=\"description\" content=\"La s\u00e9ance de la veille avait \u00e9t\u00e9 l&#039;occasion de voir la rive europ\u00e9enne r\u00e9v\u00e9ler quelques rapport macro\u00e9conomiques importants. Cette actuali...\" \/>\n<meta name=\"robots\" content=\"index, follow, max-snippet:-1, max-image-preview:large, max-video-preview:-1\" \/>\n<link rel=\"canonical\" href=\"https:\/\/www.gold.fr\/news\/2016\/10\/04\/lonce-stabilise-fond-de-marches-incertains\/\" \/>\n<meta property=\"og:locale\" content=\"fr_FR\" \/>\n<meta property=\"og:type\" content=\"article\" \/>\n<meta property=\"og:title\" content=\"L&#039;once stabilise, sur fond de march\u00e9s incertains\" \/>\n<meta property=\"og:description\" content=\"La s\u00e9ance de la veille avait \u00e9t\u00e9 l&#039;occasion de voir la rive europ\u00e9enne r\u00e9v\u00e9ler quelques rapport macro\u00e9conomiques importants. Cette actuali...\" \/>\n<meta property=\"og:url\" content=\"https:\/\/www.gold.fr\/news\/2016\/10\/04\/lonce-stabilise-fond-de-marches-incertains\/\" \/>\n<meta property=\"og:site_name\" content=\"Gold.fr\" \/>\n<meta property=\"article:publisher\" content=\"https:\/\/www.facebook.com\/Goldfr\/\" \/>\n<meta property=\"article:published_time\" content=\"2016-10-04T11:00:23+00:00\" \/>\n<meta property=\"article:modified_time\" content=\"2021-01-13T13:18:41+00:00\" \/>\n<meta property=\"og:image\" content=\"https:\/\/www.gold.fr\/news\/wp-content\/uploads\/2012\/04\/or-inflation-lingots-pieces-e1358329331732.jpg\" \/>\n\t<meta property=\"og:image:width\" content=\"600\" \/>\n\t<meta property=\"og:image:height\" content=\"351\" \/>\n\t<meta property=\"og:image:type\" content=\"image\/jpeg\" \/>\n<meta name=\"author\" content=\"Comptoir National de l&#039;Or\" \/>\n<meta name=\"twitter:card\" content=\"summary_large_image\" \/>\n<meta name=\"twitter:label1\" content=\"\u00c9crit par\" \/>\n\t<meta name=\"twitter:data1\" content=\"Comptoir National de l&#039;Or\" \/>\n\t<meta name=\"twitter:label2\" content=\"Dur\u00e9e de lecture estim\u00e9e\" \/>\n\t<meta name=\"twitter:data2\" content=\"2 minutes\" \/>\n<script type=\"application\/ld+json\" class=\"yoast-schema-graph\">{\"@context\":\"https:\\\/\\\/schema.org\",\"@graph\":[{\"@type\":\"Article\",\"@id\":\"https:\\\/\\\/www.gold.fr\\\/news\\\/2016\\\/10\\\/04\\\/lonce-stabilise-fond-de-marches-incertains\\\/#article\",\"isPartOf\":{\"@id\":\"https:\\\/\\\/www.gold.fr\\\/news\\\/2016\\\/10\\\/04\\\/lonce-stabilise-fond-de-marches-incertains\\\/\"},\"author\":{\"name\":\"Comptoir National de l'Or\",\"@id\":\"https:\\\/\\\/www.gold.fr\\\/news\\\/#\\\/schema\\\/person\\\/070491b4b4fb7671bf59b3be20302ce9\"},\"headline\":\"L&rsquo;once stabilise, sur fond de march\u00e9s incertains\",\"datePublished\":\"2016-10-04T11:00:23+00:00\",\"dateModified\":\"2021-01-13T13:18:41+00:00\",\"mainEntityOfPage\":{\"@id\":\"https:\\\/\\\/www.gold.fr\\\/news\\\/2016\\\/10\\\/04\\\/lonce-stabilise-fond-de-marches-incertains\\\/\"},\"wordCount\":369,\"image\":{\"@id\":\"https:\\\/\\\/www.gold.fr\\\/news\\\/2016\\\/10\\\/04\\\/lonce-stabilise-fond-de-marches-incertains\\\/#primaryimage\"},\"thumbnailUrl\":\"https:\\\/\\\/www.gold.fr\\\/news\\\/wp-content\\\/uploads\\\/2012\\\/04\\\/or-inflation-lingots-pieces-e1358329331732.jpg\",\"keywords\":[\"stabilisation du cours de l'or\"],\"articleSection\":[\"Flash infos\"],\"inLanguage\":\"fr-FR\"},{\"@type\":\"WebPage\",\"@id\":\"https:\\\/\\\/www.gold.fr\\\/news\\\/2016\\\/10\\\/04\\\/lonce-stabilise-fond-de-marches-incertains\\\/\",\"url\":\"https:\\\/\\\/www.gold.fr\\\/news\\\/2016\\\/10\\\/04\\\/lonce-stabilise-fond-de-marches-incertains\\\/\",\"name\":\"L'once stabilise, sur fond de march\u00e9s incertains\",\"isPartOf\":{\"@id\":\"https:\\\/\\\/www.gold.fr\\\/news\\\/#website\"},\"primaryImageOfPage\":{\"@id\":\"https:\\\/\\\/www.gold.fr\\\/news\\\/2016\\\/10\\\/04\\\/lonce-stabilise-fond-de-marches-incertains\\\/#primaryimage\"},\"image\":{\"@id\":\"https:\\\/\\\/www.gold.fr\\\/news\\\/2016\\\/10\\\/04\\\/lonce-stabilise-fond-de-marches-incertains\\\/#primaryimage\"},\"thumbnailUrl\":\"https:\\\/\\\/www.gold.fr\\\/news\\\/wp-content\\\/uploads\\\/2012\\\/04\\\/or-inflation-lingots-pieces-e1358329331732.jpg\",\"datePublished\":\"2016-10-04T11:00:23+00:00\",\"dateModified\":\"2021-01-13T13:18:41+00:00\",\"author\":{\"@id\":\"https:\\\/\\\/www.gold.fr\\\/news\\\/#\\\/schema\\\/person\\\/070491b4b4fb7671bf59b3be20302ce9\"},\"description\":\"La s\u00e9ance de la veille avait \u00e9t\u00e9 l'occasion de voir la rive europ\u00e9enne r\u00e9v\u00e9ler quelques rapport macro\u00e9conomiques importants. Cette actuali...\",\"breadcrumb\":{\"@id\":\"https:\\\/\\\/www.gold.fr\\\/news\\\/2016\\\/10\\\/04\\\/lonce-stabilise-fond-de-marches-incertains\\\/#breadcrumb\"},\"inLanguage\":\"fr-FR\",\"potentialAction\":[{\"@type\":\"ReadAction\",\"target\":[\"https:\\\/\\\/www.gold.fr\\\/news\\\/2016\\\/10\\\/04\\\/lonce-stabilise-fond-de-marches-incertains\\\/\"]}]},{\"@type\":\"ImageObject\",\"inLanguage\":\"fr-FR\",\"@id\":\"https:\\\/\\\/www.gold.fr\\\/news\\\/2016\\\/10\\\/04\\\/lonce-stabilise-fond-de-marches-incertains\\\/#primaryimage\",\"url\":\"https:\\\/\\\/www.gold.fr\\\/news\\\/wp-content\\\/uploads\\\/2012\\\/04\\\/or-inflation-lingots-pieces-e1358329331732.jpg\",\"contentUrl\":\"https:\\\/\\\/www.gold.fr\\\/news\\\/wp-content\\\/uploads\\\/2012\\\/04\\\/or-inflation-lingots-pieces-e1358329331732.jpg\",\"width\":\"600\",\"height\":\"351\",\"caption\":\"Situation de l\u2019or : r\u00e9alisations et perspectives\"},{\"@type\":\"BreadcrumbList\",\"@id\":\"https:\\\/\\\/www.gold.fr\\\/news\\\/2016\\\/10\\\/04\\\/lonce-stabilise-fond-de-marches-incertains\\\/#breadcrumb\",\"itemListElement\":[{\"@type\":\"ListItem\",\"position\":1,\"name\":\"Accueil\",\"item\":\"https:\\\/\\\/www.gold.fr\\\/\"},{\"@type\":\"ListItem\",\"position\":2,\"name\":\"Actualit\u00e9s\",\"item\":\"https:\\\/\\\/www.gold.fr\\\/news\\\/\"},{\"@type\":\"ListItem\",\"position\":3,\"name\":\"L&rsquo;once stabilise, sur fond de march\u00e9s incertains\"}]},{\"@type\":\"WebSite\",\"@id\":\"https:\\\/\\\/www.gold.fr\\\/news\\\/#website\",\"url\":\"https:\\\/\\\/www.gold.fr\\\/news\\\/\",\"name\":\"Gold.fr\",\"description\":\"Actualit\u00e9s de l&#039;Or et des m\u00e9taux pr\u00e9cieux\",\"potentialAction\":[{\"@type\":\"SearchAction\",\"target\":{\"@type\":\"EntryPoint\",\"urlTemplate\":\"https:\\\/\\\/www.gold.fr\\\/news\\\/?s={search_term_string}\"},\"query-input\":{\"@type\":\"PropertyValueSpecification\",\"valueRequired\":true,\"valueName\":\"search_term_string\"}}],\"inLanguage\":\"fr-FR\"},{\"@type\":\"Person\",\"@id\":\"https:\\\/\\\/www.gold.fr\\\/news\\\/#\\\/schema\\\/person\\\/070491b4b4fb7671bf59b3be20302ce9\",\"name\":\"Comptoir National de l'Or\",\"image\":{\"@type\":\"ImageObject\",\"inLanguage\":\"fr-FR\",\"@id\":\"https:\\\/\\\/secure.gravatar.com\\\/avatar\\\/0a2867fd5abe37bed95d5a65e9d58f01756e11efc68af9888dfc50cfa7f65948?s=96&d=mm&r=gb490554db0a38188709de567aa58480d\",\"url\":\"https:\\\/\\\/secure.gravatar.com\\\/avatar\\\/0a2867fd5abe37bed95d5a65e9d58f01756e11efc68af9888dfc50cfa7f65948?s=96&d=mm&r=g\",\"contentUrl\":\"https:\\\/\\\/secure.gravatar.com\\\/avatar\\\/0a2867fd5abe37bed95d5a65e9d58f01756e11efc68af9888dfc50cfa7f65948?s=96&d=mm&r=g\",\"caption\":\"Comptoir National de l'Or\"},\"description\":\"Notre r\u00e9daction est constitu\u00e9e de membres experts dans les m\u00e9tiers de l'\u00e9conomie et la gestion, des Responsables d'agence Comptoir National de l'Or, des analystes financiers qui publient r\u00e9guli\u00e8rement des \u00e9tudes sur les politiques des banques centrales, le cours de l'or, prix de l'or, cours de l'argent, prix de l'argent, cours du platine, cours du palladium,... la situation en zone euro et l'impact de la strat\u00e9gie mon\u00e9taire de la FED. Notre \u00e9quipe scrute \u00e9galement une information plus g\u00e9n\u00e9raliste \u00e0 la recherche d'actualit\u00e9 \\\"p\u00e9pite\\\" \u00e0 vous partager. Depuis 5 ans, nous avons publi\u00e9 un peu plus de 4000 articles qui s'adressent \u00e0 un public large et vari\u00e9 ayant pour objectif de satisfaire votre curiosit\u00e9 et de partager avec vous une certaine fascination pour le m\u00e9tal jaune, le rachat d'or, et pour ceux qui veulent investir dans l'or, vendre leur or tout simplement en savoir plus... Pour tous vos achat or et argent, n'h\u00e9sitez pas \u00e0 prendre rendez-vous dans l'un de nos nombreux comptoirs.\",\"sameAs\":[\"https:\\\/\\\/www.gold.fr\"]}]}<\/script>\n<!-- \/ Yoast SEO plugin. -->","yoast_head_json":{"title":"L'once stabilise, sur fond de march\u00e9s incertains","description":"La s\u00e9ance de la veille avait \u00e9t\u00e9 l'occasion de voir la rive europ\u00e9enne r\u00e9v\u00e9ler quelques rapport macro\u00e9conomiques importants. Cette actuali...","robots":{"index":"index","follow":"follow","max-snippet":"max-snippet:-1","max-image-preview":"max-image-preview:large","max-video-preview":"max-video-preview:-1"},"canonical":"https:\/\/www.gold.fr\/news\/2016\/10\/04\/lonce-stabilise-fond-de-marches-incertains\/","og_locale":"fr_FR","og_type":"article","og_title":"L'once stabilise, sur fond de march\u00e9s incertains","og_description":"La s\u00e9ance de la veille avait \u00e9t\u00e9 l'occasion de voir la rive europ\u00e9enne r\u00e9v\u00e9ler quelques rapport macro\u00e9conomiques importants. Cette actuali...","og_url":"https:\/\/www.gold.fr\/news\/2016\/10\/04\/lonce-stabilise-fond-de-marches-incertains\/","og_site_name":"Gold.fr","article_publisher":"https:\/\/www.facebook.com\/Goldfr\/","article_published_time":"2016-10-04T11:00:23+00:00","article_modified_time":"2021-01-13T13:18:41+00:00","og_image":[{"width":600,"height":351,"url":"https:\/\/www.gold.fr\/news\/wp-content\/uploads\/2012\/04\/or-inflation-lingots-pieces-e1358329331732.jpg","type":"image\/jpeg"}],"author":"Comptoir National de l'Or","twitter_card":"summary_large_image","twitter_misc":{"\u00c9crit par":"Comptoir National de l'Or","Dur\u00e9e de lecture estim\u00e9e":"2 minutes"},"schema":{"@context":"https:\/\/schema.org","@graph":[{"@type":"Article","@id":"https:\/\/www.gold.fr\/news\/2016\/10\/04\/lonce-stabilise-fond-de-marches-incertains\/#article","isPartOf":{"@id":"https:\/\/www.gold.fr\/news\/2016\/10\/04\/lonce-stabilise-fond-de-marches-incertains\/"},"author":{"name":"Comptoir National de l'Or","@id":"https:\/\/www.gold.fr\/news\/#\/schema\/person\/070491b4b4fb7671bf59b3be20302ce9"},"headline":"L&rsquo;once stabilise, sur fond de march\u00e9s incertains","datePublished":"2016-10-04T11:00:23+00:00","dateModified":"2021-01-13T13:18:41+00:00","mainEntityOfPage":{"@id":"https:\/\/www.gold.fr\/news\/2016\/10\/04\/lonce-stabilise-fond-de-marches-incertains\/"},"wordCount":369,"image":{"@id":"https:\/\/www.gold.fr\/news\/2016\/10\/04\/lonce-stabilise-fond-de-marches-incertains\/#primaryimage"},"thumbnailUrl":"https:\/\/www.gold.fr\/news\/wp-content\/uploads\/2012\/04\/or-inflation-lingots-pieces-e1358329331732.jpg","keywords":["stabilisation du cours de l'or"],"articleSection":["Flash infos"],"inLanguage":"fr-FR"},{"@type":"WebPage","@id":"https:\/\/www.gold.fr\/news\/2016\/10\/04\/lonce-stabilise-fond-de-marches-incertains\/","url":"https:\/\/www.gold.fr\/news\/2016\/10\/04\/lonce-stabilise-fond-de-marches-incertains\/","name":"L'once stabilise, sur fond de march\u00e9s incertains","isPartOf":{"@id":"https:\/\/www.gold.fr\/news\/#website"},"primaryImageOfPage":{"@id":"https:\/\/www.gold.fr\/news\/2016\/10\/04\/lonce-stabilise-fond-de-marches-incertains\/#primaryimage"},"image":{"@id":"https:\/\/www.gold.fr\/news\/2016\/10\/04\/lonce-stabilise-fond-de-marches-incertains\/#primaryimage"},"thumbnailUrl":"https:\/\/www.gold.fr\/news\/wp-content\/uploads\/2012\/04\/or-inflation-lingots-pieces-e1358329331732.jpg","datePublished":"2016-10-04T11:00:23+00:00","dateModified":"2021-01-13T13:18:41+00:00","author":{"@id":"https:\/\/www.gold.fr\/news\/#\/schema\/person\/070491b4b4fb7671bf59b3be20302ce9"},"description":"La s\u00e9ance de la veille avait \u00e9t\u00e9 l'occasion de voir la rive europ\u00e9enne r\u00e9v\u00e9ler quelques rapport macro\u00e9conomiques importants. Cette actuali...","breadcrumb":{"@id":"https:\/\/www.gold.fr\/news\/2016\/10\/04\/lonce-stabilise-fond-de-marches-incertains\/#breadcrumb"},"inLanguage":"fr-FR","potentialAction":[{"@type":"ReadAction","target":["https:\/\/www.gold.fr\/news\/2016\/10\/04\/lonce-stabilise-fond-de-marches-incertains\/"]}]},{"@type":"ImageObject","inLanguage":"fr-FR","@id":"https:\/\/www.gold.fr\/news\/2016\/10\/04\/lonce-stabilise-fond-de-marches-incertains\/#primaryimage","url":"https:\/\/www.gold.fr\/news\/wp-content\/uploads\/2012\/04\/or-inflation-lingots-pieces-e1358329331732.jpg","contentUrl":"https:\/\/www.gold.fr\/news\/wp-content\/uploads\/2012\/04\/or-inflation-lingots-pieces-e1358329331732.jpg","width":"600","height":"351","caption":"Situation de l\u2019or : r\u00e9alisations et perspectives"},{"@type":"BreadcrumbList","@id":"https:\/\/www.gold.fr\/news\/2016\/10\/04\/lonce-stabilise-fond-de-marches-incertains\/#breadcrumb","itemListElement":[{"@type":"ListItem","position":1,"name":"Accueil","item":"https:\/\/www.gold.fr\/"},{"@type":"ListItem","position":2,"name":"Actualit\u00e9s","item":"https:\/\/www.gold.fr\/news\/"},{"@type":"ListItem","position":3,"name":"L&rsquo;once stabilise, sur fond de march\u00e9s incertains"}]},{"@type":"WebSite","@id":"https:\/\/www.gold.fr\/news\/#website","url":"https:\/\/www.gold.fr\/news\/","name":"Gold.fr","description":"Actualit\u00e9s de l&#039;Or et des m\u00e9taux pr\u00e9cieux","potentialAction":[{"@type":"SearchAction","target":{"@type":"EntryPoint","urlTemplate":"https:\/\/www.gold.fr\/news\/?s={search_term_string}"},"query-input":{"@type":"PropertyValueSpecification","valueRequired":true,"valueName":"search_term_string"}}],"inLanguage":"fr-FR"},{"@type":"Person","@id":"https:\/\/www.gold.fr\/news\/#\/schema\/person\/070491b4b4fb7671bf59b3be20302ce9","name":"Comptoir National de l'Or","image":{"@type":"ImageObject","inLanguage":"fr-FR","@id":"https:\/\/secure.gravatar.com\/avatar\/0a2867fd5abe37bed95d5a65e9d58f01756e11efc68af9888dfc50cfa7f65948?s=96&d=mm&r=gb490554db0a38188709de567aa58480d","url":"https:\/\/secure.gravatar.com\/avatar\/0a2867fd5abe37bed95d5a65e9d58f01756e11efc68af9888dfc50cfa7f65948?s=96&d=mm&r=g","contentUrl":"https:\/\/secure.gravatar.com\/avatar\/0a2867fd5abe37bed95d5a65e9d58f01756e11efc68af9888dfc50cfa7f65948?s=96&d=mm&r=g","caption":"Comptoir National de l'Or"},"description":"Notre r\u00e9daction est constitu\u00e9e de membres experts dans les m\u00e9tiers de l'\u00e9conomie et la gestion, des Responsables d'agence Comptoir National de l'Or, des analystes financiers qui publient r\u00e9guli\u00e8rement des \u00e9tudes sur les politiques des banques centrales, le cours de l'or, prix de l'or, cours de l'argent, prix de l'argent, cours du platine, cours du palladium,... la situation en zone euro et l'impact de la strat\u00e9gie mon\u00e9taire de la FED. Notre \u00e9quipe scrute \u00e9galement une information plus g\u00e9n\u00e9raliste \u00e0 la recherche d'actualit\u00e9 \"p\u00e9pite\" \u00e0 vous partager. Depuis 5 ans, nous avons publi\u00e9 un peu plus de 4000 articles qui s'adressent \u00e0 un public large et vari\u00e9 ayant pour objectif de satisfaire votre curiosit\u00e9 et de partager avec vous une certaine fascination pour le m\u00e9tal jaune, le rachat d'or, et pour ceux qui veulent investir dans l'or, vendre leur or tout simplement en savoir plus... Pour tous vos achat or et argent, n'h\u00e9sitez pas \u00e0 prendre rendez-vous dans l'un de nos nombreux comptoirs.","sameAs":["https:\/\/www.gold.fr"]}]}},"authors":[{"term_id":2565,"user_id":18,"is_guest":0,"slug":"julie","display_name":"Comptoir National de l'Or","avatar_url":"https:\/\/secure.gravatar.com\/avatar\/713f289e398d35ead876c4a4cc08607f0d6d266058cfc25683fffb6092d0e572?s=96&d=mm&r=g","0":null,"1":"","2":"","3":"","4":"","5":"","6":"","7":"","8":""}],"_links":{"self":[{"href":"https:\/\/www.gold.fr\/news\/wp-json\/wp\/v2\/posts\/20196","targetHints":{"allow":["GET"]}}],"collection":[{"href":"https:\/\/www.gold.fr\/news\/wp-json\/wp\/v2\/posts"}],"about":[{"href":"https:\/\/www.gold.fr\/news\/wp-json\/wp\/v2\/types\/post"}],"author":[{"embeddable":true,"href":"https:\/\/www.gold.fr\/news\/wp-json\/wp\/v2\/users\/18"}],"replies":[{"embeddable":true,"href":"https:\/\/www.gold.fr\/news\/wp-json\/wp\/v2\/comments?post=20196"}],"version-history":[{"count":0,"href":"https:\/\/www.gold.fr\/news\/wp-json\/wp\/v2\/posts\/20196\/revisions"}],"wp:featuredmedia":[{"embeddable":true,"href":"https:\/\/www.gold.fr\/news\/wp-json\/wp\/v2\/media\/7073"}],"wp:attachment":[{"href":"https:\/\/www.gold.fr\/news\/wp-json\/wp\/v2\/media?parent=20196"}],"wp:term":[{"taxonomy":"category","embeddable":true,"href":"https:\/\/www.gold.fr\/news\/wp-json\/wp\/v2\/categories?post=20196"},{"taxonomy":"post_tag","embeddable":true,"href":"https:\/\/www.gold.fr\/news\/wp-json\/wp\/v2\/tags?post=20196"},{"taxonomy":"author","embeddable":true,"href":"https:\/\/www.gold.fr\/news\/wp-json\/wp\/v2\/ppma_author?post=20196"}],"curies":[{"name":"wp","href":"https:\/\/api.w.org\/{rel}","templated":true}]}}