{"id":20160,"date":"2016-09-27T13:00:02","date_gmt":"2016-09-27T11:00:02","guid":{"rendered":"https:\/\/www.gold.fr\/news\/?p=20160"},"modified":"2021-01-13T14:16:50","modified_gmt":"2021-01-13T13:16:50","slug":"debut-de-semaine-voile-dincertitudes","status":"publish","type":"post","link":"https:\/\/www.gold.fr\/news\/2016\/09\/27\/debut-de-semaine-voile-dincertitudes\/","title":{"rendered":"D\u00e9but de semaine voil\u00e9 d&rsquo;incertitudes"},"content":{"rendered":"<p><img loading=\"lazy\" decoding=\"async\" class=\"alignleft wp-image-7628 size-thumbnail\" title=\"D\u00e9but de semaine voil\u00e9 d'incertitudes\" src=\"https:\/\/www.gold.fr\/news\/wp-content\/uploads\/2012\/05\/wall-street-or-150x150.jpg\" alt=\"D\u00e9but de semaine voil\u00e9 d'incertitudes\" width=\"150\" height=\"150\" \/>A quelques semaines des \u00e9lections pr\u00e9sidentielles am\u00e9ricaines, le spectre des incertitudes plane, plus que jamais, sur l&rsquo;ensemble des march\u00e9s d&rsquo;investissement. Avec la possibilit\u00e9 d&rsquo;un vote en faveur de <strong>Donald Trump<\/strong>, la plan\u00e8te \u00e9conomique retient d\u00e9j\u00e0 son souffle, dans l&rsquo;attente de ce qui s&rsquo;annonce d\u00e9j\u00e0 comme LE tournant politico-\u00e9conomique plan\u00e9taire de la d\u00e9cennie.<\/p>\n<p>Pour l&rsquo;heure, <strong>Wall Street<\/strong> et ses compatriotes croulent sous la pression d&rsquo;un cumul d&rsquo;incertitudes que la r\u00e9cente r\u00e9union du <strong>FOMC<\/strong> (mercredi dernier) n&rsquo;a fait que renforcer. C&rsquo;est donc sur un mouvement de repli que d\u00e9bute cette nouvelle semaine boursi\u00e8re, alors que les regards se tournent vers la cha\u00eene <strong>NBC<\/strong> qui diffusera le premier des trois grands d\u00e9bats pr\u00e9sidentiels opposant <strong>Hillary Clinton<\/strong> \u00e0 <strong>Donald Trump<\/strong> (d&rsquo;ici le vote qui aura lieu le 8 novembre).<\/p>\n<p>Chez <strong>Saxo Banque<\/strong>, les analystes estiment que le climat d&rsquo;incertitude est largement justifi\u00e9, dans la mesure o\u00f9, \u00ab\u00a0<em>longtemps \u00e0 l&rsquo;avantage de Clinton, les sondages sont de plus en plus serr\u00e9s, ce qui donne encore plus de poids au premier des trois d\u00e9bats qui opposeront les deux candidats \u00bb<\/em>.<\/p>\n<p>Chez <strong>Credit Suisse<\/strong>, c&rsquo;est plut\u00f4t l&rsquo;appr\u00e9hension qui r\u00e8gne, les experts du bureau d&rsquo;\u00e9tudes soulignant qu&rsquo;une \u00ab\u00a0<em>remont\u00e9e de Trump dans les sondages, voire une victoire du candidat r\u00e9publicain en novembre, entra\u00eenerait un regain de volatilit\u00e9 \u00bb<\/em>.<\/p>\n<p>Dans ce climat de m\u00e9fiance, l&rsquo;<a class=\"esk-seo-plu-link\" href=\"https:\/\/www.gold.fr\/news\/tags\/or\">or<\/a> maintient le cap et r\u00e9ussit m\u00eame \u00e0 amasser quelques gains, ouvrant la s\u00e9ance de ce <strong>mardi 27 septembre 2016<\/strong> avec un <a href=\"https:\/\/www.gold.fr\/cours-or-prix-de-l-or\/\" target=\"_blank\" rel=\"noopener noreferrer\">cours<\/a> haussier de <strong>1,343.95 dollars<\/strong> <a href=\"https:\/\/www.gold.fr\/once-or-nyc\/\" target=\"_blank\" rel=\"noopener noreferrer\">l&rsquo;once<\/a>.<\/p>\n<!-- AddThis Advanced Settings generic via filter on the_content --><!-- AddThis Share Buttons generic via filter on the_content -->","protected":false},"excerpt":{"rendered":"<p>A quelques semaines des \u00e9lections pr\u00e9sidentielles am\u00e9ricaines, le spectre des incertitudes plane, plus que jamais, sur l&rsquo;ensemble des march\u00e9s d&rsquo;investissement. Avec la possibilit\u00e9 d&rsquo;un vote en faveur de Donald Trump, la plan\u00e8te \u00e9conomique retient d\u00e9j\u00e0 son [&hellip;]<\/p>\n","protected":false},"author":18,"featured_media":7628,"comment_status":"closed","ping_status":"closed","sticky":false,"template":"","format":"standard","meta":{"_mbp_gutenberg_autopost":false,"_pgmb_is_evergreen":false,"_pgmb_ap_template_id":0,"footnotes":""},"categories":[5],"tags":[946,652],"ppma_author":[2565],"class_list":["post-20160","post","type-post","status-publish","format-standard","has-post-thumbnail","hentry","category-flash-infos","tag-analyse-et-perspectives","tag-prevision-or"],"yoast_head":"<!-- This site is optimized with the Yoast SEO plugin v27.5 - https:\/\/yoast.com\/product\/yoast-seo-wordpress\/ -->\n<title>D\u00e9but de semaine voil\u00e9 d&#039;incertitudes<\/title>\n<meta name=\"description\" content=\"A quelques semaines des \u00e9lections pr\u00e9sidentielles am\u00e9ricaines, le spectre des incertitudes plane, plus que jamais, sur l&#039;ensemble des ma...\" \/>\n<meta name=\"robots\" content=\"index, follow, max-snippet:-1, max-image-preview:large, max-video-preview:-1\" \/>\n<link rel=\"canonical\" href=\"https:\/\/www.gold.fr\/news\/2016\/09\/27\/debut-de-semaine-voile-dincertitudes\/\" \/>\n<meta property=\"og:locale\" content=\"fr_FR\" \/>\n<meta property=\"og:type\" content=\"article\" \/>\n<meta property=\"og:title\" content=\"D\u00e9but de semaine voil\u00e9 d&#039;incertitudes\" \/>\n<meta property=\"og:description\" content=\"A quelques semaines des \u00e9lections pr\u00e9sidentielles am\u00e9ricaines, le spectre des incertitudes plane, plus que jamais, sur l&#039;ensemble des ma...\" \/>\n<meta property=\"og:url\" content=\"https:\/\/www.gold.fr\/news\/2016\/09\/27\/debut-de-semaine-voile-dincertitudes\/\" \/>\n<meta property=\"og:site_name\" content=\"Gold.fr\" \/>\n<meta property=\"article:publisher\" content=\"https:\/\/www.facebook.com\/Goldfr\/\" \/>\n<meta property=\"article:published_time\" content=\"2016-09-27T11:00:02+00:00\" \/>\n<meta property=\"article:modified_time\" content=\"2021-01-13T13:16:50+00:00\" \/>\n<meta property=\"og:image\" content=\"https:\/\/www.gold.fr\/news\/wp-content\/uploads\/2012\/05\/wall-street-or.jpg\" \/>\n\t<meta property=\"og:image:width\" content=\"600\" \/>\n\t<meta property=\"og:image:height\" content=\"400\" \/>\n\t<meta property=\"og:image:type\" content=\"image\/jpeg\" \/>\n<meta name=\"author\" content=\"Comptoir National de l&#039;Or\" \/>\n<meta name=\"twitter:card\" content=\"summary_large_image\" \/>\n<meta name=\"twitter:label1\" content=\"\u00c9crit par\" \/>\n\t<meta name=\"twitter:data1\" content=\"Comptoir National de l&#039;Or\" \/>\n\t<meta name=\"twitter:label2\" content=\"Dur\u00e9e de lecture estim\u00e9e\" \/>\n\t<meta name=\"twitter:data2\" content=\"1 minute\" \/>\n<script type=\"application\/ld+json\" class=\"yoast-schema-graph\">{\"@context\":\"https:\\\/\\\/schema.org\",\"@graph\":[{\"@type\":\"Article\",\"@id\":\"https:\\\/\\\/www.gold.fr\\\/news\\\/2016\\\/09\\\/27\\\/debut-de-semaine-voile-dincertitudes\\\/#article\",\"isPartOf\":{\"@id\":\"https:\\\/\\\/www.gold.fr\\\/news\\\/2016\\\/09\\\/27\\\/debut-de-semaine-voile-dincertitudes\\\/\"},\"author\":{\"name\":\"Comptoir National de l'Or\",\"@id\":\"https:\\\/\\\/www.gold.fr\\\/news\\\/#\\\/schema\\\/person\\\/070491b4b4fb7671bf59b3be20302ce9\"},\"headline\":\"D\u00e9but de semaine voil\u00e9 d&rsquo;incertitudes\",\"datePublished\":\"2016-09-27T11:00:02+00:00\",\"dateModified\":\"2021-01-13T13:16:50+00:00\",\"mainEntityOfPage\":{\"@id\":\"https:\\\/\\\/www.gold.fr\\\/news\\\/2016\\\/09\\\/27\\\/debut-de-semaine-voile-dincertitudes\\\/\"},\"wordCount\":286,\"image\":{\"@id\":\"https:\\\/\\\/www.gold.fr\\\/news\\\/2016\\\/09\\\/27\\\/debut-de-semaine-voile-dincertitudes\\\/#primaryimage\"},\"thumbnailUrl\":\"https:\\\/\\\/www.gold.fr\\\/news\\\/wp-content\\\/uploads\\\/2012\\\/05\\\/wall-street-or.jpg\",\"keywords\":[\"Analyse et perspectives\",\"Pr\u00e9vision or\"],\"articleSection\":[\"Flash infos\"],\"inLanguage\":\"fr-FR\"},{\"@type\":\"WebPage\",\"@id\":\"https:\\\/\\\/www.gold.fr\\\/news\\\/2016\\\/09\\\/27\\\/debut-de-semaine-voile-dincertitudes\\\/\",\"url\":\"https:\\\/\\\/www.gold.fr\\\/news\\\/2016\\\/09\\\/27\\\/debut-de-semaine-voile-dincertitudes\\\/\",\"name\":\"D\u00e9but de semaine voil\u00e9 d'incertitudes\",\"isPartOf\":{\"@id\":\"https:\\\/\\\/www.gold.fr\\\/news\\\/#website\"},\"primaryImageOfPage\":{\"@id\":\"https:\\\/\\\/www.gold.fr\\\/news\\\/2016\\\/09\\\/27\\\/debut-de-semaine-voile-dincertitudes\\\/#primaryimage\"},\"image\":{\"@id\":\"https:\\\/\\\/www.gold.fr\\\/news\\\/2016\\\/09\\\/27\\\/debut-de-semaine-voile-dincertitudes\\\/#primaryimage\"},\"thumbnailUrl\":\"https:\\\/\\\/www.gold.fr\\\/news\\\/wp-content\\\/uploads\\\/2012\\\/05\\\/wall-street-or.jpg\",\"datePublished\":\"2016-09-27T11:00:02+00:00\",\"dateModified\":\"2021-01-13T13:16:50+00:00\",\"author\":{\"@id\":\"https:\\\/\\\/www.gold.fr\\\/news\\\/#\\\/schema\\\/person\\\/070491b4b4fb7671bf59b3be20302ce9\"},\"description\":\"A quelques semaines des \u00e9lections pr\u00e9sidentielles am\u00e9ricaines, le spectre des incertitudes plane, plus que jamais, sur l'ensemble des ma...\",\"breadcrumb\":{\"@id\":\"https:\\\/\\\/www.gold.fr\\\/news\\\/2016\\\/09\\\/27\\\/debut-de-semaine-voile-dincertitudes\\\/#breadcrumb\"},\"inLanguage\":\"fr-FR\",\"potentialAction\":[{\"@type\":\"ReadAction\",\"target\":[\"https:\\\/\\\/www.gold.fr\\\/news\\\/2016\\\/09\\\/27\\\/debut-de-semaine-voile-dincertitudes\\\/\"]}]},{\"@type\":\"ImageObject\",\"inLanguage\":\"fr-FR\",\"@id\":\"https:\\\/\\\/www.gold.fr\\\/news\\\/2016\\\/09\\\/27\\\/debut-de-semaine-voile-dincertitudes\\\/#primaryimage\",\"url\":\"https:\\\/\\\/www.gold.fr\\\/news\\\/wp-content\\\/uploads\\\/2012\\\/05\\\/wall-street-or.jpg\",\"contentUrl\":\"https:\\\/\\\/www.gold.fr\\\/news\\\/wp-content\\\/uploads\\\/2012\\\/05\\\/wall-street-or.jpg\",\"width\":\"600\",\"height\":\"400\",\"caption\":\"D\u00e9but de semaine voil\u00e9 d'incertitudes\"},{\"@type\":\"BreadcrumbList\",\"@id\":\"https:\\\/\\\/www.gold.fr\\\/news\\\/2016\\\/09\\\/27\\\/debut-de-semaine-voile-dincertitudes\\\/#breadcrumb\",\"itemListElement\":[{\"@type\":\"ListItem\",\"position\":1,\"name\":\"Accueil\",\"item\":\"https:\\\/\\\/www.gold.fr\\\/\"},{\"@type\":\"ListItem\",\"position\":2,\"name\":\"Actualit\u00e9s\",\"item\":\"https:\\\/\\\/www.gold.fr\\\/news\\\/\"},{\"@type\":\"ListItem\",\"position\":3,\"name\":\"D\u00e9but de semaine voil\u00e9 d&rsquo;incertitudes\"}]},{\"@type\":\"WebSite\",\"@id\":\"https:\\\/\\\/www.gold.fr\\\/news\\\/#website\",\"url\":\"https:\\\/\\\/www.gold.fr\\\/news\\\/\",\"name\":\"Gold.fr\",\"description\":\"Actualit\u00e9s de l&#039;Or et des m\u00e9taux pr\u00e9cieux\",\"potentialAction\":[{\"@type\":\"SearchAction\",\"target\":{\"@type\":\"EntryPoint\",\"urlTemplate\":\"https:\\\/\\\/www.gold.fr\\\/news\\\/?s={search_term_string}\"},\"query-input\":{\"@type\":\"PropertyValueSpecification\",\"valueRequired\":true,\"valueName\":\"search_term_string\"}}],\"inLanguage\":\"fr-FR\"},{\"@type\":\"Person\",\"@id\":\"https:\\\/\\\/www.gold.fr\\\/news\\\/#\\\/schema\\\/person\\\/070491b4b4fb7671bf59b3be20302ce9\",\"name\":\"Comptoir National de l'Or\",\"image\":{\"@type\":\"ImageObject\",\"inLanguage\":\"fr-FR\",\"@id\":\"https:\\\/\\\/secure.gravatar.com\\\/avatar\\\/0a2867fd5abe37bed95d5a65e9d58f01756e11efc68af9888dfc50cfa7f65948?s=96&d=mm&r=gb490554db0a38188709de567aa58480d\",\"url\":\"https:\\\/\\\/secure.gravatar.com\\\/avatar\\\/0a2867fd5abe37bed95d5a65e9d58f01756e11efc68af9888dfc50cfa7f65948?s=96&d=mm&r=g\",\"contentUrl\":\"https:\\\/\\\/secure.gravatar.com\\\/avatar\\\/0a2867fd5abe37bed95d5a65e9d58f01756e11efc68af9888dfc50cfa7f65948?s=96&d=mm&r=g\",\"caption\":\"Comptoir National de l'Or\"},\"description\":\"Notre r\u00e9daction est constitu\u00e9e de membres experts dans les m\u00e9tiers de l'\u00e9conomie et la gestion, des Responsables d'agence Comptoir National de l'Or, des analystes financiers qui publient r\u00e9guli\u00e8rement des \u00e9tudes sur les politiques des banques centrales, le cours de l'or, prix de l'or, cours de l'argent, prix de l'argent, cours du platine, cours du palladium,... la situation en zone euro et l'impact de la strat\u00e9gie mon\u00e9taire de la FED. Notre \u00e9quipe scrute \u00e9galement une information plus g\u00e9n\u00e9raliste \u00e0 la recherche d'actualit\u00e9 \\\"p\u00e9pite\\\" \u00e0 vous partager. Depuis 5 ans, nous avons publi\u00e9 un peu plus de 4000 articles qui s'adressent \u00e0 un public large et vari\u00e9 ayant pour objectif de satisfaire votre curiosit\u00e9 et de partager avec vous une certaine fascination pour le m\u00e9tal jaune, le rachat d'or, et pour ceux qui veulent investir dans l'or, vendre leur or tout simplement en savoir plus... Pour tous vos achat or et argent, n'h\u00e9sitez pas \u00e0 prendre rendez-vous dans l'un de nos nombreux comptoirs.\",\"sameAs\":[\"https:\\\/\\\/www.gold.fr\"]}]}<\/script>\n<!-- \/ Yoast SEO plugin. -->","yoast_head_json":{"title":"D\u00e9but de semaine voil\u00e9 d'incertitudes","description":"A quelques semaines des \u00e9lections pr\u00e9sidentielles am\u00e9ricaines, le spectre des incertitudes plane, plus que jamais, sur l'ensemble des ma...","robots":{"index":"index","follow":"follow","max-snippet":"max-snippet:-1","max-image-preview":"max-image-preview:large","max-video-preview":"max-video-preview:-1"},"canonical":"https:\/\/www.gold.fr\/news\/2016\/09\/27\/debut-de-semaine-voile-dincertitudes\/","og_locale":"fr_FR","og_type":"article","og_title":"D\u00e9but de semaine voil\u00e9 d'incertitudes","og_description":"A quelques semaines des \u00e9lections pr\u00e9sidentielles am\u00e9ricaines, le spectre des incertitudes plane, plus que jamais, sur l'ensemble des ma...","og_url":"https:\/\/www.gold.fr\/news\/2016\/09\/27\/debut-de-semaine-voile-dincertitudes\/","og_site_name":"Gold.fr","article_publisher":"https:\/\/www.facebook.com\/Goldfr\/","article_published_time":"2016-09-27T11:00:02+00:00","article_modified_time":"2021-01-13T13:16:50+00:00","og_image":[{"width":600,"height":400,"url":"https:\/\/www.gold.fr\/news\/wp-content\/uploads\/2012\/05\/wall-street-or.jpg","type":"image\/jpeg"}],"author":"Comptoir National de l'Or","twitter_card":"summary_large_image","twitter_misc":{"\u00c9crit par":"Comptoir National de l'Or","Dur\u00e9e de lecture estim\u00e9e":"1 minute"},"schema":{"@context":"https:\/\/schema.org","@graph":[{"@type":"Article","@id":"https:\/\/www.gold.fr\/news\/2016\/09\/27\/debut-de-semaine-voile-dincertitudes\/#article","isPartOf":{"@id":"https:\/\/www.gold.fr\/news\/2016\/09\/27\/debut-de-semaine-voile-dincertitudes\/"},"author":{"name":"Comptoir National de l'Or","@id":"https:\/\/www.gold.fr\/news\/#\/schema\/person\/070491b4b4fb7671bf59b3be20302ce9"},"headline":"D\u00e9but de semaine voil\u00e9 d&rsquo;incertitudes","datePublished":"2016-09-27T11:00:02+00:00","dateModified":"2021-01-13T13:16:50+00:00","mainEntityOfPage":{"@id":"https:\/\/www.gold.fr\/news\/2016\/09\/27\/debut-de-semaine-voile-dincertitudes\/"},"wordCount":286,"image":{"@id":"https:\/\/www.gold.fr\/news\/2016\/09\/27\/debut-de-semaine-voile-dincertitudes\/#primaryimage"},"thumbnailUrl":"https:\/\/www.gold.fr\/news\/wp-content\/uploads\/2012\/05\/wall-street-or.jpg","keywords":["Analyse et perspectives","Pr\u00e9vision or"],"articleSection":["Flash infos"],"inLanguage":"fr-FR"},{"@type":"WebPage","@id":"https:\/\/www.gold.fr\/news\/2016\/09\/27\/debut-de-semaine-voile-dincertitudes\/","url":"https:\/\/www.gold.fr\/news\/2016\/09\/27\/debut-de-semaine-voile-dincertitudes\/","name":"D\u00e9but de semaine voil\u00e9 d'incertitudes","isPartOf":{"@id":"https:\/\/www.gold.fr\/news\/#website"},"primaryImageOfPage":{"@id":"https:\/\/www.gold.fr\/news\/2016\/09\/27\/debut-de-semaine-voile-dincertitudes\/#primaryimage"},"image":{"@id":"https:\/\/www.gold.fr\/news\/2016\/09\/27\/debut-de-semaine-voile-dincertitudes\/#primaryimage"},"thumbnailUrl":"https:\/\/www.gold.fr\/news\/wp-content\/uploads\/2012\/05\/wall-street-or.jpg","datePublished":"2016-09-27T11:00:02+00:00","dateModified":"2021-01-13T13:16:50+00:00","author":{"@id":"https:\/\/www.gold.fr\/news\/#\/schema\/person\/070491b4b4fb7671bf59b3be20302ce9"},"description":"A quelques semaines des \u00e9lections pr\u00e9sidentielles am\u00e9ricaines, le spectre des incertitudes plane, plus que jamais, sur l'ensemble des ma...","breadcrumb":{"@id":"https:\/\/www.gold.fr\/news\/2016\/09\/27\/debut-de-semaine-voile-dincertitudes\/#breadcrumb"},"inLanguage":"fr-FR","potentialAction":[{"@type":"ReadAction","target":["https:\/\/www.gold.fr\/news\/2016\/09\/27\/debut-de-semaine-voile-dincertitudes\/"]}]},{"@type":"ImageObject","inLanguage":"fr-FR","@id":"https:\/\/www.gold.fr\/news\/2016\/09\/27\/debut-de-semaine-voile-dincertitudes\/#primaryimage","url":"https:\/\/www.gold.fr\/news\/wp-content\/uploads\/2012\/05\/wall-street-or.jpg","contentUrl":"https:\/\/www.gold.fr\/news\/wp-content\/uploads\/2012\/05\/wall-street-or.jpg","width":"600","height":"400","caption":"D\u00e9but de semaine voil\u00e9 d'incertitudes"},{"@type":"BreadcrumbList","@id":"https:\/\/www.gold.fr\/news\/2016\/09\/27\/debut-de-semaine-voile-dincertitudes\/#breadcrumb","itemListElement":[{"@type":"ListItem","position":1,"name":"Accueil","item":"https:\/\/www.gold.fr\/"},{"@type":"ListItem","position":2,"name":"Actualit\u00e9s","item":"https:\/\/www.gold.fr\/news\/"},{"@type":"ListItem","position":3,"name":"D\u00e9but de semaine voil\u00e9 d&rsquo;incertitudes"}]},{"@type":"WebSite","@id":"https:\/\/www.gold.fr\/news\/#website","url":"https:\/\/www.gold.fr\/news\/","name":"Gold.fr","description":"Actualit\u00e9s de l&#039;Or et des m\u00e9taux pr\u00e9cieux","potentialAction":[{"@type":"SearchAction","target":{"@type":"EntryPoint","urlTemplate":"https:\/\/www.gold.fr\/news\/?s={search_term_string}"},"query-input":{"@type":"PropertyValueSpecification","valueRequired":true,"valueName":"search_term_string"}}],"inLanguage":"fr-FR"},{"@type":"Person","@id":"https:\/\/www.gold.fr\/news\/#\/schema\/person\/070491b4b4fb7671bf59b3be20302ce9","name":"Comptoir National de l'Or","image":{"@type":"ImageObject","inLanguage":"fr-FR","@id":"https:\/\/secure.gravatar.com\/avatar\/0a2867fd5abe37bed95d5a65e9d58f01756e11efc68af9888dfc50cfa7f65948?s=96&d=mm&r=gb490554db0a38188709de567aa58480d","url":"https:\/\/secure.gravatar.com\/avatar\/0a2867fd5abe37bed95d5a65e9d58f01756e11efc68af9888dfc50cfa7f65948?s=96&d=mm&r=g","contentUrl":"https:\/\/secure.gravatar.com\/avatar\/0a2867fd5abe37bed95d5a65e9d58f01756e11efc68af9888dfc50cfa7f65948?s=96&d=mm&r=g","caption":"Comptoir National de l'Or"},"description":"Notre r\u00e9daction est constitu\u00e9e de membres experts dans les m\u00e9tiers de l'\u00e9conomie et la gestion, des Responsables d'agence Comptoir National de l'Or, des analystes financiers qui publient r\u00e9guli\u00e8rement des \u00e9tudes sur les politiques des banques centrales, le cours de l'or, prix de l'or, cours de l'argent, prix de l'argent, cours du platine, cours du palladium,... la situation en zone euro et l'impact de la strat\u00e9gie mon\u00e9taire de la FED. Notre \u00e9quipe scrute \u00e9galement une information plus g\u00e9n\u00e9raliste \u00e0 la recherche d'actualit\u00e9 \"p\u00e9pite\" \u00e0 vous partager. Depuis 5 ans, nous avons publi\u00e9 un peu plus de 4000 articles qui s'adressent \u00e0 un public large et vari\u00e9 ayant pour objectif de satisfaire votre curiosit\u00e9 et de partager avec vous une certaine fascination pour le m\u00e9tal jaune, le rachat d'or, et pour ceux qui veulent investir dans l'or, vendre leur or tout simplement en savoir plus... Pour tous vos achat or et argent, n'h\u00e9sitez pas \u00e0 prendre rendez-vous dans l'un de nos nombreux comptoirs.","sameAs":["https:\/\/www.gold.fr"]}]}},"authors":[{"term_id":2565,"user_id":18,"is_guest":0,"slug":"julie","display_name":"Comptoir National de l'Or","avatar_url":"https:\/\/secure.gravatar.com\/avatar\/713f289e398d35ead876c4a4cc08607f0d6d266058cfc25683fffb6092d0e572?s=96&d=mm&r=g","0":null,"1":"","2":"","3":"","4":"","5":"","6":"","7":"","8":""}],"_links":{"self":[{"href":"https:\/\/www.gold.fr\/news\/wp-json\/wp\/v2\/posts\/20160","targetHints":{"allow":["GET"]}}],"collection":[{"href":"https:\/\/www.gold.fr\/news\/wp-json\/wp\/v2\/posts"}],"about":[{"href":"https:\/\/www.gold.fr\/news\/wp-json\/wp\/v2\/types\/post"}],"author":[{"embeddable":true,"href":"https:\/\/www.gold.fr\/news\/wp-json\/wp\/v2\/users\/18"}],"replies":[{"embeddable":true,"href":"https:\/\/www.gold.fr\/news\/wp-json\/wp\/v2\/comments?post=20160"}],"version-history":[{"count":0,"href":"https:\/\/www.gold.fr\/news\/wp-json\/wp\/v2\/posts\/20160\/revisions"}],"wp:featuredmedia":[{"embeddable":true,"href":"https:\/\/www.gold.fr\/news\/wp-json\/wp\/v2\/media\/7628"}],"wp:attachment":[{"href":"https:\/\/www.gold.fr\/news\/wp-json\/wp\/v2\/media?parent=20160"}],"wp:term":[{"taxonomy":"category","embeddable":true,"href":"https:\/\/www.gold.fr\/news\/wp-json\/wp\/v2\/categories?post=20160"},{"taxonomy":"post_tag","embeddable":true,"href":"https:\/\/www.gold.fr\/news\/wp-json\/wp\/v2\/tags?post=20160"},{"taxonomy":"author","embeddable":true,"href":"https:\/\/www.gold.fr\/news\/wp-json\/wp\/v2\/ppma_author?post=20160"}],"curies":[{"name":"wp","href":"https:\/\/api.w.org\/{rel}","templated":true}]}}