{"id":20156,"date":"2016-09-26T13:00:14","date_gmt":"2016-09-26T11:00:14","guid":{"rendered":"https:\/\/www.gold.fr\/news\/?p=20156"},"modified":"2021-01-13T14:16:34","modified_gmt":"2021-01-13T13:16:34","slug":"debut-de-semaine-precaire-marches-equilibre-de-lonce","status":"publish","type":"post","link":"https:\/\/www.gold.fr\/news\/2016\/09\/26\/debut-de-semaine-precaire-marches-equilibre-de-lonce\/","title":{"rendered":"D\u00e9but de semaine pr\u00e9caire sur les march\u00e9s, et \u00e9quilibre de l&rsquo;once"},"content":{"rendered":"<p><img loading=\"lazy\" decoding=\"async\" class=\"alignleft wp-image-4859 size-thumbnail\" title=\"D\u00e9but de semaine pr\u00e9caire sur les march\u00e9s, et \u00e9quilibre de l'once\" src=\"https:\/\/www.gold.fr\/news\/wp-content\/uploads\/2012\/01\/balance-dor-150x150.jpg\" alt=\"D\u00e9but de semaine pr\u00e9caire sur les march\u00e9s, et \u00e9quilibre de l'once\" width=\"150\" height=\"150\" \/>La fin de la semaine derni\u00e8re avait \u00e9t\u00e9 particuli\u00e8rement mouvement\u00e9e, pour l&rsquo;ensemble des march\u00e9s d&rsquo;investissement. Deux banques centrales majeures (FED et BoJ) avaient en effet tenu leur r\u00e9union traditionnelle de politique mon\u00e9taire, cr\u00e9ant une ambiance d&rsquo;attentisme, d\u00e8s le d\u00e9but de la semaine. Et, en d\u00e9pit d&rsquo;un maintien du statu quo, pour les deux institutions, les march\u00e9s en on retenu une certaine tension, nourrie par un \u00e9ni\u00e8me retour d&rsquo;incertitudes.<\/p>\n<p>C&rsquo;est surtout la <strong>FED<\/strong> (r\u00e9serve f\u00e9d\u00e9rale am\u00e9ricaine) qui aura r\u00e9ussi \u00e0 monopoliser l&rsquo;attention jusqu&rsquo;au bout, et bien apr\u00e8s la fin de la r\u00e9union de son comit\u00e9 (FOMC). Les inqui\u00e9tudes avaient refait surface, au sein des march\u00e9s, concernant les projets, \u00e0 court terme, de l&rsquo;institution, suite \u00e0 un discours <strong>Yellen<\/strong> toujours aussi inhabituellement &lsquo;faucon&rsquo;.<\/p>\n<p>La pr\u00e9sidente de la <strong>FEd<\/strong> avait effectivement insist\u00e9 sur la strat\u00e9gie (encore) \u00ab\u00a0<em>data dependant<\/em>\u00a0\u00bb de la maison, avant d&rsquo;\u00e9voquer la forte probabilit\u00e9 d&rsquo;un rel\u00e8vement des taux d&rsquo;int\u00e9r\u00eat avant la fin de l&rsquo;ann\u00e9e (probablement au mois de d\u00e9cembre).<\/p>\n<p>Cette &lsquo;menace&rsquo; (per\u00e7ue ainsi par les march\u00e9s) survient pourtant apr\u00e8s un discours qui traduit clairement le pessimisme du comit\u00e9 concernant l&rsquo;\u00e9volution de la croissance \u00e9conomique am\u00e9ricaine. Donc, rel\u00e8vera&#8230;rel\u00e8vera pas ? Le maintien du statu quo apporte, aujourd&rsquo;hui, peu d&rsquo;\u00e9l\u00e9ments de r\u00e9ponse ou de r\u00e9assurance, \u00e0 ce niveau.<\/p>\n<p>Dans ce contexte aussi tendu qu&rsquo;incertain, le <a class=\"esk-seo-plu-link\" href=\"https:\/\/www.gold.fr\/news\/tags\/or\">m\u00e9tal jaune<\/a> r\u00e9ussit \u00e0 garder un \u00e9quilibre solide qui pr\u00e9serve, au passage, les gains qu&rsquo;il a accumul\u00e9s tout au long de la semaine derni\u00e8re. L&rsquo;<a class=\"esk-seo-plu-link\" href=\"https:\/\/www.gold.fr\/news\/tags\/or\">or<\/a> ouvre donc la s\u00e9ance de ce <strong>lundi 26 septembre 2016<\/strong> avec un <a href=\"https:\/\/www.gold.fr\/cours-or-prix-de-l-or\/\" target=\"_blank\" rel=\"noopener noreferrer\">cours<\/a> stabilis\u00e9 de <strong>1,341.55 dollars<\/strong> <a href=\"https:\/\/www.gold.fr\/once-or-nyc\/\" target=\"_blank\" rel=\"noopener noreferrer\">l&rsquo;once<\/a>.<\/p>\n<!-- AddThis Advanced Settings generic via filter on the_content --><!-- AddThis Share Buttons generic via filter on the_content -->","protected":false},"excerpt":{"rendered":"<p>La fin de la semaine derni\u00e8re avait \u00e9t\u00e9 particuli\u00e8rement mouvement\u00e9e, pour l&rsquo;ensemble des march\u00e9s d&rsquo;investissement. Deux banques centrales majeures (FED et BoJ) avaient en effet tenu leur r\u00e9union traditionnelle de politique mon\u00e9taire, cr\u00e9ant une ambiance d&rsquo;attentisme, [&hellip;]<\/p>\n","protected":false},"author":18,"featured_media":4859,"comment_status":"closed","ping_status":"closed","sticky":false,"template":"","format":"standard","meta":{"_mbp_gutenberg_autopost":false,"_pgmb_is_evergreen":false,"_pgmb_ap_template_id":0,"footnotes":""},"categories":[5],"tags":[766,314,105],"ppma_author":[2565],"class_list":["post-20156","post","type-post","status-publish","format-standard","has-post-thumbnail","hentry","category-flash-infos","tag-baisse-cours-de-lor","tag-depreciation","tag-marche"],"yoast_head":"<!-- This site is optimized with the Yoast SEO plugin v27.5 - https:\/\/yoast.com\/product\/yoast-seo-wordpress\/ -->\n<title>D\u00e9but de semaine pr\u00e9caire sur les march\u00e9s, et \u00e9quilibre de l&#039;once<\/title>\n<meta name=\"description\" content=\"La fin de la semaine derni\u00e8re avait \u00e9t\u00e9 particuli\u00e8rement mouvement\u00e9e, pour l&#039;ensemble des march\u00e9s d&#039;investissement. Deux banques centrales...\" \/>\n<meta name=\"robots\" content=\"index, follow, max-snippet:-1, max-image-preview:large, max-video-preview:-1\" \/>\n<link rel=\"canonical\" href=\"https:\/\/www.gold.fr\/news\/2016\/09\/26\/debut-de-semaine-precaire-marches-equilibre-de-lonce\/\" \/>\n<meta property=\"og:locale\" content=\"fr_FR\" \/>\n<meta property=\"og:type\" content=\"article\" \/>\n<meta property=\"og:title\" content=\"D\u00e9but de semaine pr\u00e9caire sur les march\u00e9s, et \u00e9quilibre de l&#039;once\" \/>\n<meta property=\"og:description\" content=\"La fin de la semaine derni\u00e8re avait \u00e9t\u00e9 particuli\u00e8rement mouvement\u00e9e, pour l&#039;ensemble des march\u00e9s d&#039;investissement. Deux banques centrales...\" \/>\n<meta property=\"og:url\" content=\"https:\/\/www.gold.fr\/news\/2016\/09\/26\/debut-de-semaine-precaire-marches-equilibre-de-lonce\/\" \/>\n<meta property=\"og:site_name\" content=\"Gold.fr\" \/>\n<meta property=\"article:publisher\" content=\"https:\/\/www.facebook.com\/Goldfr\/\" \/>\n<meta property=\"article:published_time\" content=\"2016-09-26T11:00:14+00:00\" \/>\n<meta property=\"article:modified_time\" content=\"2021-01-13T13:16:34+00:00\" \/>\n<meta property=\"og:image\" content=\"https:\/\/www.gold.fr\/news\/wp-content\/uploads\/2012\/01\/balance-dor.jpg\" \/>\n\t<meta property=\"og:image:width\" content=\"338\" \/>\n\t<meta property=\"og:image:height\" content=\"506\" \/>\n\t<meta property=\"og:image:type\" content=\"image\/jpeg\" \/>\n<meta name=\"author\" content=\"Comptoir National de l&#039;Or\" \/>\n<meta name=\"twitter:card\" content=\"summary_large_image\" \/>\n<meta name=\"twitter:label1\" content=\"\u00c9crit par\" \/>\n\t<meta name=\"twitter:data1\" content=\"Comptoir National de l&#039;Or\" \/>\n\t<meta name=\"twitter:label2\" content=\"Dur\u00e9e de lecture estim\u00e9e\" \/>\n\t<meta name=\"twitter:data2\" content=\"1 minute\" \/>\n<script type=\"application\/ld+json\" class=\"yoast-schema-graph\">{\"@context\":\"https:\\\/\\\/schema.org\",\"@graph\":[{\"@type\":\"Article\",\"@id\":\"https:\\\/\\\/www.gold.fr\\\/news\\\/2016\\\/09\\\/26\\\/debut-de-semaine-precaire-marches-equilibre-de-lonce\\\/#article\",\"isPartOf\":{\"@id\":\"https:\\\/\\\/www.gold.fr\\\/news\\\/2016\\\/09\\\/26\\\/debut-de-semaine-precaire-marches-equilibre-de-lonce\\\/\"},\"author\":{\"name\":\"Comptoir National de l'Or\",\"@id\":\"https:\\\/\\\/www.gold.fr\\\/news\\\/#\\\/schema\\\/person\\\/070491b4b4fb7671bf59b3be20302ce9\"},\"headline\":\"D\u00e9but de semaine pr\u00e9caire sur les march\u00e9s, et \u00e9quilibre de l&rsquo;once\",\"datePublished\":\"2016-09-26T11:00:14+00:00\",\"dateModified\":\"2021-01-13T13:16:34+00:00\",\"mainEntityOfPage\":{\"@id\":\"https:\\\/\\\/www.gold.fr\\\/news\\\/2016\\\/09\\\/26\\\/debut-de-semaine-precaire-marches-equilibre-de-lonce\\\/\"},\"wordCount\":325,\"image\":{\"@id\":\"https:\\\/\\\/www.gold.fr\\\/news\\\/2016\\\/09\\\/26\\\/debut-de-semaine-precaire-marches-equilibre-de-lonce\\\/#primaryimage\"},\"thumbnailUrl\":\"https:\\\/\\\/www.gold.fr\\\/news\\\/wp-content\\\/uploads\\\/2012\\\/01\\\/balance-dor.jpg\",\"keywords\":[\"baisse cours de l'Or\",\"depreciation\",\"march\u00e9\"],\"articleSection\":[\"Flash infos\"],\"inLanguage\":\"fr-FR\"},{\"@type\":\"WebPage\",\"@id\":\"https:\\\/\\\/www.gold.fr\\\/news\\\/2016\\\/09\\\/26\\\/debut-de-semaine-precaire-marches-equilibre-de-lonce\\\/\",\"url\":\"https:\\\/\\\/www.gold.fr\\\/news\\\/2016\\\/09\\\/26\\\/debut-de-semaine-precaire-marches-equilibre-de-lonce\\\/\",\"name\":\"D\u00e9but de semaine pr\u00e9caire sur les march\u00e9s, et \u00e9quilibre de l'once\",\"isPartOf\":{\"@id\":\"https:\\\/\\\/www.gold.fr\\\/news\\\/#website\"},\"primaryImageOfPage\":{\"@id\":\"https:\\\/\\\/www.gold.fr\\\/news\\\/2016\\\/09\\\/26\\\/debut-de-semaine-precaire-marches-equilibre-de-lonce\\\/#primaryimage\"},\"image\":{\"@id\":\"https:\\\/\\\/www.gold.fr\\\/news\\\/2016\\\/09\\\/26\\\/debut-de-semaine-precaire-marches-equilibre-de-lonce\\\/#primaryimage\"},\"thumbnailUrl\":\"https:\\\/\\\/www.gold.fr\\\/news\\\/wp-content\\\/uploads\\\/2012\\\/01\\\/balance-dor.jpg\",\"datePublished\":\"2016-09-26T11:00:14+00:00\",\"dateModified\":\"2021-01-13T13:16:34+00:00\",\"author\":{\"@id\":\"https:\\\/\\\/www.gold.fr\\\/news\\\/#\\\/schema\\\/person\\\/070491b4b4fb7671bf59b3be20302ce9\"},\"description\":\"La fin de la semaine derni\u00e8re avait \u00e9t\u00e9 particuli\u00e8rement mouvement\u00e9e, pour l'ensemble des march\u00e9s d'investissement. Deux banques centrales...\",\"breadcrumb\":{\"@id\":\"https:\\\/\\\/www.gold.fr\\\/news\\\/2016\\\/09\\\/26\\\/debut-de-semaine-precaire-marches-equilibre-de-lonce\\\/#breadcrumb\"},\"inLanguage\":\"fr-FR\",\"potentialAction\":[{\"@type\":\"ReadAction\",\"target\":[\"https:\\\/\\\/www.gold.fr\\\/news\\\/2016\\\/09\\\/26\\\/debut-de-semaine-precaire-marches-equilibre-de-lonce\\\/\"]}]},{\"@type\":\"ImageObject\",\"inLanguage\":\"fr-FR\",\"@id\":\"https:\\\/\\\/www.gold.fr\\\/news\\\/2016\\\/09\\\/26\\\/debut-de-semaine-precaire-marches-equilibre-de-lonce\\\/#primaryimage\",\"url\":\"https:\\\/\\\/www.gold.fr\\\/news\\\/wp-content\\\/uploads\\\/2012\\\/01\\\/balance-dor.jpg\",\"contentUrl\":\"https:\\\/\\\/www.gold.fr\\\/news\\\/wp-content\\\/uploads\\\/2012\\\/01\\\/balance-dor.jpg\",\"width\":\"338\",\"height\":\"506\",\"caption\":\"L\u2019once stable en ce d\u00e9but de semaine\"},{\"@type\":\"BreadcrumbList\",\"@id\":\"https:\\\/\\\/www.gold.fr\\\/news\\\/2016\\\/09\\\/26\\\/debut-de-semaine-precaire-marches-equilibre-de-lonce\\\/#breadcrumb\",\"itemListElement\":[{\"@type\":\"ListItem\",\"position\":1,\"name\":\"Accueil\",\"item\":\"https:\\\/\\\/www.gold.fr\\\/\"},{\"@type\":\"ListItem\",\"position\":2,\"name\":\"Actualit\u00e9s\",\"item\":\"https:\\\/\\\/www.gold.fr\\\/news\\\/\"},{\"@type\":\"ListItem\",\"position\":3,\"name\":\"D\u00e9but de semaine pr\u00e9caire sur les march\u00e9s, et \u00e9quilibre de l&rsquo;once\"}]},{\"@type\":\"WebSite\",\"@id\":\"https:\\\/\\\/www.gold.fr\\\/news\\\/#website\",\"url\":\"https:\\\/\\\/www.gold.fr\\\/news\\\/\",\"name\":\"Gold.fr\",\"description\":\"Actualit\u00e9s de l&#039;Or et des m\u00e9taux pr\u00e9cieux\",\"potentialAction\":[{\"@type\":\"SearchAction\",\"target\":{\"@type\":\"EntryPoint\",\"urlTemplate\":\"https:\\\/\\\/www.gold.fr\\\/news\\\/?s={search_term_string}\"},\"query-input\":{\"@type\":\"PropertyValueSpecification\",\"valueRequired\":true,\"valueName\":\"search_term_string\"}}],\"inLanguage\":\"fr-FR\"},{\"@type\":\"Person\",\"@id\":\"https:\\\/\\\/www.gold.fr\\\/news\\\/#\\\/schema\\\/person\\\/070491b4b4fb7671bf59b3be20302ce9\",\"name\":\"Comptoir National de l'Or\",\"image\":{\"@type\":\"ImageObject\",\"inLanguage\":\"fr-FR\",\"@id\":\"https:\\\/\\\/secure.gravatar.com\\\/avatar\\\/0a2867fd5abe37bed95d5a65e9d58f01756e11efc68af9888dfc50cfa7f65948?s=96&d=mm&r=gb490554db0a38188709de567aa58480d\",\"url\":\"https:\\\/\\\/secure.gravatar.com\\\/avatar\\\/0a2867fd5abe37bed95d5a65e9d58f01756e11efc68af9888dfc50cfa7f65948?s=96&d=mm&r=g\",\"contentUrl\":\"https:\\\/\\\/secure.gravatar.com\\\/avatar\\\/0a2867fd5abe37bed95d5a65e9d58f01756e11efc68af9888dfc50cfa7f65948?s=96&d=mm&r=g\",\"caption\":\"Comptoir National de l'Or\"},\"description\":\"Notre r\u00e9daction est constitu\u00e9e de membres experts dans les m\u00e9tiers de l'\u00e9conomie et la gestion, des Responsables d'agence Comptoir National de l'Or, des analystes financiers qui publient r\u00e9guli\u00e8rement des \u00e9tudes sur les politiques des banques centrales, le cours de l'or, prix de l'or, cours de l'argent, prix de l'argent, cours du platine, cours du palladium,... la situation en zone euro et l'impact de la strat\u00e9gie mon\u00e9taire de la FED. Notre \u00e9quipe scrute \u00e9galement une information plus g\u00e9n\u00e9raliste \u00e0 la recherche d'actualit\u00e9 \\\"p\u00e9pite\\\" \u00e0 vous partager. Depuis 5 ans, nous avons publi\u00e9 un peu plus de 4000 articles qui s'adressent \u00e0 un public large et vari\u00e9 ayant pour objectif de satisfaire votre curiosit\u00e9 et de partager avec vous une certaine fascination pour le m\u00e9tal jaune, le rachat d'or, et pour ceux qui veulent investir dans l'or, vendre leur or tout simplement en savoir plus... Pour tous vos achat or et argent, n'h\u00e9sitez pas \u00e0 prendre rendez-vous dans l'un de nos nombreux comptoirs.\",\"sameAs\":[\"https:\\\/\\\/www.gold.fr\"]}]}<\/script>\n<!-- \/ Yoast SEO plugin. -->","yoast_head_json":{"title":"D\u00e9but de semaine pr\u00e9caire sur les march\u00e9s, et \u00e9quilibre de l'once","description":"La fin de la semaine derni\u00e8re avait \u00e9t\u00e9 particuli\u00e8rement mouvement\u00e9e, pour l'ensemble des march\u00e9s d'investissement. Deux banques centrales...","robots":{"index":"index","follow":"follow","max-snippet":"max-snippet:-1","max-image-preview":"max-image-preview:large","max-video-preview":"max-video-preview:-1"},"canonical":"https:\/\/www.gold.fr\/news\/2016\/09\/26\/debut-de-semaine-precaire-marches-equilibre-de-lonce\/","og_locale":"fr_FR","og_type":"article","og_title":"D\u00e9but de semaine pr\u00e9caire sur les march\u00e9s, et \u00e9quilibre de l'once","og_description":"La fin de la semaine derni\u00e8re avait \u00e9t\u00e9 particuli\u00e8rement mouvement\u00e9e, pour l'ensemble des march\u00e9s d'investissement. Deux banques centrales...","og_url":"https:\/\/www.gold.fr\/news\/2016\/09\/26\/debut-de-semaine-precaire-marches-equilibre-de-lonce\/","og_site_name":"Gold.fr","article_publisher":"https:\/\/www.facebook.com\/Goldfr\/","article_published_time":"2016-09-26T11:00:14+00:00","article_modified_time":"2021-01-13T13:16:34+00:00","og_image":[{"width":338,"height":506,"url":"https:\/\/www.gold.fr\/news\/wp-content\/uploads\/2012\/01\/balance-dor.jpg","type":"image\/jpeg"}],"author":"Comptoir National de l'Or","twitter_card":"summary_large_image","twitter_misc":{"\u00c9crit par":"Comptoir National de l'Or","Dur\u00e9e de lecture estim\u00e9e":"1 minute"},"schema":{"@context":"https:\/\/schema.org","@graph":[{"@type":"Article","@id":"https:\/\/www.gold.fr\/news\/2016\/09\/26\/debut-de-semaine-precaire-marches-equilibre-de-lonce\/#article","isPartOf":{"@id":"https:\/\/www.gold.fr\/news\/2016\/09\/26\/debut-de-semaine-precaire-marches-equilibre-de-lonce\/"},"author":{"name":"Comptoir National de l'Or","@id":"https:\/\/www.gold.fr\/news\/#\/schema\/person\/070491b4b4fb7671bf59b3be20302ce9"},"headline":"D\u00e9but de semaine pr\u00e9caire sur les march\u00e9s, et \u00e9quilibre de l&rsquo;once","datePublished":"2016-09-26T11:00:14+00:00","dateModified":"2021-01-13T13:16:34+00:00","mainEntityOfPage":{"@id":"https:\/\/www.gold.fr\/news\/2016\/09\/26\/debut-de-semaine-precaire-marches-equilibre-de-lonce\/"},"wordCount":325,"image":{"@id":"https:\/\/www.gold.fr\/news\/2016\/09\/26\/debut-de-semaine-precaire-marches-equilibre-de-lonce\/#primaryimage"},"thumbnailUrl":"https:\/\/www.gold.fr\/news\/wp-content\/uploads\/2012\/01\/balance-dor.jpg","keywords":["baisse cours de l'Or","depreciation","march\u00e9"],"articleSection":["Flash infos"],"inLanguage":"fr-FR"},{"@type":"WebPage","@id":"https:\/\/www.gold.fr\/news\/2016\/09\/26\/debut-de-semaine-precaire-marches-equilibre-de-lonce\/","url":"https:\/\/www.gold.fr\/news\/2016\/09\/26\/debut-de-semaine-precaire-marches-equilibre-de-lonce\/","name":"D\u00e9but de semaine pr\u00e9caire sur les march\u00e9s, et \u00e9quilibre de l'once","isPartOf":{"@id":"https:\/\/www.gold.fr\/news\/#website"},"primaryImageOfPage":{"@id":"https:\/\/www.gold.fr\/news\/2016\/09\/26\/debut-de-semaine-precaire-marches-equilibre-de-lonce\/#primaryimage"},"image":{"@id":"https:\/\/www.gold.fr\/news\/2016\/09\/26\/debut-de-semaine-precaire-marches-equilibre-de-lonce\/#primaryimage"},"thumbnailUrl":"https:\/\/www.gold.fr\/news\/wp-content\/uploads\/2012\/01\/balance-dor.jpg","datePublished":"2016-09-26T11:00:14+00:00","dateModified":"2021-01-13T13:16:34+00:00","author":{"@id":"https:\/\/www.gold.fr\/news\/#\/schema\/person\/070491b4b4fb7671bf59b3be20302ce9"},"description":"La fin de la semaine derni\u00e8re avait \u00e9t\u00e9 particuli\u00e8rement mouvement\u00e9e, pour l'ensemble des march\u00e9s d'investissement. Deux banques centrales...","breadcrumb":{"@id":"https:\/\/www.gold.fr\/news\/2016\/09\/26\/debut-de-semaine-precaire-marches-equilibre-de-lonce\/#breadcrumb"},"inLanguage":"fr-FR","potentialAction":[{"@type":"ReadAction","target":["https:\/\/www.gold.fr\/news\/2016\/09\/26\/debut-de-semaine-precaire-marches-equilibre-de-lonce\/"]}]},{"@type":"ImageObject","inLanguage":"fr-FR","@id":"https:\/\/www.gold.fr\/news\/2016\/09\/26\/debut-de-semaine-precaire-marches-equilibre-de-lonce\/#primaryimage","url":"https:\/\/www.gold.fr\/news\/wp-content\/uploads\/2012\/01\/balance-dor.jpg","contentUrl":"https:\/\/www.gold.fr\/news\/wp-content\/uploads\/2012\/01\/balance-dor.jpg","width":"338","height":"506","caption":"L\u2019once stable en ce d\u00e9but de semaine"},{"@type":"BreadcrumbList","@id":"https:\/\/www.gold.fr\/news\/2016\/09\/26\/debut-de-semaine-precaire-marches-equilibre-de-lonce\/#breadcrumb","itemListElement":[{"@type":"ListItem","position":1,"name":"Accueil","item":"https:\/\/www.gold.fr\/"},{"@type":"ListItem","position":2,"name":"Actualit\u00e9s","item":"https:\/\/www.gold.fr\/news\/"},{"@type":"ListItem","position":3,"name":"D\u00e9but de semaine pr\u00e9caire sur les march\u00e9s, et \u00e9quilibre de l&rsquo;once"}]},{"@type":"WebSite","@id":"https:\/\/www.gold.fr\/news\/#website","url":"https:\/\/www.gold.fr\/news\/","name":"Gold.fr","description":"Actualit\u00e9s de l&#039;Or et des m\u00e9taux pr\u00e9cieux","potentialAction":[{"@type":"SearchAction","target":{"@type":"EntryPoint","urlTemplate":"https:\/\/www.gold.fr\/news\/?s={search_term_string}"},"query-input":{"@type":"PropertyValueSpecification","valueRequired":true,"valueName":"search_term_string"}}],"inLanguage":"fr-FR"},{"@type":"Person","@id":"https:\/\/www.gold.fr\/news\/#\/schema\/person\/070491b4b4fb7671bf59b3be20302ce9","name":"Comptoir National de l'Or","image":{"@type":"ImageObject","inLanguage":"fr-FR","@id":"https:\/\/secure.gravatar.com\/avatar\/0a2867fd5abe37bed95d5a65e9d58f01756e11efc68af9888dfc50cfa7f65948?s=96&d=mm&r=gb490554db0a38188709de567aa58480d","url":"https:\/\/secure.gravatar.com\/avatar\/0a2867fd5abe37bed95d5a65e9d58f01756e11efc68af9888dfc50cfa7f65948?s=96&d=mm&r=g","contentUrl":"https:\/\/secure.gravatar.com\/avatar\/0a2867fd5abe37bed95d5a65e9d58f01756e11efc68af9888dfc50cfa7f65948?s=96&d=mm&r=g","caption":"Comptoir National de l'Or"},"description":"Notre r\u00e9daction est constitu\u00e9e de membres experts dans les m\u00e9tiers de l'\u00e9conomie et la gestion, des Responsables d'agence Comptoir National de l'Or, des analystes financiers qui publient r\u00e9guli\u00e8rement des \u00e9tudes sur les politiques des banques centrales, le cours de l'or, prix de l'or, cours de l'argent, prix de l'argent, cours du platine, cours du palladium,... la situation en zone euro et l'impact de la strat\u00e9gie mon\u00e9taire de la FED. Notre \u00e9quipe scrute \u00e9galement une information plus g\u00e9n\u00e9raliste \u00e0 la recherche d'actualit\u00e9 \"p\u00e9pite\" \u00e0 vous partager. Depuis 5 ans, nous avons publi\u00e9 un peu plus de 4000 articles qui s'adressent \u00e0 un public large et vari\u00e9 ayant pour objectif de satisfaire votre curiosit\u00e9 et de partager avec vous une certaine fascination pour le m\u00e9tal jaune, le rachat d'or, et pour ceux qui veulent investir dans l'or, vendre leur or tout simplement en savoir plus... Pour tous vos achat or et argent, n'h\u00e9sitez pas \u00e0 prendre rendez-vous dans l'un de nos nombreux comptoirs.","sameAs":["https:\/\/www.gold.fr"]}]}},"authors":[{"term_id":2565,"user_id":18,"is_guest":0,"slug":"julie","display_name":"Comptoir National de l'Or","avatar_url":"https:\/\/secure.gravatar.com\/avatar\/713f289e398d35ead876c4a4cc08607f0d6d266058cfc25683fffb6092d0e572?s=96&d=mm&r=g","0":null,"1":"","2":"","3":"","4":"","5":"","6":"","7":"","8":""}],"_links":{"self":[{"href":"https:\/\/www.gold.fr\/news\/wp-json\/wp\/v2\/posts\/20156","targetHints":{"allow":["GET"]}}],"collection":[{"href":"https:\/\/www.gold.fr\/news\/wp-json\/wp\/v2\/posts"}],"about":[{"href":"https:\/\/www.gold.fr\/news\/wp-json\/wp\/v2\/types\/post"}],"author":[{"embeddable":true,"href":"https:\/\/www.gold.fr\/news\/wp-json\/wp\/v2\/users\/18"}],"replies":[{"embeddable":true,"href":"https:\/\/www.gold.fr\/news\/wp-json\/wp\/v2\/comments?post=20156"}],"version-history":[{"count":0,"href":"https:\/\/www.gold.fr\/news\/wp-json\/wp\/v2\/posts\/20156\/revisions"}],"wp:featuredmedia":[{"embeddable":true,"href":"https:\/\/www.gold.fr\/news\/wp-json\/wp\/v2\/media\/4859"}],"wp:attachment":[{"href":"https:\/\/www.gold.fr\/news\/wp-json\/wp\/v2\/media?parent=20156"}],"wp:term":[{"taxonomy":"category","embeddable":true,"href":"https:\/\/www.gold.fr\/news\/wp-json\/wp\/v2\/categories?post=20156"},{"taxonomy":"post_tag","embeddable":true,"href":"https:\/\/www.gold.fr\/news\/wp-json\/wp\/v2\/tags?post=20156"},{"taxonomy":"author","embeddable":true,"href":"https:\/\/www.gold.fr\/news\/wp-json\/wp\/v2\/ppma_author?post=20156"}],"curies":[{"name":"wp","href":"https:\/\/api.w.org\/{rel}","templated":true}]}}