{"id":20139,"date":"2016-09-20T13:00:59","date_gmt":"2016-09-20T11:00:59","guid":{"rendered":"https:\/\/www.gold.fr\/news\/?p=20139"},"modified":"2021-01-13T14:56:36","modified_gmt":"2021-01-13T13:56:36","slug":"lor-redresse-barre-fond-dattentisme-us","status":"publish","type":"post","link":"https:\/\/www.gold.fr\/news\/2016\/09\/20\/lor-redresse-barre-fond-dattentisme-us\/","title":{"rendered":"L&rsquo;or redresse la barre, sur fond d&rsquo;attentisme US"},"content":{"rendered":"<p><img loading=\"lazy\" decoding=\"async\" class=\"alignleft wp-image-3312 size-thumbnail\" title=\"L'or redresse la barre, sur fond d'attentisme US\" src=\"https:\/\/www.gold.fr\/news\/wp-content\/uploads\/2011\/11\/5977-000176-150x150.jpg\" alt=\"L'or redresse la barre, sur fond d'attentisme US\" width=\"150\" height=\"150\" \/>La semaine sera particuli\u00e8rement tendue, sur la rive am\u00e9ricaine, et l&rsquo;ambiance des march\u00e9s boursiers s&rsquo;en fait d\u00e9j\u00e0 ressentir. Une chose est sure; d&rsquo;ici la fin de la semaine, le calendrier \u00e9conomique devrait fournir aux march\u00e9s -sinon un solide catalyseur- tout du moins une orientation claire.<\/p>\n<p>Pour l&rsquo;heure, le mouvement de stabilisation se poursuit, sur les principales places boursi\u00e8res, apr\u00e8s une fin de semaine bien morose, vendredi dernier. Les op\u00e9rateurs sont essentiellement attentistes, mais demeurent \u00e9galement assez confiants. les analystes de <strong>Saxo Banques<\/strong> notaient hier qu&rsquo;il ne s&rsquo;agissait pas \u00ab\u00a0<em>de nier qu&rsquo;il y a un r\u00e9el probl\u00e8me de liquidit\u00e9 et de fourniture en dollar am\u00e9ricain sur le march\u00e9, mais ce n&rsquo;est pas \u00e0 ce jour le d\u00e9clencheur des tensions qu&rsquo;on peut constater. Pas de raison<\/em> (pour le moment) <em>de paniquer \u00bb<\/em>.<\/p>\n<p>En tout cas, c\u00f4t\u00e9 statistique, c&rsquo;est le calme plat; aucune donn\u00e9e macro\u00e9conomique majeure n&rsquo;est attendue pour publication d&rsquo;ici mercredi, date de la r\u00e9v\u00e9lation du communiqu\u00e9 officiel du <strong>FOMC<\/strong>. Et le meeting du comit\u00e9 ne sera pas le seul \u00e9v\u00e9nement <strong>FED<\/strong> \u00e0 monopoliser l&rsquo;attention, cette semaine; la journ\u00e9e de vendredi sera marqu\u00e9e par la tenue d&rsquo;un panel des pr\u00e9sidents r\u00e9gionaux de la <strong>FED<\/strong> qui s&rsquo;exprimeront, \u00e0 cette occasion, concernant le climat \u00e9conomique de leurs r\u00e9gions mais aussi du pays. Rappelons \u00e9galement que la <strong>BoJ<\/strong> (Bank of Japan) se r\u00e9unira ce jour m\u00eame, ce qui devrait donc causer une fin de semaine assez mouvement\u00e9e.<\/p>\n<p>En attendant, l&rsquo;<a class=\"esk-seo-plu-link\" href=\"https:\/\/www.gold.fr\/news\/tags\/or\">or<\/a> ouvre la s\u00e9ance de ce <strong>mardi 20 septembre 2016<\/strong> avec un <a href=\"https:\/\/www.gold.fr\/cours-or-prix-de-l-or\/\" target=\"_blank\" rel=\"noopener noreferrer\">cours<\/a> relativement haussier de <strong>1,319.40 dollars<\/strong> <a href=\"https:\/\/www.gold.fr\/once-or-nyc\/\" target=\"_blank\" rel=\"noopener noreferrer\">l&rsquo;once<\/a>.<\/p>\n<!-- AddThis Advanced Settings generic via filter on the_content --><!-- AddThis Share Buttons generic via filter on the_content -->","protected":false},"excerpt":{"rendered":"<p>La semaine sera particuli\u00e8rement tendue, sur la rive am\u00e9ricaine, et l&rsquo;ambiance des march\u00e9s boursiers s&rsquo;en fait d\u00e9j\u00e0 ressentir. Une chose est sure; d&rsquo;ici la fin de la semaine, le calendrier \u00e9conomique devrait fournir aux march\u00e9s -sinon [&hellip;]<\/p>\n","protected":false},"author":18,"featured_media":3312,"comment_status":"closed","ping_status":"closed","sticky":false,"template":"","format":"standard","meta":{"_mbp_gutenberg_autopost":false,"_pgmb_is_evergreen":false,"_pgmb_ap_template_id":0,"footnotes":""},"categories":[5],"tags":[2355,76],"ppma_author":[2565],"class_list":["post-20139","post","type-post","status-publish","format-standard","has-post-thumbnail","hentry","category-flash-infos","tag-americain","tag-or"],"yoast_head":"<!-- This site is optimized with the Yoast SEO plugin v27.5 - https:\/\/yoast.com\/product\/yoast-seo-wordpress\/ -->\n<title>L&#039;or redresse la barre, sur fond d&#039;attentisme US<\/title>\n<meta name=\"description\" content=\"La semaine sera particuli\u00e8rement tendue, sur la rive am\u00e9ricaine, et l&#039;ambiance des march\u00e9s boursiers s&#039;en fait d\u00e9j\u00e0 ressentir. Une chose ...\" \/>\n<meta name=\"robots\" content=\"index, follow, max-snippet:-1, max-image-preview:large, max-video-preview:-1\" \/>\n<link rel=\"canonical\" href=\"https:\/\/www.gold.fr\/news\/2016\/09\/20\/lor-redresse-barre-fond-dattentisme-us\/\" \/>\n<meta property=\"og:locale\" content=\"fr_FR\" \/>\n<meta property=\"og:type\" content=\"article\" \/>\n<meta property=\"og:title\" content=\"L&#039;or redresse la barre, sur fond d&#039;attentisme US\" \/>\n<meta property=\"og:description\" content=\"La semaine sera particuli\u00e8rement tendue, sur la rive am\u00e9ricaine, et l&#039;ambiance des march\u00e9s boursiers s&#039;en fait d\u00e9j\u00e0 ressentir. Une chose ...\" \/>\n<meta property=\"og:url\" content=\"https:\/\/www.gold.fr\/news\/2016\/09\/20\/lor-redresse-barre-fond-dattentisme-us\/\" \/>\n<meta property=\"og:site_name\" content=\"Gold.fr\" \/>\n<meta property=\"article:publisher\" content=\"https:\/\/www.facebook.com\/Goldfr\/\" \/>\n<meta property=\"article:published_time\" content=\"2016-09-20T11:00:59+00:00\" \/>\n<meta property=\"article:modified_time\" content=\"2021-01-13T13:56:36+00:00\" \/>\n<meta property=\"og:image\" content=\"https:\/\/www.gold.fr\/news\/wp-content\/uploads\/2011\/11\/5977-000176.jpg\" \/>\n\t<meta property=\"og:image:width\" content=\"600\" \/>\n\t<meta property=\"og:image:height\" content=\"392\" \/>\n\t<meta property=\"og:image:type\" content=\"image\/jpeg\" \/>\n<meta name=\"author\" content=\"Comptoir National de l&#039;Or\" \/>\n<meta name=\"twitter:card\" content=\"summary_large_image\" \/>\n<meta name=\"twitter:label1\" content=\"\u00c9crit par\" \/>\n\t<meta name=\"twitter:data1\" content=\"Comptoir National de l&#039;Or\" \/>\n\t<meta name=\"twitter:label2\" content=\"Dur\u00e9e de lecture estim\u00e9e\" \/>\n\t<meta name=\"twitter:data2\" content=\"1 minute\" \/>\n<script type=\"application\/ld+json\" class=\"yoast-schema-graph\">{\"@context\":\"https:\\\/\\\/schema.org\",\"@graph\":[{\"@type\":\"Article\",\"@id\":\"https:\\\/\\\/www.gold.fr\\\/news\\\/2016\\\/09\\\/20\\\/lor-redresse-barre-fond-dattentisme-us\\\/#article\",\"isPartOf\":{\"@id\":\"https:\\\/\\\/www.gold.fr\\\/news\\\/2016\\\/09\\\/20\\\/lor-redresse-barre-fond-dattentisme-us\\\/\"},\"author\":{\"name\":\"Comptoir National de l'Or\",\"@id\":\"https:\\\/\\\/www.gold.fr\\\/news\\\/#\\\/schema\\\/person\\\/070491b4b4fb7671bf59b3be20302ce9\"},\"headline\":\"L&rsquo;or redresse la barre, sur fond d&rsquo;attentisme US\",\"datePublished\":\"2016-09-20T11:00:59+00:00\",\"dateModified\":\"2021-01-13T13:56:36+00:00\",\"mainEntityOfPage\":{\"@id\":\"https:\\\/\\\/www.gold.fr\\\/news\\\/2016\\\/09\\\/20\\\/lor-redresse-barre-fond-dattentisme-us\\\/\"},\"wordCount\":300,\"image\":{\"@id\":\"https:\\\/\\\/www.gold.fr\\\/news\\\/2016\\\/09\\\/20\\\/lor-redresse-barre-fond-dattentisme-us\\\/#primaryimage\"},\"thumbnailUrl\":\"https:\\\/\\\/www.gold.fr\\\/news\\\/wp-content\\\/uploads\\\/2011\\\/11\\\/5977-000176.jpg\",\"keywords\":[\"am\u00e9ricain\",\"Or\"],\"articleSection\":[\"Flash infos\"],\"inLanguage\":\"fr-FR\"},{\"@type\":\"WebPage\",\"@id\":\"https:\\\/\\\/www.gold.fr\\\/news\\\/2016\\\/09\\\/20\\\/lor-redresse-barre-fond-dattentisme-us\\\/\",\"url\":\"https:\\\/\\\/www.gold.fr\\\/news\\\/2016\\\/09\\\/20\\\/lor-redresse-barre-fond-dattentisme-us\\\/\",\"name\":\"L'or redresse la barre, sur fond d'attentisme US\",\"isPartOf\":{\"@id\":\"https:\\\/\\\/www.gold.fr\\\/news\\\/#website\"},\"primaryImageOfPage\":{\"@id\":\"https:\\\/\\\/www.gold.fr\\\/news\\\/2016\\\/09\\\/20\\\/lor-redresse-barre-fond-dattentisme-us\\\/#primaryimage\"},\"image\":{\"@id\":\"https:\\\/\\\/www.gold.fr\\\/news\\\/2016\\\/09\\\/20\\\/lor-redresse-barre-fond-dattentisme-us\\\/#primaryimage\"},\"thumbnailUrl\":\"https:\\\/\\\/www.gold.fr\\\/news\\\/wp-content\\\/uploads\\\/2011\\\/11\\\/5977-000176.jpg\",\"datePublished\":\"2016-09-20T11:00:59+00:00\",\"dateModified\":\"2021-01-13T13:56:36+00:00\",\"author\":{\"@id\":\"https:\\\/\\\/www.gold.fr\\\/news\\\/#\\\/schema\\\/person\\\/070491b4b4fb7671bf59b3be20302ce9\"},\"description\":\"La semaine sera particuli\u00e8rement tendue, sur la rive am\u00e9ricaine, et l'ambiance des march\u00e9s boursiers s'en fait d\u00e9j\u00e0 ressentir. Une chose ...\",\"breadcrumb\":{\"@id\":\"https:\\\/\\\/www.gold.fr\\\/news\\\/2016\\\/09\\\/20\\\/lor-redresse-barre-fond-dattentisme-us\\\/#breadcrumb\"},\"inLanguage\":\"fr-FR\",\"potentialAction\":[{\"@type\":\"ReadAction\",\"target\":[\"https:\\\/\\\/www.gold.fr\\\/news\\\/2016\\\/09\\\/20\\\/lor-redresse-barre-fond-dattentisme-us\\\/\"]}]},{\"@type\":\"ImageObject\",\"inLanguage\":\"fr-FR\",\"@id\":\"https:\\\/\\\/www.gold.fr\\\/news\\\/2016\\\/09\\\/20\\\/lor-redresse-barre-fond-dattentisme-us\\\/#primaryimage\",\"url\":\"https:\\\/\\\/www.gold.fr\\\/news\\\/wp-content\\\/uploads\\\/2011\\\/11\\\/5977-000176.jpg\",\"contentUrl\":\"https:\\\/\\\/www.gold.fr\\\/news\\\/wp-content\\\/uploads\\\/2011\\\/11\\\/5977-000176.jpg\",\"width\":\"600\",\"height\":\"392\",\"caption\":\"L'or redresse la barre, sur fond d'attentisme US\"},{\"@type\":\"BreadcrumbList\",\"@id\":\"https:\\\/\\\/www.gold.fr\\\/news\\\/2016\\\/09\\\/20\\\/lor-redresse-barre-fond-dattentisme-us\\\/#breadcrumb\",\"itemListElement\":[{\"@type\":\"ListItem\",\"position\":1,\"name\":\"Accueil\",\"item\":\"https:\\\/\\\/www.gold.fr\\\/\"},{\"@type\":\"ListItem\",\"position\":2,\"name\":\"Actualit\u00e9s\",\"item\":\"https:\\\/\\\/www.gold.fr\\\/news\\\/\"},{\"@type\":\"ListItem\",\"position\":3,\"name\":\"L&rsquo;or redresse la barre, sur fond d&rsquo;attentisme US\"}]},{\"@type\":\"WebSite\",\"@id\":\"https:\\\/\\\/www.gold.fr\\\/news\\\/#website\",\"url\":\"https:\\\/\\\/www.gold.fr\\\/news\\\/\",\"name\":\"Gold.fr\",\"description\":\"Actualit\u00e9s de l&#039;Or et des m\u00e9taux pr\u00e9cieux\",\"potentialAction\":[{\"@type\":\"SearchAction\",\"target\":{\"@type\":\"EntryPoint\",\"urlTemplate\":\"https:\\\/\\\/www.gold.fr\\\/news\\\/?s={search_term_string}\"},\"query-input\":{\"@type\":\"PropertyValueSpecification\",\"valueRequired\":true,\"valueName\":\"search_term_string\"}}],\"inLanguage\":\"fr-FR\"},{\"@type\":\"Person\",\"@id\":\"https:\\\/\\\/www.gold.fr\\\/news\\\/#\\\/schema\\\/person\\\/070491b4b4fb7671bf59b3be20302ce9\",\"name\":\"Comptoir National de l'Or\",\"image\":{\"@type\":\"ImageObject\",\"inLanguage\":\"fr-FR\",\"@id\":\"https:\\\/\\\/secure.gravatar.com\\\/avatar\\\/0a2867fd5abe37bed95d5a65e9d58f01756e11efc68af9888dfc50cfa7f65948?s=96&d=mm&r=gb490554db0a38188709de567aa58480d\",\"url\":\"https:\\\/\\\/secure.gravatar.com\\\/avatar\\\/0a2867fd5abe37bed95d5a65e9d58f01756e11efc68af9888dfc50cfa7f65948?s=96&d=mm&r=g\",\"contentUrl\":\"https:\\\/\\\/secure.gravatar.com\\\/avatar\\\/0a2867fd5abe37bed95d5a65e9d58f01756e11efc68af9888dfc50cfa7f65948?s=96&d=mm&r=g\",\"caption\":\"Comptoir National de l'Or\"},\"description\":\"Notre r\u00e9daction est constitu\u00e9e de membres experts dans les m\u00e9tiers de l'\u00e9conomie et la gestion, des Responsables d'agence Comptoir National de l'Or, des analystes financiers qui publient r\u00e9guli\u00e8rement des \u00e9tudes sur les politiques des banques centrales, le cours de l'or, prix de l'or, cours de l'argent, prix de l'argent, cours du platine, cours du palladium,... la situation en zone euro et l'impact de la strat\u00e9gie mon\u00e9taire de la FED. Notre \u00e9quipe scrute \u00e9galement une information plus g\u00e9n\u00e9raliste \u00e0 la recherche d'actualit\u00e9 \\\"p\u00e9pite\\\" \u00e0 vous partager. Depuis 5 ans, nous avons publi\u00e9 un peu plus de 4000 articles qui s'adressent \u00e0 un public large et vari\u00e9 ayant pour objectif de satisfaire votre curiosit\u00e9 et de partager avec vous une certaine fascination pour le m\u00e9tal jaune, le rachat d'or, et pour ceux qui veulent investir dans l'or, vendre leur or tout simplement en savoir plus... Pour tous vos achat or et argent, n'h\u00e9sitez pas \u00e0 prendre rendez-vous dans l'un de nos nombreux comptoirs.\",\"sameAs\":[\"https:\\\/\\\/www.gold.fr\"]}]}<\/script>\n<!-- \/ Yoast SEO plugin. -->","yoast_head_json":{"title":"L'or redresse la barre, sur fond d'attentisme US","description":"La semaine sera particuli\u00e8rement tendue, sur la rive am\u00e9ricaine, et l'ambiance des march\u00e9s boursiers s'en fait d\u00e9j\u00e0 ressentir. Une chose ...","robots":{"index":"index","follow":"follow","max-snippet":"max-snippet:-1","max-image-preview":"max-image-preview:large","max-video-preview":"max-video-preview:-1"},"canonical":"https:\/\/www.gold.fr\/news\/2016\/09\/20\/lor-redresse-barre-fond-dattentisme-us\/","og_locale":"fr_FR","og_type":"article","og_title":"L'or redresse la barre, sur fond d'attentisme US","og_description":"La semaine sera particuli\u00e8rement tendue, sur la rive am\u00e9ricaine, et l'ambiance des march\u00e9s boursiers s'en fait d\u00e9j\u00e0 ressentir. Une chose ...","og_url":"https:\/\/www.gold.fr\/news\/2016\/09\/20\/lor-redresse-barre-fond-dattentisme-us\/","og_site_name":"Gold.fr","article_publisher":"https:\/\/www.facebook.com\/Goldfr\/","article_published_time":"2016-09-20T11:00:59+00:00","article_modified_time":"2021-01-13T13:56:36+00:00","og_image":[{"width":600,"height":392,"url":"https:\/\/www.gold.fr\/news\/wp-content\/uploads\/2011\/11\/5977-000176.jpg","type":"image\/jpeg"}],"author":"Comptoir National de l'Or","twitter_card":"summary_large_image","twitter_misc":{"\u00c9crit par":"Comptoir National de l'Or","Dur\u00e9e de lecture estim\u00e9e":"1 minute"},"schema":{"@context":"https:\/\/schema.org","@graph":[{"@type":"Article","@id":"https:\/\/www.gold.fr\/news\/2016\/09\/20\/lor-redresse-barre-fond-dattentisme-us\/#article","isPartOf":{"@id":"https:\/\/www.gold.fr\/news\/2016\/09\/20\/lor-redresse-barre-fond-dattentisme-us\/"},"author":{"name":"Comptoir National de l'Or","@id":"https:\/\/www.gold.fr\/news\/#\/schema\/person\/070491b4b4fb7671bf59b3be20302ce9"},"headline":"L&rsquo;or redresse la barre, sur fond d&rsquo;attentisme US","datePublished":"2016-09-20T11:00:59+00:00","dateModified":"2021-01-13T13:56:36+00:00","mainEntityOfPage":{"@id":"https:\/\/www.gold.fr\/news\/2016\/09\/20\/lor-redresse-barre-fond-dattentisme-us\/"},"wordCount":300,"image":{"@id":"https:\/\/www.gold.fr\/news\/2016\/09\/20\/lor-redresse-barre-fond-dattentisme-us\/#primaryimage"},"thumbnailUrl":"https:\/\/www.gold.fr\/news\/wp-content\/uploads\/2011\/11\/5977-000176.jpg","keywords":["am\u00e9ricain","Or"],"articleSection":["Flash infos"],"inLanguage":"fr-FR"},{"@type":"WebPage","@id":"https:\/\/www.gold.fr\/news\/2016\/09\/20\/lor-redresse-barre-fond-dattentisme-us\/","url":"https:\/\/www.gold.fr\/news\/2016\/09\/20\/lor-redresse-barre-fond-dattentisme-us\/","name":"L'or redresse la barre, sur fond d'attentisme US","isPartOf":{"@id":"https:\/\/www.gold.fr\/news\/#website"},"primaryImageOfPage":{"@id":"https:\/\/www.gold.fr\/news\/2016\/09\/20\/lor-redresse-barre-fond-dattentisme-us\/#primaryimage"},"image":{"@id":"https:\/\/www.gold.fr\/news\/2016\/09\/20\/lor-redresse-barre-fond-dattentisme-us\/#primaryimage"},"thumbnailUrl":"https:\/\/www.gold.fr\/news\/wp-content\/uploads\/2011\/11\/5977-000176.jpg","datePublished":"2016-09-20T11:00:59+00:00","dateModified":"2021-01-13T13:56:36+00:00","author":{"@id":"https:\/\/www.gold.fr\/news\/#\/schema\/person\/070491b4b4fb7671bf59b3be20302ce9"},"description":"La semaine sera particuli\u00e8rement tendue, sur la rive am\u00e9ricaine, et l'ambiance des march\u00e9s boursiers s'en fait d\u00e9j\u00e0 ressentir. Une chose ...","breadcrumb":{"@id":"https:\/\/www.gold.fr\/news\/2016\/09\/20\/lor-redresse-barre-fond-dattentisme-us\/#breadcrumb"},"inLanguage":"fr-FR","potentialAction":[{"@type":"ReadAction","target":["https:\/\/www.gold.fr\/news\/2016\/09\/20\/lor-redresse-barre-fond-dattentisme-us\/"]}]},{"@type":"ImageObject","inLanguage":"fr-FR","@id":"https:\/\/www.gold.fr\/news\/2016\/09\/20\/lor-redresse-barre-fond-dattentisme-us\/#primaryimage","url":"https:\/\/www.gold.fr\/news\/wp-content\/uploads\/2011\/11\/5977-000176.jpg","contentUrl":"https:\/\/www.gold.fr\/news\/wp-content\/uploads\/2011\/11\/5977-000176.jpg","width":"600","height":"392","caption":"L'or redresse la barre, sur fond d'attentisme US"},{"@type":"BreadcrumbList","@id":"https:\/\/www.gold.fr\/news\/2016\/09\/20\/lor-redresse-barre-fond-dattentisme-us\/#breadcrumb","itemListElement":[{"@type":"ListItem","position":1,"name":"Accueil","item":"https:\/\/www.gold.fr\/"},{"@type":"ListItem","position":2,"name":"Actualit\u00e9s","item":"https:\/\/www.gold.fr\/news\/"},{"@type":"ListItem","position":3,"name":"L&rsquo;or redresse la barre, sur fond d&rsquo;attentisme US"}]},{"@type":"WebSite","@id":"https:\/\/www.gold.fr\/news\/#website","url":"https:\/\/www.gold.fr\/news\/","name":"Gold.fr","description":"Actualit\u00e9s de l&#039;Or et des m\u00e9taux pr\u00e9cieux","potentialAction":[{"@type":"SearchAction","target":{"@type":"EntryPoint","urlTemplate":"https:\/\/www.gold.fr\/news\/?s={search_term_string}"},"query-input":{"@type":"PropertyValueSpecification","valueRequired":true,"valueName":"search_term_string"}}],"inLanguage":"fr-FR"},{"@type":"Person","@id":"https:\/\/www.gold.fr\/news\/#\/schema\/person\/070491b4b4fb7671bf59b3be20302ce9","name":"Comptoir National de l'Or","image":{"@type":"ImageObject","inLanguage":"fr-FR","@id":"https:\/\/secure.gravatar.com\/avatar\/0a2867fd5abe37bed95d5a65e9d58f01756e11efc68af9888dfc50cfa7f65948?s=96&d=mm&r=gb490554db0a38188709de567aa58480d","url":"https:\/\/secure.gravatar.com\/avatar\/0a2867fd5abe37bed95d5a65e9d58f01756e11efc68af9888dfc50cfa7f65948?s=96&d=mm&r=g","contentUrl":"https:\/\/secure.gravatar.com\/avatar\/0a2867fd5abe37bed95d5a65e9d58f01756e11efc68af9888dfc50cfa7f65948?s=96&d=mm&r=g","caption":"Comptoir National de l'Or"},"description":"Notre r\u00e9daction est constitu\u00e9e de membres experts dans les m\u00e9tiers de l'\u00e9conomie et la gestion, des Responsables d'agence Comptoir National de l'Or, des analystes financiers qui publient r\u00e9guli\u00e8rement des \u00e9tudes sur les politiques des banques centrales, le cours de l'or, prix de l'or, cours de l'argent, prix de l'argent, cours du platine, cours du palladium,... la situation en zone euro et l'impact de la strat\u00e9gie mon\u00e9taire de la FED. Notre \u00e9quipe scrute \u00e9galement une information plus g\u00e9n\u00e9raliste \u00e0 la recherche d'actualit\u00e9 \"p\u00e9pite\" \u00e0 vous partager. Depuis 5 ans, nous avons publi\u00e9 un peu plus de 4000 articles qui s'adressent \u00e0 un public large et vari\u00e9 ayant pour objectif de satisfaire votre curiosit\u00e9 et de partager avec vous une certaine fascination pour le m\u00e9tal jaune, le rachat d'or, et pour ceux qui veulent investir dans l'or, vendre leur or tout simplement en savoir plus... Pour tous vos achat or et argent, n'h\u00e9sitez pas \u00e0 prendre rendez-vous dans l'un de nos nombreux comptoirs.","sameAs":["https:\/\/www.gold.fr"]}]}},"authors":[{"term_id":2565,"user_id":18,"is_guest":0,"slug":"julie","display_name":"Comptoir National de l'Or","avatar_url":"https:\/\/secure.gravatar.com\/avatar\/713f289e398d35ead876c4a4cc08607f0d6d266058cfc25683fffb6092d0e572?s=96&d=mm&r=g","0":null,"1":"","2":"","3":"","4":"","5":"","6":"","7":"","8":""}],"_links":{"self":[{"href":"https:\/\/www.gold.fr\/news\/wp-json\/wp\/v2\/posts\/20139","targetHints":{"allow":["GET"]}}],"collection":[{"href":"https:\/\/www.gold.fr\/news\/wp-json\/wp\/v2\/posts"}],"about":[{"href":"https:\/\/www.gold.fr\/news\/wp-json\/wp\/v2\/types\/post"}],"author":[{"embeddable":true,"href":"https:\/\/www.gold.fr\/news\/wp-json\/wp\/v2\/users\/18"}],"replies":[{"embeddable":true,"href":"https:\/\/www.gold.fr\/news\/wp-json\/wp\/v2\/comments?post=20139"}],"version-history":[{"count":0,"href":"https:\/\/www.gold.fr\/news\/wp-json\/wp\/v2\/posts\/20139\/revisions"}],"wp:featuredmedia":[{"embeddable":true,"href":"https:\/\/www.gold.fr\/news\/wp-json\/wp\/v2\/media\/3312"}],"wp:attachment":[{"href":"https:\/\/www.gold.fr\/news\/wp-json\/wp\/v2\/media?parent=20139"}],"wp:term":[{"taxonomy":"category","embeddable":true,"href":"https:\/\/www.gold.fr\/news\/wp-json\/wp\/v2\/categories?post=20139"},{"taxonomy":"post_tag","embeddable":true,"href":"https:\/\/www.gold.fr\/news\/wp-json\/wp\/v2\/tags?post=20139"},{"taxonomy":"author","embeddable":true,"href":"https:\/\/www.gold.fr\/news\/wp-json\/wp\/v2\/ppma_author?post=20139"}],"curies":[{"name":"wp","href":"https:\/\/api.w.org\/{rel}","templated":true}]}}