{"id":20131,"date":"2016-09-19T09:00:45","date_gmt":"2016-09-19T07:00:45","guid":{"rendered":"https:\/\/www.gold.fr\/news\/?p=20131"},"modified":"2021-01-11T17:34:53","modified_gmt":"2021-01-11T16:34:53","slug":"experts-allemands-veulent-lancer-monnaie-europeenne-or","status":"publish","type":"post","link":"https:\/\/www.gold.fr\/news\/2016\/09\/19\/experts-allemands-veulent-lancer-monnaie-europeenne-or\/","title":{"rendered":"Des experts allemands veulent lancer une monnaie europ\u00e9enne \u2018or\u2019"},"content":{"rendered":"<p><img loading=\"lazy\" decoding=\"async\" class=\"alignleft wp-image-7772 size-thumbnail\" title=\"Des experts allemands veulent lancer une monnaie europ\u00e9enne \u2018or\u2019\" src=\"https:\/\/www.gold.fr\/news\/wp-content\/uploads\/2012\/06\/Monnaie-Or-150x150.jpg\" alt=\"Des experts allemands veulent lancer une monnaie europ\u00e9enne \u2018or\u2019\" width=\"150\" height=\"150\" \/>La nouvelle cr\u00e9\u00e9 un buzz en <strong>Allemagne<\/strong>, mais aussi un peu partout en Europe, dans les milieux \u00e9conomiques et boursiers. Un groupe d&rsquo;\u00e9conomistes et experts allemands souhaitent cr\u00e9er une \u00ab <em>monnaie de secours<\/em> \u00bb pour se pr\u00e9munir contre la crise \u00e9conomique majeure (implosion) qui se profile \u00e0 l&rsquo;horizon europ\u00e9en. La monnaie en question serait en <a class=\"esk-seo-plu-link\" href=\"https:\/\/www.gold.fr\/news\/tags\/or\">or<\/a>, pour garantir la protection des \u00e9pargnants contre tout risque d&rsquo;hyperinflation.<\/p>\n<p>Le groupe est constitu\u00e9 d&rsquo;un \u00ab <em>ex-ponte de la Deutsche Bank et deux autres \u00e9conomistes allemands<\/em> \u00bb, et les trois experts veulent mettre en place un sorte d&rsquo;euro alternatif (\u00e0 la devise europ\u00e9enne) ; \u2018l&rsquo;euro-<a class=\"esk-seo-plu-link\" href=\"https:\/\/www.gold.fr\/news\/tags\/or\">or<\/a>&lsquo;. La proposition \u00e9conomique est parue, en d\u00e9tails, cette semaine m\u00eame, dans le cadre du tr\u00e8s s\u00e9rieux quotidien allemand <strong>Handelsblatt<\/strong>.<\/p>\n<p>Il s&rsquo;agirait d&rsquo;une monnaie constitu\u00e9e de <a class=\"esk-seo-plu-link\" href=\"https:\/\/www.gold.fr\/news\/tags\/piece-dor\">pi\u00e8ce d&rsquo;or<\/a>, et chaque pi\u00e8ce de 1 euro contiendrait 1 gramme d&rsquo;<a class=\"esk-seo-plu-link\" href=\"https:\/\/www.gold.fr\/news\/tags\/or\">or<\/a>, soit, selon le cours actuel de l&rsquo;<a class=\"esk-seo-plu-link\" href=\"https:\/\/www.gold.fr\/news\/tags\/or\">or<\/a>, 38 euros. Ainsi, une pi\u00e8ce de 5 euros aurait une valeur de 190 euros et une pi\u00e8ce de 10 centimes \u00e9quivaudrait \u00e0 3 euros 80. La proposition de cette monnaie alternative survient \u00e0 l&rsquo;heure o\u00f9 la vague de m\u00e9contentement contre <strong>Mario Draghi<\/strong> s&rsquo;intensifie, en Europe.<\/p>\n<p>La politique mon\u00e9taire de la banque centrale europ\u00e9enne, pr\u00e9sid\u00e9e par <strong>Draghi<\/strong>, m\u00e8nerait, selon bon nombre d&rsquo;observateurs, la zone euro vers la \u00ab <em>catastrophe<\/em> \u00bb, avec \u00ab <em>une inflation qui finirait par s&rsquo;envoler et une \u00e9pargne qui, elle, s&rsquo;\u00e9vaporerait<\/em> \u00bb. Avec un tel sc\u00e9nario en t\u00eate, le groupe d&rsquo;experts estime que, apr\u00e8s la disparition in\u00e9luctable de l&rsquo;euro, \u2018l&rsquo;euro <a class=\"esk-seo-plu-link\" href=\"https:\/\/www.gold.fr\/news\/tags\/or\">or<\/a>&lsquo; devient le moyen id\u00e9al de \u00ab <em>mettre une partie de (son) argent \u00e0 l&rsquo;abri<\/em> \u00bb, ainsi que \u00ab <em>d&rsquo;\u00e9chapper \u00e0 l&rsquo;un des effets ind\u00e9sirables de la politique mon\u00e9taire de la BCE: les taux n\u00e9gatifs<\/em> \u00bb.<\/p>\n<!-- AddThis Advanced Settings generic via filter on the_content --><!-- AddThis Share Buttons generic via filter on the_content -->","protected":false},"excerpt":{"rendered":"<p>La nouvelle cr\u00e9\u00e9 un buzz en Allemagne, mais aussi un peu partout en Europe, dans les milieux \u00e9conomiques et boursiers. Un groupe d&rsquo;\u00e9conomistes et experts allemands souhaitent cr\u00e9er une \u00ab monnaie de secours \u00bb pour se [&hellip;]<\/p>\n","protected":false},"author":18,"featured_media":7772,"comment_status":"closed","ping_status":"closed","sticky":false,"template":"","format":"standard","meta":{"_mbp_gutenberg_autopost":false,"_pgmb_is_evergreen":false,"_pgmb_ap_template_id":0,"footnotes":""},"categories":[6],"tags":[490,76],"ppma_author":[2565],"class_list":["post-20131","post","type-post","status-publish","format-standard","has-post-thumbnail","hentry","category-articles-de-presse","tag-monnaie","tag-or"],"yoast_head":"<!-- This site is optimized with the Yoast SEO plugin v27.5 - https:\/\/yoast.com\/product\/yoast-seo-wordpress\/ -->\n<title>Des experts allemands veulent lancer une monnaie europ\u00e9enne \u2018or\u2019<\/title>\n<meta name=\"description\" content=\"Buzz : un groupe d&#039;\u00e9conomistes et experts allemands souhaitent cr\u00e9er une \u00ab monnaie de secours \u00bb pour se pr\u00e9munir contre la crise \u00e9conomique.\" \/>\n<meta name=\"robots\" content=\"index, follow, max-snippet:-1, max-image-preview:large, max-video-preview:-1\" \/>\n<link rel=\"canonical\" href=\"https:\/\/www.gold.fr\/news\/2016\/09\/19\/experts-allemands-veulent-lancer-monnaie-europeenne-or\/\" \/>\n<meta property=\"og:locale\" content=\"fr_FR\" \/>\n<meta property=\"og:type\" content=\"article\" \/>\n<meta property=\"og:title\" content=\"Des experts allemands veulent lancer une monnaie europ\u00e9enne \u2018or\u2019\" \/>\n<meta property=\"og:description\" content=\"Buzz : un groupe d&#039;\u00e9conomistes et experts allemands souhaitent cr\u00e9er une \u00ab monnaie de secours \u00bb pour se pr\u00e9munir contre la crise \u00e9conomique.\" \/>\n<meta property=\"og:url\" content=\"https:\/\/www.gold.fr\/news\/2016\/09\/19\/experts-allemands-veulent-lancer-monnaie-europeenne-or\/\" \/>\n<meta property=\"og:site_name\" content=\"Gold.fr\" \/>\n<meta property=\"article:publisher\" content=\"https:\/\/www.facebook.com\/Goldfr\/\" \/>\n<meta property=\"article:published_time\" content=\"2016-09-19T07:00:45+00:00\" \/>\n<meta property=\"article:modified_time\" content=\"2021-01-11T16:34:53+00:00\" \/>\n<meta property=\"og:image\" content=\"https:\/\/www.gold.fr\/news\/wp-content\/uploads\/2012\/06\/Monnaie-Or.jpg\" \/>\n\t<meta property=\"og:image:width\" content=\"600\" \/>\n\t<meta property=\"og:image:height\" content=\"401\" \/>\n\t<meta property=\"og:image:type\" content=\"image\/jpeg\" \/>\n<meta name=\"author\" content=\"Comptoir National de l&#039;Or\" \/>\n<meta name=\"twitter:card\" content=\"summary_large_image\" \/>\n<meta name=\"twitter:label1\" content=\"\u00c9crit par\" \/>\n\t<meta name=\"twitter:data1\" content=\"Comptoir National de l&#039;Or\" \/>\n\t<meta name=\"twitter:label2\" content=\"Dur\u00e9e de lecture estim\u00e9e\" \/>\n\t<meta name=\"twitter:data2\" content=\"1 minute\" \/>\n<script type=\"application\/ld+json\" class=\"yoast-schema-graph\">{\"@context\":\"https:\\\/\\\/schema.org\",\"@graph\":[{\"@type\":\"Article\",\"@id\":\"https:\\\/\\\/www.gold.fr\\\/news\\\/2016\\\/09\\\/19\\\/experts-allemands-veulent-lancer-monnaie-europeenne-or\\\/#article\",\"isPartOf\":{\"@id\":\"https:\\\/\\\/www.gold.fr\\\/news\\\/2016\\\/09\\\/19\\\/experts-allemands-veulent-lancer-monnaie-europeenne-or\\\/\"},\"author\":{\"name\":\"Comptoir National de l'Or\",\"@id\":\"https:\\\/\\\/www.gold.fr\\\/news\\\/#\\\/schema\\\/person\\\/070491b4b4fb7671bf59b3be20302ce9\"},\"headline\":\"Des experts allemands veulent lancer une monnaie europ\u00e9enne \u2018or\u2019\",\"datePublished\":\"2016-09-19T07:00:45+00:00\",\"dateModified\":\"2021-01-11T16:34:53+00:00\",\"mainEntityOfPage\":{\"@id\":\"https:\\\/\\\/www.gold.fr\\\/news\\\/2016\\\/09\\\/19\\\/experts-allemands-veulent-lancer-monnaie-europeenne-or\\\/\"},\"wordCount\":315,\"image\":{\"@id\":\"https:\\\/\\\/www.gold.fr\\\/news\\\/2016\\\/09\\\/19\\\/experts-allemands-veulent-lancer-monnaie-europeenne-or\\\/#primaryimage\"},\"thumbnailUrl\":\"https:\\\/\\\/www.gold.fr\\\/news\\\/wp-content\\\/uploads\\\/2012\\\/06\\\/Monnaie-Or.jpg\",\"keywords\":[\"monnaie\",\"Or\"],\"articleSection\":[\"Articles de presse\"],\"inLanguage\":\"fr-FR\"},{\"@type\":\"WebPage\",\"@id\":\"https:\\\/\\\/www.gold.fr\\\/news\\\/2016\\\/09\\\/19\\\/experts-allemands-veulent-lancer-monnaie-europeenne-or\\\/\",\"url\":\"https:\\\/\\\/www.gold.fr\\\/news\\\/2016\\\/09\\\/19\\\/experts-allemands-veulent-lancer-monnaie-europeenne-or\\\/\",\"name\":\"Des experts allemands veulent lancer une monnaie europ\u00e9enne \u2018or\u2019\",\"isPartOf\":{\"@id\":\"https:\\\/\\\/www.gold.fr\\\/news\\\/#website\"},\"primaryImageOfPage\":{\"@id\":\"https:\\\/\\\/www.gold.fr\\\/news\\\/2016\\\/09\\\/19\\\/experts-allemands-veulent-lancer-monnaie-europeenne-or\\\/#primaryimage\"},\"image\":{\"@id\":\"https:\\\/\\\/www.gold.fr\\\/news\\\/2016\\\/09\\\/19\\\/experts-allemands-veulent-lancer-monnaie-europeenne-or\\\/#primaryimage\"},\"thumbnailUrl\":\"https:\\\/\\\/www.gold.fr\\\/news\\\/wp-content\\\/uploads\\\/2012\\\/06\\\/Monnaie-Or.jpg\",\"datePublished\":\"2016-09-19T07:00:45+00:00\",\"dateModified\":\"2021-01-11T16:34:53+00:00\",\"author\":{\"@id\":\"https:\\\/\\\/www.gold.fr\\\/news\\\/#\\\/schema\\\/person\\\/070491b4b4fb7671bf59b3be20302ce9\"},\"description\":\"Buzz : un groupe d'\u00e9conomistes et experts allemands souhaitent cr\u00e9er une \u00ab monnaie de secours \u00bb pour se pr\u00e9munir contre la crise \u00e9conomique.\",\"breadcrumb\":{\"@id\":\"https:\\\/\\\/www.gold.fr\\\/news\\\/2016\\\/09\\\/19\\\/experts-allemands-veulent-lancer-monnaie-europeenne-or\\\/#breadcrumb\"},\"inLanguage\":\"fr-FR\",\"potentialAction\":[{\"@type\":\"ReadAction\",\"target\":[\"https:\\\/\\\/www.gold.fr\\\/news\\\/2016\\\/09\\\/19\\\/experts-allemands-veulent-lancer-monnaie-europeenne-or\\\/\"]}]},{\"@type\":\"ImageObject\",\"inLanguage\":\"fr-FR\",\"@id\":\"https:\\\/\\\/www.gold.fr\\\/news\\\/2016\\\/09\\\/19\\\/experts-allemands-veulent-lancer-monnaie-europeenne-or\\\/#primaryimage\",\"url\":\"https:\\\/\\\/www.gold.fr\\\/news\\\/wp-content\\\/uploads\\\/2012\\\/06\\\/Monnaie-Or.jpg\",\"contentUrl\":\"https:\\\/\\\/www.gold.fr\\\/news\\\/wp-content\\\/uploads\\\/2012\\\/06\\\/Monnaie-Or.jpg\",\"width\":\"600\",\"height\":\"401\",\"caption\":\"Des experts allemands veulent lancer une monnaie europ\u00e9enne \u2018or\u2019\"},{\"@type\":\"BreadcrumbList\",\"@id\":\"https:\\\/\\\/www.gold.fr\\\/news\\\/2016\\\/09\\\/19\\\/experts-allemands-veulent-lancer-monnaie-europeenne-or\\\/#breadcrumb\",\"itemListElement\":[{\"@type\":\"ListItem\",\"position\":1,\"name\":\"Accueil\",\"item\":\"https:\\\/\\\/www.gold.fr\\\/\"},{\"@type\":\"ListItem\",\"position\":2,\"name\":\"Actualit\u00e9s\",\"item\":\"https:\\\/\\\/www.gold.fr\\\/news\\\/\"},{\"@type\":\"ListItem\",\"position\":3,\"name\":\"Des experts allemands veulent lancer une monnaie europ\u00e9enne \u2018or\u2019\"}]},{\"@type\":\"WebSite\",\"@id\":\"https:\\\/\\\/www.gold.fr\\\/news\\\/#website\",\"url\":\"https:\\\/\\\/www.gold.fr\\\/news\\\/\",\"name\":\"Gold.fr\",\"description\":\"Actualit\u00e9s de l&#039;Or et des m\u00e9taux pr\u00e9cieux\",\"potentialAction\":[{\"@type\":\"SearchAction\",\"target\":{\"@type\":\"EntryPoint\",\"urlTemplate\":\"https:\\\/\\\/www.gold.fr\\\/news\\\/?s={search_term_string}\"},\"query-input\":{\"@type\":\"PropertyValueSpecification\",\"valueRequired\":true,\"valueName\":\"search_term_string\"}}],\"inLanguage\":\"fr-FR\"},{\"@type\":\"Person\",\"@id\":\"https:\\\/\\\/www.gold.fr\\\/news\\\/#\\\/schema\\\/person\\\/070491b4b4fb7671bf59b3be20302ce9\",\"name\":\"Comptoir National de l'Or\",\"image\":{\"@type\":\"ImageObject\",\"inLanguage\":\"fr-FR\",\"@id\":\"https:\\\/\\\/secure.gravatar.com\\\/avatar\\\/0a2867fd5abe37bed95d5a65e9d58f01756e11efc68af9888dfc50cfa7f65948?s=96&d=mm&r=gb490554db0a38188709de567aa58480d\",\"url\":\"https:\\\/\\\/secure.gravatar.com\\\/avatar\\\/0a2867fd5abe37bed95d5a65e9d58f01756e11efc68af9888dfc50cfa7f65948?s=96&d=mm&r=g\",\"contentUrl\":\"https:\\\/\\\/secure.gravatar.com\\\/avatar\\\/0a2867fd5abe37bed95d5a65e9d58f01756e11efc68af9888dfc50cfa7f65948?s=96&d=mm&r=g\",\"caption\":\"Comptoir National de l'Or\"},\"description\":\"Notre r\u00e9daction est constitu\u00e9e de membres experts dans les m\u00e9tiers de l'\u00e9conomie et la gestion, des Responsables d'agence Comptoir National de l'Or, des analystes financiers qui publient r\u00e9guli\u00e8rement des \u00e9tudes sur les politiques des banques centrales, le cours de l'or, prix de l'or, cours de l'argent, prix de l'argent, cours du platine, cours du palladium,... la situation en zone euro et l'impact de la strat\u00e9gie mon\u00e9taire de la FED. Notre \u00e9quipe scrute \u00e9galement une information plus g\u00e9n\u00e9raliste \u00e0 la recherche d'actualit\u00e9 \\\"p\u00e9pite\\\" \u00e0 vous partager. Depuis 5 ans, nous avons publi\u00e9 un peu plus de 4000 articles qui s'adressent \u00e0 un public large et vari\u00e9 ayant pour objectif de satisfaire votre curiosit\u00e9 et de partager avec vous une certaine fascination pour le m\u00e9tal jaune, le rachat d'or, et pour ceux qui veulent investir dans l'or, vendre leur or tout simplement en savoir plus... Pour tous vos achat or et argent, n'h\u00e9sitez pas \u00e0 prendre rendez-vous dans l'un de nos nombreux comptoirs.\",\"sameAs\":[\"https:\\\/\\\/www.gold.fr\"]}]}<\/script>\n<!-- \/ Yoast SEO plugin. -->","yoast_head_json":{"title":"Des experts allemands veulent lancer une monnaie europ\u00e9enne \u2018or\u2019","description":"Buzz : un groupe d'\u00e9conomistes et experts allemands souhaitent cr\u00e9er une \u00ab monnaie de secours \u00bb pour se pr\u00e9munir contre la crise \u00e9conomique.","robots":{"index":"index","follow":"follow","max-snippet":"max-snippet:-1","max-image-preview":"max-image-preview:large","max-video-preview":"max-video-preview:-1"},"canonical":"https:\/\/www.gold.fr\/news\/2016\/09\/19\/experts-allemands-veulent-lancer-monnaie-europeenne-or\/","og_locale":"fr_FR","og_type":"article","og_title":"Des experts allemands veulent lancer une monnaie europ\u00e9enne \u2018or\u2019","og_description":"Buzz : un groupe d'\u00e9conomistes et experts allemands souhaitent cr\u00e9er une \u00ab monnaie de secours \u00bb pour se pr\u00e9munir contre la crise \u00e9conomique.","og_url":"https:\/\/www.gold.fr\/news\/2016\/09\/19\/experts-allemands-veulent-lancer-monnaie-europeenne-or\/","og_site_name":"Gold.fr","article_publisher":"https:\/\/www.facebook.com\/Goldfr\/","article_published_time":"2016-09-19T07:00:45+00:00","article_modified_time":"2021-01-11T16:34:53+00:00","og_image":[{"width":600,"height":401,"url":"https:\/\/www.gold.fr\/news\/wp-content\/uploads\/2012\/06\/Monnaie-Or.jpg","type":"image\/jpeg"}],"author":"Comptoir National de l'Or","twitter_card":"summary_large_image","twitter_misc":{"\u00c9crit par":"Comptoir National de l'Or","Dur\u00e9e de lecture estim\u00e9e":"1 minute"},"schema":{"@context":"https:\/\/schema.org","@graph":[{"@type":"Article","@id":"https:\/\/www.gold.fr\/news\/2016\/09\/19\/experts-allemands-veulent-lancer-monnaie-europeenne-or\/#article","isPartOf":{"@id":"https:\/\/www.gold.fr\/news\/2016\/09\/19\/experts-allemands-veulent-lancer-monnaie-europeenne-or\/"},"author":{"name":"Comptoir National de l'Or","@id":"https:\/\/www.gold.fr\/news\/#\/schema\/person\/070491b4b4fb7671bf59b3be20302ce9"},"headline":"Des experts allemands veulent lancer une monnaie europ\u00e9enne \u2018or\u2019","datePublished":"2016-09-19T07:00:45+00:00","dateModified":"2021-01-11T16:34:53+00:00","mainEntityOfPage":{"@id":"https:\/\/www.gold.fr\/news\/2016\/09\/19\/experts-allemands-veulent-lancer-monnaie-europeenne-or\/"},"wordCount":315,"image":{"@id":"https:\/\/www.gold.fr\/news\/2016\/09\/19\/experts-allemands-veulent-lancer-monnaie-europeenne-or\/#primaryimage"},"thumbnailUrl":"https:\/\/www.gold.fr\/news\/wp-content\/uploads\/2012\/06\/Monnaie-Or.jpg","keywords":["monnaie","Or"],"articleSection":["Articles de presse"],"inLanguage":"fr-FR"},{"@type":"WebPage","@id":"https:\/\/www.gold.fr\/news\/2016\/09\/19\/experts-allemands-veulent-lancer-monnaie-europeenne-or\/","url":"https:\/\/www.gold.fr\/news\/2016\/09\/19\/experts-allemands-veulent-lancer-monnaie-europeenne-or\/","name":"Des experts allemands veulent lancer une monnaie europ\u00e9enne \u2018or\u2019","isPartOf":{"@id":"https:\/\/www.gold.fr\/news\/#website"},"primaryImageOfPage":{"@id":"https:\/\/www.gold.fr\/news\/2016\/09\/19\/experts-allemands-veulent-lancer-monnaie-europeenne-or\/#primaryimage"},"image":{"@id":"https:\/\/www.gold.fr\/news\/2016\/09\/19\/experts-allemands-veulent-lancer-monnaie-europeenne-or\/#primaryimage"},"thumbnailUrl":"https:\/\/www.gold.fr\/news\/wp-content\/uploads\/2012\/06\/Monnaie-Or.jpg","datePublished":"2016-09-19T07:00:45+00:00","dateModified":"2021-01-11T16:34:53+00:00","author":{"@id":"https:\/\/www.gold.fr\/news\/#\/schema\/person\/070491b4b4fb7671bf59b3be20302ce9"},"description":"Buzz : un groupe d'\u00e9conomistes et experts allemands souhaitent cr\u00e9er une \u00ab monnaie de secours \u00bb pour se pr\u00e9munir contre la crise \u00e9conomique.","breadcrumb":{"@id":"https:\/\/www.gold.fr\/news\/2016\/09\/19\/experts-allemands-veulent-lancer-monnaie-europeenne-or\/#breadcrumb"},"inLanguage":"fr-FR","potentialAction":[{"@type":"ReadAction","target":["https:\/\/www.gold.fr\/news\/2016\/09\/19\/experts-allemands-veulent-lancer-monnaie-europeenne-or\/"]}]},{"@type":"ImageObject","inLanguage":"fr-FR","@id":"https:\/\/www.gold.fr\/news\/2016\/09\/19\/experts-allemands-veulent-lancer-monnaie-europeenne-or\/#primaryimage","url":"https:\/\/www.gold.fr\/news\/wp-content\/uploads\/2012\/06\/Monnaie-Or.jpg","contentUrl":"https:\/\/www.gold.fr\/news\/wp-content\/uploads\/2012\/06\/Monnaie-Or.jpg","width":"600","height":"401","caption":"Des experts allemands veulent lancer une monnaie europ\u00e9enne \u2018or\u2019"},{"@type":"BreadcrumbList","@id":"https:\/\/www.gold.fr\/news\/2016\/09\/19\/experts-allemands-veulent-lancer-monnaie-europeenne-or\/#breadcrumb","itemListElement":[{"@type":"ListItem","position":1,"name":"Accueil","item":"https:\/\/www.gold.fr\/"},{"@type":"ListItem","position":2,"name":"Actualit\u00e9s","item":"https:\/\/www.gold.fr\/news\/"},{"@type":"ListItem","position":3,"name":"Des experts allemands veulent lancer une monnaie europ\u00e9enne \u2018or\u2019"}]},{"@type":"WebSite","@id":"https:\/\/www.gold.fr\/news\/#website","url":"https:\/\/www.gold.fr\/news\/","name":"Gold.fr","description":"Actualit\u00e9s de l&#039;Or et des m\u00e9taux pr\u00e9cieux","potentialAction":[{"@type":"SearchAction","target":{"@type":"EntryPoint","urlTemplate":"https:\/\/www.gold.fr\/news\/?s={search_term_string}"},"query-input":{"@type":"PropertyValueSpecification","valueRequired":true,"valueName":"search_term_string"}}],"inLanguage":"fr-FR"},{"@type":"Person","@id":"https:\/\/www.gold.fr\/news\/#\/schema\/person\/070491b4b4fb7671bf59b3be20302ce9","name":"Comptoir National de l'Or","image":{"@type":"ImageObject","inLanguage":"fr-FR","@id":"https:\/\/secure.gravatar.com\/avatar\/0a2867fd5abe37bed95d5a65e9d58f01756e11efc68af9888dfc50cfa7f65948?s=96&d=mm&r=gb490554db0a38188709de567aa58480d","url":"https:\/\/secure.gravatar.com\/avatar\/0a2867fd5abe37bed95d5a65e9d58f01756e11efc68af9888dfc50cfa7f65948?s=96&d=mm&r=g","contentUrl":"https:\/\/secure.gravatar.com\/avatar\/0a2867fd5abe37bed95d5a65e9d58f01756e11efc68af9888dfc50cfa7f65948?s=96&d=mm&r=g","caption":"Comptoir National de l'Or"},"description":"Notre r\u00e9daction est constitu\u00e9e de membres experts dans les m\u00e9tiers de l'\u00e9conomie et la gestion, des Responsables d'agence Comptoir National de l'Or, des analystes financiers qui publient r\u00e9guli\u00e8rement des \u00e9tudes sur les politiques des banques centrales, le cours de l'or, prix de l'or, cours de l'argent, prix de l'argent, cours du platine, cours du palladium,... la situation en zone euro et l'impact de la strat\u00e9gie mon\u00e9taire de la FED. Notre \u00e9quipe scrute \u00e9galement une information plus g\u00e9n\u00e9raliste \u00e0 la recherche d'actualit\u00e9 \"p\u00e9pite\" \u00e0 vous partager. Depuis 5 ans, nous avons publi\u00e9 un peu plus de 4000 articles qui s'adressent \u00e0 un public large et vari\u00e9 ayant pour objectif de satisfaire votre curiosit\u00e9 et de partager avec vous une certaine fascination pour le m\u00e9tal jaune, le rachat d'or, et pour ceux qui veulent investir dans l'or, vendre leur or tout simplement en savoir plus... Pour tous vos achat or et argent, n'h\u00e9sitez pas \u00e0 prendre rendez-vous dans l'un de nos nombreux comptoirs.","sameAs":["https:\/\/www.gold.fr"]}]}},"authors":[{"term_id":2565,"user_id":18,"is_guest":0,"slug":"julie","display_name":"Comptoir National de l'Or","avatar_url":"https:\/\/secure.gravatar.com\/avatar\/713f289e398d35ead876c4a4cc08607f0d6d266058cfc25683fffb6092d0e572?s=96&d=mm&r=g","0":null,"1":"","2":"","3":"","4":"","5":"","6":"","7":"","8":""}],"_links":{"self":[{"href":"https:\/\/www.gold.fr\/news\/wp-json\/wp\/v2\/posts\/20131","targetHints":{"allow":["GET"]}}],"collection":[{"href":"https:\/\/www.gold.fr\/news\/wp-json\/wp\/v2\/posts"}],"about":[{"href":"https:\/\/www.gold.fr\/news\/wp-json\/wp\/v2\/types\/post"}],"author":[{"embeddable":true,"href":"https:\/\/www.gold.fr\/news\/wp-json\/wp\/v2\/users\/18"}],"replies":[{"embeddable":true,"href":"https:\/\/www.gold.fr\/news\/wp-json\/wp\/v2\/comments?post=20131"}],"version-history":[{"count":0,"href":"https:\/\/www.gold.fr\/news\/wp-json\/wp\/v2\/posts\/20131\/revisions"}],"wp:featuredmedia":[{"embeddable":true,"href":"https:\/\/www.gold.fr\/news\/wp-json\/wp\/v2\/media\/7772"}],"wp:attachment":[{"href":"https:\/\/www.gold.fr\/news\/wp-json\/wp\/v2\/media?parent=20131"}],"wp:term":[{"taxonomy":"category","embeddable":true,"href":"https:\/\/www.gold.fr\/news\/wp-json\/wp\/v2\/categories?post=20131"},{"taxonomy":"post_tag","embeddable":true,"href":"https:\/\/www.gold.fr\/news\/wp-json\/wp\/v2\/tags?post=20131"},{"taxonomy":"author","embeddable":true,"href":"https:\/\/www.gold.fr\/news\/wp-json\/wp\/v2\/ppma_author?post=20131"}],"curies":[{"name":"wp","href":"https:\/\/api.w.org\/{rel}","templated":true}]}}