{"id":20120,"date":"2016-09-15T13:00:19","date_gmt":"2016-09-15T11:00:19","guid":{"rendered":"https:\/\/www.gold.fr\/news\/?p=20120"},"modified":"2021-01-13T14:55:45","modified_gmt":"2021-01-13T13:55:45","slug":"marches-pression-de-fed","status":"publish","type":"post","link":"https:\/\/www.gold.fr\/news\/2016\/09\/15\/marches-pression-de-fed\/","title":{"rendered":"Les march\u00e9s sous la pression de la FED"},"content":{"rendered":"<p><img loading=\"lazy\" decoding=\"async\" class=\"alignleft wp-image-9071 size-thumbnail\" title=\"Les march\u00e9s sous la pression de la FED\" src=\"https:\/\/www.gold.fr\/news\/wp-content\/uploads\/2012\/08\/evolution-cours-or-bourse-150x150.jpg\" alt=\"Les march\u00e9s sous la pression de la FED\" width=\"150\" height=\"150\" \/>Les rares tentatives de reprise, au sein des march\u00e9s d&rsquo;<a class=\"esk-seo-plu-link\" href=\"https:\/\/www.gold.fr\/news\/tags\/investissement\">investissement<\/a>, se retrouvent \u00e9touff\u00e9es sous la forte pression de l&rsquo;attentisme et l&rsquo;appr\u00e9hension entourant l&rsquo;imminente r\u00e9union du <strong>FOMC<\/strong>.<\/p>\n<p>A quelques jours du meeting traditionnel du comit\u00e9 de direction de la politique mon\u00e9taire <strong>FED<\/strong>, les op\u00e9rateurs retiennent leur souffle&#8230;et leurs prises de positions, prolongeant l&rsquo;ambiance de morosit\u00e9 qui r\u00e8gne depuis le d\u00e9but du mois.<\/p>\n<p>Pour le march\u00e9 de l&rsquo;<a class=\"esk-seo-plu-link\" href=\"https:\/\/www.gold.fr\/news\/tags\/or\">or<\/a>, la pression provient surtout de la perspective de voir les taux d&rsquo;int\u00e9r\u00eat remonter , dans les semaines \u00e0 venir. Avec son rendement nul (0%), le <a class=\"esk-seo-plu-link\" href=\"https:\/\/www.gold.fr\/news\/tags\/or\">m\u00e9tal jaune<\/a> est bien plus attractif pour les investisseurs lorsque les produits de taux rapportent moins.<\/p>\n<p>Pour l&rsquo;heure, les opinions sont tr\u00e8s partag\u00e9es, \u00e0 ce sujet. Certes, tr\u00e8s peu d&rsquo;indicateurs pointent dans la direction d&rsquo;un rel\u00e8vement des taux de l&rsquo;institution, ce mois-ci (septembre). Toutefois, bon nombre de responsables <strong>FED<\/strong> ne cessent d&rsquo;\u00e9voquer la forte possibilit\u00e9 d&rsquo;un (voire deux) tour de vis mon\u00e9taire, d&rsquo;ici la fin de l&rsquo;ann\u00e9e <strong>2016<\/strong>.<\/p>\n<p>D&rsquo;apr\u00e8s <strong>CMC<\/strong> <strong>Markets<\/strong> France, \u00e0 l&rsquo;heure actuelle, \u201c<em>la probabilit\u00e9 d&rsquo;une remont\u00e9e des taux en septembre est tomb\u00e9e \u00e0 15% contre 21% hier<\/em>.<span style=\"font-size: small;\">\u201d <\/span> Cette probabilit\u00e9 fr\u00f4le n\u00e9anmoins les <strong>54,5%<\/strong>, pour l&rsquo;issue du <strong>FOMC<\/strong> de d\u00e9cembre. Les deux derni\u00e8res s\u00e9ances de la semaines seront particuli\u00e8rement charg\u00e9es, en mati\u00e8re de r\u00e9sultats statistiques.<\/p>\n<p>En attendant, l&rsquo;<a class=\"esk-seo-plu-link\" href=\"https:\/\/www.gold.fr\/news\/tags\/or\">or<\/a> ouvre la s\u00e9ance de ce <strong>jeudi 15 septembre 2016<\/strong> avec un <a href=\"https:\/\/www.gold.fr\/cours-or-prix-de-l-or\/\" target=\"_blank\" rel=\"noopener noreferrer\">cours<\/a> de <strong>1,326.15 <a class=\"esk-seo-plu-link\" href=\"https:\/\/www.gold.fr\/news\/tags\/investissement\">dollars<\/a><\/strong> <a href=\"https:\/\/www.gold.fr\/once-or-nyc\/\" target=\"_blank\" rel=\"noopener noreferrer\">l&rsquo;once<\/a>.<\/p>\n<!-- AddThis Advanced Settings generic via filter on the_content --><!-- AddThis Share Buttons generic via filter on the_content -->","protected":false},"excerpt":{"rendered":"<p>Les rares tentatives de reprise, au sein des march\u00e9s d&rsquo;investissement, se retrouvent \u00e9touff\u00e9es sous la forte pression de l&rsquo;attentisme et l&rsquo;appr\u00e9hension entourant l&rsquo;imminente r\u00e9union du FOMC. A quelques jours du meeting traditionnel du comit\u00e9 de direction [&hellip;]<\/p>\n","protected":false},"author":18,"featured_media":9071,"comment_status":"closed","ping_status":"closed","sticky":false,"template":"","format":"standard","meta":{"_mbp_gutenberg_autopost":false,"_pgmb_is_evergreen":false,"_pgmb_ap_template_id":0,"footnotes":""},"categories":[5],"tags":[144,105],"ppma_author":[2565],"class_list":["post-20120","post","type-post","status-publish","format-standard","has-post-thumbnail","hentry","category-flash-infos","tag-fed","tag-marche"],"yoast_head":"<!-- This site is optimized with the Yoast SEO plugin v27.5 - https:\/\/yoast.com\/product\/yoast-seo-wordpress\/ -->\n<title>Les march\u00e9s sous la pression de la FED<\/title>\n<meta name=\"description\" content=\"les rares tentatives de reprise, au sein des march\u00e9s d&#039;investissement, se retrouvent \u00e9touff\u00e9es sous la forte pression de l&#039;attentisme et ...\" \/>\n<meta name=\"robots\" content=\"index, follow, max-snippet:-1, max-image-preview:large, max-video-preview:-1\" \/>\n<link rel=\"canonical\" href=\"https:\/\/www.gold.fr\/news\/2016\/09\/15\/marches-pression-de-fed\/\" \/>\n<meta property=\"og:locale\" content=\"fr_FR\" \/>\n<meta property=\"og:type\" content=\"article\" \/>\n<meta property=\"og:title\" content=\"Les march\u00e9s sous la pression de la FED\" \/>\n<meta property=\"og:description\" content=\"les rares tentatives de reprise, au sein des march\u00e9s d&#039;investissement, se retrouvent \u00e9touff\u00e9es sous la forte pression de l&#039;attentisme et ...\" \/>\n<meta property=\"og:url\" content=\"https:\/\/www.gold.fr\/news\/2016\/09\/15\/marches-pression-de-fed\/\" \/>\n<meta property=\"og:site_name\" content=\"Gold.fr\" \/>\n<meta property=\"article:publisher\" content=\"https:\/\/www.facebook.com\/Goldfr\/\" \/>\n<meta property=\"article:published_time\" content=\"2016-09-15T11:00:19+00:00\" \/>\n<meta property=\"article:modified_time\" content=\"2021-01-13T13:55:45+00:00\" \/>\n<meta property=\"og:image\" content=\"https:\/\/www.gold.fr\/news\/wp-content\/uploads\/2012\/08\/evolution-cours-or-bourse.jpg\" \/>\n\t<meta property=\"og:image:width\" content=\"600\" \/>\n\t<meta property=\"og:image:height\" content=\"429\" \/>\n\t<meta property=\"og:image:type\" content=\"image\/jpeg\" \/>\n<meta name=\"author\" content=\"Comptoir National de l&#039;Or\" \/>\n<meta name=\"twitter:card\" content=\"summary_large_image\" \/>\n<meta name=\"twitter:label1\" content=\"\u00c9crit par\" \/>\n\t<meta name=\"twitter:data1\" content=\"Comptoir National de l&#039;Or\" \/>\n\t<meta name=\"twitter:label2\" content=\"Dur\u00e9e de lecture estim\u00e9e\" \/>\n\t<meta name=\"twitter:data2\" content=\"1 minute\" \/>\n<script type=\"application\/ld+json\" class=\"yoast-schema-graph\">{\"@context\":\"https:\\\/\\\/schema.org\",\"@graph\":[{\"@type\":\"Article\",\"@id\":\"https:\\\/\\\/www.gold.fr\\\/news\\\/2016\\\/09\\\/15\\\/marches-pression-de-fed\\\/#article\",\"isPartOf\":{\"@id\":\"https:\\\/\\\/www.gold.fr\\\/news\\\/2016\\\/09\\\/15\\\/marches-pression-de-fed\\\/\"},\"author\":{\"name\":\"Comptoir National de l'Or\",\"@id\":\"https:\\\/\\\/www.gold.fr\\\/news\\\/#\\\/schema\\\/person\\\/070491b4b4fb7671bf59b3be20302ce9\"},\"headline\":\"Les march\u00e9s sous la pression de la FED\",\"datePublished\":\"2016-09-15T11:00:19+00:00\",\"dateModified\":\"2021-01-13T13:55:45+00:00\",\"mainEntityOfPage\":{\"@id\":\"https:\\\/\\\/www.gold.fr\\\/news\\\/2016\\\/09\\\/15\\\/marches-pression-de-fed\\\/\"},\"wordCount\":275,\"image\":{\"@id\":\"https:\\\/\\\/www.gold.fr\\\/news\\\/2016\\\/09\\\/15\\\/marches-pression-de-fed\\\/#primaryimage\"},\"thumbnailUrl\":\"https:\\\/\\\/www.gold.fr\\\/news\\\/wp-content\\\/uploads\\\/2012\\\/08\\\/evolution-cours-or-bourse.jpg\",\"keywords\":[\"fed\",\"march\u00e9\"],\"articleSection\":[\"Flash infos\"],\"inLanguage\":\"fr-FR\"},{\"@type\":\"WebPage\",\"@id\":\"https:\\\/\\\/www.gold.fr\\\/news\\\/2016\\\/09\\\/15\\\/marches-pression-de-fed\\\/\",\"url\":\"https:\\\/\\\/www.gold.fr\\\/news\\\/2016\\\/09\\\/15\\\/marches-pression-de-fed\\\/\",\"name\":\"Les march\u00e9s sous la pression de la FED\",\"isPartOf\":{\"@id\":\"https:\\\/\\\/www.gold.fr\\\/news\\\/#website\"},\"primaryImageOfPage\":{\"@id\":\"https:\\\/\\\/www.gold.fr\\\/news\\\/2016\\\/09\\\/15\\\/marches-pression-de-fed\\\/#primaryimage\"},\"image\":{\"@id\":\"https:\\\/\\\/www.gold.fr\\\/news\\\/2016\\\/09\\\/15\\\/marches-pression-de-fed\\\/#primaryimage\"},\"thumbnailUrl\":\"https:\\\/\\\/www.gold.fr\\\/news\\\/wp-content\\\/uploads\\\/2012\\\/08\\\/evolution-cours-or-bourse.jpg\",\"datePublished\":\"2016-09-15T11:00:19+00:00\",\"dateModified\":\"2021-01-13T13:55:45+00:00\",\"author\":{\"@id\":\"https:\\\/\\\/www.gold.fr\\\/news\\\/#\\\/schema\\\/person\\\/070491b4b4fb7671bf59b3be20302ce9\"},\"description\":\"les rares tentatives de reprise, au sein des march\u00e9s d'investissement, se retrouvent \u00e9touff\u00e9es sous la forte pression de l'attentisme et ...\",\"breadcrumb\":{\"@id\":\"https:\\\/\\\/www.gold.fr\\\/news\\\/2016\\\/09\\\/15\\\/marches-pression-de-fed\\\/#breadcrumb\"},\"inLanguage\":\"fr-FR\",\"potentialAction\":[{\"@type\":\"ReadAction\",\"target\":[\"https:\\\/\\\/www.gold.fr\\\/news\\\/2016\\\/09\\\/15\\\/marches-pression-de-fed\\\/\"]}]},{\"@type\":\"ImageObject\",\"inLanguage\":\"fr-FR\",\"@id\":\"https:\\\/\\\/www.gold.fr\\\/news\\\/2016\\\/09\\\/15\\\/marches-pression-de-fed\\\/#primaryimage\",\"url\":\"https:\\\/\\\/www.gold.fr\\\/news\\\/wp-content\\\/uploads\\\/2012\\\/08\\\/evolution-cours-or-bourse.jpg\",\"contentUrl\":\"https:\\\/\\\/www.gold.fr\\\/news\\\/wp-content\\\/uploads\\\/2012\\\/08\\\/evolution-cours-or-bourse.jpg\",\"width\":\"600\",\"height\":\"429\",\"caption\":\"Evolution de l\u2019or : La FED va-t-elle continuer \u00e0 servir de catalyseur ?\"},{\"@type\":\"BreadcrumbList\",\"@id\":\"https:\\\/\\\/www.gold.fr\\\/news\\\/2016\\\/09\\\/15\\\/marches-pression-de-fed\\\/#breadcrumb\",\"itemListElement\":[{\"@type\":\"ListItem\",\"position\":1,\"name\":\"Accueil\",\"item\":\"https:\\\/\\\/www.gold.fr\\\/\"},{\"@type\":\"ListItem\",\"position\":2,\"name\":\"Actualit\u00e9s\",\"item\":\"https:\\\/\\\/www.gold.fr\\\/news\\\/\"},{\"@type\":\"ListItem\",\"position\":3,\"name\":\"Les march\u00e9s sous la pression de la FED\"}]},{\"@type\":\"WebSite\",\"@id\":\"https:\\\/\\\/www.gold.fr\\\/news\\\/#website\",\"url\":\"https:\\\/\\\/www.gold.fr\\\/news\\\/\",\"name\":\"Gold.fr\",\"description\":\"Actualit\u00e9s de l&#039;Or et des m\u00e9taux pr\u00e9cieux\",\"potentialAction\":[{\"@type\":\"SearchAction\",\"target\":{\"@type\":\"EntryPoint\",\"urlTemplate\":\"https:\\\/\\\/www.gold.fr\\\/news\\\/?s={search_term_string}\"},\"query-input\":{\"@type\":\"PropertyValueSpecification\",\"valueRequired\":true,\"valueName\":\"search_term_string\"}}],\"inLanguage\":\"fr-FR\"},{\"@type\":\"Person\",\"@id\":\"https:\\\/\\\/www.gold.fr\\\/news\\\/#\\\/schema\\\/person\\\/070491b4b4fb7671bf59b3be20302ce9\",\"name\":\"Comptoir National de l'Or\",\"image\":{\"@type\":\"ImageObject\",\"inLanguage\":\"fr-FR\",\"@id\":\"https:\\\/\\\/secure.gravatar.com\\\/avatar\\\/0a2867fd5abe37bed95d5a65e9d58f01756e11efc68af9888dfc50cfa7f65948?s=96&d=mm&r=gb490554db0a38188709de567aa58480d\",\"url\":\"https:\\\/\\\/secure.gravatar.com\\\/avatar\\\/0a2867fd5abe37bed95d5a65e9d58f01756e11efc68af9888dfc50cfa7f65948?s=96&d=mm&r=g\",\"contentUrl\":\"https:\\\/\\\/secure.gravatar.com\\\/avatar\\\/0a2867fd5abe37bed95d5a65e9d58f01756e11efc68af9888dfc50cfa7f65948?s=96&d=mm&r=g\",\"caption\":\"Comptoir National de l'Or\"},\"description\":\"Notre r\u00e9daction est constitu\u00e9e de membres experts dans les m\u00e9tiers de l'\u00e9conomie et la gestion, des Responsables d'agence Comptoir National de l'Or, des analystes financiers qui publient r\u00e9guli\u00e8rement des \u00e9tudes sur les politiques des banques centrales, le cours de l'or, prix de l'or, cours de l'argent, prix de l'argent, cours du platine, cours du palladium,... la situation en zone euro et l'impact de la strat\u00e9gie mon\u00e9taire de la FED. Notre \u00e9quipe scrute \u00e9galement une information plus g\u00e9n\u00e9raliste \u00e0 la recherche d'actualit\u00e9 \\\"p\u00e9pite\\\" \u00e0 vous partager. Depuis 5 ans, nous avons publi\u00e9 un peu plus de 4000 articles qui s'adressent \u00e0 un public large et vari\u00e9 ayant pour objectif de satisfaire votre curiosit\u00e9 et de partager avec vous une certaine fascination pour le m\u00e9tal jaune, le rachat d'or, et pour ceux qui veulent investir dans l'or, vendre leur or tout simplement en savoir plus... Pour tous vos achat or et argent, n'h\u00e9sitez pas \u00e0 prendre rendez-vous dans l'un de nos nombreux comptoirs.\",\"sameAs\":[\"https:\\\/\\\/www.gold.fr\"]}]}<\/script>\n<!-- \/ Yoast SEO plugin. -->","yoast_head_json":{"title":"Les march\u00e9s sous la pression de la FED","description":"les rares tentatives de reprise, au sein des march\u00e9s d'investissement, se retrouvent \u00e9touff\u00e9es sous la forte pression de l'attentisme et ...","robots":{"index":"index","follow":"follow","max-snippet":"max-snippet:-1","max-image-preview":"max-image-preview:large","max-video-preview":"max-video-preview:-1"},"canonical":"https:\/\/www.gold.fr\/news\/2016\/09\/15\/marches-pression-de-fed\/","og_locale":"fr_FR","og_type":"article","og_title":"Les march\u00e9s sous la pression de la FED","og_description":"les rares tentatives de reprise, au sein des march\u00e9s d'investissement, se retrouvent \u00e9touff\u00e9es sous la forte pression de l'attentisme et ...","og_url":"https:\/\/www.gold.fr\/news\/2016\/09\/15\/marches-pression-de-fed\/","og_site_name":"Gold.fr","article_publisher":"https:\/\/www.facebook.com\/Goldfr\/","article_published_time":"2016-09-15T11:00:19+00:00","article_modified_time":"2021-01-13T13:55:45+00:00","og_image":[{"width":600,"height":429,"url":"https:\/\/www.gold.fr\/news\/wp-content\/uploads\/2012\/08\/evolution-cours-or-bourse.jpg","type":"image\/jpeg"}],"author":"Comptoir National de l'Or","twitter_card":"summary_large_image","twitter_misc":{"\u00c9crit par":"Comptoir National de l'Or","Dur\u00e9e de lecture estim\u00e9e":"1 minute"},"schema":{"@context":"https:\/\/schema.org","@graph":[{"@type":"Article","@id":"https:\/\/www.gold.fr\/news\/2016\/09\/15\/marches-pression-de-fed\/#article","isPartOf":{"@id":"https:\/\/www.gold.fr\/news\/2016\/09\/15\/marches-pression-de-fed\/"},"author":{"name":"Comptoir National de l'Or","@id":"https:\/\/www.gold.fr\/news\/#\/schema\/person\/070491b4b4fb7671bf59b3be20302ce9"},"headline":"Les march\u00e9s sous la pression de la FED","datePublished":"2016-09-15T11:00:19+00:00","dateModified":"2021-01-13T13:55:45+00:00","mainEntityOfPage":{"@id":"https:\/\/www.gold.fr\/news\/2016\/09\/15\/marches-pression-de-fed\/"},"wordCount":275,"image":{"@id":"https:\/\/www.gold.fr\/news\/2016\/09\/15\/marches-pression-de-fed\/#primaryimage"},"thumbnailUrl":"https:\/\/www.gold.fr\/news\/wp-content\/uploads\/2012\/08\/evolution-cours-or-bourse.jpg","keywords":["fed","march\u00e9"],"articleSection":["Flash infos"],"inLanguage":"fr-FR"},{"@type":"WebPage","@id":"https:\/\/www.gold.fr\/news\/2016\/09\/15\/marches-pression-de-fed\/","url":"https:\/\/www.gold.fr\/news\/2016\/09\/15\/marches-pression-de-fed\/","name":"Les march\u00e9s sous la pression de la FED","isPartOf":{"@id":"https:\/\/www.gold.fr\/news\/#website"},"primaryImageOfPage":{"@id":"https:\/\/www.gold.fr\/news\/2016\/09\/15\/marches-pression-de-fed\/#primaryimage"},"image":{"@id":"https:\/\/www.gold.fr\/news\/2016\/09\/15\/marches-pression-de-fed\/#primaryimage"},"thumbnailUrl":"https:\/\/www.gold.fr\/news\/wp-content\/uploads\/2012\/08\/evolution-cours-or-bourse.jpg","datePublished":"2016-09-15T11:00:19+00:00","dateModified":"2021-01-13T13:55:45+00:00","author":{"@id":"https:\/\/www.gold.fr\/news\/#\/schema\/person\/070491b4b4fb7671bf59b3be20302ce9"},"description":"les rares tentatives de reprise, au sein des march\u00e9s d'investissement, se retrouvent \u00e9touff\u00e9es sous la forte pression de l'attentisme et ...","breadcrumb":{"@id":"https:\/\/www.gold.fr\/news\/2016\/09\/15\/marches-pression-de-fed\/#breadcrumb"},"inLanguage":"fr-FR","potentialAction":[{"@type":"ReadAction","target":["https:\/\/www.gold.fr\/news\/2016\/09\/15\/marches-pression-de-fed\/"]}]},{"@type":"ImageObject","inLanguage":"fr-FR","@id":"https:\/\/www.gold.fr\/news\/2016\/09\/15\/marches-pression-de-fed\/#primaryimage","url":"https:\/\/www.gold.fr\/news\/wp-content\/uploads\/2012\/08\/evolution-cours-or-bourse.jpg","contentUrl":"https:\/\/www.gold.fr\/news\/wp-content\/uploads\/2012\/08\/evolution-cours-or-bourse.jpg","width":"600","height":"429","caption":"Evolution de l\u2019or : La FED va-t-elle continuer \u00e0 servir de catalyseur ?"},{"@type":"BreadcrumbList","@id":"https:\/\/www.gold.fr\/news\/2016\/09\/15\/marches-pression-de-fed\/#breadcrumb","itemListElement":[{"@type":"ListItem","position":1,"name":"Accueil","item":"https:\/\/www.gold.fr\/"},{"@type":"ListItem","position":2,"name":"Actualit\u00e9s","item":"https:\/\/www.gold.fr\/news\/"},{"@type":"ListItem","position":3,"name":"Les march\u00e9s sous la pression de la FED"}]},{"@type":"WebSite","@id":"https:\/\/www.gold.fr\/news\/#website","url":"https:\/\/www.gold.fr\/news\/","name":"Gold.fr","description":"Actualit\u00e9s de l&#039;Or et des m\u00e9taux pr\u00e9cieux","potentialAction":[{"@type":"SearchAction","target":{"@type":"EntryPoint","urlTemplate":"https:\/\/www.gold.fr\/news\/?s={search_term_string}"},"query-input":{"@type":"PropertyValueSpecification","valueRequired":true,"valueName":"search_term_string"}}],"inLanguage":"fr-FR"},{"@type":"Person","@id":"https:\/\/www.gold.fr\/news\/#\/schema\/person\/070491b4b4fb7671bf59b3be20302ce9","name":"Comptoir National de l'Or","image":{"@type":"ImageObject","inLanguage":"fr-FR","@id":"https:\/\/secure.gravatar.com\/avatar\/0a2867fd5abe37bed95d5a65e9d58f01756e11efc68af9888dfc50cfa7f65948?s=96&d=mm&r=gb490554db0a38188709de567aa58480d","url":"https:\/\/secure.gravatar.com\/avatar\/0a2867fd5abe37bed95d5a65e9d58f01756e11efc68af9888dfc50cfa7f65948?s=96&d=mm&r=g","contentUrl":"https:\/\/secure.gravatar.com\/avatar\/0a2867fd5abe37bed95d5a65e9d58f01756e11efc68af9888dfc50cfa7f65948?s=96&d=mm&r=g","caption":"Comptoir National de l'Or"},"description":"Notre r\u00e9daction est constitu\u00e9e de membres experts dans les m\u00e9tiers de l'\u00e9conomie et la gestion, des Responsables d'agence Comptoir National de l'Or, des analystes financiers qui publient r\u00e9guli\u00e8rement des \u00e9tudes sur les politiques des banques centrales, le cours de l'or, prix de l'or, cours de l'argent, prix de l'argent, cours du platine, cours du palladium,... la situation en zone euro et l'impact de la strat\u00e9gie mon\u00e9taire de la FED. Notre \u00e9quipe scrute \u00e9galement une information plus g\u00e9n\u00e9raliste \u00e0 la recherche d'actualit\u00e9 \"p\u00e9pite\" \u00e0 vous partager. Depuis 5 ans, nous avons publi\u00e9 un peu plus de 4000 articles qui s'adressent \u00e0 un public large et vari\u00e9 ayant pour objectif de satisfaire votre curiosit\u00e9 et de partager avec vous une certaine fascination pour le m\u00e9tal jaune, le rachat d'or, et pour ceux qui veulent investir dans l'or, vendre leur or tout simplement en savoir plus... Pour tous vos achat or et argent, n'h\u00e9sitez pas \u00e0 prendre rendez-vous dans l'un de nos nombreux comptoirs.","sameAs":["https:\/\/www.gold.fr"]}]}},"authors":[{"term_id":2565,"user_id":18,"is_guest":0,"slug":"julie","display_name":"Comptoir National de l'Or","avatar_url":"https:\/\/secure.gravatar.com\/avatar\/713f289e398d35ead876c4a4cc08607f0d6d266058cfc25683fffb6092d0e572?s=96&d=mm&r=g","0":null,"1":"","2":"","3":"","4":"","5":"","6":"","7":"","8":""}],"_links":{"self":[{"href":"https:\/\/www.gold.fr\/news\/wp-json\/wp\/v2\/posts\/20120","targetHints":{"allow":["GET"]}}],"collection":[{"href":"https:\/\/www.gold.fr\/news\/wp-json\/wp\/v2\/posts"}],"about":[{"href":"https:\/\/www.gold.fr\/news\/wp-json\/wp\/v2\/types\/post"}],"author":[{"embeddable":true,"href":"https:\/\/www.gold.fr\/news\/wp-json\/wp\/v2\/users\/18"}],"replies":[{"embeddable":true,"href":"https:\/\/www.gold.fr\/news\/wp-json\/wp\/v2\/comments?post=20120"}],"version-history":[{"count":0,"href":"https:\/\/www.gold.fr\/news\/wp-json\/wp\/v2\/posts\/20120\/revisions"}],"wp:featuredmedia":[{"embeddable":true,"href":"https:\/\/www.gold.fr\/news\/wp-json\/wp\/v2\/media\/9071"}],"wp:attachment":[{"href":"https:\/\/www.gold.fr\/news\/wp-json\/wp\/v2\/media?parent=20120"}],"wp:term":[{"taxonomy":"category","embeddable":true,"href":"https:\/\/www.gold.fr\/news\/wp-json\/wp\/v2\/categories?post=20120"},{"taxonomy":"post_tag","embeddable":true,"href":"https:\/\/www.gold.fr\/news\/wp-json\/wp\/v2\/tags?post=20120"},{"taxonomy":"author","embeddable":true,"href":"https:\/\/www.gold.fr\/news\/wp-json\/wp\/v2\/ppma_author?post=20120"}],"curies":[{"name":"wp","href":"https:\/\/api.w.org\/{rel}","templated":true}]}}