{"id":20114,"date":"2016-09-16T10:00:15","date_gmt":"2016-09-16T08:00:15","guid":{"rendered":"https:\/\/www.gold.fr\/news\/?p=20114"},"modified":"2021-01-13T14:55:57","modified_gmt":"2021-01-13T13:55:57","slug":"investisseurs-a-lorigine-de-hausse-de-lor","status":"publish","type":"post","link":"https:\/\/www.gold.fr\/news\/2016\/09\/16\/investisseurs-a-lorigine-de-hausse-de-lor\/","title":{"rendered":"Qui sont les investisseurs \u00e0 l\u2019origine de la hausse de l\u2019or ?"},"content":{"rendered":"<p><img loading=\"lazy\" decoding=\"async\" class=\"alignleft wp-image-5765 size-thumbnail\" title=\"Qui sont les investisseurs \u00e0 l\u2019origine de la hausse de l\u2019or ?\" src=\"https:\/\/www.gold.fr\/news\/wp-content\/uploads\/2012\/02\/Or-investissement-150x150.jpg\" alt=\"Qui sont les investisseurs \u00e0 l\u2019origine de la hausse de l\u2019or ?\" width=\"150\" height=\"150\" \/>Certes, la r\u00e9cente \u00e9volution dans le vert du <a class=\"esk-seo-plu-link\" href=\"https:\/\/www.gold.fr\/news\/tags\/or\">m\u00e9tal jaune<\/a> est essentiellement d\u00fbe \u00e0 un courant haussier qui ne cesse de se renforcer depuis le d\u00e9but du deuxi\u00e8me semestre 2015. Les observateurs sont toutefois divis\u00e9s aujourd&rsquo;hui concernant la nature des investisseurs qui ont \u00e9t\u00e9 au soutien de ce courant. Et c&rsquo;est un d\u00e9bat qui devient d&rsquo;autant plus pertinent actuellement, avec la solide stabilisation de l&rsquo;once, dans un contexte souvent mitig\u00e9 et plomb\u00e9 par l&rsquo;incertitude.<\/p>\n<p>D&rsquo;apr\u00e8s la soci\u00e9t\u00e9 Source, l&rsquo;un des fournisseurs de fonds indiciels cot\u00e9s (ETF) leaders en Europe, la r\u00e9ponse r\u00e9side des deux c\u00f4t\u00e9s de la barri\u00e8re. En d&rsquo;autres termes, peu importe sa motivation (\u00ab optimiste ou pessimiste \u00bb) et sa perception de la conjoncture \u00e9conomique mondiale, un investisseur va forc\u00e9ment trouver int\u00e9r\u00eat \u00e0 parier sur l&rsquo;<a class=\"esk-seo-plu-link\" href=\"https:\/\/www.gold.fr\/news\/tags\/or\">or<\/a>.<\/p>\n<p>Si les plus sceptiques voient dans le <a class=\"esk-seo-plu-link\" href=\"https:\/\/www.gold.fr\/news\/tags\/or\">m\u00e9tal jaune<\/a> une valeur refuge \u00e0 toute \u00e9preuve (crises \u00e9conomiques, crashs bancaires, conflits g\u00e9opolitiques), les plus optimistes, eux, investissent dans l&rsquo;<a class=\"esk-seo-plu-link\" href=\"https:\/\/www.gold.fr\/news\/tags\/or\">or<\/a> afin de minimiser les risques qui d\u00e9coulent d&rsquo;actifs inclus dans leurs portefeuilles. Matt Johnson, directeur de la distribution europ\u00e9enne chez Source, r\u00e9sume la situation du march\u00e9 en soulignant qu&rsquo;une cat\u00e9gorie d&rsquo;investisseurs table sur l&rsquo;<a class=\"esk-seo-plu-link\" href=\"https:\/\/www.gold.fr\/news\/tags\/or\">or<\/a>, dans une optique de \u00ab prudence extr\u00eame \u00bb, privil\u00e9giant des \u00ab actifs s\u00fbrs \u00bb. D&rsquo;autres, plus attir\u00e9s par le risque, font tout de m\u00eame le choix rationnel de se prot\u00e9ger \u00ab contre toute correction massive en achetant \u00e9galement de l&rsquo;<a class=\"esk-seo-plu-link\" href=\"https:\/\/www.gold.fr\/news\/tags\/or\">or<\/a> \u00bb.<\/p>\n<!-- AddThis Advanced Settings generic via filter on the_content --><!-- AddThis Share Buttons generic via filter on the_content -->","protected":false},"excerpt":{"rendered":"<p>Certes, la r\u00e9cente \u00e9volution dans le vert du m\u00e9tal jaune est essentiellement d\u00fbe \u00e0 un courant haussier qui ne cesse de se renforcer depuis le d\u00e9but du deuxi\u00e8me semestre 2015. Les observateurs sont toutefois divis\u00e9s aujourd&rsquo;hui [&hellip;]<\/p>\n","protected":false},"author":18,"featured_media":5765,"comment_status":"closed","ping_status":"closed","sticky":false,"template":"","format":"standard","meta":{"_mbp_gutenberg_autopost":false,"_pgmb_is_evergreen":false,"_pgmb_ap_template_id":0,"footnotes":""},"categories":[6],"tags":[767,456,76],"ppma_author":[2565],"class_list":["post-20114","post","type-post","status-publish","format-standard","has-post-thumbnail","hentry","category-articles-de-presse","tag-hausse-cours-de-lor","tag-investir-dans-lor","tag-or"],"yoast_head":"<!-- This site is optimized with the Yoast SEO plugin v27.5 - https:\/\/yoast.com\/product\/yoast-seo-wordpress\/ -->\n<title>Qui sont les investisseurs \u00e0 l\u2019origine de la hausse de l\u2019or ?<\/title>\n<meta name=\"description\" content=\"Certes, la r\u00e9cente \u00e9volution dans le vert du m\u00e9tal jaune est essentiellement d\u00fbe \u00e0 un courant haussier qui ne cesse de se renforcer depuis ...\" \/>\n<meta name=\"robots\" content=\"index, follow, max-snippet:-1, max-image-preview:large, max-video-preview:-1\" \/>\n<link rel=\"canonical\" href=\"https:\/\/www.gold.fr\/news\/2016\/09\/16\/investisseurs-a-lorigine-de-hausse-de-lor\/\" \/>\n<meta property=\"og:locale\" content=\"fr_FR\" \/>\n<meta property=\"og:type\" content=\"article\" \/>\n<meta property=\"og:title\" content=\"Qui sont les investisseurs \u00e0 l\u2019origine de la hausse de l\u2019or ?\" \/>\n<meta property=\"og:description\" content=\"Certes, la r\u00e9cente \u00e9volution dans le vert du m\u00e9tal jaune est essentiellement d\u00fbe \u00e0 un courant haussier qui ne cesse de se renforcer depuis ...\" \/>\n<meta property=\"og:url\" content=\"https:\/\/www.gold.fr\/news\/2016\/09\/16\/investisseurs-a-lorigine-de-hausse-de-lor\/\" \/>\n<meta property=\"og:site_name\" content=\"Gold.fr\" \/>\n<meta property=\"article:publisher\" content=\"https:\/\/www.facebook.com\/Goldfr\/\" \/>\n<meta property=\"article:published_time\" content=\"2016-09-16T08:00:15+00:00\" \/>\n<meta property=\"article:modified_time\" content=\"2021-01-13T13:55:57+00:00\" \/>\n<meta property=\"og:image\" content=\"https:\/\/www.gold.fr\/news\/wp-content\/uploads\/2012\/02\/Or-investissement.jpg\" \/>\n\t<meta property=\"og:image:width\" content=\"600\" \/>\n\t<meta property=\"og:image:height\" content=\"424\" \/>\n\t<meta property=\"og:image:type\" content=\"image\/jpeg\" \/>\n<meta name=\"author\" content=\"Comptoir National de l&#039;Or\" \/>\n<meta name=\"twitter:card\" content=\"summary_large_image\" \/>\n<meta name=\"twitter:label1\" content=\"\u00c9crit par\" \/>\n\t<meta name=\"twitter:data1\" content=\"Comptoir National de l&#039;Or\" \/>\n\t<meta name=\"twitter:label2\" content=\"Dur\u00e9e de lecture estim\u00e9e\" \/>\n\t<meta name=\"twitter:data2\" content=\"1 minute\" \/>\n<script type=\"application\/ld+json\" class=\"yoast-schema-graph\">{\"@context\":\"https:\\\/\\\/schema.org\",\"@graph\":[{\"@type\":\"Article\",\"@id\":\"https:\\\/\\\/www.gold.fr\\\/news\\\/2016\\\/09\\\/16\\\/investisseurs-a-lorigine-de-hausse-de-lor\\\/#article\",\"isPartOf\":{\"@id\":\"https:\\\/\\\/www.gold.fr\\\/news\\\/2016\\\/09\\\/16\\\/investisseurs-a-lorigine-de-hausse-de-lor\\\/\"},\"author\":{\"name\":\"Comptoir National de l'Or\",\"@id\":\"https:\\\/\\\/www.gold.fr\\\/news\\\/#\\\/schema\\\/person\\\/070491b4b4fb7671bf59b3be20302ce9\"},\"headline\":\"Qui sont les investisseurs \u00e0 l\u2019origine de la hausse de l\u2019or ?\",\"datePublished\":\"2016-09-16T08:00:15+00:00\",\"dateModified\":\"2021-01-13T13:55:57+00:00\",\"mainEntityOfPage\":{\"@id\":\"https:\\\/\\\/www.gold.fr\\\/news\\\/2016\\\/09\\\/16\\\/investisseurs-a-lorigine-de-hausse-de-lor\\\/\"},\"wordCount\":277,\"image\":{\"@id\":\"https:\\\/\\\/www.gold.fr\\\/news\\\/2016\\\/09\\\/16\\\/investisseurs-a-lorigine-de-hausse-de-lor\\\/#primaryimage\"},\"thumbnailUrl\":\"https:\\\/\\\/www.gold.fr\\\/news\\\/wp-content\\\/uploads\\\/2012\\\/02\\\/Or-investissement.jpg\",\"keywords\":[\"hausse cours de l'or\",\"investir dans l'Or\",\"Or\"],\"articleSection\":[\"Articles de presse\"],\"inLanguage\":\"fr-FR\"},{\"@type\":\"WebPage\",\"@id\":\"https:\\\/\\\/www.gold.fr\\\/news\\\/2016\\\/09\\\/16\\\/investisseurs-a-lorigine-de-hausse-de-lor\\\/\",\"url\":\"https:\\\/\\\/www.gold.fr\\\/news\\\/2016\\\/09\\\/16\\\/investisseurs-a-lorigine-de-hausse-de-lor\\\/\",\"name\":\"Qui sont les investisseurs \u00e0 l\u2019origine de la hausse de l\u2019or ?\",\"isPartOf\":{\"@id\":\"https:\\\/\\\/www.gold.fr\\\/news\\\/#website\"},\"primaryImageOfPage\":{\"@id\":\"https:\\\/\\\/www.gold.fr\\\/news\\\/2016\\\/09\\\/16\\\/investisseurs-a-lorigine-de-hausse-de-lor\\\/#primaryimage\"},\"image\":{\"@id\":\"https:\\\/\\\/www.gold.fr\\\/news\\\/2016\\\/09\\\/16\\\/investisseurs-a-lorigine-de-hausse-de-lor\\\/#primaryimage\"},\"thumbnailUrl\":\"https:\\\/\\\/www.gold.fr\\\/news\\\/wp-content\\\/uploads\\\/2012\\\/02\\\/Or-investissement.jpg\",\"datePublished\":\"2016-09-16T08:00:15+00:00\",\"dateModified\":\"2021-01-13T13:55:57+00:00\",\"author\":{\"@id\":\"https:\\\/\\\/www.gold.fr\\\/news\\\/#\\\/schema\\\/person\\\/070491b4b4fb7671bf59b3be20302ce9\"},\"description\":\"Certes, la r\u00e9cente \u00e9volution dans le vert du m\u00e9tal jaune est essentiellement d\u00fbe \u00e0 un courant haussier qui ne cesse de se renforcer depuis ...\",\"breadcrumb\":{\"@id\":\"https:\\\/\\\/www.gold.fr\\\/news\\\/2016\\\/09\\\/16\\\/investisseurs-a-lorigine-de-hausse-de-lor\\\/#breadcrumb\"},\"inLanguage\":\"fr-FR\",\"potentialAction\":[{\"@type\":\"ReadAction\",\"target\":[\"https:\\\/\\\/www.gold.fr\\\/news\\\/2016\\\/09\\\/16\\\/investisseurs-a-lorigine-de-hausse-de-lor\\\/\"]}]},{\"@type\":\"ImageObject\",\"inLanguage\":\"fr-FR\",\"@id\":\"https:\\\/\\\/www.gold.fr\\\/news\\\/2016\\\/09\\\/16\\\/investisseurs-a-lorigine-de-hausse-de-lor\\\/#primaryimage\",\"url\":\"https:\\\/\\\/www.gold.fr\\\/news\\\/wp-content\\\/uploads\\\/2012\\\/02\\\/Or-investissement.jpg\",\"contentUrl\":\"https:\\\/\\\/www.gold.fr\\\/news\\\/wp-content\\\/uploads\\\/2012\\\/02\\\/Or-investissement.jpg\",\"width\":\"600\",\"height\":\"424\",\"caption\":\"Or : comment optimiser son investissement ?\"},{\"@type\":\"BreadcrumbList\",\"@id\":\"https:\\\/\\\/www.gold.fr\\\/news\\\/2016\\\/09\\\/16\\\/investisseurs-a-lorigine-de-hausse-de-lor\\\/#breadcrumb\",\"itemListElement\":[{\"@type\":\"ListItem\",\"position\":1,\"name\":\"Accueil\",\"item\":\"https:\\\/\\\/www.gold.fr\\\/\"},{\"@type\":\"ListItem\",\"position\":2,\"name\":\"Actualit\u00e9s\",\"item\":\"https:\\\/\\\/www.gold.fr\\\/news\\\/\"},{\"@type\":\"ListItem\",\"position\":3,\"name\":\"Qui sont les investisseurs \u00e0 l\u2019origine de la hausse de l\u2019or ?\"}]},{\"@type\":\"WebSite\",\"@id\":\"https:\\\/\\\/www.gold.fr\\\/news\\\/#website\",\"url\":\"https:\\\/\\\/www.gold.fr\\\/news\\\/\",\"name\":\"Gold.fr\",\"description\":\"Actualit\u00e9s de l&#039;Or et des m\u00e9taux pr\u00e9cieux\",\"potentialAction\":[{\"@type\":\"SearchAction\",\"target\":{\"@type\":\"EntryPoint\",\"urlTemplate\":\"https:\\\/\\\/www.gold.fr\\\/news\\\/?s={search_term_string}\"},\"query-input\":{\"@type\":\"PropertyValueSpecification\",\"valueRequired\":true,\"valueName\":\"search_term_string\"}}],\"inLanguage\":\"fr-FR\"},{\"@type\":\"Person\",\"@id\":\"https:\\\/\\\/www.gold.fr\\\/news\\\/#\\\/schema\\\/person\\\/070491b4b4fb7671bf59b3be20302ce9\",\"name\":\"Comptoir National de l'Or\",\"image\":{\"@type\":\"ImageObject\",\"inLanguage\":\"fr-FR\",\"@id\":\"https:\\\/\\\/secure.gravatar.com\\\/avatar\\\/0a2867fd5abe37bed95d5a65e9d58f01756e11efc68af9888dfc50cfa7f65948?s=96&d=mm&r=gb490554db0a38188709de567aa58480d\",\"url\":\"https:\\\/\\\/secure.gravatar.com\\\/avatar\\\/0a2867fd5abe37bed95d5a65e9d58f01756e11efc68af9888dfc50cfa7f65948?s=96&d=mm&r=g\",\"contentUrl\":\"https:\\\/\\\/secure.gravatar.com\\\/avatar\\\/0a2867fd5abe37bed95d5a65e9d58f01756e11efc68af9888dfc50cfa7f65948?s=96&d=mm&r=g\",\"caption\":\"Comptoir National de l'Or\"},\"description\":\"Notre r\u00e9daction est constitu\u00e9e de membres experts dans les m\u00e9tiers de l'\u00e9conomie et la gestion, des Responsables d'agence Comptoir National de l'Or, des analystes financiers qui publient r\u00e9guli\u00e8rement des \u00e9tudes sur les politiques des banques centrales, le cours de l'or, prix de l'or, cours de l'argent, prix de l'argent, cours du platine, cours du palladium,... la situation en zone euro et l'impact de la strat\u00e9gie mon\u00e9taire de la FED. Notre \u00e9quipe scrute \u00e9galement une information plus g\u00e9n\u00e9raliste \u00e0 la recherche d'actualit\u00e9 \\\"p\u00e9pite\\\" \u00e0 vous partager. Depuis 5 ans, nous avons publi\u00e9 un peu plus de 4000 articles qui s'adressent \u00e0 un public large et vari\u00e9 ayant pour objectif de satisfaire votre curiosit\u00e9 et de partager avec vous une certaine fascination pour le m\u00e9tal jaune, le rachat d'or, et pour ceux qui veulent investir dans l'or, vendre leur or tout simplement en savoir plus... Pour tous vos achat or et argent, n'h\u00e9sitez pas \u00e0 prendre rendez-vous dans l'un de nos nombreux comptoirs.\",\"sameAs\":[\"https:\\\/\\\/www.gold.fr\"]}]}<\/script>\n<!-- \/ Yoast SEO plugin. -->","yoast_head_json":{"title":"Qui sont les investisseurs \u00e0 l\u2019origine de la hausse de l\u2019or ?","description":"Certes, la r\u00e9cente \u00e9volution dans le vert du m\u00e9tal jaune est essentiellement d\u00fbe \u00e0 un courant haussier qui ne cesse de se renforcer depuis ...","robots":{"index":"index","follow":"follow","max-snippet":"max-snippet:-1","max-image-preview":"max-image-preview:large","max-video-preview":"max-video-preview:-1"},"canonical":"https:\/\/www.gold.fr\/news\/2016\/09\/16\/investisseurs-a-lorigine-de-hausse-de-lor\/","og_locale":"fr_FR","og_type":"article","og_title":"Qui sont les investisseurs \u00e0 l\u2019origine de la hausse de l\u2019or ?","og_description":"Certes, la r\u00e9cente \u00e9volution dans le vert du m\u00e9tal jaune est essentiellement d\u00fbe \u00e0 un courant haussier qui ne cesse de se renforcer depuis ...","og_url":"https:\/\/www.gold.fr\/news\/2016\/09\/16\/investisseurs-a-lorigine-de-hausse-de-lor\/","og_site_name":"Gold.fr","article_publisher":"https:\/\/www.facebook.com\/Goldfr\/","article_published_time":"2016-09-16T08:00:15+00:00","article_modified_time":"2021-01-13T13:55:57+00:00","og_image":[{"width":600,"height":424,"url":"https:\/\/www.gold.fr\/news\/wp-content\/uploads\/2012\/02\/Or-investissement.jpg","type":"image\/jpeg"}],"author":"Comptoir National de l'Or","twitter_card":"summary_large_image","twitter_misc":{"\u00c9crit par":"Comptoir National de l'Or","Dur\u00e9e de lecture estim\u00e9e":"1 minute"},"schema":{"@context":"https:\/\/schema.org","@graph":[{"@type":"Article","@id":"https:\/\/www.gold.fr\/news\/2016\/09\/16\/investisseurs-a-lorigine-de-hausse-de-lor\/#article","isPartOf":{"@id":"https:\/\/www.gold.fr\/news\/2016\/09\/16\/investisseurs-a-lorigine-de-hausse-de-lor\/"},"author":{"name":"Comptoir National de l'Or","@id":"https:\/\/www.gold.fr\/news\/#\/schema\/person\/070491b4b4fb7671bf59b3be20302ce9"},"headline":"Qui sont les investisseurs \u00e0 l\u2019origine de la hausse de l\u2019or ?","datePublished":"2016-09-16T08:00:15+00:00","dateModified":"2021-01-13T13:55:57+00:00","mainEntityOfPage":{"@id":"https:\/\/www.gold.fr\/news\/2016\/09\/16\/investisseurs-a-lorigine-de-hausse-de-lor\/"},"wordCount":277,"image":{"@id":"https:\/\/www.gold.fr\/news\/2016\/09\/16\/investisseurs-a-lorigine-de-hausse-de-lor\/#primaryimage"},"thumbnailUrl":"https:\/\/www.gold.fr\/news\/wp-content\/uploads\/2012\/02\/Or-investissement.jpg","keywords":["hausse cours de l'or","investir dans l'Or","Or"],"articleSection":["Articles de presse"],"inLanguage":"fr-FR"},{"@type":"WebPage","@id":"https:\/\/www.gold.fr\/news\/2016\/09\/16\/investisseurs-a-lorigine-de-hausse-de-lor\/","url":"https:\/\/www.gold.fr\/news\/2016\/09\/16\/investisseurs-a-lorigine-de-hausse-de-lor\/","name":"Qui sont les investisseurs \u00e0 l\u2019origine de la hausse de l\u2019or ?","isPartOf":{"@id":"https:\/\/www.gold.fr\/news\/#website"},"primaryImageOfPage":{"@id":"https:\/\/www.gold.fr\/news\/2016\/09\/16\/investisseurs-a-lorigine-de-hausse-de-lor\/#primaryimage"},"image":{"@id":"https:\/\/www.gold.fr\/news\/2016\/09\/16\/investisseurs-a-lorigine-de-hausse-de-lor\/#primaryimage"},"thumbnailUrl":"https:\/\/www.gold.fr\/news\/wp-content\/uploads\/2012\/02\/Or-investissement.jpg","datePublished":"2016-09-16T08:00:15+00:00","dateModified":"2021-01-13T13:55:57+00:00","author":{"@id":"https:\/\/www.gold.fr\/news\/#\/schema\/person\/070491b4b4fb7671bf59b3be20302ce9"},"description":"Certes, la r\u00e9cente \u00e9volution dans le vert du m\u00e9tal jaune est essentiellement d\u00fbe \u00e0 un courant haussier qui ne cesse de se renforcer depuis ...","breadcrumb":{"@id":"https:\/\/www.gold.fr\/news\/2016\/09\/16\/investisseurs-a-lorigine-de-hausse-de-lor\/#breadcrumb"},"inLanguage":"fr-FR","potentialAction":[{"@type":"ReadAction","target":["https:\/\/www.gold.fr\/news\/2016\/09\/16\/investisseurs-a-lorigine-de-hausse-de-lor\/"]}]},{"@type":"ImageObject","inLanguage":"fr-FR","@id":"https:\/\/www.gold.fr\/news\/2016\/09\/16\/investisseurs-a-lorigine-de-hausse-de-lor\/#primaryimage","url":"https:\/\/www.gold.fr\/news\/wp-content\/uploads\/2012\/02\/Or-investissement.jpg","contentUrl":"https:\/\/www.gold.fr\/news\/wp-content\/uploads\/2012\/02\/Or-investissement.jpg","width":"600","height":"424","caption":"Or : comment optimiser son investissement ?"},{"@type":"BreadcrumbList","@id":"https:\/\/www.gold.fr\/news\/2016\/09\/16\/investisseurs-a-lorigine-de-hausse-de-lor\/#breadcrumb","itemListElement":[{"@type":"ListItem","position":1,"name":"Accueil","item":"https:\/\/www.gold.fr\/"},{"@type":"ListItem","position":2,"name":"Actualit\u00e9s","item":"https:\/\/www.gold.fr\/news\/"},{"@type":"ListItem","position":3,"name":"Qui sont les investisseurs \u00e0 l\u2019origine de la hausse de l\u2019or ?"}]},{"@type":"WebSite","@id":"https:\/\/www.gold.fr\/news\/#website","url":"https:\/\/www.gold.fr\/news\/","name":"Gold.fr","description":"Actualit\u00e9s de l&#039;Or et des m\u00e9taux pr\u00e9cieux","potentialAction":[{"@type":"SearchAction","target":{"@type":"EntryPoint","urlTemplate":"https:\/\/www.gold.fr\/news\/?s={search_term_string}"},"query-input":{"@type":"PropertyValueSpecification","valueRequired":true,"valueName":"search_term_string"}}],"inLanguage":"fr-FR"},{"@type":"Person","@id":"https:\/\/www.gold.fr\/news\/#\/schema\/person\/070491b4b4fb7671bf59b3be20302ce9","name":"Comptoir National de l'Or","image":{"@type":"ImageObject","inLanguage":"fr-FR","@id":"https:\/\/secure.gravatar.com\/avatar\/0a2867fd5abe37bed95d5a65e9d58f01756e11efc68af9888dfc50cfa7f65948?s=96&d=mm&r=gb490554db0a38188709de567aa58480d","url":"https:\/\/secure.gravatar.com\/avatar\/0a2867fd5abe37bed95d5a65e9d58f01756e11efc68af9888dfc50cfa7f65948?s=96&d=mm&r=g","contentUrl":"https:\/\/secure.gravatar.com\/avatar\/0a2867fd5abe37bed95d5a65e9d58f01756e11efc68af9888dfc50cfa7f65948?s=96&d=mm&r=g","caption":"Comptoir National de l'Or"},"description":"Notre r\u00e9daction est constitu\u00e9e de membres experts dans les m\u00e9tiers de l'\u00e9conomie et la gestion, des Responsables d'agence Comptoir National de l'Or, des analystes financiers qui publient r\u00e9guli\u00e8rement des \u00e9tudes sur les politiques des banques centrales, le cours de l'or, prix de l'or, cours de l'argent, prix de l'argent, cours du platine, cours du palladium,... la situation en zone euro et l'impact de la strat\u00e9gie mon\u00e9taire de la FED. Notre \u00e9quipe scrute \u00e9galement une information plus g\u00e9n\u00e9raliste \u00e0 la recherche d'actualit\u00e9 \"p\u00e9pite\" \u00e0 vous partager. Depuis 5 ans, nous avons publi\u00e9 un peu plus de 4000 articles qui s'adressent \u00e0 un public large et vari\u00e9 ayant pour objectif de satisfaire votre curiosit\u00e9 et de partager avec vous une certaine fascination pour le m\u00e9tal jaune, le rachat d'or, et pour ceux qui veulent investir dans l'or, vendre leur or tout simplement en savoir plus... Pour tous vos achat or et argent, n'h\u00e9sitez pas \u00e0 prendre rendez-vous dans l'un de nos nombreux comptoirs.","sameAs":["https:\/\/www.gold.fr"]}]}},"authors":[{"term_id":2565,"user_id":18,"is_guest":0,"slug":"julie","display_name":"Comptoir National de l'Or","avatar_url":"https:\/\/secure.gravatar.com\/avatar\/713f289e398d35ead876c4a4cc08607f0d6d266058cfc25683fffb6092d0e572?s=96&d=mm&r=g","0":null,"1":"","2":"","3":"","4":"","5":"","6":"","7":"","8":""}],"_links":{"self":[{"href":"https:\/\/www.gold.fr\/news\/wp-json\/wp\/v2\/posts\/20114","targetHints":{"allow":["GET"]}}],"collection":[{"href":"https:\/\/www.gold.fr\/news\/wp-json\/wp\/v2\/posts"}],"about":[{"href":"https:\/\/www.gold.fr\/news\/wp-json\/wp\/v2\/types\/post"}],"author":[{"embeddable":true,"href":"https:\/\/www.gold.fr\/news\/wp-json\/wp\/v2\/users\/18"}],"replies":[{"embeddable":true,"href":"https:\/\/www.gold.fr\/news\/wp-json\/wp\/v2\/comments?post=20114"}],"version-history":[{"count":0,"href":"https:\/\/www.gold.fr\/news\/wp-json\/wp\/v2\/posts\/20114\/revisions"}],"wp:featuredmedia":[{"embeddable":true,"href":"https:\/\/www.gold.fr\/news\/wp-json\/wp\/v2\/media\/5765"}],"wp:attachment":[{"href":"https:\/\/www.gold.fr\/news\/wp-json\/wp\/v2\/media?parent=20114"}],"wp:term":[{"taxonomy":"category","embeddable":true,"href":"https:\/\/www.gold.fr\/news\/wp-json\/wp\/v2\/categories?post=20114"},{"taxonomy":"post_tag","embeddable":true,"href":"https:\/\/www.gold.fr\/news\/wp-json\/wp\/v2\/tags?post=20114"},{"taxonomy":"author","embeddable":true,"href":"https:\/\/www.gold.fr\/news\/wp-json\/wp\/v2\/ppma_author?post=20114"}],"curies":[{"name":"wp","href":"https:\/\/api.w.org\/{rel}","templated":true}]}}