{"id":20112,"date":"2016-09-15T10:00:27","date_gmt":"2016-09-15T08:00:27","guid":{"rendered":"https:\/\/www.gold.fr\/news\/?p=20112"},"modified":"2021-01-13T14:55:33","modified_gmt":"2021-01-13T13:55:33","slug":"or-perspectives-haussieres-marche-aurifere","status":"publish","type":"post","link":"https:\/\/www.gold.fr\/news\/2016\/09\/15\/or-perspectives-haussieres-marche-aurifere\/","title":{"rendered":"Or : Perspectives haussi\u00e8res pour le march\u00e9 aurif\u00e8re"},"content":{"rendered":"<p><img loading=\"lazy\" decoding=\"async\" class=\"alignleft wp-image-13847 size-thumbnail\" title=\"Or : Perspectives haussi\u00e8res pour le march\u00e9 aurif\u00e8re\" src=\"https:\/\/www.gold.fr\/news\/wp-content\/uploads\/2014\/02\/March\u00e9-haussier-or-150x150.jpg\" alt=\"Or : Perspectives haussi\u00e8res pour le march\u00e9 aurif\u00e8re\" width=\"150\" height=\"150\" \/>En d\u00e9pit des nombreuses d\u00e9clarations des responsables des diff\u00e9rentes antennes nationales de la FED, le <a class=\"esk-seo-plu-link\" href=\"https:\/\/www.gold.fr\/news\/tags\/or\">m\u00e9tal jaune<\/a> maintiendrait, selon les experts, ses perspectives haussi\u00e8res, sur le moyen et long terme.<\/p>\n<p>Ces pr\u00e9visions optimistes s&rsquo;appuient essentiellement sur l&rsquo;essoufflement de la croissance am\u00e9ricaine traduit par les r\u00e9cents r\u00e9sultats statistiques d\u00e9cevants de l&rsquo;\u00e9conomie US. Les observateurs estiment donc que la r\u00e9serve f\u00e9d\u00e9rale am\u00e9ricaine aurait tout int\u00e9r\u00eat \u00e0 reporter son prochain tour de vis mon\u00e9taire au mois de d\u00e9cembre.<\/p>\n<p>Cette perspective a eu pour effet de tirer la valeur du billet vert vers le bas, renfor\u00e7ant ainsi les positions haussi\u00e8res de l&rsquo;<a class=\"esk-seo-plu-link\" href=\"https:\/\/www.gold.fr\/news\/tags\/or\">or<\/a> (le <a class=\"esk-seo-plu-link\" href=\"https:\/\/www.gold.fr\/news\/tags\/or\">m\u00e9tal jaune<\/a> devenant plus attractif pour les d\u00e9tenteurs d&rsquo;autres devises). Et bien que le march\u00e9 aurif\u00e8re ait r\u00e9cemment enregistr\u00e9 un mouvement de consolidation relatif, la plupart des \u00e9conomistes affirment que le <a class=\"esk-seo-plu-link\" href=\"https:\/\/www.gold.fr\/news\/tags\/or\">m\u00e9tal jaune<\/a> maintient ses perspectives haussi\u00e8res, \u00e9tant donn\u00e9 la conjoncture \u00e9conomique mondiale domin\u00e9e par l&rsquo;incertitude.<\/p>\n<p>C&rsquo;est notamment le cas de Matt Johnson, directeur de la distribution europ\u00e9enne chez Source (parmi les fournisseurs de fonds indiciels cot\u00e9s (ETF) leaders en Europe). Johnson estime en effet que les investisseurs ressentent surtout le besoin de \u00ab se prot\u00e9ger contre toute correction massive en achetant \u00e9galement de l&rsquo;<a class=\"esk-seo-plu-link\" href=\"https:\/\/www.gold.fr\/news\/tags\/or\">or<\/a> \u00bb. Par ailleurs, l&rsquo;expert pr\u00e9voit que \u00ab les taux d&rsquo;int\u00e9r\u00eat resteront faibles encore longtemps, ce qui se r\u00e9v\u00e8lera positif pour l&rsquo;<a class=\"esk-seo-plu-link\" href=\"https:\/\/www.gold.fr\/news\/tags\/or\">or<\/a> \u00bb.<\/p>\n<!-- AddThis Advanced Settings generic via filter on the_content --><!-- AddThis Share Buttons generic via filter on the_content -->","protected":false},"excerpt":{"rendered":"<p>En d\u00e9pit des nombreuses d\u00e9clarations des responsables des diff\u00e9rentes antennes nationales de la FED, le m\u00e9tal jaune maintiendrait, selon les experts, ses perspectives haussi\u00e8res, sur le moyen et long terme. Ces pr\u00e9visions optimistes s&rsquo;appuient essentiellement sur [&hellip;]<\/p>\n","protected":false},"author":18,"featured_media":13847,"comment_status":"closed","ping_status":"closed","sticky":false,"template":"","format":"standard","meta":{"_mbp_gutenberg_autopost":false,"_pgmb_is_evergreen":false,"_pgmb_ap_template_id":0,"footnotes":""},"categories":[6],"tags":[946,76],"ppma_author":[2565],"class_list":["post-20112","post","type-post","status-publish","format-standard","has-post-thumbnail","hentry","category-articles-de-presse","tag-analyse-et-perspectives","tag-or"],"yoast_head":"<!-- This site is optimized with the Yoast SEO plugin v27.5 - https:\/\/yoast.com\/product\/yoast-seo-wordpress\/ -->\n<title>Or : Perspectives haussi\u00e8res pour le march\u00e9 aurif\u00e8re<\/title>\n<meta name=\"description\" content=\"En d\u00e9pit des nombreuses d\u00e9clarations des responsables des diff\u00e9rentes antennes nationales de la FED, le m\u00e9tal jaune maintiendrait ...\" \/>\n<meta name=\"robots\" content=\"index, follow, max-snippet:-1, max-image-preview:large, max-video-preview:-1\" \/>\n<link rel=\"canonical\" href=\"https:\/\/www.gold.fr\/news\/2016\/09\/15\/or-perspectives-haussieres-marche-aurifere\/\" \/>\n<meta property=\"og:locale\" content=\"fr_FR\" \/>\n<meta property=\"og:type\" content=\"article\" \/>\n<meta property=\"og:title\" content=\"Or : Perspectives haussi\u00e8res pour le march\u00e9 aurif\u00e8re\" \/>\n<meta property=\"og:description\" content=\"En d\u00e9pit des nombreuses d\u00e9clarations des responsables des diff\u00e9rentes antennes nationales de la FED, le m\u00e9tal jaune maintiendrait ...\" \/>\n<meta property=\"og:url\" content=\"https:\/\/www.gold.fr\/news\/2016\/09\/15\/or-perspectives-haussieres-marche-aurifere\/\" \/>\n<meta property=\"og:site_name\" content=\"Gold.fr\" \/>\n<meta property=\"article:publisher\" content=\"https:\/\/www.facebook.com\/Goldfr\/\" \/>\n<meta property=\"article:published_time\" content=\"2016-09-15T08:00:27+00:00\" \/>\n<meta property=\"article:modified_time\" content=\"2021-01-13T13:55:33+00:00\" \/>\n<meta property=\"og:image\" content=\"https:\/\/www.gold.fr\/news\/wp-content\/uploads\/2014\/02\/March\u00e9-haussier-or.jpg\" \/>\n\t<meta property=\"og:image:width\" content=\"640\" \/>\n\t<meta property=\"og:image:height\" content=\"474\" \/>\n\t<meta property=\"og:image:type\" content=\"image\/jpeg\" \/>\n<meta name=\"author\" content=\"Comptoir National de l&#039;Or\" \/>\n<meta name=\"twitter:card\" content=\"summary_large_image\" \/>\n<meta name=\"twitter:label1\" content=\"\u00c9crit par\" \/>\n\t<meta name=\"twitter:data1\" content=\"Comptoir National de l&#039;Or\" \/>\n\t<meta name=\"twitter:label2\" content=\"Dur\u00e9e de lecture estim\u00e9e\" \/>\n\t<meta name=\"twitter:data2\" content=\"1 minute\" \/>\n<script type=\"application\/ld+json\" class=\"yoast-schema-graph\">{\"@context\":\"https:\\\/\\\/schema.org\",\"@graph\":[{\"@type\":\"Article\",\"@id\":\"https:\\\/\\\/www.gold.fr\\\/news\\\/2016\\\/09\\\/15\\\/or-perspectives-haussieres-marche-aurifere\\\/#article\",\"isPartOf\":{\"@id\":\"https:\\\/\\\/www.gold.fr\\\/news\\\/2016\\\/09\\\/15\\\/or-perspectives-haussieres-marche-aurifere\\\/\"},\"author\":{\"name\":\"Comptoir National de l'Or\",\"@id\":\"https:\\\/\\\/www.gold.fr\\\/news\\\/#\\\/schema\\\/person\\\/070491b4b4fb7671bf59b3be20302ce9\"},\"headline\":\"Or : Perspectives haussi\u00e8res pour le march\u00e9 aurif\u00e8re\",\"datePublished\":\"2016-09-15T08:00:27+00:00\",\"dateModified\":\"2021-01-13T13:55:33+00:00\",\"mainEntityOfPage\":{\"@id\":\"https:\\\/\\\/www.gold.fr\\\/news\\\/2016\\\/09\\\/15\\\/or-perspectives-haussieres-marche-aurifere\\\/\"},\"wordCount\":266,\"image\":{\"@id\":\"https:\\\/\\\/www.gold.fr\\\/news\\\/2016\\\/09\\\/15\\\/or-perspectives-haussieres-marche-aurifere\\\/#primaryimage\"},\"thumbnailUrl\":\"https:\\\/\\\/www.gold.fr\\\/news\\\/wp-content\\\/uploads\\\/2014\\\/02\\\/March\u00e9-haussier-or.jpg\",\"keywords\":[\"Analyse et perspectives\",\"Or\"],\"articleSection\":[\"Articles de presse\"],\"inLanguage\":\"fr-FR\"},{\"@type\":\"WebPage\",\"@id\":\"https:\\\/\\\/www.gold.fr\\\/news\\\/2016\\\/09\\\/15\\\/or-perspectives-haussieres-marche-aurifere\\\/\",\"url\":\"https:\\\/\\\/www.gold.fr\\\/news\\\/2016\\\/09\\\/15\\\/or-perspectives-haussieres-marche-aurifere\\\/\",\"name\":\"Or : Perspectives haussi\u00e8res pour le march\u00e9 aurif\u00e8re\",\"isPartOf\":{\"@id\":\"https:\\\/\\\/www.gold.fr\\\/news\\\/#website\"},\"primaryImageOfPage\":{\"@id\":\"https:\\\/\\\/www.gold.fr\\\/news\\\/2016\\\/09\\\/15\\\/or-perspectives-haussieres-marche-aurifere\\\/#primaryimage\"},\"image\":{\"@id\":\"https:\\\/\\\/www.gold.fr\\\/news\\\/2016\\\/09\\\/15\\\/or-perspectives-haussieres-marche-aurifere\\\/#primaryimage\"},\"thumbnailUrl\":\"https:\\\/\\\/www.gold.fr\\\/news\\\/wp-content\\\/uploads\\\/2014\\\/02\\\/March\u00e9-haussier-or.jpg\",\"datePublished\":\"2016-09-15T08:00:27+00:00\",\"dateModified\":\"2021-01-13T13:55:33+00:00\",\"author\":{\"@id\":\"https:\\\/\\\/www.gold.fr\\\/news\\\/#\\\/schema\\\/person\\\/070491b4b4fb7671bf59b3be20302ce9\"},\"description\":\"En d\u00e9pit des nombreuses d\u00e9clarations des responsables des diff\u00e9rentes antennes nationales de la FED, le m\u00e9tal jaune maintiendrait ...\",\"breadcrumb\":{\"@id\":\"https:\\\/\\\/www.gold.fr\\\/news\\\/2016\\\/09\\\/15\\\/or-perspectives-haussieres-marche-aurifere\\\/#breadcrumb\"},\"inLanguage\":\"fr-FR\",\"potentialAction\":[{\"@type\":\"ReadAction\",\"target\":[\"https:\\\/\\\/www.gold.fr\\\/news\\\/2016\\\/09\\\/15\\\/or-perspectives-haussieres-marche-aurifere\\\/\"]}]},{\"@type\":\"ImageObject\",\"inLanguage\":\"fr-FR\",\"@id\":\"https:\\\/\\\/www.gold.fr\\\/news\\\/2016\\\/09\\\/15\\\/or-perspectives-haussieres-marche-aurifere\\\/#primaryimage\",\"url\":\"https:\\\/\\\/www.gold.fr\\\/news\\\/wp-content\\\/uploads\\\/2014\\\/02\\\/March\u00e9-haussier-or.jpg\",\"contentUrl\":\"https:\\\/\\\/www.gold.fr\\\/news\\\/wp-content\\\/uploads\\\/2014\\\/02\\\/March\u00e9-haussier-or.jpg\",\"width\":\"640\",\"height\":\"474\",\"caption\":\"L\u2019once toujours en nette progression\"},{\"@type\":\"BreadcrumbList\",\"@id\":\"https:\\\/\\\/www.gold.fr\\\/news\\\/2016\\\/09\\\/15\\\/or-perspectives-haussieres-marche-aurifere\\\/#breadcrumb\",\"itemListElement\":[{\"@type\":\"ListItem\",\"position\":1,\"name\":\"Accueil\",\"item\":\"https:\\\/\\\/www.gold.fr\\\/\"},{\"@type\":\"ListItem\",\"position\":2,\"name\":\"Actualit\u00e9s\",\"item\":\"https:\\\/\\\/www.gold.fr\\\/news\\\/\"},{\"@type\":\"ListItem\",\"position\":3,\"name\":\"Or : Perspectives haussi\u00e8res pour le march\u00e9 aurif\u00e8re\"}]},{\"@type\":\"WebSite\",\"@id\":\"https:\\\/\\\/www.gold.fr\\\/news\\\/#website\",\"url\":\"https:\\\/\\\/www.gold.fr\\\/news\\\/\",\"name\":\"Gold.fr\",\"description\":\"Actualit\u00e9s de l&#039;Or et des m\u00e9taux pr\u00e9cieux\",\"potentialAction\":[{\"@type\":\"SearchAction\",\"target\":{\"@type\":\"EntryPoint\",\"urlTemplate\":\"https:\\\/\\\/www.gold.fr\\\/news\\\/?s={search_term_string}\"},\"query-input\":{\"@type\":\"PropertyValueSpecification\",\"valueRequired\":true,\"valueName\":\"search_term_string\"}}],\"inLanguage\":\"fr-FR\"},{\"@type\":\"Person\",\"@id\":\"https:\\\/\\\/www.gold.fr\\\/news\\\/#\\\/schema\\\/person\\\/070491b4b4fb7671bf59b3be20302ce9\",\"name\":\"Comptoir National de l'Or\",\"image\":{\"@type\":\"ImageObject\",\"inLanguage\":\"fr-FR\",\"@id\":\"https:\\\/\\\/secure.gravatar.com\\\/avatar\\\/0a2867fd5abe37bed95d5a65e9d58f01756e11efc68af9888dfc50cfa7f65948?s=96&d=mm&r=gb490554db0a38188709de567aa58480d\",\"url\":\"https:\\\/\\\/secure.gravatar.com\\\/avatar\\\/0a2867fd5abe37bed95d5a65e9d58f01756e11efc68af9888dfc50cfa7f65948?s=96&d=mm&r=g\",\"contentUrl\":\"https:\\\/\\\/secure.gravatar.com\\\/avatar\\\/0a2867fd5abe37bed95d5a65e9d58f01756e11efc68af9888dfc50cfa7f65948?s=96&d=mm&r=g\",\"caption\":\"Comptoir National de l'Or\"},\"description\":\"Notre r\u00e9daction est constitu\u00e9e de membres experts dans les m\u00e9tiers de l'\u00e9conomie et la gestion, des Responsables d'agence Comptoir National de l'Or, des analystes financiers qui publient r\u00e9guli\u00e8rement des \u00e9tudes sur les politiques des banques centrales, le cours de l'or, prix de l'or, cours de l'argent, prix de l'argent, cours du platine, cours du palladium,... la situation en zone euro et l'impact de la strat\u00e9gie mon\u00e9taire de la FED. Notre \u00e9quipe scrute \u00e9galement une information plus g\u00e9n\u00e9raliste \u00e0 la recherche d'actualit\u00e9 \\\"p\u00e9pite\\\" \u00e0 vous partager. Depuis 5 ans, nous avons publi\u00e9 un peu plus de 4000 articles qui s'adressent \u00e0 un public large et vari\u00e9 ayant pour objectif de satisfaire votre curiosit\u00e9 et de partager avec vous une certaine fascination pour le m\u00e9tal jaune, le rachat d'or, et pour ceux qui veulent investir dans l'or, vendre leur or tout simplement en savoir plus... Pour tous vos achat or et argent, n'h\u00e9sitez pas \u00e0 prendre rendez-vous dans l'un de nos nombreux comptoirs.\",\"sameAs\":[\"https:\\\/\\\/www.gold.fr\"]}]}<\/script>\n<!-- \/ Yoast SEO plugin. -->","yoast_head_json":{"title":"Or : Perspectives haussi\u00e8res pour le march\u00e9 aurif\u00e8re","description":"En d\u00e9pit des nombreuses d\u00e9clarations des responsables des diff\u00e9rentes antennes nationales de la FED, le m\u00e9tal jaune maintiendrait ...","robots":{"index":"index","follow":"follow","max-snippet":"max-snippet:-1","max-image-preview":"max-image-preview:large","max-video-preview":"max-video-preview:-1"},"canonical":"https:\/\/www.gold.fr\/news\/2016\/09\/15\/or-perspectives-haussieres-marche-aurifere\/","og_locale":"fr_FR","og_type":"article","og_title":"Or : Perspectives haussi\u00e8res pour le march\u00e9 aurif\u00e8re","og_description":"En d\u00e9pit des nombreuses d\u00e9clarations des responsables des diff\u00e9rentes antennes nationales de la FED, le m\u00e9tal jaune maintiendrait ...","og_url":"https:\/\/www.gold.fr\/news\/2016\/09\/15\/or-perspectives-haussieres-marche-aurifere\/","og_site_name":"Gold.fr","article_publisher":"https:\/\/www.facebook.com\/Goldfr\/","article_published_time":"2016-09-15T08:00:27+00:00","article_modified_time":"2021-01-13T13:55:33+00:00","og_image":[{"width":640,"height":474,"url":"https:\/\/www.gold.fr\/news\/wp-content\/uploads\/2014\/02\/March\u00e9-haussier-or.jpg","type":"image\/jpeg"}],"author":"Comptoir National de l'Or","twitter_card":"summary_large_image","twitter_misc":{"\u00c9crit par":"Comptoir National de l'Or","Dur\u00e9e de lecture estim\u00e9e":"1 minute"},"schema":{"@context":"https:\/\/schema.org","@graph":[{"@type":"Article","@id":"https:\/\/www.gold.fr\/news\/2016\/09\/15\/or-perspectives-haussieres-marche-aurifere\/#article","isPartOf":{"@id":"https:\/\/www.gold.fr\/news\/2016\/09\/15\/or-perspectives-haussieres-marche-aurifere\/"},"author":{"name":"Comptoir National de l'Or","@id":"https:\/\/www.gold.fr\/news\/#\/schema\/person\/070491b4b4fb7671bf59b3be20302ce9"},"headline":"Or : Perspectives haussi\u00e8res pour le march\u00e9 aurif\u00e8re","datePublished":"2016-09-15T08:00:27+00:00","dateModified":"2021-01-13T13:55:33+00:00","mainEntityOfPage":{"@id":"https:\/\/www.gold.fr\/news\/2016\/09\/15\/or-perspectives-haussieres-marche-aurifere\/"},"wordCount":266,"image":{"@id":"https:\/\/www.gold.fr\/news\/2016\/09\/15\/or-perspectives-haussieres-marche-aurifere\/#primaryimage"},"thumbnailUrl":"https:\/\/www.gold.fr\/news\/wp-content\/uploads\/2014\/02\/March\u00e9-haussier-or.jpg","keywords":["Analyse et perspectives","Or"],"articleSection":["Articles de presse"],"inLanguage":"fr-FR"},{"@type":"WebPage","@id":"https:\/\/www.gold.fr\/news\/2016\/09\/15\/or-perspectives-haussieres-marche-aurifere\/","url":"https:\/\/www.gold.fr\/news\/2016\/09\/15\/or-perspectives-haussieres-marche-aurifere\/","name":"Or : Perspectives haussi\u00e8res pour le march\u00e9 aurif\u00e8re","isPartOf":{"@id":"https:\/\/www.gold.fr\/news\/#website"},"primaryImageOfPage":{"@id":"https:\/\/www.gold.fr\/news\/2016\/09\/15\/or-perspectives-haussieres-marche-aurifere\/#primaryimage"},"image":{"@id":"https:\/\/www.gold.fr\/news\/2016\/09\/15\/or-perspectives-haussieres-marche-aurifere\/#primaryimage"},"thumbnailUrl":"https:\/\/www.gold.fr\/news\/wp-content\/uploads\/2014\/02\/March\u00e9-haussier-or.jpg","datePublished":"2016-09-15T08:00:27+00:00","dateModified":"2021-01-13T13:55:33+00:00","author":{"@id":"https:\/\/www.gold.fr\/news\/#\/schema\/person\/070491b4b4fb7671bf59b3be20302ce9"},"description":"En d\u00e9pit des nombreuses d\u00e9clarations des responsables des diff\u00e9rentes antennes nationales de la FED, le m\u00e9tal jaune maintiendrait ...","breadcrumb":{"@id":"https:\/\/www.gold.fr\/news\/2016\/09\/15\/or-perspectives-haussieres-marche-aurifere\/#breadcrumb"},"inLanguage":"fr-FR","potentialAction":[{"@type":"ReadAction","target":["https:\/\/www.gold.fr\/news\/2016\/09\/15\/or-perspectives-haussieres-marche-aurifere\/"]}]},{"@type":"ImageObject","inLanguage":"fr-FR","@id":"https:\/\/www.gold.fr\/news\/2016\/09\/15\/or-perspectives-haussieres-marche-aurifere\/#primaryimage","url":"https:\/\/www.gold.fr\/news\/wp-content\/uploads\/2014\/02\/March\u00e9-haussier-or.jpg","contentUrl":"https:\/\/www.gold.fr\/news\/wp-content\/uploads\/2014\/02\/March\u00e9-haussier-or.jpg","width":"640","height":"474","caption":"L\u2019once toujours en nette progression"},{"@type":"BreadcrumbList","@id":"https:\/\/www.gold.fr\/news\/2016\/09\/15\/or-perspectives-haussieres-marche-aurifere\/#breadcrumb","itemListElement":[{"@type":"ListItem","position":1,"name":"Accueil","item":"https:\/\/www.gold.fr\/"},{"@type":"ListItem","position":2,"name":"Actualit\u00e9s","item":"https:\/\/www.gold.fr\/news\/"},{"@type":"ListItem","position":3,"name":"Or : Perspectives haussi\u00e8res pour le march\u00e9 aurif\u00e8re"}]},{"@type":"WebSite","@id":"https:\/\/www.gold.fr\/news\/#website","url":"https:\/\/www.gold.fr\/news\/","name":"Gold.fr","description":"Actualit\u00e9s de l&#039;Or et des m\u00e9taux pr\u00e9cieux","potentialAction":[{"@type":"SearchAction","target":{"@type":"EntryPoint","urlTemplate":"https:\/\/www.gold.fr\/news\/?s={search_term_string}"},"query-input":{"@type":"PropertyValueSpecification","valueRequired":true,"valueName":"search_term_string"}}],"inLanguage":"fr-FR"},{"@type":"Person","@id":"https:\/\/www.gold.fr\/news\/#\/schema\/person\/070491b4b4fb7671bf59b3be20302ce9","name":"Comptoir National de l'Or","image":{"@type":"ImageObject","inLanguage":"fr-FR","@id":"https:\/\/secure.gravatar.com\/avatar\/0a2867fd5abe37bed95d5a65e9d58f01756e11efc68af9888dfc50cfa7f65948?s=96&d=mm&r=gb490554db0a38188709de567aa58480d","url":"https:\/\/secure.gravatar.com\/avatar\/0a2867fd5abe37bed95d5a65e9d58f01756e11efc68af9888dfc50cfa7f65948?s=96&d=mm&r=g","contentUrl":"https:\/\/secure.gravatar.com\/avatar\/0a2867fd5abe37bed95d5a65e9d58f01756e11efc68af9888dfc50cfa7f65948?s=96&d=mm&r=g","caption":"Comptoir National de l'Or"},"description":"Notre r\u00e9daction est constitu\u00e9e de membres experts dans les m\u00e9tiers de l'\u00e9conomie et la gestion, des Responsables d'agence Comptoir National de l'Or, des analystes financiers qui publient r\u00e9guli\u00e8rement des \u00e9tudes sur les politiques des banques centrales, le cours de l'or, prix de l'or, cours de l'argent, prix de l'argent, cours du platine, cours du palladium,... la situation en zone euro et l'impact de la strat\u00e9gie mon\u00e9taire de la FED. Notre \u00e9quipe scrute \u00e9galement une information plus g\u00e9n\u00e9raliste \u00e0 la recherche d'actualit\u00e9 \"p\u00e9pite\" \u00e0 vous partager. Depuis 5 ans, nous avons publi\u00e9 un peu plus de 4000 articles qui s'adressent \u00e0 un public large et vari\u00e9 ayant pour objectif de satisfaire votre curiosit\u00e9 et de partager avec vous une certaine fascination pour le m\u00e9tal jaune, le rachat d'or, et pour ceux qui veulent investir dans l'or, vendre leur or tout simplement en savoir plus... Pour tous vos achat or et argent, n'h\u00e9sitez pas \u00e0 prendre rendez-vous dans l'un de nos nombreux comptoirs.","sameAs":["https:\/\/www.gold.fr"]}]}},"authors":[{"term_id":2565,"user_id":18,"is_guest":0,"slug":"julie","display_name":"Comptoir National de l'Or","avatar_url":"https:\/\/secure.gravatar.com\/avatar\/713f289e398d35ead876c4a4cc08607f0d6d266058cfc25683fffb6092d0e572?s=96&d=mm&r=g","0":null,"1":"","2":"","3":"","4":"","5":"","6":"","7":"","8":""}],"_links":{"self":[{"href":"https:\/\/www.gold.fr\/news\/wp-json\/wp\/v2\/posts\/20112","targetHints":{"allow":["GET"]}}],"collection":[{"href":"https:\/\/www.gold.fr\/news\/wp-json\/wp\/v2\/posts"}],"about":[{"href":"https:\/\/www.gold.fr\/news\/wp-json\/wp\/v2\/types\/post"}],"author":[{"embeddable":true,"href":"https:\/\/www.gold.fr\/news\/wp-json\/wp\/v2\/users\/18"}],"replies":[{"embeddable":true,"href":"https:\/\/www.gold.fr\/news\/wp-json\/wp\/v2\/comments?post=20112"}],"version-history":[{"count":0,"href":"https:\/\/www.gold.fr\/news\/wp-json\/wp\/v2\/posts\/20112\/revisions"}],"wp:featuredmedia":[{"embeddable":true,"href":"https:\/\/www.gold.fr\/news\/wp-json\/wp\/v2\/media\/13847"}],"wp:attachment":[{"href":"https:\/\/www.gold.fr\/news\/wp-json\/wp\/v2\/media?parent=20112"}],"wp:term":[{"taxonomy":"category","embeddable":true,"href":"https:\/\/www.gold.fr\/news\/wp-json\/wp\/v2\/categories?post=20112"},{"taxonomy":"post_tag","embeddable":true,"href":"https:\/\/www.gold.fr\/news\/wp-json\/wp\/v2\/tags?post=20112"},{"taxonomy":"author","embeddable":true,"href":"https:\/\/www.gold.fr\/news\/wp-json\/wp\/v2\/ppma_author?post=20112"}],"curies":[{"name":"wp","href":"https:\/\/api.w.org\/{rel}","templated":true}]}}