{"id":20110,"date":"2016-09-14T10:00:26","date_gmt":"2016-09-14T08:00:26","guid":{"rendered":"https:\/\/www.gold.fr\/news\/?p=20110"},"modified":"2021-01-13T14:55:03","modified_gmt":"2021-01-13T13:55:03","slug":"or-lonce-resiste-a-pression-dollar","status":"publish","type":"post","link":"https:\/\/www.gold.fr\/news\/2016\/09\/14\/or-lonce-resiste-a-pression-dollar\/","title":{"rendered":"Or : L\u2019once r\u00e9siste \u00e0 la pression du dollar"},"content":{"rendered":"<p><img loading=\"lazy\" decoding=\"async\" class=\"alignleft wp-image-5936 size-thumbnail\" title=\"Or : L\u2019once r\u00e9siste \u00e0 la pression du dollar\" src=\"https:\/\/www.gold.fr\/news\/wp-content\/uploads\/2012\/02\/dollar-or-150x150.jpg\" alt=\"Or : L\u2019once r\u00e9siste \u00e0 la pression du dollar\" width=\"150\" height=\"150\" \/>Entre doutes autour de la politique FED et d\u00e9ception concernant la strat\u00e9gie BCE, la fin de la semaine derni\u00e8re a \u00e9t\u00e9 marqu\u00e9e par une grande morosit\u00e9, sur l&rsquo;ensemble des march\u00e9s d&rsquo;investissement.<\/p>\n<p>Parall\u00e8lement, le march\u00e9 de l&rsquo;<a class=\"esk-seo-plu-link\" href=\"https:\/\/www.gold.fr\/news\/tags\/or\">or<\/a> a termin\u00e9 la semaine sur une stabilisation qui r\u00e9ussit m\u00eame \u00e0 r\u00e9sister \u00e0 l&rsquo;appr\u00e9ciation du billet vert. Et force est d&rsquo;admettre que la valeur du dollar elle-m\u00eame a r\u00e9cemment \u00e9t\u00e9 soumise \u00e0 une forte volatilit\u00e9, en fonction des fr\u00e9quentes fluctuations des expectatives et sp\u00e9culations entourant le prochain tour de vis mon\u00e9taire de la r\u00e9serve f\u00e9d\u00e9rale am\u00e9ricaine.<\/p>\n<p>Lukman Otunuga, analyste de FXTM, souligne en effet que l&rsquo;<a class=\"esk-seo-plu-link\" href=\"https:\/\/www.gold.fr\/news\/tags\/or\">or<\/a> \u00ab reste tr\u00e8s sensible aux sp\u00e9culations autour de la possibilit\u00e9 d&rsquo;une (nouvelle) hausse des taux d&rsquo;int\u00e9r\u00eat de la Fed en 2016 et peut \u00eatre sujet \u00e0 la volatilit\u00e9 alors que les investisseurs se demandent si la Fed brisera la tendance \u00e0 la prudence des banques centrales \u00bb.<\/p>\n<p>Dans ce contexte, le prix de l&rsquo;once est pass\u00e9 d&rsquo;un solide mouvement de hausse (suite \u00e0 la d\u00e9pr\u00e9ciation du dollar d\u00e9coulant d&rsquo;un mauvais indicateur sur l&rsquo;activit\u00e9 dans les services US), \u00e0 un repli relatif, sur fond d&rsquo;un mouvement de prises de b\u00e9n\u00e9fices et une br\u00e8ve reprise du dollar.<\/p>\n<p>Pour l&rsquo;heure, l&rsquo;\u00e9loignement de la probabilit\u00e9 d&rsquo;un resserrement de la politique mon\u00e9taire de la FED, \u00e0 la fin de ce mois (22 septembre), soutient le billet vert. Une pression baissi\u00e8re contrebalanc\u00e9e, sur le march\u00e9 aurif\u00e8re, d&rsquo;une demande (physique et ETF) toujours aussi solide.<\/p>\n<!-- AddThis Advanced Settings generic via filter on the_content --><!-- AddThis Share Buttons generic via filter on the_content -->","protected":false},"excerpt":{"rendered":"<p>Entre doutes autour de la politique FED et d\u00e9ception concernant la strat\u00e9gie BCE, la fin de la semaine derni\u00e8re a \u00e9t\u00e9 marqu\u00e9e par une grande morosit\u00e9, sur l&rsquo;ensemble des march\u00e9s d&rsquo;investissement. Parall\u00e8lement, le march\u00e9 de l&rsquo;or [&hellip;]<\/p>\n","protected":false},"author":18,"featured_media":5936,"comment_status":"closed","ping_status":"closed","sticky":false,"template":"","format":"standard","meta":{"_mbp_gutenberg_autopost":false,"_pgmb_is_evergreen":false,"_pgmb_ap_template_id":0,"footnotes":""},"categories":[6],"tags":[883,102,76],"ppma_author":[2565],"class_list":["post-20110","post","type-post","status-publish","format-standard","has-post-thumbnail","hentry","category-articles-de-presse","tag-cours-once-or","tag-dollar","tag-or"],"yoast_head":"<!-- This site is optimized with the Yoast SEO plugin v27.5 - https:\/\/yoast.com\/product\/yoast-seo-wordpress\/ -->\n<title>Or : L\u2019once r\u00e9siste \u00e0 la pression du dollar<\/title>\n<meta name=\"description\" content=\"Entre doutes autour de la politique FED et d\u00e9ception concernant la strat\u00e9gie BCE, la fin de la semaine derni\u00e8re a \u00e9t\u00e9 marqu\u00e9e ...\" \/>\n<meta name=\"robots\" content=\"index, follow, max-snippet:-1, max-image-preview:large, max-video-preview:-1\" \/>\n<link rel=\"canonical\" href=\"https:\/\/www.gold.fr\/news\/2016\/09\/14\/or-lonce-resiste-a-pression-dollar\/\" \/>\n<meta property=\"og:locale\" content=\"fr_FR\" \/>\n<meta property=\"og:type\" content=\"article\" \/>\n<meta property=\"og:title\" content=\"Or : L\u2019once r\u00e9siste \u00e0 la pression du dollar\" \/>\n<meta property=\"og:description\" content=\"Entre doutes autour de la politique FED et d\u00e9ception concernant la strat\u00e9gie BCE, la fin de la semaine derni\u00e8re a \u00e9t\u00e9 marqu\u00e9e ...\" \/>\n<meta property=\"og:url\" content=\"https:\/\/www.gold.fr\/news\/2016\/09\/14\/or-lonce-resiste-a-pression-dollar\/\" \/>\n<meta property=\"og:site_name\" content=\"Gold.fr\" \/>\n<meta property=\"article:publisher\" content=\"https:\/\/www.facebook.com\/Goldfr\/\" \/>\n<meta property=\"article:published_time\" content=\"2016-09-14T08:00:26+00:00\" \/>\n<meta property=\"article:modified_time\" content=\"2021-01-13T13:55:03+00:00\" \/>\n<meta property=\"og:image\" content=\"https:\/\/www.gold.fr\/news\/wp-content\/uploads\/2012\/02\/dollar-or.jpg\" \/>\n\t<meta property=\"og:image:width\" content=\"302\" \/>\n\t<meta property=\"og:image:height\" content=\"414\" \/>\n\t<meta property=\"og:image:type\" content=\"image\/jpeg\" \/>\n<meta name=\"author\" content=\"Comptoir National de l&#039;Or\" \/>\n<meta name=\"twitter:card\" content=\"summary_large_image\" \/>\n<meta name=\"twitter:label1\" content=\"\u00c9crit par\" \/>\n\t<meta name=\"twitter:data1\" content=\"Comptoir National de l&#039;Or\" \/>\n\t<meta name=\"twitter:label2\" content=\"Dur\u00e9e de lecture estim\u00e9e\" \/>\n\t<meta name=\"twitter:data2\" content=\"1 minute\" \/>\n<script type=\"application\/ld+json\" class=\"yoast-schema-graph\">{\"@context\":\"https:\\\/\\\/schema.org\",\"@graph\":[{\"@type\":\"Article\",\"@id\":\"https:\\\/\\\/www.gold.fr\\\/news\\\/2016\\\/09\\\/14\\\/or-lonce-resiste-a-pression-dollar\\\/#article\",\"isPartOf\":{\"@id\":\"https:\\\/\\\/www.gold.fr\\\/news\\\/2016\\\/09\\\/14\\\/or-lonce-resiste-a-pression-dollar\\\/\"},\"author\":{\"name\":\"Comptoir National de l'Or\",\"@id\":\"https:\\\/\\\/www.gold.fr\\\/news\\\/#\\\/schema\\\/person\\\/070491b4b4fb7671bf59b3be20302ce9\"},\"headline\":\"Or : L\u2019once r\u00e9siste \u00e0 la pression du dollar\",\"datePublished\":\"2016-09-14T08:00:26+00:00\",\"dateModified\":\"2021-01-13T13:55:03+00:00\",\"mainEntityOfPage\":{\"@id\":\"https:\\\/\\\/www.gold.fr\\\/news\\\/2016\\\/09\\\/14\\\/or-lonce-resiste-a-pression-dollar\\\/\"},\"wordCount\":287,\"image\":{\"@id\":\"https:\\\/\\\/www.gold.fr\\\/news\\\/2016\\\/09\\\/14\\\/or-lonce-resiste-a-pression-dollar\\\/#primaryimage\"},\"thumbnailUrl\":\"https:\\\/\\\/www.gold.fr\\\/news\\\/wp-content\\\/uploads\\\/2012\\\/02\\\/dollar-or.jpg\",\"keywords\":[\"cours once or\",\"dollar\",\"Or\"],\"articleSection\":[\"Articles de presse\"],\"inLanguage\":\"fr-FR\"},{\"@type\":\"WebPage\",\"@id\":\"https:\\\/\\\/www.gold.fr\\\/news\\\/2016\\\/09\\\/14\\\/or-lonce-resiste-a-pression-dollar\\\/\",\"url\":\"https:\\\/\\\/www.gold.fr\\\/news\\\/2016\\\/09\\\/14\\\/or-lonce-resiste-a-pression-dollar\\\/\",\"name\":\"Or : L\u2019once r\u00e9siste \u00e0 la pression du dollar\",\"isPartOf\":{\"@id\":\"https:\\\/\\\/www.gold.fr\\\/news\\\/#website\"},\"primaryImageOfPage\":{\"@id\":\"https:\\\/\\\/www.gold.fr\\\/news\\\/2016\\\/09\\\/14\\\/or-lonce-resiste-a-pression-dollar\\\/#primaryimage\"},\"image\":{\"@id\":\"https:\\\/\\\/www.gold.fr\\\/news\\\/2016\\\/09\\\/14\\\/or-lonce-resiste-a-pression-dollar\\\/#primaryimage\"},\"thumbnailUrl\":\"https:\\\/\\\/www.gold.fr\\\/news\\\/wp-content\\\/uploads\\\/2012\\\/02\\\/dollar-or.jpg\",\"datePublished\":\"2016-09-14T08:00:26+00:00\",\"dateModified\":\"2021-01-13T13:55:03+00:00\",\"author\":{\"@id\":\"https:\\\/\\\/www.gold.fr\\\/news\\\/#\\\/schema\\\/person\\\/070491b4b4fb7671bf59b3be20302ce9\"},\"description\":\"Entre doutes autour de la politique FED et d\u00e9ception concernant la strat\u00e9gie BCE, la fin de la semaine derni\u00e8re a \u00e9t\u00e9 marqu\u00e9e ...\",\"breadcrumb\":{\"@id\":\"https:\\\/\\\/www.gold.fr\\\/news\\\/2016\\\/09\\\/14\\\/or-lonce-resiste-a-pression-dollar\\\/#breadcrumb\"},\"inLanguage\":\"fr-FR\",\"potentialAction\":[{\"@type\":\"ReadAction\",\"target\":[\"https:\\\/\\\/www.gold.fr\\\/news\\\/2016\\\/09\\\/14\\\/or-lonce-resiste-a-pression-dollar\\\/\"]}]},{\"@type\":\"ImageObject\",\"inLanguage\":\"fr-FR\",\"@id\":\"https:\\\/\\\/www.gold.fr\\\/news\\\/2016\\\/09\\\/14\\\/or-lonce-resiste-a-pression-dollar\\\/#primaryimage\",\"url\":\"https:\\\/\\\/www.gold.fr\\\/news\\\/wp-content\\\/uploads\\\/2012\\\/02\\\/dollar-or.jpg\",\"contentUrl\":\"https:\\\/\\\/www.gold.fr\\\/news\\\/wp-content\\\/uploads\\\/2012\\\/02\\\/dollar-or.jpg\",\"width\":\"302\",\"height\":\"414\",\"caption\":\"Or : L\u2019once r\u00e9siste \u00e0 la pression du dollar\"},{\"@type\":\"BreadcrumbList\",\"@id\":\"https:\\\/\\\/www.gold.fr\\\/news\\\/2016\\\/09\\\/14\\\/or-lonce-resiste-a-pression-dollar\\\/#breadcrumb\",\"itemListElement\":[{\"@type\":\"ListItem\",\"position\":1,\"name\":\"Accueil\",\"item\":\"https:\\\/\\\/www.gold.fr\\\/\"},{\"@type\":\"ListItem\",\"position\":2,\"name\":\"Actualit\u00e9s\",\"item\":\"https:\\\/\\\/www.gold.fr\\\/news\\\/\"},{\"@type\":\"ListItem\",\"position\":3,\"name\":\"Or : L\u2019once r\u00e9siste \u00e0 la pression du dollar\"}]},{\"@type\":\"WebSite\",\"@id\":\"https:\\\/\\\/www.gold.fr\\\/news\\\/#website\",\"url\":\"https:\\\/\\\/www.gold.fr\\\/news\\\/\",\"name\":\"Gold.fr\",\"description\":\"Actualit\u00e9s de l&#039;Or et des m\u00e9taux pr\u00e9cieux\",\"potentialAction\":[{\"@type\":\"SearchAction\",\"target\":{\"@type\":\"EntryPoint\",\"urlTemplate\":\"https:\\\/\\\/www.gold.fr\\\/news\\\/?s={search_term_string}\"},\"query-input\":{\"@type\":\"PropertyValueSpecification\",\"valueRequired\":true,\"valueName\":\"search_term_string\"}}],\"inLanguage\":\"fr-FR\"},{\"@type\":\"Person\",\"@id\":\"https:\\\/\\\/www.gold.fr\\\/news\\\/#\\\/schema\\\/person\\\/070491b4b4fb7671bf59b3be20302ce9\",\"name\":\"Comptoir National de l'Or\",\"image\":{\"@type\":\"ImageObject\",\"inLanguage\":\"fr-FR\",\"@id\":\"https:\\\/\\\/secure.gravatar.com\\\/avatar\\\/0a2867fd5abe37bed95d5a65e9d58f01756e11efc68af9888dfc50cfa7f65948?s=96&d=mm&r=gb490554db0a38188709de567aa58480d\",\"url\":\"https:\\\/\\\/secure.gravatar.com\\\/avatar\\\/0a2867fd5abe37bed95d5a65e9d58f01756e11efc68af9888dfc50cfa7f65948?s=96&d=mm&r=g\",\"contentUrl\":\"https:\\\/\\\/secure.gravatar.com\\\/avatar\\\/0a2867fd5abe37bed95d5a65e9d58f01756e11efc68af9888dfc50cfa7f65948?s=96&d=mm&r=g\",\"caption\":\"Comptoir National de l'Or\"},\"description\":\"Notre r\u00e9daction est constitu\u00e9e de membres experts dans les m\u00e9tiers de l'\u00e9conomie et la gestion, des Responsables d'agence Comptoir National de l'Or, des analystes financiers qui publient r\u00e9guli\u00e8rement des \u00e9tudes sur les politiques des banques centrales, le cours de l'or, prix de l'or, cours de l'argent, prix de l'argent, cours du platine, cours du palladium,... la situation en zone euro et l'impact de la strat\u00e9gie mon\u00e9taire de la FED. Notre \u00e9quipe scrute \u00e9galement une information plus g\u00e9n\u00e9raliste \u00e0 la recherche d'actualit\u00e9 \\\"p\u00e9pite\\\" \u00e0 vous partager. Depuis 5 ans, nous avons publi\u00e9 un peu plus de 4000 articles qui s'adressent \u00e0 un public large et vari\u00e9 ayant pour objectif de satisfaire votre curiosit\u00e9 et de partager avec vous une certaine fascination pour le m\u00e9tal jaune, le rachat d'or, et pour ceux qui veulent investir dans l'or, vendre leur or tout simplement en savoir plus... Pour tous vos achat or et argent, n'h\u00e9sitez pas \u00e0 prendre rendez-vous dans l'un de nos nombreux comptoirs.\",\"sameAs\":[\"https:\\\/\\\/www.gold.fr\"]}]}<\/script>\n<!-- \/ Yoast SEO plugin. -->","yoast_head_json":{"title":"Or : L\u2019once r\u00e9siste \u00e0 la pression du dollar","description":"Entre doutes autour de la politique FED et d\u00e9ception concernant la strat\u00e9gie BCE, la fin de la semaine derni\u00e8re a \u00e9t\u00e9 marqu\u00e9e ...","robots":{"index":"index","follow":"follow","max-snippet":"max-snippet:-1","max-image-preview":"max-image-preview:large","max-video-preview":"max-video-preview:-1"},"canonical":"https:\/\/www.gold.fr\/news\/2016\/09\/14\/or-lonce-resiste-a-pression-dollar\/","og_locale":"fr_FR","og_type":"article","og_title":"Or : L\u2019once r\u00e9siste \u00e0 la pression du dollar","og_description":"Entre doutes autour de la politique FED et d\u00e9ception concernant la strat\u00e9gie BCE, la fin de la semaine derni\u00e8re a \u00e9t\u00e9 marqu\u00e9e ...","og_url":"https:\/\/www.gold.fr\/news\/2016\/09\/14\/or-lonce-resiste-a-pression-dollar\/","og_site_name":"Gold.fr","article_publisher":"https:\/\/www.facebook.com\/Goldfr\/","article_published_time":"2016-09-14T08:00:26+00:00","article_modified_time":"2021-01-13T13:55:03+00:00","og_image":[{"width":302,"height":414,"url":"https:\/\/www.gold.fr\/news\/wp-content\/uploads\/2012\/02\/dollar-or.jpg","type":"image\/jpeg"}],"author":"Comptoir National de l'Or","twitter_card":"summary_large_image","twitter_misc":{"\u00c9crit par":"Comptoir National de l'Or","Dur\u00e9e de lecture estim\u00e9e":"1 minute"},"schema":{"@context":"https:\/\/schema.org","@graph":[{"@type":"Article","@id":"https:\/\/www.gold.fr\/news\/2016\/09\/14\/or-lonce-resiste-a-pression-dollar\/#article","isPartOf":{"@id":"https:\/\/www.gold.fr\/news\/2016\/09\/14\/or-lonce-resiste-a-pression-dollar\/"},"author":{"name":"Comptoir National de l'Or","@id":"https:\/\/www.gold.fr\/news\/#\/schema\/person\/070491b4b4fb7671bf59b3be20302ce9"},"headline":"Or : L\u2019once r\u00e9siste \u00e0 la pression du dollar","datePublished":"2016-09-14T08:00:26+00:00","dateModified":"2021-01-13T13:55:03+00:00","mainEntityOfPage":{"@id":"https:\/\/www.gold.fr\/news\/2016\/09\/14\/or-lonce-resiste-a-pression-dollar\/"},"wordCount":287,"image":{"@id":"https:\/\/www.gold.fr\/news\/2016\/09\/14\/or-lonce-resiste-a-pression-dollar\/#primaryimage"},"thumbnailUrl":"https:\/\/www.gold.fr\/news\/wp-content\/uploads\/2012\/02\/dollar-or.jpg","keywords":["cours once or","dollar","Or"],"articleSection":["Articles de presse"],"inLanguage":"fr-FR"},{"@type":"WebPage","@id":"https:\/\/www.gold.fr\/news\/2016\/09\/14\/or-lonce-resiste-a-pression-dollar\/","url":"https:\/\/www.gold.fr\/news\/2016\/09\/14\/or-lonce-resiste-a-pression-dollar\/","name":"Or : L\u2019once r\u00e9siste \u00e0 la pression du dollar","isPartOf":{"@id":"https:\/\/www.gold.fr\/news\/#website"},"primaryImageOfPage":{"@id":"https:\/\/www.gold.fr\/news\/2016\/09\/14\/or-lonce-resiste-a-pression-dollar\/#primaryimage"},"image":{"@id":"https:\/\/www.gold.fr\/news\/2016\/09\/14\/or-lonce-resiste-a-pression-dollar\/#primaryimage"},"thumbnailUrl":"https:\/\/www.gold.fr\/news\/wp-content\/uploads\/2012\/02\/dollar-or.jpg","datePublished":"2016-09-14T08:00:26+00:00","dateModified":"2021-01-13T13:55:03+00:00","author":{"@id":"https:\/\/www.gold.fr\/news\/#\/schema\/person\/070491b4b4fb7671bf59b3be20302ce9"},"description":"Entre doutes autour de la politique FED et d\u00e9ception concernant la strat\u00e9gie BCE, la fin de la semaine derni\u00e8re a \u00e9t\u00e9 marqu\u00e9e ...","breadcrumb":{"@id":"https:\/\/www.gold.fr\/news\/2016\/09\/14\/or-lonce-resiste-a-pression-dollar\/#breadcrumb"},"inLanguage":"fr-FR","potentialAction":[{"@type":"ReadAction","target":["https:\/\/www.gold.fr\/news\/2016\/09\/14\/or-lonce-resiste-a-pression-dollar\/"]}]},{"@type":"ImageObject","inLanguage":"fr-FR","@id":"https:\/\/www.gold.fr\/news\/2016\/09\/14\/or-lonce-resiste-a-pression-dollar\/#primaryimage","url":"https:\/\/www.gold.fr\/news\/wp-content\/uploads\/2012\/02\/dollar-or.jpg","contentUrl":"https:\/\/www.gold.fr\/news\/wp-content\/uploads\/2012\/02\/dollar-or.jpg","width":"302","height":"414","caption":"Or : L\u2019once r\u00e9siste \u00e0 la pression du dollar"},{"@type":"BreadcrumbList","@id":"https:\/\/www.gold.fr\/news\/2016\/09\/14\/or-lonce-resiste-a-pression-dollar\/#breadcrumb","itemListElement":[{"@type":"ListItem","position":1,"name":"Accueil","item":"https:\/\/www.gold.fr\/"},{"@type":"ListItem","position":2,"name":"Actualit\u00e9s","item":"https:\/\/www.gold.fr\/news\/"},{"@type":"ListItem","position":3,"name":"Or : L\u2019once r\u00e9siste \u00e0 la pression du dollar"}]},{"@type":"WebSite","@id":"https:\/\/www.gold.fr\/news\/#website","url":"https:\/\/www.gold.fr\/news\/","name":"Gold.fr","description":"Actualit\u00e9s de l&#039;Or et des m\u00e9taux pr\u00e9cieux","potentialAction":[{"@type":"SearchAction","target":{"@type":"EntryPoint","urlTemplate":"https:\/\/www.gold.fr\/news\/?s={search_term_string}"},"query-input":{"@type":"PropertyValueSpecification","valueRequired":true,"valueName":"search_term_string"}}],"inLanguage":"fr-FR"},{"@type":"Person","@id":"https:\/\/www.gold.fr\/news\/#\/schema\/person\/070491b4b4fb7671bf59b3be20302ce9","name":"Comptoir National de l'Or","image":{"@type":"ImageObject","inLanguage":"fr-FR","@id":"https:\/\/secure.gravatar.com\/avatar\/0a2867fd5abe37bed95d5a65e9d58f01756e11efc68af9888dfc50cfa7f65948?s=96&d=mm&r=gb490554db0a38188709de567aa58480d","url":"https:\/\/secure.gravatar.com\/avatar\/0a2867fd5abe37bed95d5a65e9d58f01756e11efc68af9888dfc50cfa7f65948?s=96&d=mm&r=g","contentUrl":"https:\/\/secure.gravatar.com\/avatar\/0a2867fd5abe37bed95d5a65e9d58f01756e11efc68af9888dfc50cfa7f65948?s=96&d=mm&r=g","caption":"Comptoir National de l'Or"},"description":"Notre r\u00e9daction est constitu\u00e9e de membres experts dans les m\u00e9tiers de l'\u00e9conomie et la gestion, des Responsables d'agence Comptoir National de l'Or, des analystes financiers qui publient r\u00e9guli\u00e8rement des \u00e9tudes sur les politiques des banques centrales, le cours de l'or, prix de l'or, cours de l'argent, prix de l'argent, cours du platine, cours du palladium,... la situation en zone euro et l'impact de la strat\u00e9gie mon\u00e9taire de la FED. Notre \u00e9quipe scrute \u00e9galement une information plus g\u00e9n\u00e9raliste \u00e0 la recherche d'actualit\u00e9 \"p\u00e9pite\" \u00e0 vous partager. Depuis 5 ans, nous avons publi\u00e9 un peu plus de 4000 articles qui s'adressent \u00e0 un public large et vari\u00e9 ayant pour objectif de satisfaire votre curiosit\u00e9 et de partager avec vous une certaine fascination pour le m\u00e9tal jaune, le rachat d'or, et pour ceux qui veulent investir dans l'or, vendre leur or tout simplement en savoir plus... Pour tous vos achat or et argent, n'h\u00e9sitez pas \u00e0 prendre rendez-vous dans l'un de nos nombreux comptoirs.","sameAs":["https:\/\/www.gold.fr"]}]}},"authors":[{"term_id":2565,"user_id":18,"is_guest":0,"slug":"julie","display_name":"Comptoir National de l'Or","avatar_url":"https:\/\/secure.gravatar.com\/avatar\/713f289e398d35ead876c4a4cc08607f0d6d266058cfc25683fffb6092d0e572?s=96&d=mm&r=g","0":null,"1":"","2":"","3":"","4":"","5":"","6":"","7":"","8":""}],"_links":{"self":[{"href":"https:\/\/www.gold.fr\/news\/wp-json\/wp\/v2\/posts\/20110","targetHints":{"allow":["GET"]}}],"collection":[{"href":"https:\/\/www.gold.fr\/news\/wp-json\/wp\/v2\/posts"}],"about":[{"href":"https:\/\/www.gold.fr\/news\/wp-json\/wp\/v2\/types\/post"}],"author":[{"embeddable":true,"href":"https:\/\/www.gold.fr\/news\/wp-json\/wp\/v2\/users\/18"}],"replies":[{"embeddable":true,"href":"https:\/\/www.gold.fr\/news\/wp-json\/wp\/v2\/comments?post=20110"}],"version-history":[{"count":0,"href":"https:\/\/www.gold.fr\/news\/wp-json\/wp\/v2\/posts\/20110\/revisions"}],"wp:featuredmedia":[{"embeddable":true,"href":"https:\/\/www.gold.fr\/news\/wp-json\/wp\/v2\/media\/5936"}],"wp:attachment":[{"href":"https:\/\/www.gold.fr\/news\/wp-json\/wp\/v2\/media?parent=20110"}],"wp:term":[{"taxonomy":"category","embeddable":true,"href":"https:\/\/www.gold.fr\/news\/wp-json\/wp\/v2\/categories?post=20110"},{"taxonomy":"post_tag","embeddable":true,"href":"https:\/\/www.gold.fr\/news\/wp-json\/wp\/v2\/tags?post=20110"},{"taxonomy":"author","embeddable":true,"href":"https:\/\/www.gold.fr\/news\/wp-json\/wp\/v2\/ppma_author?post=20110"}],"curies":[{"name":"wp","href":"https:\/\/api.w.org\/{rel}","templated":true}]}}