{"id":20104,"date":"2016-09-12T13:00:02","date_gmt":"2016-09-12T11:00:02","guid":{"rendered":"https:\/\/www.gold.fr\/news\/?p=20104"},"modified":"2021-01-13T14:57:22","modified_gmt":"2021-01-13T13:57:22","slug":"marches-debutent-semaine-morosite","status":"publish","type":"post","link":"https:\/\/www.gold.fr\/news\/2016\/09\/12\/marches-debutent-semaine-morosite\/","title":{"rendered":"Les march\u00e9s d\u00e9butent la semaine dans la morosit\u00e9"},"content":{"rendered":"<p><img loading=\"lazy\" decoding=\"async\" class=\"alignleft wp-image-16306 size-thumbnail\" title=\"Les march\u00e9s d\u00e9butent la semaine dans la morosit\u00e9\" src=\"https:\/\/www.gold.fr\/news\/wp-content\/uploads\/2014\/12\/or-physique2-150x150.jpg\" alt=\"Les march\u00e9s d\u00e9butent la semaine dans la morosit\u00e9\" width=\"150\" height=\"150\" \/>L&rsquo;ensemble des march\u00e9s d&rsquo;investissement entament cette nouvelle semaine boursi\u00e8re sur une note \u00ab\u00a0d\u00e9prim\u00e9e\u00a0\u00bb. Wall Street affiche une performance particuli\u00e8rement morose et il est attendu que les march\u00e9s europ\u00e9ens suivent la m\u00eame tendance, en cours de s\u00e9ance. Il est \u00e9galement pr\u00e9vu que cette ambiance plomb\u00e9e r\u00e9ussisse \u00e0 booster le prix de l&rsquo;once, dans les jours \u00e0 venir.<\/p>\n<p>La morosit\u00e9 des march\u00e9s am\u00e9ricains d\u00e9coule essentiellement du retour des craintes concernant une potentielle hausse des taux de la FED, le 21 septembre, mais \u00e9galement d&rsquo;un probable deuxi\u00e8me tour de vis d\u00e8s le 15 d\u00e9cembre 2016. Rappelons en effet que deux membres de la <strong>FED<\/strong>, Eric <strong>Rosengren<\/strong> et Daniel Tarullo, ont laiss\u00e9 entendre la forte probabilit\u00e9 de ce sc\u00e9nario, vendredi dernier, justifiant sa l\u00e9gitimit\u00e9 par l&rsquo;approche de l&rsquo;objectif des 2% d&rsquo;inflation (fix\u00e9 par l&rsquo;institution en 2015).<\/p>\n<p>Rosengren,pr\u00e9sident de la FED de Boston, a notamment d\u00e9clar\u00e9 que la r\u00e9serve f\u00e9d\u00e9rale am\u00e9ricaine \u00ab\u00a0ne doit pas piloter sa politique mon\u00e9taire depuis le si\u00e8ge arri\u00e8re\u00a0\u00bb, soulignant que des taux d&rsquo;int\u00e9r\u00eat bas \u00ab\u00a0accroissent le risque de surchauffe de l&rsquo;\u00e9conomie am\u00e9ricaine, faisant ainsi peser des risques potentiels sur la stabilit\u00e9 financi\u00e8re\u00a0\u00bb. Certains membres du <strong>FOMC<\/strong> (\u00e0 l&rsquo;image de<strong> Robert Kaplan<\/strong>) rappellent toutefois que l&rsquo;institution \u00ab\u00a0peut encore \u00eatre patiente\u00a0\u00bb.<\/p>\n<p>Dans ce contexte particuli\u00e8rement plomb\u00e9, l&rsquo;<a class=\"esk-seo-plu-link\" href=\"https:\/\/www.gold.fr\/news\/tags\/or\">or<\/a> continue \u00e0 se stabiliser, tentant de se maintenir au dessus des 1 330 dollars. L&rsquo;once devrait toutefois profiter de cette morosit\u00e9 g\u00e9n\u00e9rale, d&rsquo;ici la fin de la semaine. En attendant, l&rsquo;<a class=\"esk-seo-plu-link\" href=\"https:\/\/www.gold.fr\/news\/tags\/or\">or<\/a> ouvre la s\u00e9ance de ce lundi 12 septembre 2016 avec un cours de <a href=\"https:\/\/www.gold.fr\/cours-or-prix-de-l-or\/\" target=\"_blank\" rel=\"noopener noreferrer\">1,331.25 dollars l&rsquo;once<\/a>.<\/p>\n<!-- AddThis Advanced Settings generic via filter on the_content --><!-- AddThis Share Buttons generic via filter on the_content -->","protected":false},"excerpt":{"rendered":"<p>L&rsquo;ensemble des march\u00e9s d&rsquo;investissement entament cette nouvelle semaine boursi\u00e8re sur une note \u00ab\u00a0d\u00e9prim\u00e9e\u00a0\u00bb. Wall Street affiche une performance particuli\u00e8rement morose et il est attendu que les march\u00e9s europ\u00e9ens suivent la m\u00eame tendance, en cours de s\u00e9ance. [&hellip;]<\/p>\n","protected":false},"author":18,"featured_media":16306,"comment_status":"closed","ping_status":"closed","sticky":false,"template":"","format":"standard","meta":{"_mbp_gutenberg_autopost":false,"_pgmb_is_evergreen":false,"_pgmb_ap_template_id":0,"footnotes":""},"categories":[5],"tags":[105,76],"ppma_author":[2565],"class_list":["post-20104","post","type-post","status-publish","format-standard","has-post-thumbnail","hentry","category-flash-infos","tag-marche","tag-or"],"yoast_head":"<!-- This site is optimized with the Yoast SEO plugin v27.5 - https:\/\/yoast.com\/product\/yoast-seo-wordpress\/ -->\n<title>Les march\u00e9s d\u00e9butent la semaine dans la morosit\u00e9<\/title>\n<meta name=\"description\" content=\"L&#039;ensemble des march\u00e9s d&#039;investissement entament cette nouvelle semaine boursi\u00e8re sur une note &quot;d\u00e9prim\u00e9e&quot;.\" \/>\n<meta name=\"robots\" content=\"index, follow, max-snippet:-1, max-image-preview:large, max-video-preview:-1\" \/>\n<link rel=\"canonical\" href=\"https:\/\/www.gold.fr\/news\/2016\/09\/12\/marches-debutent-semaine-morosite\/\" \/>\n<meta property=\"og:locale\" content=\"fr_FR\" \/>\n<meta property=\"og:type\" content=\"article\" \/>\n<meta property=\"og:title\" content=\"Les march\u00e9s d\u00e9butent la semaine dans la morosit\u00e9\" \/>\n<meta property=\"og:description\" content=\"L&#039;ensemble des march\u00e9s d&#039;investissement entament cette nouvelle semaine boursi\u00e8re sur une note &quot;d\u00e9prim\u00e9e&quot;.\" \/>\n<meta property=\"og:url\" content=\"https:\/\/www.gold.fr\/news\/2016\/09\/12\/marches-debutent-semaine-morosite\/\" \/>\n<meta property=\"og:site_name\" content=\"Gold.fr\" \/>\n<meta property=\"article:publisher\" content=\"https:\/\/www.facebook.com\/Goldfr\/\" \/>\n<meta property=\"article:published_time\" content=\"2016-09-12T11:00:02+00:00\" \/>\n<meta property=\"article:modified_time\" content=\"2021-01-13T13:57:22+00:00\" \/>\n<meta property=\"og:image\" content=\"https:\/\/www.gold.fr\/news\/wp-content\/uploads\/2014\/12\/or-physique2-e1478794483851.jpg\" \/>\n\t<meta property=\"og:image:width\" content=\"369\" \/>\n\t<meta property=\"og:image:height\" content=\"217\" \/>\n\t<meta property=\"og:image:type\" content=\"image\/jpeg\" \/>\n<meta name=\"author\" content=\"Comptoir National de l&#039;Or\" \/>\n<meta name=\"twitter:card\" content=\"summary_large_image\" \/>\n<meta name=\"twitter:label1\" content=\"\u00c9crit par\" \/>\n\t<meta name=\"twitter:data1\" content=\"Comptoir National de l&#039;Or\" \/>\n\t<meta name=\"twitter:label2\" content=\"Dur\u00e9e de lecture estim\u00e9e\" \/>\n\t<meta name=\"twitter:data2\" content=\"1 minute\" \/>\n<script type=\"application\/ld+json\" class=\"yoast-schema-graph\">{\"@context\":\"https:\\\/\\\/schema.org\",\"@graph\":[{\"@type\":\"Article\",\"@id\":\"https:\\\/\\\/www.gold.fr\\\/news\\\/2016\\\/09\\\/12\\\/marches-debutent-semaine-morosite\\\/#article\",\"isPartOf\":{\"@id\":\"https:\\\/\\\/www.gold.fr\\\/news\\\/2016\\\/09\\\/12\\\/marches-debutent-semaine-morosite\\\/\"},\"author\":{\"name\":\"Comptoir National de l'Or\",\"@id\":\"https:\\\/\\\/www.gold.fr\\\/news\\\/#\\\/schema\\\/person\\\/070491b4b4fb7671bf59b3be20302ce9\"},\"headline\":\"Les march\u00e9s d\u00e9butent la semaine dans la morosit\u00e9\",\"datePublished\":\"2016-09-12T11:00:02+00:00\",\"dateModified\":\"2021-01-13T13:57:22+00:00\",\"mainEntityOfPage\":{\"@id\":\"https:\\\/\\\/www.gold.fr\\\/news\\\/2016\\\/09\\\/12\\\/marches-debutent-semaine-morosite\\\/\"},\"wordCount\":302,\"image\":{\"@id\":\"https:\\\/\\\/www.gold.fr\\\/news\\\/2016\\\/09\\\/12\\\/marches-debutent-semaine-morosite\\\/#primaryimage\"},\"thumbnailUrl\":\"https:\\\/\\\/www.gold.fr\\\/news\\\/wp-content\\\/uploads\\\/2014\\\/12\\\/or-physique2-e1478794483851.jpg\",\"keywords\":[\"march\u00e9\",\"Or\"],\"articleSection\":[\"Flash infos\"],\"inLanguage\":\"fr-FR\"},{\"@type\":\"WebPage\",\"@id\":\"https:\\\/\\\/www.gold.fr\\\/news\\\/2016\\\/09\\\/12\\\/marches-debutent-semaine-morosite\\\/\",\"url\":\"https:\\\/\\\/www.gold.fr\\\/news\\\/2016\\\/09\\\/12\\\/marches-debutent-semaine-morosite\\\/\",\"name\":\"Les march\u00e9s d\u00e9butent la semaine dans la morosit\u00e9\",\"isPartOf\":{\"@id\":\"https:\\\/\\\/www.gold.fr\\\/news\\\/#website\"},\"primaryImageOfPage\":{\"@id\":\"https:\\\/\\\/www.gold.fr\\\/news\\\/2016\\\/09\\\/12\\\/marches-debutent-semaine-morosite\\\/#primaryimage\"},\"image\":{\"@id\":\"https:\\\/\\\/www.gold.fr\\\/news\\\/2016\\\/09\\\/12\\\/marches-debutent-semaine-morosite\\\/#primaryimage\"},\"thumbnailUrl\":\"https:\\\/\\\/www.gold.fr\\\/news\\\/wp-content\\\/uploads\\\/2014\\\/12\\\/or-physique2-e1478794483851.jpg\",\"datePublished\":\"2016-09-12T11:00:02+00:00\",\"dateModified\":\"2021-01-13T13:57:22+00:00\",\"author\":{\"@id\":\"https:\\\/\\\/www.gold.fr\\\/news\\\/#\\\/schema\\\/person\\\/070491b4b4fb7671bf59b3be20302ce9\"},\"description\":\"L'ensemble des march\u00e9s d'investissement entament cette nouvelle semaine boursi\u00e8re sur une note \\\"d\u00e9prim\u00e9e\\\".\",\"breadcrumb\":{\"@id\":\"https:\\\/\\\/www.gold.fr\\\/news\\\/2016\\\/09\\\/12\\\/marches-debutent-semaine-morosite\\\/#breadcrumb\"},\"inLanguage\":\"fr-FR\",\"potentialAction\":[{\"@type\":\"ReadAction\",\"target\":[\"https:\\\/\\\/www.gold.fr\\\/news\\\/2016\\\/09\\\/12\\\/marches-debutent-semaine-morosite\\\/\"]}]},{\"@type\":\"ImageObject\",\"inLanguage\":\"fr-FR\",\"@id\":\"https:\\\/\\\/www.gold.fr\\\/news\\\/2016\\\/09\\\/12\\\/marches-debutent-semaine-morosite\\\/#primaryimage\",\"url\":\"https:\\\/\\\/www.gold.fr\\\/news\\\/wp-content\\\/uploads\\\/2014\\\/12\\\/or-physique2-e1478794483851.jpg\",\"contentUrl\":\"https:\\\/\\\/www.gold.fr\\\/news\\\/wp-content\\\/uploads\\\/2014\\\/12\\\/or-physique2-e1478794483851.jpg\",\"width\":369,\"height\":217,\"caption\":\"Or : Retour \u00e0 la hausse, en attendant la FED\"},{\"@type\":\"BreadcrumbList\",\"@id\":\"https:\\\/\\\/www.gold.fr\\\/news\\\/2016\\\/09\\\/12\\\/marches-debutent-semaine-morosite\\\/#breadcrumb\",\"itemListElement\":[{\"@type\":\"ListItem\",\"position\":1,\"name\":\"Accueil\",\"item\":\"https:\\\/\\\/www.gold.fr\\\/\"},{\"@type\":\"ListItem\",\"position\":2,\"name\":\"Actualit\u00e9s\",\"item\":\"https:\\\/\\\/www.gold.fr\\\/news\\\/\"},{\"@type\":\"ListItem\",\"position\":3,\"name\":\"Les march\u00e9s d\u00e9butent la semaine dans la morosit\u00e9\"}]},{\"@type\":\"WebSite\",\"@id\":\"https:\\\/\\\/www.gold.fr\\\/news\\\/#website\",\"url\":\"https:\\\/\\\/www.gold.fr\\\/news\\\/\",\"name\":\"Gold.fr\",\"description\":\"Actualit\u00e9s de l&#039;Or et des m\u00e9taux pr\u00e9cieux\",\"potentialAction\":[{\"@type\":\"SearchAction\",\"target\":{\"@type\":\"EntryPoint\",\"urlTemplate\":\"https:\\\/\\\/www.gold.fr\\\/news\\\/?s={search_term_string}\"},\"query-input\":{\"@type\":\"PropertyValueSpecification\",\"valueRequired\":true,\"valueName\":\"search_term_string\"}}],\"inLanguage\":\"fr-FR\"},{\"@type\":\"Person\",\"@id\":\"https:\\\/\\\/www.gold.fr\\\/news\\\/#\\\/schema\\\/person\\\/070491b4b4fb7671bf59b3be20302ce9\",\"name\":\"Comptoir National de l'Or\",\"image\":{\"@type\":\"ImageObject\",\"inLanguage\":\"fr-FR\",\"@id\":\"https:\\\/\\\/secure.gravatar.com\\\/avatar\\\/0a2867fd5abe37bed95d5a65e9d58f01756e11efc68af9888dfc50cfa7f65948?s=96&d=mm&r=gb490554db0a38188709de567aa58480d\",\"url\":\"https:\\\/\\\/secure.gravatar.com\\\/avatar\\\/0a2867fd5abe37bed95d5a65e9d58f01756e11efc68af9888dfc50cfa7f65948?s=96&d=mm&r=g\",\"contentUrl\":\"https:\\\/\\\/secure.gravatar.com\\\/avatar\\\/0a2867fd5abe37bed95d5a65e9d58f01756e11efc68af9888dfc50cfa7f65948?s=96&d=mm&r=g\",\"caption\":\"Comptoir National de l'Or\"},\"description\":\"Notre r\u00e9daction est constitu\u00e9e de membres experts dans les m\u00e9tiers de l'\u00e9conomie et la gestion, des Responsables d'agence Comptoir National de l'Or, des analystes financiers qui publient r\u00e9guli\u00e8rement des \u00e9tudes sur les politiques des banques centrales, le cours de l'or, prix de l'or, cours de l'argent, prix de l'argent, cours du platine, cours du palladium,... la situation en zone euro et l'impact de la strat\u00e9gie mon\u00e9taire de la FED. Notre \u00e9quipe scrute \u00e9galement une information plus g\u00e9n\u00e9raliste \u00e0 la recherche d'actualit\u00e9 \\\"p\u00e9pite\\\" \u00e0 vous partager. Depuis 5 ans, nous avons publi\u00e9 un peu plus de 4000 articles qui s'adressent \u00e0 un public large et vari\u00e9 ayant pour objectif de satisfaire votre curiosit\u00e9 et de partager avec vous une certaine fascination pour le m\u00e9tal jaune, le rachat d'or, et pour ceux qui veulent investir dans l'or, vendre leur or tout simplement en savoir plus... Pour tous vos achat or et argent, n'h\u00e9sitez pas \u00e0 prendre rendez-vous dans l'un de nos nombreux comptoirs.\",\"sameAs\":[\"https:\\\/\\\/www.gold.fr\"]}]}<\/script>\n<!-- \/ Yoast SEO plugin. -->","yoast_head_json":{"title":"Les march\u00e9s d\u00e9butent la semaine dans la morosit\u00e9","description":"L'ensemble des march\u00e9s d'investissement entament cette nouvelle semaine boursi\u00e8re sur une note \"d\u00e9prim\u00e9e\".","robots":{"index":"index","follow":"follow","max-snippet":"max-snippet:-1","max-image-preview":"max-image-preview:large","max-video-preview":"max-video-preview:-1"},"canonical":"https:\/\/www.gold.fr\/news\/2016\/09\/12\/marches-debutent-semaine-morosite\/","og_locale":"fr_FR","og_type":"article","og_title":"Les march\u00e9s d\u00e9butent la semaine dans la morosit\u00e9","og_description":"L'ensemble des march\u00e9s d'investissement entament cette nouvelle semaine boursi\u00e8re sur une note \"d\u00e9prim\u00e9e\".","og_url":"https:\/\/www.gold.fr\/news\/2016\/09\/12\/marches-debutent-semaine-morosite\/","og_site_name":"Gold.fr","article_publisher":"https:\/\/www.facebook.com\/Goldfr\/","article_published_time":"2016-09-12T11:00:02+00:00","article_modified_time":"2021-01-13T13:57:22+00:00","og_image":[{"width":369,"height":217,"url":"https:\/\/www.gold.fr\/news\/wp-content\/uploads\/2014\/12\/or-physique2-e1478794483851.jpg","type":"image\/jpeg"}],"author":"Comptoir National de l'Or","twitter_card":"summary_large_image","twitter_misc":{"\u00c9crit par":"Comptoir National de l'Or","Dur\u00e9e de lecture estim\u00e9e":"1 minute"},"schema":{"@context":"https:\/\/schema.org","@graph":[{"@type":"Article","@id":"https:\/\/www.gold.fr\/news\/2016\/09\/12\/marches-debutent-semaine-morosite\/#article","isPartOf":{"@id":"https:\/\/www.gold.fr\/news\/2016\/09\/12\/marches-debutent-semaine-morosite\/"},"author":{"name":"Comptoir National de l'Or","@id":"https:\/\/www.gold.fr\/news\/#\/schema\/person\/070491b4b4fb7671bf59b3be20302ce9"},"headline":"Les march\u00e9s d\u00e9butent la semaine dans la morosit\u00e9","datePublished":"2016-09-12T11:00:02+00:00","dateModified":"2021-01-13T13:57:22+00:00","mainEntityOfPage":{"@id":"https:\/\/www.gold.fr\/news\/2016\/09\/12\/marches-debutent-semaine-morosite\/"},"wordCount":302,"image":{"@id":"https:\/\/www.gold.fr\/news\/2016\/09\/12\/marches-debutent-semaine-morosite\/#primaryimage"},"thumbnailUrl":"https:\/\/www.gold.fr\/news\/wp-content\/uploads\/2014\/12\/or-physique2-e1478794483851.jpg","keywords":["march\u00e9","Or"],"articleSection":["Flash infos"],"inLanguage":"fr-FR"},{"@type":"WebPage","@id":"https:\/\/www.gold.fr\/news\/2016\/09\/12\/marches-debutent-semaine-morosite\/","url":"https:\/\/www.gold.fr\/news\/2016\/09\/12\/marches-debutent-semaine-morosite\/","name":"Les march\u00e9s d\u00e9butent la semaine dans la morosit\u00e9","isPartOf":{"@id":"https:\/\/www.gold.fr\/news\/#website"},"primaryImageOfPage":{"@id":"https:\/\/www.gold.fr\/news\/2016\/09\/12\/marches-debutent-semaine-morosite\/#primaryimage"},"image":{"@id":"https:\/\/www.gold.fr\/news\/2016\/09\/12\/marches-debutent-semaine-morosite\/#primaryimage"},"thumbnailUrl":"https:\/\/www.gold.fr\/news\/wp-content\/uploads\/2014\/12\/or-physique2-e1478794483851.jpg","datePublished":"2016-09-12T11:00:02+00:00","dateModified":"2021-01-13T13:57:22+00:00","author":{"@id":"https:\/\/www.gold.fr\/news\/#\/schema\/person\/070491b4b4fb7671bf59b3be20302ce9"},"description":"L'ensemble des march\u00e9s d'investissement entament cette nouvelle semaine boursi\u00e8re sur une note \"d\u00e9prim\u00e9e\".","breadcrumb":{"@id":"https:\/\/www.gold.fr\/news\/2016\/09\/12\/marches-debutent-semaine-morosite\/#breadcrumb"},"inLanguage":"fr-FR","potentialAction":[{"@type":"ReadAction","target":["https:\/\/www.gold.fr\/news\/2016\/09\/12\/marches-debutent-semaine-morosite\/"]}]},{"@type":"ImageObject","inLanguage":"fr-FR","@id":"https:\/\/www.gold.fr\/news\/2016\/09\/12\/marches-debutent-semaine-morosite\/#primaryimage","url":"https:\/\/www.gold.fr\/news\/wp-content\/uploads\/2014\/12\/or-physique2-e1478794483851.jpg","contentUrl":"https:\/\/www.gold.fr\/news\/wp-content\/uploads\/2014\/12\/or-physique2-e1478794483851.jpg","width":369,"height":217,"caption":"Or : Retour \u00e0 la hausse, en attendant la FED"},{"@type":"BreadcrumbList","@id":"https:\/\/www.gold.fr\/news\/2016\/09\/12\/marches-debutent-semaine-morosite\/#breadcrumb","itemListElement":[{"@type":"ListItem","position":1,"name":"Accueil","item":"https:\/\/www.gold.fr\/"},{"@type":"ListItem","position":2,"name":"Actualit\u00e9s","item":"https:\/\/www.gold.fr\/news\/"},{"@type":"ListItem","position":3,"name":"Les march\u00e9s d\u00e9butent la semaine dans la morosit\u00e9"}]},{"@type":"WebSite","@id":"https:\/\/www.gold.fr\/news\/#website","url":"https:\/\/www.gold.fr\/news\/","name":"Gold.fr","description":"Actualit\u00e9s de l&#039;Or et des m\u00e9taux pr\u00e9cieux","potentialAction":[{"@type":"SearchAction","target":{"@type":"EntryPoint","urlTemplate":"https:\/\/www.gold.fr\/news\/?s={search_term_string}"},"query-input":{"@type":"PropertyValueSpecification","valueRequired":true,"valueName":"search_term_string"}}],"inLanguage":"fr-FR"},{"@type":"Person","@id":"https:\/\/www.gold.fr\/news\/#\/schema\/person\/070491b4b4fb7671bf59b3be20302ce9","name":"Comptoir National de l'Or","image":{"@type":"ImageObject","inLanguage":"fr-FR","@id":"https:\/\/secure.gravatar.com\/avatar\/0a2867fd5abe37bed95d5a65e9d58f01756e11efc68af9888dfc50cfa7f65948?s=96&d=mm&r=gb490554db0a38188709de567aa58480d","url":"https:\/\/secure.gravatar.com\/avatar\/0a2867fd5abe37bed95d5a65e9d58f01756e11efc68af9888dfc50cfa7f65948?s=96&d=mm&r=g","contentUrl":"https:\/\/secure.gravatar.com\/avatar\/0a2867fd5abe37bed95d5a65e9d58f01756e11efc68af9888dfc50cfa7f65948?s=96&d=mm&r=g","caption":"Comptoir National de l'Or"},"description":"Notre r\u00e9daction est constitu\u00e9e de membres experts dans les m\u00e9tiers de l'\u00e9conomie et la gestion, des Responsables d'agence Comptoir National de l'Or, des analystes financiers qui publient r\u00e9guli\u00e8rement des \u00e9tudes sur les politiques des banques centrales, le cours de l'or, prix de l'or, cours de l'argent, prix de l'argent, cours du platine, cours du palladium,... la situation en zone euro et l'impact de la strat\u00e9gie mon\u00e9taire de la FED. Notre \u00e9quipe scrute \u00e9galement une information plus g\u00e9n\u00e9raliste \u00e0 la recherche d'actualit\u00e9 \"p\u00e9pite\" \u00e0 vous partager. Depuis 5 ans, nous avons publi\u00e9 un peu plus de 4000 articles qui s'adressent \u00e0 un public large et vari\u00e9 ayant pour objectif de satisfaire votre curiosit\u00e9 et de partager avec vous une certaine fascination pour le m\u00e9tal jaune, le rachat d'or, et pour ceux qui veulent investir dans l'or, vendre leur or tout simplement en savoir plus... Pour tous vos achat or et argent, n'h\u00e9sitez pas \u00e0 prendre rendez-vous dans l'un de nos nombreux comptoirs.","sameAs":["https:\/\/www.gold.fr"]}]}},"authors":[{"term_id":2565,"user_id":18,"is_guest":0,"slug":"julie","display_name":"Comptoir National de l'Or","avatar_url":"https:\/\/secure.gravatar.com\/avatar\/713f289e398d35ead876c4a4cc08607f0d6d266058cfc25683fffb6092d0e572?s=96&d=mm&r=g","0":null,"1":"","2":"","3":"","4":"","5":"","6":"","7":"","8":""}],"_links":{"self":[{"href":"https:\/\/www.gold.fr\/news\/wp-json\/wp\/v2\/posts\/20104","targetHints":{"allow":["GET"]}}],"collection":[{"href":"https:\/\/www.gold.fr\/news\/wp-json\/wp\/v2\/posts"}],"about":[{"href":"https:\/\/www.gold.fr\/news\/wp-json\/wp\/v2\/types\/post"}],"author":[{"embeddable":true,"href":"https:\/\/www.gold.fr\/news\/wp-json\/wp\/v2\/users\/18"}],"replies":[{"embeddable":true,"href":"https:\/\/www.gold.fr\/news\/wp-json\/wp\/v2\/comments?post=20104"}],"version-history":[{"count":0,"href":"https:\/\/www.gold.fr\/news\/wp-json\/wp\/v2\/posts\/20104\/revisions"}],"wp:featuredmedia":[{"embeddable":true,"href":"https:\/\/www.gold.fr\/news\/wp-json\/wp\/v2\/media\/16306"}],"wp:attachment":[{"href":"https:\/\/www.gold.fr\/news\/wp-json\/wp\/v2\/media?parent=20104"}],"wp:term":[{"taxonomy":"category","embeddable":true,"href":"https:\/\/www.gold.fr\/news\/wp-json\/wp\/v2\/categories?post=20104"},{"taxonomy":"post_tag","embeddable":true,"href":"https:\/\/www.gold.fr\/news\/wp-json\/wp\/v2\/tags?post=20104"},{"taxonomy":"author","embeddable":true,"href":"https:\/\/www.gold.fr\/news\/wp-json\/wp\/v2\/ppma_author?post=20104"}],"curies":[{"name":"wp","href":"https:\/\/api.w.org\/{rel}","templated":true}]}}