{"id":20058,"date":"2016-09-01T13:00:09","date_gmt":"2016-09-01T11:00:09","guid":{"rendered":"https:\/\/www.gold.fr\/news\/?p=20058"},"modified":"2021-01-13T15:01:43","modified_gmt":"2021-01-13T14:01:43","slug":"stagnation-cours-face-a-marches-repli-generalise","status":"publish","type":"post","link":"https:\/\/www.gold.fr\/news\/2016\/09\/01\/stagnation-cours-face-a-marches-repli-generalise\/","title":{"rendered":"Stagnation du cours face \u00e0 des march\u00e9s en repli g\u00e9n\u00e9ralis\u00e9"},"content":{"rendered":"<p><img loading=\"lazy\" decoding=\"async\" class=\"alignleft wp-image-3850 size-thumbnail\" title=\"Stagnation du cours face \u00e0 des march\u00e9s en repli g\u00e9n\u00e9ralis\u00e9\" src=\"https:\/\/www.gold.fr\/news\/wp-content\/uploads\/2011\/11\/cours-or-3-150x150.jpg\" alt=\"Stagnation du cours face \u00e0 des march\u00e9s en repli g\u00e9n\u00e9ralis\u00e9\" width=\"150\" height=\"150\" \/>Les indices boursiers am\u00e9ricains continuent \u00e0 encha\u00eener les s\u00e9ances de baisse, sur fond de publications macro\u00e9conomiques de plus en plus mitig\u00e9es.<\/p>\n<p>C\u00f4t\u00e9 europ\u00e9en, les places boursi\u00e8res peinent toujours \u00e0 trouver une direction. Les march\u00e9s d&rsquo;investissement subissent la pression baissi\u00e8re d&rsquo;une conjoncture profond\u00e9ment marqu\u00e9e par l&rsquo;incertitude. La veille, les observateurs notaient que la s\u00e9ance du jour (mercredi) marquait la \u00ab\u00a0<em>38 \u00e8me s\u00e9ance de quasi-stagnation des indices US \u00bb<\/em>, ainsi que \u00ab\u00a0<em>la 36\u00e8me s\u00e9ance sur 38 qui s&rsquo;ach\u00e8ve par une variation inf\u00e9rieure \u00e0 0,5% en valeur absolue \u00bb<\/em>.<\/p>\n<p>C&rsquo;est donc avec une attention redoubl\u00e9e que les op\u00e9rateurs guetteront, demain, la r\u00e9v\u00e9lation des chiffres relatifs aux inscriptions aux allocations ch\u00f4mage hebdomadaires, \u00e0 la productivit\u00e9, \u00e0 l&rsquo;<strong>ISM<\/strong> manufacturier et aux d\u00e9penses de construction. L&rsquo;agence <strong>ADP<\/strong> avait d\u00e9j\u00e0 publi\u00e9 son propre rapport (sur l&#8217;emploi priv\u00e9 am\u00e9ricain), la veille, r\u00e9v\u00e9lant des chiffres conformes aux pr\u00e9visions expertes; <strong>+177.000 embauches<\/strong>, au mois d&rsquo;ao\u00fbt, contre <strong>+195.000<\/strong> au mois de juillet. Les march\u00e9s n&rsquo;avaient pas cill\u00e9, suite \u00e0 cette publication, leur attention focalis\u00e9e sur la volatilit\u00e9 confirm\u00e9e des indices boursiers.<\/p>\n<p>Par ailleurs, les cours p\u00e9troliers ont \u00e9galement \u00e9t\u00e9 sous forte pression, apr\u00e8s l&rsquo;annonce d&rsquo;une nouvelle progression des stocks de brut <strong>US<\/strong>, la semaine derni\u00e8re. Un recul que les \u00e9conomistes jugent \u00ab\u00a0<em>tr\u00e8s inqui\u00e9tant<\/em>\u00a0\u00bb pour les march\u00e9s mondiaux, ce qui constitue donc une pression baissi\u00e8re additionnelle sur les march\u00e9s d&rsquo;investissement.<\/p>\n<p>Dans ce contexte, l&rsquo;<a class=\"esk-seo-plu-link\" href=\"https:\/\/www.gold.fr\/news\/tags\/or\">or<\/a> ouvre la s\u00e9ance de ce <strong>jeudi 1er septembre 2016<\/strong> avec un <a href=\"https:\/\/www.gold.fr\/cours-or-prix-de-l-or\/\" target=\"_blank\" rel=\"noopener noreferrer\">cours<\/a> de <strong>1,308.35 dollars<\/strong> <a href=\"https:\/\/www.gold.fr\/once-or-nyc\/\" target=\"_blank\" rel=\"noopener noreferrer\">l&rsquo;once<\/a>.<\/p>\n<!-- AddThis Advanced Settings generic via filter on the_content --><!-- AddThis Share Buttons generic via filter on the_content -->","protected":false},"excerpt":{"rendered":"<p>Les indices boursiers am\u00e9ricains continuent \u00e0 encha\u00eener les s\u00e9ances de baisse, sur fond de publications macro\u00e9conomiques de plus en plus mitig\u00e9es. C\u00f4t\u00e9 europ\u00e9en, les places boursi\u00e8res peinent toujours \u00e0 trouver une direction. Les march\u00e9s d&rsquo;investissement subissent [&hellip;]<\/p>\n","protected":false},"author":18,"featured_media":3850,"comment_status":"closed","ping_status":"closed","sticky":false,"template":"","format":"standard","meta":{"_mbp_gutenberg_autopost":false,"_pgmb_is_evergreen":false,"_pgmb_ap_template_id":0,"footnotes":""},"categories":[5],"tags":[925,917],"ppma_author":[2565],"class_list":["post-20058","post","type-post","status-publish","format-standard","has-post-thumbnail","hentry","category-flash-infos","tag-or-et-stagnation","tag-stagnation-de-lor"],"yoast_head":"<!-- This site is optimized with the Yoast SEO plugin v27.5 - https:\/\/yoast.com\/product\/yoast-seo-wordpress\/ -->\n<title>Stagnation du cours face \u00e0 des march\u00e9s en repli g\u00e9n\u00e9ralis\u00e9<\/title>\n<meta name=\"description\" content=\"les indices boursiers am\u00e9ricains continuent \u00e0 encha\u00eener les s\u00e9ances de baisse, sur fond de publications macro\u00e9conomiques de plus en plus mi...\" \/>\n<meta name=\"robots\" content=\"index, follow, max-snippet:-1, max-image-preview:large, max-video-preview:-1\" \/>\n<link rel=\"canonical\" href=\"https:\/\/www.gold.fr\/news\/2016\/09\/01\/stagnation-cours-face-a-marches-repli-generalise\/\" \/>\n<meta property=\"og:locale\" content=\"fr_FR\" \/>\n<meta property=\"og:type\" content=\"article\" \/>\n<meta property=\"og:title\" content=\"Stagnation du cours face \u00e0 des march\u00e9s en repli g\u00e9n\u00e9ralis\u00e9\" \/>\n<meta property=\"og:description\" content=\"les indices boursiers am\u00e9ricains continuent \u00e0 encha\u00eener les s\u00e9ances de baisse, sur fond de publications macro\u00e9conomiques de plus en plus mi...\" \/>\n<meta property=\"og:url\" content=\"https:\/\/www.gold.fr\/news\/2016\/09\/01\/stagnation-cours-face-a-marches-repli-generalise\/\" \/>\n<meta property=\"og:site_name\" content=\"Gold.fr\" \/>\n<meta property=\"article:publisher\" content=\"https:\/\/www.facebook.com\/Goldfr\/\" \/>\n<meta property=\"article:published_time\" content=\"2016-09-01T11:00:09+00:00\" \/>\n<meta property=\"article:modified_time\" content=\"2021-01-13T14:01:43+00:00\" \/>\n<meta property=\"og:image\" content=\"https:\/\/www.gold.fr\/news\/wp-content\/uploads\/2011\/11\/cours-or-3.jpg\" \/>\n\t<meta property=\"og:image:width\" content=\"338\" \/>\n\t<meta property=\"og:image:height\" content=\"507\" \/>\n\t<meta property=\"og:image:type\" content=\"image\/jpeg\" \/>\n<meta name=\"author\" content=\"Comptoir National de l&#039;Or\" \/>\n<meta name=\"twitter:card\" content=\"summary_large_image\" \/>\n<meta name=\"twitter:label1\" content=\"\u00c9crit par\" \/>\n\t<meta name=\"twitter:data1\" content=\"Comptoir National de l&#039;Or\" \/>\n\t<meta name=\"twitter:label2\" content=\"Dur\u00e9e de lecture estim\u00e9e\" \/>\n\t<meta name=\"twitter:data2\" content=\"1 minute\" \/>\n<script type=\"application\/ld+json\" class=\"yoast-schema-graph\">{\"@context\":\"https:\\\/\\\/schema.org\",\"@graph\":[{\"@type\":\"Article\",\"@id\":\"https:\\\/\\\/www.gold.fr\\\/news\\\/2016\\\/09\\\/01\\\/stagnation-cours-face-a-marches-repli-generalise\\\/#article\",\"isPartOf\":{\"@id\":\"https:\\\/\\\/www.gold.fr\\\/news\\\/2016\\\/09\\\/01\\\/stagnation-cours-face-a-marches-repli-generalise\\\/\"},\"author\":{\"name\":\"Comptoir National de l'Or\",\"@id\":\"https:\\\/\\\/www.gold.fr\\\/news\\\/#\\\/schema\\\/person\\\/070491b4b4fb7671bf59b3be20302ce9\"},\"headline\":\"Stagnation du cours face \u00e0 des march\u00e9s en repli g\u00e9n\u00e9ralis\u00e9\",\"datePublished\":\"2016-09-01T11:00:09+00:00\",\"dateModified\":\"2021-01-13T14:01:43+00:00\",\"mainEntityOfPage\":{\"@id\":\"https:\\\/\\\/www.gold.fr\\\/news\\\/2016\\\/09\\\/01\\\/stagnation-cours-face-a-marches-repli-generalise\\\/\"},\"wordCount\":291,\"image\":{\"@id\":\"https:\\\/\\\/www.gold.fr\\\/news\\\/2016\\\/09\\\/01\\\/stagnation-cours-face-a-marches-repli-generalise\\\/#primaryimage\"},\"thumbnailUrl\":\"https:\\\/\\\/www.gold.fr\\\/news\\\/wp-content\\\/uploads\\\/2011\\\/11\\\/cours-or-3.jpg\",\"keywords\":[\"Or et stagnation\",\"Stagnation de l\u2019or\"],\"articleSection\":[\"Flash infos\"],\"inLanguage\":\"fr-FR\"},{\"@type\":\"WebPage\",\"@id\":\"https:\\\/\\\/www.gold.fr\\\/news\\\/2016\\\/09\\\/01\\\/stagnation-cours-face-a-marches-repli-generalise\\\/\",\"url\":\"https:\\\/\\\/www.gold.fr\\\/news\\\/2016\\\/09\\\/01\\\/stagnation-cours-face-a-marches-repli-generalise\\\/\",\"name\":\"Stagnation du cours face \u00e0 des march\u00e9s en repli g\u00e9n\u00e9ralis\u00e9\",\"isPartOf\":{\"@id\":\"https:\\\/\\\/www.gold.fr\\\/news\\\/#website\"},\"primaryImageOfPage\":{\"@id\":\"https:\\\/\\\/www.gold.fr\\\/news\\\/2016\\\/09\\\/01\\\/stagnation-cours-face-a-marches-repli-generalise\\\/#primaryimage\"},\"image\":{\"@id\":\"https:\\\/\\\/www.gold.fr\\\/news\\\/2016\\\/09\\\/01\\\/stagnation-cours-face-a-marches-repli-generalise\\\/#primaryimage\"},\"thumbnailUrl\":\"https:\\\/\\\/www.gold.fr\\\/news\\\/wp-content\\\/uploads\\\/2011\\\/11\\\/cours-or-3.jpg\",\"datePublished\":\"2016-09-01T11:00:09+00:00\",\"dateModified\":\"2021-01-13T14:01:43+00:00\",\"author\":{\"@id\":\"https:\\\/\\\/www.gold.fr\\\/news\\\/#\\\/schema\\\/person\\\/070491b4b4fb7671bf59b3be20302ce9\"},\"description\":\"les indices boursiers am\u00e9ricains continuent \u00e0 encha\u00eener les s\u00e9ances de baisse, sur fond de publications macro\u00e9conomiques de plus en plus mi...\",\"breadcrumb\":{\"@id\":\"https:\\\/\\\/www.gold.fr\\\/news\\\/2016\\\/09\\\/01\\\/stagnation-cours-face-a-marches-repli-generalise\\\/#breadcrumb\"},\"inLanguage\":\"fr-FR\",\"potentialAction\":[{\"@type\":\"ReadAction\",\"target\":[\"https:\\\/\\\/www.gold.fr\\\/news\\\/2016\\\/09\\\/01\\\/stagnation-cours-face-a-marches-repli-generalise\\\/\"]}]},{\"@type\":\"ImageObject\",\"inLanguage\":\"fr-FR\",\"@id\":\"https:\\\/\\\/www.gold.fr\\\/news\\\/2016\\\/09\\\/01\\\/stagnation-cours-face-a-marches-repli-generalise\\\/#primaryimage\",\"url\":\"https:\\\/\\\/www.gold.fr\\\/news\\\/wp-content\\\/uploads\\\/2011\\\/11\\\/cours-or-3.jpg\",\"contentUrl\":\"https:\\\/\\\/www.gold.fr\\\/news\\\/wp-content\\\/uploads\\\/2011\\\/11\\\/cours-or-3.jpg\",\"width\":\"338\",\"height\":\"507\",\"caption\":\"Stagnation du cours face \u00e0 des march\u00e9s en repli g\u00e9n\u00e9ralis\u00e9\"},{\"@type\":\"BreadcrumbList\",\"@id\":\"https:\\\/\\\/www.gold.fr\\\/news\\\/2016\\\/09\\\/01\\\/stagnation-cours-face-a-marches-repli-generalise\\\/#breadcrumb\",\"itemListElement\":[{\"@type\":\"ListItem\",\"position\":1,\"name\":\"Accueil\",\"item\":\"https:\\\/\\\/www.gold.fr\\\/\"},{\"@type\":\"ListItem\",\"position\":2,\"name\":\"Actualit\u00e9s\",\"item\":\"https:\\\/\\\/www.gold.fr\\\/news\\\/\"},{\"@type\":\"ListItem\",\"position\":3,\"name\":\"Stagnation du cours face \u00e0 des march\u00e9s en repli g\u00e9n\u00e9ralis\u00e9\"}]},{\"@type\":\"WebSite\",\"@id\":\"https:\\\/\\\/www.gold.fr\\\/news\\\/#website\",\"url\":\"https:\\\/\\\/www.gold.fr\\\/news\\\/\",\"name\":\"Gold.fr\",\"description\":\"Actualit\u00e9s de l&#039;Or et des m\u00e9taux pr\u00e9cieux\",\"potentialAction\":[{\"@type\":\"SearchAction\",\"target\":{\"@type\":\"EntryPoint\",\"urlTemplate\":\"https:\\\/\\\/www.gold.fr\\\/news\\\/?s={search_term_string}\"},\"query-input\":{\"@type\":\"PropertyValueSpecification\",\"valueRequired\":true,\"valueName\":\"search_term_string\"}}],\"inLanguage\":\"fr-FR\"},{\"@type\":\"Person\",\"@id\":\"https:\\\/\\\/www.gold.fr\\\/news\\\/#\\\/schema\\\/person\\\/070491b4b4fb7671bf59b3be20302ce9\",\"name\":\"Comptoir National de l'Or\",\"image\":{\"@type\":\"ImageObject\",\"inLanguage\":\"fr-FR\",\"@id\":\"https:\\\/\\\/secure.gravatar.com\\\/avatar\\\/0a2867fd5abe37bed95d5a65e9d58f01756e11efc68af9888dfc50cfa7f65948?s=96&d=mm&r=gb490554db0a38188709de567aa58480d\",\"url\":\"https:\\\/\\\/secure.gravatar.com\\\/avatar\\\/0a2867fd5abe37bed95d5a65e9d58f01756e11efc68af9888dfc50cfa7f65948?s=96&d=mm&r=g\",\"contentUrl\":\"https:\\\/\\\/secure.gravatar.com\\\/avatar\\\/0a2867fd5abe37bed95d5a65e9d58f01756e11efc68af9888dfc50cfa7f65948?s=96&d=mm&r=g\",\"caption\":\"Comptoir National de l'Or\"},\"description\":\"Notre r\u00e9daction est constitu\u00e9e de membres experts dans les m\u00e9tiers de l'\u00e9conomie et la gestion, des Responsables d'agence Comptoir National de l'Or, des analystes financiers qui publient r\u00e9guli\u00e8rement des \u00e9tudes sur les politiques des banques centrales, le cours de l'or, prix de l'or, cours de l'argent, prix de l'argent, cours du platine, cours du palladium,... la situation en zone euro et l'impact de la strat\u00e9gie mon\u00e9taire de la FED. Notre \u00e9quipe scrute \u00e9galement une information plus g\u00e9n\u00e9raliste \u00e0 la recherche d'actualit\u00e9 \\\"p\u00e9pite\\\" \u00e0 vous partager. Depuis 5 ans, nous avons publi\u00e9 un peu plus de 4000 articles qui s'adressent \u00e0 un public large et vari\u00e9 ayant pour objectif de satisfaire votre curiosit\u00e9 et de partager avec vous une certaine fascination pour le m\u00e9tal jaune, le rachat d'or, et pour ceux qui veulent investir dans l'or, vendre leur or tout simplement en savoir plus... Pour tous vos achat or et argent, n'h\u00e9sitez pas \u00e0 prendre rendez-vous dans l'un de nos nombreux comptoirs.\",\"sameAs\":[\"https:\\\/\\\/www.gold.fr\"]}]}<\/script>\n<!-- \/ Yoast SEO plugin. -->","yoast_head_json":{"title":"Stagnation du cours face \u00e0 des march\u00e9s en repli g\u00e9n\u00e9ralis\u00e9","description":"les indices boursiers am\u00e9ricains continuent \u00e0 encha\u00eener les s\u00e9ances de baisse, sur fond de publications macro\u00e9conomiques de plus en plus mi...","robots":{"index":"index","follow":"follow","max-snippet":"max-snippet:-1","max-image-preview":"max-image-preview:large","max-video-preview":"max-video-preview:-1"},"canonical":"https:\/\/www.gold.fr\/news\/2016\/09\/01\/stagnation-cours-face-a-marches-repli-generalise\/","og_locale":"fr_FR","og_type":"article","og_title":"Stagnation du cours face \u00e0 des march\u00e9s en repli g\u00e9n\u00e9ralis\u00e9","og_description":"les indices boursiers am\u00e9ricains continuent \u00e0 encha\u00eener les s\u00e9ances de baisse, sur fond de publications macro\u00e9conomiques de plus en plus mi...","og_url":"https:\/\/www.gold.fr\/news\/2016\/09\/01\/stagnation-cours-face-a-marches-repli-generalise\/","og_site_name":"Gold.fr","article_publisher":"https:\/\/www.facebook.com\/Goldfr\/","article_published_time":"2016-09-01T11:00:09+00:00","article_modified_time":"2021-01-13T14:01:43+00:00","og_image":[{"width":338,"height":507,"url":"https:\/\/www.gold.fr\/news\/wp-content\/uploads\/2011\/11\/cours-or-3.jpg","type":"image\/jpeg"}],"author":"Comptoir National de l'Or","twitter_card":"summary_large_image","twitter_misc":{"\u00c9crit par":"Comptoir National de l'Or","Dur\u00e9e de lecture estim\u00e9e":"1 minute"},"schema":{"@context":"https:\/\/schema.org","@graph":[{"@type":"Article","@id":"https:\/\/www.gold.fr\/news\/2016\/09\/01\/stagnation-cours-face-a-marches-repli-generalise\/#article","isPartOf":{"@id":"https:\/\/www.gold.fr\/news\/2016\/09\/01\/stagnation-cours-face-a-marches-repli-generalise\/"},"author":{"name":"Comptoir National de l'Or","@id":"https:\/\/www.gold.fr\/news\/#\/schema\/person\/070491b4b4fb7671bf59b3be20302ce9"},"headline":"Stagnation du cours face \u00e0 des march\u00e9s en repli g\u00e9n\u00e9ralis\u00e9","datePublished":"2016-09-01T11:00:09+00:00","dateModified":"2021-01-13T14:01:43+00:00","mainEntityOfPage":{"@id":"https:\/\/www.gold.fr\/news\/2016\/09\/01\/stagnation-cours-face-a-marches-repli-generalise\/"},"wordCount":291,"image":{"@id":"https:\/\/www.gold.fr\/news\/2016\/09\/01\/stagnation-cours-face-a-marches-repli-generalise\/#primaryimage"},"thumbnailUrl":"https:\/\/www.gold.fr\/news\/wp-content\/uploads\/2011\/11\/cours-or-3.jpg","keywords":["Or et stagnation","Stagnation de l\u2019or"],"articleSection":["Flash infos"],"inLanguage":"fr-FR"},{"@type":"WebPage","@id":"https:\/\/www.gold.fr\/news\/2016\/09\/01\/stagnation-cours-face-a-marches-repli-generalise\/","url":"https:\/\/www.gold.fr\/news\/2016\/09\/01\/stagnation-cours-face-a-marches-repli-generalise\/","name":"Stagnation du cours face \u00e0 des march\u00e9s en repli g\u00e9n\u00e9ralis\u00e9","isPartOf":{"@id":"https:\/\/www.gold.fr\/news\/#website"},"primaryImageOfPage":{"@id":"https:\/\/www.gold.fr\/news\/2016\/09\/01\/stagnation-cours-face-a-marches-repli-generalise\/#primaryimage"},"image":{"@id":"https:\/\/www.gold.fr\/news\/2016\/09\/01\/stagnation-cours-face-a-marches-repli-generalise\/#primaryimage"},"thumbnailUrl":"https:\/\/www.gold.fr\/news\/wp-content\/uploads\/2011\/11\/cours-or-3.jpg","datePublished":"2016-09-01T11:00:09+00:00","dateModified":"2021-01-13T14:01:43+00:00","author":{"@id":"https:\/\/www.gold.fr\/news\/#\/schema\/person\/070491b4b4fb7671bf59b3be20302ce9"},"description":"les indices boursiers am\u00e9ricains continuent \u00e0 encha\u00eener les s\u00e9ances de baisse, sur fond de publications macro\u00e9conomiques de plus en plus mi...","breadcrumb":{"@id":"https:\/\/www.gold.fr\/news\/2016\/09\/01\/stagnation-cours-face-a-marches-repli-generalise\/#breadcrumb"},"inLanguage":"fr-FR","potentialAction":[{"@type":"ReadAction","target":["https:\/\/www.gold.fr\/news\/2016\/09\/01\/stagnation-cours-face-a-marches-repli-generalise\/"]}]},{"@type":"ImageObject","inLanguage":"fr-FR","@id":"https:\/\/www.gold.fr\/news\/2016\/09\/01\/stagnation-cours-face-a-marches-repli-generalise\/#primaryimage","url":"https:\/\/www.gold.fr\/news\/wp-content\/uploads\/2011\/11\/cours-or-3.jpg","contentUrl":"https:\/\/www.gold.fr\/news\/wp-content\/uploads\/2011\/11\/cours-or-3.jpg","width":"338","height":"507","caption":"Stagnation du cours face \u00e0 des march\u00e9s en repli g\u00e9n\u00e9ralis\u00e9"},{"@type":"BreadcrumbList","@id":"https:\/\/www.gold.fr\/news\/2016\/09\/01\/stagnation-cours-face-a-marches-repli-generalise\/#breadcrumb","itemListElement":[{"@type":"ListItem","position":1,"name":"Accueil","item":"https:\/\/www.gold.fr\/"},{"@type":"ListItem","position":2,"name":"Actualit\u00e9s","item":"https:\/\/www.gold.fr\/news\/"},{"@type":"ListItem","position":3,"name":"Stagnation du cours face \u00e0 des march\u00e9s en repli g\u00e9n\u00e9ralis\u00e9"}]},{"@type":"WebSite","@id":"https:\/\/www.gold.fr\/news\/#website","url":"https:\/\/www.gold.fr\/news\/","name":"Gold.fr","description":"Actualit\u00e9s de l&#039;Or et des m\u00e9taux pr\u00e9cieux","potentialAction":[{"@type":"SearchAction","target":{"@type":"EntryPoint","urlTemplate":"https:\/\/www.gold.fr\/news\/?s={search_term_string}"},"query-input":{"@type":"PropertyValueSpecification","valueRequired":true,"valueName":"search_term_string"}}],"inLanguage":"fr-FR"},{"@type":"Person","@id":"https:\/\/www.gold.fr\/news\/#\/schema\/person\/070491b4b4fb7671bf59b3be20302ce9","name":"Comptoir National de l'Or","image":{"@type":"ImageObject","inLanguage":"fr-FR","@id":"https:\/\/secure.gravatar.com\/avatar\/0a2867fd5abe37bed95d5a65e9d58f01756e11efc68af9888dfc50cfa7f65948?s=96&d=mm&r=gb490554db0a38188709de567aa58480d","url":"https:\/\/secure.gravatar.com\/avatar\/0a2867fd5abe37bed95d5a65e9d58f01756e11efc68af9888dfc50cfa7f65948?s=96&d=mm&r=g","contentUrl":"https:\/\/secure.gravatar.com\/avatar\/0a2867fd5abe37bed95d5a65e9d58f01756e11efc68af9888dfc50cfa7f65948?s=96&d=mm&r=g","caption":"Comptoir National de l'Or"},"description":"Notre r\u00e9daction est constitu\u00e9e de membres experts dans les m\u00e9tiers de l'\u00e9conomie et la gestion, des Responsables d'agence Comptoir National de l'Or, des analystes financiers qui publient r\u00e9guli\u00e8rement des \u00e9tudes sur les politiques des banques centrales, le cours de l'or, prix de l'or, cours de l'argent, prix de l'argent, cours du platine, cours du palladium,... la situation en zone euro et l'impact de la strat\u00e9gie mon\u00e9taire de la FED. Notre \u00e9quipe scrute \u00e9galement une information plus g\u00e9n\u00e9raliste \u00e0 la recherche d'actualit\u00e9 \"p\u00e9pite\" \u00e0 vous partager. Depuis 5 ans, nous avons publi\u00e9 un peu plus de 4000 articles qui s'adressent \u00e0 un public large et vari\u00e9 ayant pour objectif de satisfaire votre curiosit\u00e9 et de partager avec vous une certaine fascination pour le m\u00e9tal jaune, le rachat d'or, et pour ceux qui veulent investir dans l'or, vendre leur or tout simplement en savoir plus... Pour tous vos achat or et argent, n'h\u00e9sitez pas \u00e0 prendre rendez-vous dans l'un de nos nombreux comptoirs.","sameAs":["https:\/\/www.gold.fr"]}]}},"authors":[{"term_id":2565,"user_id":18,"is_guest":0,"slug":"julie","display_name":"Comptoir National de l'Or","avatar_url":"https:\/\/secure.gravatar.com\/avatar\/713f289e398d35ead876c4a4cc08607f0d6d266058cfc25683fffb6092d0e572?s=96&d=mm&r=g","0":null,"1":"","2":"","3":"","4":"","5":"","6":"","7":"","8":""}],"_links":{"self":[{"href":"https:\/\/www.gold.fr\/news\/wp-json\/wp\/v2\/posts\/20058","targetHints":{"allow":["GET"]}}],"collection":[{"href":"https:\/\/www.gold.fr\/news\/wp-json\/wp\/v2\/posts"}],"about":[{"href":"https:\/\/www.gold.fr\/news\/wp-json\/wp\/v2\/types\/post"}],"author":[{"embeddable":true,"href":"https:\/\/www.gold.fr\/news\/wp-json\/wp\/v2\/users\/18"}],"replies":[{"embeddable":true,"href":"https:\/\/www.gold.fr\/news\/wp-json\/wp\/v2\/comments?post=20058"}],"version-history":[{"count":0,"href":"https:\/\/www.gold.fr\/news\/wp-json\/wp\/v2\/posts\/20058\/revisions"}],"wp:featuredmedia":[{"embeddable":true,"href":"https:\/\/www.gold.fr\/news\/wp-json\/wp\/v2\/media\/3850"}],"wp:attachment":[{"href":"https:\/\/www.gold.fr\/news\/wp-json\/wp\/v2\/media?parent=20058"}],"wp:term":[{"taxonomy":"category","embeddable":true,"href":"https:\/\/www.gold.fr\/news\/wp-json\/wp\/v2\/categories?post=20058"},{"taxonomy":"post_tag","embeddable":true,"href":"https:\/\/www.gold.fr\/news\/wp-json\/wp\/v2\/tags?post=20058"},{"taxonomy":"author","embeddable":true,"href":"https:\/\/www.gold.fr\/news\/wp-json\/wp\/v2\/ppma_author?post=20058"}],"curies":[{"name":"wp","href":"https:\/\/api.w.org\/{rel}","templated":true}]}}