{"id":20046,"date":"2016-08-30T15:00:42","date_gmt":"2016-08-30T13:00:42","guid":{"rendered":"https:\/\/www.gold.fr\/news\/?p=20046"},"modified":"2021-01-11T16:33:36","modified_gmt":"2021-01-11T15:33:36","slug":"or-tabler-valeur-refuge","status":"publish","type":"post","link":"https:\/\/www.gold.fr\/news\/2016\/08\/30\/or-tabler-valeur-refuge\/","title":{"rendered":"Or : Pourquoi tabler sur sa valeur refuge ?"},"content":{"rendered":"<p>Difficile de ne pas lier le <strong>rallye haussier<\/strong> enregistr\u00e9 par l&rsquo;<a class=\"esk-seo-plu-link\" href=\"https:\/\/www.gold.fr\/news\/tags\/or\">or<\/a>, depuis le d\u00e9but de l&rsquo;ann\u00e9e 2016, avec la conjoncture politique et \u00e9conomique internationale marqu\u00e9e par l&rsquo;incertitude.<\/p>\n<h2>Petit rappel : Pourquoi l\u2019or est-il une valeur s\u00fbre?<\/h2>\n<p><img loading=\"lazy\" decoding=\"async\" class=\"alignleft wp-image-10140 size-thumbnail\" title=\"Or : Pourquoi tabler sur sa valeur refuge ?\" src=\"https:\/\/www.gold.fr\/news\/wp-content\/uploads\/2010\/06\/lingots-or-e1358326494421-150x150.jpg\" alt=\"Or : Pourquoi tabler sur sa valeur refuge ?\" width=\"150\" height=\"150\" \/>Le <a class=\"esk-seo-plu-link\" href=\"https:\/\/www.gold.fr\/news\/tags\/or\">m\u00e9tal jaune<\/a> puise donc son \u00e9lan haussier de sa valeur refuge qui a traditionnellement le pouvoir de pr\u00e9munir des crises en tout genre. Et le consensus expert ne cesse aujourd&rsquo;hui de recommander vivement l&rsquo;investissement dans le <a class=\"esk-seo-plu-link\" href=\"https:\/\/www.gold.fr\/news\/tags\/or\">m\u00e9tal jaune<\/a>, tablant sur sa capacit\u00e9 \u00e0 prot\u00e9ger les investisseurs de la crise bancaire et financi\u00e8re globale en pr\u00e9paration. L&rsquo;effondrement du syst\u00e8me financier mondial (banques, devises\u2026) semble d\u00e9sormais in\u00e9luctable.<\/p>\n<p>Bon nombre d&rsquo;\u00e9conomistes estiment m\u00eame qu&rsquo;on se trouve actuellement dans la phase finale de ce processus de crise majeure, la prochaine \u00e9tape \u00e9tant marqu\u00e9e par un mouvement de panique g\u00e9n\u00e9ralis\u00e9e sur les march\u00e9s financiers et des gouvernements et des banques centrales qui tentent de sauver les meubles \u00e0 travers des mesures de plus en plus inefficaces. Les experts listent d&rsquo;ailleurs les principaux signes de cette crise, tels que l&rsquo;effondrement des devises (r\u00e9sultant en l&rsquo;annihilation du capital), le contr\u00f4le de capitaux (l&rsquo;<a class=\"esk-seo-plu-link\" href=\"https:\/\/www.gold.fr\/news\/tags\/argent\">argent<\/a> est alors bloqu\u00e9 dans la banque\/le pays), les renflouements internes ou bail-in (la banque s&rsquo;approprie l&rsquo;<a class=\"esk-seo-plu-link\" href=\"https:\/\/www.gold.fr\/news\/tags\/argent\">argent<\/a> des clients\/investisseurs afin de sauver les murs), ou encore \u00ab <em>les investissements forc\u00e9s<\/em> (les investisseurs sont oblig\u00e9s d&rsquo;acheter des bons du Tr\u00e9sor avec leurs avoirs bancaires ou de retraite), <em>les risques li\u00e9s \u00e0 la garde<\/em> (les actions et obligations sont enti\u00e8rement hypoth\u00e9qu\u00e9es par la banque), <em>les faillites bancaires<\/em> (tous les investissements disparaissent, pour cause d&rsquo;insolvabilit\u00e9 de la banque) \u00bb.<\/p>\n<p>Dans ce contexte mondial hautement instable, les observateurs s&rsquo;accordent \u00e0 classer l&rsquo;<a class=\"esk-seo-plu-link\" href=\"https:\/\/www.gold.fr\/news\/tags\/or\">or<\/a> en t\u00eate de liste des \u2018<em>assurances-avenir<\/em>&lsquo; les moins co\u00fbteuses et risqu\u00e9es. Il est toutefois n\u00e9cessaire d&rsquo;en d\u00e9tenir sous sa forme physique, ce qui garantit \u00e0 l&rsquo;investisseur de demeurer en dehors du syst\u00e8me bancaire et boursier pr\u00e9caire.<\/p>\n<p>Certains conseillent \u00e9galement de conserver son <a class=\"esk-seo-plu-link\" href=\"https:\/\/www.gold.fr\/news\/tags\/or\">or<\/a> hors de son pays de r\u00e9sidence, sp\u00e9cifiant qu&rsquo;il est primordial \u00ab <em>d&rsquo;avoir un acc\u00e8s direct \u00e0 votre actif de pr\u00e9servation de richesse, qui ne devrait pas \u00eatre d\u00e9tenu par une contrepartie<\/em> \u00bb.<\/p>\n<p>Dans quelques ann\u00e9es, lorsque les richesses mondiales s&rsquo;effondreront comme un ch\u00e2teau de cartes, les m\u00e9taux pr\u00e9cieux \u2013et plus particuli\u00e8rement l&rsquo;or- assureront la survie mat\u00e9rielle et \u00e9conomique de leurs d\u00e9tenteurs. Il suffit d&rsquo;ailleurs d&rsquo;observer le comportement r\u00e9cent de certains des gestionnaires les plus fortun\u00e9s de la plan\u00e8te boursi\u00e8re, \u00e0 l&rsquo;instar de <strong>Stan Druckenmiller<\/strong> qui a affirm\u00e9, il y a quelques semaines, que l&rsquo;<a class=\"esk-seo-plu-link\" href=\"https:\/\/www.gold.fr\/news\/tags\/or\">or<\/a> \u00ab <em>repr\u00e9sente la monnaie tenant la plus grande place dans son portefeuille<\/em> \u00bb.<\/p>\n<p>De son c\u00f4t\u00e9, <strong>George Soros<\/strong> a \u00e9galement conseill\u00e9 d&rsquo;augmenter ses positions en <a class=\"esk-seo-plu-link\" href=\"https:\/\/www.gold.fr\/news\/tags\/or\">m\u00e9tal jaune<\/a> et mines aurif\u00e8res, d\u00e8s le premier trimestre de l&rsquo;ann\u00e9e en cours. Les sp\u00e9culations actuelles sur l&rsquo;<a class=\"esk-seo-plu-link\" href=\"https:\/\/www.gold.fr\/news\/tags\/or\">or<\/a> placent le prix de <a href=\"https:\/\/www.gold.fr\/once-or-nyc\/\" target=\"_blank\" rel=\"noopener noreferrer\">l\u2019once<\/a>, d&rsquo;ici la fin de l&rsquo;ann\u00e9e 2017, au-del\u00e0 du palier des <strong>2 000 dollars<\/strong>.<\/p>\n<!-- AddThis Advanced Settings generic via filter on the_content --><!-- AddThis Share Buttons generic via filter on the_content -->","protected":false},"excerpt":{"rendered":"<p>Difficile de ne pas lier le rallye haussier enregistr\u00e9 par l&rsquo;or, depuis le d\u00e9but de l&rsquo;ann\u00e9e 2016, avec la conjoncture politique et \u00e9conomique internationale marqu\u00e9e par l&rsquo;incertitude. Petit rappel : Pourquoi l\u2019or est-il une valeur s\u00fbre? [&hellip;]<\/p>\n","protected":false},"author":18,"featured_media":10140,"comment_status":"closed","ping_status":"closed","sticky":false,"template":"","format":"standard","meta":{"_mbp_gutenberg_autopost":false,"_pgmb_is_evergreen":false,"_pgmb_ap_template_id":0,"footnotes":""},"categories":[6],"tags":[148,234],"ppma_author":[2565],"class_list":["post-20046","post","type-post","status-publish","format-standard","has-post-thumbnail","hentry","category-articles-de-presse","tag-valeur-intemporelle","tag-valeur-refuge"],"yoast_head":"<!-- This site is optimized with the Yoast SEO plugin v27.5 - https:\/\/yoast.com\/product\/yoast-seo-wordpress\/ -->\n<title>Or : Pourquoi tabler sur sa valeur refuge ?<\/title>\n<meta name=\"description\" content=\"Difficile de ne pas lier le rallye haussier enregistr\u00e9 par l\u2019or, depuis le d\u00e9but de l\u2019ann\u00e9e 2016, avec la conjoncture politique et \u00e9conom...\" \/>\n<meta name=\"robots\" content=\"index, follow, max-snippet:-1, max-image-preview:large, max-video-preview:-1\" \/>\n<link rel=\"canonical\" href=\"https:\/\/www.gold.fr\/news\/2016\/08\/30\/or-tabler-valeur-refuge\/\" \/>\n<meta property=\"og:locale\" content=\"fr_FR\" \/>\n<meta property=\"og:type\" content=\"article\" \/>\n<meta property=\"og:title\" content=\"Or : Pourquoi tabler sur sa valeur refuge ?\" \/>\n<meta property=\"og:description\" content=\"Difficile de ne pas lier le rallye haussier enregistr\u00e9 par l\u2019or, depuis le d\u00e9but de l\u2019ann\u00e9e 2016, avec la conjoncture politique et \u00e9conom...\" \/>\n<meta property=\"og:url\" content=\"https:\/\/www.gold.fr\/news\/2016\/08\/30\/or-tabler-valeur-refuge\/\" \/>\n<meta property=\"og:site_name\" content=\"Gold.fr\" \/>\n<meta property=\"article:publisher\" content=\"https:\/\/www.facebook.com\/Goldfr\/\" \/>\n<meta property=\"article:published_time\" content=\"2016-08-30T13:00:42+00:00\" \/>\n<meta property=\"article:modified_time\" content=\"2021-01-11T15:33:36+00:00\" \/>\n<meta property=\"og:image\" content=\"https:\/\/www.gold.fr\/news\/wp-content\/uploads\/2010\/06\/lingots-or-e1358326494421.jpg\" \/>\n\t<meta property=\"og:image:width\" content=\"600\" \/>\n\t<meta property=\"og:image:height\" content=\"352\" \/>\n\t<meta property=\"og:image:type\" content=\"image\/jpeg\" \/>\n<meta name=\"author\" content=\"Comptoir National de l&#039;Or\" \/>\n<meta name=\"twitter:card\" content=\"summary_large_image\" \/>\n<meta name=\"twitter:label1\" content=\"\u00c9crit par\" \/>\n\t<meta name=\"twitter:data1\" content=\"Comptoir National de l&#039;Or\" \/>\n\t<meta name=\"twitter:label2\" content=\"Dur\u00e9e de lecture estim\u00e9e\" \/>\n\t<meta name=\"twitter:data2\" content=\"3 minutes\" \/>\n<script type=\"application\/ld+json\" class=\"yoast-schema-graph\">{\"@context\":\"https:\\\/\\\/schema.org\",\"@graph\":[{\"@type\":\"Article\",\"@id\":\"https:\\\/\\\/www.gold.fr\\\/news\\\/2016\\\/08\\\/30\\\/or-tabler-valeur-refuge\\\/#article\",\"isPartOf\":{\"@id\":\"https:\\\/\\\/www.gold.fr\\\/news\\\/2016\\\/08\\\/30\\\/or-tabler-valeur-refuge\\\/\"},\"author\":{\"name\":\"Comptoir National de l'Or\",\"@id\":\"https:\\\/\\\/www.gold.fr\\\/news\\\/#\\\/schema\\\/person\\\/070491b4b4fb7671bf59b3be20302ce9\"},\"headline\":\"Or : Pourquoi tabler sur sa valeur refuge ?\",\"datePublished\":\"2016-08-30T13:00:42+00:00\",\"dateModified\":\"2021-01-11T15:33:36+00:00\",\"mainEntityOfPage\":{\"@id\":\"https:\\\/\\\/www.gold.fr\\\/news\\\/2016\\\/08\\\/30\\\/or-tabler-valeur-refuge\\\/\"},\"wordCount\":553,\"image\":{\"@id\":\"https:\\\/\\\/www.gold.fr\\\/news\\\/2016\\\/08\\\/30\\\/or-tabler-valeur-refuge\\\/#primaryimage\"},\"thumbnailUrl\":\"https:\\\/\\\/www.gold.fr\\\/news\\\/wp-content\\\/uploads\\\/2010\\\/06\\\/lingots-or-e1358326494421.jpg\",\"keywords\":[\"Valeur intemporelle\",\"Valeur refuge\"],\"articleSection\":[\"Articles de presse\"],\"inLanguage\":\"fr-FR\"},{\"@type\":\"WebPage\",\"@id\":\"https:\\\/\\\/www.gold.fr\\\/news\\\/2016\\\/08\\\/30\\\/or-tabler-valeur-refuge\\\/\",\"url\":\"https:\\\/\\\/www.gold.fr\\\/news\\\/2016\\\/08\\\/30\\\/or-tabler-valeur-refuge\\\/\",\"name\":\"Or : Pourquoi tabler sur sa valeur refuge ?\",\"isPartOf\":{\"@id\":\"https:\\\/\\\/www.gold.fr\\\/news\\\/#website\"},\"primaryImageOfPage\":{\"@id\":\"https:\\\/\\\/www.gold.fr\\\/news\\\/2016\\\/08\\\/30\\\/or-tabler-valeur-refuge\\\/#primaryimage\"},\"image\":{\"@id\":\"https:\\\/\\\/www.gold.fr\\\/news\\\/2016\\\/08\\\/30\\\/or-tabler-valeur-refuge\\\/#primaryimage\"},\"thumbnailUrl\":\"https:\\\/\\\/www.gold.fr\\\/news\\\/wp-content\\\/uploads\\\/2010\\\/06\\\/lingots-or-e1358326494421.jpg\",\"datePublished\":\"2016-08-30T13:00:42+00:00\",\"dateModified\":\"2021-01-11T15:33:36+00:00\",\"author\":{\"@id\":\"https:\\\/\\\/www.gold.fr\\\/news\\\/#\\\/schema\\\/person\\\/070491b4b4fb7671bf59b3be20302ce9\"},\"description\":\"Difficile de ne pas lier le rallye haussier enregistr\u00e9 par l\u2019or, depuis le d\u00e9but de l\u2019ann\u00e9e 2016, avec la conjoncture politique et \u00e9conom...\",\"breadcrumb\":{\"@id\":\"https:\\\/\\\/www.gold.fr\\\/news\\\/2016\\\/08\\\/30\\\/or-tabler-valeur-refuge\\\/#breadcrumb\"},\"inLanguage\":\"fr-FR\",\"potentialAction\":[{\"@type\":\"ReadAction\",\"target\":[\"https:\\\/\\\/www.gold.fr\\\/news\\\/2016\\\/08\\\/30\\\/or-tabler-valeur-refuge\\\/\"]}]},{\"@type\":\"ImageObject\",\"inLanguage\":\"fr-FR\",\"@id\":\"https:\\\/\\\/www.gold.fr\\\/news\\\/2016\\\/08\\\/30\\\/or-tabler-valeur-refuge\\\/#primaryimage\",\"url\":\"https:\\\/\\\/www.gold.fr\\\/news\\\/wp-content\\\/uploads\\\/2010\\\/06\\\/lingots-or-e1358326494421.jpg\",\"contentUrl\":\"https:\\\/\\\/www.gold.fr\\\/news\\\/wp-content\\\/uploads\\\/2010\\\/06\\\/lingots-or-e1358326494421.jpg\",\"width\":\"600\",\"height\":\"352\",\"caption\":\"Petit rappel: Pourquoi l\u2019or est-il une valeur s\u00fbre?\"},{\"@type\":\"BreadcrumbList\",\"@id\":\"https:\\\/\\\/www.gold.fr\\\/news\\\/2016\\\/08\\\/30\\\/or-tabler-valeur-refuge\\\/#breadcrumb\",\"itemListElement\":[{\"@type\":\"ListItem\",\"position\":1,\"name\":\"Accueil\",\"item\":\"https:\\\/\\\/www.gold.fr\\\/\"},{\"@type\":\"ListItem\",\"position\":2,\"name\":\"Actualit\u00e9s\",\"item\":\"https:\\\/\\\/www.gold.fr\\\/news\\\/\"},{\"@type\":\"ListItem\",\"position\":3,\"name\":\"Or : Pourquoi tabler sur sa valeur refuge ?\"}]},{\"@type\":\"WebSite\",\"@id\":\"https:\\\/\\\/www.gold.fr\\\/news\\\/#website\",\"url\":\"https:\\\/\\\/www.gold.fr\\\/news\\\/\",\"name\":\"Gold.fr\",\"description\":\"Actualit\u00e9s de l&#039;Or et des m\u00e9taux pr\u00e9cieux\",\"potentialAction\":[{\"@type\":\"SearchAction\",\"target\":{\"@type\":\"EntryPoint\",\"urlTemplate\":\"https:\\\/\\\/www.gold.fr\\\/news\\\/?s={search_term_string}\"},\"query-input\":{\"@type\":\"PropertyValueSpecification\",\"valueRequired\":true,\"valueName\":\"search_term_string\"}}],\"inLanguage\":\"fr-FR\"},{\"@type\":\"Person\",\"@id\":\"https:\\\/\\\/www.gold.fr\\\/news\\\/#\\\/schema\\\/person\\\/070491b4b4fb7671bf59b3be20302ce9\",\"name\":\"Comptoir National de l'Or\",\"image\":{\"@type\":\"ImageObject\",\"inLanguage\":\"fr-FR\",\"@id\":\"https:\\\/\\\/secure.gravatar.com\\\/avatar\\\/0a2867fd5abe37bed95d5a65e9d58f01756e11efc68af9888dfc50cfa7f65948?s=96&d=mm&r=gb490554db0a38188709de567aa58480d\",\"url\":\"https:\\\/\\\/secure.gravatar.com\\\/avatar\\\/0a2867fd5abe37bed95d5a65e9d58f01756e11efc68af9888dfc50cfa7f65948?s=96&d=mm&r=g\",\"contentUrl\":\"https:\\\/\\\/secure.gravatar.com\\\/avatar\\\/0a2867fd5abe37bed95d5a65e9d58f01756e11efc68af9888dfc50cfa7f65948?s=96&d=mm&r=g\",\"caption\":\"Comptoir National de l'Or\"},\"description\":\"Notre r\u00e9daction est constitu\u00e9e de membres experts dans les m\u00e9tiers de l'\u00e9conomie et la gestion, des Responsables d'agence Comptoir National de l'Or, des analystes financiers qui publient r\u00e9guli\u00e8rement des \u00e9tudes sur les politiques des banques centrales, le cours de l'or, prix de l'or, cours de l'argent, prix de l'argent, cours du platine, cours du palladium,... la situation en zone euro et l'impact de la strat\u00e9gie mon\u00e9taire de la FED. Notre \u00e9quipe scrute \u00e9galement une information plus g\u00e9n\u00e9raliste \u00e0 la recherche d'actualit\u00e9 \\\"p\u00e9pite\\\" \u00e0 vous partager. Depuis 5 ans, nous avons publi\u00e9 un peu plus de 4000 articles qui s'adressent \u00e0 un public large et vari\u00e9 ayant pour objectif de satisfaire votre curiosit\u00e9 et de partager avec vous une certaine fascination pour le m\u00e9tal jaune, le rachat d'or, et pour ceux qui veulent investir dans l'or, vendre leur or tout simplement en savoir plus... Pour tous vos achat or et argent, n'h\u00e9sitez pas \u00e0 prendre rendez-vous dans l'un de nos nombreux comptoirs.\",\"sameAs\":[\"https:\\\/\\\/www.gold.fr\"]}]}<\/script>\n<!-- \/ Yoast SEO plugin. -->","yoast_head_json":{"title":"Or : Pourquoi tabler sur sa valeur refuge ?","description":"Difficile de ne pas lier le rallye haussier enregistr\u00e9 par l\u2019or, depuis le d\u00e9but de l\u2019ann\u00e9e 2016, avec la conjoncture politique et \u00e9conom...","robots":{"index":"index","follow":"follow","max-snippet":"max-snippet:-1","max-image-preview":"max-image-preview:large","max-video-preview":"max-video-preview:-1"},"canonical":"https:\/\/www.gold.fr\/news\/2016\/08\/30\/or-tabler-valeur-refuge\/","og_locale":"fr_FR","og_type":"article","og_title":"Or : Pourquoi tabler sur sa valeur refuge ?","og_description":"Difficile de ne pas lier le rallye haussier enregistr\u00e9 par l\u2019or, depuis le d\u00e9but de l\u2019ann\u00e9e 2016, avec la conjoncture politique et \u00e9conom...","og_url":"https:\/\/www.gold.fr\/news\/2016\/08\/30\/or-tabler-valeur-refuge\/","og_site_name":"Gold.fr","article_publisher":"https:\/\/www.facebook.com\/Goldfr\/","article_published_time":"2016-08-30T13:00:42+00:00","article_modified_time":"2021-01-11T15:33:36+00:00","og_image":[{"width":600,"height":352,"url":"https:\/\/www.gold.fr\/news\/wp-content\/uploads\/2010\/06\/lingots-or-e1358326494421.jpg","type":"image\/jpeg"}],"author":"Comptoir National de l'Or","twitter_card":"summary_large_image","twitter_misc":{"\u00c9crit par":"Comptoir National de l'Or","Dur\u00e9e de lecture estim\u00e9e":"3 minutes"},"schema":{"@context":"https:\/\/schema.org","@graph":[{"@type":"Article","@id":"https:\/\/www.gold.fr\/news\/2016\/08\/30\/or-tabler-valeur-refuge\/#article","isPartOf":{"@id":"https:\/\/www.gold.fr\/news\/2016\/08\/30\/or-tabler-valeur-refuge\/"},"author":{"name":"Comptoir National de l'Or","@id":"https:\/\/www.gold.fr\/news\/#\/schema\/person\/070491b4b4fb7671bf59b3be20302ce9"},"headline":"Or : Pourquoi tabler sur sa valeur refuge ?","datePublished":"2016-08-30T13:00:42+00:00","dateModified":"2021-01-11T15:33:36+00:00","mainEntityOfPage":{"@id":"https:\/\/www.gold.fr\/news\/2016\/08\/30\/or-tabler-valeur-refuge\/"},"wordCount":553,"image":{"@id":"https:\/\/www.gold.fr\/news\/2016\/08\/30\/or-tabler-valeur-refuge\/#primaryimage"},"thumbnailUrl":"https:\/\/www.gold.fr\/news\/wp-content\/uploads\/2010\/06\/lingots-or-e1358326494421.jpg","keywords":["Valeur intemporelle","Valeur refuge"],"articleSection":["Articles de presse"],"inLanguage":"fr-FR"},{"@type":"WebPage","@id":"https:\/\/www.gold.fr\/news\/2016\/08\/30\/or-tabler-valeur-refuge\/","url":"https:\/\/www.gold.fr\/news\/2016\/08\/30\/or-tabler-valeur-refuge\/","name":"Or : Pourquoi tabler sur sa valeur refuge ?","isPartOf":{"@id":"https:\/\/www.gold.fr\/news\/#website"},"primaryImageOfPage":{"@id":"https:\/\/www.gold.fr\/news\/2016\/08\/30\/or-tabler-valeur-refuge\/#primaryimage"},"image":{"@id":"https:\/\/www.gold.fr\/news\/2016\/08\/30\/or-tabler-valeur-refuge\/#primaryimage"},"thumbnailUrl":"https:\/\/www.gold.fr\/news\/wp-content\/uploads\/2010\/06\/lingots-or-e1358326494421.jpg","datePublished":"2016-08-30T13:00:42+00:00","dateModified":"2021-01-11T15:33:36+00:00","author":{"@id":"https:\/\/www.gold.fr\/news\/#\/schema\/person\/070491b4b4fb7671bf59b3be20302ce9"},"description":"Difficile de ne pas lier le rallye haussier enregistr\u00e9 par l\u2019or, depuis le d\u00e9but de l\u2019ann\u00e9e 2016, avec la conjoncture politique et \u00e9conom...","breadcrumb":{"@id":"https:\/\/www.gold.fr\/news\/2016\/08\/30\/or-tabler-valeur-refuge\/#breadcrumb"},"inLanguage":"fr-FR","potentialAction":[{"@type":"ReadAction","target":["https:\/\/www.gold.fr\/news\/2016\/08\/30\/or-tabler-valeur-refuge\/"]}]},{"@type":"ImageObject","inLanguage":"fr-FR","@id":"https:\/\/www.gold.fr\/news\/2016\/08\/30\/or-tabler-valeur-refuge\/#primaryimage","url":"https:\/\/www.gold.fr\/news\/wp-content\/uploads\/2010\/06\/lingots-or-e1358326494421.jpg","contentUrl":"https:\/\/www.gold.fr\/news\/wp-content\/uploads\/2010\/06\/lingots-or-e1358326494421.jpg","width":"600","height":"352","caption":"Petit rappel: Pourquoi l\u2019or est-il une valeur s\u00fbre?"},{"@type":"BreadcrumbList","@id":"https:\/\/www.gold.fr\/news\/2016\/08\/30\/or-tabler-valeur-refuge\/#breadcrumb","itemListElement":[{"@type":"ListItem","position":1,"name":"Accueil","item":"https:\/\/www.gold.fr\/"},{"@type":"ListItem","position":2,"name":"Actualit\u00e9s","item":"https:\/\/www.gold.fr\/news\/"},{"@type":"ListItem","position":3,"name":"Or : Pourquoi tabler sur sa valeur refuge ?"}]},{"@type":"WebSite","@id":"https:\/\/www.gold.fr\/news\/#website","url":"https:\/\/www.gold.fr\/news\/","name":"Gold.fr","description":"Actualit\u00e9s de l&#039;Or et des m\u00e9taux pr\u00e9cieux","potentialAction":[{"@type":"SearchAction","target":{"@type":"EntryPoint","urlTemplate":"https:\/\/www.gold.fr\/news\/?s={search_term_string}"},"query-input":{"@type":"PropertyValueSpecification","valueRequired":true,"valueName":"search_term_string"}}],"inLanguage":"fr-FR"},{"@type":"Person","@id":"https:\/\/www.gold.fr\/news\/#\/schema\/person\/070491b4b4fb7671bf59b3be20302ce9","name":"Comptoir National de l'Or","image":{"@type":"ImageObject","inLanguage":"fr-FR","@id":"https:\/\/secure.gravatar.com\/avatar\/0a2867fd5abe37bed95d5a65e9d58f01756e11efc68af9888dfc50cfa7f65948?s=96&d=mm&r=gb490554db0a38188709de567aa58480d","url":"https:\/\/secure.gravatar.com\/avatar\/0a2867fd5abe37bed95d5a65e9d58f01756e11efc68af9888dfc50cfa7f65948?s=96&d=mm&r=g","contentUrl":"https:\/\/secure.gravatar.com\/avatar\/0a2867fd5abe37bed95d5a65e9d58f01756e11efc68af9888dfc50cfa7f65948?s=96&d=mm&r=g","caption":"Comptoir National de l'Or"},"description":"Notre r\u00e9daction est constitu\u00e9e de membres experts dans les m\u00e9tiers de l'\u00e9conomie et la gestion, des Responsables d'agence Comptoir National de l'Or, des analystes financiers qui publient r\u00e9guli\u00e8rement des \u00e9tudes sur les politiques des banques centrales, le cours de l'or, prix de l'or, cours de l'argent, prix de l'argent, cours du platine, cours du palladium,... la situation en zone euro et l'impact de la strat\u00e9gie mon\u00e9taire de la FED. Notre \u00e9quipe scrute \u00e9galement une information plus g\u00e9n\u00e9raliste \u00e0 la recherche d'actualit\u00e9 \"p\u00e9pite\" \u00e0 vous partager. Depuis 5 ans, nous avons publi\u00e9 un peu plus de 4000 articles qui s'adressent \u00e0 un public large et vari\u00e9 ayant pour objectif de satisfaire votre curiosit\u00e9 et de partager avec vous une certaine fascination pour le m\u00e9tal jaune, le rachat d'or, et pour ceux qui veulent investir dans l'or, vendre leur or tout simplement en savoir plus... Pour tous vos achat or et argent, n'h\u00e9sitez pas \u00e0 prendre rendez-vous dans l'un de nos nombreux comptoirs.","sameAs":["https:\/\/www.gold.fr"]}]}},"authors":[{"term_id":2565,"user_id":18,"is_guest":0,"slug":"julie","display_name":"Comptoir National de l'Or","avatar_url":"https:\/\/secure.gravatar.com\/avatar\/713f289e398d35ead876c4a4cc08607f0d6d266058cfc25683fffb6092d0e572?s=96&d=mm&r=g","0":null,"1":"","2":"","3":"","4":"","5":"","6":"","7":"","8":""}],"_links":{"self":[{"href":"https:\/\/www.gold.fr\/news\/wp-json\/wp\/v2\/posts\/20046","targetHints":{"allow":["GET"]}}],"collection":[{"href":"https:\/\/www.gold.fr\/news\/wp-json\/wp\/v2\/posts"}],"about":[{"href":"https:\/\/www.gold.fr\/news\/wp-json\/wp\/v2\/types\/post"}],"author":[{"embeddable":true,"href":"https:\/\/www.gold.fr\/news\/wp-json\/wp\/v2\/users\/18"}],"replies":[{"embeddable":true,"href":"https:\/\/www.gold.fr\/news\/wp-json\/wp\/v2\/comments?post=20046"}],"version-history":[{"count":0,"href":"https:\/\/www.gold.fr\/news\/wp-json\/wp\/v2\/posts\/20046\/revisions"}],"wp:featuredmedia":[{"embeddable":true,"href":"https:\/\/www.gold.fr\/news\/wp-json\/wp\/v2\/media\/10140"}],"wp:attachment":[{"href":"https:\/\/www.gold.fr\/news\/wp-json\/wp\/v2\/media?parent=20046"}],"wp:term":[{"taxonomy":"category","embeddable":true,"href":"https:\/\/www.gold.fr\/news\/wp-json\/wp\/v2\/categories?post=20046"},{"taxonomy":"post_tag","embeddable":true,"href":"https:\/\/www.gold.fr\/news\/wp-json\/wp\/v2\/tags?post=20046"},{"taxonomy":"author","embeddable":true,"href":"https:\/\/www.gold.fr\/news\/wp-json\/wp\/v2\/ppma_author?post=20046"}],"curies":[{"name":"wp","href":"https:\/\/api.w.org\/{rel}","templated":true}]}}