{"id":20041,"date":"2016-08-30T13:00:11","date_gmt":"2016-08-30T11:00:11","guid":{"rendered":"https:\/\/www.gold.fr\/news\/?p=20041"},"modified":"2021-01-13T15:04:01","modified_gmt":"2021-01-13T14:04:01","slug":"lonce-se-redresse-fond-de-marches-moroses","status":"publish","type":"post","link":"https:\/\/www.gold.fr\/news\/2016\/08\/30\/lonce-se-redresse-fond-de-marches-moroses\/","title":{"rendered":"L&rsquo;once se redresse, sur fond de march\u00e9s moroses"},"content":{"rendered":"<p><img loading=\"lazy\" decoding=\"async\" class=\"alignleft wp-image-3372 size-thumbnail\" title=\"L'once se redresse, sur fond de march\u00e9s moroses\" src=\"https:\/\/www.gold.fr\/news\/wp-content\/uploads\/2011\/11\/83109311-150x150.jpg\" alt=\"L'once se redresse, sur fond de march\u00e9s moroses\" width=\"150\" height=\"150\" \/>La semaine derni\u00e8re s&rsquo;\u00e9tait pourtant achev\u00e9e sur une note haussi\u00e8re, suite \u00e0 un discours <strong>Yellen<\/strong> qualifi\u00e9 de &lsquo;relativement rassurant&rsquo;.<\/p>\n<p>Mais cette tendance s&rsquo;est rapidement invers\u00e9e, d\u00e8s la mi-s\u00e9ance de la veille, lundi, les op\u00e9rateurs ayant finalement tir\u00e9 un bilan tr\u00e8s mitig\u00e9 des propos tenus lors du <strong>Jackson Hole<\/strong>. Si les investisseurs avaient \u00e9t\u00e9 initialement soulag\u00e9s, c&rsquo;est en raison des d\u00e9clarations de <strong>Yellen<\/strong> concernant la d\u00e9termination de la <strong>FED<\/strong> \u00e0 maintenir sa \u00ab\u00a0<em>data dependent<\/em>\u00a0\u00bb strat\u00e9gie (la hausse des taux d\u00e9pend essentiellement de l&rsquo;\u00e9volution des donn\u00e9es \u00e9conomiques du pays).<\/p>\n<p>N\u00e9anmoins, ce discours avait \u00e9t\u00e9 suivi par des propos inqui\u00e9tant de <strong>Stanley Fischer<\/strong>, vice-pr\u00e9sident de la R\u00e9serve f\u00e9d\u00e9rale am\u00e9ricaine, qui a rappel\u00e9 qu&rsquo;une \u00ab\u00a0<em>hausse de taux est possible d\u00e8s septembre \u00bb<\/em>. Du coup, les march\u00e9s se retrouvent \u00e0 nouveau dans l&rsquo;incertitude, et <strong>Angus Nicholson<\/strong>, analyste de march\u00e9 chez <strong>IG<\/strong>, r\u00e9sume bien la situation en affirmant que \u00ab\u00a0<em>les march\u00e9s n&rsquo;ont gagn\u00e9 qu&rsquo;une visibilit\u00e9 limit\u00e9e concernant l&rsquo;\u00e9volution future des taux d&rsquo;int\u00e9r\u00eat \u00bb<\/em>.<\/p>\n<p>Dans ce contexte, les donn\u00e9es macro\u00e9conomiques attendues cette semaine s&rsquo;annoncent assez d\u00e9cisives pour l&rsquo;\u00e9volution \u00e0 court terme des march\u00e9s. Ce sera particuli\u00e8rement le cas de l&rsquo;indice <strong>ISM<\/strong> manufacturier et surtout le rapport mensuel sur l&#8217;emploi am\u00e9ricain, pr\u00e9vu pour vendredi. Le bilan statistique de la semaine pourrait \u00ab\u00a0<em>entretenir ce mouvement de remont\u00e9e des anticipations, ou au contraire relancer les doutes des investisseurs \u00bb<\/em>, selon les analystes d&rsquo;<strong>Aurel BGC<\/strong>.<\/p>\n<p>En attendant, l&rsquo;<a class=\"esk-seo-plu-link\" href=\"https:\/\/www.gold.fr\/news\/tags\/or\">or<\/a> profite de la confusion des march\u00e9s et ouvre la s\u00e9ance de ce <strong>mardi 30 ao\u00fbt 2016<\/strong> avec un <a href=\"https:\/\/www.gold.fr\/cours-or-prix-de-l-or\/\" target=\"_blank\" rel=\"noopener noreferrer\">cours<\/a> haussier de <strong>1,327.70 dollars<\/strong> <a href=\"https:\/\/www.gold.fr\/once-or-nyc\/\" target=\"_blank\" rel=\"noopener noreferrer\">l&rsquo;once<\/a>.<\/p>\n<!-- AddThis Advanced Settings generic via filter on the_content --><!-- AddThis Share Buttons generic via filter on the_content -->","protected":false},"excerpt":{"rendered":"<p>La semaine derni\u00e8re s&rsquo;\u00e9tait pourtant achev\u00e9e sur une note haussi\u00e8re, suite \u00e0 un discours Yellen qualifi\u00e9 de &lsquo;relativement rassurant&rsquo;. Mais cette tendance s&rsquo;est rapidement invers\u00e9e, d\u00e8s la mi-s\u00e9ance de la veille, lundi, les op\u00e9rateurs ayant finalement [&hellip;]<\/p>\n","protected":false},"author":18,"featured_media":3372,"comment_status":"closed","ping_status":"closed","sticky":false,"template":"","format":"standard","meta":{"_mbp_gutenberg_autopost":false,"_pgmb_is_evergreen":false,"_pgmb_ap_template_id":0,"footnotes":""},"categories":[5],"tags":[925],"ppma_author":[2565],"class_list":["post-20041","post","type-post","status-publish","format-standard","has-post-thumbnail","hentry","category-flash-infos","tag-or-et-stagnation"],"yoast_head":"<!-- This site is optimized with the Yoast SEO plugin v27.5 - https:\/\/yoast.com\/product\/yoast-seo-wordpress\/ -->\n<title>L&#039;once se redresse, sur fond de march\u00e9s moroses<\/title>\n<meta name=\"description\" content=\"La semaine derni\u00e8re s&#039;\u00e9tait pourtant achev\u00e9e sur une note haussi\u00e8re, suite \u00e0 un discours Yellen qualifi\u00e9 de &#039;relativement rassurant&#039;. Mai...\" \/>\n<meta name=\"robots\" content=\"index, follow, max-snippet:-1, max-image-preview:large, max-video-preview:-1\" \/>\n<link rel=\"canonical\" href=\"https:\/\/www.gold.fr\/news\/2016\/08\/30\/lonce-se-redresse-fond-de-marches-moroses\/\" \/>\n<meta property=\"og:locale\" content=\"fr_FR\" \/>\n<meta property=\"og:type\" content=\"article\" \/>\n<meta property=\"og:title\" content=\"L&#039;once se redresse, sur fond de march\u00e9s moroses\" \/>\n<meta property=\"og:description\" content=\"La semaine derni\u00e8re s&#039;\u00e9tait pourtant achev\u00e9e sur une note haussi\u00e8re, suite \u00e0 un discours Yellen qualifi\u00e9 de &#039;relativement rassurant&#039;. Mai...\" \/>\n<meta property=\"og:url\" content=\"https:\/\/www.gold.fr\/news\/2016\/08\/30\/lonce-se-redresse-fond-de-marches-moroses\/\" \/>\n<meta property=\"og:site_name\" content=\"Gold.fr\" \/>\n<meta property=\"article:publisher\" content=\"https:\/\/www.facebook.com\/Goldfr\/\" \/>\n<meta property=\"article:published_time\" content=\"2016-08-30T11:00:11+00:00\" \/>\n<meta property=\"article:modified_time\" content=\"2021-01-13T14:04:01+00:00\" \/>\n<meta property=\"og:image\" content=\"https:\/\/www.gold.fr\/news\/wp-content\/uploads\/2011\/11\/83109311.jpg\" \/>\n\t<meta property=\"og:image:width\" content=\"600\" \/>\n\t<meta property=\"og:image:height\" content=\"400\" \/>\n\t<meta property=\"og:image:type\" content=\"image\/jpeg\" \/>\n<meta name=\"author\" content=\"Comptoir National de l&#039;Or\" \/>\n<meta name=\"twitter:card\" content=\"summary_large_image\" \/>\n<meta name=\"twitter:label1\" content=\"\u00c9crit par\" \/>\n\t<meta name=\"twitter:data1\" content=\"Comptoir National de l&#039;Or\" \/>\n\t<meta name=\"twitter:label2\" content=\"Dur\u00e9e de lecture estim\u00e9e\" \/>\n\t<meta name=\"twitter:data2\" content=\"1 minute\" \/>\n<script type=\"application\/ld+json\" class=\"yoast-schema-graph\">{\"@context\":\"https:\\\/\\\/schema.org\",\"@graph\":[{\"@type\":\"Article\",\"@id\":\"https:\\\/\\\/www.gold.fr\\\/news\\\/2016\\\/08\\\/30\\\/lonce-se-redresse-fond-de-marches-moroses\\\/#article\",\"isPartOf\":{\"@id\":\"https:\\\/\\\/www.gold.fr\\\/news\\\/2016\\\/08\\\/30\\\/lonce-se-redresse-fond-de-marches-moroses\\\/\"},\"author\":{\"name\":\"Comptoir National de l'Or\",\"@id\":\"https:\\\/\\\/www.gold.fr\\\/news\\\/#\\\/schema\\\/person\\\/070491b4b4fb7671bf59b3be20302ce9\"},\"headline\":\"L&rsquo;once se redresse, sur fond de march\u00e9s moroses\",\"datePublished\":\"2016-08-30T11:00:11+00:00\",\"dateModified\":\"2021-01-13T14:04:01+00:00\",\"mainEntityOfPage\":{\"@id\":\"https:\\\/\\\/www.gold.fr\\\/news\\\/2016\\\/08\\\/30\\\/lonce-se-redresse-fond-de-marches-moroses\\\/\"},\"wordCount\":307,\"image\":{\"@id\":\"https:\\\/\\\/www.gold.fr\\\/news\\\/2016\\\/08\\\/30\\\/lonce-se-redresse-fond-de-marches-moroses\\\/#primaryimage\"},\"thumbnailUrl\":\"https:\\\/\\\/www.gold.fr\\\/news\\\/wp-content\\\/uploads\\\/2011\\\/11\\\/83109311.jpg\",\"keywords\":[\"Or et stagnation\"],\"articleSection\":[\"Flash infos\"],\"inLanguage\":\"fr-FR\"},{\"@type\":\"WebPage\",\"@id\":\"https:\\\/\\\/www.gold.fr\\\/news\\\/2016\\\/08\\\/30\\\/lonce-se-redresse-fond-de-marches-moroses\\\/\",\"url\":\"https:\\\/\\\/www.gold.fr\\\/news\\\/2016\\\/08\\\/30\\\/lonce-se-redresse-fond-de-marches-moroses\\\/\",\"name\":\"L'once se redresse, sur fond de march\u00e9s moroses\",\"isPartOf\":{\"@id\":\"https:\\\/\\\/www.gold.fr\\\/news\\\/#website\"},\"primaryImageOfPage\":{\"@id\":\"https:\\\/\\\/www.gold.fr\\\/news\\\/2016\\\/08\\\/30\\\/lonce-se-redresse-fond-de-marches-moroses\\\/#primaryimage\"},\"image\":{\"@id\":\"https:\\\/\\\/www.gold.fr\\\/news\\\/2016\\\/08\\\/30\\\/lonce-se-redresse-fond-de-marches-moroses\\\/#primaryimage\"},\"thumbnailUrl\":\"https:\\\/\\\/www.gold.fr\\\/news\\\/wp-content\\\/uploads\\\/2011\\\/11\\\/83109311.jpg\",\"datePublished\":\"2016-08-30T11:00:11+00:00\",\"dateModified\":\"2021-01-13T14:04:01+00:00\",\"author\":{\"@id\":\"https:\\\/\\\/www.gold.fr\\\/news\\\/#\\\/schema\\\/person\\\/070491b4b4fb7671bf59b3be20302ce9\"},\"description\":\"La semaine derni\u00e8re s'\u00e9tait pourtant achev\u00e9e sur une note haussi\u00e8re, suite \u00e0 un discours Yellen qualifi\u00e9 de 'relativement rassurant'. Mai...\",\"breadcrumb\":{\"@id\":\"https:\\\/\\\/www.gold.fr\\\/news\\\/2016\\\/08\\\/30\\\/lonce-se-redresse-fond-de-marches-moroses\\\/#breadcrumb\"},\"inLanguage\":\"fr-FR\",\"potentialAction\":[{\"@type\":\"ReadAction\",\"target\":[\"https:\\\/\\\/www.gold.fr\\\/news\\\/2016\\\/08\\\/30\\\/lonce-se-redresse-fond-de-marches-moroses\\\/\"]}]},{\"@type\":\"ImageObject\",\"inLanguage\":\"fr-FR\",\"@id\":\"https:\\\/\\\/www.gold.fr\\\/news\\\/2016\\\/08\\\/30\\\/lonce-se-redresse-fond-de-marches-moroses\\\/#primaryimage\",\"url\":\"https:\\\/\\\/www.gold.fr\\\/news\\\/wp-content\\\/uploads\\\/2011\\\/11\\\/83109311.jpg\",\"contentUrl\":\"https:\\\/\\\/www.gold.fr\\\/news\\\/wp-content\\\/uploads\\\/2011\\\/11\\\/83109311.jpg\",\"width\":\"600\",\"height\":\"400\",\"caption\":\"L\u2019or en stagnation face \u00e0 un march\u00e9 en \u00e9quilibre\"},{\"@type\":\"BreadcrumbList\",\"@id\":\"https:\\\/\\\/www.gold.fr\\\/news\\\/2016\\\/08\\\/30\\\/lonce-se-redresse-fond-de-marches-moroses\\\/#breadcrumb\",\"itemListElement\":[{\"@type\":\"ListItem\",\"position\":1,\"name\":\"Accueil\",\"item\":\"https:\\\/\\\/www.gold.fr\\\/\"},{\"@type\":\"ListItem\",\"position\":2,\"name\":\"Actualit\u00e9s\",\"item\":\"https:\\\/\\\/www.gold.fr\\\/news\\\/\"},{\"@type\":\"ListItem\",\"position\":3,\"name\":\"L&rsquo;once se redresse, sur fond de march\u00e9s moroses\"}]},{\"@type\":\"WebSite\",\"@id\":\"https:\\\/\\\/www.gold.fr\\\/news\\\/#website\",\"url\":\"https:\\\/\\\/www.gold.fr\\\/news\\\/\",\"name\":\"Gold.fr\",\"description\":\"Actualit\u00e9s de l&#039;Or et des m\u00e9taux pr\u00e9cieux\",\"potentialAction\":[{\"@type\":\"SearchAction\",\"target\":{\"@type\":\"EntryPoint\",\"urlTemplate\":\"https:\\\/\\\/www.gold.fr\\\/news\\\/?s={search_term_string}\"},\"query-input\":{\"@type\":\"PropertyValueSpecification\",\"valueRequired\":true,\"valueName\":\"search_term_string\"}}],\"inLanguage\":\"fr-FR\"},{\"@type\":\"Person\",\"@id\":\"https:\\\/\\\/www.gold.fr\\\/news\\\/#\\\/schema\\\/person\\\/070491b4b4fb7671bf59b3be20302ce9\",\"name\":\"Comptoir National de l'Or\",\"image\":{\"@type\":\"ImageObject\",\"inLanguage\":\"fr-FR\",\"@id\":\"https:\\\/\\\/secure.gravatar.com\\\/avatar\\\/0a2867fd5abe37bed95d5a65e9d58f01756e11efc68af9888dfc50cfa7f65948?s=96&d=mm&r=gb490554db0a38188709de567aa58480d\",\"url\":\"https:\\\/\\\/secure.gravatar.com\\\/avatar\\\/0a2867fd5abe37bed95d5a65e9d58f01756e11efc68af9888dfc50cfa7f65948?s=96&d=mm&r=g\",\"contentUrl\":\"https:\\\/\\\/secure.gravatar.com\\\/avatar\\\/0a2867fd5abe37bed95d5a65e9d58f01756e11efc68af9888dfc50cfa7f65948?s=96&d=mm&r=g\",\"caption\":\"Comptoir National de l'Or\"},\"description\":\"Notre r\u00e9daction est constitu\u00e9e de membres experts dans les m\u00e9tiers de l'\u00e9conomie et la gestion, des Responsables d'agence Comptoir National de l'Or, des analystes financiers qui publient r\u00e9guli\u00e8rement des \u00e9tudes sur les politiques des banques centrales, le cours de l'or, prix de l'or, cours de l'argent, prix de l'argent, cours du platine, cours du palladium,... la situation en zone euro et l'impact de la strat\u00e9gie mon\u00e9taire de la FED. Notre \u00e9quipe scrute \u00e9galement une information plus g\u00e9n\u00e9raliste \u00e0 la recherche d'actualit\u00e9 \\\"p\u00e9pite\\\" \u00e0 vous partager. Depuis 5 ans, nous avons publi\u00e9 un peu plus de 4000 articles qui s'adressent \u00e0 un public large et vari\u00e9 ayant pour objectif de satisfaire votre curiosit\u00e9 et de partager avec vous une certaine fascination pour le m\u00e9tal jaune, le rachat d'or, et pour ceux qui veulent investir dans l'or, vendre leur or tout simplement en savoir plus... Pour tous vos achat or et argent, n'h\u00e9sitez pas \u00e0 prendre rendez-vous dans l'un de nos nombreux comptoirs.\",\"sameAs\":[\"https:\\\/\\\/www.gold.fr\"]}]}<\/script>\n<!-- \/ Yoast SEO plugin. -->","yoast_head_json":{"title":"L'once se redresse, sur fond de march\u00e9s moroses","description":"La semaine derni\u00e8re s'\u00e9tait pourtant achev\u00e9e sur une note haussi\u00e8re, suite \u00e0 un discours Yellen qualifi\u00e9 de 'relativement rassurant'. Mai...","robots":{"index":"index","follow":"follow","max-snippet":"max-snippet:-1","max-image-preview":"max-image-preview:large","max-video-preview":"max-video-preview:-1"},"canonical":"https:\/\/www.gold.fr\/news\/2016\/08\/30\/lonce-se-redresse-fond-de-marches-moroses\/","og_locale":"fr_FR","og_type":"article","og_title":"L'once se redresse, sur fond de march\u00e9s moroses","og_description":"La semaine derni\u00e8re s'\u00e9tait pourtant achev\u00e9e sur une note haussi\u00e8re, suite \u00e0 un discours Yellen qualifi\u00e9 de 'relativement rassurant'. Mai...","og_url":"https:\/\/www.gold.fr\/news\/2016\/08\/30\/lonce-se-redresse-fond-de-marches-moroses\/","og_site_name":"Gold.fr","article_publisher":"https:\/\/www.facebook.com\/Goldfr\/","article_published_time":"2016-08-30T11:00:11+00:00","article_modified_time":"2021-01-13T14:04:01+00:00","og_image":[{"width":600,"height":400,"url":"https:\/\/www.gold.fr\/news\/wp-content\/uploads\/2011\/11\/83109311.jpg","type":"image\/jpeg"}],"author":"Comptoir National de l'Or","twitter_card":"summary_large_image","twitter_misc":{"\u00c9crit par":"Comptoir National de l'Or","Dur\u00e9e de lecture estim\u00e9e":"1 minute"},"schema":{"@context":"https:\/\/schema.org","@graph":[{"@type":"Article","@id":"https:\/\/www.gold.fr\/news\/2016\/08\/30\/lonce-se-redresse-fond-de-marches-moroses\/#article","isPartOf":{"@id":"https:\/\/www.gold.fr\/news\/2016\/08\/30\/lonce-se-redresse-fond-de-marches-moroses\/"},"author":{"name":"Comptoir National de l'Or","@id":"https:\/\/www.gold.fr\/news\/#\/schema\/person\/070491b4b4fb7671bf59b3be20302ce9"},"headline":"L&rsquo;once se redresse, sur fond de march\u00e9s moroses","datePublished":"2016-08-30T11:00:11+00:00","dateModified":"2021-01-13T14:04:01+00:00","mainEntityOfPage":{"@id":"https:\/\/www.gold.fr\/news\/2016\/08\/30\/lonce-se-redresse-fond-de-marches-moroses\/"},"wordCount":307,"image":{"@id":"https:\/\/www.gold.fr\/news\/2016\/08\/30\/lonce-se-redresse-fond-de-marches-moroses\/#primaryimage"},"thumbnailUrl":"https:\/\/www.gold.fr\/news\/wp-content\/uploads\/2011\/11\/83109311.jpg","keywords":["Or et stagnation"],"articleSection":["Flash infos"],"inLanguage":"fr-FR"},{"@type":"WebPage","@id":"https:\/\/www.gold.fr\/news\/2016\/08\/30\/lonce-se-redresse-fond-de-marches-moroses\/","url":"https:\/\/www.gold.fr\/news\/2016\/08\/30\/lonce-se-redresse-fond-de-marches-moroses\/","name":"L'once se redresse, sur fond de march\u00e9s moroses","isPartOf":{"@id":"https:\/\/www.gold.fr\/news\/#website"},"primaryImageOfPage":{"@id":"https:\/\/www.gold.fr\/news\/2016\/08\/30\/lonce-se-redresse-fond-de-marches-moroses\/#primaryimage"},"image":{"@id":"https:\/\/www.gold.fr\/news\/2016\/08\/30\/lonce-se-redresse-fond-de-marches-moroses\/#primaryimage"},"thumbnailUrl":"https:\/\/www.gold.fr\/news\/wp-content\/uploads\/2011\/11\/83109311.jpg","datePublished":"2016-08-30T11:00:11+00:00","dateModified":"2021-01-13T14:04:01+00:00","author":{"@id":"https:\/\/www.gold.fr\/news\/#\/schema\/person\/070491b4b4fb7671bf59b3be20302ce9"},"description":"La semaine derni\u00e8re s'\u00e9tait pourtant achev\u00e9e sur une note haussi\u00e8re, suite \u00e0 un discours Yellen qualifi\u00e9 de 'relativement rassurant'. Mai...","breadcrumb":{"@id":"https:\/\/www.gold.fr\/news\/2016\/08\/30\/lonce-se-redresse-fond-de-marches-moroses\/#breadcrumb"},"inLanguage":"fr-FR","potentialAction":[{"@type":"ReadAction","target":["https:\/\/www.gold.fr\/news\/2016\/08\/30\/lonce-se-redresse-fond-de-marches-moroses\/"]}]},{"@type":"ImageObject","inLanguage":"fr-FR","@id":"https:\/\/www.gold.fr\/news\/2016\/08\/30\/lonce-se-redresse-fond-de-marches-moroses\/#primaryimage","url":"https:\/\/www.gold.fr\/news\/wp-content\/uploads\/2011\/11\/83109311.jpg","contentUrl":"https:\/\/www.gold.fr\/news\/wp-content\/uploads\/2011\/11\/83109311.jpg","width":"600","height":"400","caption":"L\u2019or en stagnation face \u00e0 un march\u00e9 en \u00e9quilibre"},{"@type":"BreadcrumbList","@id":"https:\/\/www.gold.fr\/news\/2016\/08\/30\/lonce-se-redresse-fond-de-marches-moroses\/#breadcrumb","itemListElement":[{"@type":"ListItem","position":1,"name":"Accueil","item":"https:\/\/www.gold.fr\/"},{"@type":"ListItem","position":2,"name":"Actualit\u00e9s","item":"https:\/\/www.gold.fr\/news\/"},{"@type":"ListItem","position":3,"name":"L&rsquo;once se redresse, sur fond de march\u00e9s moroses"}]},{"@type":"WebSite","@id":"https:\/\/www.gold.fr\/news\/#website","url":"https:\/\/www.gold.fr\/news\/","name":"Gold.fr","description":"Actualit\u00e9s de l&#039;Or et des m\u00e9taux pr\u00e9cieux","potentialAction":[{"@type":"SearchAction","target":{"@type":"EntryPoint","urlTemplate":"https:\/\/www.gold.fr\/news\/?s={search_term_string}"},"query-input":{"@type":"PropertyValueSpecification","valueRequired":true,"valueName":"search_term_string"}}],"inLanguage":"fr-FR"},{"@type":"Person","@id":"https:\/\/www.gold.fr\/news\/#\/schema\/person\/070491b4b4fb7671bf59b3be20302ce9","name":"Comptoir National de l'Or","image":{"@type":"ImageObject","inLanguage":"fr-FR","@id":"https:\/\/secure.gravatar.com\/avatar\/0a2867fd5abe37bed95d5a65e9d58f01756e11efc68af9888dfc50cfa7f65948?s=96&d=mm&r=gb490554db0a38188709de567aa58480d","url":"https:\/\/secure.gravatar.com\/avatar\/0a2867fd5abe37bed95d5a65e9d58f01756e11efc68af9888dfc50cfa7f65948?s=96&d=mm&r=g","contentUrl":"https:\/\/secure.gravatar.com\/avatar\/0a2867fd5abe37bed95d5a65e9d58f01756e11efc68af9888dfc50cfa7f65948?s=96&d=mm&r=g","caption":"Comptoir National de l'Or"},"description":"Notre r\u00e9daction est constitu\u00e9e de membres experts dans les m\u00e9tiers de l'\u00e9conomie et la gestion, des Responsables d'agence Comptoir National de l'Or, des analystes financiers qui publient r\u00e9guli\u00e8rement des \u00e9tudes sur les politiques des banques centrales, le cours de l'or, prix de l'or, cours de l'argent, prix de l'argent, cours du platine, cours du palladium,... la situation en zone euro et l'impact de la strat\u00e9gie mon\u00e9taire de la FED. Notre \u00e9quipe scrute \u00e9galement une information plus g\u00e9n\u00e9raliste \u00e0 la recherche d'actualit\u00e9 \"p\u00e9pite\" \u00e0 vous partager. Depuis 5 ans, nous avons publi\u00e9 un peu plus de 4000 articles qui s'adressent \u00e0 un public large et vari\u00e9 ayant pour objectif de satisfaire votre curiosit\u00e9 et de partager avec vous une certaine fascination pour le m\u00e9tal jaune, le rachat d'or, et pour ceux qui veulent investir dans l'or, vendre leur or tout simplement en savoir plus... Pour tous vos achat or et argent, n'h\u00e9sitez pas \u00e0 prendre rendez-vous dans l'un de nos nombreux comptoirs.","sameAs":["https:\/\/www.gold.fr"]}]}},"authors":[{"term_id":2565,"user_id":18,"is_guest":0,"slug":"julie","display_name":"Comptoir National de l'Or","avatar_url":"https:\/\/secure.gravatar.com\/avatar\/713f289e398d35ead876c4a4cc08607f0d6d266058cfc25683fffb6092d0e572?s=96&d=mm&r=g","0":null,"1":"","2":"","3":"","4":"","5":"","6":"","7":"","8":""}],"_links":{"self":[{"href":"https:\/\/www.gold.fr\/news\/wp-json\/wp\/v2\/posts\/20041","targetHints":{"allow":["GET"]}}],"collection":[{"href":"https:\/\/www.gold.fr\/news\/wp-json\/wp\/v2\/posts"}],"about":[{"href":"https:\/\/www.gold.fr\/news\/wp-json\/wp\/v2\/types\/post"}],"author":[{"embeddable":true,"href":"https:\/\/www.gold.fr\/news\/wp-json\/wp\/v2\/users\/18"}],"replies":[{"embeddable":true,"href":"https:\/\/www.gold.fr\/news\/wp-json\/wp\/v2\/comments?post=20041"}],"version-history":[{"count":0,"href":"https:\/\/www.gold.fr\/news\/wp-json\/wp\/v2\/posts\/20041\/revisions"}],"wp:featuredmedia":[{"embeddable":true,"href":"https:\/\/www.gold.fr\/news\/wp-json\/wp\/v2\/media\/3372"}],"wp:attachment":[{"href":"https:\/\/www.gold.fr\/news\/wp-json\/wp\/v2\/media?parent=20041"}],"wp:term":[{"taxonomy":"category","embeddable":true,"href":"https:\/\/www.gold.fr\/news\/wp-json\/wp\/v2\/categories?post=20041"},{"taxonomy":"post_tag","embeddable":true,"href":"https:\/\/www.gold.fr\/news\/wp-json\/wp\/v2\/tags?post=20041"},{"taxonomy":"author","embeddable":true,"href":"https:\/\/www.gold.fr\/news\/wp-json\/wp\/v2\/ppma_author?post=20041"}],"curies":[{"name":"wp","href":"https:\/\/api.w.org\/{rel}","templated":true}]}}