{"id":20037,"date":"2016-08-30T09:00:41","date_gmt":"2016-08-30T07:00:41","guid":{"rendered":"https:\/\/www.gold.fr\/news\/?p=20037"},"modified":"2021-01-13T14:59:48","modified_gmt":"2021-01-13T13:59:48","slug":"or-lonce-rebondit-prudence-fed","status":"publish","type":"post","link":"https:\/\/www.gold.fr\/news\/2016\/08\/30\/or-lonce-rebondit-prudence-fed\/","title":{"rendered":"Or : L\u2019once rebondit sur la prudence FED"},"content":{"rendered":"<p><img loading=\"lazy\" decoding=\"async\" class=\"alignleft wp-image-14287 size-thumbnail\" title=\"Or : L\u2019once rebondit sur la prudence FED\" src=\"https:\/\/www.gold.fr\/news\/wp-content\/uploads\/2014\/03\/Image2-150x150.jpg\" alt=\"Or : L\u2019once rebondit sur la prudence FED\" width=\"150\" height=\"150\" \/>Lors de son discours donn\u00e9 dans le cadre du symposium des banquiers centraux \u00e0 <strong>Jackson Hole<\/strong> (Wyoming), <strong>Janet Yellen<\/strong> a laiss\u00e9 entendre que la <strong>FED<\/strong> pourrait relever ses taux d&rsquo;un quart de point (0,25) dans les prochains mois. Des propos largement mod\u00e9r\u00e9s par une vision plus ou moins r\u00e9aliste des perspectives d&rsquo;\u00e9volution de l&rsquo;\u00e9conomie am\u00e9ricaine, qu&rsquo;elle qualifie \u00ab <em>d&rsquo;incertaines<\/em> \u00bb.<\/p>\n<p>\u00c0 l&rsquo;heure o\u00f9 les march\u00e9s avaient r\u00e9serv\u00e9 un accueil mitig\u00e9 \u00e0 ces d\u00e9clarations, l&rsquo;<a class=\"esk-seo-plu-link\" href=\"https:\/\/www.gold.fr\/news\/tags\/or\">or<\/a> a r\u00e9cup\u00e9r\u00e9 une partie de ses acquis, se positionnant autour des <strong>1 325 dollars<\/strong> <a href=\"https:\/\/www.gold.fr\/once-or-nyc\/\" target=\"_blank\" rel=\"noopener noreferrer\">l\u2019once<\/a>. Bon nombre d&rsquo;observateurs estiment que le <a class=\"esk-seo-plu-link\" href=\"https:\/\/www.gold.fr\/news\/tags\/or\">m\u00e9tal jaune<\/a> profite ainsi du ton manifestement prudent de <strong>Yellen<\/strong> qui traduit l&rsquo;h\u00e9sitation de son comit\u00e9 de direction (FOMC) \u00e0 proc\u00e9der \u00e0 un nouveau tour de vis mon\u00e9taire.<\/p>\n<p>Une attitude qui a d&rsquo;ailleurs eu pour effet de plomber fortement le dollar, dans les heures suivant la diffusion du discours <strong>Yellen<\/strong>. Apr\u00e8s une br\u00e8ve h\u00e9sitation, enregistr\u00e9e au d\u00e9but de la semaine, le <a class=\"esk-seo-plu-link\" href=\"https:\/\/www.gold.fr\/news\/tags\/or\">m\u00e9tal jaune<\/a> a rapidement regagn\u00e9 du terrain, \u00e0 la fin de la semaine derni\u00e8re.<\/p>\n<p><a href=\"https:\/\/www.gold.fr\/once-or-nyc\/\" target=\"_blank\" rel=\"noopener noreferrer\">L\u2019once<\/a> rebondit ainsi sur le renforcement de la probabilit\u00e9 d&rsquo;un statu quo, pour la <strong>FED<\/strong>, \u00e0 la r\u00e9union du <strong>FOMC<\/strong> le <strong>21 septembre<\/strong> prochain. Les analystes de <strong>Commerzbank<\/strong> en concluent que \u00ab <em>l&rsquo;<a class=\"esk-seo-plu-link\" href=\"https:\/\/www.gold.fr\/news\/tags\/or\">or<\/a> pourrait donc \u00eatre gagnant si les attentes d&rsquo;une hausse des taux venaient \u00e0 d\u00e9cliner de nouveau dans le sillage du discours de Mme Yellen et que le dollar s&rsquo;affaiblissait<\/em> \u00bb. Un sc\u00e9nario appuy\u00e9 par <strong>CMC Markets<\/strong> qui rappelle que \u00ab <em>l&rsquo;affaiblissement du dollar apr\u00e8s le discours de la pr\u00e9sidente de la Fed (Janet) Yellen \u00e0 Jackson Hole a mis le feu aux mati\u00e8res premi\u00e8res<\/em> \u00bb.<\/p>\n<!-- AddThis Advanced Settings generic via filter on the_content --><!-- AddThis Share Buttons generic via filter on the_content -->","protected":false},"excerpt":{"rendered":"<p>Lors de son discours donn\u00e9 dans le cadre du symposium des banquiers centraux \u00e0 Jackson Hole (Wyoming), Janet Yellen a laiss\u00e9 entendre que la FED pourrait relever ses taux d&rsquo;un quart de point (0,25) dans les [&hellip;]<\/p>\n","protected":false},"author":18,"featured_media":14287,"comment_status":"closed","ping_status":"closed","sticky":false,"template":"","format":"standard","meta":{"_mbp_gutenberg_autopost":false,"_pgmb_is_evergreen":false,"_pgmb_ap_template_id":0,"footnotes":""},"categories":[6],"tags":[1772,144,76],"ppma_author":[2565],"class_list":["post-20037","post","type-post","status-publish","format-standard","has-post-thumbnail","hentry","category-articles-de-presse","tag-cours-once-dor","tag-fed","tag-or"],"yoast_head":"<!-- This site is optimized with the Yoast SEO plugin v27.5 - https:\/\/yoast.com\/product\/yoast-seo-wordpress\/ -->\n<title>Or : L\u2019once rebondit sur la prudence FED<\/title>\n<meta name=\"description\" content=\"Lors de son discours donn\u00e9 dans le cadre du symposium des banquiers centraux \u00e0 Jackson Hole (Wyoming), Janet Yellen a laiss\u00e9 entendre...\" \/>\n<meta name=\"robots\" content=\"index, follow, max-snippet:-1, max-image-preview:large, max-video-preview:-1\" \/>\n<link rel=\"canonical\" href=\"https:\/\/www.gold.fr\/news\/2016\/08\/30\/or-lonce-rebondit-prudence-fed\/\" \/>\n<meta property=\"og:locale\" content=\"fr_FR\" \/>\n<meta property=\"og:type\" content=\"article\" \/>\n<meta property=\"og:title\" content=\"Or : L\u2019once rebondit sur la prudence FED\" \/>\n<meta property=\"og:description\" content=\"Lors de son discours donn\u00e9 dans le cadre du symposium des banquiers centraux \u00e0 Jackson Hole (Wyoming), Janet Yellen a laiss\u00e9 entendre...\" \/>\n<meta property=\"og:url\" content=\"https:\/\/www.gold.fr\/news\/2016\/08\/30\/or-lonce-rebondit-prudence-fed\/\" \/>\n<meta property=\"og:site_name\" content=\"Gold.fr\" \/>\n<meta property=\"article:publisher\" content=\"https:\/\/www.facebook.com\/Goldfr\/\" \/>\n<meta property=\"article:published_time\" content=\"2016-08-30T07:00:41+00:00\" \/>\n<meta property=\"article:modified_time\" content=\"2021-01-13T13:59:48+00:00\" \/>\n<meta property=\"og:image\" content=\"https:\/\/www.gold.fr\/news\/wp-content\/uploads\/2014\/03\/Image2.jpg\" \/>\n\t<meta property=\"og:image:width\" content=\"493\" \/>\n\t<meta property=\"og:image:height\" content=\"277\" \/>\n\t<meta property=\"og:image:type\" content=\"image\/jpeg\" \/>\n<meta name=\"author\" content=\"Comptoir National de l&#039;Or\" \/>\n<meta name=\"twitter:card\" content=\"summary_large_image\" \/>\n<meta name=\"twitter:label1\" content=\"\u00c9crit par\" \/>\n\t<meta name=\"twitter:data1\" content=\"Comptoir National de l&#039;Or\" \/>\n\t<meta name=\"twitter:label2\" content=\"Dur\u00e9e de lecture estim\u00e9e\" \/>\n\t<meta name=\"twitter:data2\" content=\"1 minute\" \/>\n<script type=\"application\/ld+json\" class=\"yoast-schema-graph\">{\"@context\":\"https:\\\/\\\/schema.org\",\"@graph\":[{\"@type\":\"Article\",\"@id\":\"https:\\\/\\\/www.gold.fr\\\/news\\\/2016\\\/08\\\/30\\\/or-lonce-rebondit-prudence-fed\\\/#article\",\"isPartOf\":{\"@id\":\"https:\\\/\\\/www.gold.fr\\\/news\\\/2016\\\/08\\\/30\\\/or-lonce-rebondit-prudence-fed\\\/\"},\"author\":{\"name\":\"Comptoir National de l'Or\",\"@id\":\"https:\\\/\\\/www.gold.fr\\\/news\\\/#\\\/schema\\\/person\\\/070491b4b4fb7671bf59b3be20302ce9\"},\"headline\":\"Or : L\u2019once rebondit sur la prudence FED\",\"datePublished\":\"2016-08-30T07:00:41+00:00\",\"dateModified\":\"2021-01-13T13:59:48+00:00\",\"mainEntityOfPage\":{\"@id\":\"https:\\\/\\\/www.gold.fr\\\/news\\\/2016\\\/08\\\/30\\\/or-lonce-rebondit-prudence-fed\\\/\"},\"wordCount\":301,\"image\":{\"@id\":\"https:\\\/\\\/www.gold.fr\\\/news\\\/2016\\\/08\\\/30\\\/or-lonce-rebondit-prudence-fed\\\/#primaryimage\"},\"thumbnailUrl\":\"https:\\\/\\\/www.gold.fr\\\/news\\\/wp-content\\\/uploads\\\/2014\\\/03\\\/Image2.jpg\",\"keywords\":[\"cours once d'or\",\"fed\",\"Or\"],\"articleSection\":[\"Articles de presse\"],\"inLanguage\":\"fr-FR\"},{\"@type\":\"WebPage\",\"@id\":\"https:\\\/\\\/www.gold.fr\\\/news\\\/2016\\\/08\\\/30\\\/or-lonce-rebondit-prudence-fed\\\/\",\"url\":\"https:\\\/\\\/www.gold.fr\\\/news\\\/2016\\\/08\\\/30\\\/or-lonce-rebondit-prudence-fed\\\/\",\"name\":\"Or : L\u2019once rebondit sur la prudence FED\",\"isPartOf\":{\"@id\":\"https:\\\/\\\/www.gold.fr\\\/news\\\/#website\"},\"primaryImageOfPage\":{\"@id\":\"https:\\\/\\\/www.gold.fr\\\/news\\\/2016\\\/08\\\/30\\\/or-lonce-rebondit-prudence-fed\\\/#primaryimage\"},\"image\":{\"@id\":\"https:\\\/\\\/www.gold.fr\\\/news\\\/2016\\\/08\\\/30\\\/or-lonce-rebondit-prudence-fed\\\/#primaryimage\"},\"thumbnailUrl\":\"https:\\\/\\\/www.gold.fr\\\/news\\\/wp-content\\\/uploads\\\/2014\\\/03\\\/Image2.jpg\",\"datePublished\":\"2016-08-30T07:00:41+00:00\",\"dateModified\":\"2021-01-13T13:59:48+00:00\",\"author\":{\"@id\":\"https:\\\/\\\/www.gold.fr\\\/news\\\/#\\\/schema\\\/person\\\/070491b4b4fb7671bf59b3be20302ce9\"},\"description\":\"Lors de son discours donn\u00e9 dans le cadre du symposium des banquiers centraux \u00e0 Jackson Hole (Wyoming), Janet Yellen a laiss\u00e9 entendre...\",\"breadcrumb\":{\"@id\":\"https:\\\/\\\/www.gold.fr\\\/news\\\/2016\\\/08\\\/30\\\/or-lonce-rebondit-prudence-fed\\\/#breadcrumb\"},\"inLanguage\":\"fr-FR\",\"potentialAction\":[{\"@type\":\"ReadAction\",\"target\":[\"https:\\\/\\\/www.gold.fr\\\/news\\\/2016\\\/08\\\/30\\\/or-lonce-rebondit-prudence-fed\\\/\"]}]},{\"@type\":\"ImageObject\",\"inLanguage\":\"fr-FR\",\"@id\":\"https:\\\/\\\/www.gold.fr\\\/news\\\/2016\\\/08\\\/30\\\/or-lonce-rebondit-prudence-fed\\\/#primaryimage\",\"url\":\"https:\\\/\\\/www.gold.fr\\\/news\\\/wp-content\\\/uploads\\\/2014\\\/03\\\/Image2.jpg\",\"contentUrl\":\"https:\\\/\\\/www.gold.fr\\\/news\\\/wp-content\\\/uploads\\\/2014\\\/03\\\/Image2.jpg\",\"width\":\"493\",\"height\":\"277\",\"caption\":\"Les pays \u00e9mergents en qu\u00eate de l\u2019or \u2018refuge\u2019\"},{\"@type\":\"BreadcrumbList\",\"@id\":\"https:\\\/\\\/www.gold.fr\\\/news\\\/2016\\\/08\\\/30\\\/or-lonce-rebondit-prudence-fed\\\/#breadcrumb\",\"itemListElement\":[{\"@type\":\"ListItem\",\"position\":1,\"name\":\"Accueil\",\"item\":\"https:\\\/\\\/www.gold.fr\\\/\"},{\"@type\":\"ListItem\",\"position\":2,\"name\":\"Actualit\u00e9s\",\"item\":\"https:\\\/\\\/www.gold.fr\\\/news\\\/\"},{\"@type\":\"ListItem\",\"position\":3,\"name\":\"Or : L\u2019once rebondit sur la prudence FED\"}]},{\"@type\":\"WebSite\",\"@id\":\"https:\\\/\\\/www.gold.fr\\\/news\\\/#website\",\"url\":\"https:\\\/\\\/www.gold.fr\\\/news\\\/\",\"name\":\"Gold.fr\",\"description\":\"Actualit\u00e9s de l&#039;Or et des m\u00e9taux pr\u00e9cieux\",\"potentialAction\":[{\"@type\":\"SearchAction\",\"target\":{\"@type\":\"EntryPoint\",\"urlTemplate\":\"https:\\\/\\\/www.gold.fr\\\/news\\\/?s={search_term_string}\"},\"query-input\":{\"@type\":\"PropertyValueSpecification\",\"valueRequired\":true,\"valueName\":\"search_term_string\"}}],\"inLanguage\":\"fr-FR\"},{\"@type\":\"Person\",\"@id\":\"https:\\\/\\\/www.gold.fr\\\/news\\\/#\\\/schema\\\/person\\\/070491b4b4fb7671bf59b3be20302ce9\",\"name\":\"Comptoir National de l'Or\",\"image\":{\"@type\":\"ImageObject\",\"inLanguage\":\"fr-FR\",\"@id\":\"https:\\\/\\\/secure.gravatar.com\\\/avatar\\\/0a2867fd5abe37bed95d5a65e9d58f01756e11efc68af9888dfc50cfa7f65948?s=96&d=mm&r=gb490554db0a38188709de567aa58480d\",\"url\":\"https:\\\/\\\/secure.gravatar.com\\\/avatar\\\/0a2867fd5abe37bed95d5a65e9d58f01756e11efc68af9888dfc50cfa7f65948?s=96&d=mm&r=g\",\"contentUrl\":\"https:\\\/\\\/secure.gravatar.com\\\/avatar\\\/0a2867fd5abe37bed95d5a65e9d58f01756e11efc68af9888dfc50cfa7f65948?s=96&d=mm&r=g\",\"caption\":\"Comptoir National de l'Or\"},\"description\":\"Notre r\u00e9daction est constitu\u00e9e de membres experts dans les m\u00e9tiers de l'\u00e9conomie et la gestion, des Responsables d'agence Comptoir National de l'Or, des analystes financiers qui publient r\u00e9guli\u00e8rement des \u00e9tudes sur les politiques des banques centrales, le cours de l'or, prix de l'or, cours de l'argent, prix de l'argent, cours du platine, cours du palladium,... la situation en zone euro et l'impact de la strat\u00e9gie mon\u00e9taire de la FED. Notre \u00e9quipe scrute \u00e9galement une information plus g\u00e9n\u00e9raliste \u00e0 la recherche d'actualit\u00e9 \\\"p\u00e9pite\\\" \u00e0 vous partager. Depuis 5 ans, nous avons publi\u00e9 un peu plus de 4000 articles qui s'adressent \u00e0 un public large et vari\u00e9 ayant pour objectif de satisfaire votre curiosit\u00e9 et de partager avec vous une certaine fascination pour le m\u00e9tal jaune, le rachat d'or, et pour ceux qui veulent investir dans l'or, vendre leur or tout simplement en savoir plus... Pour tous vos achat or et argent, n'h\u00e9sitez pas \u00e0 prendre rendez-vous dans l'un de nos nombreux comptoirs.\",\"sameAs\":[\"https:\\\/\\\/www.gold.fr\"]}]}<\/script>\n<!-- \/ Yoast SEO plugin. -->","yoast_head_json":{"title":"Or : L\u2019once rebondit sur la prudence FED","description":"Lors de son discours donn\u00e9 dans le cadre du symposium des banquiers centraux \u00e0 Jackson Hole (Wyoming), Janet Yellen a laiss\u00e9 entendre...","robots":{"index":"index","follow":"follow","max-snippet":"max-snippet:-1","max-image-preview":"max-image-preview:large","max-video-preview":"max-video-preview:-1"},"canonical":"https:\/\/www.gold.fr\/news\/2016\/08\/30\/or-lonce-rebondit-prudence-fed\/","og_locale":"fr_FR","og_type":"article","og_title":"Or : L\u2019once rebondit sur la prudence FED","og_description":"Lors de son discours donn\u00e9 dans le cadre du symposium des banquiers centraux \u00e0 Jackson Hole (Wyoming), Janet Yellen a laiss\u00e9 entendre...","og_url":"https:\/\/www.gold.fr\/news\/2016\/08\/30\/or-lonce-rebondit-prudence-fed\/","og_site_name":"Gold.fr","article_publisher":"https:\/\/www.facebook.com\/Goldfr\/","article_published_time":"2016-08-30T07:00:41+00:00","article_modified_time":"2021-01-13T13:59:48+00:00","og_image":[{"width":493,"height":277,"url":"https:\/\/www.gold.fr\/news\/wp-content\/uploads\/2014\/03\/Image2.jpg","type":"image\/jpeg"}],"author":"Comptoir National de l'Or","twitter_card":"summary_large_image","twitter_misc":{"\u00c9crit par":"Comptoir National de l'Or","Dur\u00e9e de lecture estim\u00e9e":"1 minute"},"schema":{"@context":"https:\/\/schema.org","@graph":[{"@type":"Article","@id":"https:\/\/www.gold.fr\/news\/2016\/08\/30\/or-lonce-rebondit-prudence-fed\/#article","isPartOf":{"@id":"https:\/\/www.gold.fr\/news\/2016\/08\/30\/or-lonce-rebondit-prudence-fed\/"},"author":{"name":"Comptoir National de l'Or","@id":"https:\/\/www.gold.fr\/news\/#\/schema\/person\/070491b4b4fb7671bf59b3be20302ce9"},"headline":"Or : L\u2019once rebondit sur la prudence FED","datePublished":"2016-08-30T07:00:41+00:00","dateModified":"2021-01-13T13:59:48+00:00","mainEntityOfPage":{"@id":"https:\/\/www.gold.fr\/news\/2016\/08\/30\/or-lonce-rebondit-prudence-fed\/"},"wordCount":301,"image":{"@id":"https:\/\/www.gold.fr\/news\/2016\/08\/30\/or-lonce-rebondit-prudence-fed\/#primaryimage"},"thumbnailUrl":"https:\/\/www.gold.fr\/news\/wp-content\/uploads\/2014\/03\/Image2.jpg","keywords":["cours once d'or","fed","Or"],"articleSection":["Articles de presse"],"inLanguage":"fr-FR"},{"@type":"WebPage","@id":"https:\/\/www.gold.fr\/news\/2016\/08\/30\/or-lonce-rebondit-prudence-fed\/","url":"https:\/\/www.gold.fr\/news\/2016\/08\/30\/or-lonce-rebondit-prudence-fed\/","name":"Or : L\u2019once rebondit sur la prudence FED","isPartOf":{"@id":"https:\/\/www.gold.fr\/news\/#website"},"primaryImageOfPage":{"@id":"https:\/\/www.gold.fr\/news\/2016\/08\/30\/or-lonce-rebondit-prudence-fed\/#primaryimage"},"image":{"@id":"https:\/\/www.gold.fr\/news\/2016\/08\/30\/or-lonce-rebondit-prudence-fed\/#primaryimage"},"thumbnailUrl":"https:\/\/www.gold.fr\/news\/wp-content\/uploads\/2014\/03\/Image2.jpg","datePublished":"2016-08-30T07:00:41+00:00","dateModified":"2021-01-13T13:59:48+00:00","author":{"@id":"https:\/\/www.gold.fr\/news\/#\/schema\/person\/070491b4b4fb7671bf59b3be20302ce9"},"description":"Lors de son discours donn\u00e9 dans le cadre du symposium des banquiers centraux \u00e0 Jackson Hole (Wyoming), Janet Yellen a laiss\u00e9 entendre...","breadcrumb":{"@id":"https:\/\/www.gold.fr\/news\/2016\/08\/30\/or-lonce-rebondit-prudence-fed\/#breadcrumb"},"inLanguage":"fr-FR","potentialAction":[{"@type":"ReadAction","target":["https:\/\/www.gold.fr\/news\/2016\/08\/30\/or-lonce-rebondit-prudence-fed\/"]}]},{"@type":"ImageObject","inLanguage":"fr-FR","@id":"https:\/\/www.gold.fr\/news\/2016\/08\/30\/or-lonce-rebondit-prudence-fed\/#primaryimage","url":"https:\/\/www.gold.fr\/news\/wp-content\/uploads\/2014\/03\/Image2.jpg","contentUrl":"https:\/\/www.gold.fr\/news\/wp-content\/uploads\/2014\/03\/Image2.jpg","width":"493","height":"277","caption":"Les pays \u00e9mergents en qu\u00eate de l\u2019or \u2018refuge\u2019"},{"@type":"BreadcrumbList","@id":"https:\/\/www.gold.fr\/news\/2016\/08\/30\/or-lonce-rebondit-prudence-fed\/#breadcrumb","itemListElement":[{"@type":"ListItem","position":1,"name":"Accueil","item":"https:\/\/www.gold.fr\/"},{"@type":"ListItem","position":2,"name":"Actualit\u00e9s","item":"https:\/\/www.gold.fr\/news\/"},{"@type":"ListItem","position":3,"name":"Or : L\u2019once rebondit sur la prudence FED"}]},{"@type":"WebSite","@id":"https:\/\/www.gold.fr\/news\/#website","url":"https:\/\/www.gold.fr\/news\/","name":"Gold.fr","description":"Actualit\u00e9s de l&#039;Or et des m\u00e9taux pr\u00e9cieux","potentialAction":[{"@type":"SearchAction","target":{"@type":"EntryPoint","urlTemplate":"https:\/\/www.gold.fr\/news\/?s={search_term_string}"},"query-input":{"@type":"PropertyValueSpecification","valueRequired":true,"valueName":"search_term_string"}}],"inLanguage":"fr-FR"},{"@type":"Person","@id":"https:\/\/www.gold.fr\/news\/#\/schema\/person\/070491b4b4fb7671bf59b3be20302ce9","name":"Comptoir National de l'Or","image":{"@type":"ImageObject","inLanguage":"fr-FR","@id":"https:\/\/secure.gravatar.com\/avatar\/0a2867fd5abe37bed95d5a65e9d58f01756e11efc68af9888dfc50cfa7f65948?s=96&d=mm&r=gb490554db0a38188709de567aa58480d","url":"https:\/\/secure.gravatar.com\/avatar\/0a2867fd5abe37bed95d5a65e9d58f01756e11efc68af9888dfc50cfa7f65948?s=96&d=mm&r=g","contentUrl":"https:\/\/secure.gravatar.com\/avatar\/0a2867fd5abe37bed95d5a65e9d58f01756e11efc68af9888dfc50cfa7f65948?s=96&d=mm&r=g","caption":"Comptoir National de l'Or"},"description":"Notre r\u00e9daction est constitu\u00e9e de membres experts dans les m\u00e9tiers de l'\u00e9conomie et la gestion, des Responsables d'agence Comptoir National de l'Or, des analystes financiers qui publient r\u00e9guli\u00e8rement des \u00e9tudes sur les politiques des banques centrales, le cours de l'or, prix de l'or, cours de l'argent, prix de l'argent, cours du platine, cours du palladium,... la situation en zone euro et l'impact de la strat\u00e9gie mon\u00e9taire de la FED. Notre \u00e9quipe scrute \u00e9galement une information plus g\u00e9n\u00e9raliste \u00e0 la recherche d'actualit\u00e9 \"p\u00e9pite\" \u00e0 vous partager. Depuis 5 ans, nous avons publi\u00e9 un peu plus de 4000 articles qui s'adressent \u00e0 un public large et vari\u00e9 ayant pour objectif de satisfaire votre curiosit\u00e9 et de partager avec vous une certaine fascination pour le m\u00e9tal jaune, le rachat d'or, et pour ceux qui veulent investir dans l'or, vendre leur or tout simplement en savoir plus... Pour tous vos achat or et argent, n'h\u00e9sitez pas \u00e0 prendre rendez-vous dans l'un de nos nombreux comptoirs.","sameAs":["https:\/\/www.gold.fr"]}]}},"authors":[{"term_id":2565,"user_id":18,"is_guest":0,"slug":"julie","display_name":"Comptoir National de l'Or","avatar_url":"https:\/\/secure.gravatar.com\/avatar\/713f289e398d35ead876c4a4cc08607f0d6d266058cfc25683fffb6092d0e572?s=96&d=mm&r=g","0":null,"1":"","2":"","3":"","4":"","5":"","6":"","7":"","8":""}],"_links":{"self":[{"href":"https:\/\/www.gold.fr\/news\/wp-json\/wp\/v2\/posts\/20037","targetHints":{"allow":["GET"]}}],"collection":[{"href":"https:\/\/www.gold.fr\/news\/wp-json\/wp\/v2\/posts"}],"about":[{"href":"https:\/\/www.gold.fr\/news\/wp-json\/wp\/v2\/types\/post"}],"author":[{"embeddable":true,"href":"https:\/\/www.gold.fr\/news\/wp-json\/wp\/v2\/users\/18"}],"replies":[{"embeddable":true,"href":"https:\/\/www.gold.fr\/news\/wp-json\/wp\/v2\/comments?post=20037"}],"version-history":[{"count":0,"href":"https:\/\/www.gold.fr\/news\/wp-json\/wp\/v2\/posts\/20037\/revisions"}],"wp:featuredmedia":[{"embeddable":true,"href":"https:\/\/www.gold.fr\/news\/wp-json\/wp\/v2\/media\/14287"}],"wp:attachment":[{"href":"https:\/\/www.gold.fr\/news\/wp-json\/wp\/v2\/media?parent=20037"}],"wp:term":[{"taxonomy":"category","embeddable":true,"href":"https:\/\/www.gold.fr\/news\/wp-json\/wp\/v2\/categories?post=20037"},{"taxonomy":"post_tag","embeddable":true,"href":"https:\/\/www.gold.fr\/news\/wp-json\/wp\/v2\/tags?post=20037"},{"taxonomy":"author","embeddable":true,"href":"https:\/\/www.gold.fr\/news\/wp-json\/wp\/v2\/ppma_author?post=20037"}],"curies":[{"name":"wp","href":"https:\/\/api.w.org\/{rel}","templated":true}]}}