{"id":19964,"date":"2016-08-13T17:00:22","date_gmt":"2016-08-13T15:00:22","guid":{"rendered":"https:\/\/www.gold.fr\/news\/?p=19964"},"modified":"2021-01-13T15:15:51","modified_gmt":"2021-01-13T14:15:51","slug":"or-toujours-plus-de-hausse-a-lhorizon","status":"publish","type":"post","link":"https:\/\/www.gold.fr\/news\/2016\/08\/13\/or-toujours-plus-de-hausse-a-lhorizon\/","title":{"rendered":"Or : Toujours plus de hausse \u00e0 l\u2019horizon"},"content":{"rendered":"<p><img loading=\"lazy\" decoding=\"async\" class=\"alignleft wp-image-15669 size-thumbnail\" title=\"Or : Toujours plus de hausse \u00e0 l\u2019horizon\" src=\"https:\/\/www.gold.fr\/news\/wp-content\/uploads\/2014\/09\/image-2-150x150.png\" alt=\"Or : Toujours plus de hausse \u00e0 l\u2019horizon\" width=\"150\" height=\"150\" srcset=\"https:\/\/www.gold.fr\/news\/wp-content\/uploads\/2014\/09\/image-2-150x150.png 150w, https:\/\/www.gold.fr\/news\/wp-content\/uploads\/2014\/09\/image-2-80x80.png 80w, https:\/\/www.gold.fr\/news\/wp-content\/uploads\/2014\/09\/image-2-1x1.png 1w\" sizes=\"auto, (max-width: 150px) 100vw, 150px\" \/>Le march\u00e9 de l&rsquo;<a class=\"esk-seo-plu-link\" href=\"https:\/\/www.gold.fr\/news\/tags\/or\">or<\/a> ne cesse d&rsquo;accumuler les gains, depuis le d\u00e9but de l&rsquo;ann\u00e9e 2016, exploitant pleinement tout le potentiel haussier pressenti, au sein du march\u00e9, durant le deuxi\u00e8me semestre 2015.<\/p>\n<p>Les perspectives \u00e0 long terme du march\u00e9 s&rsquo;annoncent pourtant, selon les analystes, encore plus haussi\u00e8res. Il est \u00e0 noter que le <a class=\"esk-seo-plu-link\" href=\"https:\/\/www.gold.fr\/news\/tags\/or\">m\u00e9tal jaune<\/a> a enregistr\u00e9 une hausse globale (premier semestre 2016) de l&rsquo;ordre de 25%, sur fond de taux d&rsquo;int\u00e9r\u00eat r\u00e9els particuli\u00e8rement bas.<\/p>\n<p>Et ce sont les principales banques centrales mondiales (notamment la <strong>FED<\/strong> et la <strong>BCE<\/strong>) qu&rsquo;il faut remercier pour cette conjoncture \u00e9conomique particuli\u00e8rement favorable au march\u00e9 aurif\u00e8re. Leur politique mon\u00e9taire ultra accommodante et leurs injections massives de liquidit\u00e9s dans les march\u00e9s booste l&rsquo;attrait de la valeur de l&rsquo;<a class=\"esk-seo-plu-link\" href=\"https:\/\/www.gold.fr\/news\/tags\/or\">or<\/a> aux yeux d&rsquo;investisseurs d\u00e9tenteurs de diff\u00e9rentes devises internationales. Ceci vaut aujourd&rsquo;hui \u00e9galement pour les banques centrales des pays \u00e9mergeants qui se montrent de moins en moins s\u00e9v\u00e8res, depuis 5 ans.<\/p>\n<p>Du coup, bon nombre d&rsquo;analystes et experts, \u00e0 l&rsquo;image de <strong>SYZ Asset Management<\/strong>, se montrent aujourd&rsquo;hui tr\u00e8s confiants concernant l&rsquo;\u00e9volution \u00e0 long terme de l&rsquo;<a class=\"esk-seo-plu-link\" href=\"https:\/\/www.gold.fr\/news\/tags\/or\">or<\/a>. La soci\u00e9t\u00e9 de gestion estime en effet que \u00ab la situation actuelle de faible croissance \u00e9conomique et d&rsquo;endettement \u00e9lev\u00e9 devrait finir par favoriser des alternatives qui sont toutes favorables \u00e0 l&rsquo;<a class=\"esk-seo-plu-link\" href=\"https:\/\/www.gold.fr\/news\/tags\/or\">or<\/a> \u00bb. Ces alternatives incluraient notamment les taux d&rsquo;int\u00e9r\u00eat constamment bas, le ph\u00e9nom\u00e8ne continu de \u2018l&rsquo;h\u00e9licopt\u00e8re mon\u00e9taire&rsquo;, des faillites en s\u00e9rie d&rsquo;\u00e9tablissement bancaires et financiers ou encore la d\u00e9valorisation des principales devises. Pour l&rsquo;\u00e9quipe d&rsquo;experts, \u00ab \u00e0 la fois devise alternative et actif r\u00e9el, l&rsquo;<a class=\"esk-seo-plu-link\" href=\"https:\/\/www.gold.fr\/news\/tags\/or\">or<\/a> a encore toute sa place au sein d&rsquo;un portefeuille \u00e9quilibr\u00e9 \u00bb.<\/p>\n<!-- AddThis Advanced Settings generic via filter on the_content --><!-- AddThis Share Buttons generic via filter on the_content -->","protected":false},"excerpt":{"rendered":"<p>Le march\u00e9 de l&rsquo;or ne cesse d&rsquo;accumuler les gains, depuis le d\u00e9but de l&rsquo;ann\u00e9e 2016, exploitant pleinement tout le potentiel haussier pressenti, au sein du march\u00e9, durant le deuxi\u00e8me semestre 2015. Les perspectives \u00e0 long terme [&hellip;]<\/p>\n","protected":false},"author":18,"featured_media":15669,"comment_status":"closed","ping_status":"closed","sticky":false,"template":"","format":"standard","meta":{"_mbp_gutenberg_autopost":false,"_pgmb_is_evergreen":false,"_pgmb_ap_template_id":0,"footnotes":""},"categories":[6],"tags":[767,76],"ppma_author":[2565],"class_list":["post-19964","post","type-post","status-publish","format-standard","has-post-thumbnail","hentry","category-articles-de-presse","tag-hausse-cours-de-lor","tag-or"],"yoast_head":"<!-- This site is optimized with the Yoast SEO plugin v27.5 - https:\/\/yoast.com\/product\/yoast-seo-wordpress\/ -->\n<title>Or : Toujours plus de hausse \u00e0 l\u2019horizon<\/title>\n<meta name=\"description\" content=\"Le march\u00e9 de l\u2019or ne cesse d\u2019accumuler les gains, depuis le d\u00e9but de l\u2019ann\u00e9e 2016, exploitant pleinement tout le potentiel haussier ...\" \/>\n<meta name=\"robots\" content=\"index, follow, max-snippet:-1, max-image-preview:large, max-video-preview:-1\" \/>\n<link rel=\"canonical\" href=\"https:\/\/www.gold.fr\/news\/2016\/08\/13\/or-toujours-plus-de-hausse-a-lhorizon\/\" \/>\n<meta property=\"og:locale\" content=\"fr_FR\" \/>\n<meta property=\"og:type\" content=\"article\" \/>\n<meta property=\"og:title\" content=\"Or : Toujours plus de hausse \u00e0 l\u2019horizon\" \/>\n<meta property=\"og:description\" content=\"Le march\u00e9 de l\u2019or ne cesse d\u2019accumuler les gains, depuis le d\u00e9but de l\u2019ann\u00e9e 2016, exploitant pleinement tout le potentiel haussier ...\" \/>\n<meta property=\"og:url\" content=\"https:\/\/www.gold.fr\/news\/2016\/08\/13\/or-toujours-plus-de-hausse-a-lhorizon\/\" \/>\n<meta property=\"og:site_name\" content=\"Gold.fr\" \/>\n<meta property=\"article:publisher\" content=\"https:\/\/www.facebook.com\/Goldfr\/\" \/>\n<meta property=\"article:published_time\" content=\"2016-08-13T15:00:22+00:00\" \/>\n<meta property=\"article:modified_time\" content=\"2021-01-13T14:15:51+00:00\" \/>\n<meta property=\"og:image\" content=\"https:\/\/www.gold.fr\/news\/wp-content\/uploads\/2014\/09\/image-2.png\" \/>\n\t<meta property=\"og:image:width\" content=\"283\" \/>\n\t<meta property=\"og:image:height\" content=\"220\" \/>\n\t<meta property=\"og:image:type\" content=\"image\/png\" \/>\n<meta name=\"author\" content=\"Comptoir National de l&#039;Or\" \/>\n<meta name=\"twitter:card\" content=\"summary_large_image\" \/>\n<meta name=\"twitter:label1\" content=\"\u00c9crit par\" \/>\n\t<meta name=\"twitter:data1\" content=\"Comptoir National de l&#039;Or\" \/>\n\t<meta name=\"twitter:label2\" content=\"Dur\u00e9e de lecture estim\u00e9e\" \/>\n\t<meta name=\"twitter:data2\" content=\"1 minute\" \/>\n<script type=\"application\/ld+json\" class=\"yoast-schema-graph\">{\"@context\":\"https:\\\/\\\/schema.org\",\"@graph\":[{\"@type\":\"Article\",\"@id\":\"https:\\\/\\\/www.gold.fr\\\/news\\\/2016\\\/08\\\/13\\\/or-toujours-plus-de-hausse-a-lhorizon\\\/#article\",\"isPartOf\":{\"@id\":\"https:\\\/\\\/www.gold.fr\\\/news\\\/2016\\\/08\\\/13\\\/or-toujours-plus-de-hausse-a-lhorizon\\\/\"},\"author\":{\"name\":\"Comptoir National de l'Or\",\"@id\":\"https:\\\/\\\/www.gold.fr\\\/news\\\/#\\\/schema\\\/person\\\/070491b4b4fb7671bf59b3be20302ce9\"},\"headline\":\"Or : Toujours plus de hausse \u00e0 l\u2019horizon\",\"datePublished\":\"2016-08-13T15:00:22+00:00\",\"dateModified\":\"2021-01-13T14:15:51+00:00\",\"mainEntityOfPage\":{\"@id\":\"https:\\\/\\\/www.gold.fr\\\/news\\\/2016\\\/08\\\/13\\\/or-toujours-plus-de-hausse-a-lhorizon\\\/\"},\"wordCount\":309,\"image\":{\"@id\":\"https:\\\/\\\/www.gold.fr\\\/news\\\/2016\\\/08\\\/13\\\/or-toujours-plus-de-hausse-a-lhorizon\\\/#primaryimage\"},\"thumbnailUrl\":\"https:\\\/\\\/www.gold.fr\\\/news\\\/wp-content\\\/uploads\\\/2014\\\/09\\\/image-2.png\",\"keywords\":[\"hausse cours de l'or\",\"Or\"],\"articleSection\":[\"Articles de presse\"],\"inLanguage\":\"fr-FR\"},{\"@type\":\"WebPage\",\"@id\":\"https:\\\/\\\/www.gold.fr\\\/news\\\/2016\\\/08\\\/13\\\/or-toujours-plus-de-hausse-a-lhorizon\\\/\",\"url\":\"https:\\\/\\\/www.gold.fr\\\/news\\\/2016\\\/08\\\/13\\\/or-toujours-plus-de-hausse-a-lhorizon\\\/\",\"name\":\"Or : Toujours plus de hausse \u00e0 l\u2019horizon\",\"isPartOf\":{\"@id\":\"https:\\\/\\\/www.gold.fr\\\/news\\\/#website\"},\"primaryImageOfPage\":{\"@id\":\"https:\\\/\\\/www.gold.fr\\\/news\\\/2016\\\/08\\\/13\\\/or-toujours-plus-de-hausse-a-lhorizon\\\/#primaryimage\"},\"image\":{\"@id\":\"https:\\\/\\\/www.gold.fr\\\/news\\\/2016\\\/08\\\/13\\\/or-toujours-plus-de-hausse-a-lhorizon\\\/#primaryimage\"},\"thumbnailUrl\":\"https:\\\/\\\/www.gold.fr\\\/news\\\/wp-content\\\/uploads\\\/2014\\\/09\\\/image-2.png\",\"datePublished\":\"2016-08-13T15:00:22+00:00\",\"dateModified\":\"2021-01-13T14:15:51+00:00\",\"author\":{\"@id\":\"https:\\\/\\\/www.gold.fr\\\/news\\\/#\\\/schema\\\/person\\\/070491b4b4fb7671bf59b3be20302ce9\"},\"description\":\"Le march\u00e9 de l\u2019or ne cesse d\u2019accumuler les gains, depuis le d\u00e9but de l\u2019ann\u00e9e 2016, exploitant pleinement tout le potentiel haussier ...\",\"breadcrumb\":{\"@id\":\"https:\\\/\\\/www.gold.fr\\\/news\\\/2016\\\/08\\\/13\\\/or-toujours-plus-de-hausse-a-lhorizon\\\/#breadcrumb\"},\"inLanguage\":\"fr-FR\",\"potentialAction\":[{\"@type\":\"ReadAction\",\"target\":[\"https:\\\/\\\/www.gold.fr\\\/news\\\/2016\\\/08\\\/13\\\/or-toujours-plus-de-hausse-a-lhorizon\\\/\"]}]},{\"@type\":\"ImageObject\",\"inLanguage\":\"fr-FR\",\"@id\":\"https:\\\/\\\/www.gold.fr\\\/news\\\/2016\\\/08\\\/13\\\/or-toujours-plus-de-hausse-a-lhorizon\\\/#primaryimage\",\"url\":\"https:\\\/\\\/www.gold.fr\\\/news\\\/wp-content\\\/uploads\\\/2014\\\/09\\\/image-2.png\",\"contentUrl\":\"https:\\\/\\\/www.gold.fr\\\/news\\\/wp-content\\\/uploads\\\/2014\\\/09\\\/image-2.png\",\"width\":\"283\",\"height\":\"220\",\"caption\":\"Les analystes confiants quant \u00e0 la progression de l\u2019or\"},{\"@type\":\"BreadcrumbList\",\"@id\":\"https:\\\/\\\/www.gold.fr\\\/news\\\/2016\\\/08\\\/13\\\/or-toujours-plus-de-hausse-a-lhorizon\\\/#breadcrumb\",\"itemListElement\":[{\"@type\":\"ListItem\",\"position\":1,\"name\":\"Accueil\",\"item\":\"https:\\\/\\\/www.gold.fr\\\/\"},{\"@type\":\"ListItem\",\"position\":2,\"name\":\"Actualit\u00e9s\",\"item\":\"https:\\\/\\\/www.gold.fr\\\/news\\\/\"},{\"@type\":\"ListItem\",\"position\":3,\"name\":\"Or : Toujours plus de hausse \u00e0 l\u2019horizon\"}]},{\"@type\":\"WebSite\",\"@id\":\"https:\\\/\\\/www.gold.fr\\\/news\\\/#website\",\"url\":\"https:\\\/\\\/www.gold.fr\\\/news\\\/\",\"name\":\"Gold.fr\",\"description\":\"Actualit\u00e9s de l&#039;Or et des m\u00e9taux pr\u00e9cieux\",\"potentialAction\":[{\"@type\":\"SearchAction\",\"target\":{\"@type\":\"EntryPoint\",\"urlTemplate\":\"https:\\\/\\\/www.gold.fr\\\/news\\\/?s={search_term_string}\"},\"query-input\":{\"@type\":\"PropertyValueSpecification\",\"valueRequired\":true,\"valueName\":\"search_term_string\"}}],\"inLanguage\":\"fr-FR\"},{\"@type\":\"Person\",\"@id\":\"https:\\\/\\\/www.gold.fr\\\/news\\\/#\\\/schema\\\/person\\\/070491b4b4fb7671bf59b3be20302ce9\",\"name\":\"Comptoir National de l'Or\",\"image\":{\"@type\":\"ImageObject\",\"inLanguage\":\"fr-FR\",\"@id\":\"https:\\\/\\\/secure.gravatar.com\\\/avatar\\\/0a2867fd5abe37bed95d5a65e9d58f01756e11efc68af9888dfc50cfa7f65948?s=96&d=mm&r=gb490554db0a38188709de567aa58480d\",\"url\":\"https:\\\/\\\/secure.gravatar.com\\\/avatar\\\/0a2867fd5abe37bed95d5a65e9d58f01756e11efc68af9888dfc50cfa7f65948?s=96&d=mm&r=g\",\"contentUrl\":\"https:\\\/\\\/secure.gravatar.com\\\/avatar\\\/0a2867fd5abe37bed95d5a65e9d58f01756e11efc68af9888dfc50cfa7f65948?s=96&d=mm&r=g\",\"caption\":\"Comptoir National de l'Or\"},\"description\":\"Notre r\u00e9daction est constitu\u00e9e de membres experts dans les m\u00e9tiers de l'\u00e9conomie et la gestion, des Responsables d'agence Comptoir National de l'Or, des analystes financiers qui publient r\u00e9guli\u00e8rement des \u00e9tudes sur les politiques des banques centrales, le cours de l'or, prix de l'or, cours de l'argent, prix de l'argent, cours du platine, cours du palladium,... la situation en zone euro et l'impact de la strat\u00e9gie mon\u00e9taire de la FED. Notre \u00e9quipe scrute \u00e9galement une information plus g\u00e9n\u00e9raliste \u00e0 la recherche d'actualit\u00e9 \\\"p\u00e9pite\\\" \u00e0 vous partager. Depuis 5 ans, nous avons publi\u00e9 un peu plus de 4000 articles qui s'adressent \u00e0 un public large et vari\u00e9 ayant pour objectif de satisfaire votre curiosit\u00e9 et de partager avec vous une certaine fascination pour le m\u00e9tal jaune, le rachat d'or, et pour ceux qui veulent investir dans l'or, vendre leur or tout simplement en savoir plus... Pour tous vos achat or et argent, n'h\u00e9sitez pas \u00e0 prendre rendez-vous dans l'un de nos nombreux comptoirs.\",\"sameAs\":[\"https:\\\/\\\/www.gold.fr\"]}]}<\/script>\n<!-- \/ Yoast SEO plugin. -->","yoast_head_json":{"title":"Or : Toujours plus de hausse \u00e0 l\u2019horizon","description":"Le march\u00e9 de l\u2019or ne cesse d\u2019accumuler les gains, depuis le d\u00e9but de l\u2019ann\u00e9e 2016, exploitant pleinement tout le potentiel haussier ...","robots":{"index":"index","follow":"follow","max-snippet":"max-snippet:-1","max-image-preview":"max-image-preview:large","max-video-preview":"max-video-preview:-1"},"canonical":"https:\/\/www.gold.fr\/news\/2016\/08\/13\/or-toujours-plus-de-hausse-a-lhorizon\/","og_locale":"fr_FR","og_type":"article","og_title":"Or : Toujours plus de hausse \u00e0 l\u2019horizon","og_description":"Le march\u00e9 de l\u2019or ne cesse d\u2019accumuler les gains, depuis le d\u00e9but de l\u2019ann\u00e9e 2016, exploitant pleinement tout le potentiel haussier ...","og_url":"https:\/\/www.gold.fr\/news\/2016\/08\/13\/or-toujours-plus-de-hausse-a-lhorizon\/","og_site_name":"Gold.fr","article_publisher":"https:\/\/www.facebook.com\/Goldfr\/","article_published_time":"2016-08-13T15:00:22+00:00","article_modified_time":"2021-01-13T14:15:51+00:00","og_image":[{"width":283,"height":220,"url":"https:\/\/www.gold.fr\/news\/wp-content\/uploads\/2014\/09\/image-2.png","type":"image\/png"}],"author":"Comptoir National de l'Or","twitter_card":"summary_large_image","twitter_misc":{"\u00c9crit par":"Comptoir National de l'Or","Dur\u00e9e de lecture estim\u00e9e":"1 minute"},"schema":{"@context":"https:\/\/schema.org","@graph":[{"@type":"Article","@id":"https:\/\/www.gold.fr\/news\/2016\/08\/13\/or-toujours-plus-de-hausse-a-lhorizon\/#article","isPartOf":{"@id":"https:\/\/www.gold.fr\/news\/2016\/08\/13\/or-toujours-plus-de-hausse-a-lhorizon\/"},"author":{"name":"Comptoir National de l'Or","@id":"https:\/\/www.gold.fr\/news\/#\/schema\/person\/070491b4b4fb7671bf59b3be20302ce9"},"headline":"Or : Toujours plus de hausse \u00e0 l\u2019horizon","datePublished":"2016-08-13T15:00:22+00:00","dateModified":"2021-01-13T14:15:51+00:00","mainEntityOfPage":{"@id":"https:\/\/www.gold.fr\/news\/2016\/08\/13\/or-toujours-plus-de-hausse-a-lhorizon\/"},"wordCount":309,"image":{"@id":"https:\/\/www.gold.fr\/news\/2016\/08\/13\/or-toujours-plus-de-hausse-a-lhorizon\/#primaryimage"},"thumbnailUrl":"https:\/\/www.gold.fr\/news\/wp-content\/uploads\/2014\/09\/image-2.png","keywords":["hausse cours de l'or","Or"],"articleSection":["Articles de presse"],"inLanguage":"fr-FR"},{"@type":"WebPage","@id":"https:\/\/www.gold.fr\/news\/2016\/08\/13\/or-toujours-plus-de-hausse-a-lhorizon\/","url":"https:\/\/www.gold.fr\/news\/2016\/08\/13\/or-toujours-plus-de-hausse-a-lhorizon\/","name":"Or : Toujours plus de hausse \u00e0 l\u2019horizon","isPartOf":{"@id":"https:\/\/www.gold.fr\/news\/#website"},"primaryImageOfPage":{"@id":"https:\/\/www.gold.fr\/news\/2016\/08\/13\/or-toujours-plus-de-hausse-a-lhorizon\/#primaryimage"},"image":{"@id":"https:\/\/www.gold.fr\/news\/2016\/08\/13\/or-toujours-plus-de-hausse-a-lhorizon\/#primaryimage"},"thumbnailUrl":"https:\/\/www.gold.fr\/news\/wp-content\/uploads\/2014\/09\/image-2.png","datePublished":"2016-08-13T15:00:22+00:00","dateModified":"2021-01-13T14:15:51+00:00","author":{"@id":"https:\/\/www.gold.fr\/news\/#\/schema\/person\/070491b4b4fb7671bf59b3be20302ce9"},"description":"Le march\u00e9 de l\u2019or ne cesse d\u2019accumuler les gains, depuis le d\u00e9but de l\u2019ann\u00e9e 2016, exploitant pleinement tout le potentiel haussier ...","breadcrumb":{"@id":"https:\/\/www.gold.fr\/news\/2016\/08\/13\/or-toujours-plus-de-hausse-a-lhorizon\/#breadcrumb"},"inLanguage":"fr-FR","potentialAction":[{"@type":"ReadAction","target":["https:\/\/www.gold.fr\/news\/2016\/08\/13\/or-toujours-plus-de-hausse-a-lhorizon\/"]}]},{"@type":"ImageObject","inLanguage":"fr-FR","@id":"https:\/\/www.gold.fr\/news\/2016\/08\/13\/or-toujours-plus-de-hausse-a-lhorizon\/#primaryimage","url":"https:\/\/www.gold.fr\/news\/wp-content\/uploads\/2014\/09\/image-2.png","contentUrl":"https:\/\/www.gold.fr\/news\/wp-content\/uploads\/2014\/09\/image-2.png","width":"283","height":"220","caption":"Les analystes confiants quant \u00e0 la progression de l\u2019or"},{"@type":"BreadcrumbList","@id":"https:\/\/www.gold.fr\/news\/2016\/08\/13\/or-toujours-plus-de-hausse-a-lhorizon\/#breadcrumb","itemListElement":[{"@type":"ListItem","position":1,"name":"Accueil","item":"https:\/\/www.gold.fr\/"},{"@type":"ListItem","position":2,"name":"Actualit\u00e9s","item":"https:\/\/www.gold.fr\/news\/"},{"@type":"ListItem","position":3,"name":"Or : Toujours plus de hausse \u00e0 l\u2019horizon"}]},{"@type":"WebSite","@id":"https:\/\/www.gold.fr\/news\/#website","url":"https:\/\/www.gold.fr\/news\/","name":"Gold.fr","description":"Actualit\u00e9s de l&#039;Or et des m\u00e9taux pr\u00e9cieux","potentialAction":[{"@type":"SearchAction","target":{"@type":"EntryPoint","urlTemplate":"https:\/\/www.gold.fr\/news\/?s={search_term_string}"},"query-input":{"@type":"PropertyValueSpecification","valueRequired":true,"valueName":"search_term_string"}}],"inLanguage":"fr-FR"},{"@type":"Person","@id":"https:\/\/www.gold.fr\/news\/#\/schema\/person\/070491b4b4fb7671bf59b3be20302ce9","name":"Comptoir National de l'Or","image":{"@type":"ImageObject","inLanguage":"fr-FR","@id":"https:\/\/secure.gravatar.com\/avatar\/0a2867fd5abe37bed95d5a65e9d58f01756e11efc68af9888dfc50cfa7f65948?s=96&d=mm&r=gb490554db0a38188709de567aa58480d","url":"https:\/\/secure.gravatar.com\/avatar\/0a2867fd5abe37bed95d5a65e9d58f01756e11efc68af9888dfc50cfa7f65948?s=96&d=mm&r=g","contentUrl":"https:\/\/secure.gravatar.com\/avatar\/0a2867fd5abe37bed95d5a65e9d58f01756e11efc68af9888dfc50cfa7f65948?s=96&d=mm&r=g","caption":"Comptoir National de l'Or"},"description":"Notre r\u00e9daction est constitu\u00e9e de membres experts dans les m\u00e9tiers de l'\u00e9conomie et la gestion, des Responsables d'agence Comptoir National de l'Or, des analystes financiers qui publient r\u00e9guli\u00e8rement des \u00e9tudes sur les politiques des banques centrales, le cours de l'or, prix de l'or, cours de l'argent, prix de l'argent, cours du platine, cours du palladium,... la situation en zone euro et l'impact de la strat\u00e9gie mon\u00e9taire de la FED. Notre \u00e9quipe scrute \u00e9galement une information plus g\u00e9n\u00e9raliste \u00e0 la recherche d'actualit\u00e9 \"p\u00e9pite\" \u00e0 vous partager. Depuis 5 ans, nous avons publi\u00e9 un peu plus de 4000 articles qui s'adressent \u00e0 un public large et vari\u00e9 ayant pour objectif de satisfaire votre curiosit\u00e9 et de partager avec vous une certaine fascination pour le m\u00e9tal jaune, le rachat d'or, et pour ceux qui veulent investir dans l'or, vendre leur or tout simplement en savoir plus... Pour tous vos achat or et argent, n'h\u00e9sitez pas \u00e0 prendre rendez-vous dans l'un de nos nombreux comptoirs.","sameAs":["https:\/\/www.gold.fr"]}]}},"authors":[{"term_id":2565,"user_id":18,"is_guest":0,"slug":"julie","display_name":"Comptoir National de l'Or","avatar_url":"https:\/\/secure.gravatar.com\/avatar\/713f289e398d35ead876c4a4cc08607f0d6d266058cfc25683fffb6092d0e572?s=96&d=mm&r=g","0":null,"1":"","2":"","3":"","4":"","5":"","6":"","7":"","8":""}],"_links":{"self":[{"href":"https:\/\/www.gold.fr\/news\/wp-json\/wp\/v2\/posts\/19964","targetHints":{"allow":["GET"]}}],"collection":[{"href":"https:\/\/www.gold.fr\/news\/wp-json\/wp\/v2\/posts"}],"about":[{"href":"https:\/\/www.gold.fr\/news\/wp-json\/wp\/v2\/types\/post"}],"author":[{"embeddable":true,"href":"https:\/\/www.gold.fr\/news\/wp-json\/wp\/v2\/users\/18"}],"replies":[{"embeddable":true,"href":"https:\/\/www.gold.fr\/news\/wp-json\/wp\/v2\/comments?post=19964"}],"version-history":[{"count":0,"href":"https:\/\/www.gold.fr\/news\/wp-json\/wp\/v2\/posts\/19964\/revisions"}],"wp:featuredmedia":[{"embeddable":true,"href":"https:\/\/www.gold.fr\/news\/wp-json\/wp\/v2\/media\/15669"}],"wp:attachment":[{"href":"https:\/\/www.gold.fr\/news\/wp-json\/wp\/v2\/media?parent=19964"}],"wp:term":[{"taxonomy":"category","embeddable":true,"href":"https:\/\/www.gold.fr\/news\/wp-json\/wp\/v2\/categories?post=19964"},{"taxonomy":"post_tag","embeddable":true,"href":"https:\/\/www.gold.fr\/news\/wp-json\/wp\/v2\/tags?post=19964"},{"taxonomy":"author","embeddable":true,"href":"https:\/\/www.gold.fr\/news\/wp-json\/wp\/v2\/ppma_author?post=19964"}],"curies":[{"name":"wp","href":"https:\/\/api.w.org\/{rel}","templated":true}]}}