{"id":19932,"date":"2016-08-10T09:00:37","date_gmt":"2016-08-10T07:00:37","guid":{"rendered":"https:\/\/www.gold.fr\/news\/?p=19932"},"modified":"2018-06-13T15:54:33","modified_gmt":"2018-06-13T13:54:33","slug":"or-repli-marches-booste-lonce","status":"publish","type":"post","link":"https:\/\/www.gold.fr\/news\/2016\/08\/10\/or-repli-marches-booste-lonce\/","title":{"rendered":"Or : Le repli des march\u00e9s booste l\u2019once"},"content":{"rendered":"<p><img loading=\"lazy\" decoding=\"async\" class=\"alignleft wp-image-10137 size-thumbnail\" title=\"Or : Le repli des march\u00e9s booste l\u2019once\" src=\"https:\/\/www.gold.fr\/news\/wp-content\/uploads\/2010\/05\/lingos_dor-150x150.jpg\" alt=\"Or : Le repli des march\u00e9s booste l\u2019once\" width=\"150\" height=\"150\" \/>Au terme de la s\u00e9ance du <strong>mardi 2 ao\u00fbt<\/strong>, sur le march\u00e9 londonien de r\u00e9f\u00e9rence, <a href=\"https:\/\/www.gold.fr\/once-or-nyc\/\" target=\"_blank\" rel=\"noopener\">l\u2019once<\/a> d&rsquo;<a class=\"esk-seo-plu-link\" href=\"https:\/\/www.gold.fr\/news\/tags\/or\">or<\/a> cotait <strong>1 371,20 <a class=\"esk-seo-plu-link\" href=\"https:\/\/www.gold.fr\/news\/tags\/investissement\">dollars<\/a><\/strong>. Le <a class=\"esk-seo-plu-link\" href=\"https:\/\/www.gold.fr\/news\/tags\/or\">m\u00e9tal jaune<\/a> franchit ainsi \u00e0 nouveau un palier record qu&rsquo;il n&rsquo;avait plus touch\u00e9 depuis le mois de <strong>mars 2014<\/strong>. <a href=\"https:\/\/www.gold.fr\/once-or-nyc\/\" target=\"_blank\" rel=\"noopener\">L\u2019once<\/a> accumule \u00e9galement des gains de l&rsquo;ordre d&rsquo;environ <strong>+10 <a class=\"esk-seo-plu-link\" href=\"https:\/\/www.gold.fr\/news\/tags\/investissement\">dollars<\/a><\/strong> et <strong>+5 <a class=\"esk-seo-plu-link\" href=\"https:\/\/www.gold.fr\/news\/tags\/investissement\">euros<\/a><\/strong>, en l&rsquo;espace d&rsquo;une seule s\u00e9ance (par rapport \u00e0 la cl\u00f4ture de la s\u00e9ance du lundi).<\/p>\n<p>Ce rebond s&rsquo;appuie essentiellement sur la morosit\u00e9 actuelle des march\u00e9s boursiers et la d\u00e9pr\u00e9ciation de la devise am\u00e9ricaine (principale monnaie de n\u00e9goce et production de l&rsquo;<a class=\"esk-seo-plu-link\" href=\"https:\/\/www.gold.fr\/news\/tags\/or\">or<\/a>). Certes, les observateurs notent bien les \u00e9changes relativement h\u00e9sitants des investisseurs sp\u00e9culatifs (\u00e9galement dits \u2018financiers&rsquo;), depuis le d\u00e9but de la semaine, mais il s&rsquo;agit d&rsquo;un ph\u00e9nom\u00e8ne passager et largement \u00e9clips\u00e9 par l&rsquo;app\u00e9tit \u00e0 toute \u00e9preuve des investisseurs <strong>ETF<\/strong>.<\/p>\n<p>Les experts saluent d&rsquo;ailleurs la loyaut\u00e9 de cette tranche d&rsquo;investisseurs aurif\u00e8res et rapportent que \u00ab <em>la masse de lingots adoss\u00e9e au SPDR Gold Shares, le premier ETF sur <a class=\"esk-seo-plu-link\" href=\"https:\/\/www.gold.fr\/news\/tags\/or\">or<\/a> au monde, a pris pr\u00e8s de six tonnes<\/em> (entre mardi et mercredi), <em>\u00e0 964 tonnes<\/em> \u00bb, pr\u00e9cisant qu&rsquo;elle \u00ab <em>avait d\u00e9j\u00e0 regagn\u00e9 pr\u00e8s de quatre tonnes la veille<\/em> \u00bb (entre lundi et mardi).<\/p>\n<p>Par ailleurs, l&rsquo;incertitude des op\u00e9rateurs, dans une conjoncture de repli et de baisse, devrait \u00e9galement contribuer largement au renforcement des positions haussi\u00e8res de l&rsquo;<a class=\"esk-seo-plu-link\" href=\"https:\/\/www.gold.fr\/news\/tags\/or\">or<\/a> (boursier et physique), dans les jours et semaines \u00e0 venir. Rappelons en effet que, outre la d\u00e9pr\u00e9ciation du dollar, les derni\u00e8res statistiques europ\u00e9ennes (notamment le <strong>PMI<\/strong> de la zone euro) offrent un tableau inqui\u00e9tant des perspectives d&rsquo;avenir de la croissance en eurozone. Des perspectives peu favorables aux actifs risqu\u00e9s (<a class=\"esk-seo-plu-link\" href=\"https:\/\/www.gold.fr\/news\/tags\/investissement\">actions<\/a>), selon les analystes, mais qui peuvent \u00ab <em>\u00e0 l&rsquo;inverse soutenir la demande pour la <a class=\"esk-seo-plu-link\" href=\"https:\/\/www.gold.fr\/news\/tags\/investissement\">valeur refuge<\/a><\/em> \u00bb.<\/p>\n<!-- AddThis Advanced Settings generic via filter on the_content --><!-- AddThis Share Buttons generic via filter on the_content -->","protected":false},"excerpt":{"rendered":"<p>Au terme de la s\u00e9ance du mardi 2 ao\u00fbt, sur le march\u00e9 londonien de r\u00e9f\u00e9rence, l\u2019once d&rsquo;or cotait 1 371,20 dollars. Le m\u00e9tal jaune franchit ainsi \u00e0 nouveau un palier record qu&rsquo;il n&rsquo;avait plus touch\u00e9 depuis [&hellip;]<\/p>\n","protected":false},"author":18,"featured_media":10137,"comment_status":"open","ping_status":"open","sticky":false,"template":"","format":"standard","meta":{"_mbp_gutenberg_autopost":false,"_pgmb_is_evergreen":false,"_pgmb_ap_template_id":0,"footnotes":""},"categories":[6],"tags":[918,317,1689],"ppma_author":[2565],"class_list":["post-19932","post","type-post","status-publish","format-standard","has-post-thumbnail","hentry","category-articles-de-presse","tag-etf","tag-once","tag-pmi"],"yoast_head":"<!-- This site is optimized with the Yoast SEO plugin v27.5 - https:\/\/yoast.com\/product\/yoast-seo-wordpress\/ -->\n<title>Or : Le repli des march\u00e9s booste l\u2019once<\/title>\n<meta name=\"description\" content=\"Au terme de la s\u00e9ance du mardi 2 ao\u00fbt, sur le march\u00e9 londonien de r\u00e9f\u00e9rence, l\u2019once d\u2019or cotait 1 371,20 dollars. Le m\u00e9tal jaune franchit ...\" \/>\n<meta name=\"robots\" content=\"index, follow, max-snippet:-1, max-image-preview:large, max-video-preview:-1\" \/>\n<link rel=\"canonical\" href=\"https:\/\/www.gold.fr\/news\/2016\/08\/10\/or-repli-marches-booste-lonce\/\" \/>\n<meta property=\"og:locale\" content=\"fr_FR\" \/>\n<meta property=\"og:type\" content=\"article\" \/>\n<meta property=\"og:title\" content=\"Or : Le repli des march\u00e9s booste l\u2019once\" \/>\n<meta property=\"og:description\" content=\"Au terme de la s\u00e9ance du mardi 2 ao\u00fbt, sur le march\u00e9 londonien de r\u00e9f\u00e9rence, l\u2019once d\u2019or cotait 1 371,20 dollars. Le m\u00e9tal jaune franchit ...\" \/>\n<meta property=\"og:url\" content=\"https:\/\/www.gold.fr\/news\/2016\/08\/10\/or-repli-marches-booste-lonce\/\" \/>\n<meta property=\"og:site_name\" content=\"Gold.fr\" \/>\n<meta property=\"article:publisher\" content=\"https:\/\/www.facebook.com\/Goldfr\/\" \/>\n<meta property=\"article:published_time\" content=\"2016-08-10T07:00:37+00:00\" \/>\n<meta property=\"article:modified_time\" content=\"2018-06-13T13:54:33+00:00\" \/>\n<meta property=\"og:image\" content=\"https:\/\/www.gold.fr\/news\/wp-content\/uploads\/2010\/05\/lingos_dor.jpg\" \/>\n\t<meta property=\"og:image:width\" content=\"600\" \/>\n\t<meta property=\"og:image:height\" content=\"437\" \/>\n\t<meta property=\"og:image:type\" content=\"image\/jpeg\" \/>\n<meta name=\"author\" content=\"Comptoir National de l&#039;Or\" \/>\n<meta name=\"twitter:card\" content=\"summary_large_image\" \/>\n<meta name=\"twitter:label1\" content=\"\u00c9crit par\" \/>\n\t<meta name=\"twitter:data1\" content=\"Comptoir National de l&#039;Or\" \/>\n\t<meta name=\"twitter:label2\" content=\"Dur\u00e9e de lecture estim\u00e9e\" \/>\n\t<meta name=\"twitter:data2\" content=\"2 minutes\" \/>\n<script type=\"application\/ld+json\" class=\"yoast-schema-graph\">{\"@context\":\"https:\\\/\\\/schema.org\",\"@graph\":[{\"@type\":\"Article\",\"@id\":\"https:\\\/\\\/www.gold.fr\\\/news\\\/2016\\\/08\\\/10\\\/or-repli-marches-booste-lonce\\\/#article\",\"isPartOf\":{\"@id\":\"https:\\\/\\\/www.gold.fr\\\/news\\\/2016\\\/08\\\/10\\\/or-repli-marches-booste-lonce\\\/\"},\"author\":{\"name\":\"Comptoir National de l'Or\",\"@id\":\"https:\\\/\\\/www.gold.fr\\\/news\\\/#\\\/schema\\\/person\\\/070491b4b4fb7671bf59b3be20302ce9\"},\"headline\":\"Or : Le repli des march\u00e9s booste l\u2019once\",\"datePublished\":\"2016-08-10T07:00:37+00:00\",\"dateModified\":\"2018-06-13T13:54:33+00:00\",\"mainEntityOfPage\":{\"@id\":\"https:\\\/\\\/www.gold.fr\\\/news\\\/2016\\\/08\\\/10\\\/or-repli-marches-booste-lonce\\\/\"},\"wordCount\":330,\"commentCount\":0,\"image\":{\"@id\":\"https:\\\/\\\/www.gold.fr\\\/news\\\/2016\\\/08\\\/10\\\/or-repli-marches-booste-lonce\\\/#primaryimage\"},\"thumbnailUrl\":\"https:\\\/\\\/www.gold.fr\\\/news\\\/wp-content\\\/uploads\\\/2010\\\/05\\\/lingos_dor.jpg\",\"keywords\":[\"ETF\",\"once\",\"PMI\"],\"articleSection\":[\"Articles de presse\"],\"inLanguage\":\"fr-FR\"},{\"@type\":\"WebPage\",\"@id\":\"https:\\\/\\\/www.gold.fr\\\/news\\\/2016\\\/08\\\/10\\\/or-repli-marches-booste-lonce\\\/\",\"url\":\"https:\\\/\\\/www.gold.fr\\\/news\\\/2016\\\/08\\\/10\\\/or-repli-marches-booste-lonce\\\/\",\"name\":\"Or : Le repli des march\u00e9s booste l\u2019once\",\"isPartOf\":{\"@id\":\"https:\\\/\\\/www.gold.fr\\\/news\\\/#website\"},\"primaryImageOfPage\":{\"@id\":\"https:\\\/\\\/www.gold.fr\\\/news\\\/2016\\\/08\\\/10\\\/or-repli-marches-booste-lonce\\\/#primaryimage\"},\"image\":{\"@id\":\"https:\\\/\\\/www.gold.fr\\\/news\\\/2016\\\/08\\\/10\\\/or-repli-marches-booste-lonce\\\/#primaryimage\"},\"thumbnailUrl\":\"https:\\\/\\\/www.gold.fr\\\/news\\\/wp-content\\\/uploads\\\/2010\\\/05\\\/lingos_dor.jpg\",\"datePublished\":\"2016-08-10T07:00:37+00:00\",\"dateModified\":\"2018-06-13T13:54:33+00:00\",\"author\":{\"@id\":\"https:\\\/\\\/www.gold.fr\\\/news\\\/#\\\/schema\\\/person\\\/070491b4b4fb7671bf59b3be20302ce9\"},\"description\":\"Au terme de la s\u00e9ance du mardi 2 ao\u00fbt, sur le march\u00e9 londonien de r\u00e9f\u00e9rence, l\u2019once d\u2019or cotait 1 371,20 dollars. Le m\u00e9tal jaune franchit ...\",\"breadcrumb\":{\"@id\":\"https:\\\/\\\/www.gold.fr\\\/news\\\/2016\\\/08\\\/10\\\/or-repli-marches-booste-lonce\\\/#breadcrumb\"},\"inLanguage\":\"fr-FR\",\"potentialAction\":[{\"@type\":\"ReadAction\",\"target\":[\"https:\\\/\\\/www.gold.fr\\\/news\\\/2016\\\/08\\\/10\\\/or-repli-marches-booste-lonce\\\/\"]}]},{\"@type\":\"ImageObject\",\"inLanguage\":\"fr-FR\",\"@id\":\"https:\\\/\\\/www.gold.fr\\\/news\\\/2016\\\/08\\\/10\\\/or-repli-marches-booste-lonce\\\/#primaryimage\",\"url\":\"https:\\\/\\\/www.gold.fr\\\/news\\\/wp-content\\\/uploads\\\/2010\\\/05\\\/lingos_dor.jpg\",\"contentUrl\":\"https:\\\/\\\/www.gold.fr\\\/news\\\/wp-content\\\/uploads\\\/2010\\\/05\\\/lingos_dor.jpg\",\"width\":\"600\",\"height\":\"437\",\"caption\":\"L'once redresse la barre\"},{\"@type\":\"BreadcrumbList\",\"@id\":\"https:\\\/\\\/www.gold.fr\\\/news\\\/2016\\\/08\\\/10\\\/or-repli-marches-booste-lonce\\\/#breadcrumb\",\"itemListElement\":[{\"@type\":\"ListItem\",\"position\":1,\"name\":\"Accueil\",\"item\":\"https:\\\/\\\/www.gold.fr\\\/\"},{\"@type\":\"ListItem\",\"position\":2,\"name\":\"Actualit\u00e9s\",\"item\":\"https:\\\/\\\/www.gold.fr\\\/news\\\/\"},{\"@type\":\"ListItem\",\"position\":3,\"name\":\"Or : Le repli des march\u00e9s booste l\u2019once\"}]},{\"@type\":\"WebSite\",\"@id\":\"https:\\\/\\\/www.gold.fr\\\/news\\\/#website\",\"url\":\"https:\\\/\\\/www.gold.fr\\\/news\\\/\",\"name\":\"Gold.fr\",\"description\":\"Actualit\u00e9s de l&#039;Or et des m\u00e9taux pr\u00e9cieux\",\"potentialAction\":[{\"@type\":\"SearchAction\",\"target\":{\"@type\":\"EntryPoint\",\"urlTemplate\":\"https:\\\/\\\/www.gold.fr\\\/news\\\/?s={search_term_string}\"},\"query-input\":{\"@type\":\"PropertyValueSpecification\",\"valueRequired\":true,\"valueName\":\"search_term_string\"}}],\"inLanguage\":\"fr-FR\"},{\"@type\":\"Person\",\"@id\":\"https:\\\/\\\/www.gold.fr\\\/news\\\/#\\\/schema\\\/person\\\/070491b4b4fb7671bf59b3be20302ce9\",\"name\":\"Comptoir National de l'Or\",\"image\":{\"@type\":\"ImageObject\",\"inLanguage\":\"fr-FR\",\"@id\":\"https:\\\/\\\/secure.gravatar.com\\\/avatar\\\/0a2867fd5abe37bed95d5a65e9d58f01756e11efc68af9888dfc50cfa7f65948?s=96&d=mm&r=gb490554db0a38188709de567aa58480d\",\"url\":\"https:\\\/\\\/secure.gravatar.com\\\/avatar\\\/0a2867fd5abe37bed95d5a65e9d58f01756e11efc68af9888dfc50cfa7f65948?s=96&d=mm&r=g\",\"contentUrl\":\"https:\\\/\\\/secure.gravatar.com\\\/avatar\\\/0a2867fd5abe37bed95d5a65e9d58f01756e11efc68af9888dfc50cfa7f65948?s=96&d=mm&r=g\",\"caption\":\"Comptoir National de l'Or\"},\"description\":\"Notre r\u00e9daction est constitu\u00e9e de membres experts dans les m\u00e9tiers de l'\u00e9conomie et la gestion, des Responsables d'agence Comptoir National de l'Or, des analystes financiers qui publient r\u00e9guli\u00e8rement des \u00e9tudes sur les politiques des banques centrales, le cours de l'or, prix de l'or, cours de l'argent, prix de l'argent, cours du platine, cours du palladium,... la situation en zone euro et l'impact de la strat\u00e9gie mon\u00e9taire de la FED. Notre \u00e9quipe scrute \u00e9galement une information plus g\u00e9n\u00e9raliste \u00e0 la recherche d'actualit\u00e9 \\\"p\u00e9pite\\\" \u00e0 vous partager. Depuis 5 ans, nous avons publi\u00e9 un peu plus de 4000 articles qui s'adressent \u00e0 un public large et vari\u00e9 ayant pour objectif de satisfaire votre curiosit\u00e9 et de partager avec vous une certaine fascination pour le m\u00e9tal jaune, le rachat d'or, et pour ceux qui veulent investir dans l'or, vendre leur or tout simplement en savoir plus... Pour tous vos achat or et argent, n'h\u00e9sitez pas \u00e0 prendre rendez-vous dans l'un de nos nombreux comptoirs.\",\"sameAs\":[\"https:\\\/\\\/www.gold.fr\"]}]}<\/script>\n<!-- \/ Yoast SEO plugin. -->","yoast_head_json":{"title":"Or : Le repli des march\u00e9s booste l\u2019once","description":"Au terme de la s\u00e9ance du mardi 2 ao\u00fbt, sur le march\u00e9 londonien de r\u00e9f\u00e9rence, l\u2019once d\u2019or cotait 1 371,20 dollars. Le m\u00e9tal jaune franchit ...","robots":{"index":"index","follow":"follow","max-snippet":"max-snippet:-1","max-image-preview":"max-image-preview:large","max-video-preview":"max-video-preview:-1"},"canonical":"https:\/\/www.gold.fr\/news\/2016\/08\/10\/or-repli-marches-booste-lonce\/","og_locale":"fr_FR","og_type":"article","og_title":"Or : Le repli des march\u00e9s booste l\u2019once","og_description":"Au terme de la s\u00e9ance du mardi 2 ao\u00fbt, sur le march\u00e9 londonien de r\u00e9f\u00e9rence, l\u2019once d\u2019or cotait 1 371,20 dollars. Le m\u00e9tal jaune franchit ...","og_url":"https:\/\/www.gold.fr\/news\/2016\/08\/10\/or-repli-marches-booste-lonce\/","og_site_name":"Gold.fr","article_publisher":"https:\/\/www.facebook.com\/Goldfr\/","article_published_time":"2016-08-10T07:00:37+00:00","article_modified_time":"2018-06-13T13:54:33+00:00","og_image":[{"width":600,"height":437,"url":"https:\/\/www.gold.fr\/news\/wp-content\/uploads\/2010\/05\/lingos_dor.jpg","type":"image\/jpeg"}],"author":"Comptoir National de l'Or","twitter_card":"summary_large_image","twitter_misc":{"\u00c9crit par":"Comptoir National de l'Or","Dur\u00e9e de lecture estim\u00e9e":"2 minutes"},"schema":{"@context":"https:\/\/schema.org","@graph":[{"@type":"Article","@id":"https:\/\/www.gold.fr\/news\/2016\/08\/10\/or-repli-marches-booste-lonce\/#article","isPartOf":{"@id":"https:\/\/www.gold.fr\/news\/2016\/08\/10\/or-repli-marches-booste-lonce\/"},"author":{"name":"Comptoir National de l'Or","@id":"https:\/\/www.gold.fr\/news\/#\/schema\/person\/070491b4b4fb7671bf59b3be20302ce9"},"headline":"Or : Le repli des march\u00e9s booste l\u2019once","datePublished":"2016-08-10T07:00:37+00:00","dateModified":"2018-06-13T13:54:33+00:00","mainEntityOfPage":{"@id":"https:\/\/www.gold.fr\/news\/2016\/08\/10\/or-repli-marches-booste-lonce\/"},"wordCount":330,"commentCount":0,"image":{"@id":"https:\/\/www.gold.fr\/news\/2016\/08\/10\/or-repli-marches-booste-lonce\/#primaryimage"},"thumbnailUrl":"https:\/\/www.gold.fr\/news\/wp-content\/uploads\/2010\/05\/lingos_dor.jpg","keywords":["ETF","once","PMI"],"articleSection":["Articles de presse"],"inLanguage":"fr-FR"},{"@type":"WebPage","@id":"https:\/\/www.gold.fr\/news\/2016\/08\/10\/or-repli-marches-booste-lonce\/","url":"https:\/\/www.gold.fr\/news\/2016\/08\/10\/or-repli-marches-booste-lonce\/","name":"Or : Le repli des march\u00e9s booste l\u2019once","isPartOf":{"@id":"https:\/\/www.gold.fr\/news\/#website"},"primaryImageOfPage":{"@id":"https:\/\/www.gold.fr\/news\/2016\/08\/10\/or-repli-marches-booste-lonce\/#primaryimage"},"image":{"@id":"https:\/\/www.gold.fr\/news\/2016\/08\/10\/or-repli-marches-booste-lonce\/#primaryimage"},"thumbnailUrl":"https:\/\/www.gold.fr\/news\/wp-content\/uploads\/2010\/05\/lingos_dor.jpg","datePublished":"2016-08-10T07:00:37+00:00","dateModified":"2018-06-13T13:54:33+00:00","author":{"@id":"https:\/\/www.gold.fr\/news\/#\/schema\/person\/070491b4b4fb7671bf59b3be20302ce9"},"description":"Au terme de la s\u00e9ance du mardi 2 ao\u00fbt, sur le march\u00e9 londonien de r\u00e9f\u00e9rence, l\u2019once d\u2019or cotait 1 371,20 dollars. Le m\u00e9tal jaune franchit ...","breadcrumb":{"@id":"https:\/\/www.gold.fr\/news\/2016\/08\/10\/or-repli-marches-booste-lonce\/#breadcrumb"},"inLanguage":"fr-FR","potentialAction":[{"@type":"ReadAction","target":["https:\/\/www.gold.fr\/news\/2016\/08\/10\/or-repli-marches-booste-lonce\/"]}]},{"@type":"ImageObject","inLanguage":"fr-FR","@id":"https:\/\/www.gold.fr\/news\/2016\/08\/10\/or-repli-marches-booste-lonce\/#primaryimage","url":"https:\/\/www.gold.fr\/news\/wp-content\/uploads\/2010\/05\/lingos_dor.jpg","contentUrl":"https:\/\/www.gold.fr\/news\/wp-content\/uploads\/2010\/05\/lingos_dor.jpg","width":"600","height":"437","caption":"L'once redresse la barre"},{"@type":"BreadcrumbList","@id":"https:\/\/www.gold.fr\/news\/2016\/08\/10\/or-repli-marches-booste-lonce\/#breadcrumb","itemListElement":[{"@type":"ListItem","position":1,"name":"Accueil","item":"https:\/\/www.gold.fr\/"},{"@type":"ListItem","position":2,"name":"Actualit\u00e9s","item":"https:\/\/www.gold.fr\/news\/"},{"@type":"ListItem","position":3,"name":"Or : Le repli des march\u00e9s booste l\u2019once"}]},{"@type":"WebSite","@id":"https:\/\/www.gold.fr\/news\/#website","url":"https:\/\/www.gold.fr\/news\/","name":"Gold.fr","description":"Actualit\u00e9s de l&#039;Or et des m\u00e9taux pr\u00e9cieux","potentialAction":[{"@type":"SearchAction","target":{"@type":"EntryPoint","urlTemplate":"https:\/\/www.gold.fr\/news\/?s={search_term_string}"},"query-input":{"@type":"PropertyValueSpecification","valueRequired":true,"valueName":"search_term_string"}}],"inLanguage":"fr-FR"},{"@type":"Person","@id":"https:\/\/www.gold.fr\/news\/#\/schema\/person\/070491b4b4fb7671bf59b3be20302ce9","name":"Comptoir National de l'Or","image":{"@type":"ImageObject","inLanguage":"fr-FR","@id":"https:\/\/secure.gravatar.com\/avatar\/0a2867fd5abe37bed95d5a65e9d58f01756e11efc68af9888dfc50cfa7f65948?s=96&d=mm&r=gb490554db0a38188709de567aa58480d","url":"https:\/\/secure.gravatar.com\/avatar\/0a2867fd5abe37bed95d5a65e9d58f01756e11efc68af9888dfc50cfa7f65948?s=96&d=mm&r=g","contentUrl":"https:\/\/secure.gravatar.com\/avatar\/0a2867fd5abe37bed95d5a65e9d58f01756e11efc68af9888dfc50cfa7f65948?s=96&d=mm&r=g","caption":"Comptoir National de l'Or"},"description":"Notre r\u00e9daction est constitu\u00e9e de membres experts dans les m\u00e9tiers de l'\u00e9conomie et la gestion, des Responsables d'agence Comptoir National de l'Or, des analystes financiers qui publient r\u00e9guli\u00e8rement des \u00e9tudes sur les politiques des banques centrales, le cours de l'or, prix de l'or, cours de l'argent, prix de l'argent, cours du platine, cours du palladium,... la situation en zone euro et l'impact de la strat\u00e9gie mon\u00e9taire de la FED. Notre \u00e9quipe scrute \u00e9galement une information plus g\u00e9n\u00e9raliste \u00e0 la recherche d'actualit\u00e9 \"p\u00e9pite\" \u00e0 vous partager. Depuis 5 ans, nous avons publi\u00e9 un peu plus de 4000 articles qui s'adressent \u00e0 un public large et vari\u00e9 ayant pour objectif de satisfaire votre curiosit\u00e9 et de partager avec vous une certaine fascination pour le m\u00e9tal jaune, le rachat d'or, et pour ceux qui veulent investir dans l'or, vendre leur or tout simplement en savoir plus... Pour tous vos achat or et argent, n'h\u00e9sitez pas \u00e0 prendre rendez-vous dans l'un de nos nombreux comptoirs.","sameAs":["https:\/\/www.gold.fr"]}]}},"authors":[{"term_id":2565,"user_id":18,"is_guest":0,"slug":"julie","display_name":"Comptoir National de l'Or","avatar_url":"https:\/\/secure.gravatar.com\/avatar\/713f289e398d35ead876c4a4cc08607f0d6d266058cfc25683fffb6092d0e572?s=96&d=mm&r=g","0":null,"1":"","2":"","3":"","4":"","5":"","6":"","7":"","8":""}],"_links":{"self":[{"href":"https:\/\/www.gold.fr\/news\/wp-json\/wp\/v2\/posts\/19932","targetHints":{"allow":["GET"]}}],"collection":[{"href":"https:\/\/www.gold.fr\/news\/wp-json\/wp\/v2\/posts"}],"about":[{"href":"https:\/\/www.gold.fr\/news\/wp-json\/wp\/v2\/types\/post"}],"author":[{"embeddable":true,"href":"https:\/\/www.gold.fr\/news\/wp-json\/wp\/v2\/users\/18"}],"replies":[{"embeddable":true,"href":"https:\/\/www.gold.fr\/news\/wp-json\/wp\/v2\/comments?post=19932"}],"version-history":[{"count":0,"href":"https:\/\/www.gold.fr\/news\/wp-json\/wp\/v2\/posts\/19932\/revisions"}],"wp:featuredmedia":[{"embeddable":true,"href":"https:\/\/www.gold.fr\/news\/wp-json\/wp\/v2\/media\/10137"}],"wp:attachment":[{"href":"https:\/\/www.gold.fr\/news\/wp-json\/wp\/v2\/media?parent=19932"}],"wp:term":[{"taxonomy":"category","embeddable":true,"href":"https:\/\/www.gold.fr\/news\/wp-json\/wp\/v2\/categories?post=19932"},{"taxonomy":"post_tag","embeddable":true,"href":"https:\/\/www.gold.fr\/news\/wp-json\/wp\/v2\/tags?post=19932"},{"taxonomy":"author","embeddable":true,"href":"https:\/\/www.gold.fr\/news\/wp-json\/wp\/v2\/ppma_author?post=19932"}],"curies":[{"name":"wp","href":"https:\/\/api.w.org\/{rel}","templated":true}]}}