{"id":19880,"date":"2016-07-27T15:00:03","date_gmt":"2016-07-27T13:00:03","guid":{"rendered":"https:\/\/www.gold.fr\/news\/?p=19880"},"modified":"2021-01-13T15:17:35","modified_gmt":"2021-01-13T14:17:35","slug":"marches-debut-de-semaine-mitige-attentiste","status":"publish","type":"post","link":"https:\/\/www.gold.fr\/news\/2016\/07\/27\/marches-debut-de-semaine-mitige-attentiste\/","title":{"rendered":"March\u00e9s : Un d\u00e9but de semaine mitig\u00e9 et attentiste"},"content":{"rendered":"<p><img loading=\"lazy\" decoding=\"async\" class=\"alignleft wp-image-6439 size-thumbnail\" title=\"March\u00e9s : Un d\u00e9but de semaine mitig\u00e9 et attentiste\" src=\"https:\/\/www.gold.fr\/news\/wp-content\/uploads\/2011\/08\/dollar-150x150.jpg\" alt=\"March\u00e9s : Un d\u00e9but de semaine mitig\u00e9 et attentiste\" width=\"150\" height=\"150\" \/>En d\u00e9pit d&rsquo;une superperformance des indices boursiers am\u00e9ricains, c&rsquo;est surtout un sentiment de prudence qui domine en ce d\u00e9but de semaine \u00e9conomique. A l&rsquo;heure o\u00f9 les march\u00e9s am\u00e9ricains passent \u00e0 nouveau par une phase d&rsquo;euphorie inexplicable, la rive \u00e9conomique europ\u00e9enne subit, quant \u00e0 elle, une \u00e9ni\u00e8me vague de retrait g\u00e9n\u00e9ral.<\/p>\n<p>Bien que clairement mitig\u00e9e, la <a class=\"esk-seo-plu-link\" href=\"https:\/\/www.gold.fr\/news\/tags\/investissement\">tendance<\/a> globale tend vers la morosit\u00e9, dans la mesure o\u00f9 l&rsquo;ambiance en Europe r\u00e9ussit, cette semaine encore, \u00e0 plomber l&rsquo;app\u00e9tit des investisseurs internationaux. Sans compter l&rsquo;attentisme qui p\u00e8sera lourdement sur les march\u00e9s, jusqu&rsquo;\u00e0 l&rsquo;annonce de la d\u00e9cision du <strong>FOMC<\/strong> (comit\u00e9 de direction de la politique mon\u00e9taire FED), suite \u00e0 sa r\u00e9union du mercredi.<\/p>\n<p>Pour l&rsquo;heure, c&rsquo;est la m\u00e9fiance qui r\u00e8gne, sur fond de de places boursi\u00e8res europ\u00e9ennes qui passent unanimement en terrain n\u00e9gatif. Une <a class=\"esk-seo-plu-link\" href=\"https:\/\/www.gold.fr\/news\/tags\/investissement\">tendance<\/a> que les experts justifient par le manque d&rsquo;orientation, et qui devrait donc pouvoir s&rsquo;inverser, avec la s\u00e9rie de catalyseurs pr\u00e9vue cette semaine (r\u00e9sultats d&rsquo;entreprises et statistiques macro\u00e9conomiques). Seront en effet attendus, d&rsquo;ici la fin de la semaine, les rapports trimestriels de g\u00e9ants euro tels qu&rsquo;<strong>Orange<\/strong>, <strong>BASF<\/strong>, <strong>Deutsche Bank<\/strong>, <strong>Fiat Chrysler<\/strong>, <strong>Sanofi<\/strong> ou encore <strong>ArcelorMittal<\/strong>.<\/p>\n<p>C\u00f4t\u00e9 am\u00e9ricain, le calendrier des r\u00e9sultats d&rsquo;entreprises s&rsquo;annonce tout aussi charg\u00e9, avec les rapports d&rsquo;<strong>Apple<\/strong>, <strong>ExxonMobil<\/strong>, <strong>Chevron<\/strong>, <strong>Caterpillar<\/strong>, <strong>Boeing<\/strong> ainsi que <strong>Coca-Cola<\/strong>. Mais la tension se fera particuli\u00e8rement sentir, ce jeudi, avec les r\u00e9sultats des g\u00e9ants nationaux <strong>Danone<\/strong>, <strong>L&rsquo;Or\u00e9al<\/strong>, <strong>Natixis<\/strong>, <strong>Renault<\/strong>, <strong>Saint-Gobain<\/strong> et <strong>Total<\/strong>, en cours de s\u00e9ance.<\/p>\n<p>Autres rendez-vous \u00e9conomiques majeurs de la semaine ; les r\u00e9sultats des \u2018<em>stress tests<\/em>&lsquo; des institutions bancaires de la zone euro (pr\u00e9vus pour vendredi soir), ainsi que les r\u00e9unions respectives de politique mon\u00e9taire de la r\u00e9serve f\u00e9d\u00e9rale am\u00e9ricaine (FED) et de la Banque du Japon (BoJ). Chez <strong>FxPro<\/strong>, on rappelle d&rsquo;ailleurs que \u00ab <em>le communiqu\u00e9 de la Fed mercredi sera scrut\u00e9 pour y d\u00e9celer des modifications subtiles et d&rsquo;\u00e9ventuels signes d&rsquo;une intention de durcir la politique mon\u00e9taire plus tard cette ann\u00e9e<\/em> \u00bb.<\/p>\n<p>Rappelons que ce meeting <strong>FED<\/strong> est le premier, depuis l&rsquo;annonce du \u2018<em>Brexit<\/em>&lsquo; et ne manquera donc pas de monopoliser l&rsquo;attention des op\u00e9rateurs, \u00e0 l&rsquo;image de la r\u00e9union de son homologue europ\u00e9en, la semaine derni\u00e8re. Les analystes pr\u00e9voient n\u00e9anmoins que \u00ab <em>la Banque du Japon serait davantage susceptible de g\u00e9n\u00e9rer de la volatilit\u00e9 sur les march\u00e9s, en raison d&rsquo;une plus grande probabilit\u00e9 d&rsquo;<a class=\"esk-seo-plu-link\" href=\"https:\/\/www.gold.fr\/news\/tags\/investissement\">actions<\/a> sur les taux ou sur les programmes de rachats d&rsquo;actifs<\/em> \u00bb. Il faut toutefois noter que bon nombre d&rsquo;observateurs tablent sur une issue d\u00e9cevante de cette r\u00e9union de la <strong>BoJ<\/strong>. Une affaire \u00e0 suivre.<\/p>\n<p>Sur le plan statistique, le calendrier de la semaine s&rsquo;annonce \u00e9galement particuli\u00e8rement riche, avec, dans les quelques jours \u00e0 venir, les chiffres relatifs \u00e0 la croissance au deuxi\u00e8me trimestre pour la zone euro, puis les <strong>Etats-Unis<\/strong> (vendredi). Parall\u00e8lement, le D\u00e9partement du Commerce am\u00e9ricain r\u00e9v\u00e8lera, \u00e0 la fin de la semaine, sa premi\u00e8re estimation de la croissance nationale pour le deuxi\u00e8me trimestre, avec des pr\u00e9visions expertes particuli\u00e8rement optimistes (autour de 2,6%).<\/p>\n<p>Dans ce contexte, marqu\u00e9 essentiellement par la tension attentiste, le march\u00e9 de l&rsquo;<a class=\"esk-seo-plu-link\" href=\"https:\/\/www.gold.fr\/news\/tags\/or\">or<\/a> r\u00e9ussit \u00e0 se maintenir en \u00e9quilibre, stabilis\u00e9, depuis la fin de la semaine derni\u00e8re, entre les <strong>1 325 <a class=\"esk-seo-plu-link\" href=\"https:\/\/www.gold.fr\/news\/tags\/investissement\">dollars<\/a><\/strong> et les <strong>1 330 <a class=\"esk-seo-plu-link\" href=\"https:\/\/www.gold.fr\/news\/tags\/investissement\">dollars<\/a><\/strong>.<\/p>\n<!-- AddThis Advanced Settings generic via filter on the_content --><!-- AddThis Share Buttons generic via filter on the_content -->","protected":false},"excerpt":{"rendered":"<p>En d\u00e9pit d&rsquo;une superperformance des indices boursiers am\u00e9ricains, c&rsquo;est surtout un sentiment de prudence qui domine en ce d\u00e9but de semaine \u00e9conomique. A l&rsquo;heure o\u00f9 les march\u00e9s am\u00e9ricains passent \u00e0 nouveau par une phase d&rsquo;euphorie inexplicable, [&hellip;]<\/p>\n","protected":false},"author":18,"featured_media":6439,"comment_status":"closed","ping_status":"closed","sticky":false,"template":"","format":"standard","meta":{"_mbp_gutenberg_autopost":false,"_pgmb_is_evergreen":false,"_pgmb_ap_template_id":0,"footnotes":""},"categories":[6],"tags":[925],"ppma_author":[2565],"class_list":["post-19880","post","type-post","status-publish","format-standard","has-post-thumbnail","hentry","category-articles-de-presse","tag-or-et-stagnation"],"yoast_head":"<!-- This site is optimized with the Yoast SEO plugin v27.5 - https:\/\/yoast.com\/product\/yoast-seo-wordpress\/ -->\n<title>March\u00e9s : Un d\u00e9but de semaine mitig\u00e9 et attentiste<\/title>\n<meta name=\"description\" content=\"En d\u00e9pit d\u2019une superperformance des indices boursiers am\u00e9ricains, c\u2019est surtout un sentiment de prudence qui domine en ce d\u00e9but de semai...\" \/>\n<meta name=\"robots\" content=\"index, follow, max-snippet:-1, max-image-preview:large, max-video-preview:-1\" \/>\n<link rel=\"canonical\" href=\"https:\/\/www.gold.fr\/news\/2016\/07\/27\/marches-debut-de-semaine-mitige-attentiste\/\" \/>\n<meta property=\"og:locale\" content=\"fr_FR\" \/>\n<meta property=\"og:type\" content=\"article\" \/>\n<meta property=\"og:title\" content=\"March\u00e9s : Un d\u00e9but de semaine mitig\u00e9 et attentiste\" \/>\n<meta property=\"og:description\" content=\"En d\u00e9pit d\u2019une superperformance des indices boursiers am\u00e9ricains, c\u2019est surtout un sentiment de prudence qui domine en ce d\u00e9but de semai...\" \/>\n<meta property=\"og:url\" content=\"https:\/\/www.gold.fr\/news\/2016\/07\/27\/marches-debut-de-semaine-mitige-attentiste\/\" \/>\n<meta property=\"og:site_name\" content=\"Gold.fr\" \/>\n<meta property=\"article:publisher\" content=\"https:\/\/www.facebook.com\/Goldfr\/\" \/>\n<meta property=\"article:published_time\" content=\"2016-07-27T13:00:03+00:00\" \/>\n<meta property=\"article:modified_time\" content=\"2021-01-13T14:17:35+00:00\" \/>\n<meta property=\"og:image\" content=\"https:\/\/www.gold.fr\/news\/wp-content\/uploads\/2011\/08\/dollar.jpg\" \/>\n\t<meta property=\"og:image:width\" content=\"600\" \/>\n\t<meta property=\"og:image:height\" content=\"597\" \/>\n\t<meta property=\"og:image:type\" content=\"image\/jpeg\" \/>\n<meta name=\"author\" content=\"Comptoir National de l&#039;Or\" \/>\n<meta name=\"twitter:card\" content=\"summary_large_image\" \/>\n<meta name=\"twitter:label1\" content=\"\u00c9crit par\" \/>\n\t<meta name=\"twitter:data1\" content=\"Comptoir National de l&#039;Or\" \/>\n\t<meta name=\"twitter:label2\" content=\"Dur\u00e9e de lecture estim\u00e9e\" \/>\n\t<meta name=\"twitter:data2\" content=\"3 minutes\" \/>\n<script type=\"application\/ld+json\" class=\"yoast-schema-graph\">{\"@context\":\"https:\\\/\\\/schema.org\",\"@graph\":[{\"@type\":\"Article\",\"@id\":\"https:\\\/\\\/www.gold.fr\\\/news\\\/2016\\\/07\\\/27\\\/marches-debut-de-semaine-mitige-attentiste\\\/#article\",\"isPartOf\":{\"@id\":\"https:\\\/\\\/www.gold.fr\\\/news\\\/2016\\\/07\\\/27\\\/marches-debut-de-semaine-mitige-attentiste\\\/\"},\"author\":{\"name\":\"Comptoir National de l'Or\",\"@id\":\"https:\\\/\\\/www.gold.fr\\\/news\\\/#\\\/schema\\\/person\\\/070491b4b4fb7671bf59b3be20302ce9\"},\"headline\":\"March\u00e9s : Un d\u00e9but de semaine mitig\u00e9 et attentiste\",\"datePublished\":\"2016-07-27T13:00:03+00:00\",\"dateModified\":\"2021-01-13T14:17:35+00:00\",\"mainEntityOfPage\":{\"@id\":\"https:\\\/\\\/www.gold.fr\\\/news\\\/2016\\\/07\\\/27\\\/marches-debut-de-semaine-mitige-attentiste\\\/\"},\"wordCount\":607,\"image\":{\"@id\":\"https:\\\/\\\/www.gold.fr\\\/news\\\/2016\\\/07\\\/27\\\/marches-debut-de-semaine-mitige-attentiste\\\/#primaryimage\"},\"thumbnailUrl\":\"https:\\\/\\\/www.gold.fr\\\/news\\\/wp-content\\\/uploads\\\/2011\\\/08\\\/dollar.jpg\",\"keywords\":[\"Or et stagnation\"],\"articleSection\":[\"Articles de presse\"],\"inLanguage\":\"fr-FR\"},{\"@type\":\"WebPage\",\"@id\":\"https:\\\/\\\/www.gold.fr\\\/news\\\/2016\\\/07\\\/27\\\/marches-debut-de-semaine-mitige-attentiste\\\/\",\"url\":\"https:\\\/\\\/www.gold.fr\\\/news\\\/2016\\\/07\\\/27\\\/marches-debut-de-semaine-mitige-attentiste\\\/\",\"name\":\"March\u00e9s : Un d\u00e9but de semaine mitig\u00e9 et attentiste\",\"isPartOf\":{\"@id\":\"https:\\\/\\\/www.gold.fr\\\/news\\\/#website\"},\"primaryImageOfPage\":{\"@id\":\"https:\\\/\\\/www.gold.fr\\\/news\\\/2016\\\/07\\\/27\\\/marches-debut-de-semaine-mitige-attentiste\\\/#primaryimage\"},\"image\":{\"@id\":\"https:\\\/\\\/www.gold.fr\\\/news\\\/2016\\\/07\\\/27\\\/marches-debut-de-semaine-mitige-attentiste\\\/#primaryimage\"},\"thumbnailUrl\":\"https:\\\/\\\/www.gold.fr\\\/news\\\/wp-content\\\/uploads\\\/2011\\\/08\\\/dollar.jpg\",\"datePublished\":\"2016-07-27T13:00:03+00:00\",\"dateModified\":\"2021-01-13T14:17:35+00:00\",\"author\":{\"@id\":\"https:\\\/\\\/www.gold.fr\\\/news\\\/#\\\/schema\\\/person\\\/070491b4b4fb7671bf59b3be20302ce9\"},\"description\":\"En d\u00e9pit d\u2019une superperformance des indices boursiers am\u00e9ricains, c\u2019est surtout un sentiment de prudence qui domine en ce d\u00e9but de semai...\",\"breadcrumb\":{\"@id\":\"https:\\\/\\\/www.gold.fr\\\/news\\\/2016\\\/07\\\/27\\\/marches-debut-de-semaine-mitige-attentiste\\\/#breadcrumb\"},\"inLanguage\":\"fr-FR\",\"potentialAction\":[{\"@type\":\"ReadAction\",\"target\":[\"https:\\\/\\\/www.gold.fr\\\/news\\\/2016\\\/07\\\/27\\\/marches-debut-de-semaine-mitige-attentiste\\\/\"]}]},{\"@type\":\"ImageObject\",\"inLanguage\":\"fr-FR\",\"@id\":\"https:\\\/\\\/www.gold.fr\\\/news\\\/2016\\\/07\\\/27\\\/marches-debut-de-semaine-mitige-attentiste\\\/#primaryimage\",\"url\":\"https:\\\/\\\/www.gold.fr\\\/news\\\/wp-content\\\/uploads\\\/2011\\\/08\\\/dollar.jpg\",\"contentUrl\":\"https:\\\/\\\/www.gold.fr\\\/news\\\/wp-content\\\/uploads\\\/2011\\\/08\\\/dollar.jpg\",\"width\":\"600\",\"height\":\"597\",\"caption\":\"L\u2019once gagne plus de 100 dollars en l\u2019espace d\u2019un mois\"},{\"@type\":\"BreadcrumbList\",\"@id\":\"https:\\\/\\\/www.gold.fr\\\/news\\\/2016\\\/07\\\/27\\\/marches-debut-de-semaine-mitige-attentiste\\\/#breadcrumb\",\"itemListElement\":[{\"@type\":\"ListItem\",\"position\":1,\"name\":\"Accueil\",\"item\":\"https:\\\/\\\/www.gold.fr\\\/\"},{\"@type\":\"ListItem\",\"position\":2,\"name\":\"Actualit\u00e9s\",\"item\":\"https:\\\/\\\/www.gold.fr\\\/news\\\/\"},{\"@type\":\"ListItem\",\"position\":3,\"name\":\"March\u00e9s : Un d\u00e9but de semaine mitig\u00e9 et attentiste\"}]},{\"@type\":\"WebSite\",\"@id\":\"https:\\\/\\\/www.gold.fr\\\/news\\\/#website\",\"url\":\"https:\\\/\\\/www.gold.fr\\\/news\\\/\",\"name\":\"Gold.fr\",\"description\":\"Actualit\u00e9s de l&#039;Or et des m\u00e9taux pr\u00e9cieux\",\"potentialAction\":[{\"@type\":\"SearchAction\",\"target\":{\"@type\":\"EntryPoint\",\"urlTemplate\":\"https:\\\/\\\/www.gold.fr\\\/news\\\/?s={search_term_string}\"},\"query-input\":{\"@type\":\"PropertyValueSpecification\",\"valueRequired\":true,\"valueName\":\"search_term_string\"}}],\"inLanguage\":\"fr-FR\"},{\"@type\":\"Person\",\"@id\":\"https:\\\/\\\/www.gold.fr\\\/news\\\/#\\\/schema\\\/person\\\/070491b4b4fb7671bf59b3be20302ce9\",\"name\":\"Comptoir National de l'Or\",\"image\":{\"@type\":\"ImageObject\",\"inLanguage\":\"fr-FR\",\"@id\":\"https:\\\/\\\/secure.gravatar.com\\\/avatar\\\/0a2867fd5abe37bed95d5a65e9d58f01756e11efc68af9888dfc50cfa7f65948?s=96&d=mm&r=gb490554db0a38188709de567aa58480d\",\"url\":\"https:\\\/\\\/secure.gravatar.com\\\/avatar\\\/0a2867fd5abe37bed95d5a65e9d58f01756e11efc68af9888dfc50cfa7f65948?s=96&d=mm&r=g\",\"contentUrl\":\"https:\\\/\\\/secure.gravatar.com\\\/avatar\\\/0a2867fd5abe37bed95d5a65e9d58f01756e11efc68af9888dfc50cfa7f65948?s=96&d=mm&r=g\",\"caption\":\"Comptoir National de l'Or\"},\"description\":\"Notre r\u00e9daction est constitu\u00e9e de membres experts dans les m\u00e9tiers de l'\u00e9conomie et la gestion, des Responsables d'agence Comptoir National de l'Or, des analystes financiers qui publient r\u00e9guli\u00e8rement des \u00e9tudes sur les politiques des banques centrales, le cours de l'or, prix de l'or, cours de l'argent, prix de l'argent, cours du platine, cours du palladium,... la situation en zone euro et l'impact de la strat\u00e9gie mon\u00e9taire de la FED. Notre \u00e9quipe scrute \u00e9galement une information plus g\u00e9n\u00e9raliste \u00e0 la recherche d'actualit\u00e9 \\\"p\u00e9pite\\\" \u00e0 vous partager. Depuis 5 ans, nous avons publi\u00e9 un peu plus de 4000 articles qui s'adressent \u00e0 un public large et vari\u00e9 ayant pour objectif de satisfaire votre curiosit\u00e9 et de partager avec vous une certaine fascination pour le m\u00e9tal jaune, le rachat d'or, et pour ceux qui veulent investir dans l'or, vendre leur or tout simplement en savoir plus... Pour tous vos achat or et argent, n'h\u00e9sitez pas \u00e0 prendre rendez-vous dans l'un de nos nombreux comptoirs.\",\"sameAs\":[\"https:\\\/\\\/www.gold.fr\"]}]}<\/script>\n<!-- \/ Yoast SEO plugin. -->","yoast_head_json":{"title":"March\u00e9s : Un d\u00e9but de semaine mitig\u00e9 et attentiste","description":"En d\u00e9pit d\u2019une superperformance des indices boursiers am\u00e9ricains, c\u2019est surtout un sentiment de prudence qui domine en ce d\u00e9but de semai...","robots":{"index":"index","follow":"follow","max-snippet":"max-snippet:-1","max-image-preview":"max-image-preview:large","max-video-preview":"max-video-preview:-1"},"canonical":"https:\/\/www.gold.fr\/news\/2016\/07\/27\/marches-debut-de-semaine-mitige-attentiste\/","og_locale":"fr_FR","og_type":"article","og_title":"March\u00e9s : Un d\u00e9but de semaine mitig\u00e9 et attentiste","og_description":"En d\u00e9pit d\u2019une superperformance des indices boursiers am\u00e9ricains, c\u2019est surtout un sentiment de prudence qui domine en ce d\u00e9but de semai...","og_url":"https:\/\/www.gold.fr\/news\/2016\/07\/27\/marches-debut-de-semaine-mitige-attentiste\/","og_site_name":"Gold.fr","article_publisher":"https:\/\/www.facebook.com\/Goldfr\/","article_published_time":"2016-07-27T13:00:03+00:00","article_modified_time":"2021-01-13T14:17:35+00:00","og_image":[{"width":600,"height":597,"url":"https:\/\/www.gold.fr\/news\/wp-content\/uploads\/2011\/08\/dollar.jpg","type":"image\/jpeg"}],"author":"Comptoir National de l'Or","twitter_card":"summary_large_image","twitter_misc":{"\u00c9crit par":"Comptoir National de l'Or","Dur\u00e9e de lecture estim\u00e9e":"3 minutes"},"schema":{"@context":"https:\/\/schema.org","@graph":[{"@type":"Article","@id":"https:\/\/www.gold.fr\/news\/2016\/07\/27\/marches-debut-de-semaine-mitige-attentiste\/#article","isPartOf":{"@id":"https:\/\/www.gold.fr\/news\/2016\/07\/27\/marches-debut-de-semaine-mitige-attentiste\/"},"author":{"name":"Comptoir National de l'Or","@id":"https:\/\/www.gold.fr\/news\/#\/schema\/person\/070491b4b4fb7671bf59b3be20302ce9"},"headline":"March\u00e9s : Un d\u00e9but de semaine mitig\u00e9 et attentiste","datePublished":"2016-07-27T13:00:03+00:00","dateModified":"2021-01-13T14:17:35+00:00","mainEntityOfPage":{"@id":"https:\/\/www.gold.fr\/news\/2016\/07\/27\/marches-debut-de-semaine-mitige-attentiste\/"},"wordCount":607,"image":{"@id":"https:\/\/www.gold.fr\/news\/2016\/07\/27\/marches-debut-de-semaine-mitige-attentiste\/#primaryimage"},"thumbnailUrl":"https:\/\/www.gold.fr\/news\/wp-content\/uploads\/2011\/08\/dollar.jpg","keywords":["Or et stagnation"],"articleSection":["Articles de presse"],"inLanguage":"fr-FR"},{"@type":"WebPage","@id":"https:\/\/www.gold.fr\/news\/2016\/07\/27\/marches-debut-de-semaine-mitige-attentiste\/","url":"https:\/\/www.gold.fr\/news\/2016\/07\/27\/marches-debut-de-semaine-mitige-attentiste\/","name":"March\u00e9s : Un d\u00e9but de semaine mitig\u00e9 et attentiste","isPartOf":{"@id":"https:\/\/www.gold.fr\/news\/#website"},"primaryImageOfPage":{"@id":"https:\/\/www.gold.fr\/news\/2016\/07\/27\/marches-debut-de-semaine-mitige-attentiste\/#primaryimage"},"image":{"@id":"https:\/\/www.gold.fr\/news\/2016\/07\/27\/marches-debut-de-semaine-mitige-attentiste\/#primaryimage"},"thumbnailUrl":"https:\/\/www.gold.fr\/news\/wp-content\/uploads\/2011\/08\/dollar.jpg","datePublished":"2016-07-27T13:00:03+00:00","dateModified":"2021-01-13T14:17:35+00:00","author":{"@id":"https:\/\/www.gold.fr\/news\/#\/schema\/person\/070491b4b4fb7671bf59b3be20302ce9"},"description":"En d\u00e9pit d\u2019une superperformance des indices boursiers am\u00e9ricains, c\u2019est surtout un sentiment de prudence qui domine en ce d\u00e9but de semai...","breadcrumb":{"@id":"https:\/\/www.gold.fr\/news\/2016\/07\/27\/marches-debut-de-semaine-mitige-attentiste\/#breadcrumb"},"inLanguage":"fr-FR","potentialAction":[{"@type":"ReadAction","target":["https:\/\/www.gold.fr\/news\/2016\/07\/27\/marches-debut-de-semaine-mitige-attentiste\/"]}]},{"@type":"ImageObject","inLanguage":"fr-FR","@id":"https:\/\/www.gold.fr\/news\/2016\/07\/27\/marches-debut-de-semaine-mitige-attentiste\/#primaryimage","url":"https:\/\/www.gold.fr\/news\/wp-content\/uploads\/2011\/08\/dollar.jpg","contentUrl":"https:\/\/www.gold.fr\/news\/wp-content\/uploads\/2011\/08\/dollar.jpg","width":"600","height":"597","caption":"L\u2019once gagne plus de 100 dollars en l\u2019espace d\u2019un mois"},{"@type":"BreadcrumbList","@id":"https:\/\/www.gold.fr\/news\/2016\/07\/27\/marches-debut-de-semaine-mitige-attentiste\/#breadcrumb","itemListElement":[{"@type":"ListItem","position":1,"name":"Accueil","item":"https:\/\/www.gold.fr\/"},{"@type":"ListItem","position":2,"name":"Actualit\u00e9s","item":"https:\/\/www.gold.fr\/news\/"},{"@type":"ListItem","position":3,"name":"March\u00e9s : Un d\u00e9but de semaine mitig\u00e9 et attentiste"}]},{"@type":"WebSite","@id":"https:\/\/www.gold.fr\/news\/#website","url":"https:\/\/www.gold.fr\/news\/","name":"Gold.fr","description":"Actualit\u00e9s de l&#039;Or et des m\u00e9taux pr\u00e9cieux","potentialAction":[{"@type":"SearchAction","target":{"@type":"EntryPoint","urlTemplate":"https:\/\/www.gold.fr\/news\/?s={search_term_string}"},"query-input":{"@type":"PropertyValueSpecification","valueRequired":true,"valueName":"search_term_string"}}],"inLanguage":"fr-FR"},{"@type":"Person","@id":"https:\/\/www.gold.fr\/news\/#\/schema\/person\/070491b4b4fb7671bf59b3be20302ce9","name":"Comptoir National de l'Or","image":{"@type":"ImageObject","inLanguage":"fr-FR","@id":"https:\/\/secure.gravatar.com\/avatar\/0a2867fd5abe37bed95d5a65e9d58f01756e11efc68af9888dfc50cfa7f65948?s=96&d=mm&r=gb490554db0a38188709de567aa58480d","url":"https:\/\/secure.gravatar.com\/avatar\/0a2867fd5abe37bed95d5a65e9d58f01756e11efc68af9888dfc50cfa7f65948?s=96&d=mm&r=g","contentUrl":"https:\/\/secure.gravatar.com\/avatar\/0a2867fd5abe37bed95d5a65e9d58f01756e11efc68af9888dfc50cfa7f65948?s=96&d=mm&r=g","caption":"Comptoir National de l'Or"},"description":"Notre r\u00e9daction est constitu\u00e9e de membres experts dans les m\u00e9tiers de l'\u00e9conomie et la gestion, des Responsables d'agence Comptoir National de l'Or, des analystes financiers qui publient r\u00e9guli\u00e8rement des \u00e9tudes sur les politiques des banques centrales, le cours de l'or, prix de l'or, cours de l'argent, prix de l'argent, cours du platine, cours du palladium,... la situation en zone euro et l'impact de la strat\u00e9gie mon\u00e9taire de la FED. Notre \u00e9quipe scrute \u00e9galement une information plus g\u00e9n\u00e9raliste \u00e0 la recherche d'actualit\u00e9 \"p\u00e9pite\" \u00e0 vous partager. Depuis 5 ans, nous avons publi\u00e9 un peu plus de 4000 articles qui s'adressent \u00e0 un public large et vari\u00e9 ayant pour objectif de satisfaire votre curiosit\u00e9 et de partager avec vous une certaine fascination pour le m\u00e9tal jaune, le rachat d'or, et pour ceux qui veulent investir dans l'or, vendre leur or tout simplement en savoir plus... Pour tous vos achat or et argent, n'h\u00e9sitez pas \u00e0 prendre rendez-vous dans l'un de nos nombreux comptoirs.","sameAs":["https:\/\/www.gold.fr"]}]}},"authors":[{"term_id":2565,"user_id":18,"is_guest":0,"slug":"julie","display_name":"Comptoir National de l'Or","avatar_url":"https:\/\/secure.gravatar.com\/avatar\/713f289e398d35ead876c4a4cc08607f0d6d266058cfc25683fffb6092d0e572?s=96&d=mm&r=g","0":null,"1":"","2":"","3":"","4":"","5":"","6":"","7":"","8":""}],"_links":{"self":[{"href":"https:\/\/www.gold.fr\/news\/wp-json\/wp\/v2\/posts\/19880","targetHints":{"allow":["GET"]}}],"collection":[{"href":"https:\/\/www.gold.fr\/news\/wp-json\/wp\/v2\/posts"}],"about":[{"href":"https:\/\/www.gold.fr\/news\/wp-json\/wp\/v2\/types\/post"}],"author":[{"embeddable":true,"href":"https:\/\/www.gold.fr\/news\/wp-json\/wp\/v2\/users\/18"}],"replies":[{"embeddable":true,"href":"https:\/\/www.gold.fr\/news\/wp-json\/wp\/v2\/comments?post=19880"}],"version-history":[{"count":0,"href":"https:\/\/www.gold.fr\/news\/wp-json\/wp\/v2\/posts\/19880\/revisions"}],"wp:featuredmedia":[{"embeddable":true,"href":"https:\/\/www.gold.fr\/news\/wp-json\/wp\/v2\/media\/6439"}],"wp:attachment":[{"href":"https:\/\/www.gold.fr\/news\/wp-json\/wp\/v2\/media?parent=19880"}],"wp:term":[{"taxonomy":"category","embeddable":true,"href":"https:\/\/www.gold.fr\/news\/wp-json\/wp\/v2\/categories?post=19880"},{"taxonomy":"post_tag","embeddable":true,"href":"https:\/\/www.gold.fr\/news\/wp-json\/wp\/v2\/tags?post=19880"},{"taxonomy":"author","embeddable":true,"href":"https:\/\/www.gold.fr\/news\/wp-json\/wp\/v2\/ppma_author?post=19880"}],"curies":[{"name":"wp","href":"https:\/\/api.w.org\/{rel}","templated":true}]}}