{"id":19871,"date":"2016-07-26T13:00:31","date_gmt":"2016-07-26T11:00:31","guid":{"rendered":"https:\/\/www.gold.fr\/news\/?p=19871"},"modified":"2020-06-26T11:23:42","modified_gmt":"2020-06-26T09:23:42","slug":"lonce-continue-a-stabiliser-fond-de-calendrier-charge","status":"publish","type":"post","link":"https:\/\/www.gold.fr\/news\/2016\/07\/26\/lonce-continue-a-stabiliser-fond-de-calendrier-charge\/","title":{"rendered":"L&rsquo;once continue \u00e0 stabiliser, sur fond de calendrier charg\u00e9"},"content":{"rendered":"<p><img loading=\"lazy\" decoding=\"async\" class=\"alignleft wp-image-10142 size-thumbnail\" title=\"L'once continue \u00e0 stabiliser, sur fond de calendrier charg\u00e9\" src=\"https:\/\/www.gold.fr\/news\/wp-content\/uploads\/2010\/07\/lingotins-or-150x150.jpg\" alt=\"L'once continue \u00e0 stabiliser, sur fond de calendrier charg\u00e9\" width=\"150\" height=\"150\" \/>Le calendrier de cette semaine \u00e9conomique s&rsquo;annonce particuli\u00e8rement riche et charg\u00e9, sur tous les plans. Entre une saison des r\u00e9sultats d&rsquo;entreprises qui bat son plein, une nouvelle batterie de donn\u00e9es statistiques et deux r\u00e9unions de banques centrales majeures, le bilan de la semaine devrait apporter une foule de catalyseurs capables d&rsquo;offrir l&rsquo;orientation tant esp\u00e9r\u00e9e par les march\u00e9s.<\/p>\n<p>C\u00f4t\u00e9 rapports d&rsquo;entreprises, la liste de comptes trimestriels publi\u00e9s par des g\u00e9ants boursiers (US et euro) est impressionnante; Orange, <strong>BASF<\/strong>, <strong>Deutsche Bank<\/strong>, <strong>Fiat Chrysler<\/strong>, <strong>Sanofi<\/strong>, <strong>Apple<\/strong>, <strong>ExxonMobil<\/strong>, <strong>Chevron<\/strong>, <strong>Caterpillar<\/strong>, <strong>Boeing<\/strong>, <strong>Coca-Cola<\/strong>, <strong>Danone<\/strong>, <strong>L&rsquo;Or\u00e9al<\/strong>, <strong>Natixis<\/strong>, <strong>Renault<\/strong>, <strong>Saint-Gobain<\/strong>,<strong>Total<\/strong>&#8230;<\/p>\n<p>Par ailleurs, la r\u00e9serve f\u00e9d\u00e9rale am\u00e9ricaine et la <strong>Bank of Japan<\/strong> tiendront, cette semaine, leurs r\u00e9unions respectives de politique mon\u00e9taire, et les attentes sont aussi ind\u00e9cises pour la <strong>FED<\/strong> qu&rsquo;elles ne sont pessimistes pour la <strong>BoJ<\/strong>. Sur le plan statistique, enfin, on guettera les chiffres relatifs \u00e0 la croissance au deuxi\u00e8me trimestre pour la zone euro, ou encore l&rsquo;estimation de la croissance am\u00e9ricaine pour le deuxi\u00e8me trimestre 2016 (pr\u00e9visions autour de 2,6%).<\/p>\n<p>Sur le march\u00e9 de l&rsquo;<a class=\"esk-seo-plu-link\" href=\"https:\/\/www.gold.fr\/news\/tags\/or\">or<\/a>, le mot d&rsquo;ordre demeure &lsquo;r\u00e9sistance&rsquo; et le prix de <a href=\"https:\/\/www.gold.fr\/once-or-nyc\/\" target=\"_blank\" rel=\"noopener noreferrer\">l&rsquo;once<\/a> se maintient fermement au m\u00eame niveau marqu\u00e9 \u00e0 la fin de la semaine derni\u00e8re. L&rsquo;<a class=\"esk-seo-plu-link\" href=\"https:\/\/www.gold.fr\/news\/tags\/or\">or<\/a> ouvre donc la s\u00e9ance de ce <strong>mardi 26 juillet 2016<\/strong> avec un <a href=\"https:\/\/www.gold.fr\/cours-or-prix-de-l-or\/\" target=\"_blank\" rel=\"noopener noreferrer\">cours<\/a> de <strong>1,323.05 <a class=\"esk-seo-plu-link\" href=\"https:\/\/www.gold.fr\/news\/tags\/investissement\">dollars<\/a><\/strong> <a href=\"https:\/\/www.gold.fr\/once-or-nyc\/\" target=\"_blank\" rel=\"noopener noreferrer\">l&rsquo;once<\/a>.<\/p>\n<!-- AddThis Advanced Settings generic via filter on the_content --><!-- AddThis Share Buttons generic via filter on the_content -->","protected":false},"excerpt":{"rendered":"<p>Le calendrier de cette semaine \u00e9conomique s&rsquo;annonce particuli\u00e8rement riche et charg\u00e9, sur tous les plans. Entre une saison des r\u00e9sultats d&rsquo;entreprises qui bat son plein, une nouvelle batterie de donn\u00e9es statistiques et deux r\u00e9unions de banques [&hellip;]<\/p>\n","protected":false},"author":18,"featured_media":10142,"comment_status":"closed","ping_status":"closed","sticky":false,"template":"","format":"standard","meta":{"_mbp_gutenberg_autopost":false,"_pgmb_is_evergreen":false,"_pgmb_ap_template_id":0,"footnotes":""},"categories":[5],"tags":[385,84],"ppma_author":[2565],"class_list":["post-19871","post","type-post","status-publish","format-standard","has-post-thumbnail","hentry","category-flash-infos","tag-cours-de-lor-de-bourse","tag-cours-de-lor"],"yoast_head":"<!-- This site is optimized with the Yoast SEO plugin v27.5 - https:\/\/yoast.com\/product\/yoast-seo-wordpress\/ -->\n<title>L&#039;once continue \u00e0 stabiliser, sur fond de calendrier charg\u00e9<\/title>\n<meta name=\"description\" content=\"Le calendrier de cette semaine \u00e9conomique s&#039;annonce particuli\u00e8rement riche et charg\u00e9, sur tous les plans. Entre une saison des r\u00e9sultats ...\" \/>\n<meta name=\"robots\" content=\"index, follow, max-snippet:-1, max-image-preview:large, max-video-preview:-1\" \/>\n<link rel=\"canonical\" href=\"https:\/\/www.gold.fr\/news\/2016\/07\/26\/lonce-continue-a-stabiliser-fond-de-calendrier-charge\/\" \/>\n<meta property=\"og:locale\" content=\"fr_FR\" \/>\n<meta property=\"og:type\" content=\"article\" \/>\n<meta property=\"og:title\" content=\"L&#039;once continue \u00e0 stabiliser, sur fond de calendrier charg\u00e9\" \/>\n<meta property=\"og:description\" content=\"Le calendrier de cette semaine \u00e9conomique s&#039;annonce particuli\u00e8rement riche et charg\u00e9, sur tous les plans. Entre une saison des r\u00e9sultats ...\" \/>\n<meta property=\"og:url\" content=\"https:\/\/www.gold.fr\/news\/2016\/07\/26\/lonce-continue-a-stabiliser-fond-de-calendrier-charge\/\" \/>\n<meta property=\"og:site_name\" content=\"Gold.fr\" \/>\n<meta property=\"article:publisher\" content=\"https:\/\/www.facebook.com\/Goldfr\/\" \/>\n<meta property=\"article:published_time\" content=\"2016-07-26T11:00:31+00:00\" \/>\n<meta property=\"article:modified_time\" content=\"2020-06-26T09:23:42+00:00\" \/>\n<meta property=\"og:image\" content=\"https:\/\/www.gold.fr\/news\/wp-content\/uploads\/2010\/07\/lingotins-or.jpg\" \/>\n\t<meta property=\"og:image:width\" content=\"600\" \/>\n\t<meta property=\"og:image:height\" content=\"450\" \/>\n\t<meta property=\"og:image:type\" content=\"image\/jpeg\" \/>\n<meta name=\"author\" content=\"Comptoir National de l&#039;Or\" \/>\n<meta name=\"twitter:card\" content=\"summary_large_image\" \/>\n<meta name=\"twitter:label1\" content=\"\u00c9crit par\" \/>\n\t<meta name=\"twitter:data1\" content=\"Comptoir National de l&#039;Or\" \/>\n\t<meta name=\"twitter:label2\" content=\"Dur\u00e9e de lecture estim\u00e9e\" \/>\n\t<meta name=\"twitter:data2\" content=\"1 minute\" \/>\n<script type=\"application\/ld+json\" class=\"yoast-schema-graph\">{\"@context\":\"https:\\\/\\\/schema.org\",\"@graph\":[{\"@type\":\"Article\",\"@id\":\"https:\\\/\\\/www.gold.fr\\\/news\\\/2016\\\/07\\\/26\\\/lonce-continue-a-stabiliser-fond-de-calendrier-charge\\\/#article\",\"isPartOf\":{\"@id\":\"https:\\\/\\\/www.gold.fr\\\/news\\\/2016\\\/07\\\/26\\\/lonce-continue-a-stabiliser-fond-de-calendrier-charge\\\/\"},\"author\":{\"name\":\"Comptoir National de l'Or\",\"@id\":\"https:\\\/\\\/www.gold.fr\\\/news\\\/#\\\/schema\\\/person\\\/070491b4b4fb7671bf59b3be20302ce9\"},\"headline\":\"L&rsquo;once continue \u00e0 stabiliser, sur fond de calendrier charg\u00e9\",\"datePublished\":\"2016-07-26T11:00:31+00:00\",\"dateModified\":\"2020-06-26T09:23:42+00:00\",\"mainEntityOfPage\":{\"@id\":\"https:\\\/\\\/www.gold.fr\\\/news\\\/2016\\\/07\\\/26\\\/lonce-continue-a-stabiliser-fond-de-calendrier-charge\\\/\"},\"wordCount\":254,\"image\":{\"@id\":\"https:\\\/\\\/www.gold.fr\\\/news\\\/2016\\\/07\\\/26\\\/lonce-continue-a-stabiliser-fond-de-calendrier-charge\\\/#primaryimage\"},\"thumbnailUrl\":\"https:\\\/\\\/www.gold.fr\\\/news\\\/wp-content\\\/uploads\\\/2010\\\/07\\\/lingotins-or.jpg\",\"keywords\":[\"cours de l'or de bourse\",\"Tout Cours de l'Or\"],\"articleSection\":[\"Flash infos\"],\"inLanguage\":\"fr-FR\"},{\"@type\":\"WebPage\",\"@id\":\"https:\\\/\\\/www.gold.fr\\\/news\\\/2016\\\/07\\\/26\\\/lonce-continue-a-stabiliser-fond-de-calendrier-charge\\\/\",\"url\":\"https:\\\/\\\/www.gold.fr\\\/news\\\/2016\\\/07\\\/26\\\/lonce-continue-a-stabiliser-fond-de-calendrier-charge\\\/\",\"name\":\"L'once continue \u00e0 stabiliser, sur fond de calendrier charg\u00e9\",\"isPartOf\":{\"@id\":\"https:\\\/\\\/www.gold.fr\\\/news\\\/#website\"},\"primaryImageOfPage\":{\"@id\":\"https:\\\/\\\/www.gold.fr\\\/news\\\/2016\\\/07\\\/26\\\/lonce-continue-a-stabiliser-fond-de-calendrier-charge\\\/#primaryimage\"},\"image\":{\"@id\":\"https:\\\/\\\/www.gold.fr\\\/news\\\/2016\\\/07\\\/26\\\/lonce-continue-a-stabiliser-fond-de-calendrier-charge\\\/#primaryimage\"},\"thumbnailUrl\":\"https:\\\/\\\/www.gold.fr\\\/news\\\/wp-content\\\/uploads\\\/2010\\\/07\\\/lingotins-or.jpg\",\"datePublished\":\"2016-07-26T11:00:31+00:00\",\"dateModified\":\"2020-06-26T09:23:42+00:00\",\"author\":{\"@id\":\"https:\\\/\\\/www.gold.fr\\\/news\\\/#\\\/schema\\\/person\\\/070491b4b4fb7671bf59b3be20302ce9\"},\"description\":\"Le calendrier de cette semaine \u00e9conomique s'annonce particuli\u00e8rement riche et charg\u00e9, sur tous les plans. Entre une saison des r\u00e9sultats ...\",\"breadcrumb\":{\"@id\":\"https:\\\/\\\/www.gold.fr\\\/news\\\/2016\\\/07\\\/26\\\/lonce-continue-a-stabiliser-fond-de-calendrier-charge\\\/#breadcrumb\"},\"inLanguage\":\"fr-FR\",\"potentialAction\":[{\"@type\":\"ReadAction\",\"target\":[\"https:\\\/\\\/www.gold.fr\\\/news\\\/2016\\\/07\\\/26\\\/lonce-continue-a-stabiliser-fond-de-calendrier-charge\\\/\"]}]},{\"@type\":\"ImageObject\",\"inLanguage\":\"fr-FR\",\"@id\":\"https:\\\/\\\/www.gold.fr\\\/news\\\/2016\\\/07\\\/26\\\/lonce-continue-a-stabiliser-fond-de-calendrier-charge\\\/#primaryimage\",\"url\":\"https:\\\/\\\/www.gold.fr\\\/news\\\/wp-content\\\/uploads\\\/2010\\\/07\\\/lingotins-or.jpg\",\"contentUrl\":\"https:\\\/\\\/www.gold.fr\\\/news\\\/wp-content\\\/uploads\\\/2010\\\/07\\\/lingotins-or.jpg\",\"width\":\"600\",\"height\":\"450\",\"caption\":\"March\u00e9 de l\u2019or : Une valeur refuge qui s\u2019impose\"},{\"@type\":\"BreadcrumbList\",\"@id\":\"https:\\\/\\\/www.gold.fr\\\/news\\\/2016\\\/07\\\/26\\\/lonce-continue-a-stabiliser-fond-de-calendrier-charge\\\/#breadcrumb\",\"itemListElement\":[{\"@type\":\"ListItem\",\"position\":1,\"name\":\"Accueil\",\"item\":\"https:\\\/\\\/www.gold.fr\\\/\"},{\"@type\":\"ListItem\",\"position\":2,\"name\":\"Actualit\u00e9s\",\"item\":\"https:\\\/\\\/www.gold.fr\\\/news\\\/\"},{\"@type\":\"ListItem\",\"position\":3,\"name\":\"L&rsquo;once continue \u00e0 stabiliser, sur fond de calendrier charg\u00e9\"}]},{\"@type\":\"WebSite\",\"@id\":\"https:\\\/\\\/www.gold.fr\\\/news\\\/#website\",\"url\":\"https:\\\/\\\/www.gold.fr\\\/news\\\/\",\"name\":\"Gold.fr\",\"description\":\"Actualit\u00e9s de l&#039;Or et des m\u00e9taux pr\u00e9cieux\",\"potentialAction\":[{\"@type\":\"SearchAction\",\"target\":{\"@type\":\"EntryPoint\",\"urlTemplate\":\"https:\\\/\\\/www.gold.fr\\\/news\\\/?s={search_term_string}\"},\"query-input\":{\"@type\":\"PropertyValueSpecification\",\"valueRequired\":true,\"valueName\":\"search_term_string\"}}],\"inLanguage\":\"fr-FR\"},{\"@type\":\"Person\",\"@id\":\"https:\\\/\\\/www.gold.fr\\\/news\\\/#\\\/schema\\\/person\\\/070491b4b4fb7671bf59b3be20302ce9\",\"name\":\"Comptoir National de l'Or\",\"image\":{\"@type\":\"ImageObject\",\"inLanguage\":\"fr-FR\",\"@id\":\"https:\\\/\\\/secure.gravatar.com\\\/avatar\\\/0a2867fd5abe37bed95d5a65e9d58f01756e11efc68af9888dfc50cfa7f65948?s=96&d=mm&r=gb490554db0a38188709de567aa58480d\",\"url\":\"https:\\\/\\\/secure.gravatar.com\\\/avatar\\\/0a2867fd5abe37bed95d5a65e9d58f01756e11efc68af9888dfc50cfa7f65948?s=96&d=mm&r=g\",\"contentUrl\":\"https:\\\/\\\/secure.gravatar.com\\\/avatar\\\/0a2867fd5abe37bed95d5a65e9d58f01756e11efc68af9888dfc50cfa7f65948?s=96&d=mm&r=g\",\"caption\":\"Comptoir National de l'Or\"},\"description\":\"Notre r\u00e9daction est constitu\u00e9e de membres experts dans les m\u00e9tiers de l'\u00e9conomie et la gestion, des Responsables d'agence Comptoir National de l'Or, des analystes financiers qui publient r\u00e9guli\u00e8rement des \u00e9tudes sur les politiques des banques centrales, le cours de l'or, prix de l'or, cours de l'argent, prix de l'argent, cours du platine, cours du palladium,... la situation en zone euro et l'impact de la strat\u00e9gie mon\u00e9taire de la FED. Notre \u00e9quipe scrute \u00e9galement une information plus g\u00e9n\u00e9raliste \u00e0 la recherche d'actualit\u00e9 \\\"p\u00e9pite\\\" \u00e0 vous partager. Depuis 5 ans, nous avons publi\u00e9 un peu plus de 4000 articles qui s'adressent \u00e0 un public large et vari\u00e9 ayant pour objectif de satisfaire votre curiosit\u00e9 et de partager avec vous une certaine fascination pour le m\u00e9tal jaune, le rachat d'or, et pour ceux qui veulent investir dans l'or, vendre leur or tout simplement en savoir plus... Pour tous vos achat or et argent, n'h\u00e9sitez pas \u00e0 prendre rendez-vous dans l'un de nos nombreux comptoirs.\",\"sameAs\":[\"https:\\\/\\\/www.gold.fr\"]}]}<\/script>\n<!-- \/ Yoast SEO plugin. -->","yoast_head_json":{"title":"L'once continue \u00e0 stabiliser, sur fond de calendrier charg\u00e9","description":"Le calendrier de cette semaine \u00e9conomique s'annonce particuli\u00e8rement riche et charg\u00e9, sur tous les plans. Entre une saison des r\u00e9sultats ...","robots":{"index":"index","follow":"follow","max-snippet":"max-snippet:-1","max-image-preview":"max-image-preview:large","max-video-preview":"max-video-preview:-1"},"canonical":"https:\/\/www.gold.fr\/news\/2016\/07\/26\/lonce-continue-a-stabiliser-fond-de-calendrier-charge\/","og_locale":"fr_FR","og_type":"article","og_title":"L'once continue \u00e0 stabiliser, sur fond de calendrier charg\u00e9","og_description":"Le calendrier de cette semaine \u00e9conomique s'annonce particuli\u00e8rement riche et charg\u00e9, sur tous les plans. Entre une saison des r\u00e9sultats ...","og_url":"https:\/\/www.gold.fr\/news\/2016\/07\/26\/lonce-continue-a-stabiliser-fond-de-calendrier-charge\/","og_site_name":"Gold.fr","article_publisher":"https:\/\/www.facebook.com\/Goldfr\/","article_published_time":"2016-07-26T11:00:31+00:00","article_modified_time":"2020-06-26T09:23:42+00:00","og_image":[{"width":600,"height":450,"url":"https:\/\/www.gold.fr\/news\/wp-content\/uploads\/2010\/07\/lingotins-or.jpg","type":"image\/jpeg"}],"author":"Comptoir National de l'Or","twitter_card":"summary_large_image","twitter_misc":{"\u00c9crit par":"Comptoir National de l'Or","Dur\u00e9e de lecture estim\u00e9e":"1 minute"},"schema":{"@context":"https:\/\/schema.org","@graph":[{"@type":"Article","@id":"https:\/\/www.gold.fr\/news\/2016\/07\/26\/lonce-continue-a-stabiliser-fond-de-calendrier-charge\/#article","isPartOf":{"@id":"https:\/\/www.gold.fr\/news\/2016\/07\/26\/lonce-continue-a-stabiliser-fond-de-calendrier-charge\/"},"author":{"name":"Comptoir National de l'Or","@id":"https:\/\/www.gold.fr\/news\/#\/schema\/person\/070491b4b4fb7671bf59b3be20302ce9"},"headline":"L&rsquo;once continue \u00e0 stabiliser, sur fond de calendrier charg\u00e9","datePublished":"2016-07-26T11:00:31+00:00","dateModified":"2020-06-26T09:23:42+00:00","mainEntityOfPage":{"@id":"https:\/\/www.gold.fr\/news\/2016\/07\/26\/lonce-continue-a-stabiliser-fond-de-calendrier-charge\/"},"wordCount":254,"image":{"@id":"https:\/\/www.gold.fr\/news\/2016\/07\/26\/lonce-continue-a-stabiliser-fond-de-calendrier-charge\/#primaryimage"},"thumbnailUrl":"https:\/\/www.gold.fr\/news\/wp-content\/uploads\/2010\/07\/lingotins-or.jpg","keywords":["cours de l'or de bourse","Tout Cours de l'Or"],"articleSection":["Flash infos"],"inLanguage":"fr-FR"},{"@type":"WebPage","@id":"https:\/\/www.gold.fr\/news\/2016\/07\/26\/lonce-continue-a-stabiliser-fond-de-calendrier-charge\/","url":"https:\/\/www.gold.fr\/news\/2016\/07\/26\/lonce-continue-a-stabiliser-fond-de-calendrier-charge\/","name":"L'once continue \u00e0 stabiliser, sur fond de calendrier charg\u00e9","isPartOf":{"@id":"https:\/\/www.gold.fr\/news\/#website"},"primaryImageOfPage":{"@id":"https:\/\/www.gold.fr\/news\/2016\/07\/26\/lonce-continue-a-stabiliser-fond-de-calendrier-charge\/#primaryimage"},"image":{"@id":"https:\/\/www.gold.fr\/news\/2016\/07\/26\/lonce-continue-a-stabiliser-fond-de-calendrier-charge\/#primaryimage"},"thumbnailUrl":"https:\/\/www.gold.fr\/news\/wp-content\/uploads\/2010\/07\/lingotins-or.jpg","datePublished":"2016-07-26T11:00:31+00:00","dateModified":"2020-06-26T09:23:42+00:00","author":{"@id":"https:\/\/www.gold.fr\/news\/#\/schema\/person\/070491b4b4fb7671bf59b3be20302ce9"},"description":"Le calendrier de cette semaine \u00e9conomique s'annonce particuli\u00e8rement riche et charg\u00e9, sur tous les plans. Entre une saison des r\u00e9sultats ...","breadcrumb":{"@id":"https:\/\/www.gold.fr\/news\/2016\/07\/26\/lonce-continue-a-stabiliser-fond-de-calendrier-charge\/#breadcrumb"},"inLanguage":"fr-FR","potentialAction":[{"@type":"ReadAction","target":["https:\/\/www.gold.fr\/news\/2016\/07\/26\/lonce-continue-a-stabiliser-fond-de-calendrier-charge\/"]}]},{"@type":"ImageObject","inLanguage":"fr-FR","@id":"https:\/\/www.gold.fr\/news\/2016\/07\/26\/lonce-continue-a-stabiliser-fond-de-calendrier-charge\/#primaryimage","url":"https:\/\/www.gold.fr\/news\/wp-content\/uploads\/2010\/07\/lingotins-or.jpg","contentUrl":"https:\/\/www.gold.fr\/news\/wp-content\/uploads\/2010\/07\/lingotins-or.jpg","width":"600","height":"450","caption":"March\u00e9 de l\u2019or : Une valeur refuge qui s\u2019impose"},{"@type":"BreadcrumbList","@id":"https:\/\/www.gold.fr\/news\/2016\/07\/26\/lonce-continue-a-stabiliser-fond-de-calendrier-charge\/#breadcrumb","itemListElement":[{"@type":"ListItem","position":1,"name":"Accueil","item":"https:\/\/www.gold.fr\/"},{"@type":"ListItem","position":2,"name":"Actualit\u00e9s","item":"https:\/\/www.gold.fr\/news\/"},{"@type":"ListItem","position":3,"name":"L&rsquo;once continue \u00e0 stabiliser, sur fond de calendrier charg\u00e9"}]},{"@type":"WebSite","@id":"https:\/\/www.gold.fr\/news\/#website","url":"https:\/\/www.gold.fr\/news\/","name":"Gold.fr","description":"Actualit\u00e9s de l&#039;Or et des m\u00e9taux pr\u00e9cieux","potentialAction":[{"@type":"SearchAction","target":{"@type":"EntryPoint","urlTemplate":"https:\/\/www.gold.fr\/news\/?s={search_term_string}"},"query-input":{"@type":"PropertyValueSpecification","valueRequired":true,"valueName":"search_term_string"}}],"inLanguage":"fr-FR"},{"@type":"Person","@id":"https:\/\/www.gold.fr\/news\/#\/schema\/person\/070491b4b4fb7671bf59b3be20302ce9","name":"Comptoir National de l'Or","image":{"@type":"ImageObject","inLanguage":"fr-FR","@id":"https:\/\/secure.gravatar.com\/avatar\/0a2867fd5abe37bed95d5a65e9d58f01756e11efc68af9888dfc50cfa7f65948?s=96&d=mm&r=gb490554db0a38188709de567aa58480d","url":"https:\/\/secure.gravatar.com\/avatar\/0a2867fd5abe37bed95d5a65e9d58f01756e11efc68af9888dfc50cfa7f65948?s=96&d=mm&r=g","contentUrl":"https:\/\/secure.gravatar.com\/avatar\/0a2867fd5abe37bed95d5a65e9d58f01756e11efc68af9888dfc50cfa7f65948?s=96&d=mm&r=g","caption":"Comptoir National de l'Or"},"description":"Notre r\u00e9daction est constitu\u00e9e de membres experts dans les m\u00e9tiers de l'\u00e9conomie et la gestion, des Responsables d'agence Comptoir National de l'Or, des analystes financiers qui publient r\u00e9guli\u00e8rement des \u00e9tudes sur les politiques des banques centrales, le cours de l'or, prix de l'or, cours de l'argent, prix de l'argent, cours du platine, cours du palladium,... la situation en zone euro et l'impact de la strat\u00e9gie mon\u00e9taire de la FED. Notre \u00e9quipe scrute \u00e9galement une information plus g\u00e9n\u00e9raliste \u00e0 la recherche d'actualit\u00e9 \"p\u00e9pite\" \u00e0 vous partager. Depuis 5 ans, nous avons publi\u00e9 un peu plus de 4000 articles qui s'adressent \u00e0 un public large et vari\u00e9 ayant pour objectif de satisfaire votre curiosit\u00e9 et de partager avec vous une certaine fascination pour le m\u00e9tal jaune, le rachat d'or, et pour ceux qui veulent investir dans l'or, vendre leur or tout simplement en savoir plus... Pour tous vos achat or et argent, n'h\u00e9sitez pas \u00e0 prendre rendez-vous dans l'un de nos nombreux comptoirs.","sameAs":["https:\/\/www.gold.fr"]}]}},"authors":[{"term_id":2565,"user_id":18,"is_guest":0,"slug":"julie","display_name":"Comptoir National de l'Or","avatar_url":"https:\/\/secure.gravatar.com\/avatar\/713f289e398d35ead876c4a4cc08607f0d6d266058cfc25683fffb6092d0e572?s=96&d=mm&r=g","0":null,"1":"","2":"","3":"","4":"","5":"","6":"","7":"","8":""}],"_links":{"self":[{"href":"https:\/\/www.gold.fr\/news\/wp-json\/wp\/v2\/posts\/19871","targetHints":{"allow":["GET"]}}],"collection":[{"href":"https:\/\/www.gold.fr\/news\/wp-json\/wp\/v2\/posts"}],"about":[{"href":"https:\/\/www.gold.fr\/news\/wp-json\/wp\/v2\/types\/post"}],"author":[{"embeddable":true,"href":"https:\/\/www.gold.fr\/news\/wp-json\/wp\/v2\/users\/18"}],"replies":[{"embeddable":true,"href":"https:\/\/www.gold.fr\/news\/wp-json\/wp\/v2\/comments?post=19871"}],"version-history":[{"count":0,"href":"https:\/\/www.gold.fr\/news\/wp-json\/wp\/v2\/posts\/19871\/revisions"}],"wp:featuredmedia":[{"embeddable":true,"href":"https:\/\/www.gold.fr\/news\/wp-json\/wp\/v2\/media\/10142"}],"wp:attachment":[{"href":"https:\/\/www.gold.fr\/news\/wp-json\/wp\/v2\/media?parent=19871"}],"wp:term":[{"taxonomy":"category","embeddable":true,"href":"https:\/\/www.gold.fr\/news\/wp-json\/wp\/v2\/categories?post=19871"},{"taxonomy":"post_tag","embeddable":true,"href":"https:\/\/www.gold.fr\/news\/wp-json\/wp\/v2\/tags?post=19871"},{"taxonomy":"author","embeddable":true,"href":"https:\/\/www.gold.fr\/news\/wp-json\/wp\/v2\/ppma_author?post=19871"}],"curies":[{"name":"wp","href":"https:\/\/api.w.org\/{rel}","templated":true}]}}