{"id":19850,"date":"2016-07-19T13:00:01","date_gmt":"2016-07-19T11:00:01","guid":{"rendered":"https:\/\/www.gold.fr\/news\/?p=19850"},"modified":"2018-07-04T12:47:30","modified_gmt":"2018-07-04T10:47:30","slug":"lonce-stabilise-semaine-tres-chargee","status":"publish","type":"post","link":"https:\/\/www.gold.fr\/news\/2016\/07\/19\/lonce-stabilise-semaine-tres-chargee\/","title":{"rendered":"L&rsquo;once stabilise, avant une semaine tr\u00e8s charg\u00e9e"},"content":{"rendered":"<p><img loading=\"lazy\" decoding=\"async\" class=\"alignleft size-thumbnail wp-image-3686\" src=\"https:\/\/www.gold.fr\/news\/wp-content\/uploads\/2011\/11\/Once-dor-150x150.jpg\" alt=\"L'once stabilise, avant une semaine tr\u00e8s charg\u00e9e\" width=\"150\" height=\"150\" \/>La premi\u00e8re s\u00e9ance de la semaine a, certes, \u00e9t\u00e9 calme, mais le reste de son programme hebdomadaire promet d&rsquo;\u00eatre particuli\u00e8rement mouvement\u00e9. La fin de la semaine pourrait m\u00eame apporter le catalyseur tant attendu par des march\u00e9s d&rsquo;<a class=\"esk-seo-plu-link\" href=\"https:\/\/www.gold.fr\/news\/tags\/investissement\">investissement<\/a> qui demeurent, pour l&rsquo;instant, sans grande direction ou <a class=\"esk-seo-plu-link\" href=\"https:\/\/www.gold.fr\/news\/tags\/investissement\">tendance<\/a>.<\/p>\n<p>Parmi les rapports les plus attendus de la semaine on citera surtout ceux relatifs aux chiffres de la construction r\u00e9sidentielle am\u00e9ricaine, \u00e0 l&rsquo;indice <strong>ZEW<\/strong> en <strong>Allemagne<\/strong>, la publication concernant les donn\u00e9es du ch\u00f4mage au <strong>Royaume Uni<\/strong>, ou encore le rapport des indices <strong>PMI<\/strong> pr\u00e9liminaires.<\/p>\n<p>La saison des r\u00e9sultats d&rsquo;entreprises prend \u00e9galement une tournure plus s\u00e9rieuse, cette semaine, avec les chiffres de groupes tels qu&rsquo;<strong>IBM<\/strong>, <strong>Microsoft<\/strong>, <strong>Goldman Sachs<\/strong>, <strong>Intel<\/strong> ou <strong>GE<\/strong> (aux Etats-Unis), ou encore <strong>Novartis<\/strong>, <strong>Roche<\/strong>, <strong>Ericsson<\/strong> ou <strong>Unilever<\/strong> (en Europe).<\/p>\n<p>Toutefois, on guettera surtout le rendez-vous \u00e9conomique le plus important de la semaine; la r\u00e9union du conseil des gouverneurs de la banque centrale europ\u00e9enne (BCE), pr\u00e9vue pour le <strong>21 juillet<\/strong> (ce jeudi). Bien que les experts n&rsquo;attendent pas de grandes annonces (lors de la conf\u00e9rence de presse de Draghi), ce meeting demeure le premier en ce genre, depuis l&rsquo;annonce du <strong>Brexit<\/strong>, le <strong>23 juin dernier<\/strong>, et son issue monopolise donc tout de m\u00eame l&rsquo;attention des op\u00e9rateurs.<\/p>\n<p>Dans ce contexte, le <a class=\"esk-seo-plu-link\" href=\"https:\/\/www.gold.fr\/news\/tags\/or\">m\u00e9tal jaune<\/a> r\u00e9ussit \u00e0 se stabiliser et ouvre la s\u00e9ance de ce <strong>mardi 20 juillet 2016<\/strong> avec un <a href=\"https:\/\/www.gold.fr\/cours-or-prix-de-l-or\/\" target=\"_blank\" rel=\"noopener\">cours<\/a> de <strong>1,329 <a class=\"esk-seo-plu-link\" href=\"https:\/\/www.gold.fr\/news\/tags\/investissement\">dollars<\/a><\/strong> <a href=\"https:\/\/www.gold.fr\/once-or-nyc\/\" target=\"_blank\" rel=\"noopener\">l&rsquo;once<\/a>.<\/p>\n<!-- AddThis Advanced Settings generic via filter on the_content --><!-- AddThis Share Buttons generic via filter on the_content -->","protected":false},"excerpt":{"rendered":"<p>La premi\u00e8re s\u00e9ance de la semaine a, certes, \u00e9t\u00e9 calme, mais le reste de son programme hebdomadaire promet d&rsquo;\u00eatre particuli\u00e8rement mouvement\u00e9. La fin de la semaine pourrait m\u00eame apporter le catalyseur tant attendu par des march\u00e9s [&hellip;]<\/p>\n","protected":false},"author":18,"featured_media":32033,"comment_status":"open","ping_status":"open","sticky":false,"template":"","format":"standard","meta":{"_mbp_gutenberg_autopost":false,"_pgmb_is_evergreen":false,"_pgmb_ap_template_id":0,"footnotes":""},"categories":[5],"tags":[385,84],"ppma_author":[2565],"class_list":["post-19850","post","type-post","status-publish","format-standard","has-post-thumbnail","hentry","category-flash-infos","tag-cours-de-lor-de-bourse","tag-cours-de-lor"],"yoast_head":"<!-- This site is optimized with the Yoast SEO plugin v27.5 - https:\/\/yoast.com\/product\/yoast-seo-wordpress\/ -->\n<title>L&#039;once stabilise, avant une semaine tr\u00e8s charg\u00e9e<\/title>\n<meta name=\"description\" content=\"La premi\u00e8re s\u00e9ance de la semaine a, certes, \u00e9t\u00e9 calme, mais le reste de son programme hebdomadaire promet d&#039;\u00eatre particuli\u00e8rement mouveme...\" \/>\n<meta name=\"robots\" content=\"index, follow, max-snippet:-1, max-image-preview:large, max-video-preview:-1\" \/>\n<link rel=\"canonical\" href=\"https:\/\/www.gold.fr\/news\/2016\/07\/19\/lonce-stabilise-semaine-tres-chargee\/\" \/>\n<meta property=\"og:locale\" content=\"fr_FR\" \/>\n<meta property=\"og:type\" content=\"article\" \/>\n<meta property=\"og:title\" content=\"L&#039;once stabilise, avant une semaine tr\u00e8s charg\u00e9e\" \/>\n<meta property=\"og:description\" content=\"La premi\u00e8re s\u00e9ance de la semaine a, certes, \u00e9t\u00e9 calme, mais le reste de son programme hebdomadaire promet d&#039;\u00eatre particuli\u00e8rement mouveme...\" \/>\n<meta property=\"og:url\" content=\"https:\/\/www.gold.fr\/news\/2016\/07\/19\/lonce-stabilise-semaine-tres-chargee\/\" \/>\n<meta property=\"og:site_name\" content=\"Gold.fr\" \/>\n<meta property=\"article:publisher\" content=\"https:\/\/www.facebook.com\/Goldfr\/\" \/>\n<meta property=\"article:published_time\" content=\"2016-07-19T11:00:01+00:00\" \/>\n<meta property=\"article:modified_time\" content=\"2018-07-04T10:47:30+00:00\" \/>\n<meta property=\"og:image\" content=\"https:\/\/www.gold.fr\/news\/wp-content\/uploads\/2016\/05\/Once-dor.jpg\" \/>\n\t<meta property=\"og:image:width\" content=\"493\" \/>\n\t<meta property=\"og:image:height\" content=\"328\" \/>\n\t<meta property=\"og:image:type\" content=\"image\/jpeg\" \/>\n<meta name=\"author\" content=\"Comptoir National de l&#039;Or\" \/>\n<meta name=\"twitter:card\" content=\"summary_large_image\" \/>\n<meta name=\"twitter:label1\" content=\"\u00c9crit par\" \/>\n\t<meta name=\"twitter:data1\" content=\"Comptoir National de l&#039;Or\" \/>\n\t<meta name=\"twitter:label2\" content=\"Dur\u00e9e de lecture estim\u00e9e\" \/>\n\t<meta name=\"twitter:data2\" content=\"1 minute\" \/>\n<script type=\"application\/ld+json\" class=\"yoast-schema-graph\">{\"@context\":\"https:\\\/\\\/schema.org\",\"@graph\":[{\"@type\":\"Article\",\"@id\":\"https:\\\/\\\/www.gold.fr\\\/news\\\/2016\\\/07\\\/19\\\/lonce-stabilise-semaine-tres-chargee\\\/#article\",\"isPartOf\":{\"@id\":\"https:\\\/\\\/www.gold.fr\\\/news\\\/2016\\\/07\\\/19\\\/lonce-stabilise-semaine-tres-chargee\\\/\"},\"author\":{\"name\":\"Comptoir National de l'Or\",\"@id\":\"https:\\\/\\\/www.gold.fr\\\/news\\\/#\\\/schema\\\/person\\\/070491b4b4fb7671bf59b3be20302ce9\"},\"headline\":\"L&rsquo;once stabilise, avant une semaine tr\u00e8s charg\u00e9e\",\"datePublished\":\"2016-07-19T11:00:01+00:00\",\"dateModified\":\"2018-07-04T10:47:30+00:00\",\"mainEntityOfPage\":{\"@id\":\"https:\\\/\\\/www.gold.fr\\\/news\\\/2016\\\/07\\\/19\\\/lonce-stabilise-semaine-tres-chargee\\\/\"},\"wordCount\":264,\"commentCount\":0,\"image\":{\"@id\":\"https:\\\/\\\/www.gold.fr\\\/news\\\/2016\\\/07\\\/19\\\/lonce-stabilise-semaine-tres-chargee\\\/#primaryimage\"},\"thumbnailUrl\":\"https:\\\/\\\/www.gold.fr\\\/news\\\/wp-content\\\/uploads\\\/2016\\\/05\\\/Once-dor.jpg\",\"keywords\":[\"cours de l'or de bourse\",\"Tout Cours de l'Or\"],\"articleSection\":[\"Flash infos\"],\"inLanguage\":\"fr-FR\"},{\"@type\":\"WebPage\",\"@id\":\"https:\\\/\\\/www.gold.fr\\\/news\\\/2016\\\/07\\\/19\\\/lonce-stabilise-semaine-tres-chargee\\\/\",\"url\":\"https:\\\/\\\/www.gold.fr\\\/news\\\/2016\\\/07\\\/19\\\/lonce-stabilise-semaine-tres-chargee\\\/\",\"name\":\"L'once stabilise, avant une semaine tr\u00e8s charg\u00e9e\",\"isPartOf\":{\"@id\":\"https:\\\/\\\/www.gold.fr\\\/news\\\/#website\"},\"primaryImageOfPage\":{\"@id\":\"https:\\\/\\\/www.gold.fr\\\/news\\\/2016\\\/07\\\/19\\\/lonce-stabilise-semaine-tres-chargee\\\/#primaryimage\"},\"image\":{\"@id\":\"https:\\\/\\\/www.gold.fr\\\/news\\\/2016\\\/07\\\/19\\\/lonce-stabilise-semaine-tres-chargee\\\/#primaryimage\"},\"thumbnailUrl\":\"https:\\\/\\\/www.gold.fr\\\/news\\\/wp-content\\\/uploads\\\/2016\\\/05\\\/Once-dor.jpg\",\"datePublished\":\"2016-07-19T11:00:01+00:00\",\"dateModified\":\"2018-07-04T10:47:30+00:00\",\"author\":{\"@id\":\"https:\\\/\\\/www.gold.fr\\\/news\\\/#\\\/schema\\\/person\\\/070491b4b4fb7671bf59b3be20302ce9\"},\"description\":\"La premi\u00e8re s\u00e9ance de la semaine a, certes, \u00e9t\u00e9 calme, mais le reste de son programme hebdomadaire promet d'\u00eatre particuli\u00e8rement mouveme...\",\"breadcrumb\":{\"@id\":\"https:\\\/\\\/www.gold.fr\\\/news\\\/2016\\\/07\\\/19\\\/lonce-stabilise-semaine-tres-chargee\\\/#breadcrumb\"},\"inLanguage\":\"fr-FR\",\"potentialAction\":[{\"@type\":\"ReadAction\",\"target\":[\"https:\\\/\\\/www.gold.fr\\\/news\\\/2016\\\/07\\\/19\\\/lonce-stabilise-semaine-tres-chargee\\\/\"]}]},{\"@type\":\"ImageObject\",\"inLanguage\":\"fr-FR\",\"@id\":\"https:\\\/\\\/www.gold.fr\\\/news\\\/2016\\\/07\\\/19\\\/lonce-stabilise-semaine-tres-chargee\\\/#primaryimage\",\"url\":\"https:\\\/\\\/www.gold.fr\\\/news\\\/wp-content\\\/uploads\\\/2016\\\/05\\\/Once-dor.jpg\",\"contentUrl\":\"https:\\\/\\\/www.gold.fr\\\/news\\\/wp-content\\\/uploads\\\/2016\\\/05\\\/Once-dor.jpg\",\"width\":493,\"height\":328,\"caption\":\"L'once campe sur ses positions\"},{\"@type\":\"BreadcrumbList\",\"@id\":\"https:\\\/\\\/www.gold.fr\\\/news\\\/2016\\\/07\\\/19\\\/lonce-stabilise-semaine-tres-chargee\\\/#breadcrumb\",\"itemListElement\":[{\"@type\":\"ListItem\",\"position\":1,\"name\":\"Accueil\",\"item\":\"https:\\\/\\\/www.gold.fr\\\/\"},{\"@type\":\"ListItem\",\"position\":2,\"name\":\"Actualit\u00e9s\",\"item\":\"https:\\\/\\\/www.gold.fr\\\/news\\\/\"},{\"@type\":\"ListItem\",\"position\":3,\"name\":\"L&rsquo;once stabilise, avant une semaine tr\u00e8s charg\u00e9e\"}]},{\"@type\":\"WebSite\",\"@id\":\"https:\\\/\\\/www.gold.fr\\\/news\\\/#website\",\"url\":\"https:\\\/\\\/www.gold.fr\\\/news\\\/\",\"name\":\"Gold.fr\",\"description\":\"Actualit\u00e9s de l&#039;Or et des m\u00e9taux pr\u00e9cieux\",\"potentialAction\":[{\"@type\":\"SearchAction\",\"target\":{\"@type\":\"EntryPoint\",\"urlTemplate\":\"https:\\\/\\\/www.gold.fr\\\/news\\\/?s={search_term_string}\"},\"query-input\":{\"@type\":\"PropertyValueSpecification\",\"valueRequired\":true,\"valueName\":\"search_term_string\"}}],\"inLanguage\":\"fr-FR\"},{\"@type\":\"Person\",\"@id\":\"https:\\\/\\\/www.gold.fr\\\/news\\\/#\\\/schema\\\/person\\\/070491b4b4fb7671bf59b3be20302ce9\",\"name\":\"Comptoir National de l'Or\",\"image\":{\"@type\":\"ImageObject\",\"inLanguage\":\"fr-FR\",\"@id\":\"https:\\\/\\\/secure.gravatar.com\\\/avatar\\\/0a2867fd5abe37bed95d5a65e9d58f01756e11efc68af9888dfc50cfa7f65948?s=96&d=mm&r=gb490554db0a38188709de567aa58480d\",\"url\":\"https:\\\/\\\/secure.gravatar.com\\\/avatar\\\/0a2867fd5abe37bed95d5a65e9d58f01756e11efc68af9888dfc50cfa7f65948?s=96&d=mm&r=g\",\"contentUrl\":\"https:\\\/\\\/secure.gravatar.com\\\/avatar\\\/0a2867fd5abe37bed95d5a65e9d58f01756e11efc68af9888dfc50cfa7f65948?s=96&d=mm&r=g\",\"caption\":\"Comptoir National de l'Or\"},\"description\":\"Notre r\u00e9daction est constitu\u00e9e de membres experts dans les m\u00e9tiers de l'\u00e9conomie et la gestion, des Responsables d'agence Comptoir National de l'Or, des analystes financiers qui publient r\u00e9guli\u00e8rement des \u00e9tudes sur les politiques des banques centrales, le cours de l'or, prix de l'or, cours de l'argent, prix de l'argent, cours du platine, cours du palladium,... la situation en zone euro et l'impact de la strat\u00e9gie mon\u00e9taire de la FED. Notre \u00e9quipe scrute \u00e9galement une information plus g\u00e9n\u00e9raliste \u00e0 la recherche d'actualit\u00e9 \\\"p\u00e9pite\\\" \u00e0 vous partager. Depuis 5 ans, nous avons publi\u00e9 un peu plus de 4000 articles qui s'adressent \u00e0 un public large et vari\u00e9 ayant pour objectif de satisfaire votre curiosit\u00e9 et de partager avec vous une certaine fascination pour le m\u00e9tal jaune, le rachat d'or, et pour ceux qui veulent investir dans l'or, vendre leur or tout simplement en savoir plus... Pour tous vos achat or et argent, n'h\u00e9sitez pas \u00e0 prendre rendez-vous dans l'un de nos nombreux comptoirs.\",\"sameAs\":[\"https:\\\/\\\/www.gold.fr\"]}]}<\/script>\n<!-- \/ Yoast SEO plugin. -->","yoast_head_json":{"title":"L'once stabilise, avant une semaine tr\u00e8s charg\u00e9e","description":"La premi\u00e8re s\u00e9ance de la semaine a, certes, \u00e9t\u00e9 calme, mais le reste de son programme hebdomadaire promet d'\u00eatre particuli\u00e8rement mouveme...","robots":{"index":"index","follow":"follow","max-snippet":"max-snippet:-1","max-image-preview":"max-image-preview:large","max-video-preview":"max-video-preview:-1"},"canonical":"https:\/\/www.gold.fr\/news\/2016\/07\/19\/lonce-stabilise-semaine-tres-chargee\/","og_locale":"fr_FR","og_type":"article","og_title":"L'once stabilise, avant une semaine tr\u00e8s charg\u00e9e","og_description":"La premi\u00e8re s\u00e9ance de la semaine a, certes, \u00e9t\u00e9 calme, mais le reste de son programme hebdomadaire promet d'\u00eatre particuli\u00e8rement mouveme...","og_url":"https:\/\/www.gold.fr\/news\/2016\/07\/19\/lonce-stabilise-semaine-tres-chargee\/","og_site_name":"Gold.fr","article_publisher":"https:\/\/www.facebook.com\/Goldfr\/","article_published_time":"2016-07-19T11:00:01+00:00","article_modified_time":"2018-07-04T10:47:30+00:00","og_image":[{"width":493,"height":328,"url":"https:\/\/www.gold.fr\/news\/wp-content\/uploads\/2016\/05\/Once-dor.jpg","type":"image\/jpeg"}],"author":"Comptoir National de l'Or","twitter_card":"summary_large_image","twitter_misc":{"\u00c9crit par":"Comptoir National de l'Or","Dur\u00e9e de lecture estim\u00e9e":"1 minute"},"schema":{"@context":"https:\/\/schema.org","@graph":[{"@type":"Article","@id":"https:\/\/www.gold.fr\/news\/2016\/07\/19\/lonce-stabilise-semaine-tres-chargee\/#article","isPartOf":{"@id":"https:\/\/www.gold.fr\/news\/2016\/07\/19\/lonce-stabilise-semaine-tres-chargee\/"},"author":{"name":"Comptoir National de l'Or","@id":"https:\/\/www.gold.fr\/news\/#\/schema\/person\/070491b4b4fb7671bf59b3be20302ce9"},"headline":"L&rsquo;once stabilise, avant une semaine tr\u00e8s charg\u00e9e","datePublished":"2016-07-19T11:00:01+00:00","dateModified":"2018-07-04T10:47:30+00:00","mainEntityOfPage":{"@id":"https:\/\/www.gold.fr\/news\/2016\/07\/19\/lonce-stabilise-semaine-tres-chargee\/"},"wordCount":264,"commentCount":0,"image":{"@id":"https:\/\/www.gold.fr\/news\/2016\/07\/19\/lonce-stabilise-semaine-tres-chargee\/#primaryimage"},"thumbnailUrl":"https:\/\/www.gold.fr\/news\/wp-content\/uploads\/2016\/05\/Once-dor.jpg","keywords":["cours de l'or de bourse","Tout Cours de l'Or"],"articleSection":["Flash infos"],"inLanguage":"fr-FR"},{"@type":"WebPage","@id":"https:\/\/www.gold.fr\/news\/2016\/07\/19\/lonce-stabilise-semaine-tres-chargee\/","url":"https:\/\/www.gold.fr\/news\/2016\/07\/19\/lonce-stabilise-semaine-tres-chargee\/","name":"L'once stabilise, avant une semaine tr\u00e8s charg\u00e9e","isPartOf":{"@id":"https:\/\/www.gold.fr\/news\/#website"},"primaryImageOfPage":{"@id":"https:\/\/www.gold.fr\/news\/2016\/07\/19\/lonce-stabilise-semaine-tres-chargee\/#primaryimage"},"image":{"@id":"https:\/\/www.gold.fr\/news\/2016\/07\/19\/lonce-stabilise-semaine-tres-chargee\/#primaryimage"},"thumbnailUrl":"https:\/\/www.gold.fr\/news\/wp-content\/uploads\/2016\/05\/Once-dor.jpg","datePublished":"2016-07-19T11:00:01+00:00","dateModified":"2018-07-04T10:47:30+00:00","author":{"@id":"https:\/\/www.gold.fr\/news\/#\/schema\/person\/070491b4b4fb7671bf59b3be20302ce9"},"description":"La premi\u00e8re s\u00e9ance de la semaine a, certes, \u00e9t\u00e9 calme, mais le reste de son programme hebdomadaire promet d'\u00eatre particuli\u00e8rement mouveme...","breadcrumb":{"@id":"https:\/\/www.gold.fr\/news\/2016\/07\/19\/lonce-stabilise-semaine-tres-chargee\/#breadcrumb"},"inLanguage":"fr-FR","potentialAction":[{"@type":"ReadAction","target":["https:\/\/www.gold.fr\/news\/2016\/07\/19\/lonce-stabilise-semaine-tres-chargee\/"]}]},{"@type":"ImageObject","inLanguage":"fr-FR","@id":"https:\/\/www.gold.fr\/news\/2016\/07\/19\/lonce-stabilise-semaine-tres-chargee\/#primaryimage","url":"https:\/\/www.gold.fr\/news\/wp-content\/uploads\/2016\/05\/Once-dor.jpg","contentUrl":"https:\/\/www.gold.fr\/news\/wp-content\/uploads\/2016\/05\/Once-dor.jpg","width":493,"height":328,"caption":"L'once campe sur ses positions"},{"@type":"BreadcrumbList","@id":"https:\/\/www.gold.fr\/news\/2016\/07\/19\/lonce-stabilise-semaine-tres-chargee\/#breadcrumb","itemListElement":[{"@type":"ListItem","position":1,"name":"Accueil","item":"https:\/\/www.gold.fr\/"},{"@type":"ListItem","position":2,"name":"Actualit\u00e9s","item":"https:\/\/www.gold.fr\/news\/"},{"@type":"ListItem","position":3,"name":"L&rsquo;once stabilise, avant une semaine tr\u00e8s charg\u00e9e"}]},{"@type":"WebSite","@id":"https:\/\/www.gold.fr\/news\/#website","url":"https:\/\/www.gold.fr\/news\/","name":"Gold.fr","description":"Actualit\u00e9s de l&#039;Or et des m\u00e9taux pr\u00e9cieux","potentialAction":[{"@type":"SearchAction","target":{"@type":"EntryPoint","urlTemplate":"https:\/\/www.gold.fr\/news\/?s={search_term_string}"},"query-input":{"@type":"PropertyValueSpecification","valueRequired":true,"valueName":"search_term_string"}}],"inLanguage":"fr-FR"},{"@type":"Person","@id":"https:\/\/www.gold.fr\/news\/#\/schema\/person\/070491b4b4fb7671bf59b3be20302ce9","name":"Comptoir National de l'Or","image":{"@type":"ImageObject","inLanguage":"fr-FR","@id":"https:\/\/secure.gravatar.com\/avatar\/0a2867fd5abe37bed95d5a65e9d58f01756e11efc68af9888dfc50cfa7f65948?s=96&d=mm&r=gb490554db0a38188709de567aa58480d","url":"https:\/\/secure.gravatar.com\/avatar\/0a2867fd5abe37bed95d5a65e9d58f01756e11efc68af9888dfc50cfa7f65948?s=96&d=mm&r=g","contentUrl":"https:\/\/secure.gravatar.com\/avatar\/0a2867fd5abe37bed95d5a65e9d58f01756e11efc68af9888dfc50cfa7f65948?s=96&d=mm&r=g","caption":"Comptoir National de l'Or"},"description":"Notre r\u00e9daction est constitu\u00e9e de membres experts dans les m\u00e9tiers de l'\u00e9conomie et la gestion, des Responsables d'agence Comptoir National de l'Or, des analystes financiers qui publient r\u00e9guli\u00e8rement des \u00e9tudes sur les politiques des banques centrales, le cours de l'or, prix de l'or, cours de l'argent, prix de l'argent, cours du platine, cours du palladium,... la situation en zone euro et l'impact de la strat\u00e9gie mon\u00e9taire de la FED. Notre \u00e9quipe scrute \u00e9galement une information plus g\u00e9n\u00e9raliste \u00e0 la recherche d'actualit\u00e9 \"p\u00e9pite\" \u00e0 vous partager. Depuis 5 ans, nous avons publi\u00e9 un peu plus de 4000 articles qui s'adressent \u00e0 un public large et vari\u00e9 ayant pour objectif de satisfaire votre curiosit\u00e9 et de partager avec vous une certaine fascination pour le m\u00e9tal jaune, le rachat d'or, et pour ceux qui veulent investir dans l'or, vendre leur or tout simplement en savoir plus... Pour tous vos achat or et argent, n'h\u00e9sitez pas \u00e0 prendre rendez-vous dans l'un de nos nombreux comptoirs.","sameAs":["https:\/\/www.gold.fr"]}]}},"authors":[{"term_id":2565,"user_id":18,"is_guest":0,"slug":"julie","display_name":"Comptoir National de l'Or","avatar_url":"https:\/\/secure.gravatar.com\/avatar\/713f289e398d35ead876c4a4cc08607f0d6d266058cfc25683fffb6092d0e572?s=96&d=mm&r=g","0":null,"1":"","2":"","3":"","4":"","5":"","6":"","7":"","8":""}],"_links":{"self":[{"href":"https:\/\/www.gold.fr\/news\/wp-json\/wp\/v2\/posts\/19850","targetHints":{"allow":["GET"]}}],"collection":[{"href":"https:\/\/www.gold.fr\/news\/wp-json\/wp\/v2\/posts"}],"about":[{"href":"https:\/\/www.gold.fr\/news\/wp-json\/wp\/v2\/types\/post"}],"author":[{"embeddable":true,"href":"https:\/\/www.gold.fr\/news\/wp-json\/wp\/v2\/users\/18"}],"replies":[{"embeddable":true,"href":"https:\/\/www.gold.fr\/news\/wp-json\/wp\/v2\/comments?post=19850"}],"version-history":[{"count":0,"href":"https:\/\/www.gold.fr\/news\/wp-json\/wp\/v2\/posts\/19850\/revisions"}],"wp:featuredmedia":[{"embeddable":true,"href":"https:\/\/www.gold.fr\/news\/wp-json\/wp\/v2\/media\/32033"}],"wp:attachment":[{"href":"https:\/\/www.gold.fr\/news\/wp-json\/wp\/v2\/media?parent=19850"}],"wp:term":[{"taxonomy":"category","embeddable":true,"href":"https:\/\/www.gold.fr\/news\/wp-json\/wp\/v2\/categories?post=19850"},{"taxonomy":"post_tag","embeddable":true,"href":"https:\/\/www.gold.fr\/news\/wp-json\/wp\/v2\/tags?post=19850"},{"taxonomy":"author","embeddable":true,"href":"https:\/\/www.gold.fr\/news\/wp-json\/wp\/v2\/ppma_author?post=19850"}],"curies":[{"name":"wp","href":"https:\/\/api.w.org\/{rel}","templated":true}]}}