{"id":19825,"date":"2016-07-13T13:00:05","date_gmt":"2016-07-13T11:00:05","guid":{"rendered":"https:\/\/www.gold.fr\/news\/?p=19825"},"modified":"2018-07-05T09:46:07","modified_gmt":"2018-07-05T07:46:07","slug":"stagnation-de-lonce-fond-de-retour-doptimisme","status":"publish","type":"post","link":"https:\/\/www.gold.fr\/news\/2016\/07\/13\/stagnation-de-lonce-fond-de-retour-doptimisme\/","title":{"rendered":"Stagnation de l&rsquo;once, sur fond de retour d&rsquo;optimisme"},"content":{"rendered":"<p><img loading=\"lazy\" decoding=\"async\" class=\"alignleft wp-image-7494 size-thumbnail\" title=\"Stagnation de l'once, sur fond de retour d'optimisme\" src=\"https:\/\/www.gold.fr\/news\/wp-content\/uploads\/2012\/05\/10-once-d-or-150x150.jpg\" alt=\"Stagnation de l'once, sur fond de retour d'optimisme\" width=\"150\" height=\"150\" \/>Les performances des march\u00e9s am\u00e9ricains et europ\u00e9ens demeurent, certes, encore partag\u00e9es, mais la <a class=\"esk-seo-plu-link\" href=\"https:\/\/www.gold.fr\/news\/tags\/investissement\">tendance<\/a> g\u00e9n\u00e9rale est clairement \u00e0 l&rsquo;optimisme. Les espoirs des op\u00e9rateurs sont grands et m\u00eame assez justifi\u00e9s, qu&rsquo;il s&rsquo;agisse du dossier &lsquo;<em>Brexit<\/em>&lsquo; ou de la politique mon\u00e9taire de la <strong>FED<\/strong>.<\/p>\n<p>Une conjoncture qui a donc naturellement <a class=\"esk-seo-plu-link\" href=\"https:\/\/www.gold.fr\/news\/tags\/investissement\">tendance<\/a> \u00e0 plomber temporairement les prix des <a class=\"esk-seo-plu-link\" href=\"https:\/\/www.gold.fr\/news\/tags\/investissement\">valeurs refuge<\/a>. La r\u00e9serve f\u00e9d\u00e9rale am\u00e9ricaine revient en effet sur le devant de la sc\u00e8ne, avec un regain d&rsquo;espoir concernant l&rsquo;avenir de sa strat\u00e9gie mon\u00e9taire, pour l&rsquo;ann\u00e9e 2016. En d\u00e9pit du r\u00e9cent rapport positif sur l&#8217;emploi du pays, la dominance, au sein du <strong>FOMC<\/strong>, semble effectivement pencher \u00e0 nouveau du c\u00f4t\u00e9 des &lsquo;<em>colombes<\/em>&lsquo;.<\/p>\n<p>Les observateurs rapportent en effet que \u00ab\u00a0<em>m\u00eame James Bullard, qui fut longtemps consid\u00e9r\u00e9 comme un \u00ab\u00a0faucon\u00a0\u00bb \u00e0 la FED, estime d\u00e9sormais qu&rsquo;une seule hausse de taux devrait suffire en 2016 \u00bb<\/em>. Rappelons que <strong>Bullard<\/strong> avait longtemps d\u00e9fendu le sc\u00e9nario de 4 rel\u00e8vements de taux annuels, \u00e0 la fin de l&rsquo;ann\u00e9e derni\u00e8re. Cette prudence de la <strong>FED<\/strong> cr\u00e9\u00e9 pourtant un contraste avec l&rsquo;euphorie actuelle des march\u00e9s <strong>US<\/strong> et les records historiques que <strong>Wall Street<\/strong> ne cesse d&rsquo;aligner, depuis le d\u00e9but de la semaine. Preuve, probablement, que ce rallye haussier demeure pr\u00e9caire et conjoncturel.<\/p>\n<p>Dans ce contexte, l&rsquo;<a class=\"esk-seo-plu-link\" href=\"https:\/\/www.gold.fr\/news\/tags\/or\">or<\/a> ouvre la s\u00e9ance de ce mercredi <strong>13 juillet 2016<\/strong> avec un <a href=\"https:\/\/www.gold.fr\/cours-or-prix-de-l-or\/\" target=\"_blank\" rel=\"noopener\">cours<\/a> de <strong>1,343.30 <a class=\"esk-seo-plu-link\" href=\"https:\/\/www.gold.fr\/news\/tags\/investissement\">dollars<\/a><\/strong> <a href=\"https:\/\/www.gold.fr\/once-or-nyc\/\" target=\"_blank\" rel=\"noopener\">l&rsquo;once<\/a>.<\/p>\n<!-- AddThis Advanced Settings generic via filter on the_content --><!-- AddThis Share Buttons generic via filter on the_content -->","protected":false},"excerpt":{"rendered":"<p>Les performances des march\u00e9s am\u00e9ricains et europ\u00e9ens demeurent, certes, encore partag\u00e9es, mais la tendance g\u00e9n\u00e9rale est clairement \u00e0 l&rsquo;optimisme. Les espoirs des op\u00e9rateurs sont grands et m\u00eame assez justifi\u00e9s, qu&rsquo;il s&rsquo;agisse du dossier &lsquo;Brexit&lsquo; ou de [&hellip;]<\/p>\n","protected":false},"author":18,"featured_media":7494,"comment_status":"open","ping_status":"open","sticky":false,"template":"","format":"standard","meta":{"_mbp_gutenberg_autopost":false,"_pgmb_is_evergreen":false,"_pgmb_ap_template_id":0,"footnotes":""},"categories":[5],"tags":[385,84],"ppma_author":[2565],"class_list":["post-19825","post","type-post","status-publish","format-standard","has-post-thumbnail","hentry","category-flash-infos","tag-cours-de-lor-de-bourse","tag-cours-de-lor"],"yoast_head":"<!-- This site is optimized with the Yoast SEO plugin v27.5 - https:\/\/yoast.com\/product\/yoast-seo-wordpress\/ -->\n<title>Stagnation de l&#039;once, sur fond de retour d&#039;optimisme<\/title>\n<meta name=\"description\" content=\"Les performances des march\u00e9s am\u00e9ricains et europ\u00e9ens demeurent, certes, encore partag\u00e9es, mais la tendance g\u00e9n\u00e9rale est clairement \u00e0 ...\" \/>\n<meta name=\"robots\" content=\"index, follow, max-snippet:-1, max-image-preview:large, max-video-preview:-1\" \/>\n<link rel=\"canonical\" href=\"https:\/\/www.gold.fr\/news\/2016\/07\/13\/stagnation-de-lonce-fond-de-retour-doptimisme\/\" \/>\n<meta property=\"og:locale\" content=\"fr_FR\" \/>\n<meta property=\"og:type\" content=\"article\" \/>\n<meta property=\"og:title\" content=\"Stagnation de l&#039;once, sur fond de retour d&#039;optimisme\" \/>\n<meta property=\"og:description\" content=\"Les performances des march\u00e9s am\u00e9ricains et europ\u00e9ens demeurent, certes, encore partag\u00e9es, mais la tendance g\u00e9n\u00e9rale est clairement \u00e0 ...\" \/>\n<meta property=\"og:url\" content=\"https:\/\/www.gold.fr\/news\/2016\/07\/13\/stagnation-de-lonce-fond-de-retour-doptimisme\/\" \/>\n<meta property=\"og:site_name\" content=\"Gold.fr\" \/>\n<meta property=\"article:publisher\" content=\"https:\/\/www.facebook.com\/Goldfr\/\" \/>\n<meta property=\"article:published_time\" content=\"2016-07-13T11:00:05+00:00\" \/>\n<meta property=\"article:modified_time\" content=\"2018-07-05T07:46:07+00:00\" \/>\n<meta property=\"og:image\" content=\"https:\/\/www.gold.fr\/news\/wp-content\/uploads\/2012\/05\/10-once-d-or.jpg\" \/>\n\t<meta property=\"og:image:width\" content=\"600\" \/>\n\t<meta property=\"og:image:height\" content=\"491\" \/>\n\t<meta property=\"og:image:type\" content=\"image\/jpeg\" \/>\n<meta name=\"author\" content=\"Comptoir National de l&#039;Or\" \/>\n<meta name=\"twitter:card\" content=\"summary_large_image\" \/>\n<meta name=\"twitter:label1\" content=\"\u00c9crit par\" \/>\n\t<meta name=\"twitter:data1\" content=\"Comptoir National de l&#039;Or\" \/>\n\t<meta name=\"twitter:label2\" content=\"Dur\u00e9e de lecture estim\u00e9e\" \/>\n\t<meta name=\"twitter:data2\" content=\"1 minute\" \/>\n<script type=\"application\/ld+json\" class=\"yoast-schema-graph\">{\"@context\":\"https:\\\/\\\/schema.org\",\"@graph\":[{\"@type\":\"Article\",\"@id\":\"https:\\\/\\\/www.gold.fr\\\/news\\\/2016\\\/07\\\/13\\\/stagnation-de-lonce-fond-de-retour-doptimisme\\\/#article\",\"isPartOf\":{\"@id\":\"https:\\\/\\\/www.gold.fr\\\/news\\\/2016\\\/07\\\/13\\\/stagnation-de-lonce-fond-de-retour-doptimisme\\\/\"},\"author\":{\"name\":\"Comptoir National de l'Or\",\"@id\":\"https:\\\/\\\/www.gold.fr\\\/news\\\/#\\\/schema\\\/person\\\/070491b4b4fb7671bf59b3be20302ce9\"},\"headline\":\"Stagnation de l&rsquo;once, sur fond de retour d&rsquo;optimisme\",\"datePublished\":\"2016-07-13T11:00:05+00:00\",\"dateModified\":\"2018-07-05T07:46:07+00:00\",\"mainEntityOfPage\":{\"@id\":\"https:\\\/\\\/www.gold.fr\\\/news\\\/2016\\\/07\\\/13\\\/stagnation-de-lonce-fond-de-retour-doptimisme\\\/\"},\"wordCount\":264,\"commentCount\":0,\"image\":{\"@id\":\"https:\\\/\\\/www.gold.fr\\\/news\\\/2016\\\/07\\\/13\\\/stagnation-de-lonce-fond-de-retour-doptimisme\\\/#primaryimage\"},\"thumbnailUrl\":\"https:\\\/\\\/www.gold.fr\\\/news\\\/wp-content\\\/uploads\\\/2012\\\/05\\\/10-once-d-or.jpg\",\"keywords\":[\"cours de l'or de bourse\",\"Tout Cours de l'Or\"],\"articleSection\":[\"Flash infos\"],\"inLanguage\":\"fr-FR\"},{\"@type\":\"WebPage\",\"@id\":\"https:\\\/\\\/www.gold.fr\\\/news\\\/2016\\\/07\\\/13\\\/stagnation-de-lonce-fond-de-retour-doptimisme\\\/\",\"url\":\"https:\\\/\\\/www.gold.fr\\\/news\\\/2016\\\/07\\\/13\\\/stagnation-de-lonce-fond-de-retour-doptimisme\\\/\",\"name\":\"Stagnation de l'once, sur fond de retour d'optimisme\",\"isPartOf\":{\"@id\":\"https:\\\/\\\/www.gold.fr\\\/news\\\/#website\"},\"primaryImageOfPage\":{\"@id\":\"https:\\\/\\\/www.gold.fr\\\/news\\\/2016\\\/07\\\/13\\\/stagnation-de-lonce-fond-de-retour-doptimisme\\\/#primaryimage\"},\"image\":{\"@id\":\"https:\\\/\\\/www.gold.fr\\\/news\\\/2016\\\/07\\\/13\\\/stagnation-de-lonce-fond-de-retour-doptimisme\\\/#primaryimage\"},\"thumbnailUrl\":\"https:\\\/\\\/www.gold.fr\\\/news\\\/wp-content\\\/uploads\\\/2012\\\/05\\\/10-once-d-or.jpg\",\"datePublished\":\"2016-07-13T11:00:05+00:00\",\"dateModified\":\"2018-07-05T07:46:07+00:00\",\"author\":{\"@id\":\"https:\\\/\\\/www.gold.fr\\\/news\\\/#\\\/schema\\\/person\\\/070491b4b4fb7671bf59b3be20302ce9\"},\"description\":\"Les performances des march\u00e9s am\u00e9ricains et europ\u00e9ens demeurent, certes, encore partag\u00e9es, mais la tendance g\u00e9n\u00e9rale est clairement \u00e0 ...\",\"breadcrumb\":{\"@id\":\"https:\\\/\\\/www.gold.fr\\\/news\\\/2016\\\/07\\\/13\\\/stagnation-de-lonce-fond-de-retour-doptimisme\\\/#breadcrumb\"},\"inLanguage\":\"fr-FR\",\"potentialAction\":[{\"@type\":\"ReadAction\",\"target\":[\"https:\\\/\\\/www.gold.fr\\\/news\\\/2016\\\/07\\\/13\\\/stagnation-de-lonce-fond-de-retour-doptimisme\\\/\"]}]},{\"@type\":\"ImageObject\",\"inLanguage\":\"fr-FR\",\"@id\":\"https:\\\/\\\/www.gold.fr\\\/news\\\/2016\\\/07\\\/13\\\/stagnation-de-lonce-fond-de-retour-doptimisme\\\/#primaryimage\",\"url\":\"https:\\\/\\\/www.gold.fr\\\/news\\\/wp-content\\\/uploads\\\/2012\\\/05\\\/10-once-d-or.jpg\",\"contentUrl\":\"https:\\\/\\\/www.gold.fr\\\/news\\\/wp-content\\\/uploads\\\/2012\\\/05\\\/10-once-d-or.jpg\",\"width\":\"600\",\"height\":\"491\",\"caption\":\"D\u00e9but de semaine en \u00e9quilibre pour l\u2019once d\u2019or\"},{\"@type\":\"BreadcrumbList\",\"@id\":\"https:\\\/\\\/www.gold.fr\\\/news\\\/2016\\\/07\\\/13\\\/stagnation-de-lonce-fond-de-retour-doptimisme\\\/#breadcrumb\",\"itemListElement\":[{\"@type\":\"ListItem\",\"position\":1,\"name\":\"Accueil\",\"item\":\"https:\\\/\\\/www.gold.fr\\\/\"},{\"@type\":\"ListItem\",\"position\":2,\"name\":\"Actualit\u00e9s\",\"item\":\"https:\\\/\\\/www.gold.fr\\\/news\\\/\"},{\"@type\":\"ListItem\",\"position\":3,\"name\":\"Stagnation de l&rsquo;once, sur fond de retour d&rsquo;optimisme\"}]},{\"@type\":\"WebSite\",\"@id\":\"https:\\\/\\\/www.gold.fr\\\/news\\\/#website\",\"url\":\"https:\\\/\\\/www.gold.fr\\\/news\\\/\",\"name\":\"Gold.fr\",\"description\":\"Actualit\u00e9s de l&#039;Or et des m\u00e9taux pr\u00e9cieux\",\"potentialAction\":[{\"@type\":\"SearchAction\",\"target\":{\"@type\":\"EntryPoint\",\"urlTemplate\":\"https:\\\/\\\/www.gold.fr\\\/news\\\/?s={search_term_string}\"},\"query-input\":{\"@type\":\"PropertyValueSpecification\",\"valueRequired\":true,\"valueName\":\"search_term_string\"}}],\"inLanguage\":\"fr-FR\"},{\"@type\":\"Person\",\"@id\":\"https:\\\/\\\/www.gold.fr\\\/news\\\/#\\\/schema\\\/person\\\/070491b4b4fb7671bf59b3be20302ce9\",\"name\":\"Comptoir National de l'Or\",\"image\":{\"@type\":\"ImageObject\",\"inLanguage\":\"fr-FR\",\"@id\":\"https:\\\/\\\/secure.gravatar.com\\\/avatar\\\/0a2867fd5abe37bed95d5a65e9d58f01756e11efc68af9888dfc50cfa7f65948?s=96&d=mm&r=gb490554db0a38188709de567aa58480d\",\"url\":\"https:\\\/\\\/secure.gravatar.com\\\/avatar\\\/0a2867fd5abe37bed95d5a65e9d58f01756e11efc68af9888dfc50cfa7f65948?s=96&d=mm&r=g\",\"contentUrl\":\"https:\\\/\\\/secure.gravatar.com\\\/avatar\\\/0a2867fd5abe37bed95d5a65e9d58f01756e11efc68af9888dfc50cfa7f65948?s=96&d=mm&r=g\",\"caption\":\"Comptoir National de l'Or\"},\"description\":\"Notre r\u00e9daction est constitu\u00e9e de membres experts dans les m\u00e9tiers de l'\u00e9conomie et la gestion, des Responsables d'agence Comptoir National de l'Or, des analystes financiers qui publient r\u00e9guli\u00e8rement des \u00e9tudes sur les politiques des banques centrales, le cours de l'or, prix de l'or, cours de l'argent, prix de l'argent, cours du platine, cours du palladium,... la situation en zone euro et l'impact de la strat\u00e9gie mon\u00e9taire de la FED. Notre \u00e9quipe scrute \u00e9galement une information plus g\u00e9n\u00e9raliste \u00e0 la recherche d'actualit\u00e9 \\\"p\u00e9pite\\\" \u00e0 vous partager. Depuis 5 ans, nous avons publi\u00e9 un peu plus de 4000 articles qui s'adressent \u00e0 un public large et vari\u00e9 ayant pour objectif de satisfaire votre curiosit\u00e9 et de partager avec vous une certaine fascination pour le m\u00e9tal jaune, le rachat d'or, et pour ceux qui veulent investir dans l'or, vendre leur or tout simplement en savoir plus... Pour tous vos achat or et argent, n'h\u00e9sitez pas \u00e0 prendre rendez-vous dans l'un de nos nombreux comptoirs.\",\"sameAs\":[\"https:\\\/\\\/www.gold.fr\"]}]}<\/script>\n<!-- \/ Yoast SEO plugin. -->","yoast_head_json":{"title":"Stagnation de l'once, sur fond de retour d'optimisme","description":"Les performances des march\u00e9s am\u00e9ricains et europ\u00e9ens demeurent, certes, encore partag\u00e9es, mais la tendance g\u00e9n\u00e9rale est clairement \u00e0 ...","robots":{"index":"index","follow":"follow","max-snippet":"max-snippet:-1","max-image-preview":"max-image-preview:large","max-video-preview":"max-video-preview:-1"},"canonical":"https:\/\/www.gold.fr\/news\/2016\/07\/13\/stagnation-de-lonce-fond-de-retour-doptimisme\/","og_locale":"fr_FR","og_type":"article","og_title":"Stagnation de l'once, sur fond de retour d'optimisme","og_description":"Les performances des march\u00e9s am\u00e9ricains et europ\u00e9ens demeurent, certes, encore partag\u00e9es, mais la tendance g\u00e9n\u00e9rale est clairement \u00e0 ...","og_url":"https:\/\/www.gold.fr\/news\/2016\/07\/13\/stagnation-de-lonce-fond-de-retour-doptimisme\/","og_site_name":"Gold.fr","article_publisher":"https:\/\/www.facebook.com\/Goldfr\/","article_published_time":"2016-07-13T11:00:05+00:00","article_modified_time":"2018-07-05T07:46:07+00:00","og_image":[{"width":600,"height":491,"url":"https:\/\/www.gold.fr\/news\/wp-content\/uploads\/2012\/05\/10-once-d-or.jpg","type":"image\/jpeg"}],"author":"Comptoir National de l'Or","twitter_card":"summary_large_image","twitter_misc":{"\u00c9crit par":"Comptoir National de l'Or","Dur\u00e9e de lecture estim\u00e9e":"1 minute"},"schema":{"@context":"https:\/\/schema.org","@graph":[{"@type":"Article","@id":"https:\/\/www.gold.fr\/news\/2016\/07\/13\/stagnation-de-lonce-fond-de-retour-doptimisme\/#article","isPartOf":{"@id":"https:\/\/www.gold.fr\/news\/2016\/07\/13\/stagnation-de-lonce-fond-de-retour-doptimisme\/"},"author":{"name":"Comptoir National de l'Or","@id":"https:\/\/www.gold.fr\/news\/#\/schema\/person\/070491b4b4fb7671bf59b3be20302ce9"},"headline":"Stagnation de l&rsquo;once, sur fond de retour d&rsquo;optimisme","datePublished":"2016-07-13T11:00:05+00:00","dateModified":"2018-07-05T07:46:07+00:00","mainEntityOfPage":{"@id":"https:\/\/www.gold.fr\/news\/2016\/07\/13\/stagnation-de-lonce-fond-de-retour-doptimisme\/"},"wordCount":264,"commentCount":0,"image":{"@id":"https:\/\/www.gold.fr\/news\/2016\/07\/13\/stagnation-de-lonce-fond-de-retour-doptimisme\/#primaryimage"},"thumbnailUrl":"https:\/\/www.gold.fr\/news\/wp-content\/uploads\/2012\/05\/10-once-d-or.jpg","keywords":["cours de l'or de bourse","Tout Cours de l'Or"],"articleSection":["Flash infos"],"inLanguage":"fr-FR"},{"@type":"WebPage","@id":"https:\/\/www.gold.fr\/news\/2016\/07\/13\/stagnation-de-lonce-fond-de-retour-doptimisme\/","url":"https:\/\/www.gold.fr\/news\/2016\/07\/13\/stagnation-de-lonce-fond-de-retour-doptimisme\/","name":"Stagnation de l'once, sur fond de retour d'optimisme","isPartOf":{"@id":"https:\/\/www.gold.fr\/news\/#website"},"primaryImageOfPage":{"@id":"https:\/\/www.gold.fr\/news\/2016\/07\/13\/stagnation-de-lonce-fond-de-retour-doptimisme\/#primaryimage"},"image":{"@id":"https:\/\/www.gold.fr\/news\/2016\/07\/13\/stagnation-de-lonce-fond-de-retour-doptimisme\/#primaryimage"},"thumbnailUrl":"https:\/\/www.gold.fr\/news\/wp-content\/uploads\/2012\/05\/10-once-d-or.jpg","datePublished":"2016-07-13T11:00:05+00:00","dateModified":"2018-07-05T07:46:07+00:00","author":{"@id":"https:\/\/www.gold.fr\/news\/#\/schema\/person\/070491b4b4fb7671bf59b3be20302ce9"},"description":"Les performances des march\u00e9s am\u00e9ricains et europ\u00e9ens demeurent, certes, encore partag\u00e9es, mais la tendance g\u00e9n\u00e9rale est clairement \u00e0 ...","breadcrumb":{"@id":"https:\/\/www.gold.fr\/news\/2016\/07\/13\/stagnation-de-lonce-fond-de-retour-doptimisme\/#breadcrumb"},"inLanguage":"fr-FR","potentialAction":[{"@type":"ReadAction","target":["https:\/\/www.gold.fr\/news\/2016\/07\/13\/stagnation-de-lonce-fond-de-retour-doptimisme\/"]}]},{"@type":"ImageObject","inLanguage":"fr-FR","@id":"https:\/\/www.gold.fr\/news\/2016\/07\/13\/stagnation-de-lonce-fond-de-retour-doptimisme\/#primaryimage","url":"https:\/\/www.gold.fr\/news\/wp-content\/uploads\/2012\/05\/10-once-d-or.jpg","contentUrl":"https:\/\/www.gold.fr\/news\/wp-content\/uploads\/2012\/05\/10-once-d-or.jpg","width":"600","height":"491","caption":"D\u00e9but de semaine en \u00e9quilibre pour l\u2019once d\u2019or"},{"@type":"BreadcrumbList","@id":"https:\/\/www.gold.fr\/news\/2016\/07\/13\/stagnation-de-lonce-fond-de-retour-doptimisme\/#breadcrumb","itemListElement":[{"@type":"ListItem","position":1,"name":"Accueil","item":"https:\/\/www.gold.fr\/"},{"@type":"ListItem","position":2,"name":"Actualit\u00e9s","item":"https:\/\/www.gold.fr\/news\/"},{"@type":"ListItem","position":3,"name":"Stagnation de l&rsquo;once, sur fond de retour d&rsquo;optimisme"}]},{"@type":"WebSite","@id":"https:\/\/www.gold.fr\/news\/#website","url":"https:\/\/www.gold.fr\/news\/","name":"Gold.fr","description":"Actualit\u00e9s de l&#039;Or et des m\u00e9taux pr\u00e9cieux","potentialAction":[{"@type":"SearchAction","target":{"@type":"EntryPoint","urlTemplate":"https:\/\/www.gold.fr\/news\/?s={search_term_string}"},"query-input":{"@type":"PropertyValueSpecification","valueRequired":true,"valueName":"search_term_string"}}],"inLanguage":"fr-FR"},{"@type":"Person","@id":"https:\/\/www.gold.fr\/news\/#\/schema\/person\/070491b4b4fb7671bf59b3be20302ce9","name":"Comptoir National de l'Or","image":{"@type":"ImageObject","inLanguage":"fr-FR","@id":"https:\/\/secure.gravatar.com\/avatar\/0a2867fd5abe37bed95d5a65e9d58f01756e11efc68af9888dfc50cfa7f65948?s=96&d=mm&r=gb490554db0a38188709de567aa58480d","url":"https:\/\/secure.gravatar.com\/avatar\/0a2867fd5abe37bed95d5a65e9d58f01756e11efc68af9888dfc50cfa7f65948?s=96&d=mm&r=g","contentUrl":"https:\/\/secure.gravatar.com\/avatar\/0a2867fd5abe37bed95d5a65e9d58f01756e11efc68af9888dfc50cfa7f65948?s=96&d=mm&r=g","caption":"Comptoir National de l'Or"},"description":"Notre r\u00e9daction est constitu\u00e9e de membres experts dans les m\u00e9tiers de l'\u00e9conomie et la gestion, des Responsables d'agence Comptoir National de l'Or, des analystes financiers qui publient r\u00e9guli\u00e8rement des \u00e9tudes sur les politiques des banques centrales, le cours de l'or, prix de l'or, cours de l'argent, prix de l'argent, cours du platine, cours du palladium,... la situation en zone euro et l'impact de la strat\u00e9gie mon\u00e9taire de la FED. Notre \u00e9quipe scrute \u00e9galement une information plus g\u00e9n\u00e9raliste \u00e0 la recherche d'actualit\u00e9 \"p\u00e9pite\" \u00e0 vous partager. Depuis 5 ans, nous avons publi\u00e9 un peu plus de 4000 articles qui s'adressent \u00e0 un public large et vari\u00e9 ayant pour objectif de satisfaire votre curiosit\u00e9 et de partager avec vous une certaine fascination pour le m\u00e9tal jaune, le rachat d'or, et pour ceux qui veulent investir dans l'or, vendre leur or tout simplement en savoir plus... Pour tous vos achat or et argent, n'h\u00e9sitez pas \u00e0 prendre rendez-vous dans l'un de nos nombreux comptoirs.","sameAs":["https:\/\/www.gold.fr"]}]}},"authors":[{"term_id":2565,"user_id":18,"is_guest":0,"slug":"julie","display_name":"Comptoir National de l'Or","avatar_url":"https:\/\/secure.gravatar.com\/avatar\/713f289e398d35ead876c4a4cc08607f0d6d266058cfc25683fffb6092d0e572?s=96&d=mm&r=g","0":null,"1":"","2":"","3":"","4":"","5":"","6":"","7":"","8":""}],"_links":{"self":[{"href":"https:\/\/www.gold.fr\/news\/wp-json\/wp\/v2\/posts\/19825","targetHints":{"allow":["GET"]}}],"collection":[{"href":"https:\/\/www.gold.fr\/news\/wp-json\/wp\/v2\/posts"}],"about":[{"href":"https:\/\/www.gold.fr\/news\/wp-json\/wp\/v2\/types\/post"}],"author":[{"embeddable":true,"href":"https:\/\/www.gold.fr\/news\/wp-json\/wp\/v2\/users\/18"}],"replies":[{"embeddable":true,"href":"https:\/\/www.gold.fr\/news\/wp-json\/wp\/v2\/comments?post=19825"}],"version-history":[{"count":0,"href":"https:\/\/www.gold.fr\/news\/wp-json\/wp\/v2\/posts\/19825\/revisions"}],"wp:featuredmedia":[{"embeddable":true,"href":"https:\/\/www.gold.fr\/news\/wp-json\/wp\/v2\/media\/7494"}],"wp:attachment":[{"href":"https:\/\/www.gold.fr\/news\/wp-json\/wp\/v2\/media?parent=19825"}],"wp:term":[{"taxonomy":"category","embeddable":true,"href":"https:\/\/www.gold.fr\/news\/wp-json\/wp\/v2\/categories?post=19825"},{"taxonomy":"post_tag","embeddable":true,"href":"https:\/\/www.gold.fr\/news\/wp-json\/wp\/v2\/tags?post=19825"},{"taxonomy":"author","embeddable":true,"href":"https:\/\/www.gold.fr\/news\/wp-json\/wp\/v2\/ppma_author?post=19825"}],"curies":[{"name":"wp","href":"https:\/\/api.w.org\/{rel}","templated":true}]}}