{"id":19820,"date":"2016-07-14T09:00:53","date_gmt":"2016-07-14T07:00:53","guid":{"rendered":"https:\/\/www.gold.fr\/news\/?p=19820"},"modified":"2018-04-13T16:55:48","modified_gmt":"2018-04-13T14:55:48","slug":"marches-retour-doptimisme-saison-resultats-vue","status":"publish","type":"post","link":"https:\/\/www.gold.fr\/news\/2016\/07\/14\/marches-retour-doptimisme-saison-resultats-vue\/","title":{"rendered":"March\u00e9s : Un retour d\u2019optimisme, la saison des r\u00e9sultats en vue"},"content":{"rendered":"<p><img loading=\"lazy\" decoding=\"async\" class=\"alignleft wp-image-8885 size-thumbnail\" title=\"March\u00e9s : Un retour d\u2019optimisme, la saison des r\u00e9sultats en vue\" src=\"https:\/\/www.gold.fr\/news\/wp-content\/uploads\/2012\/08\/1999-150x150.jpg\" alt=\"March\u00e9s : Un retour d\u2019optimisme, la saison des r\u00e9sultats en vue\" width=\"150\" height=\"150\" \/>Les march\u00e9s d&rsquo;<a class=\"esk-seo-plu-link\" href=\"https:\/\/www.gold.fr\/news\/tags\/investissement\">investissement<\/a> connaissent une \u00e9volution en dents de scie, depuis quelques semaines, et l&rsquo;heure est clairement \u00e0 l&rsquo;euphorie, en ce moment. Apr\u00e8s avoir progress\u00e9 dans le sens inverse (baissier) des indices boursiers, pendant quelques s\u00e9ances, les principales places boursi\u00e8res s&rsquo;y alignent enfin, affichant une performance optimiste.<\/p>\n<p>Une humeur festive \u00e0 l&rsquo;heure m\u00eame o\u00f9 la nouvelle saison des r\u00e9sultats d&rsquo;entreprises \u2013<em>hautement surveill\u00e9e<\/em>&#8211; commence. Et si cette saison des r\u00e9sultats est ainsi guett\u00e9e c&rsquo;est essentiellement parce qu&rsquo;on en attend beaucoup. Op\u00e9rateurs et experts esp\u00e8rent voir les rapports trimestriels des g\u00e9ants boursiers et financiers am\u00e9ricains s&rsquo;av\u00e9rer \u00e0 la hauteur des records atteints sur la plupart des places boursi\u00e8res, depuis le d\u00e9but de la semaine.<\/p>\n<p>Le groupe <strong>Alcoa<\/strong> a donn\u00e9 la note de d\u00e9part de la saison, la veille, dans la soir\u00e9e, et le g\u00e9ant de l&rsquo;aluminium sera suivi, d&rsquo;ici la fin de la semaine, par les groupes banquiers <strong>JPMorgan<\/strong>, <strong>Citigroup<\/strong> et <strong>Wells Fargo<\/strong>. Pour <strong>Chris Weston<\/strong>, analyste chez <strong>IG<\/strong>, la publication de ces comptes risque de d\u00e9cevoir les espoirs manifestes des march\u00e9s, \u00e9tant donn\u00e9 la conjoncture mondiale m\u00eame. L&rsquo;expert conc\u00e8de en effet qu&rsquo;il faudra certainement \u00ab <em>de bons r\u00e9sultats pour justifier un tel niveau de valorisation<\/em> \u00bb, tout en rappelant qu&rsquo;il \u00ab <em>ne faut pas perdre de vue le contexte macro\u00e9conomique avec des investisseurs qui continuent d&rsquo;acheter des <a class=\"esk-seo-plu-link\" href=\"https:\/\/www.gold.fr\/news\/tags\/investissement\">actions<\/a> am\u00e9ricaines malgr\u00e9 les craintes entourant le secteur bancaire europ\u00e9en, la d\u00e9t\u00e9rioration \u00e9ventuelle de l&rsquo;\u00e9conomie britannique et l&rsquo;affaiblissement de la devise chinoise<\/em> \u00bb.<\/p>\n<p>Par ailleurs, bon nombre d&rsquo;observateurs rappellent \u00e9galement que le spectre des r\u00e9percussions du \u2018<em>Brexit<\/em>&lsquo; plane toujours au-dessus des march\u00e9s d&rsquo;<a class=\"esk-seo-plu-link\" href=\"https:\/\/www.gold.fr\/news\/tags\/investissement\">investissement<\/a>, ce qui les maintient en situation de vuln\u00e9rabilit\u00e9 et d&rsquo;aptitude \u00e0 un \u00ab <em>regain d&rsquo;aversion au risque<\/em> \u00bb \u00e0 tout moment. Pour l&rsquo;heure, la semaine d\u00e9marre dans l&rsquo;euphorie g\u00e9n\u00e9rale, pour les places boursi\u00e8res\u2026m\u00eame europ\u00e9ennes (DAX allemand \u00e0 +0,8%, FTSE londonien \u00e0 +0,5%&#8230;).<\/p>\n<p>Le point d&rsquo;orgue de la semaine demeure toutefois la r\u00e9union de la banque centrale britannique (Bank of England). L&rsquo;issue de ce meeting monopolise d&rsquo;autant plus l&rsquo;attention qu&rsquo;il s&rsquo;agira de la premi\u00e8re r\u00e9action officielle de l&rsquo;institution, suite \u00e0 l&rsquo;annonce du \u2018<em>Brexit<\/em>&lsquo;. Incertitude et nervosit\u00e9 devraient donc dominer, d&rsquo;ici la s\u00e9ance de jeudi prochain. C\u00f4t\u00e9 am\u00e9ricain, et en d\u00e9pit des records historiques, attendus d&rsquo;une s\u00e9ance \u00e0 l&rsquo;autre, sur <strong>Wall Street<\/strong>, le consensus expert demeure globalement sceptique. C&rsquo;est notamment le cas de <strong>Saxo <\/strong>Banque qui estime qu&rsquo;on \u00ab <em>aurait tort de croire que les statistiques concernant l&#8217;emploi am\u00e9ricain en juin vont changer la donne<\/em> \u00bb pour la r\u00e9serve f\u00e9d\u00e9rale am\u00e9ricaine (en r\u00e9f\u00e9rence aux 287.000 cr\u00e9ations de postes non agricoles, au mois de juin, r\u00e9v\u00e9l\u00e9es vendredi dernier).<\/p>\n<p>Dans ce contexte, la prochaine r\u00e9union de strat\u00e9gie mon\u00e9taire de la <strong>FED<\/strong> (juillet) fait \u00e9galement couler beaucoup d&rsquo;encre attentiste. Les observateurs estiment qu&rsquo;un statu quo (maintien de la politique mon\u00e9taire FED inchang\u00e9e) reste la meilleure option, dans l&rsquo;imm\u00e9diat. Certains \u00e9conomistes pr\u00e9voient d&rsquo;ailleurs de voir les membres du comit\u00e9 (FOMC) adopter un ton prudent, dans les propos qu&rsquo;ils tiendront cette semaine. Sur le plan statistique, le calendrier de la semaine est assez l\u00e9ger ; chiffres d&rsquo;inflation de plusieurs pays europ\u00e9ens et aux <strong>Etats-Unis<\/strong>, et rapport des ventes de d\u00e9tail et de la production industrielle US, au mois de juin.<\/p>\n<!-- AddThis Advanced Settings generic via filter on the_content --><!-- AddThis Share Buttons generic via filter on the_content -->","protected":false},"excerpt":{"rendered":"<p>Les march\u00e9s d&rsquo;investissement connaissent une \u00e9volution en dents de scie, depuis quelques semaines, et l&rsquo;heure est clairement \u00e0 l&rsquo;euphorie, en ce moment. Apr\u00e8s avoir progress\u00e9 dans le sens inverse (baissier) des indices boursiers, pendant quelques s\u00e9ances, [&hellip;]<\/p>\n","protected":false},"author":18,"featured_media":8885,"comment_status":"open","ping_status":"open","sticky":false,"template":"","format":"standard","meta":{"_mbp_gutenberg_autopost":false,"_pgmb_is_evergreen":false,"_pgmb_ap_template_id":0,"footnotes":""},"categories":[6],"tags":[2173,1475,2211,2172,2176,2358,443,144,1034,2339,2168,2174,1816,534,2199],"ppma_author":[2565],"class_list":["post-19820","post","type-post","status-publish","format-standard","has-post-thumbnail","hentry","category-articles-de-presse","tag-alcoa","tag-bank-of-england","tag-brexit","tag-chris-weston","tag-citigroup","tag-dax","tag-etats-unis","tag-fed","tag-fomc","tag-ftse","tag-ig","tag-jpmorgan","tag-saxo-banque","tag-wall-street","tag-wells-fargo"],"yoast_head":"<!-- This site is optimized with the Yoast SEO plugin v27.5 - https:\/\/yoast.com\/product\/yoast-seo-wordpress\/ -->\n<title>March\u00e9s : Un retour d\u2019optimisme, la saison des r\u00e9sultats en vue<\/title>\n<meta name=\"description\" content=\"Les march\u00e9s d\u2019investissement connaissent une \u00e9volution en dents de scie, depuis quelques semaines, et l\u2019heure est clairement \u00e0 l\u2019euphorie...\" \/>\n<meta name=\"robots\" content=\"index, follow, max-snippet:-1, max-image-preview:large, max-video-preview:-1\" \/>\n<link rel=\"canonical\" href=\"https:\/\/www.gold.fr\/news\/2016\/07\/14\/marches-retour-doptimisme-saison-resultats-vue\/\" \/>\n<meta property=\"og:locale\" content=\"fr_FR\" \/>\n<meta property=\"og:type\" content=\"article\" \/>\n<meta property=\"og:title\" content=\"March\u00e9s : Un retour d\u2019optimisme, la saison des r\u00e9sultats en vue\" \/>\n<meta property=\"og:description\" content=\"Les march\u00e9s d\u2019investissement connaissent une \u00e9volution en dents de scie, depuis quelques semaines, et l\u2019heure est clairement \u00e0 l\u2019euphorie...\" \/>\n<meta property=\"og:url\" content=\"https:\/\/www.gold.fr\/news\/2016\/07\/14\/marches-retour-doptimisme-saison-resultats-vue\/\" \/>\n<meta property=\"og:site_name\" content=\"Gold.fr\" \/>\n<meta property=\"article:publisher\" content=\"https:\/\/www.facebook.com\/Goldfr\/\" \/>\n<meta property=\"article:published_time\" content=\"2016-07-14T07:00:53+00:00\" \/>\n<meta property=\"article:modified_time\" content=\"2018-04-13T14:55:48+00:00\" \/>\n<meta property=\"og:image\" content=\"https:\/\/www.gold.fr\/news\/wp-content\/uploads\/2012\/08\/1999-e1481187804144.jpg\" \/>\n\t<meta property=\"og:image:width\" content=\"183\" \/>\n\t<meta property=\"og:image:height\" content=\"150\" \/>\n\t<meta property=\"og:image:type\" content=\"image\/jpeg\" \/>\n<meta name=\"author\" content=\"Comptoir National de l&#039;Or\" \/>\n<meta name=\"twitter:card\" content=\"summary_large_image\" \/>\n<meta name=\"twitter:label1\" content=\"\u00c9crit par\" \/>\n\t<meta name=\"twitter:data1\" content=\"Comptoir National de l&#039;Or\" \/>\n\t<meta name=\"twitter:label2\" content=\"Dur\u00e9e de lecture estim\u00e9e\" \/>\n\t<meta name=\"twitter:data2\" content=\"3 minutes\" \/>\n<script type=\"application\/ld+json\" class=\"yoast-schema-graph\">{\"@context\":\"https:\\\/\\\/schema.org\",\"@graph\":[{\"@type\":\"Article\",\"@id\":\"https:\\\/\\\/www.gold.fr\\\/news\\\/2016\\\/07\\\/14\\\/marches-retour-doptimisme-saison-resultats-vue\\\/#article\",\"isPartOf\":{\"@id\":\"https:\\\/\\\/www.gold.fr\\\/news\\\/2016\\\/07\\\/14\\\/marches-retour-doptimisme-saison-resultats-vue\\\/\"},\"author\":{\"name\":\"Comptoir National de l'Or\",\"@id\":\"https:\\\/\\\/www.gold.fr\\\/news\\\/#\\\/schema\\\/person\\\/070491b4b4fb7671bf59b3be20302ce9\"},\"headline\":\"March\u00e9s : Un retour d\u2019optimisme, la saison des r\u00e9sultats en vue\",\"datePublished\":\"2016-07-14T07:00:53+00:00\",\"dateModified\":\"2018-04-13T14:55:48+00:00\",\"mainEntityOfPage\":{\"@id\":\"https:\\\/\\\/www.gold.fr\\\/news\\\/2016\\\/07\\\/14\\\/marches-retour-doptimisme-saison-resultats-vue\\\/\"},\"wordCount\":625,\"commentCount\":0,\"image\":{\"@id\":\"https:\\\/\\\/www.gold.fr\\\/news\\\/2016\\\/07\\\/14\\\/marches-retour-doptimisme-saison-resultats-vue\\\/#primaryimage\"},\"thumbnailUrl\":\"https:\\\/\\\/www.gold.fr\\\/news\\\/wp-content\\\/uploads\\\/2012\\\/08\\\/1999-e1481187804144.jpg\",\"keywords\":[\"Alcoa\",\"Bank of England\",\"Brexit\",\"Chris Weston\",\"Citigroup\",\"DAX\",\"etats-unis\",\"fed\",\"FOMC\",\"FTSE\",\"IG\",\"JPMorgan\",\"Saxo Banque\",\"wall street\",\"Wells Fargo\"],\"articleSection\":[\"Articles de presse\"],\"inLanguage\":\"fr-FR\"},{\"@type\":\"WebPage\",\"@id\":\"https:\\\/\\\/www.gold.fr\\\/news\\\/2016\\\/07\\\/14\\\/marches-retour-doptimisme-saison-resultats-vue\\\/\",\"url\":\"https:\\\/\\\/www.gold.fr\\\/news\\\/2016\\\/07\\\/14\\\/marches-retour-doptimisme-saison-resultats-vue\\\/\",\"name\":\"March\u00e9s : Un retour d\u2019optimisme, la saison des r\u00e9sultats en vue\",\"isPartOf\":{\"@id\":\"https:\\\/\\\/www.gold.fr\\\/news\\\/#website\"},\"primaryImageOfPage\":{\"@id\":\"https:\\\/\\\/www.gold.fr\\\/news\\\/2016\\\/07\\\/14\\\/marches-retour-doptimisme-saison-resultats-vue\\\/#primaryimage\"},\"image\":{\"@id\":\"https:\\\/\\\/www.gold.fr\\\/news\\\/2016\\\/07\\\/14\\\/marches-retour-doptimisme-saison-resultats-vue\\\/#primaryimage\"},\"thumbnailUrl\":\"https:\\\/\\\/www.gold.fr\\\/news\\\/wp-content\\\/uploads\\\/2012\\\/08\\\/1999-e1481187804144.jpg\",\"datePublished\":\"2016-07-14T07:00:53+00:00\",\"dateModified\":\"2018-04-13T14:55:48+00:00\",\"author\":{\"@id\":\"https:\\\/\\\/www.gold.fr\\\/news\\\/#\\\/schema\\\/person\\\/070491b4b4fb7671bf59b3be20302ce9\"},\"description\":\"Les march\u00e9s d\u2019investissement connaissent une \u00e9volution en dents de scie, depuis quelques semaines, et l\u2019heure est clairement \u00e0 l\u2019euphorie...\",\"breadcrumb\":{\"@id\":\"https:\\\/\\\/www.gold.fr\\\/news\\\/2016\\\/07\\\/14\\\/marches-retour-doptimisme-saison-resultats-vue\\\/#breadcrumb\"},\"inLanguage\":\"fr-FR\",\"potentialAction\":[{\"@type\":\"ReadAction\",\"target\":[\"https:\\\/\\\/www.gold.fr\\\/news\\\/2016\\\/07\\\/14\\\/marches-retour-doptimisme-saison-resultats-vue\\\/\"]}]},{\"@type\":\"ImageObject\",\"inLanguage\":\"fr-FR\",\"@id\":\"https:\\\/\\\/www.gold.fr\\\/news\\\/2016\\\/07\\\/14\\\/marches-retour-doptimisme-saison-resultats-vue\\\/#primaryimage\",\"url\":\"https:\\\/\\\/www.gold.fr\\\/news\\\/wp-content\\\/uploads\\\/2012\\\/08\\\/1999-e1481187804144.jpg\",\"contentUrl\":\"https:\\\/\\\/www.gold.fr\\\/news\\\/wp-content\\\/uploads\\\/2012\\\/08\\\/1999-e1481187804144.jpg\",\"width\":183,\"height\":150,\"caption\":\"March\u00e9s : Les banques centrales m\u00e8nent la danse\"},{\"@type\":\"BreadcrumbList\",\"@id\":\"https:\\\/\\\/www.gold.fr\\\/news\\\/2016\\\/07\\\/14\\\/marches-retour-doptimisme-saison-resultats-vue\\\/#breadcrumb\",\"itemListElement\":[{\"@type\":\"ListItem\",\"position\":1,\"name\":\"Accueil\",\"item\":\"https:\\\/\\\/www.gold.fr\\\/\"},{\"@type\":\"ListItem\",\"position\":2,\"name\":\"Actualit\u00e9s\",\"item\":\"https:\\\/\\\/www.gold.fr\\\/news\\\/\"},{\"@type\":\"ListItem\",\"position\":3,\"name\":\"March\u00e9s : Un retour d\u2019optimisme, la saison des r\u00e9sultats en vue\"}]},{\"@type\":\"WebSite\",\"@id\":\"https:\\\/\\\/www.gold.fr\\\/news\\\/#website\",\"url\":\"https:\\\/\\\/www.gold.fr\\\/news\\\/\",\"name\":\"Gold.fr\",\"description\":\"Actualit\u00e9s de l&#039;Or et des m\u00e9taux pr\u00e9cieux\",\"potentialAction\":[{\"@type\":\"SearchAction\",\"target\":{\"@type\":\"EntryPoint\",\"urlTemplate\":\"https:\\\/\\\/www.gold.fr\\\/news\\\/?s={search_term_string}\"},\"query-input\":{\"@type\":\"PropertyValueSpecification\",\"valueRequired\":true,\"valueName\":\"search_term_string\"}}],\"inLanguage\":\"fr-FR\"},{\"@type\":\"Person\",\"@id\":\"https:\\\/\\\/www.gold.fr\\\/news\\\/#\\\/schema\\\/person\\\/070491b4b4fb7671bf59b3be20302ce9\",\"name\":\"Comptoir National de l'Or\",\"image\":{\"@type\":\"ImageObject\",\"inLanguage\":\"fr-FR\",\"@id\":\"https:\\\/\\\/secure.gravatar.com\\\/avatar\\\/0a2867fd5abe37bed95d5a65e9d58f01756e11efc68af9888dfc50cfa7f65948?s=96&d=mm&r=gb490554db0a38188709de567aa58480d\",\"url\":\"https:\\\/\\\/secure.gravatar.com\\\/avatar\\\/0a2867fd5abe37bed95d5a65e9d58f01756e11efc68af9888dfc50cfa7f65948?s=96&d=mm&r=g\",\"contentUrl\":\"https:\\\/\\\/secure.gravatar.com\\\/avatar\\\/0a2867fd5abe37bed95d5a65e9d58f01756e11efc68af9888dfc50cfa7f65948?s=96&d=mm&r=g\",\"caption\":\"Comptoir National de l'Or\"},\"description\":\"Notre r\u00e9daction est constitu\u00e9e de membres experts dans les m\u00e9tiers de l'\u00e9conomie et la gestion, des Responsables d'agence Comptoir National de l'Or, des analystes financiers qui publient r\u00e9guli\u00e8rement des \u00e9tudes sur les politiques des banques centrales, le cours de l'or, prix de l'or, cours de l'argent, prix de l'argent, cours du platine, cours du palladium,... la situation en zone euro et l'impact de la strat\u00e9gie mon\u00e9taire de la FED. Notre \u00e9quipe scrute \u00e9galement une information plus g\u00e9n\u00e9raliste \u00e0 la recherche d'actualit\u00e9 \\\"p\u00e9pite\\\" \u00e0 vous partager. Depuis 5 ans, nous avons publi\u00e9 un peu plus de 4000 articles qui s'adressent \u00e0 un public large et vari\u00e9 ayant pour objectif de satisfaire votre curiosit\u00e9 et de partager avec vous une certaine fascination pour le m\u00e9tal jaune, le rachat d'or, et pour ceux qui veulent investir dans l'or, vendre leur or tout simplement en savoir plus... Pour tous vos achat or et argent, n'h\u00e9sitez pas \u00e0 prendre rendez-vous dans l'un de nos nombreux comptoirs.\",\"sameAs\":[\"https:\\\/\\\/www.gold.fr\"]}]}<\/script>\n<!-- \/ Yoast SEO plugin. -->","yoast_head_json":{"title":"March\u00e9s : Un retour d\u2019optimisme, la saison des r\u00e9sultats en vue","description":"Les march\u00e9s d\u2019investissement connaissent une \u00e9volution en dents de scie, depuis quelques semaines, et l\u2019heure est clairement \u00e0 l\u2019euphorie...","robots":{"index":"index","follow":"follow","max-snippet":"max-snippet:-1","max-image-preview":"max-image-preview:large","max-video-preview":"max-video-preview:-1"},"canonical":"https:\/\/www.gold.fr\/news\/2016\/07\/14\/marches-retour-doptimisme-saison-resultats-vue\/","og_locale":"fr_FR","og_type":"article","og_title":"March\u00e9s : Un retour d\u2019optimisme, la saison des r\u00e9sultats en vue","og_description":"Les march\u00e9s d\u2019investissement connaissent une \u00e9volution en dents de scie, depuis quelques semaines, et l\u2019heure est clairement \u00e0 l\u2019euphorie...","og_url":"https:\/\/www.gold.fr\/news\/2016\/07\/14\/marches-retour-doptimisme-saison-resultats-vue\/","og_site_name":"Gold.fr","article_publisher":"https:\/\/www.facebook.com\/Goldfr\/","article_published_time":"2016-07-14T07:00:53+00:00","article_modified_time":"2018-04-13T14:55:48+00:00","og_image":[{"width":183,"height":150,"url":"https:\/\/www.gold.fr\/news\/wp-content\/uploads\/2012\/08\/1999-e1481187804144.jpg","type":"image\/jpeg"}],"author":"Comptoir National de l'Or","twitter_card":"summary_large_image","twitter_misc":{"\u00c9crit par":"Comptoir National de l'Or","Dur\u00e9e de lecture estim\u00e9e":"3 minutes"},"schema":{"@context":"https:\/\/schema.org","@graph":[{"@type":"Article","@id":"https:\/\/www.gold.fr\/news\/2016\/07\/14\/marches-retour-doptimisme-saison-resultats-vue\/#article","isPartOf":{"@id":"https:\/\/www.gold.fr\/news\/2016\/07\/14\/marches-retour-doptimisme-saison-resultats-vue\/"},"author":{"name":"Comptoir National de l'Or","@id":"https:\/\/www.gold.fr\/news\/#\/schema\/person\/070491b4b4fb7671bf59b3be20302ce9"},"headline":"March\u00e9s : Un retour d\u2019optimisme, la saison des r\u00e9sultats en vue","datePublished":"2016-07-14T07:00:53+00:00","dateModified":"2018-04-13T14:55:48+00:00","mainEntityOfPage":{"@id":"https:\/\/www.gold.fr\/news\/2016\/07\/14\/marches-retour-doptimisme-saison-resultats-vue\/"},"wordCount":625,"commentCount":0,"image":{"@id":"https:\/\/www.gold.fr\/news\/2016\/07\/14\/marches-retour-doptimisme-saison-resultats-vue\/#primaryimage"},"thumbnailUrl":"https:\/\/www.gold.fr\/news\/wp-content\/uploads\/2012\/08\/1999-e1481187804144.jpg","keywords":["Alcoa","Bank of England","Brexit","Chris Weston","Citigroup","DAX","etats-unis","fed","FOMC","FTSE","IG","JPMorgan","Saxo Banque","wall street","Wells Fargo"],"articleSection":["Articles de presse"],"inLanguage":"fr-FR"},{"@type":"WebPage","@id":"https:\/\/www.gold.fr\/news\/2016\/07\/14\/marches-retour-doptimisme-saison-resultats-vue\/","url":"https:\/\/www.gold.fr\/news\/2016\/07\/14\/marches-retour-doptimisme-saison-resultats-vue\/","name":"March\u00e9s : Un retour d\u2019optimisme, la saison des r\u00e9sultats en vue","isPartOf":{"@id":"https:\/\/www.gold.fr\/news\/#website"},"primaryImageOfPage":{"@id":"https:\/\/www.gold.fr\/news\/2016\/07\/14\/marches-retour-doptimisme-saison-resultats-vue\/#primaryimage"},"image":{"@id":"https:\/\/www.gold.fr\/news\/2016\/07\/14\/marches-retour-doptimisme-saison-resultats-vue\/#primaryimage"},"thumbnailUrl":"https:\/\/www.gold.fr\/news\/wp-content\/uploads\/2012\/08\/1999-e1481187804144.jpg","datePublished":"2016-07-14T07:00:53+00:00","dateModified":"2018-04-13T14:55:48+00:00","author":{"@id":"https:\/\/www.gold.fr\/news\/#\/schema\/person\/070491b4b4fb7671bf59b3be20302ce9"},"description":"Les march\u00e9s d\u2019investissement connaissent une \u00e9volution en dents de scie, depuis quelques semaines, et l\u2019heure est clairement \u00e0 l\u2019euphorie...","breadcrumb":{"@id":"https:\/\/www.gold.fr\/news\/2016\/07\/14\/marches-retour-doptimisme-saison-resultats-vue\/#breadcrumb"},"inLanguage":"fr-FR","potentialAction":[{"@type":"ReadAction","target":["https:\/\/www.gold.fr\/news\/2016\/07\/14\/marches-retour-doptimisme-saison-resultats-vue\/"]}]},{"@type":"ImageObject","inLanguage":"fr-FR","@id":"https:\/\/www.gold.fr\/news\/2016\/07\/14\/marches-retour-doptimisme-saison-resultats-vue\/#primaryimage","url":"https:\/\/www.gold.fr\/news\/wp-content\/uploads\/2012\/08\/1999-e1481187804144.jpg","contentUrl":"https:\/\/www.gold.fr\/news\/wp-content\/uploads\/2012\/08\/1999-e1481187804144.jpg","width":183,"height":150,"caption":"March\u00e9s : Les banques centrales m\u00e8nent la danse"},{"@type":"BreadcrumbList","@id":"https:\/\/www.gold.fr\/news\/2016\/07\/14\/marches-retour-doptimisme-saison-resultats-vue\/#breadcrumb","itemListElement":[{"@type":"ListItem","position":1,"name":"Accueil","item":"https:\/\/www.gold.fr\/"},{"@type":"ListItem","position":2,"name":"Actualit\u00e9s","item":"https:\/\/www.gold.fr\/news\/"},{"@type":"ListItem","position":3,"name":"March\u00e9s : Un retour d\u2019optimisme, la saison des r\u00e9sultats en vue"}]},{"@type":"WebSite","@id":"https:\/\/www.gold.fr\/news\/#website","url":"https:\/\/www.gold.fr\/news\/","name":"Gold.fr","description":"Actualit\u00e9s de l&#039;Or et des m\u00e9taux pr\u00e9cieux","potentialAction":[{"@type":"SearchAction","target":{"@type":"EntryPoint","urlTemplate":"https:\/\/www.gold.fr\/news\/?s={search_term_string}"},"query-input":{"@type":"PropertyValueSpecification","valueRequired":true,"valueName":"search_term_string"}}],"inLanguage":"fr-FR"},{"@type":"Person","@id":"https:\/\/www.gold.fr\/news\/#\/schema\/person\/070491b4b4fb7671bf59b3be20302ce9","name":"Comptoir National de l'Or","image":{"@type":"ImageObject","inLanguage":"fr-FR","@id":"https:\/\/secure.gravatar.com\/avatar\/0a2867fd5abe37bed95d5a65e9d58f01756e11efc68af9888dfc50cfa7f65948?s=96&d=mm&r=gb490554db0a38188709de567aa58480d","url":"https:\/\/secure.gravatar.com\/avatar\/0a2867fd5abe37bed95d5a65e9d58f01756e11efc68af9888dfc50cfa7f65948?s=96&d=mm&r=g","contentUrl":"https:\/\/secure.gravatar.com\/avatar\/0a2867fd5abe37bed95d5a65e9d58f01756e11efc68af9888dfc50cfa7f65948?s=96&d=mm&r=g","caption":"Comptoir National de l'Or"},"description":"Notre r\u00e9daction est constitu\u00e9e de membres experts dans les m\u00e9tiers de l'\u00e9conomie et la gestion, des Responsables d'agence Comptoir National de l'Or, des analystes financiers qui publient r\u00e9guli\u00e8rement des \u00e9tudes sur les politiques des banques centrales, le cours de l'or, prix de l'or, cours de l'argent, prix de l'argent, cours du platine, cours du palladium,... la situation en zone euro et l'impact de la strat\u00e9gie mon\u00e9taire de la FED. Notre \u00e9quipe scrute \u00e9galement une information plus g\u00e9n\u00e9raliste \u00e0 la recherche d'actualit\u00e9 \"p\u00e9pite\" \u00e0 vous partager. Depuis 5 ans, nous avons publi\u00e9 un peu plus de 4000 articles qui s'adressent \u00e0 un public large et vari\u00e9 ayant pour objectif de satisfaire votre curiosit\u00e9 et de partager avec vous une certaine fascination pour le m\u00e9tal jaune, le rachat d'or, et pour ceux qui veulent investir dans l'or, vendre leur or tout simplement en savoir plus... Pour tous vos achat or et argent, n'h\u00e9sitez pas \u00e0 prendre rendez-vous dans l'un de nos nombreux comptoirs.","sameAs":["https:\/\/www.gold.fr"]}]}},"authors":[{"term_id":2565,"user_id":18,"is_guest":0,"slug":"julie","display_name":"Comptoir National de l'Or","avatar_url":"https:\/\/secure.gravatar.com\/avatar\/713f289e398d35ead876c4a4cc08607f0d6d266058cfc25683fffb6092d0e572?s=96&d=mm&r=g","0":null,"1":"","2":"","3":"","4":"","5":"","6":"","7":"","8":""}],"_links":{"self":[{"href":"https:\/\/www.gold.fr\/news\/wp-json\/wp\/v2\/posts\/19820","targetHints":{"allow":["GET"]}}],"collection":[{"href":"https:\/\/www.gold.fr\/news\/wp-json\/wp\/v2\/posts"}],"about":[{"href":"https:\/\/www.gold.fr\/news\/wp-json\/wp\/v2\/types\/post"}],"author":[{"embeddable":true,"href":"https:\/\/www.gold.fr\/news\/wp-json\/wp\/v2\/users\/18"}],"replies":[{"embeddable":true,"href":"https:\/\/www.gold.fr\/news\/wp-json\/wp\/v2\/comments?post=19820"}],"version-history":[{"count":0,"href":"https:\/\/www.gold.fr\/news\/wp-json\/wp\/v2\/posts\/19820\/revisions"}],"wp:featuredmedia":[{"embeddable":true,"href":"https:\/\/www.gold.fr\/news\/wp-json\/wp\/v2\/media\/8885"}],"wp:attachment":[{"href":"https:\/\/www.gold.fr\/news\/wp-json\/wp\/v2\/media?parent=19820"}],"wp:term":[{"taxonomy":"category","embeddable":true,"href":"https:\/\/www.gold.fr\/news\/wp-json\/wp\/v2\/categories?post=19820"},{"taxonomy":"post_tag","embeddable":true,"href":"https:\/\/www.gold.fr\/news\/wp-json\/wp\/v2\/tags?post=19820"},{"taxonomy":"author","embeddable":true,"href":"https:\/\/www.gold.fr\/news\/wp-json\/wp\/v2\/ppma_author?post=19820"}],"curies":[{"name":"wp","href":"https:\/\/api.w.org\/{rel}","templated":true}]}}