{"id":19785,"date":"2016-07-11T09:00:02","date_gmt":"2016-07-11T07:00:02","guid":{"rendered":"https:\/\/www.gold.fr\/news\/?p=19785"},"modified":"2018-06-22T11:34:10","modified_gmt":"2018-06-22T09:34:10","slug":"19785","status":"publish","type":"post","link":"https:\/\/www.gold.fr\/news\/2016\/07\/11\/19785\/","title":{"rendered":"March\u00e9s : Retour du spectre \u2018Brexit\u2019"},"content":{"rendered":"<p><img loading=\"lazy\" decoding=\"async\" class=\"alignleft wp-image-19698 size-thumbnail\" title=\"March\u00e9s : Retour du spectre \u2018Brexit\u2019\" src=\"https:\/\/www.gold.fr\/news\/wp-content\/uploads\/2016\/06\/canstockphoto34468807-1-150x150.jpg\" alt=\"March\u00e9s : Retour du spectre \u2018Brexit\u2019\" width=\"150\" height=\"150\" \/>On croyait les craintes relatives au dossier \u2018<em>Brexit<\/em>&lsquo; d\u00e9pass\u00e9es, mais il semblerait que le sujet soit toujours d&rsquo;actualit\u00e9. La semaine se d\u00e9roulait d\u00e9j\u00e0 dans un climat de tension attentiste, sur l&rsquo;ensemble des march\u00e9s boursiers, les op\u00e9rateurs anticipant le ton et la nature du discours <strong>BCE<\/strong>, dans le cadre des \u2018minutes&rsquo; de sa derni\u00e8re r\u00e9union.<\/p>\n<p>La publication a finalement achev\u00e9 de confirmer ces craintes ; bien que le meeting se soit d\u00e9roul\u00e9 avant le r\u00e9f\u00e9rendum britannique (le 2 et 3 juin), le conseil des gouverneurs de la banque centrale europ\u00e9enne avait d\u00e9j\u00e0 appr\u00e9hend\u00e9 cette issue (Brexit), qualifiant cette perspective de \u00ab <em>source de forte volatilit\u00e9<\/em> \u00bb.<\/p>\n<p>En cette fin de semaine, le bilan hebdomadaire est mitig\u00e9, avec des indicateurs am\u00e9ricains relativement encourageants, doubl\u00e9s d&rsquo;une performance boursi\u00e8re europ\u00e9enne encore trop stagnante. Chez <strong>Barclays Bourse<\/strong>, les analystes soulignaient hier que \u00ab <em>les indices europ\u00e9ens ont marqu\u00e9 le pas (\u2026), mais <strong>Wall Street<\/strong>, qui a termin\u00e9 dans le vert, a pr\u00e9f\u00e9r\u00e9 retenir les bons chiffres d&rsquo;activit\u00e9 dans les services et mettre de c\u00f4t\u00e9 la psychologie des march\u00e9s<\/em> \u00bb.<\/p>\n<p>L&rsquo;\u00e9quipe d&rsquo;experts reste toutefois sur ses garde et pr\u00e9vient que \u00ab <em>la goutte d&rsquo;eau du &lsquo;Brexit&rsquo; (pourrait) se transformer en raz de mar\u00e9e \u00e0 l&rsquo;\u00e9chelle plan\u00e9taire<\/em> \u00bb. La possibilit\u00e9 de ce sc\u00e9nario-l\u00e0 est d&rsquo;autant plus envisageable que la croissance mondiale montre, depuis des mois, d&rsquo;importants signes de faiblesse. Le spectre de la r\u00e9cession mondiale\/globale demeure toutefois une faible probabilit\u00e9, m\u00eame si les \u00e9conomistes restent partag\u00e9s sur la question.<\/p>\n<p>Le <strong>Royaume-Uni<\/strong> est loin d&rsquo;\u00eatre la seule source d&rsquo;inqui\u00e9tudes, sur le Vieux-Continent. <strong>Matteo Renzi<\/strong>, pr\u00e9sident du conseil des ministres italien (en poste depuis le 22 f\u00e9vrier 2014) avait r\u00e9ussi \u00e0 ramener le pays \u00e0 un \u00e9quilibre pr\u00e9caire mais assez permanent. Une stabilit\u00e9 qui se retrouve \u00e0 nouveau menac\u00e9e, puisque <strong>Renzi<\/strong> vient de lier le sort de son mandat \u00e0 la t\u00eate du pays \u00ab <em>au r\u00e9f\u00e9rendum sur la r\u00e9forme constitutionnelle qui aura lieu cet automne<\/em> \u00bb. En d&rsquo;autres termes, en cas de d\u00e9faite de son parti, \u00e0 l&rsquo;issue de ce r\u00e9f\u00e9rendum (perspective qui reste tr\u00e8s envisageable), <strong>l&rsquo;Italie<\/strong> ira rejoindre le <strong>Royaume-Uni<\/strong>, dans la liste des pays europ\u00e9ens en forte crise politique et \u00e9conomique.<\/p>\n<h2>Le <a class=\"esk-seo-plu-link\" href=\"https:\/\/www.gold.fr\/news\/tags\/or\">m\u00e9tal jaune<\/a> continue \u00e0 surfer sur la vague du rallye haussier dont b\u00e9n\u00e9ficie le march\u00e9 des m\u00e9taux pr\u00e9cieux, dans sa globalit\u00e9.<\/h2>\n<p>C\u00f4t\u00e9 march\u00e9 de l&rsquo;<a class=\"esk-seo-plu-link\" href=\"https:\/\/www.gold.fr\/news\/tags\/or\">or<\/a>, la <a class=\"esk-seo-plu-link\" href=\"https:\/\/www.gold.fr\/news\/tags\/investissement\">valeur refuge<\/a> de l&rsquo;<a class=\"esk-seo-plu-link\" href=\"https:\/\/www.gold.fr\/news\/tags\/or\">or<\/a> a particuli\u00e8rement profit\u00e9 de ce retour d&rsquo;inqui\u00e9tudes, r\u00e9ussissant, depuis une semaine, \u00e0 se stabiliser dans un niveau jamais atteint depuis le printemps 2014.<\/p>\n<p>Les <strong>ETF<\/strong> aurif\u00e8res ont pourtant connu une stagnation br\u00e8ve et relative, durant la s\u00e9ance de mercredi, mais les observateurs rappellent que, selon <strong>Bloomberg<\/strong>, l&rsquo;encours des <strong>ETF<\/strong> aurif\u00e8res \u00ab <em>d\u00e9passe de nouveau la barre symbolique des 2.000 tonnes, pour la premi\u00e8re fois en trois ans<\/em> \u00bb.<\/p>\n<p>Et les signes de flamb\u00e9e de l&rsquo;<a class=\"esk-seo-plu-link\" href=\"https:\/\/www.gold.fr\/news\/tags\/or\">or<\/a> ne se limitent pas au march\u00e9 boursier et aux <strong>ETF<\/strong> ; un r\u00e9cent rapport de <strong>l&rsquo;US Mint<\/strong> (atelier mon\u00e9taire f\u00e9d\u00e9ral am\u00e9ricain) r\u00e9v\u00e8le que le bilan des ventes de pi\u00e8ces d&rsquo;<a class=\"esk-seo-plu-link\" href=\"https:\/\/www.gold.fr\/news\/tags\/or\">or<\/a>, au premier <strong>semestre 2016<\/strong>, s&rsquo;\u00e9l\u00e8ve \u00e0 un total de <strong>501.000<\/strong> <a href=\"https:\/\/www.gold.fr\/once-or-nyc\/\" target=\"_blank\" rel=\"noopener\">onces<\/a>, ce qui repr\u00e9sente une \u00ab <em>hausse de 84% sur un an<\/em> \u00bb.<\/p>\n<p><a href=\"https:\/\/www.gold.fr\/news\/2016\/06\/27\/brexit-les-consequences-sur-le-cours-de-lor-lavis-de-laurent-schwartz-president-du-comptoir-national-de-lor\/\" target=\"_blank\" rel=\"noopener\">Lire \u00e9galement\u00a0l\u2019avis de Laurent Schwartz (Pr\u00e9sident du Comptoir National de l\u2019Or) sur les cons\u00e9quences sur Brexit sur le cours de l\u2019or.<\/a><\/p>\n<!-- AddThis Advanced Settings generic via filter on the_content --><!-- AddThis Share Buttons generic via filter on the_content -->","protected":false},"excerpt":{"rendered":"<p>On croyait les craintes relatives au dossier \u2018Brexit&lsquo; d\u00e9pass\u00e9es, mais il semblerait que le sujet soit toujours d&rsquo;actualit\u00e9. La semaine se d\u00e9roulait d\u00e9j\u00e0 dans un climat de tension attentiste, sur l&rsquo;ensemble des march\u00e9s boursiers, les op\u00e9rateurs [&hellip;]<\/p>\n","protected":false},"author":18,"featured_media":19698,"comment_status":"open","ping_status":"open","sticky":false,"template":"","format":"standard","meta":{"_mbp_gutenberg_autopost":false,"_pgmb_is_evergreen":false,"_pgmb_ap_template_id":0,"footnotes":""},"categories":[6],"tags":[2164,143,1208,2211,918,123,2347,76,1782,2348,534],"ppma_author":[2565],"class_list":["post-19785","post","type-post","status-publish","format-standard","has-post-thumbnail","hentry","category-articles-de-presse","tag-barclays-bourse","tag-bce","tag-bloomberg","tag-brexit","tag-etf","tag-italie","tag-matteo-renzi","tag-or","tag-royaume-uni","tag-us-mint","tag-wall-street"],"yoast_head":"<!-- This site is optimized with the Yoast SEO plugin v27.5 - https:\/\/yoast.com\/product\/yoast-seo-wordpress\/ -->\n<title>March\u00e9s : Retour du spectre \u2018Brexit\u2019<\/title>\n<meta name=\"description\" content=\"On croyait les craintes relatives au dossier \u2018Brexit\u2019 d\u00e9pass\u00e9es, mais il semblerait que le sujet soit toujours d\u2019actualit\u00e9. La semaine se...\" \/>\n<meta name=\"robots\" content=\"index, follow, max-snippet:-1, max-image-preview:large, max-video-preview:-1\" \/>\n<link rel=\"canonical\" href=\"https:\/\/www.gold.fr\/news\/2016\/07\/11\/19785\/\" \/>\n<meta property=\"og:locale\" content=\"fr_FR\" \/>\n<meta property=\"og:type\" content=\"article\" \/>\n<meta property=\"og:title\" content=\"March\u00e9s : Retour du spectre \u2018Brexit\u2019\" \/>\n<meta property=\"og:description\" content=\"On croyait les craintes relatives au dossier \u2018Brexit\u2019 d\u00e9pass\u00e9es, mais il semblerait que le sujet soit toujours d\u2019actualit\u00e9. La semaine se...\" \/>\n<meta property=\"og:url\" content=\"https:\/\/www.gold.fr\/news\/2016\/07\/11\/19785\/\" \/>\n<meta property=\"og:site_name\" content=\"Gold.fr\" \/>\n<meta property=\"article:publisher\" content=\"https:\/\/www.facebook.com\/Goldfr\/\" \/>\n<meta property=\"article:published_time\" content=\"2016-07-11T07:00:02+00:00\" \/>\n<meta property=\"article:modified_time\" content=\"2018-06-22T09:34:10+00:00\" \/>\n<meta property=\"og:image\" content=\"https:\/\/www.gold.fr\/news\/wp-content\/uploads\/2016\/06\/canstockphoto34468807-1.jpg\" \/>\n\t<meta property=\"og:image:width\" content=\"800\" \/>\n\t<meta property=\"og:image:height\" content=\"480\" \/>\n\t<meta property=\"og:image:type\" content=\"image\/jpeg\" \/>\n<meta name=\"author\" content=\"Comptoir National de l&#039;Or\" \/>\n<meta name=\"twitter:card\" content=\"summary_large_image\" \/>\n<meta name=\"twitter:label1\" content=\"\u00c9crit par\" \/>\n\t<meta name=\"twitter:data1\" content=\"Comptoir National de l&#039;Or\" \/>\n\t<meta name=\"twitter:label2\" content=\"Dur\u00e9e de lecture estim\u00e9e\" \/>\n\t<meta name=\"twitter:data2\" content=\"3 minutes\" \/>\n<script type=\"application\/ld+json\" class=\"yoast-schema-graph\">{\"@context\":\"https:\\\/\\\/schema.org\",\"@graph\":[{\"@type\":\"Article\",\"@id\":\"https:\\\/\\\/www.gold.fr\\\/news\\\/2016\\\/07\\\/11\\\/19785\\\/#article\",\"isPartOf\":{\"@id\":\"https:\\\/\\\/www.gold.fr\\\/news\\\/2016\\\/07\\\/11\\\/19785\\\/\"},\"author\":{\"name\":\"Comptoir National de l'Or\",\"@id\":\"https:\\\/\\\/www.gold.fr\\\/news\\\/#\\\/schema\\\/person\\\/070491b4b4fb7671bf59b3be20302ce9\"},\"headline\":\"March\u00e9s : Retour du spectre \u2018Brexit\u2019\",\"datePublished\":\"2016-07-11T07:00:02+00:00\",\"dateModified\":\"2018-06-22T09:34:10+00:00\",\"mainEntityOfPage\":{\"@id\":\"https:\\\/\\\/www.gold.fr\\\/news\\\/2016\\\/07\\\/11\\\/19785\\\/\"},\"wordCount\":609,\"commentCount\":0,\"image\":{\"@id\":\"https:\\\/\\\/www.gold.fr\\\/news\\\/2016\\\/07\\\/11\\\/19785\\\/#primaryimage\"},\"thumbnailUrl\":\"https:\\\/\\\/www.gold.fr\\\/news\\\/wp-content\\\/uploads\\\/2016\\\/06\\\/canstockphoto34468807-1.jpg\",\"keywords\":[\"Barclays Bourse\",\"bce\",\"Bloomberg\",\"Brexit\",\"ETF\",\"italie\",\"Matteo Renzi\",\"Or\",\"Royaume-Uni\",\"US Mint\",\"wall street\"],\"articleSection\":[\"Articles de presse\"],\"inLanguage\":\"fr-FR\"},{\"@type\":\"WebPage\",\"@id\":\"https:\\\/\\\/www.gold.fr\\\/news\\\/2016\\\/07\\\/11\\\/19785\\\/\",\"url\":\"https:\\\/\\\/www.gold.fr\\\/news\\\/2016\\\/07\\\/11\\\/19785\\\/\",\"name\":\"March\u00e9s : Retour du spectre \u2018Brexit\u2019\",\"isPartOf\":{\"@id\":\"https:\\\/\\\/www.gold.fr\\\/news\\\/#website\"},\"primaryImageOfPage\":{\"@id\":\"https:\\\/\\\/www.gold.fr\\\/news\\\/2016\\\/07\\\/11\\\/19785\\\/#primaryimage\"},\"image\":{\"@id\":\"https:\\\/\\\/www.gold.fr\\\/news\\\/2016\\\/07\\\/11\\\/19785\\\/#primaryimage\"},\"thumbnailUrl\":\"https:\\\/\\\/www.gold.fr\\\/news\\\/wp-content\\\/uploads\\\/2016\\\/06\\\/canstockphoto34468807-1.jpg\",\"datePublished\":\"2016-07-11T07:00:02+00:00\",\"dateModified\":\"2018-06-22T09:34:10+00:00\",\"author\":{\"@id\":\"https:\\\/\\\/www.gold.fr\\\/news\\\/#\\\/schema\\\/person\\\/070491b4b4fb7671bf59b3be20302ce9\"},\"description\":\"On croyait les craintes relatives au dossier \u2018Brexit\u2019 d\u00e9pass\u00e9es, mais il semblerait que le sujet soit toujours d\u2019actualit\u00e9. La semaine se...\",\"breadcrumb\":{\"@id\":\"https:\\\/\\\/www.gold.fr\\\/news\\\/2016\\\/07\\\/11\\\/19785\\\/#breadcrumb\"},\"inLanguage\":\"fr-FR\",\"potentialAction\":[{\"@type\":\"ReadAction\",\"target\":[\"https:\\\/\\\/www.gold.fr\\\/news\\\/2016\\\/07\\\/11\\\/19785\\\/\"]}]},{\"@type\":\"ImageObject\",\"inLanguage\":\"fr-FR\",\"@id\":\"https:\\\/\\\/www.gold.fr\\\/news\\\/2016\\\/07\\\/11\\\/19785\\\/#primaryimage\",\"url\":\"https:\\\/\\\/www.gold.fr\\\/news\\\/wp-content\\\/uploads\\\/2016\\\/06\\\/canstockphoto34468807-1.jpg\",\"contentUrl\":\"https:\\\/\\\/www.gold.fr\\\/news\\\/wp-content\\\/uploads\\\/2016\\\/06\\\/canstockphoto34468807-1.jpg\",\"width\":800,\"height\":480,\"caption\":\"BREXIT : Les cons\u00e9quences sur le cours de l'Or par Laurent Schwartz\"},{\"@type\":\"BreadcrumbList\",\"@id\":\"https:\\\/\\\/www.gold.fr\\\/news\\\/2016\\\/07\\\/11\\\/19785\\\/#breadcrumb\",\"itemListElement\":[{\"@type\":\"ListItem\",\"position\":1,\"name\":\"Accueil\",\"item\":\"https:\\\/\\\/www.gold.fr\\\/\"},{\"@type\":\"ListItem\",\"position\":2,\"name\":\"Actualit\u00e9s\",\"item\":\"https:\\\/\\\/www.gold.fr\\\/news\\\/\"},{\"@type\":\"ListItem\",\"position\":3,\"name\":\"March\u00e9s : Retour du spectre \u2018Brexit\u2019\"}]},{\"@type\":\"WebSite\",\"@id\":\"https:\\\/\\\/www.gold.fr\\\/news\\\/#website\",\"url\":\"https:\\\/\\\/www.gold.fr\\\/news\\\/\",\"name\":\"Gold.fr\",\"description\":\"Actualit\u00e9s de l&#039;Or et des m\u00e9taux pr\u00e9cieux\",\"potentialAction\":[{\"@type\":\"SearchAction\",\"target\":{\"@type\":\"EntryPoint\",\"urlTemplate\":\"https:\\\/\\\/www.gold.fr\\\/news\\\/?s={search_term_string}\"},\"query-input\":{\"@type\":\"PropertyValueSpecification\",\"valueRequired\":true,\"valueName\":\"search_term_string\"}}],\"inLanguage\":\"fr-FR\"},{\"@type\":\"Person\",\"@id\":\"https:\\\/\\\/www.gold.fr\\\/news\\\/#\\\/schema\\\/person\\\/070491b4b4fb7671bf59b3be20302ce9\",\"name\":\"Comptoir National de l'Or\",\"image\":{\"@type\":\"ImageObject\",\"inLanguage\":\"fr-FR\",\"@id\":\"https:\\\/\\\/secure.gravatar.com\\\/avatar\\\/0a2867fd5abe37bed95d5a65e9d58f01756e11efc68af9888dfc50cfa7f65948?s=96&d=mm&r=gb490554db0a38188709de567aa58480d\",\"url\":\"https:\\\/\\\/secure.gravatar.com\\\/avatar\\\/0a2867fd5abe37bed95d5a65e9d58f01756e11efc68af9888dfc50cfa7f65948?s=96&d=mm&r=g\",\"contentUrl\":\"https:\\\/\\\/secure.gravatar.com\\\/avatar\\\/0a2867fd5abe37bed95d5a65e9d58f01756e11efc68af9888dfc50cfa7f65948?s=96&d=mm&r=g\",\"caption\":\"Comptoir National de l'Or\"},\"description\":\"Notre r\u00e9daction est constitu\u00e9e de membres experts dans les m\u00e9tiers de l'\u00e9conomie et la gestion, des Responsables d'agence Comptoir National de l'Or, des analystes financiers qui publient r\u00e9guli\u00e8rement des \u00e9tudes sur les politiques des banques centrales, le cours de l'or, prix de l'or, cours de l'argent, prix de l'argent, cours du platine, cours du palladium,... la situation en zone euro et l'impact de la strat\u00e9gie mon\u00e9taire de la FED. Notre \u00e9quipe scrute \u00e9galement une information plus g\u00e9n\u00e9raliste \u00e0 la recherche d'actualit\u00e9 \\\"p\u00e9pite\\\" \u00e0 vous partager. Depuis 5 ans, nous avons publi\u00e9 un peu plus de 4000 articles qui s'adressent \u00e0 un public large et vari\u00e9 ayant pour objectif de satisfaire votre curiosit\u00e9 et de partager avec vous une certaine fascination pour le m\u00e9tal jaune, le rachat d'or, et pour ceux qui veulent investir dans l'or, vendre leur or tout simplement en savoir plus... Pour tous vos achat or et argent, n'h\u00e9sitez pas \u00e0 prendre rendez-vous dans l'un de nos nombreux comptoirs.\",\"sameAs\":[\"https:\\\/\\\/www.gold.fr\"]}]}<\/script>\n<!-- \/ Yoast SEO plugin. -->","yoast_head_json":{"title":"March\u00e9s : Retour du spectre \u2018Brexit\u2019","description":"On croyait les craintes relatives au dossier \u2018Brexit\u2019 d\u00e9pass\u00e9es, mais il semblerait que le sujet soit toujours d\u2019actualit\u00e9. La semaine se...","robots":{"index":"index","follow":"follow","max-snippet":"max-snippet:-1","max-image-preview":"max-image-preview:large","max-video-preview":"max-video-preview:-1"},"canonical":"https:\/\/www.gold.fr\/news\/2016\/07\/11\/19785\/","og_locale":"fr_FR","og_type":"article","og_title":"March\u00e9s : Retour du spectre \u2018Brexit\u2019","og_description":"On croyait les craintes relatives au dossier \u2018Brexit\u2019 d\u00e9pass\u00e9es, mais il semblerait que le sujet soit toujours d\u2019actualit\u00e9. La semaine se...","og_url":"https:\/\/www.gold.fr\/news\/2016\/07\/11\/19785\/","og_site_name":"Gold.fr","article_publisher":"https:\/\/www.facebook.com\/Goldfr\/","article_published_time":"2016-07-11T07:00:02+00:00","article_modified_time":"2018-06-22T09:34:10+00:00","og_image":[{"width":800,"height":480,"url":"https:\/\/www.gold.fr\/news\/wp-content\/uploads\/2016\/06\/canstockphoto34468807-1.jpg","type":"image\/jpeg"}],"author":"Comptoir National de l'Or","twitter_card":"summary_large_image","twitter_misc":{"\u00c9crit par":"Comptoir National de l'Or","Dur\u00e9e de lecture estim\u00e9e":"3 minutes"},"schema":{"@context":"https:\/\/schema.org","@graph":[{"@type":"Article","@id":"https:\/\/www.gold.fr\/news\/2016\/07\/11\/19785\/#article","isPartOf":{"@id":"https:\/\/www.gold.fr\/news\/2016\/07\/11\/19785\/"},"author":{"name":"Comptoir National de l'Or","@id":"https:\/\/www.gold.fr\/news\/#\/schema\/person\/070491b4b4fb7671bf59b3be20302ce9"},"headline":"March\u00e9s : Retour du spectre \u2018Brexit\u2019","datePublished":"2016-07-11T07:00:02+00:00","dateModified":"2018-06-22T09:34:10+00:00","mainEntityOfPage":{"@id":"https:\/\/www.gold.fr\/news\/2016\/07\/11\/19785\/"},"wordCount":609,"commentCount":0,"image":{"@id":"https:\/\/www.gold.fr\/news\/2016\/07\/11\/19785\/#primaryimage"},"thumbnailUrl":"https:\/\/www.gold.fr\/news\/wp-content\/uploads\/2016\/06\/canstockphoto34468807-1.jpg","keywords":["Barclays Bourse","bce","Bloomberg","Brexit","ETF","italie","Matteo Renzi","Or","Royaume-Uni","US Mint","wall street"],"articleSection":["Articles de presse"],"inLanguage":"fr-FR"},{"@type":"WebPage","@id":"https:\/\/www.gold.fr\/news\/2016\/07\/11\/19785\/","url":"https:\/\/www.gold.fr\/news\/2016\/07\/11\/19785\/","name":"March\u00e9s : Retour du spectre \u2018Brexit\u2019","isPartOf":{"@id":"https:\/\/www.gold.fr\/news\/#website"},"primaryImageOfPage":{"@id":"https:\/\/www.gold.fr\/news\/2016\/07\/11\/19785\/#primaryimage"},"image":{"@id":"https:\/\/www.gold.fr\/news\/2016\/07\/11\/19785\/#primaryimage"},"thumbnailUrl":"https:\/\/www.gold.fr\/news\/wp-content\/uploads\/2016\/06\/canstockphoto34468807-1.jpg","datePublished":"2016-07-11T07:00:02+00:00","dateModified":"2018-06-22T09:34:10+00:00","author":{"@id":"https:\/\/www.gold.fr\/news\/#\/schema\/person\/070491b4b4fb7671bf59b3be20302ce9"},"description":"On croyait les craintes relatives au dossier \u2018Brexit\u2019 d\u00e9pass\u00e9es, mais il semblerait que le sujet soit toujours d\u2019actualit\u00e9. La semaine se...","breadcrumb":{"@id":"https:\/\/www.gold.fr\/news\/2016\/07\/11\/19785\/#breadcrumb"},"inLanguage":"fr-FR","potentialAction":[{"@type":"ReadAction","target":["https:\/\/www.gold.fr\/news\/2016\/07\/11\/19785\/"]}]},{"@type":"ImageObject","inLanguage":"fr-FR","@id":"https:\/\/www.gold.fr\/news\/2016\/07\/11\/19785\/#primaryimage","url":"https:\/\/www.gold.fr\/news\/wp-content\/uploads\/2016\/06\/canstockphoto34468807-1.jpg","contentUrl":"https:\/\/www.gold.fr\/news\/wp-content\/uploads\/2016\/06\/canstockphoto34468807-1.jpg","width":800,"height":480,"caption":"BREXIT : Les cons\u00e9quences sur le cours de l'Or par Laurent Schwartz"},{"@type":"BreadcrumbList","@id":"https:\/\/www.gold.fr\/news\/2016\/07\/11\/19785\/#breadcrumb","itemListElement":[{"@type":"ListItem","position":1,"name":"Accueil","item":"https:\/\/www.gold.fr\/"},{"@type":"ListItem","position":2,"name":"Actualit\u00e9s","item":"https:\/\/www.gold.fr\/news\/"},{"@type":"ListItem","position":3,"name":"March\u00e9s : Retour du spectre \u2018Brexit\u2019"}]},{"@type":"WebSite","@id":"https:\/\/www.gold.fr\/news\/#website","url":"https:\/\/www.gold.fr\/news\/","name":"Gold.fr","description":"Actualit\u00e9s de l&#039;Or et des m\u00e9taux pr\u00e9cieux","potentialAction":[{"@type":"SearchAction","target":{"@type":"EntryPoint","urlTemplate":"https:\/\/www.gold.fr\/news\/?s={search_term_string}"},"query-input":{"@type":"PropertyValueSpecification","valueRequired":true,"valueName":"search_term_string"}}],"inLanguage":"fr-FR"},{"@type":"Person","@id":"https:\/\/www.gold.fr\/news\/#\/schema\/person\/070491b4b4fb7671bf59b3be20302ce9","name":"Comptoir National de l'Or","image":{"@type":"ImageObject","inLanguage":"fr-FR","@id":"https:\/\/secure.gravatar.com\/avatar\/0a2867fd5abe37bed95d5a65e9d58f01756e11efc68af9888dfc50cfa7f65948?s=96&d=mm&r=gb490554db0a38188709de567aa58480d","url":"https:\/\/secure.gravatar.com\/avatar\/0a2867fd5abe37bed95d5a65e9d58f01756e11efc68af9888dfc50cfa7f65948?s=96&d=mm&r=g","contentUrl":"https:\/\/secure.gravatar.com\/avatar\/0a2867fd5abe37bed95d5a65e9d58f01756e11efc68af9888dfc50cfa7f65948?s=96&d=mm&r=g","caption":"Comptoir National de l'Or"},"description":"Notre r\u00e9daction est constitu\u00e9e de membres experts dans les m\u00e9tiers de l'\u00e9conomie et la gestion, des Responsables d'agence Comptoir National de l'Or, des analystes financiers qui publient r\u00e9guli\u00e8rement des \u00e9tudes sur les politiques des banques centrales, le cours de l'or, prix de l'or, cours de l'argent, prix de l'argent, cours du platine, cours du palladium,... la situation en zone euro et l'impact de la strat\u00e9gie mon\u00e9taire de la FED. Notre \u00e9quipe scrute \u00e9galement une information plus g\u00e9n\u00e9raliste \u00e0 la recherche d'actualit\u00e9 \"p\u00e9pite\" \u00e0 vous partager. Depuis 5 ans, nous avons publi\u00e9 un peu plus de 4000 articles qui s'adressent \u00e0 un public large et vari\u00e9 ayant pour objectif de satisfaire votre curiosit\u00e9 et de partager avec vous une certaine fascination pour le m\u00e9tal jaune, le rachat d'or, et pour ceux qui veulent investir dans l'or, vendre leur or tout simplement en savoir plus... Pour tous vos achat or et argent, n'h\u00e9sitez pas \u00e0 prendre rendez-vous dans l'un de nos nombreux comptoirs.","sameAs":["https:\/\/www.gold.fr"]}]}},"authors":[{"term_id":2565,"user_id":18,"is_guest":0,"slug":"julie","display_name":"Comptoir National de l'Or","avatar_url":"https:\/\/secure.gravatar.com\/avatar\/713f289e398d35ead876c4a4cc08607f0d6d266058cfc25683fffb6092d0e572?s=96&d=mm&r=g","0":null,"1":"","2":"","3":"","4":"","5":"","6":"","7":"","8":""}],"_links":{"self":[{"href":"https:\/\/www.gold.fr\/news\/wp-json\/wp\/v2\/posts\/19785","targetHints":{"allow":["GET"]}}],"collection":[{"href":"https:\/\/www.gold.fr\/news\/wp-json\/wp\/v2\/posts"}],"about":[{"href":"https:\/\/www.gold.fr\/news\/wp-json\/wp\/v2\/types\/post"}],"author":[{"embeddable":true,"href":"https:\/\/www.gold.fr\/news\/wp-json\/wp\/v2\/users\/18"}],"replies":[{"embeddable":true,"href":"https:\/\/www.gold.fr\/news\/wp-json\/wp\/v2\/comments?post=19785"}],"version-history":[{"count":0,"href":"https:\/\/www.gold.fr\/news\/wp-json\/wp\/v2\/posts\/19785\/revisions"}],"wp:featuredmedia":[{"embeddable":true,"href":"https:\/\/www.gold.fr\/news\/wp-json\/wp\/v2\/media\/19698"}],"wp:attachment":[{"href":"https:\/\/www.gold.fr\/news\/wp-json\/wp\/v2\/media?parent=19785"}],"wp:term":[{"taxonomy":"category","embeddable":true,"href":"https:\/\/www.gold.fr\/news\/wp-json\/wp\/v2\/categories?post=19785"},{"taxonomy":"post_tag","embeddable":true,"href":"https:\/\/www.gold.fr\/news\/wp-json\/wp\/v2\/tags?post=19785"},{"taxonomy":"author","embeddable":true,"href":"https:\/\/www.gold.fr\/news\/wp-json\/wp\/v2\/ppma_author?post=19785"}],"curies":[{"name":"wp","href":"https:\/\/api.w.org\/{rel}","templated":true}]}}