{"id":19778,"date":"2016-07-08T16:00:37","date_gmt":"2016-07-08T14:00:37","guid":{"rendered":"https:\/\/www.gold.fr\/news\/?p=19778"},"modified":"2018-04-13T16:38:45","modified_gmt":"2018-04-13T14:38:45","slug":"lonce-a-sommet-bi-annuel-booste-lincertitude-fed-2","status":"publish","type":"post","link":"https:\/\/www.gold.fr\/news\/2016\/07\/08\/lonce-a-sommet-bi-annuel-booste-lincertitude-fed-2\/","title":{"rendered":"L\u2019once \u00e0 un sommet bi-annuel, boost\u00e9 par l\u2019incertitude FED"},"content":{"rendered":"<p>Le prix de <a href=\"https:\/\/www.gold.fr\/once-or-nyc\/\" target=\"_blank\" rel=\"noopener\">l\u2019once<\/a> n&rsquo;avait pas atteint ce niveau depuis le mois d&rsquo;ao\u00fbt 2014. Apr\u00e8s un d\u00e9but de mois de juin fortement marqu\u00e9 par l&rsquo;incertitude et la prudence, le <a class=\"esk-seo-plu-link\" href=\"https:\/\/www.gold.fr\/news\/tags\/or\">m\u00e9tal jaune<\/a> a finalement r\u00e9ussi \u00e0 briser la r\u00e9sistance technique et psychologique des <strong>1 300 <a class=\"esk-seo-plu-link\" href=\"https:\/\/www.gold.fr\/news\/tags\/investissement\">dollars<\/a><\/strong>. Ce mouvement de hausse devrait \u00eatre maintenu jusqu&rsquo;\u00e0 la fin du mois (semaine du 23 juin), date \u00e0 laquelle aura lieu le point d&rsquo;orgue \u00e9conomique du trimestre ; le r\u00e9f\u00e9rendum britannique autour du \u2018<strong>Brexit<\/strong>&lsquo;.<\/p>\n<h2>Le <a class=\"esk-seo-plu-link\" href=\"https:\/\/www.gold.fr\/news\/tags\/or\">m\u00e9tal jaune<\/a> a un sommet bi-annuel<\/h2>\n<p><img loading=\"lazy\" decoding=\"async\" class=\"alignleft wp-image-3687 size-thumbnail\" title=\"L\u2019once \u00e0 un sommet bi-annuel, boost\u00e9 par l\u2019incertitude FED\" src=\"https:\/\/www.gold.fr\/news\/wp-content\/uploads\/2011\/11\/Once-or-21-150x150.jpg\" alt=\"L\u2019once \u00e0 un sommet bi-annuel, boost\u00e9 par l\u2019incertitude FED\" width=\"150\" height=\"150\" \/>Si le <a class=\"esk-seo-plu-link\" href=\"https:\/\/www.gold.fr\/news\/tags\/or\">m\u00e9tal jaune<\/a> atteint un sommet bi-annuel, en <a class=\"esk-seo-plu-link\" href=\"https:\/\/www.gold.fr\/news\/tags\/investissement\">dollars<\/a>, sa progression en monnaie unique demeure plus relative, puisqu&rsquo;il ne marque qu&rsquo;un plus-haut trimestriel en <a class=\"esk-seo-plu-link\" href=\"https:\/\/www.gold.fr\/news\/tags\/investissement\">euros<\/a>.\u00a0Ce d\u00e9calage est essentiellement d\u00fb \u00e0 l&rsquo;actualit\u00e9 de la <strong>FED<\/strong> de cette semaine.<\/p>\n<p>La derni\u00e8re r\u00e9union du <strong>FOMC<\/strong> s&rsquo;est en effet achev\u00e9e, mercredi dernier, sur un non-\u00e9v\u00e9nement, comme escompt\u00e9 par le consensus expert. L&rsquo;institution a annonc\u00e9 le maintien d&rsquo;un statu quo (pas de rel\u00e8vement des taux d&rsquo;int\u00e9r\u00eat directeurs) qui traduit sa prudence, \u00e0 une semaine du vote britannique pour savoir si <strong>l&rsquo;Angleterre<\/strong> quittera <strong>l&rsquo;Union Europ\u00e9enne<\/strong>. Le ton tr\u00e8s \u2018<em>faucon<\/em>&lsquo;, r\u00e9cemment adopt\u00e9 par <strong>Yellen<\/strong> et ses coll\u00e8gues, avait progressivement c\u00e9d\u00e9 la place \u00e0 cette strat\u00e9gie de m\u00e9fiance suite \u00e0 la publication d&rsquo;un rapport de l&#8217;emploi <strong>US<\/strong> qualifi\u00e9 de \u00ab <em>d\u00e9sastreux<\/em> \u00bb.<\/p>\n<p>Du coup, le dollar s&rsquo;est retrouv\u00e9 en berne, sur fond d&rsquo;un retour du pessimisme sur les march\u00e9s d&rsquo;<a class=\"esk-seo-plu-link\" href=\"https:\/\/www.gold.fr\/news\/tags\/investissement\">investissement<\/a>. Si la perspective d&rsquo;un nouveau \u2018<em>tour de vis<\/em>&lsquo; mon\u00e9taire demeure envisageable \u00e0 chaque r\u00e9union du comit\u00e9 de la <strong>FED<\/strong>, pour l&rsquo;heure, l&rsquo;institution s&rsquo;abstient de \u00ab <em>s&rsquo;engager sur un rythme ou sur un calendrier des prochains mouvements<\/em> \u00bb. Chez <strong>Aurel BGC<\/strong>, on souligne \u00e9galement que <strong>Yellen<\/strong> elle-m\u00eame admet que \u00ab <em>les membres du FOMC sont dans le brouillard<\/em> \u00bb, ce qui constitue \u00ab <em>un \u00e9l\u00e9ment pas forc\u00e9ment tr\u00e8s rassurant pour les investisseurs<\/em> \u00bb. Les op\u00e9rateurs d\u00e9sirant investir dans l&rsquo;\u00e9conomie am\u00e9ricaine sont en effet en droit de refuser toute prise de risque, dans un contexte o\u00f9 \u00ab <em>les banquiers centraux indiquent n&rsquo;avoir aucune visibilit\u00e9 sur la croissance \u00e9conomique des prochains trimestres<\/em> \u00bb.<\/p>\n<p>Ce manque de visibilit\u00e9 tire aujourd&rsquo;hui le rendement des taux longs am\u00e9ricains vers le bas, \u00e0 l&rsquo;image du taux de l&#8217;emprunt d&rsquo;Etat f\u00e9d\u00e9ral \u00e0 dix ans, qui s&rsquo;est repli\u00e9 vers <strong>1,56%<\/strong>, jeudi, ce qui constitue sa pire performance depuis la fin de l&rsquo;ann\u00e9e 2012, alors qu&rsquo;il avoisinait les <strong>1,85%<\/strong> au d\u00e9but du mois.<\/p>\n<h2>L&rsquo;<a class=\"esk-seo-plu-link\" href=\"https:\/\/www.gold.fr\/news\/tags\/or\">or<\/a> au profit de la conjoncture \u00e9conomique<\/h2>\n<p>Avec son rendement nul, l&rsquo;<a class=\"esk-seo-plu-link\" href=\"https:\/\/www.gold.fr\/news\/tags\/or\">or<\/a> profite automatiquement de ce type de conjoncture \u00e9conomique. Le consensus \u00e9conomiste table sur une continuit\u00e9 du mouvement haussier de l&rsquo;<a class=\"esk-seo-plu-link\" href=\"https:\/\/www.gold.fr\/news\/tags\/or\">or<\/a>, dans la mesure o\u00f9 le dernier communiqu\u00e9 <strong>FOMC\/FED<\/strong> a r\u00e9v\u00e9l\u00e9 un diagnostic plut\u00f4t pessimiste de la situation \u00e9conomique du pays. Les membres du comit\u00e9 ont en effet revu \u00e0 la baisse leurs pr\u00e9visions de croissance pour 2016 et 2017, estimant \u00ab <em>inqui\u00e9tants<\/em> \u00bb les derni\u00e8res statistiques de l&#8217;emploi.<\/p>\n<p>Ce bilan vient renforcer le consensus pr\u00e9visionnel des experts qui ram\u00e8nent la probabilit\u00e9 d&rsquo;un rel\u00e8vement des taux au mois de juillet (lors de la prochaine r\u00e9union FOMC) \u00e0 z\u00e9ro. Rappelons toutefois que la <strong>FED<\/strong> affirme aujourd&rsquo;hui s&rsquo;attendre \u00e0 une \u00ab <em>am\u00e9lioration sur le march\u00e9 du travail apr\u00e8s le ralentissement observ\u00e9 r\u00e9cemment<\/em> \u00bb, expliquant qu&rsquo;un tour de vis mon\u00e9taire serait \u00ab <em>moins offensif \u00e0 partir de l&rsquo;an prochain<\/em> \u00bb.<\/p>\n<p>Le communiqu\u00e9 pr\u00e9voit trois rel\u00e8vements de taux par an, \u00e0 partir de 2017. Notons enfin que, c\u00f4t\u00e9 <strong>ETF<\/strong> aurif\u00e8res, la masse de lingots adoss\u00e9e au <strong>SPDR Gold Shares<\/strong> s&rsquo;est propuls\u00e9e, jeudi, au-del\u00e0 des <strong>900 tonnes<\/strong>, ce qui repr\u00e9sente son plus-haut annuel ainsi qu&rsquo;une progression dans le vert de l&rsquo;ordre de <strong>40%<\/strong>, depuis le mois de d\u00e9cembre dernier.<\/p>\n<!-- AddThis Advanced Settings generic via filter on the_content --><!-- AddThis Share Buttons generic via filter on the_content -->","protected":false},"excerpt":{"rendered":"<p>Le prix de l\u2019once n&rsquo;avait pas atteint ce niveau depuis le mois d&rsquo;ao\u00fbt 2014. Apr\u00e8s un d\u00e9but de mois de juin fortement marqu\u00e9 par l&rsquo;incertitude et la prudence, le m\u00e9tal jaune a finalement r\u00e9ussi \u00e0 briser [&hellip;]<\/p>\n","protected":false},"author":18,"featured_media":3687,"comment_status":"open","ping_status":"open","sticky":false,"template":"","format":"standard","meta":{"_mbp_gutenberg_autopost":false,"_pgmb_is_evergreen":false,"_pgmb_ap_template_id":0,"footnotes":""},"categories":[6],"tags":[2345,2163,2211,1837,918,2258,144,1034,2346,2335,932,317,2271,1204,1810],"ppma_author":[2565],"class_list":["post-19778","post","type-post","status-publish","format-standard","has-post-thumbnail","hentry","category-articles-de-presse","tag-angleterre","tag-aurel-bgc","tag-brexit","tag-conjoncture-economique","tag-etf","tag-faucon","tag-fed","tag-fomc","tag-fomcfed","tag-lunion-europeenne","tag-metal-jaune","tag-once","tag-spdr-gold-shares","tag-us","tag-yellen"],"yoast_head":"<!-- This site is optimized with the Yoast SEO plugin v27.5 - https:\/\/yoast.com\/product\/yoast-seo-wordpress\/ -->\n<title>L\u2019once \u00e0 un sommet bi-annuel, boost\u00e9 par l\u2019incertitude FED<\/title>\n<meta name=\"description\" content=\"Le prix de l\u2019once n\u2019avait pas atteint ce niveau depuis le mois d\u2019ao\u00fbt 2014. Apr\u00e8s un d\u00e9but de mois de juin fortement marqu\u00e9 par l\u2019ince...\" \/>\n<meta name=\"robots\" content=\"index, follow, max-snippet:-1, max-image-preview:large, max-video-preview:-1\" \/>\n<link rel=\"canonical\" href=\"https:\/\/www.gold.fr\/news\/2016\/07\/08\/lonce-a-sommet-bi-annuel-booste-lincertitude-fed-2\/\" \/>\n<meta property=\"og:locale\" content=\"fr_FR\" \/>\n<meta property=\"og:type\" content=\"article\" \/>\n<meta property=\"og:title\" content=\"L\u2019once \u00e0 un sommet bi-annuel, boost\u00e9 par l\u2019incertitude FED\" \/>\n<meta property=\"og:description\" content=\"Le prix de l\u2019once n\u2019avait pas atteint ce niveau depuis le mois d\u2019ao\u00fbt 2014. Apr\u00e8s un d\u00e9but de mois de juin fortement marqu\u00e9 par l\u2019ince...\" \/>\n<meta property=\"og:url\" content=\"https:\/\/www.gold.fr\/news\/2016\/07\/08\/lonce-a-sommet-bi-annuel-booste-lincertitude-fed-2\/\" \/>\n<meta property=\"og:site_name\" content=\"Gold.fr\" \/>\n<meta property=\"article:publisher\" content=\"https:\/\/www.facebook.com\/Goldfr\/\" \/>\n<meta property=\"article:published_time\" content=\"2016-07-08T14:00:37+00:00\" \/>\n<meta property=\"article:modified_time\" content=\"2018-04-13T14:38:45+00:00\" \/>\n<meta property=\"og:image\" content=\"https:\/\/www.gold.fr\/news\/wp-content\/uploads\/2011\/11\/Once-or-21-e1320920348187.jpg\" \/>\n\t<meta property=\"og:image:width\" content=\"600\" \/>\n\t<meta property=\"og:image:height\" content=\"404\" \/>\n\t<meta property=\"og:image:type\" content=\"image\/jpeg\" \/>\n<meta name=\"author\" content=\"Comptoir National de l&#039;Or\" \/>\n<meta name=\"twitter:card\" content=\"summary_large_image\" \/>\n<meta name=\"twitter:label1\" content=\"\u00c9crit par\" \/>\n\t<meta name=\"twitter:data1\" content=\"Comptoir National de l&#039;Or\" \/>\n\t<meta name=\"twitter:label2\" content=\"Dur\u00e9e de lecture estim\u00e9e\" \/>\n\t<meta name=\"twitter:data2\" content=\"3 minutes\" \/>\n<script type=\"application\/ld+json\" class=\"yoast-schema-graph\">{\"@context\":\"https:\\\/\\\/schema.org\",\"@graph\":[{\"@type\":\"Article\",\"@id\":\"https:\\\/\\\/www.gold.fr\\\/news\\\/2016\\\/07\\\/08\\\/lonce-a-sommet-bi-annuel-booste-lincertitude-fed-2\\\/#article\",\"isPartOf\":{\"@id\":\"https:\\\/\\\/www.gold.fr\\\/news\\\/2016\\\/07\\\/08\\\/lonce-a-sommet-bi-annuel-booste-lincertitude-fed-2\\\/\"},\"author\":{\"name\":\"Comptoir National de l'Or\",\"@id\":\"https:\\\/\\\/www.gold.fr\\\/news\\\/#\\\/schema\\\/person\\\/070491b4b4fb7671bf59b3be20302ce9\"},\"headline\":\"L\u2019once \u00e0 un sommet bi-annuel, boost\u00e9 par l\u2019incertitude FED\",\"datePublished\":\"2016-07-08T14:00:37+00:00\",\"dateModified\":\"2018-04-13T14:38:45+00:00\",\"mainEntityOfPage\":{\"@id\":\"https:\\\/\\\/www.gold.fr\\\/news\\\/2016\\\/07\\\/08\\\/lonce-a-sommet-bi-annuel-booste-lincertitude-fed-2\\\/\"},\"wordCount\":676,\"commentCount\":0,\"image\":{\"@id\":\"https:\\\/\\\/www.gold.fr\\\/news\\\/2016\\\/07\\\/08\\\/lonce-a-sommet-bi-annuel-booste-lincertitude-fed-2\\\/#primaryimage\"},\"thumbnailUrl\":\"https:\\\/\\\/www.gold.fr\\\/news\\\/wp-content\\\/uploads\\\/2011\\\/11\\\/Once-or-21-e1320920348187.jpg\",\"keywords\":[\"Angleterre\",\"Aurel BGC\",\"Brexit\",\"conjoncture \u00e9conomique\",\"ETF\",\"faucon\",\"fed\",\"FOMC\",\"FOMC\\\/FED\",\"l'Union Europ\u00e9enne\",\"M\u00e9tal jaune\",\"once\",\"SPDR Gold Shares\",\"US\",\"yellen\"],\"articleSection\":[\"Articles de presse\"],\"inLanguage\":\"fr-FR\"},{\"@type\":\"WebPage\",\"@id\":\"https:\\\/\\\/www.gold.fr\\\/news\\\/2016\\\/07\\\/08\\\/lonce-a-sommet-bi-annuel-booste-lincertitude-fed-2\\\/\",\"url\":\"https:\\\/\\\/www.gold.fr\\\/news\\\/2016\\\/07\\\/08\\\/lonce-a-sommet-bi-annuel-booste-lincertitude-fed-2\\\/\",\"name\":\"L\u2019once \u00e0 un sommet bi-annuel, boost\u00e9 par l\u2019incertitude FED\",\"isPartOf\":{\"@id\":\"https:\\\/\\\/www.gold.fr\\\/news\\\/#website\"},\"primaryImageOfPage\":{\"@id\":\"https:\\\/\\\/www.gold.fr\\\/news\\\/2016\\\/07\\\/08\\\/lonce-a-sommet-bi-annuel-booste-lincertitude-fed-2\\\/#primaryimage\"},\"image\":{\"@id\":\"https:\\\/\\\/www.gold.fr\\\/news\\\/2016\\\/07\\\/08\\\/lonce-a-sommet-bi-annuel-booste-lincertitude-fed-2\\\/#primaryimage\"},\"thumbnailUrl\":\"https:\\\/\\\/www.gold.fr\\\/news\\\/wp-content\\\/uploads\\\/2011\\\/11\\\/Once-or-21-e1320920348187.jpg\",\"datePublished\":\"2016-07-08T14:00:37+00:00\",\"dateModified\":\"2018-04-13T14:38:45+00:00\",\"author\":{\"@id\":\"https:\\\/\\\/www.gold.fr\\\/news\\\/#\\\/schema\\\/person\\\/070491b4b4fb7671bf59b3be20302ce9\"},\"description\":\"Le prix de l\u2019once n\u2019avait pas atteint ce niveau depuis le mois d\u2019ao\u00fbt 2014. Apr\u00e8s un d\u00e9but de mois de juin fortement marqu\u00e9 par l\u2019ince...\",\"breadcrumb\":{\"@id\":\"https:\\\/\\\/www.gold.fr\\\/news\\\/2016\\\/07\\\/08\\\/lonce-a-sommet-bi-annuel-booste-lincertitude-fed-2\\\/#breadcrumb\"},\"inLanguage\":\"fr-FR\",\"potentialAction\":[{\"@type\":\"ReadAction\",\"target\":[\"https:\\\/\\\/www.gold.fr\\\/news\\\/2016\\\/07\\\/08\\\/lonce-a-sommet-bi-annuel-booste-lincertitude-fed-2\\\/\"]}]},{\"@type\":\"ImageObject\",\"inLanguage\":\"fr-FR\",\"@id\":\"https:\\\/\\\/www.gold.fr\\\/news\\\/2016\\\/07\\\/08\\\/lonce-a-sommet-bi-annuel-booste-lincertitude-fed-2\\\/#primaryimage\",\"url\":\"https:\\\/\\\/www.gold.fr\\\/news\\\/wp-content\\\/uploads\\\/2011\\\/11\\\/Once-or-21-e1320920348187.jpg\",\"contentUrl\":\"https:\\\/\\\/www.gold.fr\\\/news\\\/wp-content\\\/uploads\\\/2011\\\/11\\\/Once-or-21-e1320920348187.jpg\",\"width\":\"600\",\"height\":\"404\",\"caption\":\"L\u2019once d\u2019or se remet au vert\"},{\"@type\":\"BreadcrumbList\",\"@id\":\"https:\\\/\\\/www.gold.fr\\\/news\\\/2016\\\/07\\\/08\\\/lonce-a-sommet-bi-annuel-booste-lincertitude-fed-2\\\/#breadcrumb\",\"itemListElement\":[{\"@type\":\"ListItem\",\"position\":1,\"name\":\"Accueil\",\"item\":\"https:\\\/\\\/www.gold.fr\\\/\"},{\"@type\":\"ListItem\",\"position\":2,\"name\":\"Actualit\u00e9s\",\"item\":\"https:\\\/\\\/www.gold.fr\\\/news\\\/\"},{\"@type\":\"ListItem\",\"position\":3,\"name\":\"L\u2019once \u00e0 un sommet bi-annuel, boost\u00e9 par l\u2019incertitude FED\"}]},{\"@type\":\"WebSite\",\"@id\":\"https:\\\/\\\/www.gold.fr\\\/news\\\/#website\",\"url\":\"https:\\\/\\\/www.gold.fr\\\/news\\\/\",\"name\":\"Gold.fr\",\"description\":\"Actualit\u00e9s de l&#039;Or et des m\u00e9taux pr\u00e9cieux\",\"potentialAction\":[{\"@type\":\"SearchAction\",\"target\":{\"@type\":\"EntryPoint\",\"urlTemplate\":\"https:\\\/\\\/www.gold.fr\\\/news\\\/?s={search_term_string}\"},\"query-input\":{\"@type\":\"PropertyValueSpecification\",\"valueRequired\":true,\"valueName\":\"search_term_string\"}}],\"inLanguage\":\"fr-FR\"},{\"@type\":\"Person\",\"@id\":\"https:\\\/\\\/www.gold.fr\\\/news\\\/#\\\/schema\\\/person\\\/070491b4b4fb7671bf59b3be20302ce9\",\"name\":\"Comptoir National de l'Or\",\"image\":{\"@type\":\"ImageObject\",\"inLanguage\":\"fr-FR\",\"@id\":\"https:\\\/\\\/secure.gravatar.com\\\/avatar\\\/0a2867fd5abe37bed95d5a65e9d58f01756e11efc68af9888dfc50cfa7f65948?s=96&d=mm&r=gb490554db0a38188709de567aa58480d\",\"url\":\"https:\\\/\\\/secure.gravatar.com\\\/avatar\\\/0a2867fd5abe37bed95d5a65e9d58f01756e11efc68af9888dfc50cfa7f65948?s=96&d=mm&r=g\",\"contentUrl\":\"https:\\\/\\\/secure.gravatar.com\\\/avatar\\\/0a2867fd5abe37bed95d5a65e9d58f01756e11efc68af9888dfc50cfa7f65948?s=96&d=mm&r=g\",\"caption\":\"Comptoir National de l'Or\"},\"description\":\"Notre r\u00e9daction est constitu\u00e9e de membres experts dans les m\u00e9tiers de l'\u00e9conomie et la gestion, des Responsables d'agence Comptoir National de l'Or, des analystes financiers qui publient r\u00e9guli\u00e8rement des \u00e9tudes sur les politiques des banques centrales, le cours de l'or, prix de l'or, cours de l'argent, prix de l'argent, cours du platine, cours du palladium,... la situation en zone euro et l'impact de la strat\u00e9gie mon\u00e9taire de la FED. Notre \u00e9quipe scrute \u00e9galement une information plus g\u00e9n\u00e9raliste \u00e0 la recherche d'actualit\u00e9 \\\"p\u00e9pite\\\" \u00e0 vous partager. Depuis 5 ans, nous avons publi\u00e9 un peu plus de 4000 articles qui s'adressent \u00e0 un public large et vari\u00e9 ayant pour objectif de satisfaire votre curiosit\u00e9 et de partager avec vous une certaine fascination pour le m\u00e9tal jaune, le rachat d'or, et pour ceux qui veulent investir dans l'or, vendre leur or tout simplement en savoir plus... Pour tous vos achat or et argent, n'h\u00e9sitez pas \u00e0 prendre rendez-vous dans l'un de nos nombreux comptoirs.\",\"sameAs\":[\"https:\\\/\\\/www.gold.fr\"]}]}<\/script>\n<!-- \/ Yoast SEO plugin. -->","yoast_head_json":{"title":"L\u2019once \u00e0 un sommet bi-annuel, boost\u00e9 par l\u2019incertitude FED","description":"Le prix de l\u2019once n\u2019avait pas atteint ce niveau depuis le mois d\u2019ao\u00fbt 2014. Apr\u00e8s un d\u00e9but de mois de juin fortement marqu\u00e9 par l\u2019ince...","robots":{"index":"index","follow":"follow","max-snippet":"max-snippet:-1","max-image-preview":"max-image-preview:large","max-video-preview":"max-video-preview:-1"},"canonical":"https:\/\/www.gold.fr\/news\/2016\/07\/08\/lonce-a-sommet-bi-annuel-booste-lincertitude-fed-2\/","og_locale":"fr_FR","og_type":"article","og_title":"L\u2019once \u00e0 un sommet bi-annuel, boost\u00e9 par l\u2019incertitude FED","og_description":"Le prix de l\u2019once n\u2019avait pas atteint ce niveau depuis le mois d\u2019ao\u00fbt 2014. Apr\u00e8s un d\u00e9but de mois de juin fortement marqu\u00e9 par l\u2019ince...","og_url":"https:\/\/www.gold.fr\/news\/2016\/07\/08\/lonce-a-sommet-bi-annuel-booste-lincertitude-fed-2\/","og_site_name":"Gold.fr","article_publisher":"https:\/\/www.facebook.com\/Goldfr\/","article_published_time":"2016-07-08T14:00:37+00:00","article_modified_time":"2018-04-13T14:38:45+00:00","og_image":[{"width":600,"height":404,"url":"https:\/\/www.gold.fr\/news\/wp-content\/uploads\/2011\/11\/Once-or-21-e1320920348187.jpg","type":"image\/jpeg"}],"author":"Comptoir National de l'Or","twitter_card":"summary_large_image","twitter_misc":{"\u00c9crit par":"Comptoir National de l'Or","Dur\u00e9e de lecture estim\u00e9e":"3 minutes"},"schema":{"@context":"https:\/\/schema.org","@graph":[{"@type":"Article","@id":"https:\/\/www.gold.fr\/news\/2016\/07\/08\/lonce-a-sommet-bi-annuel-booste-lincertitude-fed-2\/#article","isPartOf":{"@id":"https:\/\/www.gold.fr\/news\/2016\/07\/08\/lonce-a-sommet-bi-annuel-booste-lincertitude-fed-2\/"},"author":{"name":"Comptoir National de l'Or","@id":"https:\/\/www.gold.fr\/news\/#\/schema\/person\/070491b4b4fb7671bf59b3be20302ce9"},"headline":"L\u2019once \u00e0 un sommet bi-annuel, boost\u00e9 par l\u2019incertitude FED","datePublished":"2016-07-08T14:00:37+00:00","dateModified":"2018-04-13T14:38:45+00:00","mainEntityOfPage":{"@id":"https:\/\/www.gold.fr\/news\/2016\/07\/08\/lonce-a-sommet-bi-annuel-booste-lincertitude-fed-2\/"},"wordCount":676,"commentCount":0,"image":{"@id":"https:\/\/www.gold.fr\/news\/2016\/07\/08\/lonce-a-sommet-bi-annuel-booste-lincertitude-fed-2\/#primaryimage"},"thumbnailUrl":"https:\/\/www.gold.fr\/news\/wp-content\/uploads\/2011\/11\/Once-or-21-e1320920348187.jpg","keywords":["Angleterre","Aurel BGC","Brexit","conjoncture \u00e9conomique","ETF","faucon","fed","FOMC","FOMC\/FED","l'Union Europ\u00e9enne","M\u00e9tal jaune","once","SPDR Gold Shares","US","yellen"],"articleSection":["Articles de presse"],"inLanguage":"fr-FR"},{"@type":"WebPage","@id":"https:\/\/www.gold.fr\/news\/2016\/07\/08\/lonce-a-sommet-bi-annuel-booste-lincertitude-fed-2\/","url":"https:\/\/www.gold.fr\/news\/2016\/07\/08\/lonce-a-sommet-bi-annuel-booste-lincertitude-fed-2\/","name":"L\u2019once \u00e0 un sommet bi-annuel, boost\u00e9 par l\u2019incertitude FED","isPartOf":{"@id":"https:\/\/www.gold.fr\/news\/#website"},"primaryImageOfPage":{"@id":"https:\/\/www.gold.fr\/news\/2016\/07\/08\/lonce-a-sommet-bi-annuel-booste-lincertitude-fed-2\/#primaryimage"},"image":{"@id":"https:\/\/www.gold.fr\/news\/2016\/07\/08\/lonce-a-sommet-bi-annuel-booste-lincertitude-fed-2\/#primaryimage"},"thumbnailUrl":"https:\/\/www.gold.fr\/news\/wp-content\/uploads\/2011\/11\/Once-or-21-e1320920348187.jpg","datePublished":"2016-07-08T14:00:37+00:00","dateModified":"2018-04-13T14:38:45+00:00","author":{"@id":"https:\/\/www.gold.fr\/news\/#\/schema\/person\/070491b4b4fb7671bf59b3be20302ce9"},"description":"Le prix de l\u2019once n\u2019avait pas atteint ce niveau depuis le mois d\u2019ao\u00fbt 2014. Apr\u00e8s un d\u00e9but de mois de juin fortement marqu\u00e9 par l\u2019ince...","breadcrumb":{"@id":"https:\/\/www.gold.fr\/news\/2016\/07\/08\/lonce-a-sommet-bi-annuel-booste-lincertitude-fed-2\/#breadcrumb"},"inLanguage":"fr-FR","potentialAction":[{"@type":"ReadAction","target":["https:\/\/www.gold.fr\/news\/2016\/07\/08\/lonce-a-sommet-bi-annuel-booste-lincertitude-fed-2\/"]}]},{"@type":"ImageObject","inLanguage":"fr-FR","@id":"https:\/\/www.gold.fr\/news\/2016\/07\/08\/lonce-a-sommet-bi-annuel-booste-lincertitude-fed-2\/#primaryimage","url":"https:\/\/www.gold.fr\/news\/wp-content\/uploads\/2011\/11\/Once-or-21-e1320920348187.jpg","contentUrl":"https:\/\/www.gold.fr\/news\/wp-content\/uploads\/2011\/11\/Once-or-21-e1320920348187.jpg","width":"600","height":"404","caption":"L\u2019once d\u2019or se remet au vert"},{"@type":"BreadcrumbList","@id":"https:\/\/www.gold.fr\/news\/2016\/07\/08\/lonce-a-sommet-bi-annuel-booste-lincertitude-fed-2\/#breadcrumb","itemListElement":[{"@type":"ListItem","position":1,"name":"Accueil","item":"https:\/\/www.gold.fr\/"},{"@type":"ListItem","position":2,"name":"Actualit\u00e9s","item":"https:\/\/www.gold.fr\/news\/"},{"@type":"ListItem","position":3,"name":"L\u2019once \u00e0 un sommet bi-annuel, boost\u00e9 par l\u2019incertitude FED"}]},{"@type":"WebSite","@id":"https:\/\/www.gold.fr\/news\/#website","url":"https:\/\/www.gold.fr\/news\/","name":"Gold.fr","description":"Actualit\u00e9s de l&#039;Or et des m\u00e9taux pr\u00e9cieux","potentialAction":[{"@type":"SearchAction","target":{"@type":"EntryPoint","urlTemplate":"https:\/\/www.gold.fr\/news\/?s={search_term_string}"},"query-input":{"@type":"PropertyValueSpecification","valueRequired":true,"valueName":"search_term_string"}}],"inLanguage":"fr-FR"},{"@type":"Person","@id":"https:\/\/www.gold.fr\/news\/#\/schema\/person\/070491b4b4fb7671bf59b3be20302ce9","name":"Comptoir National de l'Or","image":{"@type":"ImageObject","inLanguage":"fr-FR","@id":"https:\/\/secure.gravatar.com\/avatar\/0a2867fd5abe37bed95d5a65e9d58f01756e11efc68af9888dfc50cfa7f65948?s=96&d=mm&r=gb490554db0a38188709de567aa58480d","url":"https:\/\/secure.gravatar.com\/avatar\/0a2867fd5abe37bed95d5a65e9d58f01756e11efc68af9888dfc50cfa7f65948?s=96&d=mm&r=g","contentUrl":"https:\/\/secure.gravatar.com\/avatar\/0a2867fd5abe37bed95d5a65e9d58f01756e11efc68af9888dfc50cfa7f65948?s=96&d=mm&r=g","caption":"Comptoir National de l'Or"},"description":"Notre r\u00e9daction est constitu\u00e9e de membres experts dans les m\u00e9tiers de l'\u00e9conomie et la gestion, des Responsables d'agence Comptoir National de l'Or, des analystes financiers qui publient r\u00e9guli\u00e8rement des \u00e9tudes sur les politiques des banques centrales, le cours de l'or, prix de l'or, cours de l'argent, prix de l'argent, cours du platine, cours du palladium,... la situation en zone euro et l'impact de la strat\u00e9gie mon\u00e9taire de la FED. Notre \u00e9quipe scrute \u00e9galement une information plus g\u00e9n\u00e9raliste \u00e0 la recherche d'actualit\u00e9 \"p\u00e9pite\" \u00e0 vous partager. Depuis 5 ans, nous avons publi\u00e9 un peu plus de 4000 articles qui s'adressent \u00e0 un public large et vari\u00e9 ayant pour objectif de satisfaire votre curiosit\u00e9 et de partager avec vous une certaine fascination pour le m\u00e9tal jaune, le rachat d'or, et pour ceux qui veulent investir dans l'or, vendre leur or tout simplement en savoir plus... Pour tous vos achat or et argent, n'h\u00e9sitez pas \u00e0 prendre rendez-vous dans l'un de nos nombreux comptoirs.","sameAs":["https:\/\/www.gold.fr"]}]}},"authors":[{"term_id":2565,"user_id":18,"is_guest":0,"slug":"julie","display_name":"Comptoir National de l'Or","avatar_url":"https:\/\/secure.gravatar.com\/avatar\/713f289e398d35ead876c4a4cc08607f0d6d266058cfc25683fffb6092d0e572?s=96&d=mm&r=g","0":null,"1":"","2":"","3":"","4":"","5":"","6":"","7":"","8":""}],"_links":{"self":[{"href":"https:\/\/www.gold.fr\/news\/wp-json\/wp\/v2\/posts\/19778","targetHints":{"allow":["GET"]}}],"collection":[{"href":"https:\/\/www.gold.fr\/news\/wp-json\/wp\/v2\/posts"}],"about":[{"href":"https:\/\/www.gold.fr\/news\/wp-json\/wp\/v2\/types\/post"}],"author":[{"embeddable":true,"href":"https:\/\/www.gold.fr\/news\/wp-json\/wp\/v2\/users\/18"}],"replies":[{"embeddable":true,"href":"https:\/\/www.gold.fr\/news\/wp-json\/wp\/v2\/comments?post=19778"}],"version-history":[{"count":0,"href":"https:\/\/www.gold.fr\/news\/wp-json\/wp\/v2\/posts\/19778\/revisions"}],"wp:featuredmedia":[{"embeddable":true,"href":"https:\/\/www.gold.fr\/news\/wp-json\/wp\/v2\/media\/3687"}],"wp:attachment":[{"href":"https:\/\/www.gold.fr\/news\/wp-json\/wp\/v2\/media?parent=19778"}],"wp:term":[{"taxonomy":"category","embeddable":true,"href":"https:\/\/www.gold.fr\/news\/wp-json\/wp\/v2\/categories?post=19778"},{"taxonomy":"post_tag","embeddable":true,"href":"https:\/\/www.gold.fr\/news\/wp-json\/wp\/v2\/tags?post=19778"},{"taxonomy":"author","embeddable":true,"href":"https:\/\/www.gold.fr\/news\/wp-json\/wp\/v2\/ppma_author?post=19778"}],"curies":[{"name":"wp","href":"https:\/\/api.w.org\/{rel}","templated":true}]}}