{"id":19768,"date":"2016-07-08T13:00:37","date_gmt":"2016-07-08T11:00:37","guid":{"rendered":"https:\/\/www.gold.fr\/news\/?p=19768"},"modified":"2018-07-05T09:48:24","modified_gmt":"2018-07-05T07:48:24","slug":"lonce-tente-de-stabiliser-fond-dinquietudes-brexit","status":"publish","type":"post","link":"https:\/\/www.gold.fr\/news\/2016\/07\/08\/lonce-tente-de-stabiliser-fond-dinquietudes-brexit\/","title":{"rendered":"L&rsquo;once tente de stabiliser, sur fond d&rsquo;inqui\u00e9tudes &lsquo;Brexit&rsquo;"},"content":{"rendered":"<p><img loading=\"lazy\" decoding=\"async\" class=\"alignleft wp-image-10167 size-thumbnail\" title=\"L'once tente de stabiliser, sur fond d'inqui\u00e9tudes 'Brexit'\" src=\"https:\/\/www.gold.fr\/news\/wp-content\/uploads\/2011\/03\/lingots-or-1kg-150x150.jpg\" alt=\"L'once tente de stabiliser, sur fond d'inqui\u00e9tudes 'Brexit'\" width=\"150\" height=\"150\" \/>L&rsquo;ensemble des march\u00e9s d&rsquo;<a class=\"esk-seo-plu-link\" href=\"https:\/\/www.gold.fr\/news\/tags\/investissement\">investissement<\/a> marquent un repli g\u00e9n\u00e9ralis\u00e9, en cette fin de semaine. Un mouvement essentiellement motiv\u00e9 par la m\u00e9fiance, sur fond de retour d&rsquo;inqui\u00e9tudes concernant l&rsquo;avenir de l&rsquo;\u00e9conomie britannique et de la zone <strong>euro<\/strong>, suite au vote du &lsquo;<em>Brexit<\/em>&lsquo;.<\/p>\n<p>Ces craintes ont \u00e9t\u00e9 raviv\u00e9es par la publication des &lsquo;<em>minutes<\/em>&lsquo; de la derni\u00e8re r\u00e9union de la banque centrale europ\u00e9enne (datant du mois dernier); le conseil des gouverneurs avait en effet convenu que le sc\u00e9nario (concr\u00e9tis\u00e9) d&rsquo;un <strong>Brexit<\/strong> serait \u00ab\u00a0<em>une source importante de volatilit\u00e9 \u00bb<\/em>.<\/p>\n<p>Le meeting, qui s&rsquo;est d\u00e9roul\u00e9 \u00e0 Vienne les 1er et 2 juin, a donn\u00e9 lieu \u00e0 un rapport traduisant clairement les inqui\u00e9tudes des repr\u00e9sentants des pays membres. Le document souligne ainsi qu&rsquo;il \u00ab\u00a0<em>pourrait y avoir des r\u00e9percussions significativement d\u00e9favorables, quoique difficiles \u00e0 anticiper, pour la zone euro par l&rsquo;interm\u00e9diaire d&rsquo;une s\u00e9rie de vecteurs, comme le commerce et les march\u00e9s financiers \u00bb<\/em>.<\/p>\n<p>Dans l&rsquo;ensemble, les gouverneurs europ\u00e9ens ont conclu que les perspectives de croissance \u00e9conomique de la zone devraient d\u00e9sormais \u00eatre n\u00e9gatives. Par ailleurs, la <strong>BCE<\/strong> a \u00e9galement confirm\u00e9 qu&rsquo;elle maintiendrait ses rachats mensuels d&rsquo;actifs \u00e0 <strong>80 milliards d&rsquo;<a class=\"esk-seo-plu-link\" href=\"https:\/\/www.gold.fr\/news\/tags\/investissement\">euros<\/a><\/strong> \u00ab\u00a0<em>jusqu&rsquo;en mars 2017 ou au-del\u00e0 si n\u00e9cessaire \u00bb<\/em>.<\/p>\n<p>Dans ce contexte, l&rsquo;<a class=\"esk-seo-plu-link\" href=\"https:\/\/www.gold.fr\/news\/tags\/or\">or<\/a> tente de stabiliser et ouvre la s\u00e9ance de ce <strong>vendredi 8 juillet 2016<\/strong> avec un <a href=\"https:\/\/www.gold.fr\/cours-or-prix-de-l-or\/\" target=\"_blank\" rel=\"noopener\">cours<\/a> de <strong>1,357.55 <a class=\"esk-seo-plu-link\" href=\"https:\/\/www.gold.fr\/news\/tags\/investissement\">dollars<\/a><\/strong> l&rsquo;<a href=\"https:\/\/www.gold.fr\/once-or-nyc\/\" target=\"_blank\" rel=\"noopener\">once<\/a>.<\/p>\n<!-- AddThis Advanced Settings generic via filter on the_content --><!-- AddThis Share Buttons generic via filter on the_content -->","protected":false},"excerpt":{"rendered":"<p>L&rsquo;ensemble des march\u00e9s d&rsquo;investissement marquent un repli g\u00e9n\u00e9ralis\u00e9, en cette fin de semaine. Un mouvement essentiellement motiv\u00e9 par la m\u00e9fiance, sur fond de retour d&rsquo;inqui\u00e9tudes concernant l&rsquo;avenir de l&rsquo;\u00e9conomie britannique et de la zone euro, suite [&hellip;]<\/p>\n","protected":false},"author":18,"featured_media":10167,"comment_status":"open","ping_status":"open","sticky":false,"template":"","format":"standard","meta":{"_mbp_gutenberg_autopost":false,"_pgmb_is_evergreen":false,"_pgmb_ap_template_id":0,"footnotes":""},"categories":[5],"tags":[385,84],"ppma_author":[2565],"class_list":["post-19768","post","type-post","status-publish","format-standard","has-post-thumbnail","hentry","category-flash-infos","tag-cours-de-lor-de-bourse","tag-cours-de-lor"],"yoast_head":"<!-- This site is optimized with the Yoast SEO plugin v27.5 - https:\/\/yoast.com\/product\/yoast-seo-wordpress\/ -->\n<title>L&#039;once tente de stabiliser, sur fond d&#039;inqui\u00e9tudes &#039;Brexit&#039;<\/title>\n<meta name=\"description\" content=\"L&#039;ensemble des march\u00e9s d&#039;investissement marquent un repli g\u00e9n\u00e9ralis\u00e9, en cette fin de semaine. Un mouvement essentiellement motiv\u00e9 par la ...\" \/>\n<meta name=\"robots\" content=\"index, follow, max-snippet:-1, max-image-preview:large, max-video-preview:-1\" \/>\n<link rel=\"canonical\" href=\"https:\/\/www.gold.fr\/news\/2016\/07\/08\/lonce-tente-de-stabiliser-fond-dinquietudes-brexit\/\" \/>\n<meta property=\"og:locale\" content=\"fr_FR\" \/>\n<meta property=\"og:type\" content=\"article\" \/>\n<meta property=\"og:title\" content=\"L&#039;once tente de stabiliser, sur fond d&#039;inqui\u00e9tudes &#039;Brexit&#039;\" \/>\n<meta property=\"og:description\" content=\"L&#039;ensemble des march\u00e9s d&#039;investissement marquent un repli g\u00e9n\u00e9ralis\u00e9, en cette fin de semaine. Un mouvement essentiellement motiv\u00e9 par la ...\" \/>\n<meta property=\"og:url\" content=\"https:\/\/www.gold.fr\/news\/2016\/07\/08\/lonce-tente-de-stabiliser-fond-dinquietudes-brexit\/\" \/>\n<meta property=\"og:site_name\" content=\"Gold.fr\" \/>\n<meta property=\"article:publisher\" content=\"https:\/\/www.facebook.com\/Goldfr\/\" \/>\n<meta property=\"article:published_time\" content=\"2016-07-08T11:00:37+00:00\" \/>\n<meta property=\"article:modified_time\" content=\"2018-07-05T07:48:24+00:00\" \/>\n<meta property=\"og:image\" content=\"https:\/\/www.gold.fr\/news\/wp-content\/uploads\/2011\/03\/lingots-or-1kg-e1473412427214.jpg\" \/>\n\t<meta property=\"og:image:width\" content=\"250\" \/>\n\t<meta property=\"og:image:height\" content=\"167\" \/>\n\t<meta property=\"og:image:type\" content=\"image\/jpeg\" \/>\n<meta name=\"author\" content=\"Comptoir National de l&#039;Or\" \/>\n<meta name=\"twitter:card\" content=\"summary_large_image\" \/>\n<meta name=\"twitter:label1\" content=\"\u00c9crit par\" \/>\n\t<meta name=\"twitter:data1\" content=\"Comptoir National de l&#039;Or\" \/>\n\t<meta name=\"twitter:label2\" content=\"Dur\u00e9e de lecture estim\u00e9e\" \/>\n\t<meta name=\"twitter:data2\" content=\"1 minute\" \/>\n<script type=\"application\/ld+json\" class=\"yoast-schema-graph\">{\"@context\":\"https:\\\/\\\/schema.org\",\"@graph\":[{\"@type\":\"Article\",\"@id\":\"https:\\\/\\\/www.gold.fr\\\/news\\\/2016\\\/07\\\/08\\\/lonce-tente-de-stabiliser-fond-dinquietudes-brexit\\\/#article\",\"isPartOf\":{\"@id\":\"https:\\\/\\\/www.gold.fr\\\/news\\\/2016\\\/07\\\/08\\\/lonce-tente-de-stabiliser-fond-dinquietudes-brexit\\\/\"},\"author\":{\"name\":\"Comptoir National de l'Or\",\"@id\":\"https:\\\/\\\/www.gold.fr\\\/news\\\/#\\\/schema\\\/person\\\/070491b4b4fb7671bf59b3be20302ce9\"},\"headline\":\"L&rsquo;once tente de stabiliser, sur fond d&rsquo;inqui\u00e9tudes &lsquo;Brexit&rsquo;\",\"datePublished\":\"2016-07-08T11:00:37+00:00\",\"dateModified\":\"2018-07-05T07:48:24+00:00\",\"mainEntityOfPage\":{\"@id\":\"https:\\\/\\\/www.gold.fr\\\/news\\\/2016\\\/07\\\/08\\\/lonce-tente-de-stabiliser-fond-dinquietudes-brexit\\\/\"},\"wordCount\":253,\"commentCount\":0,\"image\":{\"@id\":\"https:\\\/\\\/www.gold.fr\\\/news\\\/2016\\\/07\\\/08\\\/lonce-tente-de-stabiliser-fond-dinquietudes-brexit\\\/#primaryimage\"},\"thumbnailUrl\":\"https:\\\/\\\/www.gold.fr\\\/news\\\/wp-content\\\/uploads\\\/2011\\\/03\\\/lingots-or-1kg-e1473412427214.jpg\",\"keywords\":[\"cours de l'or de bourse\",\"Tout Cours de l'Or\"],\"articleSection\":[\"Flash infos\"],\"inLanguage\":\"fr-FR\"},{\"@type\":\"WebPage\",\"@id\":\"https:\\\/\\\/www.gold.fr\\\/news\\\/2016\\\/07\\\/08\\\/lonce-tente-de-stabiliser-fond-dinquietudes-brexit\\\/\",\"url\":\"https:\\\/\\\/www.gold.fr\\\/news\\\/2016\\\/07\\\/08\\\/lonce-tente-de-stabiliser-fond-dinquietudes-brexit\\\/\",\"name\":\"L'once tente de stabiliser, sur fond d'inqui\u00e9tudes 'Brexit'\",\"isPartOf\":{\"@id\":\"https:\\\/\\\/www.gold.fr\\\/news\\\/#website\"},\"primaryImageOfPage\":{\"@id\":\"https:\\\/\\\/www.gold.fr\\\/news\\\/2016\\\/07\\\/08\\\/lonce-tente-de-stabiliser-fond-dinquietudes-brexit\\\/#primaryimage\"},\"image\":{\"@id\":\"https:\\\/\\\/www.gold.fr\\\/news\\\/2016\\\/07\\\/08\\\/lonce-tente-de-stabiliser-fond-dinquietudes-brexit\\\/#primaryimage\"},\"thumbnailUrl\":\"https:\\\/\\\/www.gold.fr\\\/news\\\/wp-content\\\/uploads\\\/2011\\\/03\\\/lingots-or-1kg-e1473412427214.jpg\",\"datePublished\":\"2016-07-08T11:00:37+00:00\",\"dateModified\":\"2018-07-05T07:48:24+00:00\",\"author\":{\"@id\":\"https:\\\/\\\/www.gold.fr\\\/news\\\/#\\\/schema\\\/person\\\/070491b4b4fb7671bf59b3be20302ce9\"},\"description\":\"L'ensemble des march\u00e9s d'investissement marquent un repli g\u00e9n\u00e9ralis\u00e9, en cette fin de semaine. Un mouvement essentiellement motiv\u00e9 par la ...\",\"breadcrumb\":{\"@id\":\"https:\\\/\\\/www.gold.fr\\\/news\\\/2016\\\/07\\\/08\\\/lonce-tente-de-stabiliser-fond-dinquietudes-brexit\\\/#breadcrumb\"},\"inLanguage\":\"fr-FR\",\"potentialAction\":[{\"@type\":\"ReadAction\",\"target\":[\"https:\\\/\\\/www.gold.fr\\\/news\\\/2016\\\/07\\\/08\\\/lonce-tente-de-stabiliser-fond-dinquietudes-brexit\\\/\"]}]},{\"@type\":\"ImageObject\",\"inLanguage\":\"fr-FR\",\"@id\":\"https:\\\/\\\/www.gold.fr\\\/news\\\/2016\\\/07\\\/08\\\/lonce-tente-de-stabiliser-fond-dinquietudes-brexit\\\/#primaryimage\",\"url\":\"https:\\\/\\\/www.gold.fr\\\/news\\\/wp-content\\\/uploads\\\/2011\\\/03\\\/lingots-or-1kg-e1473412427214.jpg\",\"contentUrl\":\"https:\\\/\\\/www.gold.fr\\\/news\\\/wp-content\\\/uploads\\\/2011\\\/03\\\/lingots-or-1kg-e1473412427214.jpg\",\"width\":250,\"height\":167,\"caption\":\"L'once termine la semaine en \u00e9quilibre\"},{\"@type\":\"BreadcrumbList\",\"@id\":\"https:\\\/\\\/www.gold.fr\\\/news\\\/2016\\\/07\\\/08\\\/lonce-tente-de-stabiliser-fond-dinquietudes-brexit\\\/#breadcrumb\",\"itemListElement\":[{\"@type\":\"ListItem\",\"position\":1,\"name\":\"Accueil\",\"item\":\"https:\\\/\\\/www.gold.fr\\\/\"},{\"@type\":\"ListItem\",\"position\":2,\"name\":\"Actualit\u00e9s\",\"item\":\"https:\\\/\\\/www.gold.fr\\\/news\\\/\"},{\"@type\":\"ListItem\",\"position\":3,\"name\":\"L&rsquo;once tente de stabiliser, sur fond d&rsquo;inqui\u00e9tudes &lsquo;Brexit&rsquo;\"}]},{\"@type\":\"WebSite\",\"@id\":\"https:\\\/\\\/www.gold.fr\\\/news\\\/#website\",\"url\":\"https:\\\/\\\/www.gold.fr\\\/news\\\/\",\"name\":\"Gold.fr\",\"description\":\"Actualit\u00e9s de l&#039;Or et des m\u00e9taux pr\u00e9cieux\",\"potentialAction\":[{\"@type\":\"SearchAction\",\"target\":{\"@type\":\"EntryPoint\",\"urlTemplate\":\"https:\\\/\\\/www.gold.fr\\\/news\\\/?s={search_term_string}\"},\"query-input\":{\"@type\":\"PropertyValueSpecification\",\"valueRequired\":true,\"valueName\":\"search_term_string\"}}],\"inLanguage\":\"fr-FR\"},{\"@type\":\"Person\",\"@id\":\"https:\\\/\\\/www.gold.fr\\\/news\\\/#\\\/schema\\\/person\\\/070491b4b4fb7671bf59b3be20302ce9\",\"name\":\"Comptoir National de l'Or\",\"image\":{\"@type\":\"ImageObject\",\"inLanguage\":\"fr-FR\",\"@id\":\"https:\\\/\\\/secure.gravatar.com\\\/avatar\\\/0a2867fd5abe37bed95d5a65e9d58f01756e11efc68af9888dfc50cfa7f65948?s=96&d=mm&r=gb490554db0a38188709de567aa58480d\",\"url\":\"https:\\\/\\\/secure.gravatar.com\\\/avatar\\\/0a2867fd5abe37bed95d5a65e9d58f01756e11efc68af9888dfc50cfa7f65948?s=96&d=mm&r=g\",\"contentUrl\":\"https:\\\/\\\/secure.gravatar.com\\\/avatar\\\/0a2867fd5abe37bed95d5a65e9d58f01756e11efc68af9888dfc50cfa7f65948?s=96&d=mm&r=g\",\"caption\":\"Comptoir National de l'Or\"},\"description\":\"Notre r\u00e9daction est constitu\u00e9e de membres experts dans les m\u00e9tiers de l'\u00e9conomie et la gestion, des Responsables d'agence Comptoir National de l'Or, des analystes financiers qui publient r\u00e9guli\u00e8rement des \u00e9tudes sur les politiques des banques centrales, le cours de l'or, prix de l'or, cours de l'argent, prix de l'argent, cours du platine, cours du palladium,... la situation en zone euro et l'impact de la strat\u00e9gie mon\u00e9taire de la FED. Notre \u00e9quipe scrute \u00e9galement une information plus g\u00e9n\u00e9raliste \u00e0 la recherche d'actualit\u00e9 \\\"p\u00e9pite\\\" \u00e0 vous partager. Depuis 5 ans, nous avons publi\u00e9 un peu plus de 4000 articles qui s'adressent \u00e0 un public large et vari\u00e9 ayant pour objectif de satisfaire votre curiosit\u00e9 et de partager avec vous une certaine fascination pour le m\u00e9tal jaune, le rachat d'or, et pour ceux qui veulent investir dans l'or, vendre leur or tout simplement en savoir plus... Pour tous vos achat or et argent, n'h\u00e9sitez pas \u00e0 prendre rendez-vous dans l'un de nos nombreux comptoirs.\",\"sameAs\":[\"https:\\\/\\\/www.gold.fr\"]}]}<\/script>\n<!-- \/ Yoast SEO plugin. -->","yoast_head_json":{"title":"L'once tente de stabiliser, sur fond d'inqui\u00e9tudes 'Brexit'","description":"L'ensemble des march\u00e9s d'investissement marquent un repli g\u00e9n\u00e9ralis\u00e9, en cette fin de semaine. Un mouvement essentiellement motiv\u00e9 par la ...","robots":{"index":"index","follow":"follow","max-snippet":"max-snippet:-1","max-image-preview":"max-image-preview:large","max-video-preview":"max-video-preview:-1"},"canonical":"https:\/\/www.gold.fr\/news\/2016\/07\/08\/lonce-tente-de-stabiliser-fond-dinquietudes-brexit\/","og_locale":"fr_FR","og_type":"article","og_title":"L'once tente de stabiliser, sur fond d'inqui\u00e9tudes 'Brexit'","og_description":"L'ensemble des march\u00e9s d'investissement marquent un repli g\u00e9n\u00e9ralis\u00e9, en cette fin de semaine. Un mouvement essentiellement motiv\u00e9 par la ...","og_url":"https:\/\/www.gold.fr\/news\/2016\/07\/08\/lonce-tente-de-stabiliser-fond-dinquietudes-brexit\/","og_site_name":"Gold.fr","article_publisher":"https:\/\/www.facebook.com\/Goldfr\/","article_published_time":"2016-07-08T11:00:37+00:00","article_modified_time":"2018-07-05T07:48:24+00:00","og_image":[{"width":250,"height":167,"url":"https:\/\/www.gold.fr\/news\/wp-content\/uploads\/2011\/03\/lingots-or-1kg-e1473412427214.jpg","type":"image\/jpeg"}],"author":"Comptoir National de l'Or","twitter_card":"summary_large_image","twitter_misc":{"\u00c9crit par":"Comptoir National de l'Or","Dur\u00e9e de lecture estim\u00e9e":"1 minute"},"schema":{"@context":"https:\/\/schema.org","@graph":[{"@type":"Article","@id":"https:\/\/www.gold.fr\/news\/2016\/07\/08\/lonce-tente-de-stabiliser-fond-dinquietudes-brexit\/#article","isPartOf":{"@id":"https:\/\/www.gold.fr\/news\/2016\/07\/08\/lonce-tente-de-stabiliser-fond-dinquietudes-brexit\/"},"author":{"name":"Comptoir National de l'Or","@id":"https:\/\/www.gold.fr\/news\/#\/schema\/person\/070491b4b4fb7671bf59b3be20302ce9"},"headline":"L&rsquo;once tente de stabiliser, sur fond d&rsquo;inqui\u00e9tudes &lsquo;Brexit&rsquo;","datePublished":"2016-07-08T11:00:37+00:00","dateModified":"2018-07-05T07:48:24+00:00","mainEntityOfPage":{"@id":"https:\/\/www.gold.fr\/news\/2016\/07\/08\/lonce-tente-de-stabiliser-fond-dinquietudes-brexit\/"},"wordCount":253,"commentCount":0,"image":{"@id":"https:\/\/www.gold.fr\/news\/2016\/07\/08\/lonce-tente-de-stabiliser-fond-dinquietudes-brexit\/#primaryimage"},"thumbnailUrl":"https:\/\/www.gold.fr\/news\/wp-content\/uploads\/2011\/03\/lingots-or-1kg-e1473412427214.jpg","keywords":["cours de l'or de bourse","Tout Cours de l'Or"],"articleSection":["Flash infos"],"inLanguage":"fr-FR"},{"@type":"WebPage","@id":"https:\/\/www.gold.fr\/news\/2016\/07\/08\/lonce-tente-de-stabiliser-fond-dinquietudes-brexit\/","url":"https:\/\/www.gold.fr\/news\/2016\/07\/08\/lonce-tente-de-stabiliser-fond-dinquietudes-brexit\/","name":"L'once tente de stabiliser, sur fond d'inqui\u00e9tudes 'Brexit'","isPartOf":{"@id":"https:\/\/www.gold.fr\/news\/#website"},"primaryImageOfPage":{"@id":"https:\/\/www.gold.fr\/news\/2016\/07\/08\/lonce-tente-de-stabiliser-fond-dinquietudes-brexit\/#primaryimage"},"image":{"@id":"https:\/\/www.gold.fr\/news\/2016\/07\/08\/lonce-tente-de-stabiliser-fond-dinquietudes-brexit\/#primaryimage"},"thumbnailUrl":"https:\/\/www.gold.fr\/news\/wp-content\/uploads\/2011\/03\/lingots-or-1kg-e1473412427214.jpg","datePublished":"2016-07-08T11:00:37+00:00","dateModified":"2018-07-05T07:48:24+00:00","author":{"@id":"https:\/\/www.gold.fr\/news\/#\/schema\/person\/070491b4b4fb7671bf59b3be20302ce9"},"description":"L'ensemble des march\u00e9s d'investissement marquent un repli g\u00e9n\u00e9ralis\u00e9, en cette fin de semaine. Un mouvement essentiellement motiv\u00e9 par la ...","breadcrumb":{"@id":"https:\/\/www.gold.fr\/news\/2016\/07\/08\/lonce-tente-de-stabiliser-fond-dinquietudes-brexit\/#breadcrumb"},"inLanguage":"fr-FR","potentialAction":[{"@type":"ReadAction","target":["https:\/\/www.gold.fr\/news\/2016\/07\/08\/lonce-tente-de-stabiliser-fond-dinquietudes-brexit\/"]}]},{"@type":"ImageObject","inLanguage":"fr-FR","@id":"https:\/\/www.gold.fr\/news\/2016\/07\/08\/lonce-tente-de-stabiliser-fond-dinquietudes-brexit\/#primaryimage","url":"https:\/\/www.gold.fr\/news\/wp-content\/uploads\/2011\/03\/lingots-or-1kg-e1473412427214.jpg","contentUrl":"https:\/\/www.gold.fr\/news\/wp-content\/uploads\/2011\/03\/lingots-or-1kg-e1473412427214.jpg","width":250,"height":167,"caption":"L'once termine la semaine en \u00e9quilibre"},{"@type":"BreadcrumbList","@id":"https:\/\/www.gold.fr\/news\/2016\/07\/08\/lonce-tente-de-stabiliser-fond-dinquietudes-brexit\/#breadcrumb","itemListElement":[{"@type":"ListItem","position":1,"name":"Accueil","item":"https:\/\/www.gold.fr\/"},{"@type":"ListItem","position":2,"name":"Actualit\u00e9s","item":"https:\/\/www.gold.fr\/news\/"},{"@type":"ListItem","position":3,"name":"L&rsquo;once tente de stabiliser, sur fond d&rsquo;inqui\u00e9tudes &lsquo;Brexit&rsquo;"}]},{"@type":"WebSite","@id":"https:\/\/www.gold.fr\/news\/#website","url":"https:\/\/www.gold.fr\/news\/","name":"Gold.fr","description":"Actualit\u00e9s de l&#039;Or et des m\u00e9taux pr\u00e9cieux","potentialAction":[{"@type":"SearchAction","target":{"@type":"EntryPoint","urlTemplate":"https:\/\/www.gold.fr\/news\/?s={search_term_string}"},"query-input":{"@type":"PropertyValueSpecification","valueRequired":true,"valueName":"search_term_string"}}],"inLanguage":"fr-FR"},{"@type":"Person","@id":"https:\/\/www.gold.fr\/news\/#\/schema\/person\/070491b4b4fb7671bf59b3be20302ce9","name":"Comptoir National de l'Or","image":{"@type":"ImageObject","inLanguage":"fr-FR","@id":"https:\/\/secure.gravatar.com\/avatar\/0a2867fd5abe37bed95d5a65e9d58f01756e11efc68af9888dfc50cfa7f65948?s=96&d=mm&r=gb490554db0a38188709de567aa58480d","url":"https:\/\/secure.gravatar.com\/avatar\/0a2867fd5abe37bed95d5a65e9d58f01756e11efc68af9888dfc50cfa7f65948?s=96&d=mm&r=g","contentUrl":"https:\/\/secure.gravatar.com\/avatar\/0a2867fd5abe37bed95d5a65e9d58f01756e11efc68af9888dfc50cfa7f65948?s=96&d=mm&r=g","caption":"Comptoir National de l'Or"},"description":"Notre r\u00e9daction est constitu\u00e9e de membres experts dans les m\u00e9tiers de l'\u00e9conomie et la gestion, des Responsables d'agence Comptoir National de l'Or, des analystes financiers qui publient r\u00e9guli\u00e8rement des \u00e9tudes sur les politiques des banques centrales, le cours de l'or, prix de l'or, cours de l'argent, prix de l'argent, cours du platine, cours du palladium,... la situation en zone euro et l'impact de la strat\u00e9gie mon\u00e9taire de la FED. Notre \u00e9quipe scrute \u00e9galement une information plus g\u00e9n\u00e9raliste \u00e0 la recherche d'actualit\u00e9 \"p\u00e9pite\" \u00e0 vous partager. Depuis 5 ans, nous avons publi\u00e9 un peu plus de 4000 articles qui s'adressent \u00e0 un public large et vari\u00e9 ayant pour objectif de satisfaire votre curiosit\u00e9 et de partager avec vous une certaine fascination pour le m\u00e9tal jaune, le rachat d'or, et pour ceux qui veulent investir dans l'or, vendre leur or tout simplement en savoir plus... Pour tous vos achat or et argent, n'h\u00e9sitez pas \u00e0 prendre rendez-vous dans l'un de nos nombreux comptoirs.","sameAs":["https:\/\/www.gold.fr"]}]}},"authors":[{"term_id":2565,"user_id":18,"is_guest":0,"slug":"julie","display_name":"Comptoir National de l'Or","avatar_url":"https:\/\/secure.gravatar.com\/avatar\/713f289e398d35ead876c4a4cc08607f0d6d266058cfc25683fffb6092d0e572?s=96&d=mm&r=g","0":null,"1":"","2":"","3":"","4":"","5":"","6":"","7":"","8":""}],"_links":{"self":[{"href":"https:\/\/www.gold.fr\/news\/wp-json\/wp\/v2\/posts\/19768","targetHints":{"allow":["GET"]}}],"collection":[{"href":"https:\/\/www.gold.fr\/news\/wp-json\/wp\/v2\/posts"}],"about":[{"href":"https:\/\/www.gold.fr\/news\/wp-json\/wp\/v2\/types\/post"}],"author":[{"embeddable":true,"href":"https:\/\/www.gold.fr\/news\/wp-json\/wp\/v2\/users\/18"}],"replies":[{"embeddable":true,"href":"https:\/\/www.gold.fr\/news\/wp-json\/wp\/v2\/comments?post=19768"}],"version-history":[{"count":0,"href":"https:\/\/www.gold.fr\/news\/wp-json\/wp\/v2\/posts\/19768\/revisions"}],"wp:featuredmedia":[{"embeddable":true,"href":"https:\/\/www.gold.fr\/news\/wp-json\/wp\/v2\/media\/10167"}],"wp:attachment":[{"href":"https:\/\/www.gold.fr\/news\/wp-json\/wp\/v2\/media?parent=19768"}],"wp:term":[{"taxonomy":"category","embeddable":true,"href":"https:\/\/www.gold.fr\/news\/wp-json\/wp\/v2\/categories?post=19768"},{"taxonomy":"post_tag","embeddable":true,"href":"https:\/\/www.gold.fr\/news\/wp-json\/wp\/v2\/tags?post=19768"},{"taxonomy":"author","embeddable":true,"href":"https:\/\/www.gold.fr\/news\/wp-json\/wp\/v2\/ppma_author?post=19768"}],"curies":[{"name":"wp","href":"https:\/\/api.w.org\/{rel}","templated":true}]}}