{"id":19730,"date":"2016-07-04T09:00:03","date_gmt":"2016-07-04T07:00:03","guid":{"rendered":"https:\/\/www.gold.fr\/news\/?p=19730"},"modified":"2018-04-13T16:26:42","modified_gmt":"2018-04-13T14:26:42","slug":"reprise-marches-lonce-campe-positions","status":"publish","type":"post","link":"https:\/\/www.gold.fr\/news\/2016\/07\/04\/reprise-marches-lonce-campe-positions\/","title":{"rendered":"Reprise des march\u00e9s, mais l\u2019once campe sur ses positions"},"content":{"rendered":"<h2>Le prix de <a href=\"https:\/\/www.gold.fr\/once-or-nyc\/\" target=\"_blank\" rel=\"noopener\">l\u2019once<\/a> cl\u00f4ture cette semaine mouvement\u00e9e sur une stabilisation \u00e0 son plus haut des deux derni\u00e8res ann\u00e9es.<\/h2>\n<h2><img loading=\"lazy\" decoding=\"async\" class=\"alignleft wp-image-16351 size-thumbnail\" title=\"Reprise des march\u00e9s, mais l\u2019once campe sur ses positions\" src=\"https:\/\/www.gold.fr\/news\/wp-content\/uploads\/2014\/12\/229063530-jpg-150x150.jpg\" alt=\"Reprise des march\u00e9s, mais l\u2019once campe sur ses positions\" width=\"150\" height=\"150\" \/><\/h2>\n<p>Un niveau qu&rsquo;il ne semble pas pr\u00eat de quitter, en d\u00e9pit d&rsquo;une reprise relative et <em>\u2013selon les experts-<\/em> tr\u00e8s pr\u00e9caire des march\u00e9s et indices boursiers. C&rsquo;est surtout la reprise de certains indices europ\u00e9ens et londoniens qui traduit, depuis le milieu de la semaine, le retour \u00e0 la normale des principales places boursi\u00e8res, apr\u00e8s la forte secousse impos\u00e9e par le <em>\u2018Brexit&rsquo;<\/em>.<\/p>\n<p>En effet, le <strong>FTSE<\/strong> 100 britannique a d\u00e9j\u00e0 repris son niveau de pr\u00e9-r\u00e9f\u00e9rendum, et la performance de <strong>l&rsquo;EuroStoxx<\/strong> 50 r\u00e9ussit \u00e0 basculer l\u00e9g\u00e8rement dans le vert, depuis mardi <em>(mi-s\u00e9ance)<\/em>. L&rsquo;indice europ\u00e9en maintient toutefois un bilan hebdomadaire global de perte <em>(-6%)<\/em>. Ce rebond a pourtant du mal \u00e0 convaincre les \u00e9conomistes, \u00e0 l&rsquo;image de <strong>Tony Cross<\/strong>, analyste chez <strong>Trustnet Direct<\/strong>, qui estime que, bien qu&rsquo;il ne soit pas \u00e9tonnant de voir le <strong>FTSE<\/strong> donner quelques signes de retracements, <em>\u00ab ceci s&rsquo;apparente au moins pour le moment davantage \u00e0 une reprise de souffle qu&rsquo;\u00e0 un changement de sentiment \u00bb<\/em>. Raison pour laquelle le consensus expert est clairement orient\u00e9 vers la prudence dans toute prise de position, en attendant le prochain catalyseur \u00e9conomique ou politique.<\/p>\n<p>En tout cas, <strong>l&rsquo;<a class=\"esk-seo-plu-link\" href=\"https:\/\/www.gold.fr\/news\/tags\/or\">or<\/a><\/strong> demeure l&rsquo;une des rares valeurs boursi\u00e8res \u00e0 avoir maintenu une performance haussi\u00e8re \u00e0 toute \u00e9preuve, depuis l&rsquo;annonce du r\u00e9sultat du r\u00e9f\u00e9rendum. Et la reprise mitig\u00e9e des march\u00e9s n&rsquo;y aura rien chang\u00e9. Rappelons en effet que, au bilan de cette semaine seule, <a href=\"https:\/\/www.gold.fr\/once-or-nyc\/\" target=\"_blank\" rel=\"noopener\">l\u2019once<\/a> de <a class=\"esk-seo-plu-link\" href=\"https:\/\/www.gold.fr\/news\/tags\/or\">m\u00e9tal jaune<\/a> a accumul\u00e9 des gains de l&rsquo;ordre de <strong>55 dollars<\/strong> <em>(+4,3%, en billet vert)<\/em> et <strong>75 euros<\/strong> <em>(+6,8% en monnaie unique)<\/em>.<\/p>\n<p>C\u00f4t\u00e9 <strong>ETF<\/strong> aurif\u00e8res, la performance du <strong>SPDR Gold Shares<\/strong> am\u00e9ricain est tout aussi solidement haussi\u00e8re ; cet encours a effectivement gagn\u00e9 <strong>2,7 tonnes<\/strong> \u00e0 <strong>950 tonnes<\/strong>. Les observateurs estiment que le calendrier \u00e9conomique et politique du mois de juillet n&rsquo;inclut aucun rendez-vous ou catalyseur capable d&rsquo;alt\u00e9rer la forte stabilit\u00e9 de <a href=\"https:\/\/www.gold.fr\/once-or-nyc\/\" target=\"_blank\" rel=\"noopener\">l\u2019once<\/a> \u00e0 ce niveau.<\/p>\n<p>C\u00f4t\u00e9 statistiques macro\u00e9conomiques, la fin de la semaine a \u00e9t\u00e9 peu charg\u00e9e. Les op\u00e9rateurs ont seulement pris connaissance du taux d&rsquo;inflation annuel de la zone euro <em>(en hausse de 0,2 point \u00e0 +0,1% au mois de juin)<\/em>, ainsi que des nouvelles inscriptions hebdomadaires au ch\u00f4mage am\u00e9ricain <em>(ressorties \u00e0 268.000, apr\u00e8s 258.000, la semaine pr\u00e9c\u00e9dente, selon le D\u00e9partement du Travail)<\/em>. Dans l&rsquo;ensemble, l&rsquo;actualit\u00e9 \u00e9conomique monopolise peu d&rsquo;attention, depuis la fin de la semaine derni\u00e8re, dans la mesure o\u00f9 tout l&rsquo;int\u00e9r\u00eat des op\u00e9rateurs, investisseurs et experts est focalis\u00e9 sur le d\u00e9roulement des n\u00e9gociations entre gouvernement britannique et <strong>Union Europ\u00e9enne<\/strong>.<\/p>\n<p>Certains analystes remettent m\u00eame en question la certitude de ce <strong>Brexit<\/strong>. C&rsquo;est notamment le cas de <strong>XTB<\/strong> France qui rapporte que <em>\u00ab les rumeurs autour de cette &lsquo;fameuse&rsquo; p\u00e9tition appelant \u00e0 revoter et la lenteur de Cameron \u00e0 acter le divorce europ\u00e9en via l&rsquo;article 50 ont fait planer un certain doute \u00bb<\/em>. Un second r\u00e9f\u00e9rendum serait donc aujourd&rsquo;hui envisageable, perspective qui risque de consid\u00e9rablement secouer les march\u00e9s \u00e0 nouveau.<\/p>\n<p>Mais, dans l&rsquo;imm\u00e9diat, c&rsquo;est surtout l&rsquo;incertitude et l&rsquo;ind\u00e9cision qui caract\u00e9risent la r\u00e9action des op\u00e9rateurs, rempla\u00e7ant graduellement la premi\u00e8re vague de panique qui a d\u00e9ferl\u00e9 sur les march\u00e9s, au lendemain du d\u00e9pouillement des votes britanniques.<\/p>\n<!-- AddThis Advanced Settings generic via filter on the_content --><!-- AddThis Share Buttons generic via filter on the_content -->","protected":false},"excerpt":{"rendered":"<p>Le prix de l\u2019once cl\u00f4ture cette semaine mouvement\u00e9e sur une stabilisation \u00e0 son plus haut des deux derni\u00e8res ann\u00e9es. Un niveau qu&rsquo;il ne semble pas pr\u00eat de quitter, en d\u00e9pit d&rsquo;une reprise relative et \u2013selon les [&hellip;]<\/p>\n","protected":false},"author":18,"featured_media":16351,"comment_status":"open","ping_status":"open","sticky":false,"template":"","format":"standard","meta":{"_mbp_gutenberg_autopost":false,"_pgmb_is_evergreen":false,"_pgmb_ap_template_id":0,"footnotes":""},"categories":[6],"tags":[2211,918,2339,2340,722,317,2341,2160,2254,213,2336],"ppma_author":[2565],"class_list":["post-19730","post","type-post","status-publish","format-standard","has-post-thumbnail","hentry","category-articles-de-presse","tag-brexit","tag-etf","tag-ftse","tag-leurostoxx","tag-lor","tag-once","tag-spdr","tag-tony-cross","tag-trustnet","tag-union-europeenne","tag-xtb"],"yoast_head":"<!-- This site is optimized with the Yoast SEO plugin v27.5 - https:\/\/yoast.com\/product\/yoast-seo-wordpress\/ -->\n<title>Reprise des march\u00e9s, mais l\u2019once campe sur ses positions<\/title>\n<meta name=\"description\" content=\"Le prix de l\u2019once cl\u00f4ture cette semaine mouvement\u00e9e sur une stabilisation \u00e0 son plus haut des deux derni\u00e8res ann\u00e9es. Un niveau qu\u2019il ne ...\" \/>\n<meta name=\"robots\" content=\"index, follow, max-snippet:-1, max-image-preview:large, max-video-preview:-1\" \/>\n<link rel=\"canonical\" href=\"https:\/\/www.gold.fr\/news\/2016\/07\/04\/reprise-marches-lonce-campe-positions\/\" \/>\n<meta property=\"og:locale\" content=\"fr_FR\" \/>\n<meta property=\"og:type\" content=\"article\" \/>\n<meta property=\"og:title\" content=\"Reprise des march\u00e9s, mais l\u2019once campe sur ses positions\" \/>\n<meta property=\"og:description\" content=\"Le prix de l\u2019once cl\u00f4ture cette semaine mouvement\u00e9e sur une stabilisation \u00e0 son plus haut des deux derni\u00e8res ann\u00e9es. Un niveau qu\u2019il ne ...\" \/>\n<meta property=\"og:url\" content=\"https:\/\/www.gold.fr\/news\/2016\/07\/04\/reprise-marches-lonce-campe-positions\/\" \/>\n<meta property=\"og:site_name\" content=\"Gold.fr\" \/>\n<meta property=\"article:publisher\" content=\"https:\/\/www.facebook.com\/Goldfr\/\" \/>\n<meta property=\"article:published_time\" content=\"2016-07-04T07:00:03+00:00\" \/>\n<meta property=\"article:modified_time\" content=\"2018-04-13T14:26:42+00:00\" \/>\n<meta property=\"og:image\" content=\"https:\/\/www.gold.fr\/news\/wp-content\/uploads\/2014\/12\/229063530-jpg.jpg\" \/>\n\t<meta property=\"og:image:width\" content=\"640\" \/>\n\t<meta property=\"og:image:height\" content=\"371\" \/>\n\t<meta property=\"og:image:type\" content=\"image\/jpeg\" \/>\n<meta name=\"author\" content=\"Comptoir National de l&#039;Or\" \/>\n<meta name=\"twitter:card\" content=\"summary_large_image\" \/>\n<meta name=\"twitter:label1\" content=\"\u00c9crit par\" \/>\n\t<meta name=\"twitter:data1\" content=\"Comptoir National de l&#039;Or\" \/>\n\t<meta name=\"twitter:label2\" content=\"Dur\u00e9e de lecture estim\u00e9e\" \/>\n\t<meta name=\"twitter:data2\" content=\"3 minutes\" \/>\n<script type=\"application\/ld+json\" class=\"yoast-schema-graph\">{\"@context\":\"https:\\\/\\\/schema.org\",\"@graph\":[{\"@type\":\"Article\",\"@id\":\"https:\\\/\\\/www.gold.fr\\\/news\\\/2016\\\/07\\\/04\\\/reprise-marches-lonce-campe-positions\\\/#article\",\"isPartOf\":{\"@id\":\"https:\\\/\\\/www.gold.fr\\\/news\\\/2016\\\/07\\\/04\\\/reprise-marches-lonce-campe-positions\\\/\"},\"author\":{\"name\":\"Comptoir National de l'Or\",\"@id\":\"https:\\\/\\\/www.gold.fr\\\/news\\\/#\\\/schema\\\/person\\\/070491b4b4fb7671bf59b3be20302ce9\"},\"headline\":\"Reprise des march\u00e9s, mais l\u2019once campe sur ses positions\",\"datePublished\":\"2016-07-04T07:00:03+00:00\",\"dateModified\":\"2018-04-13T14:26:42+00:00\",\"mainEntityOfPage\":{\"@id\":\"https:\\\/\\\/www.gold.fr\\\/news\\\/2016\\\/07\\\/04\\\/reprise-marches-lonce-campe-positions\\\/\"},\"wordCount\":601,\"commentCount\":0,\"image\":{\"@id\":\"https:\\\/\\\/www.gold.fr\\\/news\\\/2016\\\/07\\\/04\\\/reprise-marches-lonce-campe-positions\\\/#primaryimage\"},\"thumbnailUrl\":\"https:\\\/\\\/www.gold.fr\\\/news\\\/wp-content\\\/uploads\\\/2014\\\/12\\\/229063530-jpg.jpg\",\"keywords\":[\"Brexit\",\"ETF\",\"FTSE\",\"l'EuroStoxx\",\"L'Or\",\"once\",\"SPDR\",\"Tony Cross\",\"Trustnet\",\"union europ\u00e9enne\",\"XTB\"],\"articleSection\":[\"Articles de presse\"],\"inLanguage\":\"fr-FR\"},{\"@type\":\"WebPage\",\"@id\":\"https:\\\/\\\/www.gold.fr\\\/news\\\/2016\\\/07\\\/04\\\/reprise-marches-lonce-campe-positions\\\/\",\"url\":\"https:\\\/\\\/www.gold.fr\\\/news\\\/2016\\\/07\\\/04\\\/reprise-marches-lonce-campe-positions\\\/\",\"name\":\"Reprise des march\u00e9s, mais l\u2019once campe sur ses positions\",\"isPartOf\":{\"@id\":\"https:\\\/\\\/www.gold.fr\\\/news\\\/#website\"},\"primaryImageOfPage\":{\"@id\":\"https:\\\/\\\/www.gold.fr\\\/news\\\/2016\\\/07\\\/04\\\/reprise-marches-lonce-campe-positions\\\/#primaryimage\"},\"image\":{\"@id\":\"https:\\\/\\\/www.gold.fr\\\/news\\\/2016\\\/07\\\/04\\\/reprise-marches-lonce-campe-positions\\\/#primaryimage\"},\"thumbnailUrl\":\"https:\\\/\\\/www.gold.fr\\\/news\\\/wp-content\\\/uploads\\\/2014\\\/12\\\/229063530-jpg.jpg\",\"datePublished\":\"2016-07-04T07:00:03+00:00\",\"dateModified\":\"2018-04-13T14:26:42+00:00\",\"author\":{\"@id\":\"https:\\\/\\\/www.gold.fr\\\/news\\\/#\\\/schema\\\/person\\\/070491b4b4fb7671bf59b3be20302ce9\"},\"description\":\"Le prix de l\u2019once cl\u00f4ture cette semaine mouvement\u00e9e sur une stabilisation \u00e0 son plus haut des deux derni\u00e8res ann\u00e9es. Un niveau qu\u2019il ne ...\",\"breadcrumb\":{\"@id\":\"https:\\\/\\\/www.gold.fr\\\/news\\\/2016\\\/07\\\/04\\\/reprise-marches-lonce-campe-positions\\\/#breadcrumb\"},\"inLanguage\":\"fr-FR\",\"potentialAction\":[{\"@type\":\"ReadAction\",\"target\":[\"https:\\\/\\\/www.gold.fr\\\/news\\\/2016\\\/07\\\/04\\\/reprise-marches-lonce-campe-positions\\\/\"]}]},{\"@type\":\"ImageObject\",\"inLanguage\":\"fr-FR\",\"@id\":\"https:\\\/\\\/www.gold.fr\\\/news\\\/2016\\\/07\\\/04\\\/reprise-marches-lonce-campe-positions\\\/#primaryimage\",\"url\":\"https:\\\/\\\/www.gold.fr\\\/news\\\/wp-content\\\/uploads\\\/2014\\\/12\\\/229063530-jpg.jpg\",\"contentUrl\":\"https:\\\/\\\/www.gold.fr\\\/news\\\/wp-content\\\/uploads\\\/2014\\\/12\\\/229063530-jpg.jpg\",\"width\":\"640\",\"height\":\"371\",\"caption\":\"Or : les pr\u00e9mices d\u2019une progression\"},{\"@type\":\"BreadcrumbList\",\"@id\":\"https:\\\/\\\/www.gold.fr\\\/news\\\/2016\\\/07\\\/04\\\/reprise-marches-lonce-campe-positions\\\/#breadcrumb\",\"itemListElement\":[{\"@type\":\"ListItem\",\"position\":1,\"name\":\"Accueil\",\"item\":\"https:\\\/\\\/www.gold.fr\\\/\"},{\"@type\":\"ListItem\",\"position\":2,\"name\":\"Actualit\u00e9s\",\"item\":\"https:\\\/\\\/www.gold.fr\\\/news\\\/\"},{\"@type\":\"ListItem\",\"position\":3,\"name\":\"Reprise des march\u00e9s, mais l\u2019once campe sur ses positions\"}]},{\"@type\":\"WebSite\",\"@id\":\"https:\\\/\\\/www.gold.fr\\\/news\\\/#website\",\"url\":\"https:\\\/\\\/www.gold.fr\\\/news\\\/\",\"name\":\"Gold.fr\",\"description\":\"Actualit\u00e9s de l&#039;Or et des m\u00e9taux pr\u00e9cieux\",\"potentialAction\":[{\"@type\":\"SearchAction\",\"target\":{\"@type\":\"EntryPoint\",\"urlTemplate\":\"https:\\\/\\\/www.gold.fr\\\/news\\\/?s={search_term_string}\"},\"query-input\":{\"@type\":\"PropertyValueSpecification\",\"valueRequired\":true,\"valueName\":\"search_term_string\"}}],\"inLanguage\":\"fr-FR\"},{\"@type\":\"Person\",\"@id\":\"https:\\\/\\\/www.gold.fr\\\/news\\\/#\\\/schema\\\/person\\\/070491b4b4fb7671bf59b3be20302ce9\",\"name\":\"Comptoir National de l'Or\",\"image\":{\"@type\":\"ImageObject\",\"inLanguage\":\"fr-FR\",\"@id\":\"https:\\\/\\\/secure.gravatar.com\\\/avatar\\\/0a2867fd5abe37bed95d5a65e9d58f01756e11efc68af9888dfc50cfa7f65948?s=96&d=mm&r=gb490554db0a38188709de567aa58480d\",\"url\":\"https:\\\/\\\/secure.gravatar.com\\\/avatar\\\/0a2867fd5abe37bed95d5a65e9d58f01756e11efc68af9888dfc50cfa7f65948?s=96&d=mm&r=g\",\"contentUrl\":\"https:\\\/\\\/secure.gravatar.com\\\/avatar\\\/0a2867fd5abe37bed95d5a65e9d58f01756e11efc68af9888dfc50cfa7f65948?s=96&d=mm&r=g\",\"caption\":\"Comptoir National de l'Or\"},\"description\":\"Notre r\u00e9daction est constitu\u00e9e de membres experts dans les m\u00e9tiers de l'\u00e9conomie et la gestion, des Responsables d'agence Comptoir National de l'Or, des analystes financiers qui publient r\u00e9guli\u00e8rement des \u00e9tudes sur les politiques des banques centrales, le cours de l'or, prix de l'or, cours de l'argent, prix de l'argent, cours du platine, cours du palladium,... la situation en zone euro et l'impact de la strat\u00e9gie mon\u00e9taire de la FED. Notre \u00e9quipe scrute \u00e9galement une information plus g\u00e9n\u00e9raliste \u00e0 la recherche d'actualit\u00e9 \\\"p\u00e9pite\\\" \u00e0 vous partager. Depuis 5 ans, nous avons publi\u00e9 un peu plus de 4000 articles qui s'adressent \u00e0 un public large et vari\u00e9 ayant pour objectif de satisfaire votre curiosit\u00e9 et de partager avec vous une certaine fascination pour le m\u00e9tal jaune, le rachat d'or, et pour ceux qui veulent investir dans l'or, vendre leur or tout simplement en savoir plus... Pour tous vos achat or et argent, n'h\u00e9sitez pas \u00e0 prendre rendez-vous dans l'un de nos nombreux comptoirs.\",\"sameAs\":[\"https:\\\/\\\/www.gold.fr\"]}]}<\/script>\n<!-- \/ Yoast SEO plugin. -->","yoast_head_json":{"title":"Reprise des march\u00e9s, mais l\u2019once campe sur ses positions","description":"Le prix de l\u2019once cl\u00f4ture cette semaine mouvement\u00e9e sur une stabilisation \u00e0 son plus haut des deux derni\u00e8res ann\u00e9es. Un niveau qu\u2019il ne ...","robots":{"index":"index","follow":"follow","max-snippet":"max-snippet:-1","max-image-preview":"max-image-preview:large","max-video-preview":"max-video-preview:-1"},"canonical":"https:\/\/www.gold.fr\/news\/2016\/07\/04\/reprise-marches-lonce-campe-positions\/","og_locale":"fr_FR","og_type":"article","og_title":"Reprise des march\u00e9s, mais l\u2019once campe sur ses positions","og_description":"Le prix de l\u2019once cl\u00f4ture cette semaine mouvement\u00e9e sur une stabilisation \u00e0 son plus haut des deux derni\u00e8res ann\u00e9es. Un niveau qu\u2019il ne ...","og_url":"https:\/\/www.gold.fr\/news\/2016\/07\/04\/reprise-marches-lonce-campe-positions\/","og_site_name":"Gold.fr","article_publisher":"https:\/\/www.facebook.com\/Goldfr\/","article_published_time":"2016-07-04T07:00:03+00:00","article_modified_time":"2018-04-13T14:26:42+00:00","og_image":[{"width":640,"height":371,"url":"https:\/\/www.gold.fr\/news\/wp-content\/uploads\/2014\/12\/229063530-jpg.jpg","type":"image\/jpeg"}],"author":"Comptoir National de l'Or","twitter_card":"summary_large_image","twitter_misc":{"\u00c9crit par":"Comptoir National de l'Or","Dur\u00e9e de lecture estim\u00e9e":"3 minutes"},"schema":{"@context":"https:\/\/schema.org","@graph":[{"@type":"Article","@id":"https:\/\/www.gold.fr\/news\/2016\/07\/04\/reprise-marches-lonce-campe-positions\/#article","isPartOf":{"@id":"https:\/\/www.gold.fr\/news\/2016\/07\/04\/reprise-marches-lonce-campe-positions\/"},"author":{"name":"Comptoir National de l'Or","@id":"https:\/\/www.gold.fr\/news\/#\/schema\/person\/070491b4b4fb7671bf59b3be20302ce9"},"headline":"Reprise des march\u00e9s, mais l\u2019once campe sur ses positions","datePublished":"2016-07-04T07:00:03+00:00","dateModified":"2018-04-13T14:26:42+00:00","mainEntityOfPage":{"@id":"https:\/\/www.gold.fr\/news\/2016\/07\/04\/reprise-marches-lonce-campe-positions\/"},"wordCount":601,"commentCount":0,"image":{"@id":"https:\/\/www.gold.fr\/news\/2016\/07\/04\/reprise-marches-lonce-campe-positions\/#primaryimage"},"thumbnailUrl":"https:\/\/www.gold.fr\/news\/wp-content\/uploads\/2014\/12\/229063530-jpg.jpg","keywords":["Brexit","ETF","FTSE","l'EuroStoxx","L'Or","once","SPDR","Tony Cross","Trustnet","union europ\u00e9enne","XTB"],"articleSection":["Articles de presse"],"inLanguage":"fr-FR"},{"@type":"WebPage","@id":"https:\/\/www.gold.fr\/news\/2016\/07\/04\/reprise-marches-lonce-campe-positions\/","url":"https:\/\/www.gold.fr\/news\/2016\/07\/04\/reprise-marches-lonce-campe-positions\/","name":"Reprise des march\u00e9s, mais l\u2019once campe sur ses positions","isPartOf":{"@id":"https:\/\/www.gold.fr\/news\/#website"},"primaryImageOfPage":{"@id":"https:\/\/www.gold.fr\/news\/2016\/07\/04\/reprise-marches-lonce-campe-positions\/#primaryimage"},"image":{"@id":"https:\/\/www.gold.fr\/news\/2016\/07\/04\/reprise-marches-lonce-campe-positions\/#primaryimage"},"thumbnailUrl":"https:\/\/www.gold.fr\/news\/wp-content\/uploads\/2014\/12\/229063530-jpg.jpg","datePublished":"2016-07-04T07:00:03+00:00","dateModified":"2018-04-13T14:26:42+00:00","author":{"@id":"https:\/\/www.gold.fr\/news\/#\/schema\/person\/070491b4b4fb7671bf59b3be20302ce9"},"description":"Le prix de l\u2019once cl\u00f4ture cette semaine mouvement\u00e9e sur une stabilisation \u00e0 son plus haut des deux derni\u00e8res ann\u00e9es. Un niveau qu\u2019il ne ...","breadcrumb":{"@id":"https:\/\/www.gold.fr\/news\/2016\/07\/04\/reprise-marches-lonce-campe-positions\/#breadcrumb"},"inLanguage":"fr-FR","potentialAction":[{"@type":"ReadAction","target":["https:\/\/www.gold.fr\/news\/2016\/07\/04\/reprise-marches-lonce-campe-positions\/"]}]},{"@type":"ImageObject","inLanguage":"fr-FR","@id":"https:\/\/www.gold.fr\/news\/2016\/07\/04\/reprise-marches-lonce-campe-positions\/#primaryimage","url":"https:\/\/www.gold.fr\/news\/wp-content\/uploads\/2014\/12\/229063530-jpg.jpg","contentUrl":"https:\/\/www.gold.fr\/news\/wp-content\/uploads\/2014\/12\/229063530-jpg.jpg","width":"640","height":"371","caption":"Or : les pr\u00e9mices d\u2019une progression"},{"@type":"BreadcrumbList","@id":"https:\/\/www.gold.fr\/news\/2016\/07\/04\/reprise-marches-lonce-campe-positions\/#breadcrumb","itemListElement":[{"@type":"ListItem","position":1,"name":"Accueil","item":"https:\/\/www.gold.fr\/"},{"@type":"ListItem","position":2,"name":"Actualit\u00e9s","item":"https:\/\/www.gold.fr\/news\/"},{"@type":"ListItem","position":3,"name":"Reprise des march\u00e9s, mais l\u2019once campe sur ses positions"}]},{"@type":"WebSite","@id":"https:\/\/www.gold.fr\/news\/#website","url":"https:\/\/www.gold.fr\/news\/","name":"Gold.fr","description":"Actualit\u00e9s de l&#039;Or et des m\u00e9taux pr\u00e9cieux","potentialAction":[{"@type":"SearchAction","target":{"@type":"EntryPoint","urlTemplate":"https:\/\/www.gold.fr\/news\/?s={search_term_string}"},"query-input":{"@type":"PropertyValueSpecification","valueRequired":true,"valueName":"search_term_string"}}],"inLanguage":"fr-FR"},{"@type":"Person","@id":"https:\/\/www.gold.fr\/news\/#\/schema\/person\/070491b4b4fb7671bf59b3be20302ce9","name":"Comptoir National de l'Or","image":{"@type":"ImageObject","inLanguage":"fr-FR","@id":"https:\/\/secure.gravatar.com\/avatar\/0a2867fd5abe37bed95d5a65e9d58f01756e11efc68af9888dfc50cfa7f65948?s=96&d=mm&r=gb490554db0a38188709de567aa58480d","url":"https:\/\/secure.gravatar.com\/avatar\/0a2867fd5abe37bed95d5a65e9d58f01756e11efc68af9888dfc50cfa7f65948?s=96&d=mm&r=g","contentUrl":"https:\/\/secure.gravatar.com\/avatar\/0a2867fd5abe37bed95d5a65e9d58f01756e11efc68af9888dfc50cfa7f65948?s=96&d=mm&r=g","caption":"Comptoir National de l'Or"},"description":"Notre r\u00e9daction est constitu\u00e9e de membres experts dans les m\u00e9tiers de l'\u00e9conomie et la gestion, des Responsables d'agence Comptoir National de l'Or, des analystes financiers qui publient r\u00e9guli\u00e8rement des \u00e9tudes sur les politiques des banques centrales, le cours de l'or, prix de l'or, cours de l'argent, prix de l'argent, cours du platine, cours du palladium,... la situation en zone euro et l'impact de la strat\u00e9gie mon\u00e9taire de la FED. Notre \u00e9quipe scrute \u00e9galement une information plus g\u00e9n\u00e9raliste \u00e0 la recherche d'actualit\u00e9 \"p\u00e9pite\" \u00e0 vous partager. Depuis 5 ans, nous avons publi\u00e9 un peu plus de 4000 articles qui s'adressent \u00e0 un public large et vari\u00e9 ayant pour objectif de satisfaire votre curiosit\u00e9 et de partager avec vous une certaine fascination pour le m\u00e9tal jaune, le rachat d'or, et pour ceux qui veulent investir dans l'or, vendre leur or tout simplement en savoir plus... Pour tous vos achat or et argent, n'h\u00e9sitez pas \u00e0 prendre rendez-vous dans l'un de nos nombreux comptoirs.","sameAs":["https:\/\/www.gold.fr"]}]}},"authors":[{"term_id":2565,"user_id":18,"is_guest":0,"slug":"julie","display_name":"Comptoir National de l'Or","avatar_url":"https:\/\/secure.gravatar.com\/avatar\/713f289e398d35ead876c4a4cc08607f0d6d266058cfc25683fffb6092d0e572?s=96&d=mm&r=g","0":null,"1":"","2":"","3":"","4":"","5":"","6":"","7":"","8":""}],"_links":{"self":[{"href":"https:\/\/www.gold.fr\/news\/wp-json\/wp\/v2\/posts\/19730","targetHints":{"allow":["GET"]}}],"collection":[{"href":"https:\/\/www.gold.fr\/news\/wp-json\/wp\/v2\/posts"}],"about":[{"href":"https:\/\/www.gold.fr\/news\/wp-json\/wp\/v2\/types\/post"}],"author":[{"embeddable":true,"href":"https:\/\/www.gold.fr\/news\/wp-json\/wp\/v2\/users\/18"}],"replies":[{"embeddable":true,"href":"https:\/\/www.gold.fr\/news\/wp-json\/wp\/v2\/comments?post=19730"}],"version-history":[{"count":0,"href":"https:\/\/www.gold.fr\/news\/wp-json\/wp\/v2\/posts\/19730\/revisions"}],"wp:featuredmedia":[{"embeddable":true,"href":"https:\/\/www.gold.fr\/news\/wp-json\/wp\/v2\/media\/16351"}],"wp:attachment":[{"href":"https:\/\/www.gold.fr\/news\/wp-json\/wp\/v2\/media?parent=19730"}],"wp:term":[{"taxonomy":"category","embeddable":true,"href":"https:\/\/www.gold.fr\/news\/wp-json\/wp\/v2\/categories?post=19730"},{"taxonomy":"post_tag","embeddable":true,"href":"https:\/\/www.gold.fr\/news\/wp-json\/wp\/v2\/tags?post=19730"},{"taxonomy":"author","embeddable":true,"href":"https:\/\/www.gold.fr\/news\/wp-json\/wp\/v2\/ppma_author?post=19730"}],"curies":[{"name":"wp","href":"https:\/\/api.w.org\/{rel}","templated":true}]}}