{"id":19719,"date":"2016-06-30T13:00:42","date_gmt":"2016-06-30T11:00:42","guid":{"rendered":"https:\/\/www.gold.fr\/news\/?p=19719"},"modified":"2020-02-12T17:44:52","modified_gmt":"2020-02-12T16:44:52","slug":"lonce-se-maintient-top-fond-de-reprise-marches","status":"publish","type":"post","link":"https:\/\/www.gold.fr\/news\/2016\/06\/30\/lonce-se-maintient-top-fond-de-reprise-marches\/","title":{"rendered":"L&rsquo;once se maintient au top, sur fond de reprise des march\u00e9s"},"content":{"rendered":"<p><img loading=\"lazy\" decoding=\"async\" class=\"alignleft wp-image-2423 size-thumbnail\" title=\"L'once se maintient au top, sur fond de reprise des march\u00e9s\" src=\"https:\/\/www.gold.fr\/news\/wp-content\/uploads\/2011\/09\/57437308-150x150.jpg\" alt=\"L'once se maintient au top, sur fond de reprise des march\u00e9s\" width=\"150\" height=\"150\" \/>Les march\u00e9s semblent se remettre graduellement du choc <em>&lsquo;Brexit&rsquo;<\/em>, enregistrant la toute premi\u00e8re s\u00e9ance dans le vert, depuis l&rsquo;annonce de cette s\u00e9paration. L&rsquo;indice <strong>EuroStoxx<\/strong> <strong>50<\/strong> affichait en effet, la veille, une progression de <strong>+2,3%<\/strong>.<\/p>\n<p>Cette reprise aurait d\u00fb tirer le march\u00e9 de <strong>l&rsquo;<a class=\"esk-seo-plu-link\" href=\"https:\/\/www.gold.fr\/news\/tags\/or\">or<\/a><\/strong> <em>(notamment sa <a class=\"esk-seo-plu-link\" href=\"https:\/\/www.gold.fr\/news\/tags\/investissement\">valeur refuge<\/a>)<\/em> vers le bas, mais <a href=\"https:\/\/www.gold.fr\/once-or-nyc\/\" target=\"_blank\" rel=\"noopener noreferrer\">l&rsquo;once<\/a> <strong>d&rsquo;<a class=\"esk-seo-plu-link\" href=\"https:\/\/www.gold.fr\/news\/tags\/or\">or<\/a><\/strong> maintient pourtant son record annuel, solidement stabilis\u00e9 au del\u00e0 des <strong>1 315 <a class=\"esk-seo-plu-link\" href=\"https:\/\/www.gold.fr\/news\/tags\/investissement\">dollars<\/a><\/strong>.<\/p>\n<p>Les analystes de <strong>Barclays Bourse<\/strong> expliquent ce nouveau revirement de <a class=\"esk-seo-plu-link\" href=\"https:\/\/www.gold.fr\/news\/tags\/investissement\">tendance<\/a> par <em>\u00ab\u00a0la fermet\u00e9 affich\u00e9e par les dirigeants europ\u00e9ens (qui ont exhort\u00e9 les Britanniques \u00e0 invoquer au plus vite l&rsquo;article 50)\u00a0\u00bb<\/em>. D&rsquo;autres experts mod\u00e8rent cependant cette bonne nouvelle en rappelant qu&rsquo;il est encore pr\u00e9matur\u00e9 de parler de <em>\u00ab\u00a0stabilisation\u00a0\u00bb<\/em>, ajoutant que bien que l&rsquo;atteinte d&rsquo;un niveau plancher soit la vraie bonne nouvelle, <em>\u00ab\u00a0la situation va mettre du temps \u00e0 se d\u00e9canter\u00a0\u00bb<\/em>.<\/p>\n<p>Pour l&rsquo;heure, les regards demeurent unanimement tourn\u00e9s vers les n\u00e9gociations entre <strong>Royaume-Uni<\/strong> et <strong>Union Europ\u00e9enne<\/strong> et les cons\u00e9quences \u00e9conomiques et boursi\u00e8res de la tension qui va certainement marquer ces d\u00e9bats. <strong>L&rsquo;<a class=\"esk-seo-plu-link\" href=\"https:\/\/www.gold.fr\/news\/tags\/or\">or<\/a><\/strong> ouvre la s\u00e9ance de <strong>ce jeudi 30 juin 2016<\/strong> avec un <a href=\"https:\/\/www.gold.fr\/cours-or-prix-de-l-or\/\" target=\"_blank\" rel=\"noopener noreferrer\">cours <\/a>stabilis\u00e9 de <strong>1,318 <a class=\"esk-seo-plu-link\" href=\"https:\/\/www.gold.fr\/news\/tags\/investissement\">dollars<\/a><\/strong> <a href=\"https:\/\/www.gold.fr\/once-or-nyc\/\" target=\"_blank\" rel=\"noopener noreferrer\">l&rsquo;once<\/a>.<\/p>\n<!-- AddThis Advanced Settings generic via filter on the_content --><!-- AddThis Share Buttons generic via filter on the_content -->","protected":false},"excerpt":{"rendered":"<p>Les march\u00e9s semblent se remettre graduellement du choc &lsquo;Brexit&rsquo;, enregistrant la toute premi\u00e8re s\u00e9ance dans le vert, depuis l&rsquo;annonce de cette s\u00e9paration. L&rsquo;indice EuroStoxx 50 affichait en effet, la veille, une progression de +2,3%. Cette reprise [&hellip;]<\/p>\n","protected":false},"author":18,"featured_media":2423,"comment_status":"open","ping_status":"open","sticky":false,"template":"","format":"standard","meta":{"_mbp_gutenberg_autopost":false,"_pgmb_is_evergreen":false,"_pgmb_ap_template_id":0,"footnotes":""},"categories":[5],"tags":[385,84],"ppma_author":[2565],"class_list":["post-19719","post","type-post","status-publish","format-standard","has-post-thumbnail","hentry","category-flash-infos","tag-cours-de-lor-de-bourse","tag-cours-de-lor"],"yoast_head":"<!-- This site is optimized with the Yoast SEO plugin v27.5 - https:\/\/yoast.com\/product\/yoast-seo-wordpress\/ -->\n<title>L&#039;once se maintient au top, sur fond de reprise des march\u00e9s<\/title>\n<meta name=\"description\" content=\"Les march\u00e9s semblent se remettre graduellement du choc &#039;Brexit&#039;, enregistrant la toute premi\u00e8re s\u00e9ance dans le vert, depuis l&#039;annonce de ...\" \/>\n<meta name=\"robots\" content=\"index, follow, max-snippet:-1, max-image-preview:large, max-video-preview:-1\" \/>\n<link rel=\"canonical\" href=\"https:\/\/www.gold.fr\/news\/2016\/06\/30\/lonce-se-maintient-top-fond-de-reprise-marches\/\" \/>\n<meta property=\"og:locale\" content=\"fr_FR\" \/>\n<meta property=\"og:type\" content=\"article\" \/>\n<meta property=\"og:title\" content=\"L&#039;once se maintient au top, sur fond de reprise des march\u00e9s\" \/>\n<meta property=\"og:description\" content=\"Les march\u00e9s semblent se remettre graduellement du choc &#039;Brexit&#039;, enregistrant la toute premi\u00e8re s\u00e9ance dans le vert, depuis l&#039;annonce de ...\" \/>\n<meta property=\"og:url\" content=\"https:\/\/www.gold.fr\/news\/2016\/06\/30\/lonce-se-maintient-top-fond-de-reprise-marches\/\" \/>\n<meta property=\"og:site_name\" content=\"Gold.fr\" \/>\n<meta property=\"article:publisher\" content=\"https:\/\/www.facebook.com\/Goldfr\/\" \/>\n<meta property=\"article:published_time\" content=\"2016-06-30T11:00:42+00:00\" \/>\n<meta property=\"article:modified_time\" content=\"2020-02-12T16:44:52+00:00\" \/>\n<meta property=\"og:image\" content=\"https:\/\/www.gold.fr\/news\/wp-content\/uploads\/2011\/09\/57437308.jpg\" \/>\n\t<meta property=\"og:image:width\" content=\"246\" \/>\n\t<meta property=\"og:image:height\" content=\"340\" \/>\n\t<meta property=\"og:image:type\" content=\"image\/jpeg\" \/>\n<meta name=\"author\" content=\"Comptoir National de l&#039;Or\" \/>\n<meta name=\"twitter:card\" content=\"summary_large_image\" \/>\n<meta name=\"twitter:label1\" content=\"\u00c9crit par\" \/>\n\t<meta name=\"twitter:data1\" content=\"Comptoir National de l&#039;Or\" \/>\n\t<meta name=\"twitter:label2\" content=\"Dur\u00e9e de lecture estim\u00e9e\" \/>\n\t<meta name=\"twitter:data2\" content=\"1 minute\" \/>\n<script type=\"application\/ld+json\" class=\"yoast-schema-graph\">{\"@context\":\"https:\\\/\\\/schema.org\",\"@graph\":[{\"@type\":\"Article\",\"@id\":\"https:\\\/\\\/www.gold.fr\\\/news\\\/2016\\\/06\\\/30\\\/lonce-se-maintient-top-fond-de-reprise-marches\\\/#article\",\"isPartOf\":{\"@id\":\"https:\\\/\\\/www.gold.fr\\\/news\\\/2016\\\/06\\\/30\\\/lonce-se-maintient-top-fond-de-reprise-marches\\\/\"},\"author\":{\"name\":\"Comptoir National de l'Or\",\"@id\":\"https:\\\/\\\/www.gold.fr\\\/news\\\/#\\\/schema\\\/person\\\/070491b4b4fb7671bf59b3be20302ce9\"},\"headline\":\"L&rsquo;once se maintient au top, sur fond de reprise des march\u00e9s\",\"datePublished\":\"2016-06-30T11:00:42+00:00\",\"dateModified\":\"2020-02-12T16:44:52+00:00\",\"mainEntityOfPage\":{\"@id\":\"https:\\\/\\\/www.gold.fr\\\/news\\\/2016\\\/06\\\/30\\\/lonce-se-maintient-top-fond-de-reprise-marches\\\/\"},\"wordCount\":216,\"commentCount\":0,\"image\":{\"@id\":\"https:\\\/\\\/www.gold.fr\\\/news\\\/2016\\\/06\\\/30\\\/lonce-se-maintient-top-fond-de-reprise-marches\\\/#primaryimage\"},\"thumbnailUrl\":\"https:\\\/\\\/www.gold.fr\\\/news\\\/wp-content\\\/uploads\\\/2011\\\/09\\\/57437308.jpg\",\"keywords\":[\"cours de l'or de bourse\",\"Tout Cours de l'Or\"],\"articleSection\":[\"Flash infos\"],\"inLanguage\":\"fr-FR\"},{\"@type\":\"WebPage\",\"@id\":\"https:\\\/\\\/www.gold.fr\\\/news\\\/2016\\\/06\\\/30\\\/lonce-se-maintient-top-fond-de-reprise-marches\\\/\",\"url\":\"https:\\\/\\\/www.gold.fr\\\/news\\\/2016\\\/06\\\/30\\\/lonce-se-maintient-top-fond-de-reprise-marches\\\/\",\"name\":\"L'once se maintient au top, sur fond de reprise des march\u00e9s\",\"isPartOf\":{\"@id\":\"https:\\\/\\\/www.gold.fr\\\/news\\\/#website\"},\"primaryImageOfPage\":{\"@id\":\"https:\\\/\\\/www.gold.fr\\\/news\\\/2016\\\/06\\\/30\\\/lonce-se-maintient-top-fond-de-reprise-marches\\\/#primaryimage\"},\"image\":{\"@id\":\"https:\\\/\\\/www.gold.fr\\\/news\\\/2016\\\/06\\\/30\\\/lonce-se-maintient-top-fond-de-reprise-marches\\\/#primaryimage\"},\"thumbnailUrl\":\"https:\\\/\\\/www.gold.fr\\\/news\\\/wp-content\\\/uploads\\\/2011\\\/09\\\/57437308.jpg\",\"datePublished\":\"2016-06-30T11:00:42+00:00\",\"dateModified\":\"2020-02-12T16:44:52+00:00\",\"author\":{\"@id\":\"https:\\\/\\\/www.gold.fr\\\/news\\\/#\\\/schema\\\/person\\\/070491b4b4fb7671bf59b3be20302ce9\"},\"description\":\"Les march\u00e9s semblent se remettre graduellement du choc 'Brexit', enregistrant la toute premi\u00e8re s\u00e9ance dans le vert, depuis l'annonce de ...\",\"breadcrumb\":{\"@id\":\"https:\\\/\\\/www.gold.fr\\\/news\\\/2016\\\/06\\\/30\\\/lonce-se-maintient-top-fond-de-reprise-marches\\\/#breadcrumb\"},\"inLanguage\":\"fr-FR\",\"potentialAction\":[{\"@type\":\"ReadAction\",\"target\":[\"https:\\\/\\\/www.gold.fr\\\/news\\\/2016\\\/06\\\/30\\\/lonce-se-maintient-top-fond-de-reprise-marches\\\/\"]}]},{\"@type\":\"ImageObject\",\"inLanguage\":\"fr-FR\",\"@id\":\"https:\\\/\\\/www.gold.fr\\\/news\\\/2016\\\/06\\\/30\\\/lonce-se-maintient-top-fond-de-reprise-marches\\\/#primaryimage\",\"url\":\"https:\\\/\\\/www.gold.fr\\\/news\\\/wp-content\\\/uploads\\\/2011\\\/09\\\/57437308.jpg\",\"contentUrl\":\"https:\\\/\\\/www.gold.fr\\\/news\\\/wp-content\\\/uploads\\\/2011\\\/09\\\/57437308.jpg\",\"width\":\"246\",\"height\":\"340\",\"caption\":\"Le 'Brexit' est-il une menace pour l'\u00e9conomie mondiale\u00a0?\"},{\"@type\":\"BreadcrumbList\",\"@id\":\"https:\\\/\\\/www.gold.fr\\\/news\\\/2016\\\/06\\\/30\\\/lonce-se-maintient-top-fond-de-reprise-marches\\\/#breadcrumb\",\"itemListElement\":[{\"@type\":\"ListItem\",\"position\":1,\"name\":\"Accueil\",\"item\":\"https:\\\/\\\/www.gold.fr\\\/\"},{\"@type\":\"ListItem\",\"position\":2,\"name\":\"Actualit\u00e9s\",\"item\":\"https:\\\/\\\/www.gold.fr\\\/news\\\/\"},{\"@type\":\"ListItem\",\"position\":3,\"name\":\"L&rsquo;once se maintient au top, sur fond de reprise des march\u00e9s\"}]},{\"@type\":\"WebSite\",\"@id\":\"https:\\\/\\\/www.gold.fr\\\/news\\\/#website\",\"url\":\"https:\\\/\\\/www.gold.fr\\\/news\\\/\",\"name\":\"Gold.fr\",\"description\":\"Actualit\u00e9s de l&#039;Or et des m\u00e9taux pr\u00e9cieux\",\"potentialAction\":[{\"@type\":\"SearchAction\",\"target\":{\"@type\":\"EntryPoint\",\"urlTemplate\":\"https:\\\/\\\/www.gold.fr\\\/news\\\/?s={search_term_string}\"},\"query-input\":{\"@type\":\"PropertyValueSpecification\",\"valueRequired\":true,\"valueName\":\"search_term_string\"}}],\"inLanguage\":\"fr-FR\"},{\"@type\":\"Person\",\"@id\":\"https:\\\/\\\/www.gold.fr\\\/news\\\/#\\\/schema\\\/person\\\/070491b4b4fb7671bf59b3be20302ce9\",\"name\":\"Comptoir National de l'Or\",\"image\":{\"@type\":\"ImageObject\",\"inLanguage\":\"fr-FR\",\"@id\":\"https:\\\/\\\/secure.gravatar.com\\\/avatar\\\/0a2867fd5abe37bed95d5a65e9d58f01756e11efc68af9888dfc50cfa7f65948?s=96&d=mm&r=gb490554db0a38188709de567aa58480d\",\"url\":\"https:\\\/\\\/secure.gravatar.com\\\/avatar\\\/0a2867fd5abe37bed95d5a65e9d58f01756e11efc68af9888dfc50cfa7f65948?s=96&d=mm&r=g\",\"contentUrl\":\"https:\\\/\\\/secure.gravatar.com\\\/avatar\\\/0a2867fd5abe37bed95d5a65e9d58f01756e11efc68af9888dfc50cfa7f65948?s=96&d=mm&r=g\",\"caption\":\"Comptoir National de l'Or\"},\"description\":\"Notre r\u00e9daction est constitu\u00e9e de membres experts dans les m\u00e9tiers de l'\u00e9conomie et la gestion, des Responsables d'agence Comptoir National de l'Or, des analystes financiers qui publient r\u00e9guli\u00e8rement des \u00e9tudes sur les politiques des banques centrales, le cours de l'or, prix de l'or, cours de l'argent, prix de l'argent, cours du platine, cours du palladium,... la situation en zone euro et l'impact de la strat\u00e9gie mon\u00e9taire de la FED. Notre \u00e9quipe scrute \u00e9galement une information plus g\u00e9n\u00e9raliste \u00e0 la recherche d'actualit\u00e9 \\\"p\u00e9pite\\\" \u00e0 vous partager. Depuis 5 ans, nous avons publi\u00e9 un peu plus de 4000 articles qui s'adressent \u00e0 un public large et vari\u00e9 ayant pour objectif de satisfaire votre curiosit\u00e9 et de partager avec vous une certaine fascination pour le m\u00e9tal jaune, le rachat d'or, et pour ceux qui veulent investir dans l'or, vendre leur or tout simplement en savoir plus... Pour tous vos achat or et argent, n'h\u00e9sitez pas \u00e0 prendre rendez-vous dans l'un de nos nombreux comptoirs.\",\"sameAs\":[\"https:\\\/\\\/www.gold.fr\"]}]}<\/script>\n<!-- \/ Yoast SEO plugin. -->","yoast_head_json":{"title":"L'once se maintient au top, sur fond de reprise des march\u00e9s","description":"Les march\u00e9s semblent se remettre graduellement du choc 'Brexit', enregistrant la toute premi\u00e8re s\u00e9ance dans le vert, depuis l'annonce de ...","robots":{"index":"index","follow":"follow","max-snippet":"max-snippet:-1","max-image-preview":"max-image-preview:large","max-video-preview":"max-video-preview:-1"},"canonical":"https:\/\/www.gold.fr\/news\/2016\/06\/30\/lonce-se-maintient-top-fond-de-reprise-marches\/","og_locale":"fr_FR","og_type":"article","og_title":"L'once se maintient au top, sur fond de reprise des march\u00e9s","og_description":"Les march\u00e9s semblent se remettre graduellement du choc 'Brexit', enregistrant la toute premi\u00e8re s\u00e9ance dans le vert, depuis l'annonce de ...","og_url":"https:\/\/www.gold.fr\/news\/2016\/06\/30\/lonce-se-maintient-top-fond-de-reprise-marches\/","og_site_name":"Gold.fr","article_publisher":"https:\/\/www.facebook.com\/Goldfr\/","article_published_time":"2016-06-30T11:00:42+00:00","article_modified_time":"2020-02-12T16:44:52+00:00","og_image":[{"width":246,"height":340,"url":"https:\/\/www.gold.fr\/news\/wp-content\/uploads\/2011\/09\/57437308.jpg","type":"image\/jpeg"}],"author":"Comptoir National de l'Or","twitter_card":"summary_large_image","twitter_misc":{"\u00c9crit par":"Comptoir National de l'Or","Dur\u00e9e de lecture estim\u00e9e":"1 minute"},"schema":{"@context":"https:\/\/schema.org","@graph":[{"@type":"Article","@id":"https:\/\/www.gold.fr\/news\/2016\/06\/30\/lonce-se-maintient-top-fond-de-reprise-marches\/#article","isPartOf":{"@id":"https:\/\/www.gold.fr\/news\/2016\/06\/30\/lonce-se-maintient-top-fond-de-reprise-marches\/"},"author":{"name":"Comptoir National de l'Or","@id":"https:\/\/www.gold.fr\/news\/#\/schema\/person\/070491b4b4fb7671bf59b3be20302ce9"},"headline":"L&rsquo;once se maintient au top, sur fond de reprise des march\u00e9s","datePublished":"2016-06-30T11:00:42+00:00","dateModified":"2020-02-12T16:44:52+00:00","mainEntityOfPage":{"@id":"https:\/\/www.gold.fr\/news\/2016\/06\/30\/lonce-se-maintient-top-fond-de-reprise-marches\/"},"wordCount":216,"commentCount":0,"image":{"@id":"https:\/\/www.gold.fr\/news\/2016\/06\/30\/lonce-se-maintient-top-fond-de-reprise-marches\/#primaryimage"},"thumbnailUrl":"https:\/\/www.gold.fr\/news\/wp-content\/uploads\/2011\/09\/57437308.jpg","keywords":["cours de l'or de bourse","Tout Cours de l'Or"],"articleSection":["Flash infos"],"inLanguage":"fr-FR"},{"@type":"WebPage","@id":"https:\/\/www.gold.fr\/news\/2016\/06\/30\/lonce-se-maintient-top-fond-de-reprise-marches\/","url":"https:\/\/www.gold.fr\/news\/2016\/06\/30\/lonce-se-maintient-top-fond-de-reprise-marches\/","name":"L'once se maintient au top, sur fond de reprise des march\u00e9s","isPartOf":{"@id":"https:\/\/www.gold.fr\/news\/#website"},"primaryImageOfPage":{"@id":"https:\/\/www.gold.fr\/news\/2016\/06\/30\/lonce-se-maintient-top-fond-de-reprise-marches\/#primaryimage"},"image":{"@id":"https:\/\/www.gold.fr\/news\/2016\/06\/30\/lonce-se-maintient-top-fond-de-reprise-marches\/#primaryimage"},"thumbnailUrl":"https:\/\/www.gold.fr\/news\/wp-content\/uploads\/2011\/09\/57437308.jpg","datePublished":"2016-06-30T11:00:42+00:00","dateModified":"2020-02-12T16:44:52+00:00","author":{"@id":"https:\/\/www.gold.fr\/news\/#\/schema\/person\/070491b4b4fb7671bf59b3be20302ce9"},"description":"Les march\u00e9s semblent se remettre graduellement du choc 'Brexit', enregistrant la toute premi\u00e8re s\u00e9ance dans le vert, depuis l'annonce de ...","breadcrumb":{"@id":"https:\/\/www.gold.fr\/news\/2016\/06\/30\/lonce-se-maintient-top-fond-de-reprise-marches\/#breadcrumb"},"inLanguage":"fr-FR","potentialAction":[{"@type":"ReadAction","target":["https:\/\/www.gold.fr\/news\/2016\/06\/30\/lonce-se-maintient-top-fond-de-reprise-marches\/"]}]},{"@type":"ImageObject","inLanguage":"fr-FR","@id":"https:\/\/www.gold.fr\/news\/2016\/06\/30\/lonce-se-maintient-top-fond-de-reprise-marches\/#primaryimage","url":"https:\/\/www.gold.fr\/news\/wp-content\/uploads\/2011\/09\/57437308.jpg","contentUrl":"https:\/\/www.gold.fr\/news\/wp-content\/uploads\/2011\/09\/57437308.jpg","width":"246","height":"340","caption":"Le 'Brexit' est-il une menace pour l'\u00e9conomie mondiale\u00a0?"},{"@type":"BreadcrumbList","@id":"https:\/\/www.gold.fr\/news\/2016\/06\/30\/lonce-se-maintient-top-fond-de-reprise-marches\/#breadcrumb","itemListElement":[{"@type":"ListItem","position":1,"name":"Accueil","item":"https:\/\/www.gold.fr\/"},{"@type":"ListItem","position":2,"name":"Actualit\u00e9s","item":"https:\/\/www.gold.fr\/news\/"},{"@type":"ListItem","position":3,"name":"L&rsquo;once se maintient au top, sur fond de reprise des march\u00e9s"}]},{"@type":"WebSite","@id":"https:\/\/www.gold.fr\/news\/#website","url":"https:\/\/www.gold.fr\/news\/","name":"Gold.fr","description":"Actualit\u00e9s de l&#039;Or et des m\u00e9taux pr\u00e9cieux","potentialAction":[{"@type":"SearchAction","target":{"@type":"EntryPoint","urlTemplate":"https:\/\/www.gold.fr\/news\/?s={search_term_string}"},"query-input":{"@type":"PropertyValueSpecification","valueRequired":true,"valueName":"search_term_string"}}],"inLanguage":"fr-FR"},{"@type":"Person","@id":"https:\/\/www.gold.fr\/news\/#\/schema\/person\/070491b4b4fb7671bf59b3be20302ce9","name":"Comptoir National de l'Or","image":{"@type":"ImageObject","inLanguage":"fr-FR","@id":"https:\/\/secure.gravatar.com\/avatar\/0a2867fd5abe37bed95d5a65e9d58f01756e11efc68af9888dfc50cfa7f65948?s=96&d=mm&r=gb490554db0a38188709de567aa58480d","url":"https:\/\/secure.gravatar.com\/avatar\/0a2867fd5abe37bed95d5a65e9d58f01756e11efc68af9888dfc50cfa7f65948?s=96&d=mm&r=g","contentUrl":"https:\/\/secure.gravatar.com\/avatar\/0a2867fd5abe37bed95d5a65e9d58f01756e11efc68af9888dfc50cfa7f65948?s=96&d=mm&r=g","caption":"Comptoir National de l'Or"},"description":"Notre r\u00e9daction est constitu\u00e9e de membres experts dans les m\u00e9tiers de l'\u00e9conomie et la gestion, des Responsables d'agence Comptoir National de l'Or, des analystes financiers qui publient r\u00e9guli\u00e8rement des \u00e9tudes sur les politiques des banques centrales, le cours de l'or, prix de l'or, cours de l'argent, prix de l'argent, cours du platine, cours du palladium,... la situation en zone euro et l'impact de la strat\u00e9gie mon\u00e9taire de la FED. Notre \u00e9quipe scrute \u00e9galement une information plus g\u00e9n\u00e9raliste \u00e0 la recherche d'actualit\u00e9 \"p\u00e9pite\" \u00e0 vous partager. Depuis 5 ans, nous avons publi\u00e9 un peu plus de 4000 articles qui s'adressent \u00e0 un public large et vari\u00e9 ayant pour objectif de satisfaire votre curiosit\u00e9 et de partager avec vous une certaine fascination pour le m\u00e9tal jaune, le rachat d'or, et pour ceux qui veulent investir dans l'or, vendre leur or tout simplement en savoir plus... Pour tous vos achat or et argent, n'h\u00e9sitez pas \u00e0 prendre rendez-vous dans l'un de nos nombreux comptoirs.","sameAs":["https:\/\/www.gold.fr"]}]}},"authors":[{"term_id":2565,"user_id":18,"is_guest":0,"slug":"julie","display_name":"Comptoir National de l'Or","avatar_url":"https:\/\/secure.gravatar.com\/avatar\/713f289e398d35ead876c4a4cc08607f0d6d266058cfc25683fffb6092d0e572?s=96&d=mm&r=g","0":null,"1":"","2":"","3":"","4":"","5":"","6":"","7":"","8":""}],"_links":{"self":[{"href":"https:\/\/www.gold.fr\/news\/wp-json\/wp\/v2\/posts\/19719","targetHints":{"allow":["GET"]}}],"collection":[{"href":"https:\/\/www.gold.fr\/news\/wp-json\/wp\/v2\/posts"}],"about":[{"href":"https:\/\/www.gold.fr\/news\/wp-json\/wp\/v2\/types\/post"}],"author":[{"embeddable":true,"href":"https:\/\/www.gold.fr\/news\/wp-json\/wp\/v2\/users\/18"}],"replies":[{"embeddable":true,"href":"https:\/\/www.gold.fr\/news\/wp-json\/wp\/v2\/comments?post=19719"}],"version-history":[{"count":0,"href":"https:\/\/www.gold.fr\/news\/wp-json\/wp\/v2\/posts\/19719\/revisions"}],"wp:featuredmedia":[{"embeddable":true,"href":"https:\/\/www.gold.fr\/news\/wp-json\/wp\/v2\/media\/2423"}],"wp:attachment":[{"href":"https:\/\/www.gold.fr\/news\/wp-json\/wp\/v2\/media?parent=19719"}],"wp:term":[{"taxonomy":"category","embeddable":true,"href":"https:\/\/www.gold.fr\/news\/wp-json\/wp\/v2\/categories?post=19719"},{"taxonomy":"post_tag","embeddable":true,"href":"https:\/\/www.gold.fr\/news\/wp-json\/wp\/v2\/tags?post=19719"},{"taxonomy":"author","embeddable":true,"href":"https:\/\/www.gold.fr\/news\/wp-json\/wp\/v2\/ppma_author?post=19719"}],"curies":[{"name":"wp","href":"https:\/\/api.w.org\/{rel}","templated":true}]}}