{"id":19697,"date":"2016-06-28T13:00:00","date_gmt":"2016-06-28T11:00:00","guid":{"rendered":"https:\/\/www.gold.fr\/news\/?p=19697"},"modified":"2020-02-12T17:43:31","modified_gmt":"2020-02-12T16:43:31","slug":"lor-propulse-crise-europeenne-2","status":"publish","type":"post","link":"https:\/\/www.gold.fr\/news\/2016\/06\/28\/lor-propulse-crise-europeenne-2\/","title":{"rendered":"L&rsquo;or propuls\u00e9 par la crise europ\u00e9enne"},"content":{"rendered":"<p><img loading=\"lazy\" decoding=\"async\" class=\"alignleft wp-image-7326 size-thumbnail\" title=\"L'or propuls\u00e9 par la crise europ\u00e9enne\" src=\"https:\/\/www.gold.fr\/news\/wp-content\/uploads\/2012\/05\/once-d-or-cube-150x150.jpg\" alt=\"L'or propuls\u00e9 par la crise europ\u00e9enne\" width=\"150\" height=\"150\" \/>Le tumulte \u00e9conomique et politique dans lequel s&rsquo;est retrouv\u00e9e la zone euro (ainsi que l&rsquo;ensemble de la communaut\u00e9 internationale), suite \u00e0 l&rsquo;ouragan <em>\u00ab\u00a0Brexit\u00a0\u00bb<\/em> ne cesse de booster la <a class=\"esk-seo-plu-link\" href=\"https:\/\/www.gold.fr\/news\/tags\/investissement\">valeur refuge<\/a> du <a class=\"esk-seo-plu-link\" href=\"https:\/\/www.gold.fr\/news\/tags\/or\">m\u00e9tal jaune<\/a>.<\/p>\n<p><a href=\"https:\/\/www.gold.fr\/once-or-nyc\/\" target=\"_blank\" rel=\"noopener noreferrer\">L&rsquo;once<\/a> vise d\u00e9sormais le seuil technique et psychologique des <strong>1 350 <a class=\"esk-seo-plu-link\" href=\"https:\/\/www.gold.fr\/news\/tags\/investissement\">dollars<\/a><\/strong>. Le billet vert s&rsquo;est pourtant consid\u00e9rablement appr\u00e9ci\u00e9, depuis la s\u00e9ance finale de la semaine derni\u00e8re, ce qui aurait du avoir pour effet de plomber les prix du march\u00e9 aurif\u00e8re <em>(libell\u00e9s au dollar)<\/em>. Mais il faut croire que le sentiment d&rsquo;incertitude et de panique demeure dominant, pour l&rsquo;instant, \u00e9clipsant toute logique boursi\u00e8re.<\/p>\n<p>D&rsquo;ailleurs, c\u00f4t\u00e9 <strong>ETF<\/strong>, c&rsquo;est \u00e9galement l&rsquo;euphorie; les observateurs rapportent en effet que, \u00ab\u00a0<em>entre jeudi et vendredi soirs, l&rsquo;encours du premier (ETF aurif\u00e8re), le SPDR Gold Shares am\u00e9ricain, a bondi de 18,4 tonnes \u00e0 934,3 tonnes, ce qui constitue son nouveau et \u00e9ni\u00e8me record d&rsquo;une ann\u00e9e 2016 qu&rsquo;il n&rsquo;avait commenc\u00e9 qu&rsquo;\u00e0 642 tonnes<\/em>\u00ab\u00a0.<\/p>\n<p>Cette panique se voit renforc\u00e9e par l&rsquo;issue ind\u00e9cise des l\u00e9gislatives espagnoles, de quoi soutenir davantage l&rsquo;envol\u00e9e du <a class=\"esk-seo-plu-link\" href=\"https:\/\/www.gold.fr\/news\/tags\/or\">m\u00e9tal jaune<\/a>. L&rsquo;<a class=\"esk-seo-plu-link\" href=\"https:\/\/www.gold.fr\/news\/tags\/or\">or<\/a> ouvre la s\u00e9ance de <strong>ce mardi 28 juin 2016<\/strong> avec <a href=\"https:\/\/www.gold.fr\/cours-or-prix-de-l-or\/\" target=\"_blank\" rel=\"noopener noreferrer\">un cours<\/a> haussier de <strong>1,328.45 <a class=\"esk-seo-plu-link\" href=\"https:\/\/www.gold.fr\/news\/tags\/investissement\">dollars<\/a><\/strong> <a href=\"https:\/\/www.gold.fr\/once-or-nyc\/\" target=\"_blank\" rel=\"noopener noreferrer\">l&rsquo;once<\/a>.<\/p>\n<!-- AddThis Advanced Settings generic via filter on the_content --><!-- AddThis Share Buttons generic via filter on the_content -->","protected":false},"excerpt":{"rendered":"<p>Le tumulte \u00e9conomique et politique dans lequel s&rsquo;est retrouv\u00e9e la zone euro (ainsi que l&rsquo;ensemble de la communaut\u00e9 internationale), suite \u00e0 l&rsquo;ouragan \u00ab\u00a0Brexit\u00a0\u00bb ne cesse de booster la valeur refuge du m\u00e9tal jaune. L&rsquo;once vise d\u00e9sormais [&hellip;]<\/p>\n","protected":false},"author":18,"featured_media":7326,"comment_status":"open","ping_status":"open","sticky":false,"template":"","format":"standard","meta":{"_mbp_gutenberg_autopost":false,"_pgmb_is_evergreen":false,"_pgmb_ap_template_id":0,"footnotes":""},"categories":[5],"tags":[385,84],"ppma_author":[2565],"class_list":["post-19697","post","type-post","status-publish","format-standard","has-post-thumbnail","hentry","category-flash-infos","tag-cours-de-lor-de-bourse","tag-cours-de-lor"],"yoast_head":"<!-- This site is optimized with the Yoast SEO plugin v26.9 - https:\/\/yoast.com\/product\/yoast-seo-wordpress\/ -->\n<title>L&#039;or propuls\u00e9 par la crise europ\u00e9enne<\/title>\n<meta name=\"description\" content=\"Le tumulte \u00e9conomique et politique dans lequel s&#039;est retrouv\u00e9e la zone euro (ainsi que l&#039;ensemble de la communaut\u00e9 internationale, suite \u00e0 l&#039;ouragan ...\" \/>\n<meta name=\"robots\" content=\"index, follow, max-snippet:-1, max-image-preview:large, max-video-preview:-1\" \/>\n<link rel=\"canonical\" href=\"https:\/\/www.gold.fr\/news\/2016\/06\/28\/lor-propulse-crise-europeenne-2\/\" \/>\n<meta property=\"og:locale\" content=\"fr_FR\" \/>\n<meta property=\"og:type\" content=\"article\" \/>\n<meta property=\"og:title\" content=\"L&#039;or propuls\u00e9 par la crise europ\u00e9enne\" \/>\n<meta property=\"og:description\" content=\"Le tumulte \u00e9conomique et politique dans lequel s&#039;est retrouv\u00e9e la zone euro (ainsi que l&#039;ensemble de la communaut\u00e9 internationale, suite \u00e0 l&#039;ouragan ...\" \/>\n<meta property=\"og:url\" content=\"https:\/\/www.gold.fr\/news\/2016\/06\/28\/lor-propulse-crise-europeenne-2\/\" \/>\n<meta property=\"og:site_name\" content=\"Gold.fr\" \/>\n<meta property=\"article:publisher\" content=\"https:\/\/www.facebook.com\/Goldfr\/\" \/>\n<meta property=\"article:published_time\" content=\"2016-06-28T11:00:00+00:00\" \/>\n<meta property=\"article:modified_time\" content=\"2020-02-12T16:43:31+00:00\" \/>\n<meta property=\"og:image\" content=\"https:\/\/www.gold.fr\/news\/wp-content\/uploads\/2012\/05\/once-d-or-cube.jpg\" \/>\n\t<meta property=\"og:image:width\" content=\"601\" \/>\n\t<meta property=\"og:image:height\" content=\"400\" \/>\n\t<meta property=\"og:image:type\" content=\"image\/jpeg\" \/>\n<meta name=\"author\" content=\"Comptoir National de l&#039;Or\" \/>\n<meta name=\"twitter:card\" content=\"summary_large_image\" \/>\n<meta name=\"twitter:label1\" content=\"\u00c9crit par\" \/>\n\t<meta name=\"twitter:data1\" content=\"Comptoir National de l&#039;Or\" \/>\n\t<meta name=\"twitter:label2\" content=\"Dur\u00e9e de lecture estim\u00e9e\" \/>\n\t<meta name=\"twitter:data2\" content=\"1 minute\" \/>\n<script type=\"application\/ld+json\" class=\"yoast-schema-graph\">{\"@context\":\"https:\/\/schema.org\",\"@graph\":[{\"@type\":\"Article\",\"@id\":\"https:\/\/www.gold.fr\/news\/2016\/06\/28\/lor-propulse-crise-europeenne-2\/#article\",\"isPartOf\":{\"@id\":\"https:\/\/www.gold.fr\/news\/2016\/06\/28\/lor-propulse-crise-europeenne-2\/\"},\"author\":{\"name\":\"Comptoir National de l'Or\",\"@id\":\"https:\/\/www.gold.fr\/news\/#\/schema\/person\/760ee7cec237915eebf2be78df0404c4\"},\"headline\":\"L&rsquo;or propuls\u00e9 par la crise europ\u00e9enne\",\"datePublished\":\"2016-06-28T11:00:00+00:00\",\"dateModified\":\"2020-02-12T16:43:31+00:00\",\"mainEntityOfPage\":{\"@id\":\"https:\/\/www.gold.fr\/news\/2016\/06\/28\/lor-propulse-crise-europeenne-2\/\"},\"wordCount\":221,\"commentCount\":0,\"image\":{\"@id\":\"https:\/\/www.gold.fr\/news\/2016\/06\/28\/lor-propulse-crise-europeenne-2\/#primaryimage\"},\"thumbnailUrl\":\"https:\/\/www.gold.fr\/news\/wp-content\/uploads\/2012\/05\/once-d-or-cube.jpg\",\"keywords\":[\"cours de l'or de bourse\",\"Tout Cours de l'Or\"],\"articleSection\":[\"Flash infos\"],\"inLanguage\":\"fr-FR\"},{\"@type\":\"WebPage\",\"@id\":\"https:\/\/www.gold.fr\/news\/2016\/06\/28\/lor-propulse-crise-europeenne-2\/\",\"url\":\"https:\/\/www.gold.fr\/news\/2016\/06\/28\/lor-propulse-crise-europeenne-2\/\",\"name\":\"L'or propuls\u00e9 par la crise europ\u00e9enne\",\"isPartOf\":{\"@id\":\"https:\/\/www.gold.fr\/news\/#website\"},\"primaryImageOfPage\":{\"@id\":\"https:\/\/www.gold.fr\/news\/2016\/06\/28\/lor-propulse-crise-europeenne-2\/#primaryimage\"},\"image\":{\"@id\":\"https:\/\/www.gold.fr\/news\/2016\/06\/28\/lor-propulse-crise-europeenne-2\/#primaryimage\"},\"thumbnailUrl\":\"https:\/\/www.gold.fr\/news\/wp-content\/uploads\/2012\/05\/once-d-or-cube.jpg\",\"datePublished\":\"2016-06-28T11:00:00+00:00\",\"dateModified\":\"2020-02-12T16:43:31+00:00\",\"author\":{\"@id\":\"https:\/\/www.gold.fr\/news\/#\/schema\/person\/760ee7cec237915eebf2be78df0404c4\"},\"description\":\"Le tumulte \u00e9conomique et politique dans lequel s'est retrouv\u00e9e la zone euro (ainsi que l'ensemble de la communaut\u00e9 internationale, suite \u00e0 l'ouragan ...\",\"breadcrumb\":{\"@id\":\"https:\/\/www.gold.fr\/news\/2016\/06\/28\/lor-propulse-crise-europeenne-2\/#breadcrumb\"},\"inLanguage\":\"fr-FR\",\"potentialAction\":[{\"@type\":\"ReadAction\",\"target\":[\"https:\/\/www.gold.fr\/news\/2016\/06\/28\/lor-propulse-crise-europeenne-2\/\"]}]},{\"@type\":\"ImageObject\",\"inLanguage\":\"fr-FR\",\"@id\":\"https:\/\/www.gold.fr\/news\/2016\/06\/28\/lor-propulse-crise-europeenne-2\/#primaryimage\",\"url\":\"https:\/\/www.gold.fr\/news\/wp-content\/uploads\/2012\/05\/once-d-or-cube.jpg\",\"contentUrl\":\"https:\/\/www.gold.fr\/news\/wp-content\/uploads\/2012\/05\/once-d-or-cube.jpg\",\"width\":\"601\",\"height\":\"400\",\"caption\":\"L'once stabilise au bord des 1 300 dollars\"},{\"@type\":\"BreadcrumbList\",\"@id\":\"https:\/\/www.gold.fr\/news\/2016\/06\/28\/lor-propulse-crise-europeenne-2\/#breadcrumb\",\"itemListElement\":[{\"@type\":\"ListItem\",\"position\":1,\"name\":\"Accueil\",\"item\":\"https:\/\/www.gold.fr\/\"},{\"@type\":\"ListItem\",\"position\":2,\"name\":\"Actualit\u00e9s\",\"item\":\"https:\/\/www.gold.fr\/news\/\"},{\"@type\":\"ListItem\",\"position\":3,\"name\":\"L&rsquo;or propuls\u00e9 par la crise europ\u00e9enne\"}]},{\"@type\":\"WebSite\",\"@id\":\"https:\/\/www.gold.fr\/news\/#website\",\"url\":\"https:\/\/www.gold.fr\/news\/\",\"name\":\"Gold.fr\",\"description\":\"Actualit\u00e9s de l&#039;Or et des m\u00e9taux pr\u00e9cieux\",\"potentialAction\":[{\"@type\":\"SearchAction\",\"target\":{\"@type\":\"EntryPoint\",\"urlTemplate\":\"https:\/\/www.gold.fr\/news\/?s={search_term_string}\"},\"query-input\":{\"@type\":\"PropertyValueSpecification\",\"valueRequired\":true,\"valueName\":\"search_term_string\"}}],\"inLanguage\":\"fr-FR\"},{\"@type\":\"Person\",\"@id\":\"https:\/\/www.gold.fr\/news\/#\/schema\/person\/760ee7cec237915eebf2be78df0404c4\",\"name\":\"Comptoir National de l'Or\",\"image\":{\"@type\":\"ImageObject\",\"inLanguage\":\"fr-FR\",\"@id\":\"https:\/\/www.gold.fr\/news\/#\/schema\/person\/image\/c36675942654553a86039d2dfa93c740\",\"url\":\"https:\/\/secure.gravatar.com\/avatar\/713f289e398d35ead876c4a4cc08607f0d6d266058cfc25683fffb6092d0e572?s=96&d=mm&r=g\",\"contentUrl\":\"https:\/\/secure.gravatar.com\/avatar\/713f289e398d35ead876c4a4cc08607f0d6d266058cfc25683fffb6092d0e572?s=96&d=mm&r=g\",\"caption\":\"Comptoir National de l'Or\"},\"description\":\"Notre r\u00e9daction est constitu\u00e9e de membres experts dans les m\u00e9tiers de l'\u00e9conomie et la gestion, des Responsables d'agence Comptoir National de l'Or, des analystes financiers qui publient r\u00e9guli\u00e8rement des \u00e9tudes sur les politiques des banques centrales, le cours de l'or, prix de l'or, cours de l'argent, prix de l'argent, cours du platine, cours du palladium,... la situation en zone euro et l'impact de la strat\u00e9gie mon\u00e9taire de la FED. Notre \u00e9quipe scrute \u00e9galement une information plus g\u00e9n\u00e9raliste \u00e0 la recherche d'actualit\u00e9 \\\"p\u00e9pite\\\" \u00e0 vous partager. Depuis 5 ans, nous avons publi\u00e9 un peu plus de 4000 articles qui s'adressent \u00e0 un public large et vari\u00e9 ayant pour objectif de satisfaire votre curiosit\u00e9 et de partager avec vous une certaine fascination pour le m\u00e9tal jaune, le rachat d'or, et pour ceux qui veulent investir dans l'or, vendre leur or tout simplement en savoir plus... Pour tous vos achat or et argent, n'h\u00e9sitez pas \u00e0 prendre rendez-vous dans l'un de nos nombreux comptoirs.\",\"sameAs\":[\"https:\/\/www.gold.fr\"]}]}<\/script>\n<!-- \/ Yoast SEO plugin. -->","yoast_head_json":{"title":"L'or propuls\u00e9 par la crise europ\u00e9enne","description":"Le tumulte \u00e9conomique et politique dans lequel s'est retrouv\u00e9e la zone euro (ainsi que l'ensemble de la communaut\u00e9 internationale, suite \u00e0 l'ouragan ...","robots":{"index":"index","follow":"follow","max-snippet":"max-snippet:-1","max-image-preview":"max-image-preview:large","max-video-preview":"max-video-preview:-1"},"canonical":"https:\/\/www.gold.fr\/news\/2016\/06\/28\/lor-propulse-crise-europeenne-2\/","og_locale":"fr_FR","og_type":"article","og_title":"L'or propuls\u00e9 par la crise europ\u00e9enne","og_description":"Le tumulte \u00e9conomique et politique dans lequel s'est retrouv\u00e9e la zone euro (ainsi que l'ensemble de la communaut\u00e9 internationale, suite \u00e0 l'ouragan ...","og_url":"https:\/\/www.gold.fr\/news\/2016\/06\/28\/lor-propulse-crise-europeenne-2\/","og_site_name":"Gold.fr","article_publisher":"https:\/\/www.facebook.com\/Goldfr\/","article_published_time":"2016-06-28T11:00:00+00:00","article_modified_time":"2020-02-12T16:43:31+00:00","og_image":[{"width":601,"height":400,"url":"https:\/\/www.gold.fr\/news\/wp-content\/uploads\/2012\/05\/once-d-or-cube.jpg","type":"image\/jpeg"}],"author":"Comptoir National de l'Or","twitter_card":"summary_large_image","twitter_misc":{"\u00c9crit par":"Comptoir National de l'Or","Dur\u00e9e de lecture estim\u00e9e":"1 minute"},"schema":{"@context":"https:\/\/schema.org","@graph":[{"@type":"Article","@id":"https:\/\/www.gold.fr\/news\/2016\/06\/28\/lor-propulse-crise-europeenne-2\/#article","isPartOf":{"@id":"https:\/\/www.gold.fr\/news\/2016\/06\/28\/lor-propulse-crise-europeenne-2\/"},"author":{"name":"Comptoir National de l'Or","@id":"https:\/\/www.gold.fr\/news\/#\/schema\/person\/760ee7cec237915eebf2be78df0404c4"},"headline":"L&rsquo;or propuls\u00e9 par la crise europ\u00e9enne","datePublished":"2016-06-28T11:00:00+00:00","dateModified":"2020-02-12T16:43:31+00:00","mainEntityOfPage":{"@id":"https:\/\/www.gold.fr\/news\/2016\/06\/28\/lor-propulse-crise-europeenne-2\/"},"wordCount":221,"commentCount":0,"image":{"@id":"https:\/\/www.gold.fr\/news\/2016\/06\/28\/lor-propulse-crise-europeenne-2\/#primaryimage"},"thumbnailUrl":"https:\/\/www.gold.fr\/news\/wp-content\/uploads\/2012\/05\/once-d-or-cube.jpg","keywords":["cours de l'or de bourse","Tout Cours de l'Or"],"articleSection":["Flash infos"],"inLanguage":"fr-FR"},{"@type":"WebPage","@id":"https:\/\/www.gold.fr\/news\/2016\/06\/28\/lor-propulse-crise-europeenne-2\/","url":"https:\/\/www.gold.fr\/news\/2016\/06\/28\/lor-propulse-crise-europeenne-2\/","name":"L'or propuls\u00e9 par la crise europ\u00e9enne","isPartOf":{"@id":"https:\/\/www.gold.fr\/news\/#website"},"primaryImageOfPage":{"@id":"https:\/\/www.gold.fr\/news\/2016\/06\/28\/lor-propulse-crise-europeenne-2\/#primaryimage"},"image":{"@id":"https:\/\/www.gold.fr\/news\/2016\/06\/28\/lor-propulse-crise-europeenne-2\/#primaryimage"},"thumbnailUrl":"https:\/\/www.gold.fr\/news\/wp-content\/uploads\/2012\/05\/once-d-or-cube.jpg","datePublished":"2016-06-28T11:00:00+00:00","dateModified":"2020-02-12T16:43:31+00:00","author":{"@id":"https:\/\/www.gold.fr\/news\/#\/schema\/person\/760ee7cec237915eebf2be78df0404c4"},"description":"Le tumulte \u00e9conomique et politique dans lequel s'est retrouv\u00e9e la zone euro (ainsi que l'ensemble de la communaut\u00e9 internationale, suite \u00e0 l'ouragan ...","breadcrumb":{"@id":"https:\/\/www.gold.fr\/news\/2016\/06\/28\/lor-propulse-crise-europeenne-2\/#breadcrumb"},"inLanguage":"fr-FR","potentialAction":[{"@type":"ReadAction","target":["https:\/\/www.gold.fr\/news\/2016\/06\/28\/lor-propulse-crise-europeenne-2\/"]}]},{"@type":"ImageObject","inLanguage":"fr-FR","@id":"https:\/\/www.gold.fr\/news\/2016\/06\/28\/lor-propulse-crise-europeenne-2\/#primaryimage","url":"https:\/\/www.gold.fr\/news\/wp-content\/uploads\/2012\/05\/once-d-or-cube.jpg","contentUrl":"https:\/\/www.gold.fr\/news\/wp-content\/uploads\/2012\/05\/once-d-or-cube.jpg","width":"601","height":"400","caption":"L'once stabilise au bord des 1 300 dollars"},{"@type":"BreadcrumbList","@id":"https:\/\/www.gold.fr\/news\/2016\/06\/28\/lor-propulse-crise-europeenne-2\/#breadcrumb","itemListElement":[{"@type":"ListItem","position":1,"name":"Accueil","item":"https:\/\/www.gold.fr\/"},{"@type":"ListItem","position":2,"name":"Actualit\u00e9s","item":"https:\/\/www.gold.fr\/news\/"},{"@type":"ListItem","position":3,"name":"L&rsquo;or propuls\u00e9 par la crise europ\u00e9enne"}]},{"@type":"WebSite","@id":"https:\/\/www.gold.fr\/news\/#website","url":"https:\/\/www.gold.fr\/news\/","name":"Gold.fr","description":"Actualit\u00e9s de l&#039;Or et des m\u00e9taux pr\u00e9cieux","potentialAction":[{"@type":"SearchAction","target":{"@type":"EntryPoint","urlTemplate":"https:\/\/www.gold.fr\/news\/?s={search_term_string}"},"query-input":{"@type":"PropertyValueSpecification","valueRequired":true,"valueName":"search_term_string"}}],"inLanguage":"fr-FR"},{"@type":"Person","@id":"https:\/\/www.gold.fr\/news\/#\/schema\/person\/760ee7cec237915eebf2be78df0404c4","name":"Comptoir National de l'Or","image":{"@type":"ImageObject","inLanguage":"fr-FR","@id":"https:\/\/www.gold.fr\/news\/#\/schema\/person\/image\/c36675942654553a86039d2dfa93c740","url":"https:\/\/secure.gravatar.com\/avatar\/713f289e398d35ead876c4a4cc08607f0d6d266058cfc25683fffb6092d0e572?s=96&d=mm&r=g","contentUrl":"https:\/\/secure.gravatar.com\/avatar\/713f289e398d35ead876c4a4cc08607f0d6d266058cfc25683fffb6092d0e572?s=96&d=mm&r=g","caption":"Comptoir National de l'Or"},"description":"Notre r\u00e9daction est constitu\u00e9e de membres experts dans les m\u00e9tiers de l'\u00e9conomie et la gestion, des Responsables d'agence Comptoir National de l'Or, des analystes financiers qui publient r\u00e9guli\u00e8rement des \u00e9tudes sur les politiques des banques centrales, le cours de l'or, prix de l'or, cours de l'argent, prix de l'argent, cours du platine, cours du palladium,... la situation en zone euro et l'impact de la strat\u00e9gie mon\u00e9taire de la FED. Notre \u00e9quipe scrute \u00e9galement une information plus g\u00e9n\u00e9raliste \u00e0 la recherche d'actualit\u00e9 \"p\u00e9pite\" \u00e0 vous partager. Depuis 5 ans, nous avons publi\u00e9 un peu plus de 4000 articles qui s'adressent \u00e0 un public large et vari\u00e9 ayant pour objectif de satisfaire votre curiosit\u00e9 et de partager avec vous une certaine fascination pour le m\u00e9tal jaune, le rachat d'or, et pour ceux qui veulent investir dans l'or, vendre leur or tout simplement en savoir plus... Pour tous vos achat or et argent, n'h\u00e9sitez pas \u00e0 prendre rendez-vous dans l'un de nos nombreux comptoirs.","sameAs":["https:\/\/www.gold.fr"]}]}},"authors":[{"term_id":2565,"user_id":18,"is_guest":0,"slug":"julie","display_name":"Comptoir National de l'Or","avatar_url":"https:\/\/secure.gravatar.com\/avatar\/713f289e398d35ead876c4a4cc08607f0d6d266058cfc25683fffb6092d0e572?s=96&d=mm&r=g","0":null,"1":"","2":"","3":"","4":"","5":"","6":"","7":"","8":""}],"_links":{"self":[{"href":"https:\/\/www.gold.fr\/news\/wp-json\/wp\/v2\/posts\/19697","targetHints":{"allow":["GET"]}}],"collection":[{"href":"https:\/\/www.gold.fr\/news\/wp-json\/wp\/v2\/posts"}],"about":[{"href":"https:\/\/www.gold.fr\/news\/wp-json\/wp\/v2\/types\/post"}],"author":[{"embeddable":true,"href":"https:\/\/www.gold.fr\/news\/wp-json\/wp\/v2\/users\/18"}],"replies":[{"embeddable":true,"href":"https:\/\/www.gold.fr\/news\/wp-json\/wp\/v2\/comments?post=19697"}],"version-history":[{"count":0,"href":"https:\/\/www.gold.fr\/news\/wp-json\/wp\/v2\/posts\/19697\/revisions"}],"wp:featuredmedia":[{"embeddable":true,"href":"https:\/\/www.gold.fr\/news\/wp-json\/wp\/v2\/media\/7326"}],"wp:attachment":[{"href":"https:\/\/www.gold.fr\/news\/wp-json\/wp\/v2\/media?parent=19697"}],"wp:term":[{"taxonomy":"category","embeddable":true,"href":"https:\/\/www.gold.fr\/news\/wp-json\/wp\/v2\/categories?post=19697"},{"taxonomy":"post_tag","embeddable":true,"href":"https:\/\/www.gold.fr\/news\/wp-json\/wp\/v2\/tags?post=19697"},{"taxonomy":"author","embeddable":true,"href":"https:\/\/www.gold.fr\/news\/wp-json\/wp\/v2\/ppma_author?post=19697"}],"curies":[{"name":"wp","href":"https:\/\/api.w.org\/{rel}","templated":true}]}}