{"id":19549,"date":"2016-06-07T13:00:01","date_gmt":"2016-06-07T11:00:01","guid":{"rendered":"https:\/\/www.gold.fr\/news\/?p=19549"},"modified":"2021-05-10T14:02:09","modified_gmt":"2021-05-10T12:02:09","slug":"lonce-stabilise-apres-les-propos-yellen","status":"publish","type":"post","link":"https:\/\/www.gold.fr\/news\/2016\/06\/07\/lonce-stabilise-apres-les-propos-yellen\/","title":{"rendered":"L&rsquo;once stabilise apr\u00e8s les propos Yellen"},"content":{"rendered":"<p><img loading=\"lazy\" decoding=\"async\" class=\"alignleft wp-image-3686 size-thumbnail\" title=\"L'once stabilise apr\u00e8s les propos Yellen\" src=\"https:\/\/www.gold.fr\/news\/wp-content\/uploads\/2011\/11\/Once-dor-150x150.jpg\" alt=\"L'once stabilise apr\u00e8s les propos Yellen\" width=\"150\" height=\"150\" \/><span style=\"font-size: small;\">Apr\u00e8s avoir marqu\u00e9, la veille, sa meilleure performance de la quinzaine, <a title=\"Prix de l'Once d'or\" href=\"https:\/\/www.gold.fr\/once-or-nyc\/\" target=\"_blank\" rel=\"noopener noreferrer\">l&rsquo;once<\/a> reprend aujourd&rsquo;hui un rythme normalis\u00e9 et tente de se stabiliser au dessus des <strong>1 240 dollars<\/strong>, suite \u00e0 un discours <strong>Yellen<\/strong> qui joue \u00e0 nouveau la carte de l&rsquo;ambigu\u00eft\u00e9.<\/span> <span style=\"font-size: small;\">La pr\u00e9sidente de la r\u00e9serve f\u00e9d\u00e9rale am\u00e9ricaine avait en effet donn\u00e9 hier un discours qui n&rsquo;\u00e9claire en rien sur la nature des discussions qui se d\u00e9roulent au sein de l&rsquo;institution. <\/span><\/p>\n<p><span style=\"font-size: small;\">Toutefois, les experts estiment que les propos de <strong>Yellen<\/strong> indiquent que la <strong>FED<\/strong> n&rsquo;envisage plus de hausse de taux en juin. C&rsquo;est notamment le cas de <strong>Natixis<\/strong> qui souligne que ces d\u00e9clarations ne permettent pas \u00ab\u00a0<em>d&rsquo;imaginer une hausse imminente du taux de r\u00e9f\u00e9rence de la Fed \u00bb<\/em>, pr\u00e9voyant de voir les taux relev\u00e9s dans le futur, \u00ab\u00a0<em>mais pas imm\u00e9diatement<\/em> \u00bb. On en retient en effet que <strong>Yellen<\/strong> a clairement indiqu\u00e9 qu&rsquo;il \u00ab\u00a0<em>n&rsquo;y avait pas d&rsquo;urgence<\/em> \u00bb, ce qui repr\u00e9sente une mani\u00e8re de contrebalancer son ton tr\u00e8s &lsquo;<em>faucon<\/em>&lsquo;, lors de ses deux r\u00e9cents discours.<\/span><\/p>\n<p style=\"text-align: justify;\"><span style=\"font-size: small;\">Pour l&rsquo;heure, l&rsquo;<a class=\"esk-seo-plu-link\" href=\"https:\/\/www.gold.fr\/news\/tags\/or\">or<\/a> continue \u00e0 profiter de ce retour d&rsquo;incertitude autour de la <strong>FED<\/strong>, et ouvre la s\u00e9ance de <strong>ce mardi 7 juin 2016<\/strong> avec <a title=\"Prix de l'Or\" href=\"https:\/\/www.gold.fr\/cours-or-prix-de-l-or\/\" target=\"_blank\" rel=\"noopener noreferrer\">un cours<\/a> stabilis\u00e9 de <strong>1,243.85 dollars<\/strong> <a title=\"Prix de l'Once d'or\" href=\"https:\/\/www.gold.fr\/once-or-nyc\/\" target=\"_blank\" rel=\"noopener noreferrer\">l&rsquo;once<\/a>.<\/span><\/p>\n<!-- AddThis Advanced Settings generic via filter on the_content --><!-- AddThis Share Buttons generic via filter on the_content -->","protected":false},"excerpt":{"rendered":"<p>Apr\u00e8s avoir marqu\u00e9, la veille, sa meilleure performance de la quinzaine, l&rsquo;once reprend aujourd&rsquo;hui un rythme normalis\u00e9 et tente de se stabiliser au dessus des 1 240 dollars, suite \u00e0 un discours Yellen qui joue \u00e0 [&hellip;]<\/p>\n","protected":false},"author":18,"featured_media":3686,"comment_status":"closed","ping_status":"closed","sticky":false,"template":"","format":"standard","meta":{"_mbp_gutenberg_autopost":false,"_pgmb_is_evergreen":false,"_pgmb_ap_template_id":0,"footnotes":""},"categories":[5],"tags":[385,84],"ppma_author":[2565],"class_list":["post-19549","post","type-post","status-publish","format-standard","has-post-thumbnail","hentry","category-flash-infos","tag-cours-de-lor-de-bourse","tag-cours-de-lor"],"yoast_head":"<!-- This site is optimized with the Yoast SEO plugin v27.5 - https:\/\/yoast.com\/product\/yoast-seo-wordpress\/ -->\n<title>L&#039;once stabilise apr\u00e8s les propos Yellen - Gold.fr<\/title>\n<meta name=\"robots\" content=\"index, follow, max-snippet:-1, max-image-preview:large, max-video-preview:-1\" \/>\n<link rel=\"canonical\" href=\"https:\/\/www.gold.fr\/news\/2016\/06\/07\/lonce-stabilise-apres-les-propos-yellen\/\" \/>\n<meta property=\"og:locale\" content=\"fr_FR\" \/>\n<meta property=\"og:type\" content=\"article\" \/>\n<meta property=\"og:title\" content=\"L&#039;once stabilise apr\u00e8s les propos Yellen - Gold.fr\" \/>\n<meta property=\"og:description\" content=\"Apr\u00e8s avoir marqu\u00e9, la veille, sa meilleure performance de la quinzaine, l&rsquo;once reprend aujourd&rsquo;hui un rythme normalis\u00e9 et tente de se stabiliser au dessus des 1 240 dollars, suite \u00e0 un discours Yellen qui joue \u00e0 [&hellip;]\" \/>\n<meta property=\"og:url\" content=\"https:\/\/www.gold.fr\/news\/2016\/06\/07\/lonce-stabilise-apres-les-propos-yellen\/\" \/>\n<meta property=\"og:site_name\" content=\"Gold.fr\" \/>\n<meta property=\"article:publisher\" content=\"https:\/\/www.facebook.com\/Goldfr\/\" \/>\n<meta property=\"article:published_time\" content=\"2016-06-07T11:00:01+00:00\" \/>\n<meta property=\"article:modified_time\" content=\"2021-05-10T12:02:09+00:00\" \/>\n<meta property=\"og:image\" content=\"https:\/\/www.gold.fr\/news\/wp-content\/uploads\/2011\/11\/Once-dor.jpg\" \/>\n\t<meta property=\"og:image:width\" content=\"493\" \/>\n\t<meta property=\"og:image:height\" content=\"328\" \/>\n\t<meta property=\"og:image:type\" content=\"image\/jpeg\" \/>\n<meta name=\"author\" content=\"Comptoir National de l&#039;Or\" \/>\n<meta name=\"twitter:card\" content=\"summary_large_image\" \/>\n<meta name=\"twitter:label1\" content=\"\u00c9crit par\" \/>\n\t<meta name=\"twitter:data1\" content=\"Comptoir National de l&#039;Or\" \/>\n\t<meta name=\"twitter:label2\" content=\"Dur\u00e9e de lecture estim\u00e9e\" \/>\n\t<meta name=\"twitter:data2\" content=\"1 minute\" \/>\n<script type=\"application\/ld+json\" class=\"yoast-schema-graph\">{\"@context\":\"https:\\\/\\\/schema.org\",\"@graph\":[{\"@type\":\"Article\",\"@id\":\"https:\\\/\\\/www.gold.fr\\\/news\\\/2016\\\/06\\\/07\\\/lonce-stabilise-apres-les-propos-yellen\\\/#article\",\"isPartOf\":{\"@id\":\"https:\\\/\\\/www.gold.fr\\\/news\\\/2016\\\/06\\\/07\\\/lonce-stabilise-apres-les-propos-yellen\\\/\"},\"author\":{\"name\":\"Comptoir National de l'Or\",\"@id\":\"https:\\\/\\\/www.gold.fr\\\/news\\\/#\\\/schema\\\/person\\\/070491b4b4fb7671bf59b3be20302ce9\"},\"headline\":\"L&rsquo;once stabilise apr\u00e8s les propos Yellen\",\"datePublished\":\"2016-06-07T11:00:01+00:00\",\"dateModified\":\"2021-05-10T12:02:09+00:00\",\"mainEntityOfPage\":{\"@id\":\"https:\\\/\\\/www.gold.fr\\\/news\\\/2016\\\/06\\\/07\\\/lonce-stabilise-apres-les-propos-yellen\\\/\"},\"wordCount\":227,\"image\":{\"@id\":\"https:\\\/\\\/www.gold.fr\\\/news\\\/2016\\\/06\\\/07\\\/lonce-stabilise-apres-les-propos-yellen\\\/#primaryimage\"},\"thumbnailUrl\":\"https:\\\/\\\/www.gold.fr\\\/news\\\/wp-content\\\/uploads\\\/2011\\\/11\\\/Once-dor.jpg\",\"keywords\":[\"cours de l'or de bourse\",\"Tout Cours de l'Or\"],\"articleSection\":[\"Flash infos\"],\"inLanguage\":\"fr-FR\"},{\"@type\":\"WebPage\",\"@id\":\"https:\\\/\\\/www.gold.fr\\\/news\\\/2016\\\/06\\\/07\\\/lonce-stabilise-apres-les-propos-yellen\\\/\",\"url\":\"https:\\\/\\\/www.gold.fr\\\/news\\\/2016\\\/06\\\/07\\\/lonce-stabilise-apres-les-propos-yellen\\\/\",\"name\":\"L'once stabilise apr\u00e8s les propos Yellen - Gold.fr\",\"isPartOf\":{\"@id\":\"https:\\\/\\\/www.gold.fr\\\/news\\\/#website\"},\"primaryImageOfPage\":{\"@id\":\"https:\\\/\\\/www.gold.fr\\\/news\\\/2016\\\/06\\\/07\\\/lonce-stabilise-apres-les-propos-yellen\\\/#primaryimage\"},\"image\":{\"@id\":\"https:\\\/\\\/www.gold.fr\\\/news\\\/2016\\\/06\\\/07\\\/lonce-stabilise-apres-les-propos-yellen\\\/#primaryimage\"},\"thumbnailUrl\":\"https:\\\/\\\/www.gold.fr\\\/news\\\/wp-content\\\/uploads\\\/2011\\\/11\\\/Once-dor.jpg\",\"datePublished\":\"2016-06-07T11:00:01+00:00\",\"dateModified\":\"2021-05-10T12:02:09+00:00\",\"author\":{\"@id\":\"https:\\\/\\\/www.gold.fr\\\/news\\\/#\\\/schema\\\/person\\\/070491b4b4fb7671bf59b3be20302ce9\"},\"breadcrumb\":{\"@id\":\"https:\\\/\\\/www.gold.fr\\\/news\\\/2016\\\/06\\\/07\\\/lonce-stabilise-apres-les-propos-yellen\\\/#breadcrumb\"},\"inLanguage\":\"fr-FR\",\"potentialAction\":[{\"@type\":\"ReadAction\",\"target\":[\"https:\\\/\\\/www.gold.fr\\\/news\\\/2016\\\/06\\\/07\\\/lonce-stabilise-apres-les-propos-yellen\\\/\"]}]},{\"@type\":\"ImageObject\",\"inLanguage\":\"fr-FR\",\"@id\":\"https:\\\/\\\/www.gold.fr\\\/news\\\/2016\\\/06\\\/07\\\/lonce-stabilise-apres-les-propos-yellen\\\/#primaryimage\",\"url\":\"https:\\\/\\\/www.gold.fr\\\/news\\\/wp-content\\\/uploads\\\/2011\\\/11\\\/Once-dor.jpg\",\"contentUrl\":\"https:\\\/\\\/www.gold.fr\\\/news\\\/wp-content\\\/uploads\\\/2011\\\/11\\\/Once-dor.jpg\",\"width\":\"493\",\"height\":\"328\",\"caption\":\"L'once vacille, les banques centrales toujours en vue\"},{\"@type\":\"BreadcrumbList\",\"@id\":\"https:\\\/\\\/www.gold.fr\\\/news\\\/2016\\\/06\\\/07\\\/lonce-stabilise-apres-les-propos-yellen\\\/#breadcrumb\",\"itemListElement\":[{\"@type\":\"ListItem\",\"position\":1,\"name\":\"Accueil\",\"item\":\"https:\\\/\\\/www.gold.fr\\\/\"},{\"@type\":\"ListItem\",\"position\":2,\"name\":\"Actualit\u00e9s\",\"item\":\"https:\\\/\\\/www.gold.fr\\\/news\\\/\"},{\"@type\":\"ListItem\",\"position\":3,\"name\":\"L&rsquo;once stabilise apr\u00e8s les propos Yellen\"}]},{\"@type\":\"WebSite\",\"@id\":\"https:\\\/\\\/www.gold.fr\\\/news\\\/#website\",\"url\":\"https:\\\/\\\/www.gold.fr\\\/news\\\/\",\"name\":\"Gold.fr\",\"description\":\"Actualit\u00e9s de l&#039;Or et des m\u00e9taux pr\u00e9cieux\",\"potentialAction\":[{\"@type\":\"SearchAction\",\"target\":{\"@type\":\"EntryPoint\",\"urlTemplate\":\"https:\\\/\\\/www.gold.fr\\\/news\\\/?s={search_term_string}\"},\"query-input\":{\"@type\":\"PropertyValueSpecification\",\"valueRequired\":true,\"valueName\":\"search_term_string\"}}],\"inLanguage\":\"fr-FR\"},{\"@type\":\"Person\",\"@id\":\"https:\\\/\\\/www.gold.fr\\\/news\\\/#\\\/schema\\\/person\\\/070491b4b4fb7671bf59b3be20302ce9\",\"name\":\"Comptoir National de l'Or\",\"image\":{\"@type\":\"ImageObject\",\"inLanguage\":\"fr-FR\",\"@id\":\"https:\\\/\\\/secure.gravatar.com\\\/avatar\\\/0a2867fd5abe37bed95d5a65e9d58f01756e11efc68af9888dfc50cfa7f65948?s=96&d=mm&r=gb490554db0a38188709de567aa58480d\",\"url\":\"https:\\\/\\\/secure.gravatar.com\\\/avatar\\\/0a2867fd5abe37bed95d5a65e9d58f01756e11efc68af9888dfc50cfa7f65948?s=96&d=mm&r=g\",\"contentUrl\":\"https:\\\/\\\/secure.gravatar.com\\\/avatar\\\/0a2867fd5abe37bed95d5a65e9d58f01756e11efc68af9888dfc50cfa7f65948?s=96&d=mm&r=g\",\"caption\":\"Comptoir National de l'Or\"},\"description\":\"Notre r\u00e9daction est constitu\u00e9e de membres experts dans les m\u00e9tiers de l'\u00e9conomie et la gestion, des Responsables d'agence Comptoir National de l'Or, des analystes financiers qui publient r\u00e9guli\u00e8rement des \u00e9tudes sur les politiques des banques centrales, le cours de l'or, prix de l'or, cours de l'argent, prix de l'argent, cours du platine, cours du palladium,... la situation en zone euro et l'impact de la strat\u00e9gie mon\u00e9taire de la FED. Notre \u00e9quipe scrute \u00e9galement une information plus g\u00e9n\u00e9raliste \u00e0 la recherche d'actualit\u00e9 \\\"p\u00e9pite\\\" \u00e0 vous partager. Depuis 5 ans, nous avons publi\u00e9 un peu plus de 4000 articles qui s'adressent \u00e0 un public large et vari\u00e9 ayant pour objectif de satisfaire votre curiosit\u00e9 et de partager avec vous une certaine fascination pour le m\u00e9tal jaune, le rachat d'or, et pour ceux qui veulent investir dans l'or, vendre leur or tout simplement en savoir plus... Pour tous vos achat or et argent, n'h\u00e9sitez pas \u00e0 prendre rendez-vous dans l'un de nos nombreux comptoirs.\",\"sameAs\":[\"https:\\\/\\\/www.gold.fr\"]}]}<\/script>\n<!-- \/ Yoast SEO plugin. -->","yoast_head_json":{"title":"L'once stabilise apr\u00e8s les propos Yellen - Gold.fr","robots":{"index":"index","follow":"follow","max-snippet":"max-snippet:-1","max-image-preview":"max-image-preview:large","max-video-preview":"max-video-preview:-1"},"canonical":"https:\/\/www.gold.fr\/news\/2016\/06\/07\/lonce-stabilise-apres-les-propos-yellen\/","og_locale":"fr_FR","og_type":"article","og_title":"L'once stabilise apr\u00e8s les propos Yellen - Gold.fr","og_description":"Apr\u00e8s avoir marqu\u00e9, la veille, sa meilleure performance de la quinzaine, l&rsquo;once reprend aujourd&rsquo;hui un rythme normalis\u00e9 et tente de se stabiliser au dessus des 1 240 dollars, suite \u00e0 un discours Yellen qui joue \u00e0 [&hellip;]","og_url":"https:\/\/www.gold.fr\/news\/2016\/06\/07\/lonce-stabilise-apres-les-propos-yellen\/","og_site_name":"Gold.fr","article_publisher":"https:\/\/www.facebook.com\/Goldfr\/","article_published_time":"2016-06-07T11:00:01+00:00","article_modified_time":"2021-05-10T12:02:09+00:00","og_image":[{"width":493,"height":328,"url":"https:\/\/www.gold.fr\/news\/wp-content\/uploads\/2011\/11\/Once-dor.jpg","type":"image\/jpeg"}],"author":"Comptoir National de l'Or","twitter_card":"summary_large_image","twitter_misc":{"\u00c9crit par":"Comptoir National de l'Or","Dur\u00e9e de lecture estim\u00e9e":"1 minute"},"schema":{"@context":"https:\/\/schema.org","@graph":[{"@type":"Article","@id":"https:\/\/www.gold.fr\/news\/2016\/06\/07\/lonce-stabilise-apres-les-propos-yellen\/#article","isPartOf":{"@id":"https:\/\/www.gold.fr\/news\/2016\/06\/07\/lonce-stabilise-apres-les-propos-yellen\/"},"author":{"name":"Comptoir National de l'Or","@id":"https:\/\/www.gold.fr\/news\/#\/schema\/person\/070491b4b4fb7671bf59b3be20302ce9"},"headline":"L&rsquo;once stabilise apr\u00e8s les propos Yellen","datePublished":"2016-06-07T11:00:01+00:00","dateModified":"2021-05-10T12:02:09+00:00","mainEntityOfPage":{"@id":"https:\/\/www.gold.fr\/news\/2016\/06\/07\/lonce-stabilise-apres-les-propos-yellen\/"},"wordCount":227,"image":{"@id":"https:\/\/www.gold.fr\/news\/2016\/06\/07\/lonce-stabilise-apres-les-propos-yellen\/#primaryimage"},"thumbnailUrl":"https:\/\/www.gold.fr\/news\/wp-content\/uploads\/2011\/11\/Once-dor.jpg","keywords":["cours de l'or de bourse","Tout Cours de l'Or"],"articleSection":["Flash infos"],"inLanguage":"fr-FR"},{"@type":"WebPage","@id":"https:\/\/www.gold.fr\/news\/2016\/06\/07\/lonce-stabilise-apres-les-propos-yellen\/","url":"https:\/\/www.gold.fr\/news\/2016\/06\/07\/lonce-stabilise-apres-les-propos-yellen\/","name":"L'once stabilise apr\u00e8s les propos Yellen - Gold.fr","isPartOf":{"@id":"https:\/\/www.gold.fr\/news\/#website"},"primaryImageOfPage":{"@id":"https:\/\/www.gold.fr\/news\/2016\/06\/07\/lonce-stabilise-apres-les-propos-yellen\/#primaryimage"},"image":{"@id":"https:\/\/www.gold.fr\/news\/2016\/06\/07\/lonce-stabilise-apres-les-propos-yellen\/#primaryimage"},"thumbnailUrl":"https:\/\/www.gold.fr\/news\/wp-content\/uploads\/2011\/11\/Once-dor.jpg","datePublished":"2016-06-07T11:00:01+00:00","dateModified":"2021-05-10T12:02:09+00:00","author":{"@id":"https:\/\/www.gold.fr\/news\/#\/schema\/person\/070491b4b4fb7671bf59b3be20302ce9"},"breadcrumb":{"@id":"https:\/\/www.gold.fr\/news\/2016\/06\/07\/lonce-stabilise-apres-les-propos-yellen\/#breadcrumb"},"inLanguage":"fr-FR","potentialAction":[{"@type":"ReadAction","target":["https:\/\/www.gold.fr\/news\/2016\/06\/07\/lonce-stabilise-apres-les-propos-yellen\/"]}]},{"@type":"ImageObject","inLanguage":"fr-FR","@id":"https:\/\/www.gold.fr\/news\/2016\/06\/07\/lonce-stabilise-apres-les-propos-yellen\/#primaryimage","url":"https:\/\/www.gold.fr\/news\/wp-content\/uploads\/2011\/11\/Once-dor.jpg","contentUrl":"https:\/\/www.gold.fr\/news\/wp-content\/uploads\/2011\/11\/Once-dor.jpg","width":"493","height":"328","caption":"L'once vacille, les banques centrales toujours en vue"},{"@type":"BreadcrumbList","@id":"https:\/\/www.gold.fr\/news\/2016\/06\/07\/lonce-stabilise-apres-les-propos-yellen\/#breadcrumb","itemListElement":[{"@type":"ListItem","position":1,"name":"Accueil","item":"https:\/\/www.gold.fr\/"},{"@type":"ListItem","position":2,"name":"Actualit\u00e9s","item":"https:\/\/www.gold.fr\/news\/"},{"@type":"ListItem","position":3,"name":"L&rsquo;once stabilise apr\u00e8s les propos Yellen"}]},{"@type":"WebSite","@id":"https:\/\/www.gold.fr\/news\/#website","url":"https:\/\/www.gold.fr\/news\/","name":"Gold.fr","description":"Actualit\u00e9s de l&#039;Or et des m\u00e9taux pr\u00e9cieux","potentialAction":[{"@type":"SearchAction","target":{"@type":"EntryPoint","urlTemplate":"https:\/\/www.gold.fr\/news\/?s={search_term_string}"},"query-input":{"@type":"PropertyValueSpecification","valueRequired":true,"valueName":"search_term_string"}}],"inLanguage":"fr-FR"},{"@type":"Person","@id":"https:\/\/www.gold.fr\/news\/#\/schema\/person\/070491b4b4fb7671bf59b3be20302ce9","name":"Comptoir National de l'Or","image":{"@type":"ImageObject","inLanguage":"fr-FR","@id":"https:\/\/secure.gravatar.com\/avatar\/0a2867fd5abe37bed95d5a65e9d58f01756e11efc68af9888dfc50cfa7f65948?s=96&d=mm&r=gb490554db0a38188709de567aa58480d","url":"https:\/\/secure.gravatar.com\/avatar\/0a2867fd5abe37bed95d5a65e9d58f01756e11efc68af9888dfc50cfa7f65948?s=96&d=mm&r=g","contentUrl":"https:\/\/secure.gravatar.com\/avatar\/0a2867fd5abe37bed95d5a65e9d58f01756e11efc68af9888dfc50cfa7f65948?s=96&d=mm&r=g","caption":"Comptoir National de l'Or"},"description":"Notre r\u00e9daction est constitu\u00e9e de membres experts dans les m\u00e9tiers de l'\u00e9conomie et la gestion, des Responsables d'agence Comptoir National de l'Or, des analystes financiers qui publient r\u00e9guli\u00e8rement des \u00e9tudes sur les politiques des banques centrales, le cours de l'or, prix de l'or, cours de l'argent, prix de l'argent, cours du platine, cours du palladium,... la situation en zone euro et l'impact de la strat\u00e9gie mon\u00e9taire de la FED. Notre \u00e9quipe scrute \u00e9galement une information plus g\u00e9n\u00e9raliste \u00e0 la recherche d'actualit\u00e9 \"p\u00e9pite\" \u00e0 vous partager. Depuis 5 ans, nous avons publi\u00e9 un peu plus de 4000 articles qui s'adressent \u00e0 un public large et vari\u00e9 ayant pour objectif de satisfaire votre curiosit\u00e9 et de partager avec vous une certaine fascination pour le m\u00e9tal jaune, le rachat d'or, et pour ceux qui veulent investir dans l'or, vendre leur or tout simplement en savoir plus... Pour tous vos achat or et argent, n'h\u00e9sitez pas \u00e0 prendre rendez-vous dans l'un de nos nombreux comptoirs.","sameAs":["https:\/\/www.gold.fr"]}]}},"authors":[{"term_id":2565,"user_id":18,"is_guest":0,"slug":"julie","display_name":"Comptoir National de l'Or","avatar_url":"https:\/\/secure.gravatar.com\/avatar\/713f289e398d35ead876c4a4cc08607f0d6d266058cfc25683fffb6092d0e572?s=96&d=mm&r=g","0":null,"1":"","2":"","3":"","4":"","5":"","6":"","7":"","8":""}],"_links":{"self":[{"href":"https:\/\/www.gold.fr\/news\/wp-json\/wp\/v2\/posts\/19549","targetHints":{"allow":["GET"]}}],"collection":[{"href":"https:\/\/www.gold.fr\/news\/wp-json\/wp\/v2\/posts"}],"about":[{"href":"https:\/\/www.gold.fr\/news\/wp-json\/wp\/v2\/types\/post"}],"author":[{"embeddable":true,"href":"https:\/\/www.gold.fr\/news\/wp-json\/wp\/v2\/users\/18"}],"replies":[{"embeddable":true,"href":"https:\/\/www.gold.fr\/news\/wp-json\/wp\/v2\/comments?post=19549"}],"version-history":[{"count":0,"href":"https:\/\/www.gold.fr\/news\/wp-json\/wp\/v2\/posts\/19549\/revisions"}],"wp:featuredmedia":[{"embeddable":true,"href":"https:\/\/www.gold.fr\/news\/wp-json\/wp\/v2\/media\/3686"}],"wp:attachment":[{"href":"https:\/\/www.gold.fr\/news\/wp-json\/wp\/v2\/media?parent=19549"}],"wp:term":[{"taxonomy":"category","embeddable":true,"href":"https:\/\/www.gold.fr\/news\/wp-json\/wp\/v2\/categories?post=19549"},{"taxonomy":"post_tag","embeddable":true,"href":"https:\/\/www.gold.fr\/news\/wp-json\/wp\/v2\/tags?post=19549"},{"taxonomy":"author","embeddable":true,"href":"https:\/\/www.gold.fr\/news\/wp-json\/wp\/v2\/ppma_author?post=19549"}],"curies":[{"name":"wp","href":"https:\/\/api.w.org\/{rel}","templated":true}]}}