{"id":19528,"date":"2016-05-20T18:00:45","date_gmt":"2016-05-20T16:00:45","guid":{"rendered":"https:\/\/www.gold.fr\/news\/?p=19528"},"modified":"2020-06-30T13:42:32","modified_gmt":"2020-06-30T11:42:32","slug":"marches-un-calendrier-decisif-en-juin","status":"publish","type":"post","link":"https:\/\/www.gold.fr\/news\/2016\/05\/20\/marches-un-calendrier-decisif-en-juin\/","title":{"rendered":"March\u00e9s : Un calendrier d\u00e9cisif en juin"},"content":{"rendered":"<p><img loading=\"lazy\" decoding=\"async\" class=\"alignleft wp-image-15563 size-thumbnail\" title=\" March\u00e9s : Un calendrier d\u00e9cisif en juin\" src=\"https:\/\/www.gold.fr\/news\/wp-content\/uploads\/2014\/09\/IMG3-150x150.jpg\" alt=\"March\u00e9s : Un calendrier d\u00e9cisif en juin\" width=\"150\" height=\"150\" \/><span style=\"font-size: small;\">L&rsquo;ensemble des march\u00e9s boursiers ont commenc\u00e9 la semaine sur une note assez ind\u00e9cise et ont cl\u00f4tur\u00e9 la s\u00e9ance de la veille <em>(derni\u00e8re s\u00e9ance du mois de mai)<\/em> dans un calme attentiste g\u00e9n\u00e9ralis\u00e9. Un attentisme largement justifi\u00e9, dans la mesure o\u00f9 le calendrier \u00e9conomique et macro\u00e9conomique du mois de juin s&rsquo;annonce d\u00e9j\u00e0 particuli\u00e8rement charg\u00e9 et d\u00e9cisif. Les op\u00e9rateurs s&rsquo;appr\u00eatent \u00e0 traverser une phase mouvement\u00e9e, sur fond de succession de catalyseurs majeurs.<\/span> <span style=\"font-size: small;\">Les experts ont \u00e9galement not\u00e9 le calme quasi-morose de cette s\u00e9ance de cl\u00f4ture mensuelle, trouvant les \u00ab <em>ajustements<\/em> \u00bb actuels des indices boursiers <em>(notamment europ\u00e9ens)<\/em> justifi\u00e9s, \u00e0 la veille du coup de d\u00e9part d&rsquo;un mois qui sera celui \u00ab <em>de tous les dangers pour les investisseurs<\/em> \u00bb. <\/span><\/p>\n<p><span style=\"font-size: small;\">Les observateurs listent ainsi un total de 6 points d&rsquo;orgue \u00e9conomiques majeurs, qui ponctueront le calendrier du mois de juin ; r\u00e9union de <strong>l&rsquo;OPEP<\/strong> <em>(2 juin)<\/em>, r\u00e9union de la banque centrale europ\u00e9enne <em>(le m\u00eame jour)<\/em>, rapport sur l&#8217;emploi am\u00e9ricain <em>(3 juin)<\/em>, r\u00e9union du comit\u00e9 de direction de la politique mon\u00e9taire <strong>FED<\/strong> <em>(15 juin)<\/em>, r\u00e9f\u00e9rendum britannique concernant un \u00e9ventuel &lsquo;<em>Brexit<\/em>&lsquo; <em>(23 juin)<\/em> et \u00e9lections pr\u00e9sidentielles espagnoles <em>(26 juin)<\/em>. Bref, largement de quoi secouer les march\u00e9s boursiers. <\/span><\/p>\n<p><span style=\"font-size: small;\"><strong>Sylvain Loganadin<\/strong>, analyste <strong>DailyFX<\/strong>, estime que ces \u00e9v\u00e9nements \u00ab <em>expliquent les faibles volumes d&rsquo;\u00e9changes mon\u00e9taires sur les march\u00e9s <a class=\"esk-seo-plu-link\" href=\"https:\/\/www.gold.fr\/news\/tags\/investissement\">actions<\/a> europ\u00e9ens et l&rsquo;aversion au risque progresse \u00e0 l&rsquo;approche de ces \u00e9ch\u00e9ances<\/em> \u00bb.<\/span> <span style=\"font-size: small;\">Pour l&rsquo;heure, le mois de mai s&rsquo;est \u00e9galement achev\u00e9 sur une s\u00e9ance charg\u00e9e de statistiques et rapports \u00e9conomiques mensuels, dont notamment les chiffres de l&rsquo;inflation annuelle en <strong>eurozone<\/strong> <em>(en am\u00e9lioration relative, de -0,2 \u00e0 -0,1%)<\/em>, le taux de ch\u00f4mage allemand <em>(en baisse de 0,1 point)<\/em>. C\u00f4t\u00e9 am\u00e9ricain, le bilan de la journ\u00e9e est peu encourageant, en d\u00e9pit de la hausse de <strong>1%<\/strong> des d\u00e9penses des m\u00e9nages, en raison du repli inattendu de l&rsquo;indice <strong>PMI<\/strong> de <strong>Chicago<\/strong> et l&rsquo;indice de confiance du <strong>Conference Board<\/strong>.<\/span> <span style=\"font-size: small;\">Ces r\u00e9sultats mitig\u00e9s, d&rsquo;une rive \u00e0 l&rsquo;autre de <strong>l&rsquo;Atlantique<\/strong> ont toutefois eu peu d&rsquo;incidence sur l&rsquo;\u00e9volution du march\u00e9 aurif\u00e8re. <\/span><\/p>\n<p><span style=\"font-size: small;\">L&rsquo;once continue en effet \u00e0 focaliser sa r\u00e9sistance sur la pression impos\u00e9e par le <strong>dollar<\/strong>. Apr\u00e8s avoir flirt\u00e9 avec le plancher technique et psychologique des <strong>1 200 <a class=\"esk-seo-plu-link\" href=\"https:\/\/www.gold.fr\/news\/tags\/investissement\">dollars<\/a><\/strong> <em>(vendredi dernier)<\/em>, le <a title=\"Prix de l'Or\" href=\"https:\/\/www.gold.fr\/cours-or-prix-de-l-or\/\" target=\"_blank\" rel=\"noopener noreferrer\">cours<\/a> de l&rsquo;<a class=\"esk-seo-plu-link\" href=\"https:\/\/www.gold.fr\/news\/tags\/or\">or<\/a> r\u00e9ussit actuellement \u00e0 rebondir, tentant de se stabiliser au dessus du seuil des <strong>1 220 <a class=\"esk-seo-plu-link\" href=\"https:\/\/www.gold.fr\/news\/tags\/investissement\">dollars<\/a><\/strong> <a title=\"Prix de l'Once d'or\" href=\"https:\/\/www.gold.fr\/once-or-nyc\/\" target=\"_blank\" rel=\"noopener noreferrer\">l&rsquo;once<\/a>. Outre l&rsquo;attentisme pesant autour de la prochaine r\u00e9union <strong>FED<\/strong>, <strong>Lukman Otunuga<\/strong>, analyste chez <strong>FXTM<\/strong>, justifie cette r\u00e9cente vague de baisse par la \u00ab <em>combinaison d&rsquo;un dollar fort et des espoirs \u00e9lev\u00e9s d&rsquo;une hausse des taux am\u00e9ricains, (\u2026) ce qui a s\u00e9rieusement \u00e9mouss\u00e9 l&rsquo;attrait du m\u00e9tal<\/em> \u00bb.<\/span><\/p>\n<!-- AddThis Advanced Settings generic via filter on the_content --><!-- AddThis Share Buttons generic via filter on the_content -->","protected":false},"excerpt":{"rendered":"<p>L&rsquo;ensemble des march\u00e9s boursiers ont commenc\u00e9 la semaine sur une note assez ind\u00e9cise et ont cl\u00f4tur\u00e9 la s\u00e9ance de la veille (derni\u00e8re s\u00e9ance du mois de mai) dans un calme attentiste g\u00e9n\u00e9ralis\u00e9. Un attentisme largement justifi\u00e9, [&hellip;]<\/p>\n","protected":false},"author":18,"featured_media":15563,"comment_status":"closed","ping_status":"closed","sticky":false,"template":"","format":"standard","meta":{"_mbp_gutenberg_autopost":false,"_pgmb_is_evergreen":false,"_pgmb_ap_template_id":0,"footnotes":""},"categories":[6],"tags":[2190,1237,2211,2239,2283,1674,2183,102,1796,1625,144,2256,1725,2158,2255,602,2143,2182],"ppma_author":[2565],"class_list":["post-19528","post","type-post","status-publish","format-standard","has-post-thumbnail","hentry","category-articles-de-presse","tag-atlantique","tag-banque-centrale-europeenne","tag-brexit","tag-calendrier-macroeconomique","tag-chomage-allemand","tag-conference-board","tag-dailyfx","tag-dollar","tag-emploi-americain","tag-eurozone","tag-fed","tag-fxtm","tag-indice-pmi","tag-indices-boursiers","tag-lukman-otunuga","tag-marches-de-lor","tag-opep","tag-sylvain-loganadin"],"yoast_head":"<!-- This site is optimized with the Yoast SEO plugin v27.5 - https:\/\/yoast.com\/product\/yoast-seo-wordpress\/ -->\n<title>March\u00e9s : Un calendrier d\u00e9cisif en juin - Gold.fr<\/title>\n<meta name=\"description\" content=\"March\u00e9s Calendrier d\u00e9cisif en Juin. Les experts ont \u00e9galement not\u00e9 le calme quasi-morose de cette s\u00e9ance Bourse Cours de l&#039;Or Prix\" \/>\n<meta name=\"robots\" content=\"index, follow, max-snippet:-1, max-image-preview:large, max-video-preview:-1\" \/>\n<link rel=\"canonical\" href=\"https:\/\/www.gold.fr\/news\/2016\/05\/20\/marches-un-calendrier-decisif-en-juin\/\" \/>\n<meta property=\"og:locale\" content=\"fr_FR\" \/>\n<meta property=\"og:type\" content=\"article\" \/>\n<meta property=\"og:title\" content=\"March\u00e9s : Un calendrier d\u00e9cisif en juin - Gold.fr\" \/>\n<meta property=\"og:description\" content=\"March\u00e9s Calendrier d\u00e9cisif en Juin. Les experts ont \u00e9galement not\u00e9 le calme quasi-morose de cette s\u00e9ance Bourse Cours de l&#039;Or Prix\" \/>\n<meta property=\"og:url\" content=\"https:\/\/www.gold.fr\/news\/2016\/05\/20\/marches-un-calendrier-decisif-en-juin\/\" \/>\n<meta property=\"og:site_name\" content=\"Gold.fr\" \/>\n<meta property=\"article:publisher\" content=\"https:\/\/www.facebook.com\/Goldfr\/\" \/>\n<meta property=\"article:published_time\" content=\"2016-05-20T16:00:45+00:00\" \/>\n<meta property=\"article:modified_time\" content=\"2020-06-30T11:42:32+00:00\" \/>\n<meta property=\"og:image\" content=\"https:\/\/www.gold.fr\/news\/wp-content\/uploads\/2014\/09\/IMG3.jpg\" \/>\n\t<meta property=\"og:image:width\" content=\"660\" \/>\n\t<meta property=\"og:image:height\" content=\"423\" \/>\n\t<meta property=\"og:image:type\" content=\"image\/jpeg\" \/>\n<meta name=\"author\" content=\"Comptoir National de l&#039;Or\" \/>\n<meta name=\"twitter:card\" content=\"summary_large_image\" \/>\n<meta name=\"twitter:label1\" content=\"\u00c9crit par\" \/>\n\t<meta name=\"twitter:data1\" content=\"Comptoir National de l&#039;Or\" \/>\n\t<meta name=\"twitter:label2\" content=\"Dur\u00e9e de lecture estim\u00e9e\" \/>\n\t<meta name=\"twitter:data2\" content=\"2 minutes\" \/>\n<script type=\"application\/ld+json\" class=\"yoast-schema-graph\">{\"@context\":\"https:\\\/\\\/schema.org\",\"@graph\":[{\"@type\":\"Article\",\"@id\":\"https:\\\/\\\/www.gold.fr\\\/news\\\/2016\\\/05\\\/20\\\/marches-un-calendrier-decisif-en-juin\\\/#article\",\"isPartOf\":{\"@id\":\"https:\\\/\\\/www.gold.fr\\\/news\\\/2016\\\/05\\\/20\\\/marches-un-calendrier-decisif-en-juin\\\/\"},\"author\":{\"name\":\"Comptoir National de l'Or\",\"@id\":\"https:\\\/\\\/www.gold.fr\\\/news\\\/#\\\/schema\\\/person\\\/070491b4b4fb7671bf59b3be20302ce9\"},\"headline\":\"March\u00e9s : Un calendrier d\u00e9cisif en juin\",\"datePublished\":\"2016-05-20T16:00:45+00:00\",\"dateModified\":\"2020-06-30T11:42:32+00:00\",\"mainEntityOfPage\":{\"@id\":\"https:\\\/\\\/www.gold.fr\\\/news\\\/2016\\\/05\\\/20\\\/marches-un-calendrier-decisif-en-juin\\\/\"},\"wordCount\":487,\"image\":{\"@id\":\"https:\\\/\\\/www.gold.fr\\\/news\\\/2016\\\/05\\\/20\\\/marches-un-calendrier-decisif-en-juin\\\/#primaryimage\"},\"thumbnailUrl\":\"https:\\\/\\\/www.gold.fr\\\/news\\\/wp-content\\\/uploads\\\/2014\\\/09\\\/IMG3.jpg\",\"keywords\":[\"Atlantique\",\"Banque Centrale Europ\u00e9enne\",\"Brexit\",\"calendrier macro\u00e9conomique\",\"ch\u00f4mage allemand\",\"Conference Board\",\"DailyFX\",\"dollar\",\"emploi am\u00e9ricain\",\"Eurozone\",\"fed\",\"FXTM\",\"indice PMI\",\"indices boursiers\",\"Lukman Otunuga\",\"march\u00e9s de l'or\",\"OPEP\",\"Sylvain Loganadin\"],\"articleSection\":[\"Articles de presse\"],\"inLanguage\":\"fr-FR\"},{\"@type\":\"WebPage\",\"@id\":\"https:\\\/\\\/www.gold.fr\\\/news\\\/2016\\\/05\\\/20\\\/marches-un-calendrier-decisif-en-juin\\\/\",\"url\":\"https:\\\/\\\/www.gold.fr\\\/news\\\/2016\\\/05\\\/20\\\/marches-un-calendrier-decisif-en-juin\\\/\",\"name\":\"March\u00e9s : Un calendrier d\u00e9cisif en juin - Gold.fr\",\"isPartOf\":{\"@id\":\"https:\\\/\\\/www.gold.fr\\\/news\\\/#website\"},\"primaryImageOfPage\":{\"@id\":\"https:\\\/\\\/www.gold.fr\\\/news\\\/2016\\\/05\\\/20\\\/marches-un-calendrier-decisif-en-juin\\\/#primaryimage\"},\"image\":{\"@id\":\"https:\\\/\\\/www.gold.fr\\\/news\\\/2016\\\/05\\\/20\\\/marches-un-calendrier-decisif-en-juin\\\/#primaryimage\"},\"thumbnailUrl\":\"https:\\\/\\\/www.gold.fr\\\/news\\\/wp-content\\\/uploads\\\/2014\\\/09\\\/IMG3.jpg\",\"datePublished\":\"2016-05-20T16:00:45+00:00\",\"dateModified\":\"2020-06-30T11:42:32+00:00\",\"author\":{\"@id\":\"https:\\\/\\\/www.gold.fr\\\/news\\\/#\\\/schema\\\/person\\\/070491b4b4fb7671bf59b3be20302ce9\"},\"description\":\"March\u00e9s Calendrier d\u00e9cisif en Juin. Les experts ont \u00e9galement not\u00e9 le calme quasi-morose de cette s\u00e9ance Bourse Cours de l'Or Prix\",\"breadcrumb\":{\"@id\":\"https:\\\/\\\/www.gold.fr\\\/news\\\/2016\\\/05\\\/20\\\/marches-un-calendrier-decisif-en-juin\\\/#breadcrumb\"},\"inLanguage\":\"fr-FR\",\"potentialAction\":[{\"@type\":\"ReadAction\",\"target\":[\"https:\\\/\\\/www.gold.fr\\\/news\\\/2016\\\/05\\\/20\\\/marches-un-calendrier-decisif-en-juin\\\/\"]}]},{\"@type\":\"ImageObject\",\"inLanguage\":\"fr-FR\",\"@id\":\"https:\\\/\\\/www.gold.fr\\\/news\\\/2016\\\/05\\\/20\\\/marches-un-calendrier-decisif-en-juin\\\/#primaryimage\",\"url\":\"https:\\\/\\\/www.gold.fr\\\/news\\\/wp-content\\\/uploads\\\/2014\\\/09\\\/IMG3.jpg\",\"contentUrl\":\"https:\\\/\\\/www.gold.fr\\\/news\\\/wp-content\\\/uploads\\\/2014\\\/09\\\/IMG3.jpg\",\"width\":\"660\",\"height\":\"423\",\"caption\":\"Etat stationnaire pour l\u2019once en attendant les r\u00e9sultats du premier tour\"},{\"@type\":\"BreadcrumbList\",\"@id\":\"https:\\\/\\\/www.gold.fr\\\/news\\\/2016\\\/05\\\/20\\\/marches-un-calendrier-decisif-en-juin\\\/#breadcrumb\",\"itemListElement\":[{\"@type\":\"ListItem\",\"position\":1,\"name\":\"Accueil\",\"item\":\"https:\\\/\\\/www.gold.fr\\\/\"},{\"@type\":\"ListItem\",\"position\":2,\"name\":\"Actualit\u00e9s\",\"item\":\"https:\\\/\\\/www.gold.fr\\\/news\\\/\"},{\"@type\":\"ListItem\",\"position\":3,\"name\":\"March\u00e9s : Un calendrier d\u00e9cisif en juin\"}]},{\"@type\":\"WebSite\",\"@id\":\"https:\\\/\\\/www.gold.fr\\\/news\\\/#website\",\"url\":\"https:\\\/\\\/www.gold.fr\\\/news\\\/\",\"name\":\"Gold.fr\",\"description\":\"Actualit\u00e9s de l&#039;Or et des m\u00e9taux pr\u00e9cieux\",\"potentialAction\":[{\"@type\":\"SearchAction\",\"target\":{\"@type\":\"EntryPoint\",\"urlTemplate\":\"https:\\\/\\\/www.gold.fr\\\/news\\\/?s={search_term_string}\"},\"query-input\":{\"@type\":\"PropertyValueSpecification\",\"valueRequired\":true,\"valueName\":\"search_term_string\"}}],\"inLanguage\":\"fr-FR\"},{\"@type\":\"Person\",\"@id\":\"https:\\\/\\\/www.gold.fr\\\/news\\\/#\\\/schema\\\/person\\\/070491b4b4fb7671bf59b3be20302ce9\",\"name\":\"Comptoir National de l'Or\",\"image\":{\"@type\":\"ImageObject\",\"inLanguage\":\"fr-FR\",\"@id\":\"https:\\\/\\\/secure.gravatar.com\\\/avatar\\\/0a2867fd5abe37bed95d5a65e9d58f01756e11efc68af9888dfc50cfa7f65948?s=96&d=mm&r=gb490554db0a38188709de567aa58480d\",\"url\":\"https:\\\/\\\/secure.gravatar.com\\\/avatar\\\/0a2867fd5abe37bed95d5a65e9d58f01756e11efc68af9888dfc50cfa7f65948?s=96&d=mm&r=g\",\"contentUrl\":\"https:\\\/\\\/secure.gravatar.com\\\/avatar\\\/0a2867fd5abe37bed95d5a65e9d58f01756e11efc68af9888dfc50cfa7f65948?s=96&d=mm&r=g\",\"caption\":\"Comptoir National de l'Or\"},\"description\":\"Notre r\u00e9daction est constitu\u00e9e de membres experts dans les m\u00e9tiers de l'\u00e9conomie et la gestion, des Responsables d'agence Comptoir National de l'Or, des analystes financiers qui publient r\u00e9guli\u00e8rement des \u00e9tudes sur les politiques des banques centrales, le cours de l'or, prix de l'or, cours de l'argent, prix de l'argent, cours du platine, cours du palladium,... la situation en zone euro et l'impact de la strat\u00e9gie mon\u00e9taire de la FED. Notre \u00e9quipe scrute \u00e9galement une information plus g\u00e9n\u00e9raliste \u00e0 la recherche d'actualit\u00e9 \\\"p\u00e9pite\\\" \u00e0 vous partager. Depuis 5 ans, nous avons publi\u00e9 un peu plus de 4000 articles qui s'adressent \u00e0 un public large et vari\u00e9 ayant pour objectif de satisfaire votre curiosit\u00e9 et de partager avec vous une certaine fascination pour le m\u00e9tal jaune, le rachat d'or, et pour ceux qui veulent investir dans l'or, vendre leur or tout simplement en savoir plus... Pour tous vos achat or et argent, n'h\u00e9sitez pas \u00e0 prendre rendez-vous dans l'un de nos nombreux comptoirs.\",\"sameAs\":[\"https:\\\/\\\/www.gold.fr\"]}]}<\/script>\n<!-- \/ Yoast SEO plugin. -->","yoast_head_json":{"title":"March\u00e9s : Un calendrier d\u00e9cisif en juin - Gold.fr","description":"March\u00e9s Calendrier d\u00e9cisif en Juin. Les experts ont \u00e9galement not\u00e9 le calme quasi-morose de cette s\u00e9ance Bourse Cours de l'Or Prix","robots":{"index":"index","follow":"follow","max-snippet":"max-snippet:-1","max-image-preview":"max-image-preview:large","max-video-preview":"max-video-preview:-1"},"canonical":"https:\/\/www.gold.fr\/news\/2016\/05\/20\/marches-un-calendrier-decisif-en-juin\/","og_locale":"fr_FR","og_type":"article","og_title":"March\u00e9s : Un calendrier d\u00e9cisif en juin - Gold.fr","og_description":"March\u00e9s Calendrier d\u00e9cisif en Juin. Les experts ont \u00e9galement not\u00e9 le calme quasi-morose de cette s\u00e9ance Bourse Cours de l'Or Prix","og_url":"https:\/\/www.gold.fr\/news\/2016\/05\/20\/marches-un-calendrier-decisif-en-juin\/","og_site_name":"Gold.fr","article_publisher":"https:\/\/www.facebook.com\/Goldfr\/","article_published_time":"2016-05-20T16:00:45+00:00","article_modified_time":"2020-06-30T11:42:32+00:00","og_image":[{"width":660,"height":423,"url":"https:\/\/www.gold.fr\/news\/wp-content\/uploads\/2014\/09\/IMG3.jpg","type":"image\/jpeg"}],"author":"Comptoir National de l'Or","twitter_card":"summary_large_image","twitter_misc":{"\u00c9crit par":"Comptoir National de l'Or","Dur\u00e9e de lecture estim\u00e9e":"2 minutes"},"schema":{"@context":"https:\/\/schema.org","@graph":[{"@type":"Article","@id":"https:\/\/www.gold.fr\/news\/2016\/05\/20\/marches-un-calendrier-decisif-en-juin\/#article","isPartOf":{"@id":"https:\/\/www.gold.fr\/news\/2016\/05\/20\/marches-un-calendrier-decisif-en-juin\/"},"author":{"name":"Comptoir National de l'Or","@id":"https:\/\/www.gold.fr\/news\/#\/schema\/person\/070491b4b4fb7671bf59b3be20302ce9"},"headline":"March\u00e9s : Un calendrier d\u00e9cisif en juin","datePublished":"2016-05-20T16:00:45+00:00","dateModified":"2020-06-30T11:42:32+00:00","mainEntityOfPage":{"@id":"https:\/\/www.gold.fr\/news\/2016\/05\/20\/marches-un-calendrier-decisif-en-juin\/"},"wordCount":487,"image":{"@id":"https:\/\/www.gold.fr\/news\/2016\/05\/20\/marches-un-calendrier-decisif-en-juin\/#primaryimage"},"thumbnailUrl":"https:\/\/www.gold.fr\/news\/wp-content\/uploads\/2014\/09\/IMG3.jpg","keywords":["Atlantique","Banque Centrale Europ\u00e9enne","Brexit","calendrier macro\u00e9conomique","ch\u00f4mage allemand","Conference Board","DailyFX","dollar","emploi am\u00e9ricain","Eurozone","fed","FXTM","indice PMI","indices boursiers","Lukman Otunuga","march\u00e9s de l'or","OPEP","Sylvain Loganadin"],"articleSection":["Articles de presse"],"inLanguage":"fr-FR"},{"@type":"WebPage","@id":"https:\/\/www.gold.fr\/news\/2016\/05\/20\/marches-un-calendrier-decisif-en-juin\/","url":"https:\/\/www.gold.fr\/news\/2016\/05\/20\/marches-un-calendrier-decisif-en-juin\/","name":"March\u00e9s : Un calendrier d\u00e9cisif en juin - Gold.fr","isPartOf":{"@id":"https:\/\/www.gold.fr\/news\/#website"},"primaryImageOfPage":{"@id":"https:\/\/www.gold.fr\/news\/2016\/05\/20\/marches-un-calendrier-decisif-en-juin\/#primaryimage"},"image":{"@id":"https:\/\/www.gold.fr\/news\/2016\/05\/20\/marches-un-calendrier-decisif-en-juin\/#primaryimage"},"thumbnailUrl":"https:\/\/www.gold.fr\/news\/wp-content\/uploads\/2014\/09\/IMG3.jpg","datePublished":"2016-05-20T16:00:45+00:00","dateModified":"2020-06-30T11:42:32+00:00","author":{"@id":"https:\/\/www.gold.fr\/news\/#\/schema\/person\/070491b4b4fb7671bf59b3be20302ce9"},"description":"March\u00e9s Calendrier d\u00e9cisif en Juin. Les experts ont \u00e9galement not\u00e9 le calme quasi-morose de cette s\u00e9ance Bourse Cours de l'Or Prix","breadcrumb":{"@id":"https:\/\/www.gold.fr\/news\/2016\/05\/20\/marches-un-calendrier-decisif-en-juin\/#breadcrumb"},"inLanguage":"fr-FR","potentialAction":[{"@type":"ReadAction","target":["https:\/\/www.gold.fr\/news\/2016\/05\/20\/marches-un-calendrier-decisif-en-juin\/"]}]},{"@type":"ImageObject","inLanguage":"fr-FR","@id":"https:\/\/www.gold.fr\/news\/2016\/05\/20\/marches-un-calendrier-decisif-en-juin\/#primaryimage","url":"https:\/\/www.gold.fr\/news\/wp-content\/uploads\/2014\/09\/IMG3.jpg","contentUrl":"https:\/\/www.gold.fr\/news\/wp-content\/uploads\/2014\/09\/IMG3.jpg","width":"660","height":"423","caption":"Etat stationnaire pour l\u2019once en attendant les r\u00e9sultats du premier tour"},{"@type":"BreadcrumbList","@id":"https:\/\/www.gold.fr\/news\/2016\/05\/20\/marches-un-calendrier-decisif-en-juin\/#breadcrumb","itemListElement":[{"@type":"ListItem","position":1,"name":"Accueil","item":"https:\/\/www.gold.fr\/"},{"@type":"ListItem","position":2,"name":"Actualit\u00e9s","item":"https:\/\/www.gold.fr\/news\/"},{"@type":"ListItem","position":3,"name":"March\u00e9s : Un calendrier d\u00e9cisif en juin"}]},{"@type":"WebSite","@id":"https:\/\/www.gold.fr\/news\/#website","url":"https:\/\/www.gold.fr\/news\/","name":"Gold.fr","description":"Actualit\u00e9s de l&#039;Or et des m\u00e9taux pr\u00e9cieux","potentialAction":[{"@type":"SearchAction","target":{"@type":"EntryPoint","urlTemplate":"https:\/\/www.gold.fr\/news\/?s={search_term_string}"},"query-input":{"@type":"PropertyValueSpecification","valueRequired":true,"valueName":"search_term_string"}}],"inLanguage":"fr-FR"},{"@type":"Person","@id":"https:\/\/www.gold.fr\/news\/#\/schema\/person\/070491b4b4fb7671bf59b3be20302ce9","name":"Comptoir National de l'Or","image":{"@type":"ImageObject","inLanguage":"fr-FR","@id":"https:\/\/secure.gravatar.com\/avatar\/0a2867fd5abe37bed95d5a65e9d58f01756e11efc68af9888dfc50cfa7f65948?s=96&d=mm&r=gb490554db0a38188709de567aa58480d","url":"https:\/\/secure.gravatar.com\/avatar\/0a2867fd5abe37bed95d5a65e9d58f01756e11efc68af9888dfc50cfa7f65948?s=96&d=mm&r=g","contentUrl":"https:\/\/secure.gravatar.com\/avatar\/0a2867fd5abe37bed95d5a65e9d58f01756e11efc68af9888dfc50cfa7f65948?s=96&d=mm&r=g","caption":"Comptoir National de l'Or"},"description":"Notre r\u00e9daction est constitu\u00e9e de membres experts dans les m\u00e9tiers de l'\u00e9conomie et la gestion, des Responsables d'agence Comptoir National de l'Or, des analystes financiers qui publient r\u00e9guli\u00e8rement des \u00e9tudes sur les politiques des banques centrales, le cours de l'or, prix de l'or, cours de l'argent, prix de l'argent, cours du platine, cours du palladium,... la situation en zone euro et l'impact de la strat\u00e9gie mon\u00e9taire de la FED. Notre \u00e9quipe scrute \u00e9galement une information plus g\u00e9n\u00e9raliste \u00e0 la recherche d'actualit\u00e9 \"p\u00e9pite\" \u00e0 vous partager. Depuis 5 ans, nous avons publi\u00e9 un peu plus de 4000 articles qui s'adressent \u00e0 un public large et vari\u00e9 ayant pour objectif de satisfaire votre curiosit\u00e9 et de partager avec vous une certaine fascination pour le m\u00e9tal jaune, le rachat d'or, et pour ceux qui veulent investir dans l'or, vendre leur or tout simplement en savoir plus... Pour tous vos achat or et argent, n'h\u00e9sitez pas \u00e0 prendre rendez-vous dans l'un de nos nombreux comptoirs.","sameAs":["https:\/\/www.gold.fr"]}]}},"authors":[{"term_id":2565,"user_id":18,"is_guest":0,"slug":"julie","display_name":"Comptoir National de l'Or","avatar_url":"https:\/\/secure.gravatar.com\/avatar\/713f289e398d35ead876c4a4cc08607f0d6d266058cfc25683fffb6092d0e572?s=96&d=mm&r=g","0":null,"1":"","2":"","3":"","4":"","5":"","6":"","7":"","8":""}],"_links":{"self":[{"href":"https:\/\/www.gold.fr\/news\/wp-json\/wp\/v2\/posts\/19528","targetHints":{"allow":["GET"]}}],"collection":[{"href":"https:\/\/www.gold.fr\/news\/wp-json\/wp\/v2\/posts"}],"about":[{"href":"https:\/\/www.gold.fr\/news\/wp-json\/wp\/v2\/types\/post"}],"author":[{"embeddable":true,"href":"https:\/\/www.gold.fr\/news\/wp-json\/wp\/v2\/users\/18"}],"replies":[{"embeddable":true,"href":"https:\/\/www.gold.fr\/news\/wp-json\/wp\/v2\/comments?post=19528"}],"version-history":[{"count":0,"href":"https:\/\/www.gold.fr\/news\/wp-json\/wp\/v2\/posts\/19528\/revisions"}],"wp:featuredmedia":[{"embeddable":true,"href":"https:\/\/www.gold.fr\/news\/wp-json\/wp\/v2\/media\/15563"}],"wp:attachment":[{"href":"https:\/\/www.gold.fr\/news\/wp-json\/wp\/v2\/media?parent=19528"}],"wp:term":[{"taxonomy":"category","embeddable":true,"href":"https:\/\/www.gold.fr\/news\/wp-json\/wp\/v2\/categories?post=19528"},{"taxonomy":"post_tag","embeddable":true,"href":"https:\/\/www.gold.fr\/news\/wp-json\/wp\/v2\/tags?post=19528"},{"taxonomy":"author","embeddable":true,"href":"https:\/\/www.gold.fr\/news\/wp-json\/wp\/v2\/ppma_author?post=19528"}],"curies":[{"name":"wp","href":"https:\/\/api.w.org\/{rel}","templated":true}]}}