{"id":19471,"date":"2016-05-24T09:00:53","date_gmt":"2016-05-24T07:00:53","guid":{"rendered":"https:\/\/www.gold.fr\/news\/?p=19471"},"modified":"2018-03-26T17:31:36","modified_gmt":"2018-03-26T15:31:36","slug":"marches-en-phase-recuperation","status":"publish","type":"post","link":"https:\/\/www.gold.fr\/news\/2016\/05\/24\/marches-en-phase-recuperation\/","title":{"rendered":"March\u00e9s : En phase r\u00e9cup\u00e9ration"},"content":{"rendered":"<p><span style=\"font-size: small;\"><img loading=\"lazy\" decoding=\"async\" class=\"alignleft wp-image-6581 size-thumbnail\" title=\"March\u00e9s : En phase r\u00e9cup\u00e9ration\" src=\"https:\/\/www.gold.fr\/news\/wp-content\/uploads\/2012\/03\/Lingots-dor-150x150.jpg\" alt=\"March\u00e9s : En phase r\u00e9cup\u00e9ration\" width=\"150\" height=\"150\" \/>La semaine derni\u00e8re s&rsquo;\u00e9tait achev\u00e9e sur une note clairement morose, pour l&rsquo;ensemble des march\u00e9s d&rsquo;<a class=\"esk-seo-plu-link\" href=\"https:\/\/www.gold.fr\/news\/tags\/investissement\">investissement<\/a>. La publication des \u2018minutes&rsquo; de la derni\u00e8re r\u00e9union <strong>FED<\/strong> <em>(mercredi soir)<\/em> avait sem\u00e9 un chaos quasi instantan\u00e9 au sein des march\u00e9s boursiers. Un mouvement de panique g\u00e9n\u00e9ralis\u00e9 qui, bien qu&rsquo;il ait \u00e9t\u00e9 rapidement tass\u00e9, n&rsquo;a pas manqu\u00e9 de maintenir une forte pression baissi\u00e8re sur les indices boursiers, tout au long des deux s\u00e9ances finales de la semaine.<\/span><\/p>\n<p><span style=\"font-size: small;\"> En ce lundi, les places boursi\u00e8res semblent reprendre un rythme de croisi\u00e8re, se remettant d\u00e9j\u00e0 de la surprise des <em>\u2018minutes<\/em>&lsquo; <strong>FED<\/strong> et des craintes qu&rsquo;elles ont engendr\u00e9.<\/span> <span style=\"font-size: small;\">Le march\u00e9 aurif\u00e8re avait \u00e9t\u00e9 l&rsquo;un des plus affect\u00e9s par cette publication, retombant, durant la s\u00e9ance du vendredi, jusqu&rsquo;\u00e0 <strong>1 225 <a class=\"esk-seo-plu-link\" href=\"https:\/\/www.gold.fr\/news\/tags\/investissement\">dollars<\/a><\/strong> <a title=\"Prix de l'Once d'or\" href=\"https:\/\/www.gold.fr\/once-or-nyc\/\" target=\"_blank\" rel=\"noopener\">l\u2019once<\/a>, avant de remonter rapidement la pente, pour se stabiliser dans l&rsquo;intervalle technique qu&rsquo;il maintient fermement depuis des semaines <em>(entre 1 250 et 1 280 <a class=\"esk-seo-plu-link\" href=\"https:\/\/www.gold.fr\/news\/tags\/investissement\">dollars<\/a>)<\/em>.<\/span> <span style=\"font-size: small;\"> <a title=\"Prix de l'Once d'or\" href=\"https:\/\/www.gold.fr\/once-or-nyc\/\" target=\"_blank\" rel=\"noopener\">L\u2019once<\/a> avait m\u00eame flirt\u00e9, \u00e0 plusieurs reprises, avec le seuil des <strong>1 300 <a class=\"esk-seo-plu-link\" href=\"https:\/\/www.gold.fr\/news\/tags\/investissement\">dollars<\/a><\/strong>, et \u00e9tait m\u00eame all\u00e9e fr\u00f4ler ce palier symbolique majeur, \u00e0 la veille de la r\u00e9v\u00e9lation des fameuses \u2018<em>minutes<\/em>&lsquo;. <\/span><\/p>\n<p><span style=\"font-size: small;\">Une <a class=\"esk-seo-plu-link\" href=\"https:\/\/www.gold.fr\/news\/tags\/investissement\">tendance<\/a> solidement haussi\u00e8re qui a \u00e9t\u00e9 mise en pause par les inqui\u00e9tudes entourant un (d\u00e9sormais) tr\u00e8s \u00e9ventuel rel\u00e8vement des taux d&rsquo;int\u00e9r\u00eat de l&rsquo;institution. <\/span><span style=\"font-size: small;\">Dans la mesure o\u00f9 il engendre un rendement nul <em>(0%)<\/em>, le <a class=\"esk-seo-plu-link\" href=\"https:\/\/www.gold.fr\/news\/tags\/or\">m\u00e9tal jaune<\/a> tend naturellement \u00e0 subir la pression de ce type de perspective et\/ou sp\u00e9culation. Chez <strong>Commerzbank<\/strong>, les analystes rappellent toutefois que bon nombre d&rsquo;investisseurs \u00ab <em>estiment sans le moindre doute que le niveau actuel des cours de l&rsquo;once constitue une opportunit\u00e9 d&rsquo;achat<\/em> \u00bb.<\/span> <span style=\"font-size: small;\"> L&rsquo;\u00e9quipe d&rsquo;experts cite d&rsquo;ailleurs en exemple l&rsquo;encours du <strong>SPDR Gold Shares<\/strong> qui \u00ab <em>est reparti de l&rsquo;avant : \u00e0 860,3 tonnes (jeudi soir), il a augment\u00e9 de 4,5 tonnes (par rapport \u00e0 mercredi) et marque, une fois de plus, un nouveau record pour l&rsquo;ann\u00e9e en cours<\/em> \u00bb.<\/span><\/p>\n<p><span style=\"font-size: small;\">En tout cas, et en d\u00e9pit de l&rsquo;activit\u00e9 relativement normalis\u00e9e des march\u00e9s, la <strong>FED<\/strong> continuera certainement \u00e0 monopoliser l&rsquo;actualit\u00e9, d&rsquo;autant plus que les d\u00e9clarations des diff\u00e9rents responsables de l&rsquo;institution ne cessent de renforcer le sc\u00e9nario d&rsquo;un nouveau \u2018<em>tour de vis<\/em>&lsquo; mon\u00e9taire au mois de juin. Pour l&rsquo;heure, seul le vice-pr\u00e9sident de la <strong>FED<\/strong>, <strong>Stanley Fischer<\/strong>, donne encore un ton relativement \u2018<em>colombe<\/em>&lsquo; \u00e0 ses propos. Mais, par ailleurs, la dominance demeure ind\u00e9niablement \u2018<em>faucon<\/em>&lsquo;, avec des officiels tels que <strong>Dennis Lockhart<\/strong> <em>(FED d&rsquo;Atlanta)<\/em>, <strong>John Williams<\/strong> <em>(FED de San Francisco<\/em>), <strong>Robert Kaplan<\/strong> <em>(FED de Dallas)<\/em>, ou encore <strong>William Dudley<\/strong> <em>(FED de New York)<\/em> qui ont \u00e9voqu\u00e9 un imminent rel\u00e8vement des taux, estimant qu&rsquo;il s&rsquo;agirait d&rsquo;une \u00ab <em>anticipation raisonnable<\/em> \u00bb et que ce ne serait \u00e9galement pas la derni\u00e8re mesure du m\u00eame genre \u00e0 marquer le calendrier 2016 de la r\u00e9serve f\u00e9d\u00e9rale am\u00e9ricaine. En d&rsquo;autres termes, les \u2018<em>faucons<\/em>&lsquo; de la <strong>FED<\/strong> optent d&rsquo;ores et d\u00e9j\u00e0 pour plus d&rsquo;un tour de vis, pour l&rsquo;ann\u00e9e en cours.<\/span><\/p>\n<!-- AddThis Advanced Settings generic via filter on the_content --><!-- AddThis Share Buttons generic via filter on the_content -->","protected":false},"excerpt":{"rendered":"<p>La semaine derni\u00e8re s&rsquo;\u00e9tait achev\u00e9e sur une note clairement morose, pour l&rsquo;ensemble des march\u00e9s d&rsquo;investissement. La publication des \u2018minutes&rsquo; de la derni\u00e8re r\u00e9union FED (mercredi soir) avait sem\u00e9 un chaos quasi instantan\u00e9 au sein des march\u00e9s [&hellip;]<\/p>\n","protected":false},"author":18,"featured_media":6581,"comment_status":"open","ping_status":"open","sticky":false,"template":"","format":"standard","meta":{"_mbp_gutenberg_autopost":false,"_pgmb_is_evergreen":false,"_pgmb_ap_template_id":0,"footnotes":""},"categories":[6],"tags":[1459,2262,2258,1402,2263,1649,2266,2265,919,2264,1394],"ppma_author":[2565],"class_list":["post-19471","post","type-post","status-publish","format-standard","has-post-thumbnail","hentry","category-articles-de-presse","tag-commerzbank","tag-dennis-lockhart","tag-faucon","tag-fed-new-york","tag-john-williams","tag-marches","tag-robert-kaplan","tag-san-francisco","tag-spdr-gold","tag-stanley-fischer","tag-william-dudley"],"yoast_head":"<!-- This site is optimized with the Yoast SEO plugin v27.5 - https:\/\/yoast.com\/product\/yoast-seo-wordpress\/ -->\n<title>March\u00e9s : En phase r\u00e9cup\u00e9ration - Gold.fr<\/title>\n<meta name=\"robots\" content=\"index, follow, max-snippet:-1, max-image-preview:large, max-video-preview:-1\" \/>\n<link rel=\"canonical\" href=\"https:\/\/www.gold.fr\/news\/2016\/05\/24\/marches-en-phase-recuperation\/\" \/>\n<meta property=\"og:locale\" content=\"fr_FR\" \/>\n<meta property=\"og:type\" content=\"article\" \/>\n<meta property=\"og:title\" content=\"March\u00e9s : En phase r\u00e9cup\u00e9ration - Gold.fr\" \/>\n<meta property=\"og:description\" content=\"La semaine derni\u00e8re s&rsquo;\u00e9tait achev\u00e9e sur une note clairement morose, pour l&rsquo;ensemble des march\u00e9s d&rsquo;investissement. La publication des \u2018minutes&rsquo; de la derni\u00e8re r\u00e9union FED (mercredi soir) avait sem\u00e9 un chaos quasi instantan\u00e9 au sein des march\u00e9s [&hellip;]\" \/>\n<meta property=\"og:url\" content=\"https:\/\/www.gold.fr\/news\/2016\/05\/24\/marches-en-phase-recuperation\/\" \/>\n<meta property=\"og:site_name\" content=\"Gold.fr\" \/>\n<meta property=\"article:publisher\" content=\"https:\/\/www.facebook.com\/Goldfr\/\" \/>\n<meta property=\"article:published_time\" content=\"2016-05-24T07:00:53+00:00\" \/>\n<meta property=\"article:modified_time\" content=\"2018-03-26T15:31:36+00:00\" \/>\n<meta property=\"og:image\" content=\"https:\/\/www.gold.fr\/news\/wp-content\/uploads\/2012\/03\/Lingots-dor.jpg\" \/>\n\t<meta property=\"og:image:width\" content=\"600\" \/>\n\t<meta property=\"og:image:height\" content=\"407\" \/>\n\t<meta property=\"og:image:type\" content=\"image\/jpeg\" \/>\n<meta name=\"author\" content=\"Comptoir National de l&#039;Or\" \/>\n<meta name=\"twitter:card\" content=\"summary_large_image\" \/>\n<meta name=\"twitter:label1\" content=\"\u00c9crit par\" \/>\n\t<meta name=\"twitter:data1\" content=\"Comptoir National de l&#039;Or\" \/>\n\t<meta name=\"twitter:label2\" content=\"Dur\u00e9e de lecture estim\u00e9e\" \/>\n\t<meta name=\"twitter:data2\" content=\"2 minutes\" \/>\n<script type=\"application\/ld+json\" class=\"yoast-schema-graph\">{\"@context\":\"https:\\\/\\\/schema.org\",\"@graph\":[{\"@type\":\"Article\",\"@id\":\"https:\\\/\\\/www.gold.fr\\\/news\\\/2016\\\/05\\\/24\\\/marches-en-phase-recuperation\\\/#article\",\"isPartOf\":{\"@id\":\"https:\\\/\\\/www.gold.fr\\\/news\\\/2016\\\/05\\\/24\\\/marches-en-phase-recuperation\\\/\"},\"author\":{\"name\":\"Comptoir National de l'Or\",\"@id\":\"https:\\\/\\\/www.gold.fr\\\/news\\\/#\\\/schema\\\/person\\\/070491b4b4fb7671bf59b3be20302ce9\"},\"headline\":\"March\u00e9s : En phase r\u00e9cup\u00e9ration\",\"datePublished\":\"2016-05-24T07:00:53+00:00\",\"dateModified\":\"2018-03-26T15:31:36+00:00\",\"mainEntityOfPage\":{\"@id\":\"https:\\\/\\\/www.gold.fr\\\/news\\\/2016\\\/05\\\/24\\\/marches-en-phase-recuperation\\\/\"},\"wordCount\":533,\"commentCount\":0,\"image\":{\"@id\":\"https:\\\/\\\/www.gold.fr\\\/news\\\/2016\\\/05\\\/24\\\/marches-en-phase-recuperation\\\/#primaryimage\"},\"thumbnailUrl\":\"https:\\\/\\\/www.gold.fr\\\/news\\\/wp-content\\\/uploads\\\/2012\\\/03\\\/Lingots-dor.jpg\",\"keywords\":[\"Commerzbank\",\"Dennis Lockhart\",\"faucon\",\"FED New York\",\"John Williams\",\"march\u00e9s\",\"Robert Kaplan\",\"San Francisco\",\"SPDR Gold\",\"Stanley Fischer\",\"William Dudley\"],\"articleSection\":[\"Articles de presse\"],\"inLanguage\":\"fr-FR\"},{\"@type\":\"WebPage\",\"@id\":\"https:\\\/\\\/www.gold.fr\\\/news\\\/2016\\\/05\\\/24\\\/marches-en-phase-recuperation\\\/\",\"url\":\"https:\\\/\\\/www.gold.fr\\\/news\\\/2016\\\/05\\\/24\\\/marches-en-phase-recuperation\\\/\",\"name\":\"March\u00e9s : En phase r\u00e9cup\u00e9ration - Gold.fr\",\"isPartOf\":{\"@id\":\"https:\\\/\\\/www.gold.fr\\\/news\\\/#website\"},\"primaryImageOfPage\":{\"@id\":\"https:\\\/\\\/www.gold.fr\\\/news\\\/2016\\\/05\\\/24\\\/marches-en-phase-recuperation\\\/#primaryimage\"},\"image\":{\"@id\":\"https:\\\/\\\/www.gold.fr\\\/news\\\/2016\\\/05\\\/24\\\/marches-en-phase-recuperation\\\/#primaryimage\"},\"thumbnailUrl\":\"https:\\\/\\\/www.gold.fr\\\/news\\\/wp-content\\\/uploads\\\/2012\\\/03\\\/Lingots-dor.jpg\",\"datePublished\":\"2016-05-24T07:00:53+00:00\",\"dateModified\":\"2018-03-26T15:31:36+00:00\",\"author\":{\"@id\":\"https:\\\/\\\/www.gold.fr\\\/news\\\/#\\\/schema\\\/person\\\/070491b4b4fb7671bf59b3be20302ce9\"},\"breadcrumb\":{\"@id\":\"https:\\\/\\\/www.gold.fr\\\/news\\\/2016\\\/05\\\/24\\\/marches-en-phase-recuperation\\\/#breadcrumb\"},\"inLanguage\":\"fr-FR\",\"potentialAction\":[{\"@type\":\"ReadAction\",\"target\":[\"https:\\\/\\\/www.gold.fr\\\/news\\\/2016\\\/05\\\/24\\\/marches-en-phase-recuperation\\\/\"]}]},{\"@type\":\"ImageObject\",\"inLanguage\":\"fr-FR\",\"@id\":\"https:\\\/\\\/www.gold.fr\\\/news\\\/2016\\\/05\\\/24\\\/marches-en-phase-recuperation\\\/#primaryimage\",\"url\":\"https:\\\/\\\/www.gold.fr\\\/news\\\/wp-content\\\/uploads\\\/2012\\\/03\\\/Lingots-dor.jpg\",\"contentUrl\":\"https:\\\/\\\/www.gold.fr\\\/news\\\/wp-content\\\/uploads\\\/2012\\\/03\\\/Lingots-dor.jpg\",\"width\":\"600\",\"height\":\"407\",\"caption\":\"L\u00e9ger recul de l'once d'or suite au rapport NFP\"},{\"@type\":\"BreadcrumbList\",\"@id\":\"https:\\\/\\\/www.gold.fr\\\/news\\\/2016\\\/05\\\/24\\\/marches-en-phase-recuperation\\\/#breadcrumb\",\"itemListElement\":[{\"@type\":\"ListItem\",\"position\":1,\"name\":\"Accueil\",\"item\":\"https:\\\/\\\/www.gold.fr\\\/\"},{\"@type\":\"ListItem\",\"position\":2,\"name\":\"Actualit\u00e9s\",\"item\":\"https:\\\/\\\/www.gold.fr\\\/news\\\/\"},{\"@type\":\"ListItem\",\"position\":3,\"name\":\"March\u00e9s : En phase r\u00e9cup\u00e9ration\"}]},{\"@type\":\"WebSite\",\"@id\":\"https:\\\/\\\/www.gold.fr\\\/news\\\/#website\",\"url\":\"https:\\\/\\\/www.gold.fr\\\/news\\\/\",\"name\":\"Gold.fr\",\"description\":\"Actualit\u00e9s de l&#039;Or et des m\u00e9taux pr\u00e9cieux\",\"potentialAction\":[{\"@type\":\"SearchAction\",\"target\":{\"@type\":\"EntryPoint\",\"urlTemplate\":\"https:\\\/\\\/www.gold.fr\\\/news\\\/?s={search_term_string}\"},\"query-input\":{\"@type\":\"PropertyValueSpecification\",\"valueRequired\":true,\"valueName\":\"search_term_string\"}}],\"inLanguage\":\"fr-FR\"},{\"@type\":\"Person\",\"@id\":\"https:\\\/\\\/www.gold.fr\\\/news\\\/#\\\/schema\\\/person\\\/070491b4b4fb7671bf59b3be20302ce9\",\"name\":\"Comptoir National de l'Or\",\"image\":{\"@type\":\"ImageObject\",\"inLanguage\":\"fr-FR\",\"@id\":\"https:\\\/\\\/secure.gravatar.com\\\/avatar\\\/0a2867fd5abe37bed95d5a65e9d58f01756e11efc68af9888dfc50cfa7f65948?s=96&d=mm&r=gb490554db0a38188709de567aa58480d\",\"url\":\"https:\\\/\\\/secure.gravatar.com\\\/avatar\\\/0a2867fd5abe37bed95d5a65e9d58f01756e11efc68af9888dfc50cfa7f65948?s=96&d=mm&r=g\",\"contentUrl\":\"https:\\\/\\\/secure.gravatar.com\\\/avatar\\\/0a2867fd5abe37bed95d5a65e9d58f01756e11efc68af9888dfc50cfa7f65948?s=96&d=mm&r=g\",\"caption\":\"Comptoir National de l'Or\"},\"description\":\"Notre r\u00e9daction est constitu\u00e9e de membres experts dans les m\u00e9tiers de l'\u00e9conomie et la gestion, des Responsables d'agence Comptoir National de l'Or, des analystes financiers qui publient r\u00e9guli\u00e8rement des \u00e9tudes sur les politiques des banques centrales, le cours de l'or, prix de l'or, cours de l'argent, prix de l'argent, cours du platine, cours du palladium,... la situation en zone euro et l'impact de la strat\u00e9gie mon\u00e9taire de la FED. Notre \u00e9quipe scrute \u00e9galement une information plus g\u00e9n\u00e9raliste \u00e0 la recherche d'actualit\u00e9 \\\"p\u00e9pite\\\" \u00e0 vous partager. Depuis 5 ans, nous avons publi\u00e9 un peu plus de 4000 articles qui s'adressent \u00e0 un public large et vari\u00e9 ayant pour objectif de satisfaire votre curiosit\u00e9 et de partager avec vous une certaine fascination pour le m\u00e9tal jaune, le rachat d'or, et pour ceux qui veulent investir dans l'or, vendre leur or tout simplement en savoir plus... Pour tous vos achat or et argent, n'h\u00e9sitez pas \u00e0 prendre rendez-vous dans l'un de nos nombreux comptoirs.\",\"sameAs\":[\"https:\\\/\\\/www.gold.fr\"]}]}<\/script>\n<!-- \/ Yoast SEO plugin. -->","yoast_head_json":{"title":"March\u00e9s : En phase r\u00e9cup\u00e9ration - Gold.fr","robots":{"index":"index","follow":"follow","max-snippet":"max-snippet:-1","max-image-preview":"max-image-preview:large","max-video-preview":"max-video-preview:-1"},"canonical":"https:\/\/www.gold.fr\/news\/2016\/05\/24\/marches-en-phase-recuperation\/","og_locale":"fr_FR","og_type":"article","og_title":"March\u00e9s : En phase r\u00e9cup\u00e9ration - Gold.fr","og_description":"La semaine derni\u00e8re s&rsquo;\u00e9tait achev\u00e9e sur une note clairement morose, pour l&rsquo;ensemble des march\u00e9s d&rsquo;investissement. La publication des \u2018minutes&rsquo; de la derni\u00e8re r\u00e9union FED (mercredi soir) avait sem\u00e9 un chaos quasi instantan\u00e9 au sein des march\u00e9s [&hellip;]","og_url":"https:\/\/www.gold.fr\/news\/2016\/05\/24\/marches-en-phase-recuperation\/","og_site_name":"Gold.fr","article_publisher":"https:\/\/www.facebook.com\/Goldfr\/","article_published_time":"2016-05-24T07:00:53+00:00","article_modified_time":"2018-03-26T15:31:36+00:00","og_image":[{"width":600,"height":407,"url":"https:\/\/www.gold.fr\/news\/wp-content\/uploads\/2012\/03\/Lingots-dor.jpg","type":"image\/jpeg"}],"author":"Comptoir National de l'Or","twitter_card":"summary_large_image","twitter_misc":{"\u00c9crit par":"Comptoir National de l'Or","Dur\u00e9e de lecture estim\u00e9e":"2 minutes"},"schema":{"@context":"https:\/\/schema.org","@graph":[{"@type":"Article","@id":"https:\/\/www.gold.fr\/news\/2016\/05\/24\/marches-en-phase-recuperation\/#article","isPartOf":{"@id":"https:\/\/www.gold.fr\/news\/2016\/05\/24\/marches-en-phase-recuperation\/"},"author":{"name":"Comptoir National de l'Or","@id":"https:\/\/www.gold.fr\/news\/#\/schema\/person\/070491b4b4fb7671bf59b3be20302ce9"},"headline":"March\u00e9s : En phase r\u00e9cup\u00e9ration","datePublished":"2016-05-24T07:00:53+00:00","dateModified":"2018-03-26T15:31:36+00:00","mainEntityOfPage":{"@id":"https:\/\/www.gold.fr\/news\/2016\/05\/24\/marches-en-phase-recuperation\/"},"wordCount":533,"commentCount":0,"image":{"@id":"https:\/\/www.gold.fr\/news\/2016\/05\/24\/marches-en-phase-recuperation\/#primaryimage"},"thumbnailUrl":"https:\/\/www.gold.fr\/news\/wp-content\/uploads\/2012\/03\/Lingots-dor.jpg","keywords":["Commerzbank","Dennis Lockhart","faucon","FED New York","John Williams","march\u00e9s","Robert Kaplan","San Francisco","SPDR Gold","Stanley Fischer","William Dudley"],"articleSection":["Articles de presse"],"inLanguage":"fr-FR"},{"@type":"WebPage","@id":"https:\/\/www.gold.fr\/news\/2016\/05\/24\/marches-en-phase-recuperation\/","url":"https:\/\/www.gold.fr\/news\/2016\/05\/24\/marches-en-phase-recuperation\/","name":"March\u00e9s : En phase r\u00e9cup\u00e9ration - Gold.fr","isPartOf":{"@id":"https:\/\/www.gold.fr\/news\/#website"},"primaryImageOfPage":{"@id":"https:\/\/www.gold.fr\/news\/2016\/05\/24\/marches-en-phase-recuperation\/#primaryimage"},"image":{"@id":"https:\/\/www.gold.fr\/news\/2016\/05\/24\/marches-en-phase-recuperation\/#primaryimage"},"thumbnailUrl":"https:\/\/www.gold.fr\/news\/wp-content\/uploads\/2012\/03\/Lingots-dor.jpg","datePublished":"2016-05-24T07:00:53+00:00","dateModified":"2018-03-26T15:31:36+00:00","author":{"@id":"https:\/\/www.gold.fr\/news\/#\/schema\/person\/070491b4b4fb7671bf59b3be20302ce9"},"breadcrumb":{"@id":"https:\/\/www.gold.fr\/news\/2016\/05\/24\/marches-en-phase-recuperation\/#breadcrumb"},"inLanguage":"fr-FR","potentialAction":[{"@type":"ReadAction","target":["https:\/\/www.gold.fr\/news\/2016\/05\/24\/marches-en-phase-recuperation\/"]}]},{"@type":"ImageObject","inLanguage":"fr-FR","@id":"https:\/\/www.gold.fr\/news\/2016\/05\/24\/marches-en-phase-recuperation\/#primaryimage","url":"https:\/\/www.gold.fr\/news\/wp-content\/uploads\/2012\/03\/Lingots-dor.jpg","contentUrl":"https:\/\/www.gold.fr\/news\/wp-content\/uploads\/2012\/03\/Lingots-dor.jpg","width":"600","height":"407","caption":"L\u00e9ger recul de l'once d'or suite au rapport NFP"},{"@type":"BreadcrumbList","@id":"https:\/\/www.gold.fr\/news\/2016\/05\/24\/marches-en-phase-recuperation\/#breadcrumb","itemListElement":[{"@type":"ListItem","position":1,"name":"Accueil","item":"https:\/\/www.gold.fr\/"},{"@type":"ListItem","position":2,"name":"Actualit\u00e9s","item":"https:\/\/www.gold.fr\/news\/"},{"@type":"ListItem","position":3,"name":"March\u00e9s : En phase r\u00e9cup\u00e9ration"}]},{"@type":"WebSite","@id":"https:\/\/www.gold.fr\/news\/#website","url":"https:\/\/www.gold.fr\/news\/","name":"Gold.fr","description":"Actualit\u00e9s de l&#039;Or et des m\u00e9taux pr\u00e9cieux","potentialAction":[{"@type":"SearchAction","target":{"@type":"EntryPoint","urlTemplate":"https:\/\/www.gold.fr\/news\/?s={search_term_string}"},"query-input":{"@type":"PropertyValueSpecification","valueRequired":true,"valueName":"search_term_string"}}],"inLanguage":"fr-FR"},{"@type":"Person","@id":"https:\/\/www.gold.fr\/news\/#\/schema\/person\/070491b4b4fb7671bf59b3be20302ce9","name":"Comptoir National de l'Or","image":{"@type":"ImageObject","inLanguage":"fr-FR","@id":"https:\/\/secure.gravatar.com\/avatar\/0a2867fd5abe37bed95d5a65e9d58f01756e11efc68af9888dfc50cfa7f65948?s=96&d=mm&r=gb490554db0a38188709de567aa58480d","url":"https:\/\/secure.gravatar.com\/avatar\/0a2867fd5abe37bed95d5a65e9d58f01756e11efc68af9888dfc50cfa7f65948?s=96&d=mm&r=g","contentUrl":"https:\/\/secure.gravatar.com\/avatar\/0a2867fd5abe37bed95d5a65e9d58f01756e11efc68af9888dfc50cfa7f65948?s=96&d=mm&r=g","caption":"Comptoir National de l'Or"},"description":"Notre r\u00e9daction est constitu\u00e9e de membres experts dans les m\u00e9tiers de l'\u00e9conomie et la gestion, des Responsables d'agence Comptoir National de l'Or, des analystes financiers qui publient r\u00e9guli\u00e8rement des \u00e9tudes sur les politiques des banques centrales, le cours de l'or, prix de l'or, cours de l'argent, prix de l'argent, cours du platine, cours du palladium,... la situation en zone euro et l'impact de la strat\u00e9gie mon\u00e9taire de la FED. Notre \u00e9quipe scrute \u00e9galement une information plus g\u00e9n\u00e9raliste \u00e0 la recherche d'actualit\u00e9 \"p\u00e9pite\" \u00e0 vous partager. Depuis 5 ans, nous avons publi\u00e9 un peu plus de 4000 articles qui s'adressent \u00e0 un public large et vari\u00e9 ayant pour objectif de satisfaire votre curiosit\u00e9 et de partager avec vous une certaine fascination pour le m\u00e9tal jaune, le rachat d'or, et pour ceux qui veulent investir dans l'or, vendre leur or tout simplement en savoir plus... Pour tous vos achat or et argent, n'h\u00e9sitez pas \u00e0 prendre rendez-vous dans l'un de nos nombreux comptoirs.","sameAs":["https:\/\/www.gold.fr"]}]}},"authors":[{"term_id":2565,"user_id":18,"is_guest":0,"slug":"julie","display_name":"Comptoir National de l'Or","avatar_url":"https:\/\/secure.gravatar.com\/avatar\/713f289e398d35ead876c4a4cc08607f0d6d266058cfc25683fffb6092d0e572?s=96&d=mm&r=g","0":null,"1":"","2":"","3":"","4":"","5":"","6":"","7":"","8":""}],"_links":{"self":[{"href":"https:\/\/www.gold.fr\/news\/wp-json\/wp\/v2\/posts\/19471","targetHints":{"allow":["GET"]}}],"collection":[{"href":"https:\/\/www.gold.fr\/news\/wp-json\/wp\/v2\/posts"}],"about":[{"href":"https:\/\/www.gold.fr\/news\/wp-json\/wp\/v2\/types\/post"}],"author":[{"embeddable":true,"href":"https:\/\/www.gold.fr\/news\/wp-json\/wp\/v2\/users\/18"}],"replies":[{"embeddable":true,"href":"https:\/\/www.gold.fr\/news\/wp-json\/wp\/v2\/comments?post=19471"}],"version-history":[{"count":0,"href":"https:\/\/www.gold.fr\/news\/wp-json\/wp\/v2\/posts\/19471\/revisions"}],"wp:featuredmedia":[{"embeddable":true,"href":"https:\/\/www.gold.fr\/news\/wp-json\/wp\/v2\/media\/6581"}],"wp:attachment":[{"href":"https:\/\/www.gold.fr\/news\/wp-json\/wp\/v2\/media?parent=19471"}],"wp:term":[{"taxonomy":"category","embeddable":true,"href":"https:\/\/www.gold.fr\/news\/wp-json\/wp\/v2\/categories?post=19471"},{"taxonomy":"post_tag","embeddable":true,"href":"https:\/\/www.gold.fr\/news\/wp-json\/wp\/v2\/tags?post=19471"},{"taxonomy":"author","embeddable":true,"href":"https:\/\/www.gold.fr\/news\/wp-json\/wp\/v2\/ppma_author?post=19471"}],"curies":[{"name":"wp","href":"https:\/\/api.w.org\/{rel}","templated":true}]}}