{"id":19461,"date":"2016-05-20T17:00:29","date_gmt":"2016-05-20T15:00:29","guid":{"rendered":"https:\/\/www.gold.fr\/news\/?p=19461"},"modified":"2018-03-21T15:16:28","modified_gmt":"2018-03-21T14:16:28","slug":"les-minutes-fed-un-ton-faucon","status":"publish","type":"post","link":"https:\/\/www.gold.fr\/news\/2016\/05\/20\/les-minutes-fed-un-ton-faucon\/","title":{"rendered":"Les &lsquo;minutes&rsquo; FED\u00a0: Un ton &lsquo;faucon&rsquo;"},"content":{"rendered":"<p><span style=\"font-size: small;\"><img loading=\"lazy\" decoding=\"async\" class=\"alignleft wp-image-5788 size-thumbnail\" title=\"Les 'minutes' FED\u00a0: Un ton 'faucon'\" src=\"https:\/\/www.gold.fr\/news\/wp-content\/uploads\/2012\/02\/Lingot-piece-or-150x150.jpg\" alt=\"Les 'minutes' FED\u00a0: Un ton 'faucon'\" width=\"150\" height=\"150\" \/>La r\u00e9serve f\u00e9d\u00e9rale am\u00e9ricaine vient de publier les &lsquo;<em>minutes<\/em>&lsquo; de la derni\u00e8re r\u00e9union de son comit\u00e9 de direction de sa politique mon\u00e9taire <em>(FOMC)<\/em> et le document a d\u00e9j\u00e0 engendr\u00e9 un mouvement de surprise, d&rsquo;inqui\u00e9tude et de tension baissi\u00e8re, au sein des march\u00e9s d&rsquo;<a class=\"esk-seo-plu-link\" href=\"https:\/\/www.gold.fr\/news\/tags\/investissement\">investissement<\/a>.<\/span><\/p>\n<p><span style=\"font-size: small;\">Tr\u00e8s peu \u00e9tait pourtant attendu de ces &lsquo;<em>minutes<\/em>&lsquo;. La conjoncture mondiale, la stagnation de la reprise macro\u00e9conomique et \u00e9conomique am\u00e9ricaine, et la position traditionnelle m\u00eame de la <strong>FED<\/strong> <em>(&lsquo;colombe&rsquo;)<\/em> \u00e9taient tous des facteurs qui pointaient clairement vers un maintien du statu quo de l&rsquo;institution, du moins, sur le court terme. C&rsquo;\u00e9tait notamment le cas au niveau du volet de l&#8217;emploi <strong>US<\/strong> <em>(dont les statistiques sont g\u00e9n\u00e9ralement d\u00e9terminantes pour la strat\u00e9gie FED)<\/em> ; les chiffres am\u00e9ricains, de l&#8217;emploi\/ch\u00f4mage, durant le premier trimestre 2016, ont \u00e9volu\u00e9 en dents de scie, privant le comit\u00e9 d&rsquo;un appui solide pour un \u00e9ventuel rel\u00e8vement des taux en juin. <\/span><span style=\"font-size: small;\">Du coup, la communaut\u00e9 \u00e9conomiste tablait unanimement sur un seul autre &lsquo;<em>tour de vis<\/em>&lsquo; de la politique mon\u00e9taire <strong>FED<\/strong> en 2016\u2026 qui n&rsquo;aurait lieu que vers le dernier trimestre de l&rsquo;ann\u00e9e.<\/span><\/p>\n<p><span style=\"font-size: small;\">Toutefois, le ton des &lsquo;<em>minutes<\/em>&lsquo; du meeting <strong>FOMC<\/strong> d&rsquo;avril pointe \u00e0 nouveau vers un sc\u00e9nario de rel\u00e8vement des taux dans les deux ou trois mois \u00e0 venir. Le document rapporte en effet que \u00ab <em>la plupart des participants ont jug\u00e9 que si les prochaines statistiques confirment le redressement de l&rsquo;\u00e9conomie au deuxi\u00e8me trimestre, ainsi que l&rsquo;am\u00e9lioration du march\u00e9 de l&#8217;emploi et la progression de l&rsquo;inflation en direction de l&rsquo;objectif de 2% fix\u00e9 par le Comit\u00e9, il sera alors probablement appropri\u00e9 pour ce Comit\u00e9 de relever le taux des &lsquo;fed funds&rsquo; en juin<\/em> \u00bb.<\/span><\/p>\n<!-- AddThis Advanced Settings generic via filter on the_content --><!-- AddThis Share Buttons generic via filter on the_content -->","protected":false},"excerpt":{"rendered":"<p>La r\u00e9serve f\u00e9d\u00e9rale am\u00e9ricaine vient de publier les &lsquo;minutes&lsquo; de la derni\u00e8re r\u00e9union de son comit\u00e9 de direction de sa politique mon\u00e9taire (FOMC) et le document a d\u00e9j\u00e0 engendr\u00e9 un mouvement de surprise, d&rsquo;inqui\u00e9tude et de [&hellip;]<\/p>\n","protected":false},"author":18,"featured_media":32046,"comment_status":"open","ping_status":"open","sticky":false,"template":"","format":"standard","meta":{"_mbp_gutenberg_autopost":false,"_pgmb_is_evergreen":false,"_pgmb_ap_template_id":0,"footnotes":""},"categories":[6],"tags":[1265,1105,2258,1034,2031],"ppma_author":[2565],"class_list":["post-19461","post","type-post","status-publish","format-standard","has-post-thumbnail","hentry","category-articles-de-presse","tag-chomage","tag-emploi-us","tag-faucon","tag-fomc","tag-minutes-fed"],"yoast_head":"<!-- This site is optimized with the Yoast SEO plugin v27.5 - https:\/\/yoast.com\/product\/yoast-seo-wordpress\/ -->\n<title>Les &#039;minutes&#039; FED\u00a0: Un ton &#039;faucon&#039; - Gold.fr<\/title>\n<meta name=\"robots\" content=\"index, follow, max-snippet:-1, max-image-preview:large, max-video-preview:-1\" \/>\n<link rel=\"canonical\" href=\"https:\/\/www.gold.fr\/news\/2016\/05\/20\/les-minutes-fed-un-ton-faucon\/\" \/>\n<meta property=\"og:locale\" content=\"fr_FR\" \/>\n<meta property=\"og:type\" content=\"article\" \/>\n<meta property=\"og:title\" content=\"Les &#039;minutes&#039; FED\u00a0: Un ton &#039;faucon&#039; - Gold.fr\" \/>\n<meta property=\"og:description\" content=\"La r\u00e9serve f\u00e9d\u00e9rale am\u00e9ricaine vient de publier les &lsquo;minutes&lsquo; de la derni\u00e8re r\u00e9union de son comit\u00e9 de direction de sa politique mon\u00e9taire (FOMC) et le document a d\u00e9j\u00e0 engendr\u00e9 un mouvement de surprise, d&rsquo;inqui\u00e9tude et de [&hellip;]\" \/>\n<meta property=\"og:url\" content=\"https:\/\/www.gold.fr\/news\/2016\/05\/20\/les-minutes-fed-un-ton-faucon\/\" \/>\n<meta property=\"og:site_name\" content=\"Gold.fr\" \/>\n<meta property=\"article:publisher\" content=\"https:\/\/www.facebook.com\/Goldfr\/\" \/>\n<meta property=\"article:published_time\" content=\"2016-05-20T15:00:29+00:00\" \/>\n<meta property=\"article:modified_time\" content=\"2018-03-21T14:16:28+00:00\" \/>\n<meta property=\"og:image\" content=\"https:\/\/www.gold.fr\/news\/wp-content\/uploads\/2016\/05\/Lingot-piece-or.jpg\" \/>\n\t<meta property=\"og:image:width\" content=\"600\" \/>\n\t<meta property=\"og:image:height\" content=\"469\" \/>\n\t<meta property=\"og:image:type\" content=\"image\/jpeg\" \/>\n<meta name=\"author\" content=\"Comptoir National de l&#039;Or\" \/>\n<meta name=\"twitter:card\" content=\"summary_large_image\" \/>\n<meta name=\"twitter:label1\" content=\"\u00c9crit par\" \/>\n\t<meta name=\"twitter:data1\" content=\"Comptoir National de l&#039;Or\" \/>\n\t<meta name=\"twitter:label2\" content=\"Dur\u00e9e de lecture estim\u00e9e\" \/>\n\t<meta name=\"twitter:data2\" content=\"1 minute\" \/>\n<script type=\"application\/ld+json\" class=\"yoast-schema-graph\">{\"@context\":\"https:\\\/\\\/schema.org\",\"@graph\":[{\"@type\":\"Article\",\"@id\":\"https:\\\/\\\/www.gold.fr\\\/news\\\/2016\\\/05\\\/20\\\/les-minutes-fed-un-ton-faucon\\\/#article\",\"isPartOf\":{\"@id\":\"https:\\\/\\\/www.gold.fr\\\/news\\\/2016\\\/05\\\/20\\\/les-minutes-fed-un-ton-faucon\\\/\"},\"author\":{\"name\":\"Comptoir National de l'Or\",\"@id\":\"https:\\\/\\\/www.gold.fr\\\/news\\\/#\\\/schema\\\/person\\\/070491b4b4fb7671bf59b3be20302ce9\"},\"headline\":\"Les &lsquo;minutes&rsquo; FED\u00a0: Un ton &lsquo;faucon&rsquo;\",\"datePublished\":\"2016-05-20T15:00:29+00:00\",\"dateModified\":\"2018-03-21T14:16:28+00:00\",\"mainEntityOfPage\":{\"@id\":\"https:\\\/\\\/www.gold.fr\\\/news\\\/2016\\\/05\\\/20\\\/les-minutes-fed-un-ton-faucon\\\/\"},\"wordCount\":311,\"commentCount\":0,\"image\":{\"@id\":\"https:\\\/\\\/www.gold.fr\\\/news\\\/2016\\\/05\\\/20\\\/les-minutes-fed-un-ton-faucon\\\/#primaryimage\"},\"thumbnailUrl\":\"https:\\\/\\\/www.gold.fr\\\/news\\\/wp-content\\\/uploads\\\/2016\\\/05\\\/Lingot-piece-or.jpg\",\"keywords\":[\"chomage\",\"emploi US\",\"faucon\",\"FOMC\",\"minutes FED\"],\"articleSection\":[\"Articles de presse\"],\"inLanguage\":\"fr-FR\"},{\"@type\":\"WebPage\",\"@id\":\"https:\\\/\\\/www.gold.fr\\\/news\\\/2016\\\/05\\\/20\\\/les-minutes-fed-un-ton-faucon\\\/\",\"url\":\"https:\\\/\\\/www.gold.fr\\\/news\\\/2016\\\/05\\\/20\\\/les-minutes-fed-un-ton-faucon\\\/\",\"name\":\"Les 'minutes' FED\u00a0: Un ton 'faucon' - Gold.fr\",\"isPartOf\":{\"@id\":\"https:\\\/\\\/www.gold.fr\\\/news\\\/#website\"},\"primaryImageOfPage\":{\"@id\":\"https:\\\/\\\/www.gold.fr\\\/news\\\/2016\\\/05\\\/20\\\/les-minutes-fed-un-ton-faucon\\\/#primaryimage\"},\"image\":{\"@id\":\"https:\\\/\\\/www.gold.fr\\\/news\\\/2016\\\/05\\\/20\\\/les-minutes-fed-un-ton-faucon\\\/#primaryimage\"},\"thumbnailUrl\":\"https:\\\/\\\/www.gold.fr\\\/news\\\/wp-content\\\/uploads\\\/2016\\\/05\\\/Lingot-piece-or.jpg\",\"datePublished\":\"2016-05-20T15:00:29+00:00\",\"dateModified\":\"2018-03-21T14:16:28+00:00\",\"author\":{\"@id\":\"https:\\\/\\\/www.gold.fr\\\/news\\\/#\\\/schema\\\/person\\\/070491b4b4fb7671bf59b3be20302ce9\"},\"breadcrumb\":{\"@id\":\"https:\\\/\\\/www.gold.fr\\\/news\\\/2016\\\/05\\\/20\\\/les-minutes-fed-un-ton-faucon\\\/#breadcrumb\"},\"inLanguage\":\"fr-FR\",\"potentialAction\":[{\"@type\":\"ReadAction\",\"target\":[\"https:\\\/\\\/www.gold.fr\\\/news\\\/2016\\\/05\\\/20\\\/les-minutes-fed-un-ton-faucon\\\/\"]}]},{\"@type\":\"ImageObject\",\"inLanguage\":\"fr-FR\",\"@id\":\"https:\\\/\\\/www.gold.fr\\\/news\\\/2016\\\/05\\\/20\\\/les-minutes-fed-un-ton-faucon\\\/#primaryimage\",\"url\":\"https:\\\/\\\/www.gold.fr\\\/news\\\/wp-content\\\/uploads\\\/2016\\\/05\\\/Lingot-piece-or.jpg\",\"contentUrl\":\"https:\\\/\\\/www.gold.fr\\\/news\\\/wp-content\\\/uploads\\\/2016\\\/05\\\/Lingot-piece-or.jpg\",\"width\":600,\"height\":469,\"caption\":\"Les 'minutes' FED\u00a0: Un ton 'faucon'\"},{\"@type\":\"BreadcrumbList\",\"@id\":\"https:\\\/\\\/www.gold.fr\\\/news\\\/2016\\\/05\\\/20\\\/les-minutes-fed-un-ton-faucon\\\/#breadcrumb\",\"itemListElement\":[{\"@type\":\"ListItem\",\"position\":1,\"name\":\"Accueil\",\"item\":\"https:\\\/\\\/www.gold.fr\\\/\"},{\"@type\":\"ListItem\",\"position\":2,\"name\":\"Actualit\u00e9s\",\"item\":\"https:\\\/\\\/www.gold.fr\\\/news\\\/\"},{\"@type\":\"ListItem\",\"position\":3,\"name\":\"Les &lsquo;minutes&rsquo; FED\u00a0: Un ton &lsquo;faucon&rsquo;\"}]},{\"@type\":\"WebSite\",\"@id\":\"https:\\\/\\\/www.gold.fr\\\/news\\\/#website\",\"url\":\"https:\\\/\\\/www.gold.fr\\\/news\\\/\",\"name\":\"Gold.fr\",\"description\":\"Actualit\u00e9s de l&#039;Or et des m\u00e9taux pr\u00e9cieux\",\"potentialAction\":[{\"@type\":\"SearchAction\",\"target\":{\"@type\":\"EntryPoint\",\"urlTemplate\":\"https:\\\/\\\/www.gold.fr\\\/news\\\/?s={search_term_string}\"},\"query-input\":{\"@type\":\"PropertyValueSpecification\",\"valueRequired\":true,\"valueName\":\"search_term_string\"}}],\"inLanguage\":\"fr-FR\"},{\"@type\":\"Person\",\"@id\":\"https:\\\/\\\/www.gold.fr\\\/news\\\/#\\\/schema\\\/person\\\/070491b4b4fb7671bf59b3be20302ce9\",\"name\":\"Comptoir National de l'Or\",\"image\":{\"@type\":\"ImageObject\",\"inLanguage\":\"fr-FR\",\"@id\":\"https:\\\/\\\/secure.gravatar.com\\\/avatar\\\/0a2867fd5abe37bed95d5a65e9d58f01756e11efc68af9888dfc50cfa7f65948?s=96&d=mm&r=gb490554db0a38188709de567aa58480d\",\"url\":\"https:\\\/\\\/secure.gravatar.com\\\/avatar\\\/0a2867fd5abe37bed95d5a65e9d58f01756e11efc68af9888dfc50cfa7f65948?s=96&d=mm&r=g\",\"contentUrl\":\"https:\\\/\\\/secure.gravatar.com\\\/avatar\\\/0a2867fd5abe37bed95d5a65e9d58f01756e11efc68af9888dfc50cfa7f65948?s=96&d=mm&r=g\",\"caption\":\"Comptoir National de l'Or\"},\"description\":\"Notre r\u00e9daction est constitu\u00e9e de membres experts dans les m\u00e9tiers de l'\u00e9conomie et la gestion, des Responsables d'agence Comptoir National de l'Or, des analystes financiers qui publient r\u00e9guli\u00e8rement des \u00e9tudes sur les politiques des banques centrales, le cours de l'or, prix de l'or, cours de l'argent, prix de l'argent, cours du platine, cours du palladium,... la situation en zone euro et l'impact de la strat\u00e9gie mon\u00e9taire de la FED. Notre \u00e9quipe scrute \u00e9galement une information plus g\u00e9n\u00e9raliste \u00e0 la recherche d'actualit\u00e9 \\\"p\u00e9pite\\\" \u00e0 vous partager. Depuis 5 ans, nous avons publi\u00e9 un peu plus de 4000 articles qui s'adressent \u00e0 un public large et vari\u00e9 ayant pour objectif de satisfaire votre curiosit\u00e9 et de partager avec vous une certaine fascination pour le m\u00e9tal jaune, le rachat d'or, et pour ceux qui veulent investir dans l'or, vendre leur or tout simplement en savoir plus... Pour tous vos achat or et argent, n'h\u00e9sitez pas \u00e0 prendre rendez-vous dans l'un de nos nombreux comptoirs.\",\"sameAs\":[\"https:\\\/\\\/www.gold.fr\"]}]}<\/script>\n<!-- \/ Yoast SEO plugin. -->","yoast_head_json":{"title":"Les 'minutes' FED\u00a0: Un ton 'faucon' - Gold.fr","robots":{"index":"index","follow":"follow","max-snippet":"max-snippet:-1","max-image-preview":"max-image-preview:large","max-video-preview":"max-video-preview:-1"},"canonical":"https:\/\/www.gold.fr\/news\/2016\/05\/20\/les-minutes-fed-un-ton-faucon\/","og_locale":"fr_FR","og_type":"article","og_title":"Les 'minutes' FED\u00a0: Un ton 'faucon' - Gold.fr","og_description":"La r\u00e9serve f\u00e9d\u00e9rale am\u00e9ricaine vient de publier les &lsquo;minutes&lsquo; de la derni\u00e8re r\u00e9union de son comit\u00e9 de direction de sa politique mon\u00e9taire (FOMC) et le document a d\u00e9j\u00e0 engendr\u00e9 un mouvement de surprise, d&rsquo;inqui\u00e9tude et de [&hellip;]","og_url":"https:\/\/www.gold.fr\/news\/2016\/05\/20\/les-minutes-fed-un-ton-faucon\/","og_site_name":"Gold.fr","article_publisher":"https:\/\/www.facebook.com\/Goldfr\/","article_published_time":"2016-05-20T15:00:29+00:00","article_modified_time":"2018-03-21T14:16:28+00:00","og_image":[{"width":600,"height":469,"url":"https:\/\/www.gold.fr\/news\/wp-content\/uploads\/2016\/05\/Lingot-piece-or.jpg","type":"image\/jpeg"}],"author":"Comptoir National de l'Or","twitter_card":"summary_large_image","twitter_misc":{"\u00c9crit par":"Comptoir National de l'Or","Dur\u00e9e de lecture estim\u00e9e":"1 minute"},"schema":{"@context":"https:\/\/schema.org","@graph":[{"@type":"Article","@id":"https:\/\/www.gold.fr\/news\/2016\/05\/20\/les-minutes-fed-un-ton-faucon\/#article","isPartOf":{"@id":"https:\/\/www.gold.fr\/news\/2016\/05\/20\/les-minutes-fed-un-ton-faucon\/"},"author":{"name":"Comptoir National de l'Or","@id":"https:\/\/www.gold.fr\/news\/#\/schema\/person\/070491b4b4fb7671bf59b3be20302ce9"},"headline":"Les &lsquo;minutes&rsquo; FED\u00a0: Un ton &lsquo;faucon&rsquo;","datePublished":"2016-05-20T15:00:29+00:00","dateModified":"2018-03-21T14:16:28+00:00","mainEntityOfPage":{"@id":"https:\/\/www.gold.fr\/news\/2016\/05\/20\/les-minutes-fed-un-ton-faucon\/"},"wordCount":311,"commentCount":0,"image":{"@id":"https:\/\/www.gold.fr\/news\/2016\/05\/20\/les-minutes-fed-un-ton-faucon\/#primaryimage"},"thumbnailUrl":"https:\/\/www.gold.fr\/news\/wp-content\/uploads\/2016\/05\/Lingot-piece-or.jpg","keywords":["chomage","emploi US","faucon","FOMC","minutes FED"],"articleSection":["Articles de presse"],"inLanguage":"fr-FR"},{"@type":"WebPage","@id":"https:\/\/www.gold.fr\/news\/2016\/05\/20\/les-minutes-fed-un-ton-faucon\/","url":"https:\/\/www.gold.fr\/news\/2016\/05\/20\/les-minutes-fed-un-ton-faucon\/","name":"Les 'minutes' FED\u00a0: Un ton 'faucon' - Gold.fr","isPartOf":{"@id":"https:\/\/www.gold.fr\/news\/#website"},"primaryImageOfPage":{"@id":"https:\/\/www.gold.fr\/news\/2016\/05\/20\/les-minutes-fed-un-ton-faucon\/#primaryimage"},"image":{"@id":"https:\/\/www.gold.fr\/news\/2016\/05\/20\/les-minutes-fed-un-ton-faucon\/#primaryimage"},"thumbnailUrl":"https:\/\/www.gold.fr\/news\/wp-content\/uploads\/2016\/05\/Lingot-piece-or.jpg","datePublished":"2016-05-20T15:00:29+00:00","dateModified":"2018-03-21T14:16:28+00:00","author":{"@id":"https:\/\/www.gold.fr\/news\/#\/schema\/person\/070491b4b4fb7671bf59b3be20302ce9"},"breadcrumb":{"@id":"https:\/\/www.gold.fr\/news\/2016\/05\/20\/les-minutes-fed-un-ton-faucon\/#breadcrumb"},"inLanguage":"fr-FR","potentialAction":[{"@type":"ReadAction","target":["https:\/\/www.gold.fr\/news\/2016\/05\/20\/les-minutes-fed-un-ton-faucon\/"]}]},{"@type":"ImageObject","inLanguage":"fr-FR","@id":"https:\/\/www.gold.fr\/news\/2016\/05\/20\/les-minutes-fed-un-ton-faucon\/#primaryimage","url":"https:\/\/www.gold.fr\/news\/wp-content\/uploads\/2016\/05\/Lingot-piece-or.jpg","contentUrl":"https:\/\/www.gold.fr\/news\/wp-content\/uploads\/2016\/05\/Lingot-piece-or.jpg","width":600,"height":469,"caption":"Les 'minutes' FED\u00a0: Un ton 'faucon'"},{"@type":"BreadcrumbList","@id":"https:\/\/www.gold.fr\/news\/2016\/05\/20\/les-minutes-fed-un-ton-faucon\/#breadcrumb","itemListElement":[{"@type":"ListItem","position":1,"name":"Accueil","item":"https:\/\/www.gold.fr\/"},{"@type":"ListItem","position":2,"name":"Actualit\u00e9s","item":"https:\/\/www.gold.fr\/news\/"},{"@type":"ListItem","position":3,"name":"Les &lsquo;minutes&rsquo; FED\u00a0: Un ton &lsquo;faucon&rsquo;"}]},{"@type":"WebSite","@id":"https:\/\/www.gold.fr\/news\/#website","url":"https:\/\/www.gold.fr\/news\/","name":"Gold.fr","description":"Actualit\u00e9s de l&#039;Or et des m\u00e9taux pr\u00e9cieux","potentialAction":[{"@type":"SearchAction","target":{"@type":"EntryPoint","urlTemplate":"https:\/\/www.gold.fr\/news\/?s={search_term_string}"},"query-input":{"@type":"PropertyValueSpecification","valueRequired":true,"valueName":"search_term_string"}}],"inLanguage":"fr-FR"},{"@type":"Person","@id":"https:\/\/www.gold.fr\/news\/#\/schema\/person\/070491b4b4fb7671bf59b3be20302ce9","name":"Comptoir National de l'Or","image":{"@type":"ImageObject","inLanguage":"fr-FR","@id":"https:\/\/secure.gravatar.com\/avatar\/0a2867fd5abe37bed95d5a65e9d58f01756e11efc68af9888dfc50cfa7f65948?s=96&d=mm&r=gb490554db0a38188709de567aa58480d","url":"https:\/\/secure.gravatar.com\/avatar\/0a2867fd5abe37bed95d5a65e9d58f01756e11efc68af9888dfc50cfa7f65948?s=96&d=mm&r=g","contentUrl":"https:\/\/secure.gravatar.com\/avatar\/0a2867fd5abe37bed95d5a65e9d58f01756e11efc68af9888dfc50cfa7f65948?s=96&d=mm&r=g","caption":"Comptoir National de l'Or"},"description":"Notre r\u00e9daction est constitu\u00e9e de membres experts dans les m\u00e9tiers de l'\u00e9conomie et la gestion, des Responsables d'agence Comptoir National de l'Or, des analystes financiers qui publient r\u00e9guli\u00e8rement des \u00e9tudes sur les politiques des banques centrales, le cours de l'or, prix de l'or, cours de l'argent, prix de l'argent, cours du platine, cours du palladium,... la situation en zone euro et l'impact de la strat\u00e9gie mon\u00e9taire de la FED. Notre \u00e9quipe scrute \u00e9galement une information plus g\u00e9n\u00e9raliste \u00e0 la recherche d'actualit\u00e9 \"p\u00e9pite\" \u00e0 vous partager. Depuis 5 ans, nous avons publi\u00e9 un peu plus de 4000 articles qui s'adressent \u00e0 un public large et vari\u00e9 ayant pour objectif de satisfaire votre curiosit\u00e9 et de partager avec vous une certaine fascination pour le m\u00e9tal jaune, le rachat d'or, et pour ceux qui veulent investir dans l'or, vendre leur or tout simplement en savoir plus... Pour tous vos achat or et argent, n'h\u00e9sitez pas \u00e0 prendre rendez-vous dans l'un de nos nombreux comptoirs.","sameAs":["https:\/\/www.gold.fr"]}]}},"authors":[{"term_id":2565,"user_id":18,"is_guest":0,"slug":"julie","display_name":"Comptoir National de l'Or","avatar_url":"https:\/\/secure.gravatar.com\/avatar\/713f289e398d35ead876c4a4cc08607f0d6d266058cfc25683fffb6092d0e572?s=96&d=mm&r=g","0":null,"1":"","2":"","3":"","4":"","5":"","6":"","7":"","8":""}],"_links":{"self":[{"href":"https:\/\/www.gold.fr\/news\/wp-json\/wp\/v2\/posts\/19461","targetHints":{"allow":["GET"]}}],"collection":[{"href":"https:\/\/www.gold.fr\/news\/wp-json\/wp\/v2\/posts"}],"about":[{"href":"https:\/\/www.gold.fr\/news\/wp-json\/wp\/v2\/types\/post"}],"author":[{"embeddable":true,"href":"https:\/\/www.gold.fr\/news\/wp-json\/wp\/v2\/users\/18"}],"replies":[{"embeddable":true,"href":"https:\/\/www.gold.fr\/news\/wp-json\/wp\/v2\/comments?post=19461"}],"version-history":[{"count":0,"href":"https:\/\/www.gold.fr\/news\/wp-json\/wp\/v2\/posts\/19461\/revisions"}],"wp:featuredmedia":[{"embeddable":true,"href":"https:\/\/www.gold.fr\/news\/wp-json\/wp\/v2\/media\/32046"}],"wp:attachment":[{"href":"https:\/\/www.gold.fr\/news\/wp-json\/wp\/v2\/media?parent=19461"}],"wp:term":[{"taxonomy":"category","embeddable":true,"href":"https:\/\/www.gold.fr\/news\/wp-json\/wp\/v2\/categories?post=19461"},{"taxonomy":"post_tag","embeddable":true,"href":"https:\/\/www.gold.fr\/news\/wp-json\/wp\/v2\/tags?post=19461"},{"taxonomy":"author","embeddable":true,"href":"https:\/\/www.gold.fr\/news\/wp-json\/wp\/v2\/ppma_author?post=19461"}],"curies":[{"name":"wp","href":"https:\/\/api.w.org\/{rel}","templated":true}]}}