{"id":19446,"date":"2016-05-20T09:00:09","date_gmt":"2016-05-20T07:00:09","guid":{"rendered":"https:\/\/www.gold.fr\/news\/?p=19446"},"modified":"2018-03-26T17:18:45","modified_gmt":"2018-03-26T15:18:45","slug":"marches-des-minutes-fed-plus-faucon-que-prevu","status":"publish","type":"post","link":"https:\/\/www.gold.fr\/news\/2016\/05\/20\/marches-des-minutes-fed-plus-faucon-que-prevu\/","title":{"rendered":"March\u00e9s : Des &lsquo;minutes&rsquo; FED plus &lsquo;faucon&rsquo; que pr\u00e9vu"},"content":{"rendered":"<p><img loading=\"lazy\" decoding=\"async\" class=\"alignleft wp-image-2404 size-thumbnail\" title=\"March\u00e9s : Des \u2018minutes\u2019 FED plus \u2018faucon\u2019 que pr\u00e9vu\" src=\"https:\/\/www.gold.fr\/news\/wp-content\/uploads\/2011\/09\/harga-emas1-150x150.jpg\" alt=\"March\u00e9s : Des 'minutes' FED plus 'faucon' que pr\u00e9vu\" width=\"150\" height=\"150\" \/><span style=\"font-size: small;\">Certes, l&rsquo;attentisme \u00e9tait \u00e0 son comble, tout au long de la s\u00e9ance de la veille <em>(mercredi)<\/em>, dans l&rsquo;expectative des premi\u00e8res &lsquo;<em>minutes<\/em>&lsquo; de la derni\u00e8re r\u00e9union du <strong>FOMC<\/strong>. Toutefois, cet attentisme visait essentiellement le catalyseur que repr\u00e9sente le document dans une conjoncture apathique, et non r\u00e9ellement son contenu. <\/span><\/p>\n<p><span style=\"font-size: small;\">Du coup, le ton \u00e9tonnamment &lsquo;<em>faucon<\/em>&lsquo; de ces minutes a cr\u00e9\u00e9 la grande surprise, au sein des march\u00e9s d&rsquo;<a class=\"esk-seo-plu-link\" href=\"https:\/\/www.gold.fr\/news\/tags\/investissement\">investissement<\/a>, semant incertitudes, craintes et volatilit\u00e9, sur son sillage.<\/span> <span style=\"font-size: small;\">La nervosit\u00e9 \u00e9tait d\u00e9j\u00e0 palpable, quelques heures avant la publication du document, sur fond de march\u00e9s domin\u00e9s par la m\u00e9fiance des op\u00e9rateurs et leur refus de prendre position, une <a class=\"esk-seo-plu-link\" href=\"https:\/\/www.gold.fr\/news\/tags\/investissement\">tendance<\/a> qui r\u00e8gne depuis le d\u00e9but de la semaine. <\/span><\/p>\n<p><span style=\"font-size: small;\">Pourtant, certains observateurs avaient vaguement pr\u00e9vu ce changement de ton, sur la base des d\u00e9clarations de <strong>Dennis Lockhart<\/strong> <em>(FED d&rsquo;Atlanta)<\/em> et de <strong>John Williams<\/strong> <em>(Fed de San Francisco)<\/em>, tous deux en faveur d&rsquo;un sc\u00e9nario incluant deux \u00e0 trois hausses des taux, durant le courant de l&rsquo;ann\u00e9e 2016 seule. Du coup, les analystes <strong>d&rsquo;Aurel BGC<\/strong> en concluaient qu&rsquo;il \u00ab <em>y a clairement une volont\u00e9 concert\u00e9e des membres du FOMC pour \u00ab\u00a0ancrer\u00a0\u00bb les anticipations d&rsquo;une hausse prochaine des taux directeurs<\/em> \u00bb. Le bureau d&rsquo;\u00e9tudes attirait \u00e9galement l&rsquo;attention au fait que \u00ab<em> la volatilit\u00e9 s&rsquo;est accrue sur toutes les classes d&rsquo;actifs, mettant en \u00e9vidence un changement structurel vers un environnement de forte volatilit\u00e9<\/em> \u00bb.<\/span> <span style=\"font-size: small;\"> Nous savions d\u00e9j\u00e0 que la derni\u00e8re r\u00e9union du comit\u00e9 de direction de la politique mon\u00e9taire <strong>FED<\/strong> <em>(d\u00e9roul\u00e9e le 26 et 27 avril)<\/em> n&rsquo;avait pas donn\u00e9 lieu \u00e0 un quelconque changement de la strat\u00e9gie de la maison, et plus sp\u00e9cifiquement, \u00e0 un rel\u00e8vement de ses principaux taux d&rsquo;int\u00e9r\u00eat. Mais les &lsquo;<em>minutes<\/em>&lsquo; du meeting r\u00e9v\u00e8lent aujourd&rsquo;hui que les membres du comit\u00e9 avait estim\u00e9, lors de cette r\u00e9union, \u00ab<em> qu&rsquo;une hausse en juin \u00e9tait probable, si les donn\u00e9es macro-\u00e9conomiques continuaient de pointer vers une croissance mod\u00e9r\u00e9e de l&rsquo;\u00e9conomie am\u00e9ricaine<\/em> \u00bb.<\/span><\/p>\n<p><span style=\"font-size: small;\">La publication du document a provoqu\u00e9 un revirement d&rsquo;humeur et de <a class=\"esk-seo-plu-link\" href=\"https:\/\/www.gold.fr\/news\/tags\/investissement\">tendance<\/a>, au niveau des indices boursiers <em>(notamment am\u00e9ricains)<\/em> qui ont vir\u00e9 &lsquo;<em>rouge<\/em>&lsquo;, apr\u00e8s un d\u00e9but de semaine relativement stabilis\u00e9 dans le vert. Et bien que bon nombre de ces indices aient progressivement r\u00e9ussi \u00e0 redresser la barre, les r\u00e9percussions de ce catalyseur continuent \u00e0 menacer la pr\u00e9carit\u00e9 de cet \u00e9quilibre. Parall\u00e8lement \u00e0 ce facteur baissier majeur, les analystes citent \u00e9galement une liste de facteurs de risque conjoncturels incluant \u00ab <em>la possibilit\u00e9 d&rsquo;un atterrissage brutal en Chine, l&rsquo;endettement excessif des entreprises am\u00e9ricaines et des pays \u00e9mergents, le risque politique en Europe et une valorisation (\u2026) excessive pour les march\u00e9s d&rsquo;<a class=\"esk-seo-plu-link\" href=\"https:\/\/www.gold.fr\/news\/tags\/investissement\">actions<\/a><\/em> \u00bb.<\/span><\/p>\n<!-- AddThis Advanced Settings generic via filter on the_content --><!-- AddThis Share Buttons generic via filter on the_content -->","protected":false},"excerpt":{"rendered":"<p>Certes, l&rsquo;attentisme \u00e9tait \u00e0 son comble, tout au long de la s\u00e9ance de la veille (mercredi), dans l&rsquo;expectative des premi\u00e8res &lsquo;minutes&lsquo; de la derni\u00e8re r\u00e9union du FOMC. Toutefois, cet attentisme visait essentiellement le catalyseur que repr\u00e9sente [&hellip;]<\/p>\n","protected":false},"author":18,"featured_media":2404,"comment_status":"open","ping_status":"open","sticky":false,"template":"","format":"standard","meta":{"_mbp_gutenberg_autopost":false,"_pgmb_is_evergreen":false,"_pgmb_ap_template_id":0,"footnotes":""},"categories":[6],"tags":[2163,2262,940,2258,2263,2031,2120],"ppma_author":[2565],"class_list":["post-19446","post","type-post","status-publish","format-standard","has-post-thumbnail","hentry","category-articles-de-presse","tag-aurel-bgc","tag-dennis-lockhart","tag-economie-americaine","tag-faucon","tag-john-williams","tag-minutes-fed","tag-reunion-fomc"],"yoast_head":"<!-- This site is optimized with the Yoast SEO plugin v27.5 - https:\/\/yoast.com\/product\/yoast-seo-wordpress\/ -->\n<title>March\u00e9s : Des &#039;minutes&#039; FED plus &#039;faucon&#039; que pr\u00e9vu - Gold.fr<\/title>\n<meta name=\"robots\" content=\"index, follow, max-snippet:-1, max-image-preview:large, max-video-preview:-1\" \/>\n<link rel=\"canonical\" href=\"https:\/\/www.gold.fr\/news\/2016\/05\/20\/marches-des-minutes-fed-plus-faucon-que-prevu\/\" \/>\n<meta property=\"og:locale\" content=\"fr_FR\" \/>\n<meta property=\"og:type\" content=\"article\" \/>\n<meta property=\"og:title\" content=\"March\u00e9s : Des &#039;minutes&#039; FED plus &#039;faucon&#039; que pr\u00e9vu - Gold.fr\" \/>\n<meta property=\"og:description\" content=\"Certes, l&rsquo;attentisme \u00e9tait \u00e0 son comble, tout au long de la s\u00e9ance de la veille (mercredi), dans l&rsquo;expectative des premi\u00e8res &lsquo;minutes&lsquo; de la derni\u00e8re r\u00e9union du FOMC. Toutefois, cet attentisme visait essentiellement le catalyseur que repr\u00e9sente [&hellip;]\" \/>\n<meta property=\"og:url\" content=\"https:\/\/www.gold.fr\/news\/2016\/05\/20\/marches-des-minutes-fed-plus-faucon-que-prevu\/\" \/>\n<meta property=\"og:site_name\" content=\"Gold.fr\" \/>\n<meta property=\"article:publisher\" content=\"https:\/\/www.facebook.com\/Goldfr\/\" \/>\n<meta property=\"article:published_time\" content=\"2016-05-20T07:00:09+00:00\" \/>\n<meta property=\"article:modified_time\" content=\"2018-03-26T15:18:45+00:00\" \/>\n<meta property=\"og:image\" content=\"https:\/\/www.gold.fr\/news\/wp-content\/uploads\/2011\/09\/harga-emas1.jpg\" \/>\n\t<meta property=\"og:image:width\" content=\"636\" \/>\n\t<meta property=\"og:image:height\" content=\"477\" \/>\n\t<meta property=\"og:image:type\" content=\"image\/jpeg\" \/>\n<meta name=\"author\" content=\"Comptoir National de l&#039;Or\" \/>\n<meta name=\"twitter:card\" content=\"summary_large_image\" \/>\n<meta name=\"twitter:label1\" content=\"\u00c9crit par\" \/>\n\t<meta name=\"twitter:data1\" content=\"Comptoir National de l&#039;Or\" \/>\n\t<meta name=\"twitter:label2\" content=\"Dur\u00e9e de lecture estim\u00e9e\" \/>\n\t<meta name=\"twitter:data2\" content=\"2 minutes\" \/>\n<script type=\"application\/ld+json\" class=\"yoast-schema-graph\">{\"@context\":\"https:\\\/\\\/schema.org\",\"@graph\":[{\"@type\":\"Article\",\"@id\":\"https:\\\/\\\/www.gold.fr\\\/news\\\/2016\\\/05\\\/20\\\/marches-des-minutes-fed-plus-faucon-que-prevu\\\/#article\",\"isPartOf\":{\"@id\":\"https:\\\/\\\/www.gold.fr\\\/news\\\/2016\\\/05\\\/20\\\/marches-des-minutes-fed-plus-faucon-que-prevu\\\/\"},\"author\":{\"name\":\"Comptoir National de l'Or\",\"@id\":\"https:\\\/\\\/www.gold.fr\\\/news\\\/#\\\/schema\\\/person\\\/070491b4b4fb7671bf59b3be20302ce9\"},\"headline\":\"March\u00e9s : Des &lsquo;minutes&rsquo; FED plus &lsquo;faucon&rsquo; que pr\u00e9vu\",\"datePublished\":\"2016-05-20T07:00:09+00:00\",\"dateModified\":\"2018-03-26T15:18:45+00:00\",\"mainEntityOfPage\":{\"@id\":\"https:\\\/\\\/www.gold.fr\\\/news\\\/2016\\\/05\\\/20\\\/marches-des-minutes-fed-plus-faucon-que-prevu\\\/\"},\"wordCount\":481,\"commentCount\":0,\"image\":{\"@id\":\"https:\\\/\\\/www.gold.fr\\\/news\\\/2016\\\/05\\\/20\\\/marches-des-minutes-fed-plus-faucon-que-prevu\\\/#primaryimage\"},\"thumbnailUrl\":\"https:\\\/\\\/www.gold.fr\\\/news\\\/wp-content\\\/uploads\\\/2011\\\/09\\\/harga-emas1.jpg\",\"keywords\":[\"Aurel BGC\",\"Dennis Lockhart\",\"\u00e9conomie am\u00e9ricaine\",\"faucon\",\"John Williams\",\"minutes FED\",\"r\u00e9union FOMC\"],\"articleSection\":[\"Articles de presse\"],\"inLanguage\":\"fr-FR\"},{\"@type\":\"WebPage\",\"@id\":\"https:\\\/\\\/www.gold.fr\\\/news\\\/2016\\\/05\\\/20\\\/marches-des-minutes-fed-plus-faucon-que-prevu\\\/\",\"url\":\"https:\\\/\\\/www.gold.fr\\\/news\\\/2016\\\/05\\\/20\\\/marches-des-minutes-fed-plus-faucon-que-prevu\\\/\",\"name\":\"March\u00e9s : Des 'minutes' FED plus 'faucon' que pr\u00e9vu - Gold.fr\",\"isPartOf\":{\"@id\":\"https:\\\/\\\/www.gold.fr\\\/news\\\/#website\"},\"primaryImageOfPage\":{\"@id\":\"https:\\\/\\\/www.gold.fr\\\/news\\\/2016\\\/05\\\/20\\\/marches-des-minutes-fed-plus-faucon-que-prevu\\\/#primaryimage\"},\"image\":{\"@id\":\"https:\\\/\\\/www.gold.fr\\\/news\\\/2016\\\/05\\\/20\\\/marches-des-minutes-fed-plus-faucon-que-prevu\\\/#primaryimage\"},\"thumbnailUrl\":\"https:\\\/\\\/www.gold.fr\\\/news\\\/wp-content\\\/uploads\\\/2011\\\/09\\\/harga-emas1.jpg\",\"datePublished\":\"2016-05-20T07:00:09+00:00\",\"dateModified\":\"2018-03-26T15:18:45+00:00\",\"author\":{\"@id\":\"https:\\\/\\\/www.gold.fr\\\/news\\\/#\\\/schema\\\/person\\\/070491b4b4fb7671bf59b3be20302ce9\"},\"breadcrumb\":{\"@id\":\"https:\\\/\\\/www.gold.fr\\\/news\\\/2016\\\/05\\\/20\\\/marches-des-minutes-fed-plus-faucon-que-prevu\\\/#breadcrumb\"},\"inLanguage\":\"fr-FR\",\"potentialAction\":[{\"@type\":\"ReadAction\",\"target\":[\"https:\\\/\\\/www.gold.fr\\\/news\\\/2016\\\/05\\\/20\\\/marches-des-minutes-fed-plus-faucon-que-prevu\\\/\"]}]},{\"@type\":\"ImageObject\",\"inLanguage\":\"fr-FR\",\"@id\":\"https:\\\/\\\/www.gold.fr\\\/news\\\/2016\\\/05\\\/20\\\/marches-des-minutes-fed-plus-faucon-que-prevu\\\/#primaryimage\",\"url\":\"https:\\\/\\\/www.gold.fr\\\/news\\\/wp-content\\\/uploads\\\/2011\\\/09\\\/harga-emas1.jpg\",\"contentUrl\":\"https:\\\/\\\/www.gold.fr\\\/news\\\/wp-content\\\/uploads\\\/2011\\\/09\\\/harga-emas1.jpg\",\"width\":\"636\",\"height\":\"477\",\"caption\":\"L\u2019once en hausse en d\u00e9pit de l\u2019instabilit\u00e9 politique\"},{\"@type\":\"BreadcrumbList\",\"@id\":\"https:\\\/\\\/www.gold.fr\\\/news\\\/2016\\\/05\\\/20\\\/marches-des-minutes-fed-plus-faucon-que-prevu\\\/#breadcrumb\",\"itemListElement\":[{\"@type\":\"ListItem\",\"position\":1,\"name\":\"Accueil\",\"item\":\"https:\\\/\\\/www.gold.fr\\\/\"},{\"@type\":\"ListItem\",\"position\":2,\"name\":\"Actualit\u00e9s\",\"item\":\"https:\\\/\\\/www.gold.fr\\\/news\\\/\"},{\"@type\":\"ListItem\",\"position\":3,\"name\":\"March\u00e9s : Des &lsquo;minutes&rsquo; FED plus &lsquo;faucon&rsquo; que pr\u00e9vu\"}]},{\"@type\":\"WebSite\",\"@id\":\"https:\\\/\\\/www.gold.fr\\\/news\\\/#website\",\"url\":\"https:\\\/\\\/www.gold.fr\\\/news\\\/\",\"name\":\"Gold.fr\",\"description\":\"Actualit\u00e9s de l&#039;Or et des m\u00e9taux pr\u00e9cieux\",\"potentialAction\":[{\"@type\":\"SearchAction\",\"target\":{\"@type\":\"EntryPoint\",\"urlTemplate\":\"https:\\\/\\\/www.gold.fr\\\/news\\\/?s={search_term_string}\"},\"query-input\":{\"@type\":\"PropertyValueSpecification\",\"valueRequired\":true,\"valueName\":\"search_term_string\"}}],\"inLanguage\":\"fr-FR\"},{\"@type\":\"Person\",\"@id\":\"https:\\\/\\\/www.gold.fr\\\/news\\\/#\\\/schema\\\/person\\\/070491b4b4fb7671bf59b3be20302ce9\",\"name\":\"Comptoir National de l'Or\",\"image\":{\"@type\":\"ImageObject\",\"inLanguage\":\"fr-FR\",\"@id\":\"https:\\\/\\\/secure.gravatar.com\\\/avatar\\\/0a2867fd5abe37bed95d5a65e9d58f01756e11efc68af9888dfc50cfa7f65948?s=96&d=mm&r=gb490554db0a38188709de567aa58480d\",\"url\":\"https:\\\/\\\/secure.gravatar.com\\\/avatar\\\/0a2867fd5abe37bed95d5a65e9d58f01756e11efc68af9888dfc50cfa7f65948?s=96&d=mm&r=g\",\"contentUrl\":\"https:\\\/\\\/secure.gravatar.com\\\/avatar\\\/0a2867fd5abe37bed95d5a65e9d58f01756e11efc68af9888dfc50cfa7f65948?s=96&d=mm&r=g\",\"caption\":\"Comptoir National de l'Or\"},\"description\":\"Notre r\u00e9daction est constitu\u00e9e de membres experts dans les m\u00e9tiers de l'\u00e9conomie et la gestion, des Responsables d'agence Comptoir National de l'Or, des analystes financiers qui publient r\u00e9guli\u00e8rement des \u00e9tudes sur les politiques des banques centrales, le cours de l'or, prix de l'or, cours de l'argent, prix de l'argent, cours du platine, cours du palladium,... la situation en zone euro et l'impact de la strat\u00e9gie mon\u00e9taire de la FED. Notre \u00e9quipe scrute \u00e9galement une information plus g\u00e9n\u00e9raliste \u00e0 la recherche d'actualit\u00e9 \\\"p\u00e9pite\\\" \u00e0 vous partager. Depuis 5 ans, nous avons publi\u00e9 un peu plus de 4000 articles qui s'adressent \u00e0 un public large et vari\u00e9 ayant pour objectif de satisfaire votre curiosit\u00e9 et de partager avec vous une certaine fascination pour le m\u00e9tal jaune, le rachat d'or, et pour ceux qui veulent investir dans l'or, vendre leur or tout simplement en savoir plus... Pour tous vos achat or et argent, n'h\u00e9sitez pas \u00e0 prendre rendez-vous dans l'un de nos nombreux comptoirs.\",\"sameAs\":[\"https:\\\/\\\/www.gold.fr\"]}]}<\/script>\n<!-- \/ Yoast SEO plugin. -->","yoast_head_json":{"title":"March\u00e9s : Des 'minutes' FED plus 'faucon' que pr\u00e9vu - Gold.fr","robots":{"index":"index","follow":"follow","max-snippet":"max-snippet:-1","max-image-preview":"max-image-preview:large","max-video-preview":"max-video-preview:-1"},"canonical":"https:\/\/www.gold.fr\/news\/2016\/05\/20\/marches-des-minutes-fed-plus-faucon-que-prevu\/","og_locale":"fr_FR","og_type":"article","og_title":"March\u00e9s : Des 'minutes' FED plus 'faucon' que pr\u00e9vu - Gold.fr","og_description":"Certes, l&rsquo;attentisme \u00e9tait \u00e0 son comble, tout au long de la s\u00e9ance de la veille (mercredi), dans l&rsquo;expectative des premi\u00e8res &lsquo;minutes&lsquo; de la derni\u00e8re r\u00e9union du FOMC. Toutefois, cet attentisme visait essentiellement le catalyseur que repr\u00e9sente [&hellip;]","og_url":"https:\/\/www.gold.fr\/news\/2016\/05\/20\/marches-des-minutes-fed-plus-faucon-que-prevu\/","og_site_name":"Gold.fr","article_publisher":"https:\/\/www.facebook.com\/Goldfr\/","article_published_time":"2016-05-20T07:00:09+00:00","article_modified_time":"2018-03-26T15:18:45+00:00","og_image":[{"width":636,"height":477,"url":"https:\/\/www.gold.fr\/news\/wp-content\/uploads\/2011\/09\/harga-emas1.jpg","type":"image\/jpeg"}],"author":"Comptoir National de l'Or","twitter_card":"summary_large_image","twitter_misc":{"\u00c9crit par":"Comptoir National de l'Or","Dur\u00e9e de lecture estim\u00e9e":"2 minutes"},"schema":{"@context":"https:\/\/schema.org","@graph":[{"@type":"Article","@id":"https:\/\/www.gold.fr\/news\/2016\/05\/20\/marches-des-minutes-fed-plus-faucon-que-prevu\/#article","isPartOf":{"@id":"https:\/\/www.gold.fr\/news\/2016\/05\/20\/marches-des-minutes-fed-plus-faucon-que-prevu\/"},"author":{"name":"Comptoir National de l'Or","@id":"https:\/\/www.gold.fr\/news\/#\/schema\/person\/070491b4b4fb7671bf59b3be20302ce9"},"headline":"March\u00e9s : Des &lsquo;minutes&rsquo; FED plus &lsquo;faucon&rsquo; que pr\u00e9vu","datePublished":"2016-05-20T07:00:09+00:00","dateModified":"2018-03-26T15:18:45+00:00","mainEntityOfPage":{"@id":"https:\/\/www.gold.fr\/news\/2016\/05\/20\/marches-des-minutes-fed-plus-faucon-que-prevu\/"},"wordCount":481,"commentCount":0,"image":{"@id":"https:\/\/www.gold.fr\/news\/2016\/05\/20\/marches-des-minutes-fed-plus-faucon-que-prevu\/#primaryimage"},"thumbnailUrl":"https:\/\/www.gold.fr\/news\/wp-content\/uploads\/2011\/09\/harga-emas1.jpg","keywords":["Aurel BGC","Dennis Lockhart","\u00e9conomie am\u00e9ricaine","faucon","John Williams","minutes FED","r\u00e9union FOMC"],"articleSection":["Articles de presse"],"inLanguage":"fr-FR"},{"@type":"WebPage","@id":"https:\/\/www.gold.fr\/news\/2016\/05\/20\/marches-des-minutes-fed-plus-faucon-que-prevu\/","url":"https:\/\/www.gold.fr\/news\/2016\/05\/20\/marches-des-minutes-fed-plus-faucon-que-prevu\/","name":"March\u00e9s : Des 'minutes' FED plus 'faucon' que pr\u00e9vu - Gold.fr","isPartOf":{"@id":"https:\/\/www.gold.fr\/news\/#website"},"primaryImageOfPage":{"@id":"https:\/\/www.gold.fr\/news\/2016\/05\/20\/marches-des-minutes-fed-plus-faucon-que-prevu\/#primaryimage"},"image":{"@id":"https:\/\/www.gold.fr\/news\/2016\/05\/20\/marches-des-minutes-fed-plus-faucon-que-prevu\/#primaryimage"},"thumbnailUrl":"https:\/\/www.gold.fr\/news\/wp-content\/uploads\/2011\/09\/harga-emas1.jpg","datePublished":"2016-05-20T07:00:09+00:00","dateModified":"2018-03-26T15:18:45+00:00","author":{"@id":"https:\/\/www.gold.fr\/news\/#\/schema\/person\/070491b4b4fb7671bf59b3be20302ce9"},"breadcrumb":{"@id":"https:\/\/www.gold.fr\/news\/2016\/05\/20\/marches-des-minutes-fed-plus-faucon-que-prevu\/#breadcrumb"},"inLanguage":"fr-FR","potentialAction":[{"@type":"ReadAction","target":["https:\/\/www.gold.fr\/news\/2016\/05\/20\/marches-des-minutes-fed-plus-faucon-que-prevu\/"]}]},{"@type":"ImageObject","inLanguage":"fr-FR","@id":"https:\/\/www.gold.fr\/news\/2016\/05\/20\/marches-des-minutes-fed-plus-faucon-que-prevu\/#primaryimage","url":"https:\/\/www.gold.fr\/news\/wp-content\/uploads\/2011\/09\/harga-emas1.jpg","contentUrl":"https:\/\/www.gold.fr\/news\/wp-content\/uploads\/2011\/09\/harga-emas1.jpg","width":"636","height":"477","caption":"L\u2019once en hausse en d\u00e9pit de l\u2019instabilit\u00e9 politique"},{"@type":"BreadcrumbList","@id":"https:\/\/www.gold.fr\/news\/2016\/05\/20\/marches-des-minutes-fed-plus-faucon-que-prevu\/#breadcrumb","itemListElement":[{"@type":"ListItem","position":1,"name":"Accueil","item":"https:\/\/www.gold.fr\/"},{"@type":"ListItem","position":2,"name":"Actualit\u00e9s","item":"https:\/\/www.gold.fr\/news\/"},{"@type":"ListItem","position":3,"name":"March\u00e9s : Des &lsquo;minutes&rsquo; FED plus &lsquo;faucon&rsquo; que pr\u00e9vu"}]},{"@type":"WebSite","@id":"https:\/\/www.gold.fr\/news\/#website","url":"https:\/\/www.gold.fr\/news\/","name":"Gold.fr","description":"Actualit\u00e9s de l&#039;Or et des m\u00e9taux pr\u00e9cieux","potentialAction":[{"@type":"SearchAction","target":{"@type":"EntryPoint","urlTemplate":"https:\/\/www.gold.fr\/news\/?s={search_term_string}"},"query-input":{"@type":"PropertyValueSpecification","valueRequired":true,"valueName":"search_term_string"}}],"inLanguage":"fr-FR"},{"@type":"Person","@id":"https:\/\/www.gold.fr\/news\/#\/schema\/person\/070491b4b4fb7671bf59b3be20302ce9","name":"Comptoir National de l'Or","image":{"@type":"ImageObject","inLanguage":"fr-FR","@id":"https:\/\/secure.gravatar.com\/avatar\/0a2867fd5abe37bed95d5a65e9d58f01756e11efc68af9888dfc50cfa7f65948?s=96&d=mm&r=gb490554db0a38188709de567aa58480d","url":"https:\/\/secure.gravatar.com\/avatar\/0a2867fd5abe37bed95d5a65e9d58f01756e11efc68af9888dfc50cfa7f65948?s=96&d=mm&r=g","contentUrl":"https:\/\/secure.gravatar.com\/avatar\/0a2867fd5abe37bed95d5a65e9d58f01756e11efc68af9888dfc50cfa7f65948?s=96&d=mm&r=g","caption":"Comptoir National de l'Or"},"description":"Notre r\u00e9daction est constitu\u00e9e de membres experts dans les m\u00e9tiers de l'\u00e9conomie et la gestion, des Responsables d'agence Comptoir National de l'Or, des analystes financiers qui publient r\u00e9guli\u00e8rement des \u00e9tudes sur les politiques des banques centrales, le cours de l'or, prix de l'or, cours de l'argent, prix de l'argent, cours du platine, cours du palladium,... la situation en zone euro et l'impact de la strat\u00e9gie mon\u00e9taire de la FED. Notre \u00e9quipe scrute \u00e9galement une information plus g\u00e9n\u00e9raliste \u00e0 la recherche d'actualit\u00e9 \"p\u00e9pite\" \u00e0 vous partager. Depuis 5 ans, nous avons publi\u00e9 un peu plus de 4000 articles qui s'adressent \u00e0 un public large et vari\u00e9 ayant pour objectif de satisfaire votre curiosit\u00e9 et de partager avec vous une certaine fascination pour le m\u00e9tal jaune, le rachat d'or, et pour ceux qui veulent investir dans l'or, vendre leur or tout simplement en savoir plus... Pour tous vos achat or et argent, n'h\u00e9sitez pas \u00e0 prendre rendez-vous dans l'un de nos nombreux comptoirs.","sameAs":["https:\/\/www.gold.fr"]}]}},"authors":[{"term_id":2565,"user_id":18,"is_guest":0,"slug":"julie","display_name":"Comptoir National de l'Or","avatar_url":"https:\/\/secure.gravatar.com\/avatar\/713f289e398d35ead876c4a4cc08607f0d6d266058cfc25683fffb6092d0e572?s=96&d=mm&r=g","0":null,"1":"","2":"","3":"","4":"","5":"","6":"","7":"","8":""}],"_links":{"self":[{"href":"https:\/\/www.gold.fr\/news\/wp-json\/wp\/v2\/posts\/19446","targetHints":{"allow":["GET"]}}],"collection":[{"href":"https:\/\/www.gold.fr\/news\/wp-json\/wp\/v2\/posts"}],"about":[{"href":"https:\/\/www.gold.fr\/news\/wp-json\/wp\/v2\/types\/post"}],"author":[{"embeddable":true,"href":"https:\/\/www.gold.fr\/news\/wp-json\/wp\/v2\/users\/18"}],"replies":[{"embeddable":true,"href":"https:\/\/www.gold.fr\/news\/wp-json\/wp\/v2\/comments?post=19446"}],"version-history":[{"count":0,"href":"https:\/\/www.gold.fr\/news\/wp-json\/wp\/v2\/posts\/19446\/revisions"}],"wp:featuredmedia":[{"embeddable":true,"href":"https:\/\/www.gold.fr\/news\/wp-json\/wp\/v2\/media\/2404"}],"wp:attachment":[{"href":"https:\/\/www.gold.fr\/news\/wp-json\/wp\/v2\/media?parent=19446"}],"wp:term":[{"taxonomy":"category","embeddable":true,"href":"https:\/\/www.gold.fr\/news\/wp-json\/wp\/v2\/categories?post=19446"},{"taxonomy":"post_tag","embeddable":true,"href":"https:\/\/www.gold.fr\/news\/wp-json\/wp\/v2\/tags?post=19446"},{"taxonomy":"author","embeddable":true,"href":"https:\/\/www.gold.fr\/news\/wp-json\/wp\/v2\/ppma_author?post=19446"}],"curies":[{"name":"wp","href":"https:\/\/api.w.org\/{rel}","templated":true}]}}