{"id":19415,"date":"2016-05-19T09:00:39","date_gmt":"2016-05-19T07:00:39","guid":{"rendered":"https:\/\/www.gold.fr\/news\/?p=19415"},"modified":"2021-09-30T14:22:34","modified_gmt":"2021-09-30T12:22:34","slug":"marches-repli-general-la-fed-en-vue","status":"publish","type":"post","link":"https:\/\/www.gold.fr\/news\/2016\/05\/19\/marches-repli-general-la-fed-en-vue\/","title":{"rendered":"March\u00e9s : Repli g\u00e9n\u00e9ral, la FED en vue"},"content":{"rendered":"<p><img loading=\"lazy\" decoding=\"async\" class=\"alignleft wp-image-2404 size-thumbnail\" title=\"March\u00e9s : Repli g\u00e9n\u00e9ral, la FED en vue\" src=\"https:\/\/www.gold.fr\/news\/wp-content\/uploads\/2011\/09\/harga-emas1-150x150.jpg\" alt=\"March\u00e9s : Repli g\u00e9n\u00e9ral, la FED en vue\" width=\"150\" height=\"150\" \/><span style=\"font-size: small;\">Les march\u00e9s boursiers \u00e9voluent aujourd&rsquo;hui \u00e0 pas feutr\u00e9s et prudents, sur fond de conjoncture bien trop mitig\u00e9e, pour l&rsquo;instant, pour r\u00e9ussir \u00e0 les orienter. Entre les angoisses relatives \u00e0 un \u00e9ventuel \u2018<em>brexit<\/em>&lsquo;, l&rsquo;attentisme qui entoure les \u2018<em>minutes<\/em>&lsquo; <strong>FED<\/strong> et l&rsquo;optimisme qui d\u00e9coule de la progression p\u00e9troli\u00e8re, les op\u00e9rateurs ne savent plus sur quel pied danser et pr\u00e9f\u00e8rent donc jouer la carte de la prudence.<\/span><\/p>\n<p><span style=\"font-size: small;\"> Le march\u00e9 de l&rsquo;<a class=\"esk-seo-plu-link\" href=\"https:\/\/www.gold.fr\/news\/tags\/or\">or<\/a> ne fait pas exception \u00e0 cette ambiance m\u00e9fiante, m\u00eame si le <a class=\"esk-seo-plu-link\" href=\"https:\/\/www.gold.fr\/news\/tags\/or\">m\u00e9tal jaune<\/a> r\u00e9ussit toujours \u00e0 conserver tant ses gains du mois que sa <a class=\"esk-seo-plu-link\" href=\"https:\/\/www.gold.fr\/news\/tags\/investissement\">tendance<\/a> fondamentalement haussi\u00e8re. Certes, pour l&rsquo;heure, le march\u00e9 est travers\u00e9 par une vague de consolidation, toutefois, les experts estiment que le sentiment dominant demeure positif \u00ab <em>dans un contexte de taux d&rsquo;int\u00e9r\u00eat de long terme souvent n\u00e9gatifs, sinon faibles<\/em> \u00bb, rappelant que \u00ab<em> <a title=\"Prix de l'Once d'or\" href=\"https:\/\/www.gold.fr\/once-or-nyc\/\" target=\"_blank\" rel=\"noopener\">l&rsquo;once<\/a> d&rsquo;<a class=\"esk-seo-plu-link\" href=\"https:\/\/www.gold.fr\/news\/tags\/or\">or<\/a> a effectivement le m\u00e9rite, en termes de taux, de procurer un rendement (\u2026) non n\u00e9gatif<\/em> \u00bb. <\/span><\/p>\n<p><span style=\"font-size: small;\">C\u00f4t\u00e9 <strong>ETF<\/strong> aurif\u00e8res, la performance des <strong>SPDR Gold Shares<\/strong> est toujours au beau fixe, avec un nouveau plus-haut de l&rsquo;ann\u00e9e 2016, mardi, \u00e0 <strong>851,1 tonnes<\/strong>.<\/span> <span style=\"font-size: small;\">Parall\u00e8lement, la plan\u00e8te \u00e9conomique et boursi\u00e8re continue donc \u00e0 \u00eatre partag\u00e9e entre les bonnes nouvelles qui \u00e9manent constamment du march\u00e9 p\u00e9trolier et les incertitudes qui font \u00e9galement un retour en force. <\/span><\/p>\n<p><span style=\"font-size: small;\">C\u00f4t\u00e9 march\u00e9 p\u00e9trolier, le prix du baril de p\u00e9trole navigue toujours aux abords des <strong>50 <a class=\"esk-seo-plu-link\" href=\"https:\/\/www.gold.fr\/news\/tags\/investissement\">dollars<\/a><\/strong> <em>(actuellement autour de 48 <a class=\"esk-seo-plu-link\" href=\"https:\/\/www.gold.fr\/news\/tags\/investissement\">dollars<\/a>)<\/em>, dans un contexte g\u00e9n\u00e9ral marqu\u00e9 par les conflits relatifs \u00e0 la production que ce soit au <strong>Nigeria<\/strong>, au <strong>Venezuela<\/strong> ou encore \u00e0 <strong>l&rsquo;Alberta<\/strong>. Pour les analystes de <strong>Barclays<\/strong> <strong>Bourse<\/strong>, ce prix \u00ab <em>cr\u00e9dibilise le discours de l&rsquo;OPEP d&rsquo;un march\u00e9 p\u00e9trolier en d\u00e9ficit net d\u00e8s l&rsquo;ann\u00e9e prochaine<\/em> \u00bb.<\/span> <span style=\"font-size: small;\">Mais ce rebond p\u00e9trolier peine encore, en d\u00e9pit de sa solidit\u00e9, \u00e0 hisser les march\u00e9s boursiers hors de leur torpeur. Les places boursi\u00e8res am\u00e9ricaines avaient bri\u00e8vement r\u00e9ussi \u00e0 se reprendre, mardi apr\u00e8s-midi, suite \u00e0 l&rsquo;annonce concernant l&rsquo;<a class=\"esk-seo-plu-link\" href=\"https:\/\/www.gold.fr\/news\/tags\/investissement\">investissement<\/a> d&rsquo;un milliard de <strong><a class=\"esk-seo-plu-link\" href=\"https:\/\/www.gold.fr\/news\/tags\/investissement\">dollars<\/a><\/strong> dans <strong>Apple<\/strong>, par le milliardaire <strong>Warren Buffett<\/strong>. La rive am\u00e9ricaine a aussi fourni quelques nouvelles macro\u00e9conomiques, \u00e0 l&rsquo;image de la hausse de l&rsquo;inflation <strong>+1,1%<\/strong> <em>(mois d&rsquo;avril)<\/em>, et la progression de la production industrielle de <strong>0,7%<\/strong>, contre un consensus plus modeste \u00e0 <strong>+0,3%<\/strong>, et des mises en chantier de logements qui ont cr\u00e9\u00e9 la bonne surprise en se hissant de <strong>6,6%<\/strong>. <\/span><\/p>\n<p><span style=\"font-size: small;\">Avec de telles statistiques encourageantes, bon nombre d&rsquo;\u00e9conomistes tablent \u00e0 nouveau sur la possibilit\u00e9 d&rsquo;un rel\u00e8vement des taux de la <strong>FED<\/strong>, \u00e0 l&rsquo;issue de la prochaine r\u00e9union du<strong> FOMC<\/strong>, au mois de juin.<\/span> <span style=\"font-size: small;\">En attendant, ce sont surtout les incertitudes relatives au bilan des \u2018<em>minutes<\/em>&lsquo; de la derni\u00e8re r\u00e9union <strong>FED<\/strong> <em>(qui seront publi\u00e9es cet apr\u00e8s-midi m\u00eame)<\/em>, et les inqui\u00e9tudes concernant un potentiel \u2018<em>brexit<\/em>&lsquo; qui monopolisent l&rsquo;attention des op\u00e9rateurs, des deux c\u00f4t\u00e9s de <strong>l&rsquo;Atlantique<\/strong>, et p\u00e8sent lourdement sur l&rsquo;ensemble des march\u00e9s d&rsquo;<a class=\"esk-seo-plu-link\" href=\"https:\/\/www.gold.fr\/news\/tags\/investissement\">investissement<\/a>.<\/span><\/p>\n<!-- AddThis Advanced Settings generic via filter on the_content --><!-- AddThis Share Buttons generic via filter on the_content -->","protected":false},"excerpt":{"rendered":"<p>Les march\u00e9s boursiers \u00e9voluent aujourd&rsquo;hui \u00e0 pas feutr\u00e9s et prudents, sur fond de conjoncture bien trop mitig\u00e9e, pour l&rsquo;instant, pour r\u00e9ussir \u00e0 les orienter. Entre les angoisses relatives \u00e0 un \u00e9ventuel \u2018brexit&lsquo;, l&rsquo;attentisme qui entoure les [&hellip;]<\/p>\n","protected":false},"author":18,"featured_media":2404,"comment_status":"closed","ping_status":"closed","sticky":false,"template":"","format":"standard","meta":{"_mbp_gutenberg_autopost":false,"_pgmb_is_evergreen":false,"_pgmb_ap_template_id":0,"footnotes":""},"categories":[6],"tags":[2259,987,2190,2164,2260,2211,918,144,95,2009,1649,2031,2251,2142,2120,919,1311,2261],"ppma_author":[2565],"class_list":["post-19415","post","type-post","status-publish","format-standard","has-post-thumbnail","hentry","category-articles-de-presse","tag-alberta","tag-apple","tag-atlantique","tag-barclays-bourse","tag-boursieres-americaines","tag-brexit","tag-etf","tag-fed","tag-marche-de-lor","tag-marche-petrolier","tag-marches","tag-minutes-fed","tag-nigeria","tag-prix-baril","tag-reunion-fomc","tag-spdr-gold","tag-venezuela","tag-warren-buffett"],"yoast_head":"<!-- This site is optimized with the Yoast SEO plugin v27.5 - https:\/\/yoast.com\/product\/yoast-seo-wordpress\/ -->\n<title>March\u00e9s : Repli g\u00e9n\u00e9ral, la FED en vue L&#039;or ne fait pas exception<\/title>\n<meta name=\"description\" content=\"March\u00e9s : Repli g\u00e9n\u00e9ral, la FED en vue Les march\u00e9s boursiers \u00e9voluent aujourd&#039;hui \u00e0 pas feutr\u00e9s et prudents L&#039;or ne fait pas exception\" \/>\n<meta name=\"robots\" content=\"index, follow, max-snippet:-1, max-image-preview:large, max-video-preview:-1\" \/>\n<link rel=\"canonical\" href=\"https:\/\/www.gold.fr\/news\/2016\/05\/19\/marches-repli-general-la-fed-en-vue\/\" \/>\n<meta property=\"og:locale\" content=\"fr_FR\" \/>\n<meta property=\"og:type\" content=\"article\" \/>\n<meta property=\"og:title\" content=\"March\u00e9s : Repli g\u00e9n\u00e9ral, la FED en vue L&#039;or ne fait pas exception\" \/>\n<meta property=\"og:description\" content=\"March\u00e9s : Repli g\u00e9n\u00e9ral, la FED en vue Les march\u00e9s boursiers \u00e9voluent aujourd&#039;hui \u00e0 pas feutr\u00e9s et prudents L&#039;or ne fait pas exception\" \/>\n<meta property=\"og:url\" content=\"https:\/\/www.gold.fr\/news\/2016\/05\/19\/marches-repli-general-la-fed-en-vue\/\" \/>\n<meta property=\"og:site_name\" content=\"Gold.fr\" \/>\n<meta property=\"article:publisher\" content=\"https:\/\/www.facebook.com\/Goldfr\/\" \/>\n<meta property=\"article:published_time\" content=\"2016-05-19T07:00:39+00:00\" \/>\n<meta property=\"article:modified_time\" content=\"2021-09-30T12:22:34+00:00\" \/>\n<meta property=\"og:image\" content=\"https:\/\/www.gold.fr\/news\/wp-content\/uploads\/2011\/09\/harga-emas1.jpg\" \/>\n\t<meta property=\"og:image:width\" content=\"636\" \/>\n\t<meta property=\"og:image:height\" content=\"477\" \/>\n\t<meta property=\"og:image:type\" content=\"image\/jpeg\" \/>\n<meta name=\"author\" content=\"Comptoir National de l&#039;Or\" \/>\n<meta name=\"twitter:card\" content=\"summary_large_image\" \/>\n<meta name=\"twitter:label1\" content=\"\u00c9crit par\" \/>\n\t<meta name=\"twitter:data1\" content=\"Comptoir National de l&#039;Or\" \/>\n\t<meta name=\"twitter:label2\" content=\"Dur\u00e9e de lecture estim\u00e9e\" \/>\n\t<meta name=\"twitter:data2\" content=\"2 minutes\" \/>\n<script type=\"application\/ld+json\" class=\"yoast-schema-graph\">{\"@context\":\"https:\\\/\\\/schema.org\",\"@graph\":[{\"@type\":\"Article\",\"@id\":\"https:\\\/\\\/www.gold.fr\\\/news\\\/2016\\\/05\\\/19\\\/marches-repli-general-la-fed-en-vue\\\/#article\",\"isPartOf\":{\"@id\":\"https:\\\/\\\/www.gold.fr\\\/news\\\/2016\\\/05\\\/19\\\/marches-repli-general-la-fed-en-vue\\\/\"},\"author\":{\"name\":\"Comptoir National de l'Or\",\"@id\":\"https:\\\/\\\/www.gold.fr\\\/news\\\/#\\\/schema\\\/person\\\/070491b4b4fb7671bf59b3be20302ce9\"},\"headline\":\"March\u00e9s : Repli g\u00e9n\u00e9ral, la FED en vue\",\"datePublished\":\"2016-05-19T07:00:39+00:00\",\"dateModified\":\"2021-09-30T12:22:34+00:00\",\"mainEntityOfPage\":{\"@id\":\"https:\\\/\\\/www.gold.fr\\\/news\\\/2016\\\/05\\\/19\\\/marches-repli-general-la-fed-en-vue\\\/\"},\"wordCount\":526,\"image\":{\"@id\":\"https:\\\/\\\/www.gold.fr\\\/news\\\/2016\\\/05\\\/19\\\/marches-repli-general-la-fed-en-vue\\\/#primaryimage\"},\"thumbnailUrl\":\"https:\\\/\\\/www.gold.fr\\\/news\\\/wp-content\\\/uploads\\\/2011\\\/09\\\/harga-emas1.jpg\",\"keywords\":[\"Alberta\",\"Apple\",\"Atlantique\",\"Barclays Bourse\",\"boursi\u00e8res am\u00e9ricaines\",\"Brexit\",\"ETF\",\"fed\",\"march\u00e9 de l'or\",\"march\u00e9 p\u00e9trolier\",\"march\u00e9s\",\"minutes FED\",\"Nig\u00e9ria\",\"prix baril\",\"r\u00e9union FOMC\",\"SPDR Gold\",\"Venezuela\",\"Warren Buffett\"],\"articleSection\":[\"Articles de presse\"],\"inLanguage\":\"fr-FR\"},{\"@type\":\"WebPage\",\"@id\":\"https:\\\/\\\/www.gold.fr\\\/news\\\/2016\\\/05\\\/19\\\/marches-repli-general-la-fed-en-vue\\\/\",\"url\":\"https:\\\/\\\/www.gold.fr\\\/news\\\/2016\\\/05\\\/19\\\/marches-repli-general-la-fed-en-vue\\\/\",\"name\":\"March\u00e9s : Repli g\u00e9n\u00e9ral, la FED en vue L'or ne fait pas exception\",\"isPartOf\":{\"@id\":\"https:\\\/\\\/www.gold.fr\\\/news\\\/#website\"},\"primaryImageOfPage\":{\"@id\":\"https:\\\/\\\/www.gold.fr\\\/news\\\/2016\\\/05\\\/19\\\/marches-repli-general-la-fed-en-vue\\\/#primaryimage\"},\"image\":{\"@id\":\"https:\\\/\\\/www.gold.fr\\\/news\\\/2016\\\/05\\\/19\\\/marches-repli-general-la-fed-en-vue\\\/#primaryimage\"},\"thumbnailUrl\":\"https:\\\/\\\/www.gold.fr\\\/news\\\/wp-content\\\/uploads\\\/2011\\\/09\\\/harga-emas1.jpg\",\"datePublished\":\"2016-05-19T07:00:39+00:00\",\"dateModified\":\"2021-09-30T12:22:34+00:00\",\"author\":{\"@id\":\"https:\\\/\\\/www.gold.fr\\\/news\\\/#\\\/schema\\\/person\\\/070491b4b4fb7671bf59b3be20302ce9\"},\"description\":\"March\u00e9s : Repli g\u00e9n\u00e9ral, la FED en vue Les march\u00e9s boursiers \u00e9voluent aujourd'hui \u00e0 pas feutr\u00e9s et prudents L'or ne fait pas exception\",\"breadcrumb\":{\"@id\":\"https:\\\/\\\/www.gold.fr\\\/news\\\/2016\\\/05\\\/19\\\/marches-repli-general-la-fed-en-vue\\\/#breadcrumb\"},\"inLanguage\":\"fr-FR\",\"potentialAction\":[{\"@type\":\"ReadAction\",\"target\":[\"https:\\\/\\\/www.gold.fr\\\/news\\\/2016\\\/05\\\/19\\\/marches-repli-general-la-fed-en-vue\\\/\"]}]},{\"@type\":\"ImageObject\",\"inLanguage\":\"fr-FR\",\"@id\":\"https:\\\/\\\/www.gold.fr\\\/news\\\/2016\\\/05\\\/19\\\/marches-repli-general-la-fed-en-vue\\\/#primaryimage\",\"url\":\"https:\\\/\\\/www.gold.fr\\\/news\\\/wp-content\\\/uploads\\\/2011\\\/09\\\/harga-emas1.jpg\",\"contentUrl\":\"https:\\\/\\\/www.gold.fr\\\/news\\\/wp-content\\\/uploads\\\/2011\\\/09\\\/harga-emas1.jpg\",\"width\":\"636\",\"height\":\"477\",\"caption\":\"L\u2019once en hausse en d\u00e9pit de l\u2019instabilit\u00e9 politique\"},{\"@type\":\"BreadcrumbList\",\"@id\":\"https:\\\/\\\/www.gold.fr\\\/news\\\/2016\\\/05\\\/19\\\/marches-repli-general-la-fed-en-vue\\\/#breadcrumb\",\"itemListElement\":[{\"@type\":\"ListItem\",\"position\":1,\"name\":\"Accueil\",\"item\":\"https:\\\/\\\/www.gold.fr\\\/\"},{\"@type\":\"ListItem\",\"position\":2,\"name\":\"Actualit\u00e9s\",\"item\":\"https:\\\/\\\/www.gold.fr\\\/news\\\/\"},{\"@type\":\"ListItem\",\"position\":3,\"name\":\"March\u00e9s : Repli g\u00e9n\u00e9ral, la FED en vue\"}]},{\"@type\":\"WebSite\",\"@id\":\"https:\\\/\\\/www.gold.fr\\\/news\\\/#website\",\"url\":\"https:\\\/\\\/www.gold.fr\\\/news\\\/\",\"name\":\"Gold.fr\",\"description\":\"Actualit\u00e9s de l&#039;Or et des m\u00e9taux pr\u00e9cieux\",\"potentialAction\":[{\"@type\":\"SearchAction\",\"target\":{\"@type\":\"EntryPoint\",\"urlTemplate\":\"https:\\\/\\\/www.gold.fr\\\/news\\\/?s={search_term_string}\"},\"query-input\":{\"@type\":\"PropertyValueSpecification\",\"valueRequired\":true,\"valueName\":\"search_term_string\"}}],\"inLanguage\":\"fr-FR\"},{\"@type\":\"Person\",\"@id\":\"https:\\\/\\\/www.gold.fr\\\/news\\\/#\\\/schema\\\/person\\\/070491b4b4fb7671bf59b3be20302ce9\",\"name\":\"Comptoir National de l'Or\",\"image\":{\"@type\":\"ImageObject\",\"inLanguage\":\"fr-FR\",\"@id\":\"https:\\\/\\\/secure.gravatar.com\\\/avatar\\\/0a2867fd5abe37bed95d5a65e9d58f01756e11efc68af9888dfc50cfa7f65948?s=96&d=mm&r=gb490554db0a38188709de567aa58480d\",\"url\":\"https:\\\/\\\/secure.gravatar.com\\\/avatar\\\/0a2867fd5abe37bed95d5a65e9d58f01756e11efc68af9888dfc50cfa7f65948?s=96&d=mm&r=g\",\"contentUrl\":\"https:\\\/\\\/secure.gravatar.com\\\/avatar\\\/0a2867fd5abe37bed95d5a65e9d58f01756e11efc68af9888dfc50cfa7f65948?s=96&d=mm&r=g\",\"caption\":\"Comptoir National de l'Or\"},\"description\":\"Notre r\u00e9daction est constitu\u00e9e de membres experts dans les m\u00e9tiers de l'\u00e9conomie et la gestion, des Responsables d'agence Comptoir National de l'Or, des analystes financiers qui publient r\u00e9guli\u00e8rement des \u00e9tudes sur les politiques des banques centrales, le cours de l'or, prix de l'or, cours de l'argent, prix de l'argent, cours du platine, cours du palladium,... la situation en zone euro et l'impact de la strat\u00e9gie mon\u00e9taire de la FED. Notre \u00e9quipe scrute \u00e9galement une information plus g\u00e9n\u00e9raliste \u00e0 la recherche d'actualit\u00e9 \\\"p\u00e9pite\\\" \u00e0 vous partager. Depuis 5 ans, nous avons publi\u00e9 un peu plus de 4000 articles qui s'adressent \u00e0 un public large et vari\u00e9 ayant pour objectif de satisfaire votre curiosit\u00e9 et de partager avec vous une certaine fascination pour le m\u00e9tal jaune, le rachat d'or, et pour ceux qui veulent investir dans l'or, vendre leur or tout simplement en savoir plus... Pour tous vos achat or et argent, n'h\u00e9sitez pas \u00e0 prendre rendez-vous dans l'un de nos nombreux comptoirs.\",\"sameAs\":[\"https:\\\/\\\/www.gold.fr\"]}]}<\/script>\n<!-- \/ Yoast SEO plugin. -->","yoast_head_json":{"title":"March\u00e9s : Repli g\u00e9n\u00e9ral, la FED en vue L'or ne fait pas exception","description":"March\u00e9s : Repli g\u00e9n\u00e9ral, la FED en vue Les march\u00e9s boursiers \u00e9voluent aujourd'hui \u00e0 pas feutr\u00e9s et prudents L'or ne fait pas exception","robots":{"index":"index","follow":"follow","max-snippet":"max-snippet:-1","max-image-preview":"max-image-preview:large","max-video-preview":"max-video-preview:-1"},"canonical":"https:\/\/www.gold.fr\/news\/2016\/05\/19\/marches-repli-general-la-fed-en-vue\/","og_locale":"fr_FR","og_type":"article","og_title":"March\u00e9s : Repli g\u00e9n\u00e9ral, la FED en vue L'or ne fait pas exception","og_description":"March\u00e9s : Repli g\u00e9n\u00e9ral, la FED en vue Les march\u00e9s boursiers \u00e9voluent aujourd'hui \u00e0 pas feutr\u00e9s et prudents L'or ne fait pas exception","og_url":"https:\/\/www.gold.fr\/news\/2016\/05\/19\/marches-repli-general-la-fed-en-vue\/","og_site_name":"Gold.fr","article_publisher":"https:\/\/www.facebook.com\/Goldfr\/","article_published_time":"2016-05-19T07:00:39+00:00","article_modified_time":"2021-09-30T12:22:34+00:00","og_image":[{"width":636,"height":477,"url":"https:\/\/www.gold.fr\/news\/wp-content\/uploads\/2011\/09\/harga-emas1.jpg","type":"image\/jpeg"}],"author":"Comptoir National de l'Or","twitter_card":"summary_large_image","twitter_misc":{"\u00c9crit par":"Comptoir National de l'Or","Dur\u00e9e de lecture estim\u00e9e":"2 minutes"},"schema":{"@context":"https:\/\/schema.org","@graph":[{"@type":"Article","@id":"https:\/\/www.gold.fr\/news\/2016\/05\/19\/marches-repli-general-la-fed-en-vue\/#article","isPartOf":{"@id":"https:\/\/www.gold.fr\/news\/2016\/05\/19\/marches-repli-general-la-fed-en-vue\/"},"author":{"name":"Comptoir National de l'Or","@id":"https:\/\/www.gold.fr\/news\/#\/schema\/person\/070491b4b4fb7671bf59b3be20302ce9"},"headline":"March\u00e9s : Repli g\u00e9n\u00e9ral, la FED en vue","datePublished":"2016-05-19T07:00:39+00:00","dateModified":"2021-09-30T12:22:34+00:00","mainEntityOfPage":{"@id":"https:\/\/www.gold.fr\/news\/2016\/05\/19\/marches-repli-general-la-fed-en-vue\/"},"wordCount":526,"image":{"@id":"https:\/\/www.gold.fr\/news\/2016\/05\/19\/marches-repli-general-la-fed-en-vue\/#primaryimage"},"thumbnailUrl":"https:\/\/www.gold.fr\/news\/wp-content\/uploads\/2011\/09\/harga-emas1.jpg","keywords":["Alberta","Apple","Atlantique","Barclays Bourse","boursi\u00e8res am\u00e9ricaines","Brexit","ETF","fed","march\u00e9 de l'or","march\u00e9 p\u00e9trolier","march\u00e9s","minutes FED","Nig\u00e9ria","prix baril","r\u00e9union FOMC","SPDR Gold","Venezuela","Warren Buffett"],"articleSection":["Articles de presse"],"inLanguage":"fr-FR"},{"@type":"WebPage","@id":"https:\/\/www.gold.fr\/news\/2016\/05\/19\/marches-repli-general-la-fed-en-vue\/","url":"https:\/\/www.gold.fr\/news\/2016\/05\/19\/marches-repli-general-la-fed-en-vue\/","name":"March\u00e9s : Repli g\u00e9n\u00e9ral, la FED en vue L'or ne fait pas exception","isPartOf":{"@id":"https:\/\/www.gold.fr\/news\/#website"},"primaryImageOfPage":{"@id":"https:\/\/www.gold.fr\/news\/2016\/05\/19\/marches-repli-general-la-fed-en-vue\/#primaryimage"},"image":{"@id":"https:\/\/www.gold.fr\/news\/2016\/05\/19\/marches-repli-general-la-fed-en-vue\/#primaryimage"},"thumbnailUrl":"https:\/\/www.gold.fr\/news\/wp-content\/uploads\/2011\/09\/harga-emas1.jpg","datePublished":"2016-05-19T07:00:39+00:00","dateModified":"2021-09-30T12:22:34+00:00","author":{"@id":"https:\/\/www.gold.fr\/news\/#\/schema\/person\/070491b4b4fb7671bf59b3be20302ce9"},"description":"March\u00e9s : Repli g\u00e9n\u00e9ral, la FED en vue Les march\u00e9s boursiers \u00e9voluent aujourd'hui \u00e0 pas feutr\u00e9s et prudents L'or ne fait pas exception","breadcrumb":{"@id":"https:\/\/www.gold.fr\/news\/2016\/05\/19\/marches-repli-general-la-fed-en-vue\/#breadcrumb"},"inLanguage":"fr-FR","potentialAction":[{"@type":"ReadAction","target":["https:\/\/www.gold.fr\/news\/2016\/05\/19\/marches-repli-general-la-fed-en-vue\/"]}]},{"@type":"ImageObject","inLanguage":"fr-FR","@id":"https:\/\/www.gold.fr\/news\/2016\/05\/19\/marches-repli-general-la-fed-en-vue\/#primaryimage","url":"https:\/\/www.gold.fr\/news\/wp-content\/uploads\/2011\/09\/harga-emas1.jpg","contentUrl":"https:\/\/www.gold.fr\/news\/wp-content\/uploads\/2011\/09\/harga-emas1.jpg","width":"636","height":"477","caption":"L\u2019once en hausse en d\u00e9pit de l\u2019instabilit\u00e9 politique"},{"@type":"BreadcrumbList","@id":"https:\/\/www.gold.fr\/news\/2016\/05\/19\/marches-repli-general-la-fed-en-vue\/#breadcrumb","itemListElement":[{"@type":"ListItem","position":1,"name":"Accueil","item":"https:\/\/www.gold.fr\/"},{"@type":"ListItem","position":2,"name":"Actualit\u00e9s","item":"https:\/\/www.gold.fr\/news\/"},{"@type":"ListItem","position":3,"name":"March\u00e9s : Repli g\u00e9n\u00e9ral, la FED en vue"}]},{"@type":"WebSite","@id":"https:\/\/www.gold.fr\/news\/#website","url":"https:\/\/www.gold.fr\/news\/","name":"Gold.fr","description":"Actualit\u00e9s de l&#039;Or et des m\u00e9taux pr\u00e9cieux","potentialAction":[{"@type":"SearchAction","target":{"@type":"EntryPoint","urlTemplate":"https:\/\/www.gold.fr\/news\/?s={search_term_string}"},"query-input":{"@type":"PropertyValueSpecification","valueRequired":true,"valueName":"search_term_string"}}],"inLanguage":"fr-FR"},{"@type":"Person","@id":"https:\/\/www.gold.fr\/news\/#\/schema\/person\/070491b4b4fb7671bf59b3be20302ce9","name":"Comptoir National de l'Or","image":{"@type":"ImageObject","inLanguage":"fr-FR","@id":"https:\/\/secure.gravatar.com\/avatar\/0a2867fd5abe37bed95d5a65e9d58f01756e11efc68af9888dfc50cfa7f65948?s=96&d=mm&r=gb490554db0a38188709de567aa58480d","url":"https:\/\/secure.gravatar.com\/avatar\/0a2867fd5abe37bed95d5a65e9d58f01756e11efc68af9888dfc50cfa7f65948?s=96&d=mm&r=g","contentUrl":"https:\/\/secure.gravatar.com\/avatar\/0a2867fd5abe37bed95d5a65e9d58f01756e11efc68af9888dfc50cfa7f65948?s=96&d=mm&r=g","caption":"Comptoir National de l'Or"},"description":"Notre r\u00e9daction est constitu\u00e9e de membres experts dans les m\u00e9tiers de l'\u00e9conomie et la gestion, des Responsables d'agence Comptoir National de l'Or, des analystes financiers qui publient r\u00e9guli\u00e8rement des \u00e9tudes sur les politiques des banques centrales, le cours de l'or, prix de l'or, cours de l'argent, prix de l'argent, cours du platine, cours du palladium,... la situation en zone euro et l'impact de la strat\u00e9gie mon\u00e9taire de la FED. Notre \u00e9quipe scrute \u00e9galement une information plus g\u00e9n\u00e9raliste \u00e0 la recherche d'actualit\u00e9 \"p\u00e9pite\" \u00e0 vous partager. Depuis 5 ans, nous avons publi\u00e9 un peu plus de 4000 articles qui s'adressent \u00e0 un public large et vari\u00e9 ayant pour objectif de satisfaire votre curiosit\u00e9 et de partager avec vous une certaine fascination pour le m\u00e9tal jaune, le rachat d'or, et pour ceux qui veulent investir dans l'or, vendre leur or tout simplement en savoir plus... Pour tous vos achat or et argent, n'h\u00e9sitez pas \u00e0 prendre rendez-vous dans l'un de nos nombreux comptoirs.","sameAs":["https:\/\/www.gold.fr"]}]}},"authors":[{"term_id":2565,"user_id":18,"is_guest":0,"slug":"julie","display_name":"Comptoir National de l'Or","avatar_url":"https:\/\/secure.gravatar.com\/avatar\/713f289e398d35ead876c4a4cc08607f0d6d266058cfc25683fffb6092d0e572?s=96&d=mm&r=g","0":null,"1":"","2":"","3":"","4":"","5":"","6":"","7":"","8":""}],"_links":{"self":[{"href":"https:\/\/www.gold.fr\/news\/wp-json\/wp\/v2\/posts\/19415","targetHints":{"allow":["GET"]}}],"collection":[{"href":"https:\/\/www.gold.fr\/news\/wp-json\/wp\/v2\/posts"}],"about":[{"href":"https:\/\/www.gold.fr\/news\/wp-json\/wp\/v2\/types\/post"}],"author":[{"embeddable":true,"href":"https:\/\/www.gold.fr\/news\/wp-json\/wp\/v2\/users\/18"}],"replies":[{"embeddable":true,"href":"https:\/\/www.gold.fr\/news\/wp-json\/wp\/v2\/comments?post=19415"}],"version-history":[{"count":0,"href":"https:\/\/www.gold.fr\/news\/wp-json\/wp\/v2\/posts\/19415\/revisions"}],"wp:featuredmedia":[{"embeddable":true,"href":"https:\/\/www.gold.fr\/news\/wp-json\/wp\/v2\/media\/2404"}],"wp:attachment":[{"href":"https:\/\/www.gold.fr\/news\/wp-json\/wp\/v2\/media?parent=19415"}],"wp:term":[{"taxonomy":"category","embeddable":true,"href":"https:\/\/www.gold.fr\/news\/wp-json\/wp\/v2\/categories?post=19415"},{"taxonomy":"post_tag","embeddable":true,"href":"https:\/\/www.gold.fr\/news\/wp-json\/wp\/v2\/tags?post=19415"},{"taxonomy":"author","embeddable":true,"href":"https:\/\/www.gold.fr\/news\/wp-json\/wp\/v2\/ppma_author?post=19415"}],"curies":[{"name":"wp","href":"https:\/\/api.w.org\/{rel}","templated":true}]}}