{"id":19398,"date":"2016-05-16T09:00:10","date_gmt":"2016-05-16T07:00:10","guid":{"rendered":"https:\/\/www.gold.fr\/news\/?p=19398"},"modified":"2018-03-29T15:15:18","modified_gmt":"2018-03-29T13:15:18","slug":"or-les-etf-a-un-sommet-trimestriel-et-la-demande-en-hausse","status":"publish","type":"post","link":"https:\/\/www.gold.fr\/news\/2016\/05\/16\/or-les-etf-a-un-sommet-trimestriel-et-la-demande-en-hausse\/","title":{"rendered":"Or : Les ETF \u00e0 un sommet trimestriel et la demande en hausse"},"content":{"rendered":"<p><span style=\"font-size: small;\"><img loading=\"lazy\" decoding=\"async\" class=\"alignleft wp-image-16351 size-thumbnail\" title=\"Or : Les ETF \u00e0 un sommet trimestriel et la demande en hausse\" src=\"https:\/\/www.gold.fr\/news\/wp-content\/uploads\/2014\/12\/229063530-jpg-150x150.jpg\" alt=\"Or : Les ETF \u00e0 un sommet trimestriel et la demande en hausse\" width=\"150\" height=\"150\" \/>La semaine se termine, pour le march\u00e9 aurif\u00e8re, sur une note positive, en d\u00e9pit d&rsquo;une \u00e9volution marqu\u00e9e essentiellement par la r\u00e9sistance aux pressions baissi\u00e8res, depuis la s\u00e9ance de mercredi. Stabilis\u00e9e au bord du palier des <strong>1 280 <a class=\"esk-seo-plu-link\" href=\"https:\/\/www.gold.fr\/news\/tags\/investissement\">dollars<\/a><\/strong>, <a title=\"Prix de l'Once d'or\" href=\"https:\/\/www.gold.fr\/once-or-nyc\/\" target=\"_blank\" rel=\"noopener\">l\u2019once<\/a> b\u00e9n\u00e9ficie aujourd&rsquo;hui d&rsquo;un facteur haussier important ; le march\u00e9 des <strong>ETF<\/strong> aurif\u00e8res <em>(ou encore Exchange Traded Funds)<\/em> qui repr\u00e9sentent des parts de fonds boursiers \u00e9chang\u00e9es r\u00e9pondant \u00e0 la valeur d&rsquo;un stock d&rsquo;<a class=\"esk-seo-plu-link\" href=\"https:\/\/www.gold.fr\/news\/tags\/or\">or<\/a>.<\/span><\/p>\n<p><span style=\"font-size: small;\">Un r\u00e9cent bilan, publi\u00e9 par le <strong>SPDR<\/strong> Gold Shares am\u00e9ricain, r\u00e9v\u00e8le en effet que ce secteur b\u00e9n\u00e9ficie encore d&rsquo;un solide app\u00e9tit d&rsquo;<a class=\"esk-seo-plu-link\" href=\"https:\/\/www.gold.fr\/news\/tags\/investissement\">investissement<\/a>. Selon le bilan en question, l&rsquo;encours du premier des <strong>ETF<\/strong> aurif\u00e8res au monde a en effet progress\u00e9 de <strong>2,7 tonnes<\/strong>, se situant actuellement <strong>\u00e0 841,9 tonnes<\/strong>. <\/span><\/p>\n<p><span style=\"font-size: small;\">Par ailleurs, et d&rsquo;apr\u00e8s le Conseil mondial de l&rsquo;<a class=\"esk-seo-plu-link\" href=\"https:\/\/www.gold.fr\/news\/tags\/or\">or<\/a>, la demande mondiale d&rsquo;<a class=\"esk-seo-plu-link\" href=\"https:\/\/www.gold.fr\/news\/tags\/or\">or<\/a>, a enregistr\u00e9, durant le premier trimestre 2016, une hausse de l&rsquo;ordre de <strong>21%<\/strong>, \u00e0 <strong>1.289,8 tonnes<\/strong>, \u00ab <em>ce qui constitue un record pour le premier quart de l&rsquo;ann\u00e9e<\/em> \u00bb. Le rapport du <strong>CMO<\/strong> pr\u00e9cise \u00e9galement que cette progression \u00ab <em>a \u00e9t\u00e9 tir\u00e9e par la demande \u00e0 des fins d&rsquo;<a class=\"esk-seo-plu-link\" href=\"https:\/\/www.gold.fr\/news\/tags\/investissement\">investissement<\/a> (+ 122% \u00e0 617,6 tonnes), alors que celle destin\u00e9e \u00e0 la bijouterie (- 19% \u00e0 481,9 tonnes) a \u00e9t\u00e9 frein\u00e9e par la hausse des prix<\/em> \u00bb. <\/span><\/p>\n<p><span style=\"font-size: small;\">Dans le d\u00e9tail, notons que la demande physique <em>(pi\u00e8ces et lingots)<\/em> n&rsquo;a augment\u00e9 que de <strong>1%<\/strong>, alors que la demande des <strong>ETF<\/strong> aurif\u00e8res a marqu\u00e9 une flamb\u00e9e de <strong>363,7 tonnes<\/strong> <em>(contre 25,6 tonnes, l&rsquo;ann\u00e9e derni\u00e8re)<\/em>.<\/span> <span style=\"font-size: small;\">Par ailleurs, la plan\u00e8te boursi\u00e8re cl\u00f4ture sa semaine sur une performance confuse et injustifi\u00e9e. Les principales places boursi\u00e8res \u2013qu&rsquo;elles soient am\u00e9ricaines ou europ\u00e9ennes- affichent effectivement une \u00e9volution baissi\u00e8re, \u00e0 l&rsquo;heure m\u00eame o\u00f9 la <a class=\"esk-seo-plu-link\" href=\"https:\/\/www.gold.fr\/news\/tags\/investissement\">tendance<\/a> conjoncturelle penche plut\u00f4t vers une progression positive. <\/span><\/p>\n<p><span style=\"font-size: small;\">Les analystes de <strong>Trustnet Direct<\/strong> soulignent \u00e0 ce propos que \u00ab <em>le pessimisme ambiant parait inhabituel dans la mesure o\u00f9 il s&rsquo;accompagne d&rsquo;une trajectoire haussi\u00e8re des <a title=\"Prix de l'Or\" href=\"https:\/\/www.gold.fr\/cours-or-prix-de-l-or\/\" target=\"_blank\" rel=\"noopener\">cours<\/a> du p\u00e9trole, sur fond de production perturb\u00e9e au Nig\u00e9ria et de d\u00e9gonflement plus fort que pr\u00e9vu des stocks am\u00e9ricains<\/em> \u00bb. <\/span><\/p>\n<p><span style=\"font-size: small;\">D&rsquo;ailleurs, les donn\u00e9es macro\u00e9conomiques de cette fin de semaine semblent \u00e9galement avoir tr\u00e8s peu d&rsquo;incidence sur la performance des march\u00e9s boursiers, puisque ni le rapport relatif aux inscriptions aux allocations ch\u00f4mage US, ni celui portant sur les prix \u00e0 l&rsquo;importation en avril <em>(tous deux r\u00e9v\u00e9lant une hausse inattendue)<\/em> n&rsquo;ont r\u00e9ussi \u00e0 affecter les bourses, dans un sens ou dans l&rsquo;autre.<\/span><\/p>\n<p><span style=\"font-size: small;\">Pour l&rsquo;heure, le consensus expert affirme toujours que les march\u00e9s d&rsquo;<a class=\"esk-seo-plu-link\" href=\"https:\/\/www.gold.fr\/news\/tags\/investissement\">investissement<\/a> guettent actuellement deux catalyseurs majeurs, \u00e0 court terme ; la r\u00e9union du <strong>FOMC<\/strong> <em>(\u00e0 la mi-juin)<\/em> et le r\u00e9f\u00e9rendum britannique hautement anticip\u00e9 <em>(pr\u00e9vu pour le 23 juin)<\/em>.<\/span><\/p>\n<!-- AddThis Advanced Settings generic via filter on the_content --><!-- AddThis Share Buttons generic via filter on the_content -->","protected":false},"excerpt":{"rendered":"<p>La semaine se termine, pour le march\u00e9 aurif\u00e8re, sur une note positive, en d\u00e9pit d&rsquo;une \u00e9volution marqu\u00e9e essentiellement par la r\u00e9sistance aux pressions baissi\u00e8res, depuis la s\u00e9ance de mercredi. Stabilis\u00e9e au bord du palier des 1 [&hellip;]<\/p>\n","protected":false},"author":18,"featured_media":16351,"comment_status":"open","ping_status":"open","sticky":false,"template":"","format":"standard","meta":{"_mbp_gutenberg_autopost":false,"_pgmb_is_evergreen":false,"_pgmb_ap_template_id":0,"footnotes":""},"categories":[6],"tags":[2243,2125,1200,1219,1034,2250,682,1060,2251,76,352,2252,2170],"ppma_author":[2565],"class_list":["post-19398","post","type-post","status-publish","format-standard","has-post-thumbnail","hentry","category-articles-de-presse","tag-bourses-americaines","tag-bourses-europeennes","tag-chomage-us","tag-cmo","tag-fomc","tag-gold-shares-americain","tag-les-etfs","tag-marches-boursiers","tag-nigeria","tag-or","tag-petrole","tag-referendum-britannique","tag-trustnet-direct"],"yoast_head":"<!-- This site is optimized with the Yoast SEO plugin v27.5 - https:\/\/yoast.com\/product\/yoast-seo-wordpress\/ -->\n<title>Or : Les ETF \u00e0 un sommet trimestriel et la demande en hausse - Gold.fr<\/title>\n<meta name=\"robots\" content=\"index, follow, max-snippet:-1, max-image-preview:large, max-video-preview:-1\" \/>\n<link rel=\"canonical\" href=\"https:\/\/www.gold.fr\/news\/2016\/05\/16\/or-les-etf-a-un-sommet-trimestriel-et-la-demande-en-hausse\/\" \/>\n<meta property=\"og:locale\" content=\"fr_FR\" \/>\n<meta property=\"og:type\" content=\"article\" \/>\n<meta property=\"og:title\" content=\"Or : Les ETF \u00e0 un sommet trimestriel et la demande en hausse - Gold.fr\" \/>\n<meta property=\"og:description\" content=\"La semaine se termine, pour le march\u00e9 aurif\u00e8re, sur une note positive, en d\u00e9pit d&rsquo;une \u00e9volution marqu\u00e9e essentiellement par la r\u00e9sistance aux pressions baissi\u00e8res, depuis la s\u00e9ance de mercredi. Stabilis\u00e9e au bord du palier des 1 [&hellip;]\" \/>\n<meta property=\"og:url\" content=\"https:\/\/www.gold.fr\/news\/2016\/05\/16\/or-les-etf-a-un-sommet-trimestriel-et-la-demande-en-hausse\/\" \/>\n<meta property=\"og:site_name\" content=\"Gold.fr\" \/>\n<meta property=\"article:publisher\" content=\"https:\/\/www.facebook.com\/Goldfr\/\" \/>\n<meta property=\"article:published_time\" content=\"2016-05-16T07:00:10+00:00\" \/>\n<meta property=\"article:modified_time\" content=\"2018-03-29T13:15:18+00:00\" \/>\n<meta property=\"og:image\" content=\"https:\/\/www.gold.fr\/news\/wp-content\/uploads\/2014\/12\/229063530-jpg.jpg\" \/>\n\t<meta property=\"og:image:width\" content=\"640\" \/>\n\t<meta property=\"og:image:height\" content=\"371\" \/>\n\t<meta property=\"og:image:type\" content=\"image\/jpeg\" \/>\n<meta name=\"author\" content=\"Comptoir National de l&#039;Or\" \/>\n<meta name=\"twitter:card\" content=\"summary_large_image\" \/>\n<meta name=\"twitter:label1\" content=\"\u00c9crit par\" \/>\n\t<meta name=\"twitter:data1\" content=\"Comptoir National de l&#039;Or\" \/>\n\t<meta name=\"twitter:label2\" content=\"Dur\u00e9e de lecture estim\u00e9e\" \/>\n\t<meta name=\"twitter:data2\" content=\"2 minutes\" \/>\n<script type=\"application\/ld+json\" class=\"yoast-schema-graph\">{\"@context\":\"https:\\\/\\\/schema.org\",\"@graph\":[{\"@type\":\"Article\",\"@id\":\"https:\\\/\\\/www.gold.fr\\\/news\\\/2016\\\/05\\\/16\\\/or-les-etf-a-un-sommet-trimestriel-et-la-demande-en-hausse\\\/#article\",\"isPartOf\":{\"@id\":\"https:\\\/\\\/www.gold.fr\\\/news\\\/2016\\\/05\\\/16\\\/or-les-etf-a-un-sommet-trimestriel-et-la-demande-en-hausse\\\/\"},\"author\":{\"name\":\"Comptoir National de l'Or\",\"@id\":\"https:\\\/\\\/www.gold.fr\\\/news\\\/#\\\/schema\\\/person\\\/070491b4b4fb7671bf59b3be20302ce9\"},\"headline\":\"Or : Les ETF \u00e0 un sommet trimestriel et la demande en hausse\",\"datePublished\":\"2016-05-16T07:00:10+00:00\",\"dateModified\":\"2018-03-29T13:15:18+00:00\",\"mainEntityOfPage\":{\"@id\":\"https:\\\/\\\/www.gold.fr\\\/news\\\/2016\\\/05\\\/16\\\/or-les-etf-a-un-sommet-trimestriel-et-la-demande-en-hausse\\\/\"},\"wordCount\":493,\"commentCount\":0,\"image\":{\"@id\":\"https:\\\/\\\/www.gold.fr\\\/news\\\/2016\\\/05\\\/16\\\/or-les-etf-a-un-sommet-trimestriel-et-la-demande-en-hausse\\\/#primaryimage\"},\"thumbnailUrl\":\"https:\\\/\\\/www.gold.fr\\\/news\\\/wp-content\\\/uploads\\\/2014\\\/12\\\/229063530-jpg.jpg\",\"keywords\":[\"bourses am\u00e9ricaines\",\"bourses europ\u00e9ennes\",\"chomage US\",\"CMO\",\"FOMC\",\"Gold Shares am\u00e9ricain\",\"Les ETFs\",\"march\u00e9s boursiers\",\"Nig\u00e9ria\",\"Or\",\"p\u00e9trole\",\"r\u00e9f\u00e9rendum britannique\",\"Trustnet Direct\"],\"articleSection\":[\"Articles de presse\"],\"inLanguage\":\"fr-FR\"},{\"@type\":\"WebPage\",\"@id\":\"https:\\\/\\\/www.gold.fr\\\/news\\\/2016\\\/05\\\/16\\\/or-les-etf-a-un-sommet-trimestriel-et-la-demande-en-hausse\\\/\",\"url\":\"https:\\\/\\\/www.gold.fr\\\/news\\\/2016\\\/05\\\/16\\\/or-les-etf-a-un-sommet-trimestriel-et-la-demande-en-hausse\\\/\",\"name\":\"Or : Les ETF \u00e0 un sommet trimestriel et la demande en hausse - Gold.fr\",\"isPartOf\":{\"@id\":\"https:\\\/\\\/www.gold.fr\\\/news\\\/#website\"},\"primaryImageOfPage\":{\"@id\":\"https:\\\/\\\/www.gold.fr\\\/news\\\/2016\\\/05\\\/16\\\/or-les-etf-a-un-sommet-trimestriel-et-la-demande-en-hausse\\\/#primaryimage\"},\"image\":{\"@id\":\"https:\\\/\\\/www.gold.fr\\\/news\\\/2016\\\/05\\\/16\\\/or-les-etf-a-un-sommet-trimestriel-et-la-demande-en-hausse\\\/#primaryimage\"},\"thumbnailUrl\":\"https:\\\/\\\/www.gold.fr\\\/news\\\/wp-content\\\/uploads\\\/2014\\\/12\\\/229063530-jpg.jpg\",\"datePublished\":\"2016-05-16T07:00:10+00:00\",\"dateModified\":\"2018-03-29T13:15:18+00:00\",\"author\":{\"@id\":\"https:\\\/\\\/www.gold.fr\\\/news\\\/#\\\/schema\\\/person\\\/070491b4b4fb7671bf59b3be20302ce9\"},\"breadcrumb\":{\"@id\":\"https:\\\/\\\/www.gold.fr\\\/news\\\/2016\\\/05\\\/16\\\/or-les-etf-a-un-sommet-trimestriel-et-la-demande-en-hausse\\\/#breadcrumb\"},\"inLanguage\":\"fr-FR\",\"potentialAction\":[{\"@type\":\"ReadAction\",\"target\":[\"https:\\\/\\\/www.gold.fr\\\/news\\\/2016\\\/05\\\/16\\\/or-les-etf-a-un-sommet-trimestriel-et-la-demande-en-hausse\\\/\"]}]},{\"@type\":\"ImageObject\",\"inLanguage\":\"fr-FR\",\"@id\":\"https:\\\/\\\/www.gold.fr\\\/news\\\/2016\\\/05\\\/16\\\/or-les-etf-a-un-sommet-trimestriel-et-la-demande-en-hausse\\\/#primaryimage\",\"url\":\"https:\\\/\\\/www.gold.fr\\\/news\\\/wp-content\\\/uploads\\\/2014\\\/12\\\/229063530-jpg.jpg\",\"contentUrl\":\"https:\\\/\\\/www.gold.fr\\\/news\\\/wp-content\\\/uploads\\\/2014\\\/12\\\/229063530-jpg.jpg\",\"width\":\"640\",\"height\":\"371\",\"caption\":\"Or : les pr\u00e9mices d\u2019une progression\"},{\"@type\":\"BreadcrumbList\",\"@id\":\"https:\\\/\\\/www.gold.fr\\\/news\\\/2016\\\/05\\\/16\\\/or-les-etf-a-un-sommet-trimestriel-et-la-demande-en-hausse\\\/#breadcrumb\",\"itemListElement\":[{\"@type\":\"ListItem\",\"position\":1,\"name\":\"Accueil\",\"item\":\"https:\\\/\\\/www.gold.fr\\\/\"},{\"@type\":\"ListItem\",\"position\":2,\"name\":\"Actualit\u00e9s\",\"item\":\"https:\\\/\\\/www.gold.fr\\\/news\\\/\"},{\"@type\":\"ListItem\",\"position\":3,\"name\":\"Or : Les ETF \u00e0 un sommet trimestriel et la demande en hausse\"}]},{\"@type\":\"WebSite\",\"@id\":\"https:\\\/\\\/www.gold.fr\\\/news\\\/#website\",\"url\":\"https:\\\/\\\/www.gold.fr\\\/news\\\/\",\"name\":\"Gold.fr\",\"description\":\"Actualit\u00e9s de l&#039;Or et des m\u00e9taux pr\u00e9cieux\",\"potentialAction\":[{\"@type\":\"SearchAction\",\"target\":{\"@type\":\"EntryPoint\",\"urlTemplate\":\"https:\\\/\\\/www.gold.fr\\\/news\\\/?s={search_term_string}\"},\"query-input\":{\"@type\":\"PropertyValueSpecification\",\"valueRequired\":true,\"valueName\":\"search_term_string\"}}],\"inLanguage\":\"fr-FR\"},{\"@type\":\"Person\",\"@id\":\"https:\\\/\\\/www.gold.fr\\\/news\\\/#\\\/schema\\\/person\\\/070491b4b4fb7671bf59b3be20302ce9\",\"name\":\"Comptoir National de l'Or\",\"image\":{\"@type\":\"ImageObject\",\"inLanguage\":\"fr-FR\",\"@id\":\"https:\\\/\\\/secure.gravatar.com\\\/avatar\\\/0a2867fd5abe37bed95d5a65e9d58f01756e11efc68af9888dfc50cfa7f65948?s=96&d=mm&r=gb490554db0a38188709de567aa58480d\",\"url\":\"https:\\\/\\\/secure.gravatar.com\\\/avatar\\\/0a2867fd5abe37bed95d5a65e9d58f01756e11efc68af9888dfc50cfa7f65948?s=96&d=mm&r=g\",\"contentUrl\":\"https:\\\/\\\/secure.gravatar.com\\\/avatar\\\/0a2867fd5abe37bed95d5a65e9d58f01756e11efc68af9888dfc50cfa7f65948?s=96&d=mm&r=g\",\"caption\":\"Comptoir National de l'Or\"},\"description\":\"Notre r\u00e9daction est constitu\u00e9e de membres experts dans les m\u00e9tiers de l'\u00e9conomie et la gestion, des Responsables d'agence Comptoir National de l'Or, des analystes financiers qui publient r\u00e9guli\u00e8rement des \u00e9tudes sur les politiques des banques centrales, le cours de l'or, prix de l'or, cours de l'argent, prix de l'argent, cours du platine, cours du palladium,... la situation en zone euro et l'impact de la strat\u00e9gie mon\u00e9taire de la FED. Notre \u00e9quipe scrute \u00e9galement une information plus g\u00e9n\u00e9raliste \u00e0 la recherche d'actualit\u00e9 \\\"p\u00e9pite\\\" \u00e0 vous partager. Depuis 5 ans, nous avons publi\u00e9 un peu plus de 4000 articles qui s'adressent \u00e0 un public large et vari\u00e9 ayant pour objectif de satisfaire votre curiosit\u00e9 et de partager avec vous une certaine fascination pour le m\u00e9tal jaune, le rachat d'or, et pour ceux qui veulent investir dans l'or, vendre leur or tout simplement en savoir plus... Pour tous vos achat or et argent, n'h\u00e9sitez pas \u00e0 prendre rendez-vous dans l'un de nos nombreux comptoirs.\",\"sameAs\":[\"https:\\\/\\\/www.gold.fr\"]}]}<\/script>\n<!-- \/ Yoast SEO plugin. -->","yoast_head_json":{"title":"Or : Les ETF \u00e0 un sommet trimestriel et la demande en hausse - Gold.fr","robots":{"index":"index","follow":"follow","max-snippet":"max-snippet:-1","max-image-preview":"max-image-preview:large","max-video-preview":"max-video-preview:-1"},"canonical":"https:\/\/www.gold.fr\/news\/2016\/05\/16\/or-les-etf-a-un-sommet-trimestriel-et-la-demande-en-hausse\/","og_locale":"fr_FR","og_type":"article","og_title":"Or : Les ETF \u00e0 un sommet trimestriel et la demande en hausse - Gold.fr","og_description":"La semaine se termine, pour le march\u00e9 aurif\u00e8re, sur une note positive, en d\u00e9pit d&rsquo;une \u00e9volution marqu\u00e9e essentiellement par la r\u00e9sistance aux pressions baissi\u00e8res, depuis la s\u00e9ance de mercredi. Stabilis\u00e9e au bord du palier des 1 [&hellip;]","og_url":"https:\/\/www.gold.fr\/news\/2016\/05\/16\/or-les-etf-a-un-sommet-trimestriel-et-la-demande-en-hausse\/","og_site_name":"Gold.fr","article_publisher":"https:\/\/www.facebook.com\/Goldfr\/","article_published_time":"2016-05-16T07:00:10+00:00","article_modified_time":"2018-03-29T13:15:18+00:00","og_image":[{"width":640,"height":371,"url":"https:\/\/www.gold.fr\/news\/wp-content\/uploads\/2014\/12\/229063530-jpg.jpg","type":"image\/jpeg"}],"author":"Comptoir National de l'Or","twitter_card":"summary_large_image","twitter_misc":{"\u00c9crit par":"Comptoir National de l'Or","Dur\u00e9e de lecture estim\u00e9e":"2 minutes"},"schema":{"@context":"https:\/\/schema.org","@graph":[{"@type":"Article","@id":"https:\/\/www.gold.fr\/news\/2016\/05\/16\/or-les-etf-a-un-sommet-trimestriel-et-la-demande-en-hausse\/#article","isPartOf":{"@id":"https:\/\/www.gold.fr\/news\/2016\/05\/16\/or-les-etf-a-un-sommet-trimestriel-et-la-demande-en-hausse\/"},"author":{"name":"Comptoir National de l'Or","@id":"https:\/\/www.gold.fr\/news\/#\/schema\/person\/070491b4b4fb7671bf59b3be20302ce9"},"headline":"Or : Les ETF \u00e0 un sommet trimestriel et la demande en hausse","datePublished":"2016-05-16T07:00:10+00:00","dateModified":"2018-03-29T13:15:18+00:00","mainEntityOfPage":{"@id":"https:\/\/www.gold.fr\/news\/2016\/05\/16\/or-les-etf-a-un-sommet-trimestriel-et-la-demande-en-hausse\/"},"wordCount":493,"commentCount":0,"image":{"@id":"https:\/\/www.gold.fr\/news\/2016\/05\/16\/or-les-etf-a-un-sommet-trimestriel-et-la-demande-en-hausse\/#primaryimage"},"thumbnailUrl":"https:\/\/www.gold.fr\/news\/wp-content\/uploads\/2014\/12\/229063530-jpg.jpg","keywords":["bourses am\u00e9ricaines","bourses europ\u00e9ennes","chomage US","CMO","FOMC","Gold Shares am\u00e9ricain","Les ETFs","march\u00e9s boursiers","Nig\u00e9ria","Or","p\u00e9trole","r\u00e9f\u00e9rendum britannique","Trustnet Direct"],"articleSection":["Articles de presse"],"inLanguage":"fr-FR"},{"@type":"WebPage","@id":"https:\/\/www.gold.fr\/news\/2016\/05\/16\/or-les-etf-a-un-sommet-trimestriel-et-la-demande-en-hausse\/","url":"https:\/\/www.gold.fr\/news\/2016\/05\/16\/or-les-etf-a-un-sommet-trimestriel-et-la-demande-en-hausse\/","name":"Or : Les ETF \u00e0 un sommet trimestriel et la demande en hausse - Gold.fr","isPartOf":{"@id":"https:\/\/www.gold.fr\/news\/#website"},"primaryImageOfPage":{"@id":"https:\/\/www.gold.fr\/news\/2016\/05\/16\/or-les-etf-a-un-sommet-trimestriel-et-la-demande-en-hausse\/#primaryimage"},"image":{"@id":"https:\/\/www.gold.fr\/news\/2016\/05\/16\/or-les-etf-a-un-sommet-trimestriel-et-la-demande-en-hausse\/#primaryimage"},"thumbnailUrl":"https:\/\/www.gold.fr\/news\/wp-content\/uploads\/2014\/12\/229063530-jpg.jpg","datePublished":"2016-05-16T07:00:10+00:00","dateModified":"2018-03-29T13:15:18+00:00","author":{"@id":"https:\/\/www.gold.fr\/news\/#\/schema\/person\/070491b4b4fb7671bf59b3be20302ce9"},"breadcrumb":{"@id":"https:\/\/www.gold.fr\/news\/2016\/05\/16\/or-les-etf-a-un-sommet-trimestriel-et-la-demande-en-hausse\/#breadcrumb"},"inLanguage":"fr-FR","potentialAction":[{"@type":"ReadAction","target":["https:\/\/www.gold.fr\/news\/2016\/05\/16\/or-les-etf-a-un-sommet-trimestriel-et-la-demande-en-hausse\/"]}]},{"@type":"ImageObject","inLanguage":"fr-FR","@id":"https:\/\/www.gold.fr\/news\/2016\/05\/16\/or-les-etf-a-un-sommet-trimestriel-et-la-demande-en-hausse\/#primaryimage","url":"https:\/\/www.gold.fr\/news\/wp-content\/uploads\/2014\/12\/229063530-jpg.jpg","contentUrl":"https:\/\/www.gold.fr\/news\/wp-content\/uploads\/2014\/12\/229063530-jpg.jpg","width":"640","height":"371","caption":"Or : les pr\u00e9mices d\u2019une progression"},{"@type":"BreadcrumbList","@id":"https:\/\/www.gold.fr\/news\/2016\/05\/16\/or-les-etf-a-un-sommet-trimestriel-et-la-demande-en-hausse\/#breadcrumb","itemListElement":[{"@type":"ListItem","position":1,"name":"Accueil","item":"https:\/\/www.gold.fr\/"},{"@type":"ListItem","position":2,"name":"Actualit\u00e9s","item":"https:\/\/www.gold.fr\/news\/"},{"@type":"ListItem","position":3,"name":"Or : Les ETF \u00e0 un sommet trimestriel et la demande en hausse"}]},{"@type":"WebSite","@id":"https:\/\/www.gold.fr\/news\/#website","url":"https:\/\/www.gold.fr\/news\/","name":"Gold.fr","description":"Actualit\u00e9s de l&#039;Or et des m\u00e9taux pr\u00e9cieux","potentialAction":[{"@type":"SearchAction","target":{"@type":"EntryPoint","urlTemplate":"https:\/\/www.gold.fr\/news\/?s={search_term_string}"},"query-input":{"@type":"PropertyValueSpecification","valueRequired":true,"valueName":"search_term_string"}}],"inLanguage":"fr-FR"},{"@type":"Person","@id":"https:\/\/www.gold.fr\/news\/#\/schema\/person\/070491b4b4fb7671bf59b3be20302ce9","name":"Comptoir National de l'Or","image":{"@type":"ImageObject","inLanguage":"fr-FR","@id":"https:\/\/secure.gravatar.com\/avatar\/0a2867fd5abe37bed95d5a65e9d58f01756e11efc68af9888dfc50cfa7f65948?s=96&d=mm&r=gb490554db0a38188709de567aa58480d","url":"https:\/\/secure.gravatar.com\/avatar\/0a2867fd5abe37bed95d5a65e9d58f01756e11efc68af9888dfc50cfa7f65948?s=96&d=mm&r=g","contentUrl":"https:\/\/secure.gravatar.com\/avatar\/0a2867fd5abe37bed95d5a65e9d58f01756e11efc68af9888dfc50cfa7f65948?s=96&d=mm&r=g","caption":"Comptoir National de l'Or"},"description":"Notre r\u00e9daction est constitu\u00e9e de membres experts dans les m\u00e9tiers de l'\u00e9conomie et la gestion, des Responsables d'agence Comptoir National de l'Or, des analystes financiers qui publient r\u00e9guli\u00e8rement des \u00e9tudes sur les politiques des banques centrales, le cours de l'or, prix de l'or, cours de l'argent, prix de l'argent, cours du platine, cours du palladium,... la situation en zone euro et l'impact de la strat\u00e9gie mon\u00e9taire de la FED. Notre \u00e9quipe scrute \u00e9galement une information plus g\u00e9n\u00e9raliste \u00e0 la recherche d'actualit\u00e9 \"p\u00e9pite\" \u00e0 vous partager. Depuis 5 ans, nous avons publi\u00e9 un peu plus de 4000 articles qui s'adressent \u00e0 un public large et vari\u00e9 ayant pour objectif de satisfaire votre curiosit\u00e9 et de partager avec vous une certaine fascination pour le m\u00e9tal jaune, le rachat d'or, et pour ceux qui veulent investir dans l'or, vendre leur or tout simplement en savoir plus... Pour tous vos achat or et argent, n'h\u00e9sitez pas \u00e0 prendre rendez-vous dans l'un de nos nombreux comptoirs.","sameAs":["https:\/\/www.gold.fr"]}]}},"authors":[{"term_id":2565,"user_id":18,"is_guest":0,"slug":"julie","display_name":"Comptoir National de l'Or","avatar_url":"https:\/\/secure.gravatar.com\/avatar\/713f289e398d35ead876c4a4cc08607f0d6d266058cfc25683fffb6092d0e572?s=96&d=mm&r=g","0":null,"1":"","2":"","3":"","4":"","5":"","6":"","7":"","8":""}],"_links":{"self":[{"href":"https:\/\/www.gold.fr\/news\/wp-json\/wp\/v2\/posts\/19398","targetHints":{"allow":["GET"]}}],"collection":[{"href":"https:\/\/www.gold.fr\/news\/wp-json\/wp\/v2\/posts"}],"about":[{"href":"https:\/\/www.gold.fr\/news\/wp-json\/wp\/v2\/types\/post"}],"author":[{"embeddable":true,"href":"https:\/\/www.gold.fr\/news\/wp-json\/wp\/v2\/users\/18"}],"replies":[{"embeddable":true,"href":"https:\/\/www.gold.fr\/news\/wp-json\/wp\/v2\/comments?post=19398"}],"version-history":[{"count":0,"href":"https:\/\/www.gold.fr\/news\/wp-json\/wp\/v2\/posts\/19398\/revisions"}],"wp:featuredmedia":[{"embeddable":true,"href":"https:\/\/www.gold.fr\/news\/wp-json\/wp\/v2\/media\/16351"}],"wp:attachment":[{"href":"https:\/\/www.gold.fr\/news\/wp-json\/wp\/v2\/media?parent=19398"}],"wp:term":[{"taxonomy":"category","embeddable":true,"href":"https:\/\/www.gold.fr\/news\/wp-json\/wp\/v2\/categories?post=19398"},{"taxonomy":"post_tag","embeddable":true,"href":"https:\/\/www.gold.fr\/news\/wp-json\/wp\/v2\/tags?post=19398"},{"taxonomy":"author","embeddable":true,"href":"https:\/\/www.gold.fr\/news\/wp-json\/wp\/v2\/ppma_author?post=19398"}],"curies":[{"name":"wp","href":"https:\/\/api.w.org\/{rel}","templated":true}]}}