{"id":19377,"date":"2016-05-13T09:00:03","date_gmt":"2016-05-13T07:00:03","guid":{"rendered":"https:\/\/www.gold.fr\/news\/?p=19377"},"modified":"2018-03-29T15:09:20","modified_gmt":"2018-03-29T13:09:20","slug":"lor-echappe-a-la-morosite-generale","status":"publish","type":"post","link":"https:\/\/www.gold.fr\/news\/2016\/05\/13\/lor-echappe-a-la-morosite-generale\/","title":{"rendered":"L\u2019or \u00e9chappe \u00e0 la morosit\u00e9 g\u00e9n\u00e9rale"},"content":{"rendered":"<p><span style=\"font-size: small;\">Les march\u00e9s boursiers avaient pourtant d\u00e9but\u00e9 la semaine sur une note optimiste et s&rsquo;appr\u00eataient m\u00eame \u00e0 la terminer avec une performance dans un vert imperturbable. la vague de volatilit\u00e9 qui souffle, depuis le d\u00e9but de la semaine, sur la rive europ\u00e9enne, a toutefois fini par atteindre la rive am\u00e9ricaine, plombant l&rsquo;ensemble des places boursi\u00e8res.<\/span><\/p>\n<h2>L&rsquo;<a class=\"esk-seo-plu-link\" href=\"https:\/\/www.gold.fr\/news\/tags\/or\">or<\/a> tire son \u00e9pingle du jeu malgr\u00e9 un bilan morose<\/h2>\n<p><span style=\"font-size: small;\"> <img loading=\"lazy\" decoding=\"async\" class=\"alignleft wp-image-10142 size-thumbnail\" title=\"L\u2019or \u00e9chappe \u00e0 la morosit\u00e9 g\u00e9n\u00e9rale\" src=\"https:\/\/www.gold.fr\/news\/wp-content\/uploads\/2010\/07\/lingotins-or-150x150.jpg\" alt=\"L\u2019or \u00e9chappe \u00e0 la morosit\u00e9 g\u00e9n\u00e9rale\" width=\"150\" height=\"150\" \/>Le calendrier macro\u00e9conomique de la semaine particuli\u00e8rement l\u00e9ger aurait d\u00fb garantir le maintien d&rsquo;un \u00e9quilibre g\u00e9n\u00e9ralis\u00e9, sur fond de faibles volumes \u00e9chang\u00e9s, mais la r\u00e9cente rafale de r\u00e9sultats d&rsquo;entreprises <em>(parus la veille)<\/em> a finalement eu raison de la r\u00e9sistance des investisseurs. <\/span><\/p>\n<p><span style=\"font-size: small;\">Seul le march\u00e9 aurif\u00e8re a pu tirer son \u00e9pingle haussi\u00e8re du jeu, enregistrant, sur la s\u00e9ance de mercredi, un rebond de l&rsquo;ordre de <strong>1%<\/strong>, se stabilisant, en fin de s\u00e9ance, au bord des <strong>1 280 dollars<\/strong> <a title=\"Prix de l'Once d'or\" href=\"https:\/\/www.gold.fr\/once-or-nyc\/\" target=\"_blank\" rel=\"noopener\">l\u2019once<\/a>. Parall\u00e8lement, le march\u00e9 des devises s&rsquo;inscrit dans la lign\u00e9e de la morosit\u00e9 dominante, avec un dollar qui c\u00e8de du terrain, face \u00e0 la monnaie unique <em>(dollar \u00e0 -0,5%)<\/em>.<\/span><\/p>\n<p><span style=\"font-size: small;\">Par ailleurs, du c\u00f4t\u00e9 europ\u00e9en de <strong>l&rsquo;Atlantique<\/strong>, les performances des diff\u00e9rentes places boursi\u00e8res ne font pas exception \u00e0 l&rsquo;ambiance g\u00e9n\u00e9rale ; <strong>Francfort<\/strong> \u00e0 <strong>-0,7%<\/strong>, <strong>Madrid<\/strong> \u00e0 <strong>-1,5%<\/strong> et <strong>Milan<\/strong> \u00e0 <strong>-1,7%<\/strong>. Un trader londonien notait hier que, en d\u00e9pit d&rsquo;une longue s\u00e9rie de r\u00e9sultats trimestriels \u00ab <em>(\u2026) cela n&rsquo;a pas \u00e9t\u00e9 suffisant pour insuffler une v\u00e9ritable inspiration aux march\u00e9s<\/em> \u00bb. <\/span><\/p>\n<p><span style=\"font-size: small;\">Chez<strong> Barclays Bourse<\/strong>, le constat est tout aussi morose, puisque le cabinet souligne que \u00ab <em>depuis deux jours, la tentative de rebond sur les march\u00e9s europ\u00e9ens fait \u00ab\u00a0pschitt\u00a0\u00bb en milieu de journ\u00e9e <\/em>\u00bb, rappelant que, bien que les catalyseurs ne soient pas assez solides \u00ab<em> pour justifier une forte hausse des indices, le contraire est vrai aussi<\/em> \u00bb.<\/span><\/p>\n<p><span style=\"font-size: small;\">Et il ne faut pas oublier le facteur baissier central que repr\u00e9sente aussi le r\u00e9f\u00e9rendum britannique. Le vote national n&rsquo;est pourtant pr\u00e9vu que pour le 23 juin, mais sa perspective seule suffit \u00e0 plomber le moral des investisseurs europ\u00e9ens, les poussant \u00e0 adopter une attitude prudente.<\/span><\/p>\n<p><span style=\"font-size: small;\"> Dans ce contexte de tension, et en l&rsquo;absence de catalyseurs solides, les op\u00e9rateurs se tournent naturellement vers la seule actualit\u00e9 \u00e9conomique notable ; les r\u00e9sultats d&rsquo;entreprises. De ce c\u00f4t\u00e9-l\u00e0 aussi, le constat est peu encourageant. Une s\u00e9rie de r\u00e9sultats des secteurs des biotechs, pharmaceutiques et de la distribution a fini de renforcer les march\u00e9s dans leur position repli\u00e9e et m\u00e9fiante, surtout au niveau de <strong>Wall Street<\/strong> et ses compatriotes.<\/span><\/p>\n<p><span style=\"font-size: small;\">Et pour compl\u00e9ter ce bilan maussade, les observateurs rapportaient, la veille, que \u00ab <em>les stocks hebdomadaires de p\u00e9trole am\u00e9ricain (\u2026) ont fondu de -3,4Mns barils selon l&rsquo;AIE<\/em> \u00bb, commentant toutefois qu&rsquo;il s&rsquo;agit d&rsquo;une cons\u00e9quence m\u00e9canique \u00ab <em>de la chute des exportations de p\u00e9trole \u00ab\u00a0lourd\u00a0\u00bb de l&rsquo;Alberta depuis une semaine qui met les raffineries du nord des Etats Unis partiellement au ch\u00f4mage technique et permet d&rsquo;\u00e9couler un partie des stocks de \u00ab\u00a0brut\u00a0\u00bb<\/em> \u00bb.<\/span><\/p>\n<!-- AddThis Advanced Settings generic via filter on the_content --><!-- AddThis Share Buttons generic via filter on the_content -->","protected":false},"excerpt":{"rendered":"<p>Les march\u00e9s boursiers avaient pourtant d\u00e9but\u00e9 la semaine sur une note optimiste et s&rsquo;appr\u00eataient m\u00eame \u00e0 la terminer avec une performance dans un vert imperturbable. la vague de volatilit\u00e9 qui souffle, depuis le d\u00e9but de la [&hellip;]<\/p>\n","protected":false},"author":18,"featured_media":10142,"comment_status":"open","ping_status":"open","sticky":false,"template":"","format":"standard","meta":{"_mbp_gutenberg_autopost":false,"_pgmb_is_evergreen":false,"_pgmb_ap_template_id":0,"footnotes":""},"categories":[6],"tags":[2249,2190,2164,2239,443,2246,2247,1649,2248,76,352,534],"ppma_author":[2565],"class_list":["post-19377","post","type-post","status-publish","format-standard","has-post-thumbnail","hentry","category-articles-de-presse","tag-aie","tag-atlantique","tag-barclays-bourse","tag-calendrier-macroeconomique","tag-etats-unis","tag-francfort","tag-madrid","tag-marches","tag-milan","tag-or","tag-petrole","tag-wall-street"],"yoast_head":"<!-- This site is optimized with the Yoast SEO plugin v27.5 - https:\/\/yoast.com\/product\/yoast-seo-wordpress\/ -->\n<title>L\u2019or \u00e9chappe \u00e0 la morosit\u00e9 g\u00e9n\u00e9rale - Gold.fr<\/title>\n<meta name=\"robots\" content=\"index, follow, max-snippet:-1, max-image-preview:large, max-video-preview:-1\" \/>\n<link rel=\"canonical\" href=\"https:\/\/www.gold.fr\/news\/2016\/05\/13\/lor-echappe-a-la-morosite-generale\/\" \/>\n<meta property=\"og:locale\" content=\"fr_FR\" \/>\n<meta property=\"og:type\" content=\"article\" \/>\n<meta property=\"og:title\" content=\"L\u2019or \u00e9chappe \u00e0 la morosit\u00e9 g\u00e9n\u00e9rale - Gold.fr\" \/>\n<meta property=\"og:description\" content=\"Les march\u00e9s boursiers avaient pourtant d\u00e9but\u00e9 la semaine sur une note optimiste et s&rsquo;appr\u00eataient m\u00eame \u00e0 la terminer avec une performance dans un vert imperturbable. la vague de volatilit\u00e9 qui souffle, depuis le d\u00e9but de la [&hellip;]\" \/>\n<meta property=\"og:url\" content=\"https:\/\/www.gold.fr\/news\/2016\/05\/13\/lor-echappe-a-la-morosite-generale\/\" \/>\n<meta property=\"og:site_name\" content=\"Gold.fr\" \/>\n<meta property=\"article:publisher\" content=\"https:\/\/www.facebook.com\/Goldfr\/\" \/>\n<meta property=\"article:published_time\" content=\"2016-05-13T07:00:03+00:00\" \/>\n<meta property=\"article:modified_time\" content=\"2018-03-29T13:09:20+00:00\" \/>\n<meta property=\"og:image\" content=\"https:\/\/www.gold.fr\/news\/wp-content\/uploads\/2010\/07\/lingotins-or.jpg\" \/>\n\t<meta property=\"og:image:width\" content=\"600\" \/>\n\t<meta property=\"og:image:height\" content=\"450\" \/>\n\t<meta property=\"og:image:type\" content=\"image\/jpeg\" \/>\n<meta name=\"author\" content=\"Comptoir National de l&#039;Or\" \/>\n<meta name=\"twitter:card\" content=\"summary_large_image\" \/>\n<meta name=\"twitter:label1\" content=\"\u00c9crit par\" \/>\n\t<meta name=\"twitter:data1\" content=\"Comptoir National de l&#039;Or\" \/>\n\t<meta name=\"twitter:label2\" content=\"Dur\u00e9e de lecture estim\u00e9e\" \/>\n\t<meta name=\"twitter:data2\" content=\"3 minutes\" \/>\n<script type=\"application\/ld+json\" class=\"yoast-schema-graph\">{\"@context\":\"https:\\\/\\\/schema.org\",\"@graph\":[{\"@type\":\"Article\",\"@id\":\"https:\\\/\\\/www.gold.fr\\\/news\\\/2016\\\/05\\\/13\\\/lor-echappe-a-la-morosite-generale\\\/#article\",\"isPartOf\":{\"@id\":\"https:\\\/\\\/www.gold.fr\\\/news\\\/2016\\\/05\\\/13\\\/lor-echappe-a-la-morosite-generale\\\/\"},\"author\":{\"name\":\"Comptoir National de l'Or\",\"@id\":\"https:\\\/\\\/www.gold.fr\\\/news\\\/#\\\/schema\\\/person\\\/070491b4b4fb7671bf59b3be20302ce9\"},\"headline\":\"L\u2019or \u00e9chappe \u00e0 la morosit\u00e9 g\u00e9n\u00e9rale\",\"datePublished\":\"2016-05-13T07:00:03+00:00\",\"dateModified\":\"2018-03-29T13:09:20+00:00\",\"mainEntityOfPage\":{\"@id\":\"https:\\\/\\\/www.gold.fr\\\/news\\\/2016\\\/05\\\/13\\\/lor-echappe-a-la-morosite-generale\\\/\"},\"wordCount\":537,\"commentCount\":0,\"image\":{\"@id\":\"https:\\\/\\\/www.gold.fr\\\/news\\\/2016\\\/05\\\/13\\\/lor-echappe-a-la-morosite-generale\\\/#primaryimage\"},\"thumbnailUrl\":\"https:\\\/\\\/www.gold.fr\\\/news\\\/wp-content\\\/uploads\\\/2010\\\/07\\\/lingotins-or.jpg\",\"keywords\":[\"AIE\",\"Atlantique\",\"Barclays Bourse\",\"calendrier macro\u00e9conomique\",\"etats-unis\",\"Francfort\",\"Madrid\",\"march\u00e9s\",\"Milan\",\"Or\",\"p\u00e9trole\",\"wall street\"],\"articleSection\":[\"Articles de presse\"],\"inLanguage\":\"fr-FR\"},{\"@type\":\"WebPage\",\"@id\":\"https:\\\/\\\/www.gold.fr\\\/news\\\/2016\\\/05\\\/13\\\/lor-echappe-a-la-morosite-generale\\\/\",\"url\":\"https:\\\/\\\/www.gold.fr\\\/news\\\/2016\\\/05\\\/13\\\/lor-echappe-a-la-morosite-generale\\\/\",\"name\":\"L\u2019or \u00e9chappe \u00e0 la morosit\u00e9 g\u00e9n\u00e9rale - Gold.fr\",\"isPartOf\":{\"@id\":\"https:\\\/\\\/www.gold.fr\\\/news\\\/#website\"},\"primaryImageOfPage\":{\"@id\":\"https:\\\/\\\/www.gold.fr\\\/news\\\/2016\\\/05\\\/13\\\/lor-echappe-a-la-morosite-generale\\\/#primaryimage\"},\"image\":{\"@id\":\"https:\\\/\\\/www.gold.fr\\\/news\\\/2016\\\/05\\\/13\\\/lor-echappe-a-la-morosite-generale\\\/#primaryimage\"},\"thumbnailUrl\":\"https:\\\/\\\/www.gold.fr\\\/news\\\/wp-content\\\/uploads\\\/2010\\\/07\\\/lingotins-or.jpg\",\"datePublished\":\"2016-05-13T07:00:03+00:00\",\"dateModified\":\"2018-03-29T13:09:20+00:00\",\"author\":{\"@id\":\"https:\\\/\\\/www.gold.fr\\\/news\\\/#\\\/schema\\\/person\\\/070491b4b4fb7671bf59b3be20302ce9\"},\"breadcrumb\":{\"@id\":\"https:\\\/\\\/www.gold.fr\\\/news\\\/2016\\\/05\\\/13\\\/lor-echappe-a-la-morosite-generale\\\/#breadcrumb\"},\"inLanguage\":\"fr-FR\",\"potentialAction\":[{\"@type\":\"ReadAction\",\"target\":[\"https:\\\/\\\/www.gold.fr\\\/news\\\/2016\\\/05\\\/13\\\/lor-echappe-a-la-morosite-generale\\\/\"]}]},{\"@type\":\"ImageObject\",\"inLanguage\":\"fr-FR\",\"@id\":\"https:\\\/\\\/www.gold.fr\\\/news\\\/2016\\\/05\\\/13\\\/lor-echappe-a-la-morosite-generale\\\/#primaryimage\",\"url\":\"https:\\\/\\\/www.gold.fr\\\/news\\\/wp-content\\\/uploads\\\/2010\\\/07\\\/lingotins-or.jpg\",\"contentUrl\":\"https:\\\/\\\/www.gold.fr\\\/news\\\/wp-content\\\/uploads\\\/2010\\\/07\\\/lingotins-or.jpg\",\"width\":\"600\",\"height\":\"450\",\"caption\":\"March\u00e9 de l\u2019or : Une valeur refuge qui s\u2019impose\"},{\"@type\":\"BreadcrumbList\",\"@id\":\"https:\\\/\\\/www.gold.fr\\\/news\\\/2016\\\/05\\\/13\\\/lor-echappe-a-la-morosite-generale\\\/#breadcrumb\",\"itemListElement\":[{\"@type\":\"ListItem\",\"position\":1,\"name\":\"Accueil\",\"item\":\"https:\\\/\\\/www.gold.fr\\\/\"},{\"@type\":\"ListItem\",\"position\":2,\"name\":\"Actualit\u00e9s\",\"item\":\"https:\\\/\\\/www.gold.fr\\\/news\\\/\"},{\"@type\":\"ListItem\",\"position\":3,\"name\":\"L\u2019or \u00e9chappe \u00e0 la morosit\u00e9 g\u00e9n\u00e9rale\"}]},{\"@type\":\"WebSite\",\"@id\":\"https:\\\/\\\/www.gold.fr\\\/news\\\/#website\",\"url\":\"https:\\\/\\\/www.gold.fr\\\/news\\\/\",\"name\":\"Gold.fr\",\"description\":\"Actualit\u00e9s de l&#039;Or et des m\u00e9taux pr\u00e9cieux\",\"potentialAction\":[{\"@type\":\"SearchAction\",\"target\":{\"@type\":\"EntryPoint\",\"urlTemplate\":\"https:\\\/\\\/www.gold.fr\\\/news\\\/?s={search_term_string}\"},\"query-input\":{\"@type\":\"PropertyValueSpecification\",\"valueRequired\":true,\"valueName\":\"search_term_string\"}}],\"inLanguage\":\"fr-FR\"},{\"@type\":\"Person\",\"@id\":\"https:\\\/\\\/www.gold.fr\\\/news\\\/#\\\/schema\\\/person\\\/070491b4b4fb7671bf59b3be20302ce9\",\"name\":\"Comptoir National de l'Or\",\"image\":{\"@type\":\"ImageObject\",\"inLanguage\":\"fr-FR\",\"@id\":\"https:\\\/\\\/secure.gravatar.com\\\/avatar\\\/0a2867fd5abe37bed95d5a65e9d58f01756e11efc68af9888dfc50cfa7f65948?s=96&d=mm&r=gb490554db0a38188709de567aa58480d\",\"url\":\"https:\\\/\\\/secure.gravatar.com\\\/avatar\\\/0a2867fd5abe37bed95d5a65e9d58f01756e11efc68af9888dfc50cfa7f65948?s=96&d=mm&r=g\",\"contentUrl\":\"https:\\\/\\\/secure.gravatar.com\\\/avatar\\\/0a2867fd5abe37bed95d5a65e9d58f01756e11efc68af9888dfc50cfa7f65948?s=96&d=mm&r=g\",\"caption\":\"Comptoir National de l'Or\"},\"description\":\"Notre r\u00e9daction est constitu\u00e9e de membres experts dans les m\u00e9tiers de l'\u00e9conomie et la gestion, des Responsables d'agence Comptoir National de l'Or, des analystes financiers qui publient r\u00e9guli\u00e8rement des \u00e9tudes sur les politiques des banques centrales, le cours de l'or, prix de l'or, cours de l'argent, prix de l'argent, cours du platine, cours du palladium,... la situation en zone euro et l'impact de la strat\u00e9gie mon\u00e9taire de la FED. Notre \u00e9quipe scrute \u00e9galement une information plus g\u00e9n\u00e9raliste \u00e0 la recherche d'actualit\u00e9 \\\"p\u00e9pite\\\" \u00e0 vous partager. Depuis 5 ans, nous avons publi\u00e9 un peu plus de 4000 articles qui s'adressent \u00e0 un public large et vari\u00e9 ayant pour objectif de satisfaire votre curiosit\u00e9 et de partager avec vous une certaine fascination pour le m\u00e9tal jaune, le rachat d'or, et pour ceux qui veulent investir dans l'or, vendre leur or tout simplement en savoir plus... Pour tous vos achat or et argent, n'h\u00e9sitez pas \u00e0 prendre rendez-vous dans l'un de nos nombreux comptoirs.\",\"sameAs\":[\"https:\\\/\\\/www.gold.fr\"]}]}<\/script>\n<!-- \/ Yoast SEO plugin. -->","yoast_head_json":{"title":"L\u2019or \u00e9chappe \u00e0 la morosit\u00e9 g\u00e9n\u00e9rale - Gold.fr","robots":{"index":"index","follow":"follow","max-snippet":"max-snippet:-1","max-image-preview":"max-image-preview:large","max-video-preview":"max-video-preview:-1"},"canonical":"https:\/\/www.gold.fr\/news\/2016\/05\/13\/lor-echappe-a-la-morosite-generale\/","og_locale":"fr_FR","og_type":"article","og_title":"L\u2019or \u00e9chappe \u00e0 la morosit\u00e9 g\u00e9n\u00e9rale - Gold.fr","og_description":"Les march\u00e9s boursiers avaient pourtant d\u00e9but\u00e9 la semaine sur une note optimiste et s&rsquo;appr\u00eataient m\u00eame \u00e0 la terminer avec une performance dans un vert imperturbable. la vague de volatilit\u00e9 qui souffle, depuis le d\u00e9but de la [&hellip;]","og_url":"https:\/\/www.gold.fr\/news\/2016\/05\/13\/lor-echappe-a-la-morosite-generale\/","og_site_name":"Gold.fr","article_publisher":"https:\/\/www.facebook.com\/Goldfr\/","article_published_time":"2016-05-13T07:00:03+00:00","article_modified_time":"2018-03-29T13:09:20+00:00","og_image":[{"width":600,"height":450,"url":"https:\/\/www.gold.fr\/news\/wp-content\/uploads\/2010\/07\/lingotins-or.jpg","type":"image\/jpeg"}],"author":"Comptoir National de l'Or","twitter_card":"summary_large_image","twitter_misc":{"\u00c9crit par":"Comptoir National de l'Or","Dur\u00e9e de lecture estim\u00e9e":"3 minutes"},"schema":{"@context":"https:\/\/schema.org","@graph":[{"@type":"Article","@id":"https:\/\/www.gold.fr\/news\/2016\/05\/13\/lor-echappe-a-la-morosite-generale\/#article","isPartOf":{"@id":"https:\/\/www.gold.fr\/news\/2016\/05\/13\/lor-echappe-a-la-morosite-generale\/"},"author":{"name":"Comptoir National de l'Or","@id":"https:\/\/www.gold.fr\/news\/#\/schema\/person\/070491b4b4fb7671bf59b3be20302ce9"},"headline":"L\u2019or \u00e9chappe \u00e0 la morosit\u00e9 g\u00e9n\u00e9rale","datePublished":"2016-05-13T07:00:03+00:00","dateModified":"2018-03-29T13:09:20+00:00","mainEntityOfPage":{"@id":"https:\/\/www.gold.fr\/news\/2016\/05\/13\/lor-echappe-a-la-morosite-generale\/"},"wordCount":537,"commentCount":0,"image":{"@id":"https:\/\/www.gold.fr\/news\/2016\/05\/13\/lor-echappe-a-la-morosite-generale\/#primaryimage"},"thumbnailUrl":"https:\/\/www.gold.fr\/news\/wp-content\/uploads\/2010\/07\/lingotins-or.jpg","keywords":["AIE","Atlantique","Barclays Bourse","calendrier macro\u00e9conomique","etats-unis","Francfort","Madrid","march\u00e9s","Milan","Or","p\u00e9trole","wall street"],"articleSection":["Articles de presse"],"inLanguage":"fr-FR"},{"@type":"WebPage","@id":"https:\/\/www.gold.fr\/news\/2016\/05\/13\/lor-echappe-a-la-morosite-generale\/","url":"https:\/\/www.gold.fr\/news\/2016\/05\/13\/lor-echappe-a-la-morosite-generale\/","name":"L\u2019or \u00e9chappe \u00e0 la morosit\u00e9 g\u00e9n\u00e9rale - Gold.fr","isPartOf":{"@id":"https:\/\/www.gold.fr\/news\/#website"},"primaryImageOfPage":{"@id":"https:\/\/www.gold.fr\/news\/2016\/05\/13\/lor-echappe-a-la-morosite-generale\/#primaryimage"},"image":{"@id":"https:\/\/www.gold.fr\/news\/2016\/05\/13\/lor-echappe-a-la-morosite-generale\/#primaryimage"},"thumbnailUrl":"https:\/\/www.gold.fr\/news\/wp-content\/uploads\/2010\/07\/lingotins-or.jpg","datePublished":"2016-05-13T07:00:03+00:00","dateModified":"2018-03-29T13:09:20+00:00","author":{"@id":"https:\/\/www.gold.fr\/news\/#\/schema\/person\/070491b4b4fb7671bf59b3be20302ce9"},"breadcrumb":{"@id":"https:\/\/www.gold.fr\/news\/2016\/05\/13\/lor-echappe-a-la-morosite-generale\/#breadcrumb"},"inLanguage":"fr-FR","potentialAction":[{"@type":"ReadAction","target":["https:\/\/www.gold.fr\/news\/2016\/05\/13\/lor-echappe-a-la-morosite-generale\/"]}]},{"@type":"ImageObject","inLanguage":"fr-FR","@id":"https:\/\/www.gold.fr\/news\/2016\/05\/13\/lor-echappe-a-la-morosite-generale\/#primaryimage","url":"https:\/\/www.gold.fr\/news\/wp-content\/uploads\/2010\/07\/lingotins-or.jpg","contentUrl":"https:\/\/www.gold.fr\/news\/wp-content\/uploads\/2010\/07\/lingotins-or.jpg","width":"600","height":"450","caption":"March\u00e9 de l\u2019or : Une valeur refuge qui s\u2019impose"},{"@type":"BreadcrumbList","@id":"https:\/\/www.gold.fr\/news\/2016\/05\/13\/lor-echappe-a-la-morosite-generale\/#breadcrumb","itemListElement":[{"@type":"ListItem","position":1,"name":"Accueil","item":"https:\/\/www.gold.fr\/"},{"@type":"ListItem","position":2,"name":"Actualit\u00e9s","item":"https:\/\/www.gold.fr\/news\/"},{"@type":"ListItem","position":3,"name":"L\u2019or \u00e9chappe \u00e0 la morosit\u00e9 g\u00e9n\u00e9rale"}]},{"@type":"WebSite","@id":"https:\/\/www.gold.fr\/news\/#website","url":"https:\/\/www.gold.fr\/news\/","name":"Gold.fr","description":"Actualit\u00e9s de l&#039;Or et des m\u00e9taux pr\u00e9cieux","potentialAction":[{"@type":"SearchAction","target":{"@type":"EntryPoint","urlTemplate":"https:\/\/www.gold.fr\/news\/?s={search_term_string}"},"query-input":{"@type":"PropertyValueSpecification","valueRequired":true,"valueName":"search_term_string"}}],"inLanguage":"fr-FR"},{"@type":"Person","@id":"https:\/\/www.gold.fr\/news\/#\/schema\/person\/070491b4b4fb7671bf59b3be20302ce9","name":"Comptoir National de l'Or","image":{"@type":"ImageObject","inLanguage":"fr-FR","@id":"https:\/\/secure.gravatar.com\/avatar\/0a2867fd5abe37bed95d5a65e9d58f01756e11efc68af9888dfc50cfa7f65948?s=96&d=mm&r=gb490554db0a38188709de567aa58480d","url":"https:\/\/secure.gravatar.com\/avatar\/0a2867fd5abe37bed95d5a65e9d58f01756e11efc68af9888dfc50cfa7f65948?s=96&d=mm&r=g","contentUrl":"https:\/\/secure.gravatar.com\/avatar\/0a2867fd5abe37bed95d5a65e9d58f01756e11efc68af9888dfc50cfa7f65948?s=96&d=mm&r=g","caption":"Comptoir National de l'Or"},"description":"Notre r\u00e9daction est constitu\u00e9e de membres experts dans les m\u00e9tiers de l'\u00e9conomie et la gestion, des Responsables d'agence Comptoir National de l'Or, des analystes financiers qui publient r\u00e9guli\u00e8rement des \u00e9tudes sur les politiques des banques centrales, le cours de l'or, prix de l'or, cours de l'argent, prix de l'argent, cours du platine, cours du palladium,... la situation en zone euro et l'impact de la strat\u00e9gie mon\u00e9taire de la FED. Notre \u00e9quipe scrute \u00e9galement une information plus g\u00e9n\u00e9raliste \u00e0 la recherche d'actualit\u00e9 \"p\u00e9pite\" \u00e0 vous partager. Depuis 5 ans, nous avons publi\u00e9 un peu plus de 4000 articles qui s'adressent \u00e0 un public large et vari\u00e9 ayant pour objectif de satisfaire votre curiosit\u00e9 et de partager avec vous une certaine fascination pour le m\u00e9tal jaune, le rachat d'or, et pour ceux qui veulent investir dans l'or, vendre leur or tout simplement en savoir plus... Pour tous vos achat or et argent, n'h\u00e9sitez pas \u00e0 prendre rendez-vous dans l'un de nos nombreux comptoirs.","sameAs":["https:\/\/www.gold.fr"]}]}},"authors":[{"term_id":2565,"user_id":18,"is_guest":0,"slug":"julie","display_name":"Comptoir National de l'Or","avatar_url":"https:\/\/secure.gravatar.com\/avatar\/713f289e398d35ead876c4a4cc08607f0d6d266058cfc25683fffb6092d0e572?s=96&d=mm&r=g","0":null,"1":"","2":"","3":"","4":"","5":"","6":"","7":"","8":""}],"_links":{"self":[{"href":"https:\/\/www.gold.fr\/news\/wp-json\/wp\/v2\/posts\/19377","targetHints":{"allow":["GET"]}}],"collection":[{"href":"https:\/\/www.gold.fr\/news\/wp-json\/wp\/v2\/posts"}],"about":[{"href":"https:\/\/www.gold.fr\/news\/wp-json\/wp\/v2\/types\/post"}],"author":[{"embeddable":true,"href":"https:\/\/www.gold.fr\/news\/wp-json\/wp\/v2\/users\/18"}],"replies":[{"embeddable":true,"href":"https:\/\/www.gold.fr\/news\/wp-json\/wp\/v2\/comments?post=19377"}],"version-history":[{"count":0,"href":"https:\/\/www.gold.fr\/news\/wp-json\/wp\/v2\/posts\/19377\/revisions"}],"wp:featuredmedia":[{"embeddable":true,"href":"https:\/\/www.gold.fr\/news\/wp-json\/wp\/v2\/media\/10142"}],"wp:attachment":[{"href":"https:\/\/www.gold.fr\/news\/wp-json\/wp\/v2\/media?parent=19377"}],"wp:term":[{"taxonomy":"category","embeddable":true,"href":"https:\/\/www.gold.fr\/news\/wp-json\/wp\/v2\/categories?post=19377"},{"taxonomy":"post_tag","embeddable":true,"href":"https:\/\/www.gold.fr\/news\/wp-json\/wp\/v2\/tags?post=19377"},{"taxonomy":"author","embeddable":true,"href":"https:\/\/www.gold.fr\/news\/wp-json\/wp\/v2\/ppma_author?post=19377"}],"curies":[{"name":"wp","href":"https:\/\/api.w.org\/{rel}","templated":true}]}}