{"id":19362,"date":"2016-05-11T09:00:59","date_gmt":"2016-05-11T07:00:59","guid":{"rendered":"https:\/\/www.gold.fr\/news\/?p=19362"},"modified":"2018-03-21T16:11:58","modified_gmt":"2018-03-21T15:11:58","slug":"marches-une-reaction-a-contre-courant","status":"publish","type":"post","link":"https:\/\/www.gold.fr\/news\/2016\/05\/11\/marches-une-reaction-a-contre-courant\/","title":{"rendered":"March\u00e9s : Une r\u00e9action \u00e0 contre-courant"},"content":{"rendered":"<p><span style=\"font-size: small;\">Entre les chiffres d\u00e9cevants de l&#8217;emploi am\u00e9ricain <em>(publi\u00e9s \u00e0 la fin de la semaine derni\u00e8re)<\/em>, les derni\u00e8res statistiques -tout aussi d\u00e9cevantes- chinoises, et le repli de certains indices japonais, on aurait pu croire que les march\u00e9s boursiers afficheraient une performance, sinon plomb\u00e9e, tout du moins m\u00e9fiante.<\/span><\/p>\n<h2>Valeur refuge : les analystes financiers optimistes malgr\u00e9 des chiffres d\u00e9cevants<\/h2>\n<p><span style=\"font-size: small;\"><img loading=\"lazy\" decoding=\"async\" class=\"alignleft size-thumbnail wp-image-6581\" title=\"March\u00e9s : Une r\u00e9action \u00e0 contre-courant\" src=\"https:\/\/www.gold.fr\/news\/wp-content\/uploads\/2012\/03\/Lingots-dor-150x150.jpg\" alt=\"\" width=\"150\" height=\"150\" \/>Les op\u00e9rateurs semblent pourtant d\u00e9buter cette nouvelle semaine boursi\u00e8re d&rsquo;un pied clairement optimiste et avec un solide app\u00e9tit d&rsquo;<a class=\"esk-seo-plu-link\" href=\"https:\/\/www.gold.fr\/news\/tags\/investissement\">investissement<\/a>, de quoi tirer la <a class=\"esk-seo-plu-link\" href=\"https:\/\/www.gold.fr\/news\/tags\/investissement\">valeur refuge<\/a> de <strong>l&rsquo;<a class=\"esk-seo-plu-link\" href=\"https:\/\/www.gold.fr\/news\/tags\/or\">or<\/a><\/strong>, pour l&rsquo;instant, vers le bas.<\/span><\/p>\n<p><span style=\"font-size: small;\">La seule donn\u00e9e statistique encourageante et positive de ce d\u00e9but de semaine demeure celle relative au rebond \u00ab<em> vigoureux<\/em> \u00bb des commandes industrielles allemandes, qui vient renforcer la d\u00e9termination des op\u00e9rateurs \u00e0 voir le verre \u00e0 moiti\u00e9 plein, depuis la fin de la semaine derni\u00e8re. Le rapport macro\u00e9conomique, publi\u00e9 par <strong>Destatis<\/strong>, r\u00e9v\u00e8le en effet que les commandes du secteur industriel allemand ont consid\u00e9rablement rebondi, durant le mois de mars, passant d&rsquo;une baisse de <strong>0,8%<\/strong> en f\u00e9vrier, \u00e0 <strong>1,9%<\/strong> en mars, contre un consensus plus pessimiste qui tablait sur une hausse plus mod\u00e9r\u00e9e de <strong>0,5%<\/strong>.<\/span><\/p>\n<p><span style=\"font-size: small;\">Du coup, les observateurs notent que \u00ab <em>dans ce contexte, les march\u00e9s ne se montrent pas exag\u00e9r\u00e9ment pein\u00e9s par les importations chinoises fort d\u00e9cevantes qui sont parues ce week-end<\/em> \u00bb. Rappelons en effet que la demande chinoise a r\u00e9cemment enregistr\u00e9 une chute notable <em>(-11%)<\/em>, faisant subir une forte pression aux valeurs mini\u00e8res londoniennes. Par ailleurs, et dans le sillage de ces mauvaises nouvelles chinoises, la bourse de Shanghai a cons\u00e9quemment marqu\u00e9 une baisse consid\u00e9rable <em>(-2,75%)<\/em>. Et la <strong>Chine<\/strong> n&rsquo;est pas la seule source de d\u00e9ception, sur le front des march\u00e9s asiatiques, puisque le gouvernement japonais vient de r\u00e9v\u00e9ler que l&rsquo;indice synth\u00e9tique mesurant la confiance des m\u00e9nages nippons a baiss\u00e9 de <strong>0,9 point<\/strong>, au mois d&rsquo;avril.<\/span><\/p>\n<p><span style=\"font-size: small;\">Bref, pour l&rsquo;heure, les investisseurs semblent actuellement avancer \u00e0 contre-courant, r\u00e9ussissant le double exploit de r\u00e9sister \u00e0 la pression baissi\u00e8re de cette avalanche de donn\u00e9es et statistiques d\u00e9cevantes, tout en hissant les march\u00e9s boursiers vers une performance dans un vert solide et stabilis\u00e9.<\/span><\/p>\n<p><span style=\"font-size: small;\">De son c\u00f4t\u00e9, le <a class=\"esk-seo-plu-link\" href=\"https:\/\/www.gold.fr\/news\/tags\/or\">m\u00e9tal jaune<\/a> enregistre, sur les deux premi\u00e8res s\u00e9ances de la semaine, un repli qui lui fait c\u00e9der du terrain, par rapport \u00e0 son rallye haussier de la semaine derni\u00e8re. Le prix de <a title=\"Prix de l'Once d'or\" href=\"https:\/\/www.gold.fr\/once-or-nyc\/\" target=\"_blank\" rel=\"noopener\">l\u2019once<\/a> s&rsquo;\u00e9loigne ainsi relativement du palier technique et symbolique des <strong>1 300 <a class=\"esk-seo-plu-link\" href=\"https:\/\/www.gold.fr\/news\/tags\/investissement\">dollars<\/a><\/strong>, mais demeure fermement camp\u00e9 au dessus des <strong>1 250 <a class=\"esk-seo-plu-link\" href=\"https:\/\/www.gold.fr\/news\/tags\/investissement\">dollars<\/a><\/strong>. Techniquement, <a title=\"Prix de l'Once d'or\" href=\"https:\/\/www.gold.fr\/once-or-nyc\/\" target=\"_blank\" rel=\"noopener\">l\u2019once<\/a> devra briser la r\u00e9sistance des <strong>1 280 <a class=\"esk-seo-plu-link\" href=\"https:\/\/www.gold.fr\/news\/tags\/investissement\">dollars<\/a><\/strong> de mani\u00e8re permanente, pour pouvoir viser le seuil des <strong>1 300 $<\/strong> \u00e0 nouveau. La r\u00e9union du <strong>FOMC<\/strong> au mois de juin -bien que son issue semble d\u00e9j\u00e0 pr\u00e9visible <em>(statu quo)<\/em>&#8211; devrait servir de catalyseur, pour l&rsquo;ensemble des march\u00e9s, y compris celui de l&rsquo;<a class=\"esk-seo-plu-link\" href=\"https:\/\/www.gold.fr\/news\/tags\/or\">or<\/a>. Il est donc attendu que l&rsquo;orientation de l&rsquo;once se d\u00e9termine et se pr\u00e9cise suite \u00e0 ce meeting.<\/span><\/p>\n<!-- AddThis Advanced Settings generic via filter on the_content --><!-- AddThis Share Buttons generic via filter on the_content -->","protected":false},"excerpt":{"rendered":"<p>Entre les chiffres d\u00e9cevants de l&#8217;emploi am\u00e9ricain (publi\u00e9s \u00e0 la fin de la semaine derni\u00e8re), les derni\u00e8res statistiques -tout aussi d\u00e9cevantes- chinoises, et le repli de certains indices japonais, on aurait pu croire que les march\u00e9s [&hellip;]<\/p>\n","protected":false},"author":18,"featured_media":32061,"comment_status":"open","ping_status":"open","sticky":false,"template":"","format":"standard","meta":{"_mbp_gutenberg_autopost":false,"_pgmb_is_evergreen":false,"_pgmb_ap_template_id":0,"footnotes":""},"categories":[6],"tags":[111,2241,146,2240,102,1796,1034,631,1649,76,927],"ppma_author":[2565],"class_list":["post-19362","post","type-post","status-publish","format-standard","has-post-thumbnail","hentry","category-articles-de-presse","tag-allemagne","tag-bourse-de-shanghai","tag-chine","tag-destatis","tag-dollar","tag-emploi-americain","tag-fomc","tag-japon","tag-marches","tag-or","tag-prix-de-lonce"],"yoast_head":"<!-- This site is optimized with the Yoast SEO plugin v27.5 - https:\/\/yoast.com\/product\/yoast-seo-wordpress\/ -->\n<title>March\u00e9s : Une r\u00e9action \u00e0 contre-courant - Gold.fr<\/title>\n<meta name=\"robots\" content=\"index, follow, max-snippet:-1, max-image-preview:large, max-video-preview:-1\" \/>\n<link rel=\"canonical\" href=\"https:\/\/www.gold.fr\/news\/2016\/05\/11\/marches-une-reaction-a-contre-courant\/\" \/>\n<meta property=\"og:locale\" content=\"fr_FR\" \/>\n<meta property=\"og:type\" content=\"article\" \/>\n<meta property=\"og:title\" content=\"March\u00e9s : Une r\u00e9action \u00e0 contre-courant - Gold.fr\" \/>\n<meta property=\"og:description\" content=\"Entre les chiffres d\u00e9cevants de l&#8217;emploi am\u00e9ricain (publi\u00e9s \u00e0 la fin de la semaine derni\u00e8re), les derni\u00e8res statistiques -tout aussi d\u00e9cevantes- chinoises, et le repli de certains indices japonais, on aurait pu croire que les march\u00e9s [&hellip;]\" \/>\n<meta property=\"og:url\" content=\"https:\/\/www.gold.fr\/news\/2016\/05\/11\/marches-une-reaction-a-contre-courant\/\" \/>\n<meta property=\"og:site_name\" content=\"Gold.fr\" \/>\n<meta property=\"article:publisher\" content=\"https:\/\/www.facebook.com\/Goldfr\/\" \/>\n<meta property=\"article:published_time\" content=\"2016-05-11T07:00:59+00:00\" \/>\n<meta property=\"article:modified_time\" content=\"2018-03-21T15:11:58+00:00\" \/>\n<meta property=\"og:image\" content=\"https:\/\/www.gold.fr\/news\/wp-content\/uploads\/2016\/05\/Lingots-dor.jpg\" \/>\n\t<meta property=\"og:image:width\" content=\"600\" \/>\n\t<meta property=\"og:image:height\" content=\"407\" \/>\n\t<meta property=\"og:image:type\" content=\"image\/jpeg\" \/>\n<meta name=\"author\" content=\"Comptoir National de l&#039;Or\" \/>\n<meta name=\"twitter:card\" content=\"summary_large_image\" \/>\n<meta name=\"twitter:label1\" content=\"\u00c9crit par\" \/>\n\t<meta name=\"twitter:data1\" content=\"Comptoir National de l&#039;Or\" \/>\n\t<meta name=\"twitter:label2\" content=\"Dur\u00e9e de lecture estim\u00e9e\" \/>\n\t<meta name=\"twitter:data2\" content=\"3 minutes\" \/>\n<script type=\"application\/ld+json\" class=\"yoast-schema-graph\">{\"@context\":\"https:\\\/\\\/schema.org\",\"@graph\":[{\"@type\":\"Article\",\"@id\":\"https:\\\/\\\/www.gold.fr\\\/news\\\/2016\\\/05\\\/11\\\/marches-une-reaction-a-contre-courant\\\/#article\",\"isPartOf\":{\"@id\":\"https:\\\/\\\/www.gold.fr\\\/news\\\/2016\\\/05\\\/11\\\/marches-une-reaction-a-contre-courant\\\/\"},\"author\":{\"name\":\"Comptoir National de l'Or\",\"@id\":\"https:\\\/\\\/www.gold.fr\\\/news\\\/#\\\/schema\\\/person\\\/070491b4b4fb7671bf59b3be20302ce9\"},\"headline\":\"March\u00e9s : Une r\u00e9action \u00e0 contre-courant\",\"datePublished\":\"2016-05-11T07:00:59+00:00\",\"dateModified\":\"2018-03-21T15:11:58+00:00\",\"mainEntityOfPage\":{\"@id\":\"https:\\\/\\\/www.gold.fr\\\/news\\\/2016\\\/05\\\/11\\\/marches-une-reaction-a-contre-courant\\\/\"},\"wordCount\":529,\"commentCount\":0,\"image\":{\"@id\":\"https:\\\/\\\/www.gold.fr\\\/news\\\/2016\\\/05\\\/11\\\/marches-une-reaction-a-contre-courant\\\/#primaryimage\"},\"thumbnailUrl\":\"https:\\\/\\\/www.gold.fr\\\/news\\\/wp-content\\\/uploads\\\/2016\\\/05\\\/Lingots-dor.jpg\",\"keywords\":[\"Allemagne\",\"bourse de Shanghai\",\"chine\",\"Destatis\",\"dollar\",\"emploi am\u00e9ricain\",\"FOMC\",\"Japon\",\"march\u00e9s\",\"Or\",\"prix de l'once\"],\"articleSection\":[\"Articles de presse\"],\"inLanguage\":\"fr-FR\"},{\"@type\":\"WebPage\",\"@id\":\"https:\\\/\\\/www.gold.fr\\\/news\\\/2016\\\/05\\\/11\\\/marches-une-reaction-a-contre-courant\\\/\",\"url\":\"https:\\\/\\\/www.gold.fr\\\/news\\\/2016\\\/05\\\/11\\\/marches-une-reaction-a-contre-courant\\\/\",\"name\":\"March\u00e9s : Une r\u00e9action \u00e0 contre-courant - Gold.fr\",\"isPartOf\":{\"@id\":\"https:\\\/\\\/www.gold.fr\\\/news\\\/#website\"},\"primaryImageOfPage\":{\"@id\":\"https:\\\/\\\/www.gold.fr\\\/news\\\/2016\\\/05\\\/11\\\/marches-une-reaction-a-contre-courant\\\/#primaryimage\"},\"image\":{\"@id\":\"https:\\\/\\\/www.gold.fr\\\/news\\\/2016\\\/05\\\/11\\\/marches-une-reaction-a-contre-courant\\\/#primaryimage\"},\"thumbnailUrl\":\"https:\\\/\\\/www.gold.fr\\\/news\\\/wp-content\\\/uploads\\\/2016\\\/05\\\/Lingots-dor.jpg\",\"datePublished\":\"2016-05-11T07:00:59+00:00\",\"dateModified\":\"2018-03-21T15:11:58+00:00\",\"author\":{\"@id\":\"https:\\\/\\\/www.gold.fr\\\/news\\\/#\\\/schema\\\/person\\\/070491b4b4fb7671bf59b3be20302ce9\"},\"breadcrumb\":{\"@id\":\"https:\\\/\\\/www.gold.fr\\\/news\\\/2016\\\/05\\\/11\\\/marches-une-reaction-a-contre-courant\\\/#breadcrumb\"},\"inLanguage\":\"fr-FR\",\"potentialAction\":[{\"@type\":\"ReadAction\",\"target\":[\"https:\\\/\\\/www.gold.fr\\\/news\\\/2016\\\/05\\\/11\\\/marches-une-reaction-a-contre-courant\\\/\"]}]},{\"@type\":\"ImageObject\",\"inLanguage\":\"fr-FR\",\"@id\":\"https:\\\/\\\/www.gold.fr\\\/news\\\/2016\\\/05\\\/11\\\/marches-une-reaction-a-contre-courant\\\/#primaryimage\",\"url\":\"https:\\\/\\\/www.gold.fr\\\/news\\\/wp-content\\\/uploads\\\/2016\\\/05\\\/Lingots-dor.jpg\",\"contentUrl\":\"https:\\\/\\\/www.gold.fr\\\/news\\\/wp-content\\\/uploads\\\/2016\\\/05\\\/Lingots-dor.jpg\",\"width\":600,\"height\":407,\"caption\":\"March\u00e9s : Confiance, optimisme et un calendrier charg\u00e9\"},{\"@type\":\"BreadcrumbList\",\"@id\":\"https:\\\/\\\/www.gold.fr\\\/news\\\/2016\\\/05\\\/11\\\/marches-une-reaction-a-contre-courant\\\/#breadcrumb\",\"itemListElement\":[{\"@type\":\"ListItem\",\"position\":1,\"name\":\"Accueil\",\"item\":\"https:\\\/\\\/www.gold.fr\\\/\"},{\"@type\":\"ListItem\",\"position\":2,\"name\":\"Actualit\u00e9s\",\"item\":\"https:\\\/\\\/www.gold.fr\\\/news\\\/\"},{\"@type\":\"ListItem\",\"position\":3,\"name\":\"March\u00e9s : Une r\u00e9action \u00e0 contre-courant\"}]},{\"@type\":\"WebSite\",\"@id\":\"https:\\\/\\\/www.gold.fr\\\/news\\\/#website\",\"url\":\"https:\\\/\\\/www.gold.fr\\\/news\\\/\",\"name\":\"Gold.fr\",\"description\":\"Actualit\u00e9s de l&#039;Or et des m\u00e9taux pr\u00e9cieux\",\"potentialAction\":[{\"@type\":\"SearchAction\",\"target\":{\"@type\":\"EntryPoint\",\"urlTemplate\":\"https:\\\/\\\/www.gold.fr\\\/news\\\/?s={search_term_string}\"},\"query-input\":{\"@type\":\"PropertyValueSpecification\",\"valueRequired\":true,\"valueName\":\"search_term_string\"}}],\"inLanguage\":\"fr-FR\"},{\"@type\":\"Person\",\"@id\":\"https:\\\/\\\/www.gold.fr\\\/news\\\/#\\\/schema\\\/person\\\/070491b4b4fb7671bf59b3be20302ce9\",\"name\":\"Comptoir National de l'Or\",\"image\":{\"@type\":\"ImageObject\",\"inLanguage\":\"fr-FR\",\"@id\":\"https:\\\/\\\/secure.gravatar.com\\\/avatar\\\/0a2867fd5abe37bed95d5a65e9d58f01756e11efc68af9888dfc50cfa7f65948?s=96&d=mm&r=gb490554db0a38188709de567aa58480d\",\"url\":\"https:\\\/\\\/secure.gravatar.com\\\/avatar\\\/0a2867fd5abe37bed95d5a65e9d58f01756e11efc68af9888dfc50cfa7f65948?s=96&d=mm&r=g\",\"contentUrl\":\"https:\\\/\\\/secure.gravatar.com\\\/avatar\\\/0a2867fd5abe37bed95d5a65e9d58f01756e11efc68af9888dfc50cfa7f65948?s=96&d=mm&r=g\",\"caption\":\"Comptoir National de l'Or\"},\"description\":\"Notre r\u00e9daction est constitu\u00e9e de membres experts dans les m\u00e9tiers de l'\u00e9conomie et la gestion, des Responsables d'agence Comptoir National de l'Or, des analystes financiers qui publient r\u00e9guli\u00e8rement des \u00e9tudes sur les politiques des banques centrales, le cours de l'or, prix de l'or, cours de l'argent, prix de l'argent, cours du platine, cours du palladium,... la situation en zone euro et l'impact de la strat\u00e9gie mon\u00e9taire de la FED. Notre \u00e9quipe scrute \u00e9galement une information plus g\u00e9n\u00e9raliste \u00e0 la recherche d'actualit\u00e9 \\\"p\u00e9pite\\\" \u00e0 vous partager. Depuis 5 ans, nous avons publi\u00e9 un peu plus de 4000 articles qui s'adressent \u00e0 un public large et vari\u00e9 ayant pour objectif de satisfaire votre curiosit\u00e9 et de partager avec vous une certaine fascination pour le m\u00e9tal jaune, le rachat d'or, et pour ceux qui veulent investir dans l'or, vendre leur or tout simplement en savoir plus... Pour tous vos achat or et argent, n'h\u00e9sitez pas \u00e0 prendre rendez-vous dans l'un de nos nombreux comptoirs.\",\"sameAs\":[\"https:\\\/\\\/www.gold.fr\"]}]}<\/script>\n<!-- \/ Yoast SEO plugin. -->","yoast_head_json":{"title":"March\u00e9s : Une r\u00e9action \u00e0 contre-courant - Gold.fr","robots":{"index":"index","follow":"follow","max-snippet":"max-snippet:-1","max-image-preview":"max-image-preview:large","max-video-preview":"max-video-preview:-1"},"canonical":"https:\/\/www.gold.fr\/news\/2016\/05\/11\/marches-une-reaction-a-contre-courant\/","og_locale":"fr_FR","og_type":"article","og_title":"March\u00e9s : Une r\u00e9action \u00e0 contre-courant - Gold.fr","og_description":"Entre les chiffres d\u00e9cevants de l&#8217;emploi am\u00e9ricain (publi\u00e9s \u00e0 la fin de la semaine derni\u00e8re), les derni\u00e8res statistiques -tout aussi d\u00e9cevantes- chinoises, et le repli de certains indices japonais, on aurait pu croire que les march\u00e9s [&hellip;]","og_url":"https:\/\/www.gold.fr\/news\/2016\/05\/11\/marches-une-reaction-a-contre-courant\/","og_site_name":"Gold.fr","article_publisher":"https:\/\/www.facebook.com\/Goldfr\/","article_published_time":"2016-05-11T07:00:59+00:00","article_modified_time":"2018-03-21T15:11:58+00:00","og_image":[{"width":600,"height":407,"url":"https:\/\/www.gold.fr\/news\/wp-content\/uploads\/2016\/05\/Lingots-dor.jpg","type":"image\/jpeg"}],"author":"Comptoir National de l'Or","twitter_card":"summary_large_image","twitter_misc":{"\u00c9crit par":"Comptoir National de l'Or","Dur\u00e9e de lecture estim\u00e9e":"3 minutes"},"schema":{"@context":"https:\/\/schema.org","@graph":[{"@type":"Article","@id":"https:\/\/www.gold.fr\/news\/2016\/05\/11\/marches-une-reaction-a-contre-courant\/#article","isPartOf":{"@id":"https:\/\/www.gold.fr\/news\/2016\/05\/11\/marches-une-reaction-a-contre-courant\/"},"author":{"name":"Comptoir National de l'Or","@id":"https:\/\/www.gold.fr\/news\/#\/schema\/person\/070491b4b4fb7671bf59b3be20302ce9"},"headline":"March\u00e9s : Une r\u00e9action \u00e0 contre-courant","datePublished":"2016-05-11T07:00:59+00:00","dateModified":"2018-03-21T15:11:58+00:00","mainEntityOfPage":{"@id":"https:\/\/www.gold.fr\/news\/2016\/05\/11\/marches-une-reaction-a-contre-courant\/"},"wordCount":529,"commentCount":0,"image":{"@id":"https:\/\/www.gold.fr\/news\/2016\/05\/11\/marches-une-reaction-a-contre-courant\/#primaryimage"},"thumbnailUrl":"https:\/\/www.gold.fr\/news\/wp-content\/uploads\/2016\/05\/Lingots-dor.jpg","keywords":["Allemagne","bourse de Shanghai","chine","Destatis","dollar","emploi am\u00e9ricain","FOMC","Japon","march\u00e9s","Or","prix de l'once"],"articleSection":["Articles de presse"],"inLanguage":"fr-FR"},{"@type":"WebPage","@id":"https:\/\/www.gold.fr\/news\/2016\/05\/11\/marches-une-reaction-a-contre-courant\/","url":"https:\/\/www.gold.fr\/news\/2016\/05\/11\/marches-une-reaction-a-contre-courant\/","name":"March\u00e9s : Une r\u00e9action \u00e0 contre-courant - Gold.fr","isPartOf":{"@id":"https:\/\/www.gold.fr\/news\/#website"},"primaryImageOfPage":{"@id":"https:\/\/www.gold.fr\/news\/2016\/05\/11\/marches-une-reaction-a-contre-courant\/#primaryimage"},"image":{"@id":"https:\/\/www.gold.fr\/news\/2016\/05\/11\/marches-une-reaction-a-contre-courant\/#primaryimage"},"thumbnailUrl":"https:\/\/www.gold.fr\/news\/wp-content\/uploads\/2016\/05\/Lingots-dor.jpg","datePublished":"2016-05-11T07:00:59+00:00","dateModified":"2018-03-21T15:11:58+00:00","author":{"@id":"https:\/\/www.gold.fr\/news\/#\/schema\/person\/070491b4b4fb7671bf59b3be20302ce9"},"breadcrumb":{"@id":"https:\/\/www.gold.fr\/news\/2016\/05\/11\/marches-une-reaction-a-contre-courant\/#breadcrumb"},"inLanguage":"fr-FR","potentialAction":[{"@type":"ReadAction","target":["https:\/\/www.gold.fr\/news\/2016\/05\/11\/marches-une-reaction-a-contre-courant\/"]}]},{"@type":"ImageObject","inLanguage":"fr-FR","@id":"https:\/\/www.gold.fr\/news\/2016\/05\/11\/marches-une-reaction-a-contre-courant\/#primaryimage","url":"https:\/\/www.gold.fr\/news\/wp-content\/uploads\/2016\/05\/Lingots-dor.jpg","contentUrl":"https:\/\/www.gold.fr\/news\/wp-content\/uploads\/2016\/05\/Lingots-dor.jpg","width":600,"height":407,"caption":"March\u00e9s : Confiance, optimisme et un calendrier charg\u00e9"},{"@type":"BreadcrumbList","@id":"https:\/\/www.gold.fr\/news\/2016\/05\/11\/marches-une-reaction-a-contre-courant\/#breadcrumb","itemListElement":[{"@type":"ListItem","position":1,"name":"Accueil","item":"https:\/\/www.gold.fr\/"},{"@type":"ListItem","position":2,"name":"Actualit\u00e9s","item":"https:\/\/www.gold.fr\/news\/"},{"@type":"ListItem","position":3,"name":"March\u00e9s : Une r\u00e9action \u00e0 contre-courant"}]},{"@type":"WebSite","@id":"https:\/\/www.gold.fr\/news\/#website","url":"https:\/\/www.gold.fr\/news\/","name":"Gold.fr","description":"Actualit\u00e9s de l&#039;Or et des m\u00e9taux pr\u00e9cieux","potentialAction":[{"@type":"SearchAction","target":{"@type":"EntryPoint","urlTemplate":"https:\/\/www.gold.fr\/news\/?s={search_term_string}"},"query-input":{"@type":"PropertyValueSpecification","valueRequired":true,"valueName":"search_term_string"}}],"inLanguage":"fr-FR"},{"@type":"Person","@id":"https:\/\/www.gold.fr\/news\/#\/schema\/person\/070491b4b4fb7671bf59b3be20302ce9","name":"Comptoir National de l'Or","image":{"@type":"ImageObject","inLanguage":"fr-FR","@id":"https:\/\/secure.gravatar.com\/avatar\/0a2867fd5abe37bed95d5a65e9d58f01756e11efc68af9888dfc50cfa7f65948?s=96&d=mm&r=gb490554db0a38188709de567aa58480d","url":"https:\/\/secure.gravatar.com\/avatar\/0a2867fd5abe37bed95d5a65e9d58f01756e11efc68af9888dfc50cfa7f65948?s=96&d=mm&r=g","contentUrl":"https:\/\/secure.gravatar.com\/avatar\/0a2867fd5abe37bed95d5a65e9d58f01756e11efc68af9888dfc50cfa7f65948?s=96&d=mm&r=g","caption":"Comptoir National de l'Or"},"description":"Notre r\u00e9daction est constitu\u00e9e de membres experts dans les m\u00e9tiers de l'\u00e9conomie et la gestion, des Responsables d'agence Comptoir National de l'Or, des analystes financiers qui publient r\u00e9guli\u00e8rement des \u00e9tudes sur les politiques des banques centrales, le cours de l'or, prix de l'or, cours de l'argent, prix de l'argent, cours du platine, cours du palladium,... la situation en zone euro et l'impact de la strat\u00e9gie mon\u00e9taire de la FED. Notre \u00e9quipe scrute \u00e9galement une information plus g\u00e9n\u00e9raliste \u00e0 la recherche d'actualit\u00e9 \"p\u00e9pite\" \u00e0 vous partager. Depuis 5 ans, nous avons publi\u00e9 un peu plus de 4000 articles qui s'adressent \u00e0 un public large et vari\u00e9 ayant pour objectif de satisfaire votre curiosit\u00e9 et de partager avec vous une certaine fascination pour le m\u00e9tal jaune, le rachat d'or, et pour ceux qui veulent investir dans l'or, vendre leur or tout simplement en savoir plus... Pour tous vos achat or et argent, n'h\u00e9sitez pas \u00e0 prendre rendez-vous dans l'un de nos nombreux comptoirs.","sameAs":["https:\/\/www.gold.fr"]}]}},"authors":[{"term_id":2565,"user_id":18,"is_guest":0,"slug":"julie","display_name":"Comptoir National de l'Or","avatar_url":"https:\/\/secure.gravatar.com\/avatar\/713f289e398d35ead876c4a4cc08607f0d6d266058cfc25683fffb6092d0e572?s=96&d=mm&r=g","0":null,"1":"","2":"","3":"","4":"","5":"","6":"","7":"","8":""}],"_links":{"self":[{"href":"https:\/\/www.gold.fr\/news\/wp-json\/wp\/v2\/posts\/19362","targetHints":{"allow":["GET"]}}],"collection":[{"href":"https:\/\/www.gold.fr\/news\/wp-json\/wp\/v2\/posts"}],"about":[{"href":"https:\/\/www.gold.fr\/news\/wp-json\/wp\/v2\/types\/post"}],"author":[{"embeddable":true,"href":"https:\/\/www.gold.fr\/news\/wp-json\/wp\/v2\/users\/18"}],"replies":[{"embeddable":true,"href":"https:\/\/www.gold.fr\/news\/wp-json\/wp\/v2\/comments?post=19362"}],"version-history":[{"count":0,"href":"https:\/\/www.gold.fr\/news\/wp-json\/wp\/v2\/posts\/19362\/revisions"}],"wp:featuredmedia":[{"embeddable":true,"href":"https:\/\/www.gold.fr\/news\/wp-json\/wp\/v2\/media\/32061"}],"wp:attachment":[{"href":"https:\/\/www.gold.fr\/news\/wp-json\/wp\/v2\/media?parent=19362"}],"wp:term":[{"taxonomy":"category","embeddable":true,"href":"https:\/\/www.gold.fr\/news\/wp-json\/wp\/v2\/categories?post=19362"},{"taxonomy":"post_tag","embeddable":true,"href":"https:\/\/www.gold.fr\/news\/wp-json\/wp\/v2\/tags?post=19362"},{"taxonomy":"author","embeddable":true,"href":"https:\/\/www.gold.fr\/news\/wp-json\/wp\/v2\/ppma_author?post=19362"}],"curies":[{"name":"wp","href":"https:\/\/api.w.org\/{rel}","templated":true}]}}