{"id":19356,"date":"2016-05-10T09:00:47","date_gmt":"2016-05-10T07:00:47","guid":{"rendered":"https:\/\/www.gold.fr\/news\/?p=19356"},"modified":"2018-03-21T15:59:59","modified_gmt":"2018-03-21T14:59:59","slug":"marches-reprise-en-douceur-en-attendant-un-catalyseur","status":"publish","type":"post","link":"https:\/\/www.gold.fr\/news\/2016\/05\/10\/marches-reprise-en-douceur-en-attendant-un-catalyseur\/","title":{"rendered":"March\u00e9s : Reprise en douceur, en attendant un catalyseur"},"content":{"rendered":"<p><img loading=\"lazy\" decoding=\"async\" class=\"alignleft wp-image-31716 size-thumbnail\" title=\"March\u00e9s : Reprise en douceur, en attendant un catalyseur\" src=\"https:\/\/www.gold.fr\/news\/wp-content\/uploads\/2016\/02\/demande-mondiale-5-150x150.jpg\" alt=\"March\u00e9s : Reprise en douceur, en attendant un catalyseur\" width=\"150\" height=\"150\" \/>La semaine d\u00e9bute sur une note relativement calme, les march\u00e9s retrouvant un rythme assez normalis\u00e9, apr\u00e8s le tumulte attentiste de la fin de la semaine derni\u00e8re. Les places boursi\u00e8res tentent d\u00e9j\u00e0 de se remettre des r\u00e9centes nouvelles d\u00e9cevantes de l&#8217;emploi am\u00e9ricain, le &lsquo;<em>catalyseur<\/em>&lsquo; chinois dans le collimateur.<\/p>\n<p><span style=\"font-size: small;\"> Vendredi dernier, le D\u00e9partement du Travail am\u00e9ricain avait publi\u00e9 son dernier rapport sur l&#8217;emploi US, d\u00e9voilant des r\u00e9sultats d\u00e9cevants, dans l&rsquo;ensemble. Au total, <strong>160.000<\/strong> emplois non agricoles ont \u00e9t\u00e9 cr\u00e9\u00e9s dans le pays, au mois d&rsquo;avril, contre un consensus \u00e9conomiste qui en pr\u00e9voyait en moyenne <strong>200.000<\/strong>, confirmant ainsi les r\u00e9sultats de l&rsquo;enqu\u00eate <strong>ADP<\/strong>, publi\u00e9e deux jours plus t\u00f4t. Par ailleurs, les cr\u00e9ations de postes des deux mois pr\u00e9c\u00e9dents ont \u00e9galement subi une r\u00e9vision \u00e0 la baisse <em>(19.000, au total)<\/em>. Cette nouvelle d\u00e9ception macro\u00e9conomique majeure vient renforcer les sp\u00e9culations de la plupart des observateurs qui ne pr\u00e9voient aucun changement de la politique mon\u00e9taire am\u00e9ricaine au mois de juin, lors de la prochaine r\u00e9union du <strong>FOMC<\/strong>.<\/span><\/p>\n<p><span style=\"font-size: small;\">En attendant ce catalyseur majeur de la r\u00e9serve f\u00e9d\u00e9rale am\u00e9ricaine, les march\u00e9s se remettent lentement des r\u00e9percussions de la publication de ce rapport. Apr\u00e8s une r\u00e9action imm\u00e9diate \u2013<em>et attendue<\/em> &#8211; de baisse, les principaux indicateurs am\u00e9ricains ont affich\u00e9 une performance haussi\u00e8re, confirmant le diagnostic des experts qui estiment que cette mauvaise nouvelle repr\u00e9sente un argument de plus pour retarder le prochain rel\u00e8vement des taux d&rsquo;int\u00e9r\u00eat <strong>FED<\/strong>. <\/span><span style=\"font-size: small;\">En d\u00e9finitive, il s&rsquo;agit donc d&rsquo;un mal pour un bien.<\/span><\/p>\n<p><span style=\"font-size: small;\">Pour l&rsquo;heure, le calendrier statistique et macro\u00e9conomique de la semaine demeure relativement all\u00e9g\u00e9, du coup, seuls les chiffres chinois <em>(pr\u00e9vus pour publication sous peu)<\/em> se retrouvent dans le collimateur des op\u00e9rateurs, per\u00e7us unanimement comme le principal catalyseur de ce d\u00e9but de semaine. <\/span><span style=\"font-size: small;\">Selon les observateurs, il est actuellement \u00e9vident que \u00ab <em>les investisseurs r\u00e9agissent au quart de tour \u00e0 la moindre manifestation d&rsquo;inqui\u00e9tude concernant un \u00e9ventuel ralentissement de la croissance mondiale<\/em> \u00bb, ce qui signifie que \u00ab <em>toute mauvaise nouvelle en provenance de Chine pourrait constituer un mauvais pr\u00e9sage pour les march\u00e9s d&rsquo;<a class=\"esk-seo-plu-link\" href=\"https:\/\/www.gold.fr\/news\/tags\/investissement\">actions<\/a><\/em> \u00bb.<\/span> <span style=\"font-size: small;\"> Pourtant, pour l&rsquo;instant, les march\u00e9s r\u00e9sistent relativement bien \u00e0 la pression baissi\u00e8re de la premi\u00e8re salve de nouvelles chinoises ; recul des exportations chinoises en avril, et baisse importante des importations. Et si les places boursi\u00e8res peinent ainsi \u00e0 avoir une r\u00e9action logique aux menaces conjoncturelles, c&rsquo;est essentiellement d\u00fb \u00e0 l&rsquo;absence de catalyseur solide. Les analystes estiment \u00e0 ce sujet qu&rsquo;il \u00ab <em>faudrait qu&rsquo;on assiste \u00e0 une brusque remont\u00e9e du dollar pour qu&rsquo;une v\u00e9ritable aversion au risque se manifeste<\/em> \u00bb, rappelant que, paradoxalement, \u00ab<em> l&rsquo;indice de la peur VIX s&rsquo;est tass\u00e9, vendredi soir<\/em> \u00bb.<\/span><\/p>\n<!-- AddThis Advanced Settings generic via filter on the_content --><!-- AddThis Share Buttons generic via filter on the_content -->","protected":false},"excerpt":{"rendered":"<p>La semaine d\u00e9bute sur une note relativement calme, les march\u00e9s retrouvant un rythme assez normalis\u00e9, apr\u00e8s le tumulte attentiste de la fin de la semaine derni\u00e8re. Les places boursi\u00e8res tentent d\u00e9j\u00e0 de se remettre des r\u00e9centes [&hellip;]<\/p>\n","protected":false},"author":18,"featured_media":31057,"comment_status":"open","ping_status":"open","sticky":false,"template":"","format":"standard","meta":{"_mbp_gutenberg_autopost":false,"_pgmb_is_evergreen":false,"_pgmb_ap_template_id":0,"footnotes":""},"categories":[6],"tags":[2133,2239,2238,146,1756,1796,1105,144,1034,1649,1329],"ppma_author":[2565],"class_list":["post-19356","post","type-post","status-publish","format-standard","has-post-thumbnail","hentry","category-articles-de-presse","tag-adp","tag-calendrier-macroeconomique","tag-calendrier-statistique","tag-chine","tag-croissance-mondiale","tag-emploi-americain","tag-emploi-us","tag-fed","tag-fomc","tag-marches","tag-reserve-federale-americaine"],"yoast_head":"<!-- This site is optimized with the Yoast SEO plugin v27.5 - https:\/\/yoast.com\/product\/yoast-seo-wordpress\/ -->\n<title>March\u00e9s : Reprise en douceur, en attendant un catalyseur - Gold.fr<\/title>\n<meta name=\"robots\" content=\"index, follow, max-snippet:-1, max-image-preview:large, max-video-preview:-1\" \/>\n<link rel=\"canonical\" href=\"https:\/\/www.gold.fr\/news\/2016\/05\/10\/marches-reprise-en-douceur-en-attendant-un-catalyseur\/\" \/>\n<meta property=\"og:locale\" content=\"fr_FR\" \/>\n<meta property=\"og:type\" content=\"article\" \/>\n<meta property=\"og:title\" content=\"March\u00e9s : Reprise en douceur, en attendant un catalyseur - Gold.fr\" \/>\n<meta property=\"og:description\" content=\"La semaine d\u00e9bute sur une note relativement calme, les march\u00e9s retrouvant un rythme assez normalis\u00e9, apr\u00e8s le tumulte attentiste de la fin de la semaine derni\u00e8re. Les places boursi\u00e8res tentent d\u00e9j\u00e0 de se remettre des r\u00e9centes [&hellip;]\" \/>\n<meta property=\"og:url\" content=\"https:\/\/www.gold.fr\/news\/2016\/05\/10\/marches-reprise-en-douceur-en-attendant-un-catalyseur\/\" \/>\n<meta property=\"og:site_name\" content=\"Gold.fr\" \/>\n<meta property=\"article:publisher\" content=\"https:\/\/www.facebook.com\/Goldfr\/\" \/>\n<meta property=\"article:published_time\" content=\"2016-05-10T07:00:47+00:00\" \/>\n<meta property=\"article:modified_time\" content=\"2018-03-21T14:59:59+00:00\" \/>\n<meta property=\"og:image\" content=\"https:\/\/www.gold.fr\/news\/wp-content\/uploads\/2017\/07\/demande-mondiale.jpg\" \/>\n\t<meta property=\"og:image:width\" content=\"600\" \/>\n\t<meta property=\"og:image:height\" content=\"400\" \/>\n\t<meta property=\"og:image:type\" content=\"image\/jpeg\" \/>\n<meta name=\"author\" content=\"Comptoir National de l&#039;Or\" \/>\n<meta name=\"twitter:card\" content=\"summary_large_image\" \/>\n<meta name=\"twitter:label1\" content=\"\u00c9crit par\" \/>\n\t<meta name=\"twitter:data1\" content=\"Comptoir National de l&#039;Or\" \/>\n\t<meta name=\"twitter:label2\" content=\"Dur\u00e9e de lecture estim\u00e9e\" \/>\n\t<meta name=\"twitter:data2\" content=\"2 minutes\" \/>\n<script type=\"application\/ld+json\" class=\"yoast-schema-graph\">{\"@context\":\"https:\\\/\\\/schema.org\",\"@graph\":[{\"@type\":\"Article\",\"@id\":\"https:\\\/\\\/www.gold.fr\\\/news\\\/2016\\\/05\\\/10\\\/marches-reprise-en-douceur-en-attendant-un-catalyseur\\\/#article\",\"isPartOf\":{\"@id\":\"https:\\\/\\\/www.gold.fr\\\/news\\\/2016\\\/05\\\/10\\\/marches-reprise-en-douceur-en-attendant-un-catalyseur\\\/\"},\"author\":{\"name\":\"Comptoir National de l'Or\",\"@id\":\"https:\\\/\\\/www.gold.fr\\\/news\\\/#\\\/schema\\\/person\\\/070491b4b4fb7671bf59b3be20302ce9\"},\"headline\":\"March\u00e9s : Reprise en douceur, en attendant un catalyseur\",\"datePublished\":\"2016-05-10T07:00:47+00:00\",\"dateModified\":\"2018-03-21T14:59:59+00:00\",\"mainEntityOfPage\":{\"@id\":\"https:\\\/\\\/www.gold.fr\\\/news\\\/2016\\\/05\\\/10\\\/marches-reprise-en-douceur-en-attendant-un-catalyseur\\\/\"},\"wordCount\":499,\"commentCount\":0,\"image\":{\"@id\":\"https:\\\/\\\/www.gold.fr\\\/news\\\/2016\\\/05\\\/10\\\/marches-reprise-en-douceur-en-attendant-un-catalyseur\\\/#primaryimage\"},\"thumbnailUrl\":\"https:\\\/\\\/www.gold.fr\\\/news\\\/wp-content\\\/uploads\\\/2017\\\/07\\\/demande-mondiale.jpg\",\"keywords\":[\"ADP\",\"calendrier macro\u00e9conomique\",\"calendrier statistique\",\"chine\",\"croissance mondiale\",\"emploi am\u00e9ricain\",\"emploi US\",\"fed\",\"FOMC\",\"march\u00e9s\",\"R\u00e9serve F\u00e9d\u00e9rale Am\u00e9ricaine\"],\"articleSection\":[\"Articles de presse\"],\"inLanguage\":\"fr-FR\"},{\"@type\":\"WebPage\",\"@id\":\"https:\\\/\\\/www.gold.fr\\\/news\\\/2016\\\/05\\\/10\\\/marches-reprise-en-douceur-en-attendant-un-catalyseur\\\/\",\"url\":\"https:\\\/\\\/www.gold.fr\\\/news\\\/2016\\\/05\\\/10\\\/marches-reprise-en-douceur-en-attendant-un-catalyseur\\\/\",\"name\":\"March\u00e9s : Reprise en douceur, en attendant un catalyseur - Gold.fr\",\"isPartOf\":{\"@id\":\"https:\\\/\\\/www.gold.fr\\\/news\\\/#website\"},\"primaryImageOfPage\":{\"@id\":\"https:\\\/\\\/www.gold.fr\\\/news\\\/2016\\\/05\\\/10\\\/marches-reprise-en-douceur-en-attendant-un-catalyseur\\\/#primaryimage\"},\"image\":{\"@id\":\"https:\\\/\\\/www.gold.fr\\\/news\\\/2016\\\/05\\\/10\\\/marches-reprise-en-douceur-en-attendant-un-catalyseur\\\/#primaryimage\"},\"thumbnailUrl\":\"https:\\\/\\\/www.gold.fr\\\/news\\\/wp-content\\\/uploads\\\/2017\\\/07\\\/demande-mondiale.jpg\",\"datePublished\":\"2016-05-10T07:00:47+00:00\",\"dateModified\":\"2018-03-21T14:59:59+00:00\",\"author\":{\"@id\":\"https:\\\/\\\/www.gold.fr\\\/news\\\/#\\\/schema\\\/person\\\/070491b4b4fb7671bf59b3be20302ce9\"},\"breadcrumb\":{\"@id\":\"https:\\\/\\\/www.gold.fr\\\/news\\\/2016\\\/05\\\/10\\\/marches-reprise-en-douceur-en-attendant-un-catalyseur\\\/#breadcrumb\"},\"inLanguage\":\"fr-FR\",\"potentialAction\":[{\"@type\":\"ReadAction\",\"target\":[\"https:\\\/\\\/www.gold.fr\\\/news\\\/2016\\\/05\\\/10\\\/marches-reprise-en-douceur-en-attendant-un-catalyseur\\\/\"]}]},{\"@type\":\"ImageObject\",\"inLanguage\":\"fr-FR\",\"@id\":\"https:\\\/\\\/www.gold.fr\\\/news\\\/2016\\\/05\\\/10\\\/marches-reprise-en-douceur-en-attendant-un-catalyseur\\\/#primaryimage\",\"url\":\"https:\\\/\\\/www.gold.fr\\\/news\\\/wp-content\\\/uploads\\\/2017\\\/07\\\/demande-mondiale.jpg\",\"contentUrl\":\"https:\\\/\\\/www.gold.fr\\\/news\\\/wp-content\\\/uploads\\\/2017\\\/07\\\/demande-mondiale.jpg\",\"width\":600,\"height\":400,\"caption\":\"Les analystes financiers confiants quant \u00e0 une progression du cours de l\u2019or\"},{\"@type\":\"BreadcrumbList\",\"@id\":\"https:\\\/\\\/www.gold.fr\\\/news\\\/2016\\\/05\\\/10\\\/marches-reprise-en-douceur-en-attendant-un-catalyseur\\\/#breadcrumb\",\"itemListElement\":[{\"@type\":\"ListItem\",\"position\":1,\"name\":\"Accueil\",\"item\":\"https:\\\/\\\/www.gold.fr\\\/\"},{\"@type\":\"ListItem\",\"position\":2,\"name\":\"Actualit\u00e9s\",\"item\":\"https:\\\/\\\/www.gold.fr\\\/news\\\/\"},{\"@type\":\"ListItem\",\"position\":3,\"name\":\"March\u00e9s : Reprise en douceur, en attendant un catalyseur\"}]},{\"@type\":\"WebSite\",\"@id\":\"https:\\\/\\\/www.gold.fr\\\/news\\\/#website\",\"url\":\"https:\\\/\\\/www.gold.fr\\\/news\\\/\",\"name\":\"Gold.fr\",\"description\":\"Actualit\u00e9s de l&#039;Or et des m\u00e9taux pr\u00e9cieux\",\"potentialAction\":[{\"@type\":\"SearchAction\",\"target\":{\"@type\":\"EntryPoint\",\"urlTemplate\":\"https:\\\/\\\/www.gold.fr\\\/news\\\/?s={search_term_string}\"},\"query-input\":{\"@type\":\"PropertyValueSpecification\",\"valueRequired\":true,\"valueName\":\"search_term_string\"}}],\"inLanguage\":\"fr-FR\"},{\"@type\":\"Person\",\"@id\":\"https:\\\/\\\/www.gold.fr\\\/news\\\/#\\\/schema\\\/person\\\/070491b4b4fb7671bf59b3be20302ce9\",\"name\":\"Comptoir National de l'Or\",\"image\":{\"@type\":\"ImageObject\",\"inLanguage\":\"fr-FR\",\"@id\":\"https:\\\/\\\/secure.gravatar.com\\\/avatar\\\/0a2867fd5abe37bed95d5a65e9d58f01756e11efc68af9888dfc50cfa7f65948?s=96&d=mm&r=gb490554db0a38188709de567aa58480d\",\"url\":\"https:\\\/\\\/secure.gravatar.com\\\/avatar\\\/0a2867fd5abe37bed95d5a65e9d58f01756e11efc68af9888dfc50cfa7f65948?s=96&d=mm&r=g\",\"contentUrl\":\"https:\\\/\\\/secure.gravatar.com\\\/avatar\\\/0a2867fd5abe37bed95d5a65e9d58f01756e11efc68af9888dfc50cfa7f65948?s=96&d=mm&r=g\",\"caption\":\"Comptoir National de l'Or\"},\"description\":\"Notre r\u00e9daction est constitu\u00e9e de membres experts dans les m\u00e9tiers de l'\u00e9conomie et la gestion, des Responsables d'agence Comptoir National de l'Or, des analystes financiers qui publient r\u00e9guli\u00e8rement des \u00e9tudes sur les politiques des banques centrales, le cours de l'or, prix de l'or, cours de l'argent, prix de l'argent, cours du platine, cours du palladium,... la situation en zone euro et l'impact de la strat\u00e9gie mon\u00e9taire de la FED. Notre \u00e9quipe scrute \u00e9galement une information plus g\u00e9n\u00e9raliste \u00e0 la recherche d'actualit\u00e9 \\\"p\u00e9pite\\\" \u00e0 vous partager. Depuis 5 ans, nous avons publi\u00e9 un peu plus de 4000 articles qui s'adressent \u00e0 un public large et vari\u00e9 ayant pour objectif de satisfaire votre curiosit\u00e9 et de partager avec vous une certaine fascination pour le m\u00e9tal jaune, le rachat d'or, et pour ceux qui veulent investir dans l'or, vendre leur or tout simplement en savoir plus... Pour tous vos achat or et argent, n'h\u00e9sitez pas \u00e0 prendre rendez-vous dans l'un de nos nombreux comptoirs.\",\"sameAs\":[\"https:\\\/\\\/www.gold.fr\"]}]}<\/script>\n<!-- \/ Yoast SEO plugin. -->","yoast_head_json":{"title":"March\u00e9s : Reprise en douceur, en attendant un catalyseur - Gold.fr","robots":{"index":"index","follow":"follow","max-snippet":"max-snippet:-1","max-image-preview":"max-image-preview:large","max-video-preview":"max-video-preview:-1"},"canonical":"https:\/\/www.gold.fr\/news\/2016\/05\/10\/marches-reprise-en-douceur-en-attendant-un-catalyseur\/","og_locale":"fr_FR","og_type":"article","og_title":"March\u00e9s : Reprise en douceur, en attendant un catalyseur - Gold.fr","og_description":"La semaine d\u00e9bute sur une note relativement calme, les march\u00e9s retrouvant un rythme assez normalis\u00e9, apr\u00e8s le tumulte attentiste de la fin de la semaine derni\u00e8re. Les places boursi\u00e8res tentent d\u00e9j\u00e0 de se remettre des r\u00e9centes [&hellip;]","og_url":"https:\/\/www.gold.fr\/news\/2016\/05\/10\/marches-reprise-en-douceur-en-attendant-un-catalyseur\/","og_site_name":"Gold.fr","article_publisher":"https:\/\/www.facebook.com\/Goldfr\/","article_published_time":"2016-05-10T07:00:47+00:00","article_modified_time":"2018-03-21T14:59:59+00:00","og_image":[{"width":600,"height":400,"url":"https:\/\/www.gold.fr\/news\/wp-content\/uploads\/2017\/07\/demande-mondiale.jpg","type":"image\/jpeg"}],"author":"Comptoir National de l'Or","twitter_card":"summary_large_image","twitter_misc":{"\u00c9crit par":"Comptoir National de l'Or","Dur\u00e9e de lecture estim\u00e9e":"2 minutes"},"schema":{"@context":"https:\/\/schema.org","@graph":[{"@type":"Article","@id":"https:\/\/www.gold.fr\/news\/2016\/05\/10\/marches-reprise-en-douceur-en-attendant-un-catalyseur\/#article","isPartOf":{"@id":"https:\/\/www.gold.fr\/news\/2016\/05\/10\/marches-reprise-en-douceur-en-attendant-un-catalyseur\/"},"author":{"name":"Comptoir National de l'Or","@id":"https:\/\/www.gold.fr\/news\/#\/schema\/person\/070491b4b4fb7671bf59b3be20302ce9"},"headline":"March\u00e9s : Reprise en douceur, en attendant un catalyseur","datePublished":"2016-05-10T07:00:47+00:00","dateModified":"2018-03-21T14:59:59+00:00","mainEntityOfPage":{"@id":"https:\/\/www.gold.fr\/news\/2016\/05\/10\/marches-reprise-en-douceur-en-attendant-un-catalyseur\/"},"wordCount":499,"commentCount":0,"image":{"@id":"https:\/\/www.gold.fr\/news\/2016\/05\/10\/marches-reprise-en-douceur-en-attendant-un-catalyseur\/#primaryimage"},"thumbnailUrl":"https:\/\/www.gold.fr\/news\/wp-content\/uploads\/2017\/07\/demande-mondiale.jpg","keywords":["ADP","calendrier macro\u00e9conomique","calendrier statistique","chine","croissance mondiale","emploi am\u00e9ricain","emploi US","fed","FOMC","march\u00e9s","R\u00e9serve F\u00e9d\u00e9rale Am\u00e9ricaine"],"articleSection":["Articles de presse"],"inLanguage":"fr-FR"},{"@type":"WebPage","@id":"https:\/\/www.gold.fr\/news\/2016\/05\/10\/marches-reprise-en-douceur-en-attendant-un-catalyseur\/","url":"https:\/\/www.gold.fr\/news\/2016\/05\/10\/marches-reprise-en-douceur-en-attendant-un-catalyseur\/","name":"March\u00e9s : Reprise en douceur, en attendant un catalyseur - Gold.fr","isPartOf":{"@id":"https:\/\/www.gold.fr\/news\/#website"},"primaryImageOfPage":{"@id":"https:\/\/www.gold.fr\/news\/2016\/05\/10\/marches-reprise-en-douceur-en-attendant-un-catalyseur\/#primaryimage"},"image":{"@id":"https:\/\/www.gold.fr\/news\/2016\/05\/10\/marches-reprise-en-douceur-en-attendant-un-catalyseur\/#primaryimage"},"thumbnailUrl":"https:\/\/www.gold.fr\/news\/wp-content\/uploads\/2017\/07\/demande-mondiale.jpg","datePublished":"2016-05-10T07:00:47+00:00","dateModified":"2018-03-21T14:59:59+00:00","author":{"@id":"https:\/\/www.gold.fr\/news\/#\/schema\/person\/070491b4b4fb7671bf59b3be20302ce9"},"breadcrumb":{"@id":"https:\/\/www.gold.fr\/news\/2016\/05\/10\/marches-reprise-en-douceur-en-attendant-un-catalyseur\/#breadcrumb"},"inLanguage":"fr-FR","potentialAction":[{"@type":"ReadAction","target":["https:\/\/www.gold.fr\/news\/2016\/05\/10\/marches-reprise-en-douceur-en-attendant-un-catalyseur\/"]}]},{"@type":"ImageObject","inLanguage":"fr-FR","@id":"https:\/\/www.gold.fr\/news\/2016\/05\/10\/marches-reprise-en-douceur-en-attendant-un-catalyseur\/#primaryimage","url":"https:\/\/www.gold.fr\/news\/wp-content\/uploads\/2017\/07\/demande-mondiale.jpg","contentUrl":"https:\/\/www.gold.fr\/news\/wp-content\/uploads\/2017\/07\/demande-mondiale.jpg","width":600,"height":400,"caption":"Les analystes financiers confiants quant \u00e0 une progression du cours de l\u2019or"},{"@type":"BreadcrumbList","@id":"https:\/\/www.gold.fr\/news\/2016\/05\/10\/marches-reprise-en-douceur-en-attendant-un-catalyseur\/#breadcrumb","itemListElement":[{"@type":"ListItem","position":1,"name":"Accueil","item":"https:\/\/www.gold.fr\/"},{"@type":"ListItem","position":2,"name":"Actualit\u00e9s","item":"https:\/\/www.gold.fr\/news\/"},{"@type":"ListItem","position":3,"name":"March\u00e9s : Reprise en douceur, en attendant un catalyseur"}]},{"@type":"WebSite","@id":"https:\/\/www.gold.fr\/news\/#website","url":"https:\/\/www.gold.fr\/news\/","name":"Gold.fr","description":"Actualit\u00e9s de l&#039;Or et des m\u00e9taux pr\u00e9cieux","potentialAction":[{"@type":"SearchAction","target":{"@type":"EntryPoint","urlTemplate":"https:\/\/www.gold.fr\/news\/?s={search_term_string}"},"query-input":{"@type":"PropertyValueSpecification","valueRequired":true,"valueName":"search_term_string"}}],"inLanguage":"fr-FR"},{"@type":"Person","@id":"https:\/\/www.gold.fr\/news\/#\/schema\/person\/070491b4b4fb7671bf59b3be20302ce9","name":"Comptoir National de l'Or","image":{"@type":"ImageObject","inLanguage":"fr-FR","@id":"https:\/\/secure.gravatar.com\/avatar\/0a2867fd5abe37bed95d5a65e9d58f01756e11efc68af9888dfc50cfa7f65948?s=96&d=mm&r=gb490554db0a38188709de567aa58480d","url":"https:\/\/secure.gravatar.com\/avatar\/0a2867fd5abe37bed95d5a65e9d58f01756e11efc68af9888dfc50cfa7f65948?s=96&d=mm&r=g","contentUrl":"https:\/\/secure.gravatar.com\/avatar\/0a2867fd5abe37bed95d5a65e9d58f01756e11efc68af9888dfc50cfa7f65948?s=96&d=mm&r=g","caption":"Comptoir National de l'Or"},"description":"Notre r\u00e9daction est constitu\u00e9e de membres experts dans les m\u00e9tiers de l'\u00e9conomie et la gestion, des Responsables d'agence Comptoir National de l'Or, des analystes financiers qui publient r\u00e9guli\u00e8rement des \u00e9tudes sur les politiques des banques centrales, le cours de l'or, prix de l'or, cours de l'argent, prix de l'argent, cours du platine, cours du palladium,... la situation en zone euro et l'impact de la strat\u00e9gie mon\u00e9taire de la FED. Notre \u00e9quipe scrute \u00e9galement une information plus g\u00e9n\u00e9raliste \u00e0 la recherche d'actualit\u00e9 \"p\u00e9pite\" \u00e0 vous partager. Depuis 5 ans, nous avons publi\u00e9 un peu plus de 4000 articles qui s'adressent \u00e0 un public large et vari\u00e9 ayant pour objectif de satisfaire votre curiosit\u00e9 et de partager avec vous une certaine fascination pour le m\u00e9tal jaune, le rachat d'or, et pour ceux qui veulent investir dans l'or, vendre leur or tout simplement en savoir plus... Pour tous vos achat or et argent, n'h\u00e9sitez pas \u00e0 prendre rendez-vous dans l'un de nos nombreux comptoirs.","sameAs":["https:\/\/www.gold.fr"]}]}},"authors":[{"term_id":2565,"user_id":18,"is_guest":0,"slug":"julie","display_name":"Comptoir National de l'Or","avatar_url":"https:\/\/secure.gravatar.com\/avatar\/713f289e398d35ead876c4a4cc08607f0d6d266058cfc25683fffb6092d0e572?s=96&d=mm&r=g","0":null,"1":"","2":"","3":"","4":"","5":"","6":"","7":"","8":""}],"_links":{"self":[{"href":"https:\/\/www.gold.fr\/news\/wp-json\/wp\/v2\/posts\/19356","targetHints":{"allow":["GET"]}}],"collection":[{"href":"https:\/\/www.gold.fr\/news\/wp-json\/wp\/v2\/posts"}],"about":[{"href":"https:\/\/www.gold.fr\/news\/wp-json\/wp\/v2\/types\/post"}],"author":[{"embeddable":true,"href":"https:\/\/www.gold.fr\/news\/wp-json\/wp\/v2\/users\/18"}],"replies":[{"embeddable":true,"href":"https:\/\/www.gold.fr\/news\/wp-json\/wp\/v2\/comments?post=19356"}],"version-history":[{"count":0,"href":"https:\/\/www.gold.fr\/news\/wp-json\/wp\/v2\/posts\/19356\/revisions"}],"wp:featuredmedia":[{"embeddable":true,"href":"https:\/\/www.gold.fr\/news\/wp-json\/wp\/v2\/media\/31057"}],"wp:attachment":[{"href":"https:\/\/www.gold.fr\/news\/wp-json\/wp\/v2\/media?parent=19356"}],"wp:term":[{"taxonomy":"category","embeddable":true,"href":"https:\/\/www.gold.fr\/news\/wp-json\/wp\/v2\/categories?post=19356"},{"taxonomy":"post_tag","embeddable":true,"href":"https:\/\/www.gold.fr\/news\/wp-json\/wp\/v2\/tags?post=19356"},{"taxonomy":"author","embeddable":true,"href":"https:\/\/www.gold.fr\/news\/wp-json\/wp\/v2\/ppma_author?post=19356"}],"curies":[{"name":"wp","href":"https:\/\/api.w.org\/{rel}","templated":true}]}}