{"id":19322,"date":"2016-05-03T09:00:26","date_gmt":"2016-05-03T07:00:26","guid":{"rendered":"https:\/\/www.gold.fr\/news\/?p=19322"},"modified":"2018-03-29T14:57:31","modified_gmt":"2018-03-29T12:57:31","slug":"or-un-debut-de-semaine-euphorique","status":"publish","type":"post","link":"https:\/\/www.gold.fr\/news\/2016\/05\/03\/or-un-debut-de-semaine-euphorique\/","title":{"rendered":"Or : Un d\u00e9but de semaine euphorique"},"content":{"rendered":"<p><span style=\"font-size: small;\"><img loading=\"lazy\" decoding=\"async\" class=\"alignleft wp-image-2390 size-thumbnail\" title=\"Or : Un d\u00e9but de semaine euphorique\" src=\"https:\/\/www.gold.fr\/news\/wp-content\/uploads\/2011\/09\/prix-once-or-touche-sommet-150x150.jpg\" alt=\"Or : Un d\u00e9but de semaine euphorique\" width=\"150\" height=\"150\" \/>Et c&rsquo;est une euphorie que le march\u00e9 aurif\u00e8re doit essentiellement au rouge unanime qui marque actuellement la performance de la totalit\u00e9 des march\u00e9s europ\u00e9ens et am\u00e9ricains. <strong>L&rsquo;<a class=\"esk-seo-plu-link\" href=\"https:\/\/www.gold.fr\/news\/tags\/or\">or<\/a><\/strong> d\u00e9bute cette nouvelle semaine boursi\u00e8re sur une note particuli\u00e8rement haussi\u00e8re, navigant au bord du palier des <strong>1 300 <a class=\"esk-seo-plu-link\" href=\"https:\/\/www.gold.fr\/news\/tags\/investissement\">dollars<\/a><\/strong> <a title=\"Prix de l'Once d'or\" href=\"https:\/\/www.gold.fr\/once-or-nyc\/\" target=\"_blank\" rel=\"noopener\">l&rsquo;once<\/a>, ce qui constitue un cumul de gains d&rsquo;environ <strong>50 <a class=\"esk-seo-plu-link\" href=\"https:\/\/www.gold.fr\/news\/tags\/investissement\">dollars<\/a><\/strong> en moins de 10 jours.<\/span><\/p>\n<p><span style=\"font-size: small;\">Les march\u00e9s europ\u00e9ens avaient connu une s\u00e9ance difficile, \u00e0 la fin de la semaine derni\u00e8re, chutant dans une r\u00e9action de cha\u00eene massive \u00e0 la \u00ab<em> pi\u00e8tre<\/em> \u00bb s\u00e9rie d&rsquo;indices \u00e9conomiques am\u00e9ricains. La nouvelle la plus marquante de ce bilan morose demeure probablement le rapport publi\u00e9, jeudi dernier, par le Bureau of Economic Analysis <em>(BEA)<\/em> qui a r\u00e9v\u00e9l\u00e9, pour le premier trimestre 2016, une croissance du <strong>PIB<\/strong> de <strong>0,5%<\/strong> seulement. Un r\u00e9sultat qui d\u00e9\u00e7oit clairement les pr\u00e9visions \u00e9conomistes qui le pla\u00e7aient autour de <strong>0,7%<\/strong>, et faisant surtout suite \u00e0 un r\u00e9sultat de <strong>1,4%<\/strong> au quatri\u00e8me trimestre 2015. <\/span><\/p>\n<p><span style=\"font-size: small;\">Les observateurs estiment qu&rsquo;il s&rsquo;agit l\u00e0 \u00ab <em>d&rsquo;une nouvelle sombre pour l&rsquo;activit\u00e9 et donc les profits des entreprises qui est de nature \u00e0 soutenir la <a class=\"esk-seo-plu-link\" href=\"https:\/\/www.gold.fr\/news\/tags\/investissement\">valeur refuge<\/a>, (\u2026) et ce d&rsquo;autant que cette statistique p\u00e8se aussi sur le dollar, ce qui tend m\u00e9caniquement \u00e0 faire monter le <a class=\"esk-seo-plu-link\" href=\"https:\/\/www.gold.fr\/news\/tags\/cours-de-lor\">cours de l&rsquo;or<\/a> d&rsquo;autant<\/em> \u00bb. <\/span><\/p>\n<p><span style=\"font-size: small;\">La nouvelle avait d&rsquo;ailleurs effectivement eu pour cons\u00e9quence imm\u00e9diate de propulser le prix de <a title=\"Prix de l'Once d'or\" href=\"https:\/\/www.gold.fr\/once-or-nyc\/\" target=\"_blank\" rel=\"noopener\">l&rsquo;once<\/a> vers un sommet quasi semestriel de pr\u00e8s de <strong>1 300 <a class=\"esk-seo-plu-link\" href=\"https:\/\/www.gold.fr\/news\/tags\/investissement\">dollars<\/a><\/strong>.<\/span> <span style=\"font-size: small;\">Il faut toutefois rappeler que ce rallye haussier avait \u00e9t\u00e9 enclench\u00e9 par la r\u00e9union du <strong>FOMC<\/strong>, qui avait pris fin mercredi dernier et dont l&rsquo;issue a laiss\u00e9 les march\u00e9s sur leur faim, provoquant automatiquement une nouvelle vague d&rsquo;incertitude. <\/span><\/p>\n<p><span style=\"font-size: small;\">L&rsquo;institution avait en effet insinu\u00e9, dans le cadre de son communiqu\u00e9 officiel, que de nouveaux<em> &lsquo;tours de vis&rsquo;<\/em> sur les taux directeurs n&rsquo;\u00e9taient pas \u00e0 pr\u00e9voir dans l&rsquo;imm\u00e9diat. Une annonce qui a renforc\u00e9 le consensus expert selon lequel un seul rel\u00e8vement des taux \u00e9tait pr\u00e9vu au calendrier 2016 de la r\u00e9serve f\u00e9d\u00e9rale am\u00e9ricaine.<\/span><\/p>\n<p><span style=\"font-size: small;\">Citons enfin le facteur de &lsquo;l&rsquo;helicopter money&rsquo; qui demeure \u00e9galement un facteur majeur dans les craintes qui alimentent la <a class=\"esk-seo-plu-link\" href=\"https:\/\/www.gold.fr\/news\/tags\/investissement\">valeur refuge<\/a> de l&rsquo;<a class=\"esk-seo-plu-link\" href=\"https:\/\/www.gold.fr\/news\/tags\/or\">or<\/a>. Un sc\u00e9nario r\u00e9cemment \u00e9voqu\u00e9 tant par la BCE que par la Banque du Japon. Les \u00e9conomistes rappellent que ce concept th\u00e9orique, \u00ab d\u00e9velopp\u00e9 initialement dans les ann\u00e9es 60 par Milton Friedman, (\u2026) doit sa forme actuelle \u00e0 l&rsquo;ancien gouverneur de la FED, Ben Bernanke, surnomm\u00e9 pour cette raison \u201cHelicopter Ben\u201d \u00bb. L&rsquo;id\u00e9e aurait \u00e9t\u00e9 soumise \u00e0 discussion, \u00e0 plusieurs reprises (au sein du comit\u00e9 de direction de la politique mon\u00e9taire FED mais aussi parmi les \u00e9conomistes) mais demeurerait un sujet de grande controverse, dans la mesure o\u00f9 elle suscite des craintes concernant l&rsquo;avenir de la monnaie fiduciaire dans un tel sc\u00e9nario\u2026\u00e0 l&rsquo;heure o\u00f9 le <a class=\"esk-seo-plu-link\" href=\"https:\/\/www.gold.fr\/news\/tags\/or\">m\u00e9tal jaune<\/a>, lui, \u00ab peut se pr\u00e9valoir d&rsquo;une valeur intrins\u00e8que \u00bb.<\/span><\/p>\n<!-- AddThis Advanced Settings generic via filter on the_content --><!-- AddThis Share Buttons generic via filter on the_content -->","protected":false},"excerpt":{"rendered":"<p>Et c&rsquo;est une euphorie que le march\u00e9 aurif\u00e8re doit essentiellement au rouge unanime qui marque actuellement la performance de la totalit\u00e9 des march\u00e9s europ\u00e9ens et am\u00e9ricains. L&rsquo;or d\u00e9bute cette nouvelle semaine boursi\u00e8re sur une note particuli\u00e8rement [&hellip;]<\/p>\n","protected":false},"author":18,"featured_media":2390,"comment_status":"open","ping_status":"open","sticky":false,"template":"","format":"standard","meta":{"_mbp_gutenberg_autopost":false,"_pgmb_is_evergreen":false,"_pgmb_ap_template_id":0,"footnotes":""},"categories":[6],"tags":[2192,1034,1680,1698,76,1428,1329],"ppma_author":[2565],"class_list":["post-19322","post","type-post","status-publish","format-standard","has-post-thumbnail","hentry","category-articles-de-presse","tag-bea","tag-fomc","tag-marches-americains","tag-marches-europeens","tag-or","tag-pib","tag-reserve-federale-americaine"],"yoast_head":"<!-- This site is optimized with the Yoast SEO plugin v27.5 - https:\/\/yoast.com\/product\/yoast-seo-wordpress\/ -->\n<title>Or : Un d\u00e9but de semaine euphorique - Gold.fr<\/title>\n<meta name=\"robots\" content=\"index, follow, max-snippet:-1, max-image-preview:large, max-video-preview:-1\" \/>\n<link rel=\"canonical\" href=\"https:\/\/www.gold.fr\/news\/2016\/05\/03\/or-un-debut-de-semaine-euphorique\/\" \/>\n<meta property=\"og:locale\" content=\"fr_FR\" \/>\n<meta property=\"og:type\" content=\"article\" \/>\n<meta property=\"og:title\" content=\"Or : Un d\u00e9but de semaine euphorique - Gold.fr\" \/>\n<meta property=\"og:description\" content=\"Et c&rsquo;est une euphorie que le march\u00e9 aurif\u00e8re doit essentiellement au rouge unanime qui marque actuellement la performance de la totalit\u00e9 des march\u00e9s europ\u00e9ens et am\u00e9ricains. L&rsquo;or d\u00e9bute cette nouvelle semaine boursi\u00e8re sur une note particuli\u00e8rement [&hellip;]\" \/>\n<meta property=\"og:url\" content=\"https:\/\/www.gold.fr\/news\/2016\/05\/03\/or-un-debut-de-semaine-euphorique\/\" \/>\n<meta property=\"og:site_name\" content=\"Gold.fr\" \/>\n<meta property=\"article:publisher\" content=\"https:\/\/www.facebook.com\/Goldfr\/\" \/>\n<meta property=\"article:published_time\" content=\"2016-05-03T07:00:26+00:00\" \/>\n<meta property=\"article:modified_time\" content=\"2018-03-29T12:57:31+00:00\" \/>\n<meta property=\"og:image\" content=\"https:\/\/www.gold.fr\/news\/wp-content\/uploads\/2011\/09\/prix-once-or-touche-sommet.jpg\" \/>\n\t<meta property=\"og:image:width\" content=\"435\" \/>\n\t<meta property=\"og:image:height\" content=\"289\" \/>\n\t<meta property=\"og:image:type\" content=\"image\/jpeg\" \/>\n<meta name=\"author\" content=\"Comptoir National de l&#039;Or\" \/>\n<meta name=\"twitter:card\" content=\"summary_large_image\" \/>\n<meta name=\"twitter:label1\" content=\"\u00c9crit par\" \/>\n\t<meta name=\"twitter:data1\" content=\"Comptoir National de l&#039;Or\" \/>\n\t<meta name=\"twitter:label2\" content=\"Dur\u00e9e de lecture estim\u00e9e\" \/>\n\t<meta name=\"twitter:data2\" content=\"2 minutes\" \/>\n<script type=\"application\/ld+json\" class=\"yoast-schema-graph\">{\"@context\":\"https:\\\/\\\/schema.org\",\"@graph\":[{\"@type\":\"Article\",\"@id\":\"https:\\\/\\\/www.gold.fr\\\/news\\\/2016\\\/05\\\/03\\\/or-un-debut-de-semaine-euphorique\\\/#article\",\"isPartOf\":{\"@id\":\"https:\\\/\\\/www.gold.fr\\\/news\\\/2016\\\/05\\\/03\\\/or-un-debut-de-semaine-euphorique\\\/\"},\"author\":{\"name\":\"Comptoir National de l'Or\",\"@id\":\"https:\\\/\\\/www.gold.fr\\\/news\\\/#\\\/schema\\\/person\\\/070491b4b4fb7671bf59b3be20302ce9\"},\"headline\":\"Or : Un d\u00e9but de semaine euphorique\",\"datePublished\":\"2016-05-03T07:00:26+00:00\",\"dateModified\":\"2018-03-29T12:57:31+00:00\",\"mainEntityOfPage\":{\"@id\":\"https:\\\/\\\/www.gold.fr\\\/news\\\/2016\\\/05\\\/03\\\/or-un-debut-de-semaine-euphorique\\\/\"},\"wordCount\":517,\"commentCount\":0,\"image\":{\"@id\":\"https:\\\/\\\/www.gold.fr\\\/news\\\/2016\\\/05\\\/03\\\/or-un-debut-de-semaine-euphorique\\\/#primaryimage\"},\"thumbnailUrl\":\"https:\\\/\\\/www.gold.fr\\\/news\\\/wp-content\\\/uploads\\\/2011\\\/09\\\/prix-once-or-touche-sommet.jpg\",\"keywords\":[\"BEA\",\"FOMC\",\"march\u00e9s am\u00e9ricains\",\"march\u00e9s europ\u00e9ens\",\"Or\",\"PIB\",\"R\u00e9serve F\u00e9d\u00e9rale Am\u00e9ricaine\"],\"articleSection\":[\"Articles de presse\"],\"inLanguage\":\"fr-FR\"},{\"@type\":\"WebPage\",\"@id\":\"https:\\\/\\\/www.gold.fr\\\/news\\\/2016\\\/05\\\/03\\\/or-un-debut-de-semaine-euphorique\\\/\",\"url\":\"https:\\\/\\\/www.gold.fr\\\/news\\\/2016\\\/05\\\/03\\\/or-un-debut-de-semaine-euphorique\\\/\",\"name\":\"Or : Un d\u00e9but de semaine euphorique - Gold.fr\",\"isPartOf\":{\"@id\":\"https:\\\/\\\/www.gold.fr\\\/news\\\/#website\"},\"primaryImageOfPage\":{\"@id\":\"https:\\\/\\\/www.gold.fr\\\/news\\\/2016\\\/05\\\/03\\\/or-un-debut-de-semaine-euphorique\\\/#primaryimage\"},\"image\":{\"@id\":\"https:\\\/\\\/www.gold.fr\\\/news\\\/2016\\\/05\\\/03\\\/or-un-debut-de-semaine-euphorique\\\/#primaryimage\"},\"thumbnailUrl\":\"https:\\\/\\\/www.gold.fr\\\/news\\\/wp-content\\\/uploads\\\/2011\\\/09\\\/prix-once-or-touche-sommet.jpg\",\"datePublished\":\"2016-05-03T07:00:26+00:00\",\"dateModified\":\"2018-03-29T12:57:31+00:00\",\"author\":{\"@id\":\"https:\\\/\\\/www.gold.fr\\\/news\\\/#\\\/schema\\\/person\\\/070491b4b4fb7671bf59b3be20302ce9\"},\"breadcrumb\":{\"@id\":\"https:\\\/\\\/www.gold.fr\\\/news\\\/2016\\\/05\\\/03\\\/or-un-debut-de-semaine-euphorique\\\/#breadcrumb\"},\"inLanguage\":\"fr-FR\",\"potentialAction\":[{\"@type\":\"ReadAction\",\"target\":[\"https:\\\/\\\/www.gold.fr\\\/news\\\/2016\\\/05\\\/03\\\/or-un-debut-de-semaine-euphorique\\\/\"]}]},{\"@type\":\"ImageObject\",\"inLanguage\":\"fr-FR\",\"@id\":\"https:\\\/\\\/www.gold.fr\\\/news\\\/2016\\\/05\\\/03\\\/or-un-debut-de-semaine-euphorique\\\/#primaryimage\",\"url\":\"https:\\\/\\\/www.gold.fr\\\/news\\\/wp-content\\\/uploads\\\/2011\\\/09\\\/prix-once-or-touche-sommet.jpg\",\"contentUrl\":\"https:\\\/\\\/www.gold.fr\\\/news\\\/wp-content\\\/uploads\\\/2011\\\/09\\\/prix-once-or-touche-sommet.jpg\",\"width\":\"435\",\"height\":\"289\",\"caption\":\"Le m\u00e9tal pr\u00e9cieux retrouve ses couleurs\"},{\"@type\":\"BreadcrumbList\",\"@id\":\"https:\\\/\\\/www.gold.fr\\\/news\\\/2016\\\/05\\\/03\\\/or-un-debut-de-semaine-euphorique\\\/#breadcrumb\",\"itemListElement\":[{\"@type\":\"ListItem\",\"position\":1,\"name\":\"Accueil\",\"item\":\"https:\\\/\\\/www.gold.fr\\\/\"},{\"@type\":\"ListItem\",\"position\":2,\"name\":\"Actualit\u00e9s\",\"item\":\"https:\\\/\\\/www.gold.fr\\\/news\\\/\"},{\"@type\":\"ListItem\",\"position\":3,\"name\":\"Or : Un d\u00e9but de semaine euphorique\"}]},{\"@type\":\"WebSite\",\"@id\":\"https:\\\/\\\/www.gold.fr\\\/news\\\/#website\",\"url\":\"https:\\\/\\\/www.gold.fr\\\/news\\\/\",\"name\":\"Gold.fr\",\"description\":\"Actualit\u00e9s de l&#039;Or et des m\u00e9taux pr\u00e9cieux\",\"potentialAction\":[{\"@type\":\"SearchAction\",\"target\":{\"@type\":\"EntryPoint\",\"urlTemplate\":\"https:\\\/\\\/www.gold.fr\\\/news\\\/?s={search_term_string}\"},\"query-input\":{\"@type\":\"PropertyValueSpecification\",\"valueRequired\":true,\"valueName\":\"search_term_string\"}}],\"inLanguage\":\"fr-FR\"},{\"@type\":\"Person\",\"@id\":\"https:\\\/\\\/www.gold.fr\\\/news\\\/#\\\/schema\\\/person\\\/070491b4b4fb7671bf59b3be20302ce9\",\"name\":\"Comptoir National de l'Or\",\"image\":{\"@type\":\"ImageObject\",\"inLanguage\":\"fr-FR\",\"@id\":\"https:\\\/\\\/secure.gravatar.com\\\/avatar\\\/0a2867fd5abe37bed95d5a65e9d58f01756e11efc68af9888dfc50cfa7f65948?s=96&d=mm&r=gb490554db0a38188709de567aa58480d\",\"url\":\"https:\\\/\\\/secure.gravatar.com\\\/avatar\\\/0a2867fd5abe37bed95d5a65e9d58f01756e11efc68af9888dfc50cfa7f65948?s=96&d=mm&r=g\",\"contentUrl\":\"https:\\\/\\\/secure.gravatar.com\\\/avatar\\\/0a2867fd5abe37bed95d5a65e9d58f01756e11efc68af9888dfc50cfa7f65948?s=96&d=mm&r=g\",\"caption\":\"Comptoir National de l'Or\"},\"description\":\"Notre r\u00e9daction est constitu\u00e9e de membres experts dans les m\u00e9tiers de l'\u00e9conomie et la gestion, des Responsables d'agence Comptoir National de l'Or, des analystes financiers qui publient r\u00e9guli\u00e8rement des \u00e9tudes sur les politiques des banques centrales, le cours de l'or, prix de l'or, cours de l'argent, prix de l'argent, cours du platine, cours du palladium,... la situation en zone euro et l'impact de la strat\u00e9gie mon\u00e9taire de la FED. Notre \u00e9quipe scrute \u00e9galement une information plus g\u00e9n\u00e9raliste \u00e0 la recherche d'actualit\u00e9 \\\"p\u00e9pite\\\" \u00e0 vous partager. Depuis 5 ans, nous avons publi\u00e9 un peu plus de 4000 articles qui s'adressent \u00e0 un public large et vari\u00e9 ayant pour objectif de satisfaire votre curiosit\u00e9 et de partager avec vous une certaine fascination pour le m\u00e9tal jaune, le rachat d'or, et pour ceux qui veulent investir dans l'or, vendre leur or tout simplement en savoir plus... Pour tous vos achat or et argent, n'h\u00e9sitez pas \u00e0 prendre rendez-vous dans l'un de nos nombreux comptoirs.\",\"sameAs\":[\"https:\\\/\\\/www.gold.fr\"]}]}<\/script>\n<!-- \/ Yoast SEO plugin. -->","yoast_head_json":{"title":"Or : Un d\u00e9but de semaine euphorique - Gold.fr","robots":{"index":"index","follow":"follow","max-snippet":"max-snippet:-1","max-image-preview":"max-image-preview:large","max-video-preview":"max-video-preview:-1"},"canonical":"https:\/\/www.gold.fr\/news\/2016\/05\/03\/or-un-debut-de-semaine-euphorique\/","og_locale":"fr_FR","og_type":"article","og_title":"Or : Un d\u00e9but de semaine euphorique - Gold.fr","og_description":"Et c&rsquo;est une euphorie que le march\u00e9 aurif\u00e8re doit essentiellement au rouge unanime qui marque actuellement la performance de la totalit\u00e9 des march\u00e9s europ\u00e9ens et am\u00e9ricains. L&rsquo;or d\u00e9bute cette nouvelle semaine boursi\u00e8re sur une note particuli\u00e8rement [&hellip;]","og_url":"https:\/\/www.gold.fr\/news\/2016\/05\/03\/or-un-debut-de-semaine-euphorique\/","og_site_name":"Gold.fr","article_publisher":"https:\/\/www.facebook.com\/Goldfr\/","article_published_time":"2016-05-03T07:00:26+00:00","article_modified_time":"2018-03-29T12:57:31+00:00","og_image":[{"width":435,"height":289,"url":"https:\/\/www.gold.fr\/news\/wp-content\/uploads\/2011\/09\/prix-once-or-touche-sommet.jpg","type":"image\/jpeg"}],"author":"Comptoir National de l'Or","twitter_card":"summary_large_image","twitter_misc":{"\u00c9crit par":"Comptoir National de l'Or","Dur\u00e9e de lecture estim\u00e9e":"2 minutes"},"schema":{"@context":"https:\/\/schema.org","@graph":[{"@type":"Article","@id":"https:\/\/www.gold.fr\/news\/2016\/05\/03\/or-un-debut-de-semaine-euphorique\/#article","isPartOf":{"@id":"https:\/\/www.gold.fr\/news\/2016\/05\/03\/or-un-debut-de-semaine-euphorique\/"},"author":{"name":"Comptoir National de l'Or","@id":"https:\/\/www.gold.fr\/news\/#\/schema\/person\/070491b4b4fb7671bf59b3be20302ce9"},"headline":"Or : Un d\u00e9but de semaine euphorique","datePublished":"2016-05-03T07:00:26+00:00","dateModified":"2018-03-29T12:57:31+00:00","mainEntityOfPage":{"@id":"https:\/\/www.gold.fr\/news\/2016\/05\/03\/or-un-debut-de-semaine-euphorique\/"},"wordCount":517,"commentCount":0,"image":{"@id":"https:\/\/www.gold.fr\/news\/2016\/05\/03\/or-un-debut-de-semaine-euphorique\/#primaryimage"},"thumbnailUrl":"https:\/\/www.gold.fr\/news\/wp-content\/uploads\/2011\/09\/prix-once-or-touche-sommet.jpg","keywords":["BEA","FOMC","march\u00e9s am\u00e9ricains","march\u00e9s europ\u00e9ens","Or","PIB","R\u00e9serve F\u00e9d\u00e9rale Am\u00e9ricaine"],"articleSection":["Articles de presse"],"inLanguage":"fr-FR"},{"@type":"WebPage","@id":"https:\/\/www.gold.fr\/news\/2016\/05\/03\/or-un-debut-de-semaine-euphorique\/","url":"https:\/\/www.gold.fr\/news\/2016\/05\/03\/or-un-debut-de-semaine-euphorique\/","name":"Or : Un d\u00e9but de semaine euphorique - Gold.fr","isPartOf":{"@id":"https:\/\/www.gold.fr\/news\/#website"},"primaryImageOfPage":{"@id":"https:\/\/www.gold.fr\/news\/2016\/05\/03\/or-un-debut-de-semaine-euphorique\/#primaryimage"},"image":{"@id":"https:\/\/www.gold.fr\/news\/2016\/05\/03\/or-un-debut-de-semaine-euphorique\/#primaryimage"},"thumbnailUrl":"https:\/\/www.gold.fr\/news\/wp-content\/uploads\/2011\/09\/prix-once-or-touche-sommet.jpg","datePublished":"2016-05-03T07:00:26+00:00","dateModified":"2018-03-29T12:57:31+00:00","author":{"@id":"https:\/\/www.gold.fr\/news\/#\/schema\/person\/070491b4b4fb7671bf59b3be20302ce9"},"breadcrumb":{"@id":"https:\/\/www.gold.fr\/news\/2016\/05\/03\/or-un-debut-de-semaine-euphorique\/#breadcrumb"},"inLanguage":"fr-FR","potentialAction":[{"@type":"ReadAction","target":["https:\/\/www.gold.fr\/news\/2016\/05\/03\/or-un-debut-de-semaine-euphorique\/"]}]},{"@type":"ImageObject","inLanguage":"fr-FR","@id":"https:\/\/www.gold.fr\/news\/2016\/05\/03\/or-un-debut-de-semaine-euphorique\/#primaryimage","url":"https:\/\/www.gold.fr\/news\/wp-content\/uploads\/2011\/09\/prix-once-or-touche-sommet.jpg","contentUrl":"https:\/\/www.gold.fr\/news\/wp-content\/uploads\/2011\/09\/prix-once-or-touche-sommet.jpg","width":"435","height":"289","caption":"Le m\u00e9tal pr\u00e9cieux retrouve ses couleurs"},{"@type":"BreadcrumbList","@id":"https:\/\/www.gold.fr\/news\/2016\/05\/03\/or-un-debut-de-semaine-euphorique\/#breadcrumb","itemListElement":[{"@type":"ListItem","position":1,"name":"Accueil","item":"https:\/\/www.gold.fr\/"},{"@type":"ListItem","position":2,"name":"Actualit\u00e9s","item":"https:\/\/www.gold.fr\/news\/"},{"@type":"ListItem","position":3,"name":"Or : Un d\u00e9but de semaine euphorique"}]},{"@type":"WebSite","@id":"https:\/\/www.gold.fr\/news\/#website","url":"https:\/\/www.gold.fr\/news\/","name":"Gold.fr","description":"Actualit\u00e9s de l&#039;Or et des m\u00e9taux pr\u00e9cieux","potentialAction":[{"@type":"SearchAction","target":{"@type":"EntryPoint","urlTemplate":"https:\/\/www.gold.fr\/news\/?s={search_term_string}"},"query-input":{"@type":"PropertyValueSpecification","valueRequired":true,"valueName":"search_term_string"}}],"inLanguage":"fr-FR"},{"@type":"Person","@id":"https:\/\/www.gold.fr\/news\/#\/schema\/person\/070491b4b4fb7671bf59b3be20302ce9","name":"Comptoir National de l'Or","image":{"@type":"ImageObject","inLanguage":"fr-FR","@id":"https:\/\/secure.gravatar.com\/avatar\/0a2867fd5abe37bed95d5a65e9d58f01756e11efc68af9888dfc50cfa7f65948?s=96&d=mm&r=gb490554db0a38188709de567aa58480d","url":"https:\/\/secure.gravatar.com\/avatar\/0a2867fd5abe37bed95d5a65e9d58f01756e11efc68af9888dfc50cfa7f65948?s=96&d=mm&r=g","contentUrl":"https:\/\/secure.gravatar.com\/avatar\/0a2867fd5abe37bed95d5a65e9d58f01756e11efc68af9888dfc50cfa7f65948?s=96&d=mm&r=g","caption":"Comptoir National de l'Or"},"description":"Notre r\u00e9daction est constitu\u00e9e de membres experts dans les m\u00e9tiers de l'\u00e9conomie et la gestion, des Responsables d'agence Comptoir National de l'Or, des analystes financiers qui publient r\u00e9guli\u00e8rement des \u00e9tudes sur les politiques des banques centrales, le cours de l'or, prix de l'or, cours de l'argent, prix de l'argent, cours du platine, cours du palladium,... la situation en zone euro et l'impact de la strat\u00e9gie mon\u00e9taire de la FED. Notre \u00e9quipe scrute \u00e9galement une information plus g\u00e9n\u00e9raliste \u00e0 la recherche d'actualit\u00e9 \"p\u00e9pite\" \u00e0 vous partager. Depuis 5 ans, nous avons publi\u00e9 un peu plus de 4000 articles qui s'adressent \u00e0 un public large et vari\u00e9 ayant pour objectif de satisfaire votre curiosit\u00e9 et de partager avec vous une certaine fascination pour le m\u00e9tal jaune, le rachat d'or, et pour ceux qui veulent investir dans l'or, vendre leur or tout simplement en savoir plus... Pour tous vos achat or et argent, n'h\u00e9sitez pas \u00e0 prendre rendez-vous dans l'un de nos nombreux comptoirs.","sameAs":["https:\/\/www.gold.fr"]}]}},"authors":[{"term_id":2565,"user_id":18,"is_guest":0,"slug":"julie","display_name":"Comptoir National de l'Or","avatar_url":"https:\/\/secure.gravatar.com\/avatar\/713f289e398d35ead876c4a4cc08607f0d6d266058cfc25683fffb6092d0e572?s=96&d=mm&r=g","0":null,"1":"","2":"","3":"","4":"","5":"","6":"","7":"","8":""}],"_links":{"self":[{"href":"https:\/\/www.gold.fr\/news\/wp-json\/wp\/v2\/posts\/19322","targetHints":{"allow":["GET"]}}],"collection":[{"href":"https:\/\/www.gold.fr\/news\/wp-json\/wp\/v2\/posts"}],"about":[{"href":"https:\/\/www.gold.fr\/news\/wp-json\/wp\/v2\/types\/post"}],"author":[{"embeddable":true,"href":"https:\/\/www.gold.fr\/news\/wp-json\/wp\/v2\/users\/18"}],"replies":[{"embeddable":true,"href":"https:\/\/www.gold.fr\/news\/wp-json\/wp\/v2\/comments?post=19322"}],"version-history":[{"count":0,"href":"https:\/\/www.gold.fr\/news\/wp-json\/wp\/v2\/posts\/19322\/revisions"}],"wp:featuredmedia":[{"embeddable":true,"href":"https:\/\/www.gold.fr\/news\/wp-json\/wp\/v2\/media\/2390"}],"wp:attachment":[{"href":"https:\/\/www.gold.fr\/news\/wp-json\/wp\/v2\/media?parent=19322"}],"wp:term":[{"taxonomy":"category","embeddable":true,"href":"https:\/\/www.gold.fr\/news\/wp-json\/wp\/v2\/categories?post=19322"},{"taxonomy":"post_tag","embeddable":true,"href":"https:\/\/www.gold.fr\/news\/wp-json\/wp\/v2\/tags?post=19322"},{"taxonomy":"author","embeddable":true,"href":"https:\/\/www.gold.fr\/news\/wp-json\/wp\/v2\/ppma_author?post=19322"}],"curies":[{"name":"wp","href":"https:\/\/api.w.org\/{rel}","templated":true}]}}