{"id":19291,"date":"2016-04-27T17:00:37","date_gmt":"2016-04-27T15:00:37","guid":{"rendered":"https:\/\/www.gold.fr\/news\/?p=19291"},"modified":"2018-03-19T16:24:16","modified_gmt":"2018-03-19T15:24:16","slug":"lor-rebondit-sur-lattentisme-fomc","status":"publish","type":"post","link":"https:\/\/www.gold.fr\/news\/2016\/04\/27\/lor-rebondit-sur-lattentisme-fomc\/","title":{"rendered":"L\u2019or rebondit sur l\u2019attentisme FOMC"},"content":{"rendered":"<p><img loading=\"lazy\" decoding=\"async\" class=\"alignleft wp-image-7494 size-thumbnail\" title=\"L\u2019or rebondit sur l\u2019attentisme FOMC\" src=\"https:\/\/www.gold.fr\/news\/wp-content\/uploads\/2012\/05\/10-once-d-or-150x150.jpg\" alt=\"L\u2019or rebondit sur l\u2019attentisme FOMC\" width=\"150\" height=\"150\" \/><span style=\"font-size: small;\">Quelques heures \u00e0 peine nous s\u00e9parent de la publication du communiqu\u00e9 officiel de la derni\u00e8re r\u00e9union <strong>FOMC<\/strong>, et l&rsquo;attentisme des march\u00e9s demeure \u00e0 son comble. L&rsquo;attention des op\u00e9rateurs est en effet actuellement focalis\u00e9e sur le r\u00e9sultat des discussions des membres du comit\u00e9 de direction de la politique mon\u00e9taire <strong>FED<\/strong>, et ce, en d\u00e9pit d&rsquo;une issue que le consensus expert estime largement pr\u00e9visible. <\/span><\/p>\n<p><span style=\"font-size: small;\">En tout cas, cette tension attentiste profite aujourd&rsquo;hui au <a class=\"esk-seo-plu-link\" href=\"https:\/\/www.gold.fr\/news\/tags\/or\">m\u00e9tal jaune<\/a>, rapprochant \u00e0 nouveau le prix de <a title=\"Prix de l'Once d'or\" href=\"https:\/\/www.gold.fr\/once-or-nyc\/\" target=\"_blank\" rel=\"noopener\">l\u2019once<\/a> au plus pr\u00e8s du palier des <strong>1 250 dollars<\/strong> <a title=\"Prix de l'Once d'or\" href=\"https:\/\/www.gold.fr\/once-or-nyc\/\" target=\"_blank\" rel=\"noopener\">l\u2019once<\/a>.<\/span> <span style=\"font-size: small;\"><strong>Janet Yellen<\/strong> la pr\u00e9sidente de l&rsquo;institution, ne donnera pas de conf\u00e9rence de presse, suite \u00e0 la r\u00e9union de son comit\u00e9. Ce qui renforce les observateurs dans leur conviction que ce meeting ne donnera pas lieu \u00e0 une modification des taux d&rsquo;int\u00e9r\u00eats de la <strong>FED<\/strong>. <\/span><\/p>\n<p><span style=\"font-size: small;\">De mani\u00e8re plus g\u00e9n\u00e9rale, les taux de l&rsquo;institution ne subiront, d&rsquo;apr\u00e8s les experts, qu&rsquo;une seule et unique hausse durant l&rsquo;ann\u00e9e 2016. Les observateurs rapportent \u00e9galement que \u00ab <em>selon les contrats \u00e0 terme sur les Fed Funds, qui donnent le ton du consensus, la probabilit\u00e9 d&rsquo;un rel\u00e8vement lors de la r\u00e9union de mai n&rsquo;est que de 20%<\/em> \u00bb.<\/span> <span style=\"font-size: small;\">Pourtant, certains analystes maintiennent un point de vue diff\u00e9rent, \u00e0 l&rsquo;image des professionnels de chez <strong>Mirabaud Asset<\/strong> Management qui pr\u00e9voient de voir le communiqu\u00e9 attendu d\u00e9livrer \u00ab <em>un message plus &lsquo;faucon&rsquo; de la part de la FED, alors que l&rsquo;inflation devrait continuer de se reprendre et que les craintes conjoncturelles s&rsquo;\u00e9tioleraient progressivement<\/em> \u00bb.<\/span><\/p>\n<!-- AddThis Advanced Settings generic via filter on the_content --><!-- AddThis Share Buttons generic via filter on the_content -->","protected":false},"excerpt":{"rendered":"<p>Quelques heures \u00e0 peine nous s\u00e9parent de la publication du communiqu\u00e9 officiel de la derni\u00e8re r\u00e9union FOMC, et l&rsquo;attentisme des march\u00e9s demeure \u00e0 son comble. L&rsquo;attention des op\u00e9rateurs est en effet actuellement focalis\u00e9e sur le r\u00e9sultat [&hellip;]<\/p>\n","protected":false},"author":18,"featured_media":7494,"comment_status":"open","ping_status":"open","sticky":false,"template":"","format":"standard","meta":{"_mbp_gutenberg_autopost":false,"_pgmb_is_evergreen":false,"_pgmb_ap_template_id":0,"footnotes":""},"categories":[6],"tags":[144,1034,1504,2225,76,927],"ppma_author":[2565],"class_list":["post-19291","post","type-post","status-publish","format-standard","has-post-thumbnail","hentry","category-articles-de-presse","tag-fed","tag-fomc","tag-janet-yellen","tag-mirabaud-asset","tag-or","tag-prix-de-lonce"],"yoast_head":"<!-- This site is optimized with the Yoast SEO plugin v27.5 - https:\/\/yoast.com\/product\/yoast-seo-wordpress\/ -->\n<title>L\u2019or rebondit sur l\u2019attentisme FOMC - Gold.fr<\/title>\n<meta name=\"robots\" content=\"index, follow, max-snippet:-1, max-image-preview:large, max-video-preview:-1\" \/>\n<link rel=\"canonical\" href=\"https:\/\/www.gold.fr\/news\/2016\/04\/27\/lor-rebondit-sur-lattentisme-fomc\/\" \/>\n<meta property=\"og:locale\" content=\"fr_FR\" \/>\n<meta property=\"og:type\" content=\"article\" \/>\n<meta property=\"og:title\" content=\"L\u2019or rebondit sur l\u2019attentisme FOMC - Gold.fr\" \/>\n<meta property=\"og:description\" content=\"Quelques heures \u00e0 peine nous s\u00e9parent de la publication du communiqu\u00e9 officiel de la derni\u00e8re r\u00e9union FOMC, et l&rsquo;attentisme des march\u00e9s demeure \u00e0 son comble. L&rsquo;attention des op\u00e9rateurs est en effet actuellement focalis\u00e9e sur le r\u00e9sultat [&hellip;]\" \/>\n<meta property=\"og:url\" content=\"https:\/\/www.gold.fr\/news\/2016\/04\/27\/lor-rebondit-sur-lattentisme-fomc\/\" \/>\n<meta property=\"og:site_name\" content=\"Gold.fr\" \/>\n<meta property=\"article:publisher\" content=\"https:\/\/www.facebook.com\/Goldfr\/\" \/>\n<meta property=\"article:published_time\" content=\"2016-04-27T15:00:37+00:00\" \/>\n<meta property=\"article:modified_time\" content=\"2018-03-19T15:24:16+00:00\" \/>\n<meta property=\"og:image\" content=\"https:\/\/www.gold.fr\/news\/wp-content\/uploads\/2012\/05\/10-once-d-or.jpg\" \/>\n\t<meta property=\"og:image:width\" content=\"600\" \/>\n\t<meta property=\"og:image:height\" content=\"491\" \/>\n\t<meta property=\"og:image:type\" content=\"image\/jpeg\" \/>\n<meta name=\"author\" content=\"Comptoir National de l&#039;Or\" \/>\n<meta name=\"twitter:card\" content=\"summary_large_image\" \/>\n<meta name=\"twitter:label1\" content=\"\u00c9crit par\" \/>\n\t<meta name=\"twitter:data1\" content=\"Comptoir National de l&#039;Or\" \/>\n\t<meta name=\"twitter:label2\" content=\"Dur\u00e9e de lecture estim\u00e9e\" \/>\n\t<meta name=\"twitter:data2\" content=\"1 minute\" \/>\n<script type=\"application\/ld+json\" class=\"yoast-schema-graph\">{\"@context\":\"https:\\\/\\\/schema.org\",\"@graph\":[{\"@type\":\"Article\",\"@id\":\"https:\\\/\\\/www.gold.fr\\\/news\\\/2016\\\/04\\\/27\\\/lor-rebondit-sur-lattentisme-fomc\\\/#article\",\"isPartOf\":{\"@id\":\"https:\\\/\\\/www.gold.fr\\\/news\\\/2016\\\/04\\\/27\\\/lor-rebondit-sur-lattentisme-fomc\\\/\"},\"author\":{\"name\":\"Comptoir National de l'Or\",\"@id\":\"https:\\\/\\\/www.gold.fr\\\/news\\\/#\\\/schema\\\/person\\\/070491b4b4fb7671bf59b3be20302ce9\"},\"headline\":\"L\u2019or rebondit sur l\u2019attentisme FOMC\",\"datePublished\":\"2016-04-27T15:00:37+00:00\",\"dateModified\":\"2018-03-19T15:24:16+00:00\",\"mainEntityOfPage\":{\"@id\":\"https:\\\/\\\/www.gold.fr\\\/news\\\/2016\\\/04\\\/27\\\/lor-rebondit-sur-lattentisme-fomc\\\/\"},\"wordCount\":280,\"commentCount\":0,\"image\":{\"@id\":\"https:\\\/\\\/www.gold.fr\\\/news\\\/2016\\\/04\\\/27\\\/lor-rebondit-sur-lattentisme-fomc\\\/#primaryimage\"},\"thumbnailUrl\":\"https:\\\/\\\/www.gold.fr\\\/news\\\/wp-content\\\/uploads\\\/2012\\\/05\\\/10-once-d-or.jpg\",\"keywords\":[\"fed\",\"FOMC\",\"Janet Yellen\",\"Mirabaud Asset\",\"Or\",\"prix de l'once\"],\"articleSection\":[\"Articles de presse\"],\"inLanguage\":\"fr-FR\"},{\"@type\":\"WebPage\",\"@id\":\"https:\\\/\\\/www.gold.fr\\\/news\\\/2016\\\/04\\\/27\\\/lor-rebondit-sur-lattentisme-fomc\\\/\",\"url\":\"https:\\\/\\\/www.gold.fr\\\/news\\\/2016\\\/04\\\/27\\\/lor-rebondit-sur-lattentisme-fomc\\\/\",\"name\":\"L\u2019or rebondit sur l\u2019attentisme FOMC - Gold.fr\",\"isPartOf\":{\"@id\":\"https:\\\/\\\/www.gold.fr\\\/news\\\/#website\"},\"primaryImageOfPage\":{\"@id\":\"https:\\\/\\\/www.gold.fr\\\/news\\\/2016\\\/04\\\/27\\\/lor-rebondit-sur-lattentisme-fomc\\\/#primaryimage\"},\"image\":{\"@id\":\"https:\\\/\\\/www.gold.fr\\\/news\\\/2016\\\/04\\\/27\\\/lor-rebondit-sur-lattentisme-fomc\\\/#primaryimage\"},\"thumbnailUrl\":\"https:\\\/\\\/www.gold.fr\\\/news\\\/wp-content\\\/uploads\\\/2012\\\/05\\\/10-once-d-or.jpg\",\"datePublished\":\"2016-04-27T15:00:37+00:00\",\"dateModified\":\"2018-03-19T15:24:16+00:00\",\"author\":{\"@id\":\"https:\\\/\\\/www.gold.fr\\\/news\\\/#\\\/schema\\\/person\\\/070491b4b4fb7671bf59b3be20302ce9\"},\"breadcrumb\":{\"@id\":\"https:\\\/\\\/www.gold.fr\\\/news\\\/2016\\\/04\\\/27\\\/lor-rebondit-sur-lattentisme-fomc\\\/#breadcrumb\"},\"inLanguage\":\"fr-FR\",\"potentialAction\":[{\"@type\":\"ReadAction\",\"target\":[\"https:\\\/\\\/www.gold.fr\\\/news\\\/2016\\\/04\\\/27\\\/lor-rebondit-sur-lattentisme-fomc\\\/\"]}]},{\"@type\":\"ImageObject\",\"inLanguage\":\"fr-FR\",\"@id\":\"https:\\\/\\\/www.gold.fr\\\/news\\\/2016\\\/04\\\/27\\\/lor-rebondit-sur-lattentisme-fomc\\\/#primaryimage\",\"url\":\"https:\\\/\\\/www.gold.fr\\\/news\\\/wp-content\\\/uploads\\\/2012\\\/05\\\/10-once-d-or.jpg\",\"contentUrl\":\"https:\\\/\\\/www.gold.fr\\\/news\\\/wp-content\\\/uploads\\\/2012\\\/05\\\/10-once-d-or.jpg\",\"width\":\"600\",\"height\":\"491\",\"caption\":\"D\u00e9but de semaine en \u00e9quilibre pour l\u2019once d\u2019or\"},{\"@type\":\"BreadcrumbList\",\"@id\":\"https:\\\/\\\/www.gold.fr\\\/news\\\/2016\\\/04\\\/27\\\/lor-rebondit-sur-lattentisme-fomc\\\/#breadcrumb\",\"itemListElement\":[{\"@type\":\"ListItem\",\"position\":1,\"name\":\"Accueil\",\"item\":\"https:\\\/\\\/www.gold.fr\\\/\"},{\"@type\":\"ListItem\",\"position\":2,\"name\":\"Actualit\u00e9s\",\"item\":\"https:\\\/\\\/www.gold.fr\\\/news\\\/\"},{\"@type\":\"ListItem\",\"position\":3,\"name\":\"L\u2019or rebondit sur l\u2019attentisme FOMC\"}]},{\"@type\":\"WebSite\",\"@id\":\"https:\\\/\\\/www.gold.fr\\\/news\\\/#website\",\"url\":\"https:\\\/\\\/www.gold.fr\\\/news\\\/\",\"name\":\"Gold.fr\",\"description\":\"Actualit\u00e9s de l&#039;Or et des m\u00e9taux pr\u00e9cieux\",\"potentialAction\":[{\"@type\":\"SearchAction\",\"target\":{\"@type\":\"EntryPoint\",\"urlTemplate\":\"https:\\\/\\\/www.gold.fr\\\/news\\\/?s={search_term_string}\"},\"query-input\":{\"@type\":\"PropertyValueSpecification\",\"valueRequired\":true,\"valueName\":\"search_term_string\"}}],\"inLanguage\":\"fr-FR\"},{\"@type\":\"Person\",\"@id\":\"https:\\\/\\\/www.gold.fr\\\/news\\\/#\\\/schema\\\/person\\\/070491b4b4fb7671bf59b3be20302ce9\",\"name\":\"Comptoir National de l'Or\",\"image\":{\"@type\":\"ImageObject\",\"inLanguage\":\"fr-FR\",\"@id\":\"https:\\\/\\\/secure.gravatar.com\\\/avatar\\\/0a2867fd5abe37bed95d5a65e9d58f01756e11efc68af9888dfc50cfa7f65948?s=96&d=mm&r=gb490554db0a38188709de567aa58480d\",\"url\":\"https:\\\/\\\/secure.gravatar.com\\\/avatar\\\/0a2867fd5abe37bed95d5a65e9d58f01756e11efc68af9888dfc50cfa7f65948?s=96&d=mm&r=g\",\"contentUrl\":\"https:\\\/\\\/secure.gravatar.com\\\/avatar\\\/0a2867fd5abe37bed95d5a65e9d58f01756e11efc68af9888dfc50cfa7f65948?s=96&d=mm&r=g\",\"caption\":\"Comptoir National de l'Or\"},\"description\":\"Notre r\u00e9daction est constitu\u00e9e de membres experts dans les m\u00e9tiers de l'\u00e9conomie et la gestion, des Responsables d'agence Comptoir National de l'Or, des analystes financiers qui publient r\u00e9guli\u00e8rement des \u00e9tudes sur les politiques des banques centrales, le cours de l'or, prix de l'or, cours de l'argent, prix de l'argent, cours du platine, cours du palladium,... la situation en zone euro et l'impact de la strat\u00e9gie mon\u00e9taire de la FED. Notre \u00e9quipe scrute \u00e9galement une information plus g\u00e9n\u00e9raliste \u00e0 la recherche d'actualit\u00e9 \\\"p\u00e9pite\\\" \u00e0 vous partager. Depuis 5 ans, nous avons publi\u00e9 un peu plus de 4000 articles qui s'adressent \u00e0 un public large et vari\u00e9 ayant pour objectif de satisfaire votre curiosit\u00e9 et de partager avec vous une certaine fascination pour le m\u00e9tal jaune, le rachat d'or, et pour ceux qui veulent investir dans l'or, vendre leur or tout simplement en savoir plus... Pour tous vos achat or et argent, n'h\u00e9sitez pas \u00e0 prendre rendez-vous dans l'un de nos nombreux comptoirs.\",\"sameAs\":[\"https:\\\/\\\/www.gold.fr\"]}]}<\/script>\n<!-- \/ Yoast SEO plugin. -->","yoast_head_json":{"title":"L\u2019or rebondit sur l\u2019attentisme FOMC - Gold.fr","robots":{"index":"index","follow":"follow","max-snippet":"max-snippet:-1","max-image-preview":"max-image-preview:large","max-video-preview":"max-video-preview:-1"},"canonical":"https:\/\/www.gold.fr\/news\/2016\/04\/27\/lor-rebondit-sur-lattentisme-fomc\/","og_locale":"fr_FR","og_type":"article","og_title":"L\u2019or rebondit sur l\u2019attentisme FOMC - Gold.fr","og_description":"Quelques heures \u00e0 peine nous s\u00e9parent de la publication du communiqu\u00e9 officiel de la derni\u00e8re r\u00e9union FOMC, et l&rsquo;attentisme des march\u00e9s demeure \u00e0 son comble. L&rsquo;attention des op\u00e9rateurs est en effet actuellement focalis\u00e9e sur le r\u00e9sultat [&hellip;]","og_url":"https:\/\/www.gold.fr\/news\/2016\/04\/27\/lor-rebondit-sur-lattentisme-fomc\/","og_site_name":"Gold.fr","article_publisher":"https:\/\/www.facebook.com\/Goldfr\/","article_published_time":"2016-04-27T15:00:37+00:00","article_modified_time":"2018-03-19T15:24:16+00:00","og_image":[{"width":600,"height":491,"url":"https:\/\/www.gold.fr\/news\/wp-content\/uploads\/2012\/05\/10-once-d-or.jpg","type":"image\/jpeg"}],"author":"Comptoir National de l'Or","twitter_card":"summary_large_image","twitter_misc":{"\u00c9crit par":"Comptoir National de l'Or","Dur\u00e9e de lecture estim\u00e9e":"1 minute"},"schema":{"@context":"https:\/\/schema.org","@graph":[{"@type":"Article","@id":"https:\/\/www.gold.fr\/news\/2016\/04\/27\/lor-rebondit-sur-lattentisme-fomc\/#article","isPartOf":{"@id":"https:\/\/www.gold.fr\/news\/2016\/04\/27\/lor-rebondit-sur-lattentisme-fomc\/"},"author":{"name":"Comptoir National de l'Or","@id":"https:\/\/www.gold.fr\/news\/#\/schema\/person\/070491b4b4fb7671bf59b3be20302ce9"},"headline":"L\u2019or rebondit sur l\u2019attentisme FOMC","datePublished":"2016-04-27T15:00:37+00:00","dateModified":"2018-03-19T15:24:16+00:00","mainEntityOfPage":{"@id":"https:\/\/www.gold.fr\/news\/2016\/04\/27\/lor-rebondit-sur-lattentisme-fomc\/"},"wordCount":280,"commentCount":0,"image":{"@id":"https:\/\/www.gold.fr\/news\/2016\/04\/27\/lor-rebondit-sur-lattentisme-fomc\/#primaryimage"},"thumbnailUrl":"https:\/\/www.gold.fr\/news\/wp-content\/uploads\/2012\/05\/10-once-d-or.jpg","keywords":["fed","FOMC","Janet Yellen","Mirabaud Asset","Or","prix de l'once"],"articleSection":["Articles de presse"],"inLanguage":"fr-FR"},{"@type":"WebPage","@id":"https:\/\/www.gold.fr\/news\/2016\/04\/27\/lor-rebondit-sur-lattentisme-fomc\/","url":"https:\/\/www.gold.fr\/news\/2016\/04\/27\/lor-rebondit-sur-lattentisme-fomc\/","name":"L\u2019or rebondit sur l\u2019attentisme FOMC - Gold.fr","isPartOf":{"@id":"https:\/\/www.gold.fr\/news\/#website"},"primaryImageOfPage":{"@id":"https:\/\/www.gold.fr\/news\/2016\/04\/27\/lor-rebondit-sur-lattentisme-fomc\/#primaryimage"},"image":{"@id":"https:\/\/www.gold.fr\/news\/2016\/04\/27\/lor-rebondit-sur-lattentisme-fomc\/#primaryimage"},"thumbnailUrl":"https:\/\/www.gold.fr\/news\/wp-content\/uploads\/2012\/05\/10-once-d-or.jpg","datePublished":"2016-04-27T15:00:37+00:00","dateModified":"2018-03-19T15:24:16+00:00","author":{"@id":"https:\/\/www.gold.fr\/news\/#\/schema\/person\/070491b4b4fb7671bf59b3be20302ce9"},"breadcrumb":{"@id":"https:\/\/www.gold.fr\/news\/2016\/04\/27\/lor-rebondit-sur-lattentisme-fomc\/#breadcrumb"},"inLanguage":"fr-FR","potentialAction":[{"@type":"ReadAction","target":["https:\/\/www.gold.fr\/news\/2016\/04\/27\/lor-rebondit-sur-lattentisme-fomc\/"]}]},{"@type":"ImageObject","inLanguage":"fr-FR","@id":"https:\/\/www.gold.fr\/news\/2016\/04\/27\/lor-rebondit-sur-lattentisme-fomc\/#primaryimage","url":"https:\/\/www.gold.fr\/news\/wp-content\/uploads\/2012\/05\/10-once-d-or.jpg","contentUrl":"https:\/\/www.gold.fr\/news\/wp-content\/uploads\/2012\/05\/10-once-d-or.jpg","width":"600","height":"491","caption":"D\u00e9but de semaine en \u00e9quilibre pour l\u2019once d\u2019or"},{"@type":"BreadcrumbList","@id":"https:\/\/www.gold.fr\/news\/2016\/04\/27\/lor-rebondit-sur-lattentisme-fomc\/#breadcrumb","itemListElement":[{"@type":"ListItem","position":1,"name":"Accueil","item":"https:\/\/www.gold.fr\/"},{"@type":"ListItem","position":2,"name":"Actualit\u00e9s","item":"https:\/\/www.gold.fr\/news\/"},{"@type":"ListItem","position":3,"name":"L\u2019or rebondit sur l\u2019attentisme FOMC"}]},{"@type":"WebSite","@id":"https:\/\/www.gold.fr\/news\/#website","url":"https:\/\/www.gold.fr\/news\/","name":"Gold.fr","description":"Actualit\u00e9s de l&#039;Or et des m\u00e9taux pr\u00e9cieux","potentialAction":[{"@type":"SearchAction","target":{"@type":"EntryPoint","urlTemplate":"https:\/\/www.gold.fr\/news\/?s={search_term_string}"},"query-input":{"@type":"PropertyValueSpecification","valueRequired":true,"valueName":"search_term_string"}}],"inLanguage":"fr-FR"},{"@type":"Person","@id":"https:\/\/www.gold.fr\/news\/#\/schema\/person\/070491b4b4fb7671bf59b3be20302ce9","name":"Comptoir National de l'Or","image":{"@type":"ImageObject","inLanguage":"fr-FR","@id":"https:\/\/secure.gravatar.com\/avatar\/0a2867fd5abe37bed95d5a65e9d58f01756e11efc68af9888dfc50cfa7f65948?s=96&d=mm&r=gb490554db0a38188709de567aa58480d","url":"https:\/\/secure.gravatar.com\/avatar\/0a2867fd5abe37bed95d5a65e9d58f01756e11efc68af9888dfc50cfa7f65948?s=96&d=mm&r=g","contentUrl":"https:\/\/secure.gravatar.com\/avatar\/0a2867fd5abe37bed95d5a65e9d58f01756e11efc68af9888dfc50cfa7f65948?s=96&d=mm&r=g","caption":"Comptoir National de l'Or"},"description":"Notre r\u00e9daction est constitu\u00e9e de membres experts dans les m\u00e9tiers de l'\u00e9conomie et la gestion, des Responsables d'agence Comptoir National de l'Or, des analystes financiers qui publient r\u00e9guli\u00e8rement des \u00e9tudes sur les politiques des banques centrales, le cours de l'or, prix de l'or, cours de l'argent, prix de l'argent, cours du platine, cours du palladium,... la situation en zone euro et l'impact de la strat\u00e9gie mon\u00e9taire de la FED. Notre \u00e9quipe scrute \u00e9galement une information plus g\u00e9n\u00e9raliste \u00e0 la recherche d'actualit\u00e9 \"p\u00e9pite\" \u00e0 vous partager. Depuis 5 ans, nous avons publi\u00e9 un peu plus de 4000 articles qui s'adressent \u00e0 un public large et vari\u00e9 ayant pour objectif de satisfaire votre curiosit\u00e9 et de partager avec vous une certaine fascination pour le m\u00e9tal jaune, le rachat d'or, et pour ceux qui veulent investir dans l'or, vendre leur or tout simplement en savoir plus... Pour tous vos achat or et argent, n'h\u00e9sitez pas \u00e0 prendre rendez-vous dans l'un de nos nombreux comptoirs.","sameAs":["https:\/\/www.gold.fr"]}]}},"authors":[{"term_id":2565,"user_id":18,"is_guest":0,"slug":"julie","display_name":"Comptoir National de l'Or","avatar_url":"https:\/\/secure.gravatar.com\/avatar\/713f289e398d35ead876c4a4cc08607f0d6d266058cfc25683fffb6092d0e572?s=96&d=mm&r=g","0":null,"1":"","2":"","3":"","4":"","5":"","6":"","7":"","8":""}],"_links":{"self":[{"href":"https:\/\/www.gold.fr\/news\/wp-json\/wp\/v2\/posts\/19291","targetHints":{"allow":["GET"]}}],"collection":[{"href":"https:\/\/www.gold.fr\/news\/wp-json\/wp\/v2\/posts"}],"about":[{"href":"https:\/\/www.gold.fr\/news\/wp-json\/wp\/v2\/types\/post"}],"author":[{"embeddable":true,"href":"https:\/\/www.gold.fr\/news\/wp-json\/wp\/v2\/users\/18"}],"replies":[{"embeddable":true,"href":"https:\/\/www.gold.fr\/news\/wp-json\/wp\/v2\/comments?post=19291"}],"version-history":[{"count":0,"href":"https:\/\/www.gold.fr\/news\/wp-json\/wp\/v2\/posts\/19291\/revisions"}],"wp:featuredmedia":[{"embeddable":true,"href":"https:\/\/www.gold.fr\/news\/wp-json\/wp\/v2\/media\/7494"}],"wp:attachment":[{"href":"https:\/\/www.gold.fr\/news\/wp-json\/wp\/v2\/media?parent=19291"}],"wp:term":[{"taxonomy":"category","embeddable":true,"href":"https:\/\/www.gold.fr\/news\/wp-json\/wp\/v2\/categories?post=19291"},{"taxonomy":"post_tag","embeddable":true,"href":"https:\/\/www.gold.fr\/news\/wp-json\/wp\/v2\/tags?post=19291"},{"taxonomy":"author","embeddable":true,"href":"https:\/\/www.gold.fr\/news\/wp-json\/wp\/v2\/ppma_author?post=19291"}],"curies":[{"name":"wp","href":"https:\/\/api.w.org\/{rel}","templated":true}]}}