{"id":19266,"date":"2016-04-25T10:00:10","date_gmt":"2016-04-25T08:00:10","guid":{"rendered":"https:\/\/www.gold.fr\/news\/?p=19266"},"modified":"2020-06-30T13:51:11","modified_gmt":"2020-06-30T11:51:11","slug":"marches-draghi-tire-lensemble-des-bourses-vers-le-bas","status":"publish","type":"post","link":"https:\/\/www.gold.fr\/news\/2016\/04\/25\/marches-draghi-tire-lensemble-des-bourses-vers-le-bas\/","title":{"rendered":"March\u00e9s : Draghi tire l\u2019ensemble des bourses vers le bas"},"content":{"rendered":"<p><img loading=\"lazy\" decoding=\"async\" class=\"alignleft wp-image-6581 size-thumbnail\" title=\"March\u00e9s : Draghi tire l\u2019ensemble des bourses vers le bas\" src=\"https:\/\/www.gold.fr\/news\/wp-content\/uploads\/2012\/03\/Lingots-dor-150x150.jpg\" alt=\"March\u00e9s : Draghi tire l\u2019ensemble des bourses vers le bas\" width=\"150\" height=\"150\" \/><span style=\"font-size: small;\">Et, une fois n&rsquo;est pas coutume, le march\u00e9 de l&rsquo;<a class=\"esk-seo-plu-link\" href=\"https:\/\/www.gold.fr\/news\/tags\/or\">or<\/a> ne fait pas exception \u00e0 cette ambiance maussade. Apr\u00e8s avoir grimp\u00e9, jeudi dernier, vers un sommet de cinq semaines <em>(autour des 1 270 <a class=\"esk-seo-plu-link\" href=\"https:\/\/www.gold.fr\/news\/tags\/investissement\">dollars<\/a>)<\/em>, <a title=\"Prix de l'Once d'or\" href=\"https:\/\/www.gold.fr\/once-or-nyc\/\" target=\"_blank\" rel=\"noopener noreferrer\">l\u2019once<\/a> de <a class=\"esk-seo-plu-link\" href=\"https:\/\/www.gold.fr\/news\/tags\/or\">m\u00e9tal jaune<\/a> a progressivement baiss\u00e9 au dessous du seuil technique et psychologique r\u00e9sistant des <strong>1 250 <a class=\"esk-seo-plu-link\" href=\"https:\/\/www.gold.fr\/news\/tags\/investissement\">dollars<\/a><\/strong>. <\/span><\/p>\n<p><span style=\"font-size: small;\">Et bien que les observateurs maintiennent toujours le consensus selon lequel le courant sous-jacent du march\u00e9 aurif\u00e8re demeure clairement et solidement haussier, ce d\u00e9but de nouvelle semaine boursi\u00e8re s&rsquo;affiche sous le signe de la morosit\u00e9 g\u00e9n\u00e9ralis\u00e9e.<\/span> <span style=\"font-size: small;\"> <a title=\"Prix de l'Once d'or\" href=\"https:\/\/www.gold.fr\/once-or-nyc\/\" target=\"_blank\" rel=\"noopener noreferrer\">L\u2019once<\/a> se maintenait donc \u00e0 son plus haut mensuel, avant \u2013et m\u00eame durant- la conf\u00e9rence de presse de <strong>Mario Draghi<\/strong>, le pr\u00e9sident de la <strong>banque centrale europ\u00e9enne<\/strong>, suite \u00e0 la r\u00e9union traditionnelle du conseil des gouverneurs de l&rsquo;institution. <\/span><span style=\"font-size: small;\">Dans la mesure o\u00f9 l&rsquo;issue de ce meeting \u00e9tait largement pr\u00e9visible <em>(statu quo, toujours aussi accommodant)<\/em>, aucun r\u00e9el impact n&rsquo;\u00e9tait attendu, que ce soit sur le march\u00e9 de l&rsquo;<a class=\"esk-seo-plu-link\" href=\"https:\/\/www.gold.fr\/news\/tags\/or\">or<\/a> ou les autres march\u00e9s d&rsquo;<a class=\"esk-seo-plu-link\" href=\"https:\/\/www.gold.fr\/news\/tags\/investissement\">investissement<\/a>. <\/span><\/p>\n<p><span style=\"font-size: small;\"><img loading=\"lazy\" decoding=\"async\" class=\"alignright wp-image-3775 size-thumbnail\" title=\"March\u00e9s : Draghi tire l\u2019ensemble des bourses vers le bas\" src=\"https:\/\/www.gold.fr\/news\/wp-content\/uploads\/2011\/11\/125529830-150x150.jpg\" alt=\"March\u00e9s : Draghi tire l\u2019ensemble des bourses vers le bas\" width=\"150\" height=\"150\" \/>L&rsquo;<a class=\"esk-seo-plu-link\" href=\"https:\/\/www.gold.fr\/news\/tags\/or\">or<\/a> \u00e9tait donc en hausse, soutenu, entre autres facteurs conjoncturels, par la faiblesse temporaire du billet vert face \u00e0 <strong>l&rsquo;euro<\/strong>.<\/span> <span style=\"font-size: small;\">Toutefois, le discours de <strong>Draghi<\/strong> a cr\u00e9\u00e9 une surprise relative, puisque le chef de la <strong>BCE<\/strong> \u00ab <em>s&rsquo;est montr\u00e9 moins inquiet des perspectives \u00e9conomiques et plus confiant sur la remont\u00e9e de l&rsquo;inflation dans la deuxi\u00e8me partie de l&rsquo;ann\u00e9e<\/em> \u00bb, renfor\u00e7ant les pr\u00e9visions de certains experts de voir l&rsquo;inflation effectuer un potentiel retour en terrain n\u00e9gatif, dans les mois \u00e0 venir. <\/span><\/p>\n<p><span style=\"font-size: small;\">Pourtant, et en d\u00e9pit d&rsquo;un <strong>Draghi<\/strong> \u00e9vasif dont les propos auraient laiss\u00e9 la porte ouverte \u00e0 un autre cran de baisse des taux de l&rsquo;institution \u00ab <em>si la situation l&rsquo;exigeait<\/em> \u00bb, les op\u00e9rateurs demeurent majoritairement sceptiques \u00e0 ce sujet.<\/span><\/p>\n<p><span style=\"font-size: small;\"> <img loading=\"lazy\" decoding=\"async\" class=\"alignleft wp-image-6061 size-thumbnail\" title=\"March\u00e9s : Draghi tire l\u2019ensemble des bourses vers le bas\" src=\"https:\/\/www.gold.fr\/news\/wp-content\/uploads\/2012\/02\/cours-de-lOr-150x150.jpg\" alt=\"March\u00e9s : Draghi tire l\u2019ensemble des bourses vers le bas\" width=\"150\" height=\"150\" \/>Du coup, et dans cette ambiance g\u00e9n\u00e9rale, marqu\u00e9e par la confusion et les doutes, le march\u00e9 aurif\u00e8re se retrouve en repli relatif, dans le sillage de l&rsquo;ensemble des march\u00e9s d&rsquo;<a class=\"esk-seo-plu-link\" href=\"https:\/\/www.gold.fr\/news\/tags\/investissement\">investissement<\/a> longeant les deux rives de <strong>l&rsquo;Atlantique<\/strong>. En effet, de la zone euro \u00e0 <strong>Wall Street<\/strong> et ses compatriotes, les places boursi\u00e8res affichent, depuis la fin de la semaine derni\u00e8re, une performance baissi\u00e8re et plomb\u00e9e.<\/span> <span style=\"font-size: small;\">Ce sont pourtant les march\u00e9s europ\u00e9ens qui sont les plus vis\u00e9s par ces inqui\u00e9tudes, \u00e9tant donn\u00e9 qu&rsquo;ils sont directement concern\u00e9s par les <a class=\"esk-seo-plu-link\" href=\"https:\/\/www.gold.fr\/news\/tags\/investissement\">actions<\/a> \u2013pr\u00e9sentes et futures- de la <strong>BCE<\/strong>. <\/span><\/p>\n<p><span style=\"font-size: small;\">Mais il faut \u00e9galement rappeler que l&rsquo;actualit\u00e9 statistique\/macro\u00e9conomique de la zone suscite sa propre part de craintes. <strong>L&rsquo;indice PMI<\/strong> \u00ab\u00a0<em>flash<\/em>\u00a0\u00bb composite de <strong>Markit<\/strong> a effectivement enregistr\u00e9 une performance de <strong>53<\/strong> en avril, contre <strong>53,1<\/strong> en mars. <strong>Chris Williamson<\/strong>, \u00e9conomiste en chef de <strong>Markit<\/strong>, explique ce r\u00e9sultat en soulignant que \u00ab <em>l&rsquo;\u00e9conomie de la zone euro ne parvient pas \u00e0 sortir de l&rsquo;orni\u00e8re avec une croissance estim\u00e9e \u00e0 0,3% \u00e0 peine en avril<\/em> \u00bb. L&rsquo;expert estime aussi que faute d&rsquo;un retour de confiance des entreprises, apr\u00e8s la rafale de mesures annonc\u00e9es en mars par la <strong>BCE<\/strong>, il ne reste aujourd&rsquo;hui que\u00ab <em>peu d&rsquo;espoirs quant \u00e0 une acc\u00e9l\u00e9ration prochaine du faible rythme de croissance actuel<\/em> \u00bb.<\/span><\/p>\n<!-- AddThis Advanced Settings generic via filter on the_content --><!-- AddThis Share Buttons generic via filter on the_content -->","protected":false},"excerpt":{"rendered":"<p>Et, une fois n&rsquo;est pas coutume, le march\u00e9 de l&rsquo;or ne fait pas exception \u00e0 cette ambiance maussade. Apr\u00e8s avoir grimp\u00e9, jeudi dernier, vers un sommet de cinq semaines (autour des 1 270 dollars), l\u2019once de [&hellip;]<\/p>\n","protected":false},"author":18,"featured_media":6581,"comment_status":"closed","ping_status":"closed","sticky":false,"template":"","format":"standard","meta":{"_mbp_gutenberg_autopost":false,"_pgmb_is_evergreen":false,"_pgmb_ap_template_id":0,"footnotes":""},"categories":[6],"tags":[2190,1237,143,2169,102,103,1725,116,95,495,1902,85,76,534,126],"ppma_author":[2565],"class_list":["post-19266","post","type-post","status-publish","format-standard","has-post-thumbnail","hentry","category-articles-de-presse","tag-atlantique","tag-banque-centrale-europeenne","tag-bce","tag-chris-williamson","tag-dollar","tag-euro","tag-indice-pmi","tag-inflation","tag-marche-de-lor","tag-mario-draghi","tag-markit","tag-once-dor","tag-or","tag-wall-street","tag-zone-euro"],"yoast_head":"<!-- This site is optimized with the Yoast SEO plugin v27.5 - https:\/\/yoast.com\/product\/yoast-seo-wordpress\/ -->\n<title>March\u00e9s : Draghi tire l\u2019ensemble des bourses vers le bas - Gold.fr<\/title>\n<meta name=\"description\" content=\"March\u00e9s Draghi tire l\u2019ensemble des bourses vers le bas, le march\u00e9 de l\u2019or ne fait pas exception \u00e0 cette ambiance maussade Baisse de l&#039;once\" \/>\n<meta name=\"robots\" content=\"index, follow, max-snippet:-1, max-image-preview:large, max-video-preview:-1\" \/>\n<link rel=\"canonical\" href=\"https:\/\/www.gold.fr\/news\/2016\/04\/25\/marches-draghi-tire-lensemble-des-bourses-vers-le-bas\/\" \/>\n<meta property=\"og:locale\" content=\"fr_FR\" \/>\n<meta property=\"og:type\" content=\"article\" \/>\n<meta property=\"og:title\" content=\"March\u00e9s : Draghi tire l\u2019ensemble des bourses vers le bas - Gold.fr\" \/>\n<meta property=\"og:description\" content=\"March\u00e9s Draghi tire l\u2019ensemble des bourses vers le bas, le march\u00e9 de l\u2019or ne fait pas exception \u00e0 cette ambiance maussade Baisse de l&#039;once\" \/>\n<meta property=\"og:url\" content=\"https:\/\/www.gold.fr\/news\/2016\/04\/25\/marches-draghi-tire-lensemble-des-bourses-vers-le-bas\/\" \/>\n<meta property=\"og:site_name\" content=\"Gold.fr\" \/>\n<meta property=\"article:publisher\" content=\"https:\/\/www.facebook.com\/Goldfr\/\" \/>\n<meta property=\"article:published_time\" content=\"2016-04-25T08:00:10+00:00\" \/>\n<meta property=\"article:modified_time\" content=\"2020-06-30T11:51:11+00:00\" \/>\n<meta property=\"og:image\" content=\"https:\/\/www.gold.fr\/news\/wp-content\/uploads\/2012\/03\/Lingots-dor.jpg\" \/>\n\t<meta property=\"og:image:width\" content=\"600\" \/>\n\t<meta property=\"og:image:height\" content=\"407\" \/>\n\t<meta property=\"og:image:type\" content=\"image\/jpeg\" \/>\n<meta name=\"author\" content=\"Comptoir National de l&#039;Or\" \/>\n<meta name=\"twitter:card\" content=\"summary_large_image\" \/>\n<meta name=\"twitter:label1\" content=\"\u00c9crit par\" \/>\n\t<meta name=\"twitter:data1\" content=\"Comptoir National de l&#039;Or\" \/>\n\t<meta name=\"twitter:label2\" content=\"Dur\u00e9e de lecture estim\u00e9e\" \/>\n\t<meta name=\"twitter:data2\" content=\"3 minutes\" \/>\n<script type=\"application\/ld+json\" class=\"yoast-schema-graph\">{\"@context\":\"https:\\\/\\\/schema.org\",\"@graph\":[{\"@type\":\"Article\",\"@id\":\"https:\\\/\\\/www.gold.fr\\\/news\\\/2016\\\/04\\\/25\\\/marches-draghi-tire-lensemble-des-bourses-vers-le-bas\\\/#article\",\"isPartOf\":{\"@id\":\"https:\\\/\\\/www.gold.fr\\\/news\\\/2016\\\/04\\\/25\\\/marches-draghi-tire-lensemble-des-bourses-vers-le-bas\\\/\"},\"author\":{\"name\":\"Comptoir National de l'Or\",\"@id\":\"https:\\\/\\\/www.gold.fr\\\/news\\\/#\\\/schema\\\/person\\\/070491b4b4fb7671bf59b3be20302ce9\"},\"headline\":\"March\u00e9s : Draghi tire l\u2019ensemble des bourses vers le bas\",\"datePublished\":\"2016-04-25T08:00:10+00:00\",\"dateModified\":\"2020-06-30T11:51:11+00:00\",\"mainEntityOfPage\":{\"@id\":\"https:\\\/\\\/www.gold.fr\\\/news\\\/2016\\\/04\\\/25\\\/marches-draghi-tire-lensemble-des-bourses-vers-le-bas\\\/\"},\"wordCount\":552,\"image\":{\"@id\":\"https:\\\/\\\/www.gold.fr\\\/news\\\/2016\\\/04\\\/25\\\/marches-draghi-tire-lensemble-des-bourses-vers-le-bas\\\/#primaryimage\"},\"thumbnailUrl\":\"https:\\\/\\\/www.gold.fr\\\/news\\\/wp-content\\\/uploads\\\/2012\\\/03\\\/Lingots-dor.jpg\",\"keywords\":[\"Atlantique\",\"Banque Centrale Europ\u00e9enne\",\"bce\",\"Chris Williamson\",\"dollar\",\"euro\",\"indice PMI\",\"inflation\",\"march\u00e9 de l'or\",\"mario draghi\",\"markit\",\"once d'or\",\"Or\",\"wall street\",\"zone euro\"],\"articleSection\":[\"Articles de presse\"],\"inLanguage\":\"fr-FR\"},{\"@type\":\"WebPage\",\"@id\":\"https:\\\/\\\/www.gold.fr\\\/news\\\/2016\\\/04\\\/25\\\/marches-draghi-tire-lensemble-des-bourses-vers-le-bas\\\/\",\"url\":\"https:\\\/\\\/www.gold.fr\\\/news\\\/2016\\\/04\\\/25\\\/marches-draghi-tire-lensemble-des-bourses-vers-le-bas\\\/\",\"name\":\"March\u00e9s : Draghi tire l\u2019ensemble des bourses vers le bas - Gold.fr\",\"isPartOf\":{\"@id\":\"https:\\\/\\\/www.gold.fr\\\/news\\\/#website\"},\"primaryImageOfPage\":{\"@id\":\"https:\\\/\\\/www.gold.fr\\\/news\\\/2016\\\/04\\\/25\\\/marches-draghi-tire-lensemble-des-bourses-vers-le-bas\\\/#primaryimage\"},\"image\":{\"@id\":\"https:\\\/\\\/www.gold.fr\\\/news\\\/2016\\\/04\\\/25\\\/marches-draghi-tire-lensemble-des-bourses-vers-le-bas\\\/#primaryimage\"},\"thumbnailUrl\":\"https:\\\/\\\/www.gold.fr\\\/news\\\/wp-content\\\/uploads\\\/2012\\\/03\\\/Lingots-dor.jpg\",\"datePublished\":\"2016-04-25T08:00:10+00:00\",\"dateModified\":\"2020-06-30T11:51:11+00:00\",\"author\":{\"@id\":\"https:\\\/\\\/www.gold.fr\\\/news\\\/#\\\/schema\\\/person\\\/070491b4b4fb7671bf59b3be20302ce9\"},\"description\":\"March\u00e9s Draghi tire l\u2019ensemble des bourses vers le bas, le march\u00e9 de l\u2019or ne fait pas exception \u00e0 cette ambiance maussade Baisse de l'once\",\"breadcrumb\":{\"@id\":\"https:\\\/\\\/www.gold.fr\\\/news\\\/2016\\\/04\\\/25\\\/marches-draghi-tire-lensemble-des-bourses-vers-le-bas\\\/#breadcrumb\"},\"inLanguage\":\"fr-FR\",\"potentialAction\":[{\"@type\":\"ReadAction\",\"target\":[\"https:\\\/\\\/www.gold.fr\\\/news\\\/2016\\\/04\\\/25\\\/marches-draghi-tire-lensemble-des-bourses-vers-le-bas\\\/\"]}]},{\"@type\":\"ImageObject\",\"inLanguage\":\"fr-FR\",\"@id\":\"https:\\\/\\\/www.gold.fr\\\/news\\\/2016\\\/04\\\/25\\\/marches-draghi-tire-lensemble-des-bourses-vers-le-bas\\\/#primaryimage\",\"url\":\"https:\\\/\\\/www.gold.fr\\\/news\\\/wp-content\\\/uploads\\\/2012\\\/03\\\/Lingots-dor.jpg\",\"contentUrl\":\"https:\\\/\\\/www.gold.fr\\\/news\\\/wp-content\\\/uploads\\\/2012\\\/03\\\/Lingots-dor.jpg\",\"width\":\"600\",\"height\":\"407\",\"caption\":\"L\u00e9ger recul de l'once d'or suite au rapport NFP\"},{\"@type\":\"BreadcrumbList\",\"@id\":\"https:\\\/\\\/www.gold.fr\\\/news\\\/2016\\\/04\\\/25\\\/marches-draghi-tire-lensemble-des-bourses-vers-le-bas\\\/#breadcrumb\",\"itemListElement\":[{\"@type\":\"ListItem\",\"position\":1,\"name\":\"Accueil\",\"item\":\"https:\\\/\\\/www.gold.fr\\\/\"},{\"@type\":\"ListItem\",\"position\":2,\"name\":\"Actualit\u00e9s\",\"item\":\"https:\\\/\\\/www.gold.fr\\\/news\\\/\"},{\"@type\":\"ListItem\",\"position\":3,\"name\":\"March\u00e9s : Draghi tire l\u2019ensemble des bourses vers le bas\"}]},{\"@type\":\"WebSite\",\"@id\":\"https:\\\/\\\/www.gold.fr\\\/news\\\/#website\",\"url\":\"https:\\\/\\\/www.gold.fr\\\/news\\\/\",\"name\":\"Gold.fr\",\"description\":\"Actualit\u00e9s de l&#039;Or et des m\u00e9taux pr\u00e9cieux\",\"potentialAction\":[{\"@type\":\"SearchAction\",\"target\":{\"@type\":\"EntryPoint\",\"urlTemplate\":\"https:\\\/\\\/www.gold.fr\\\/news\\\/?s={search_term_string}\"},\"query-input\":{\"@type\":\"PropertyValueSpecification\",\"valueRequired\":true,\"valueName\":\"search_term_string\"}}],\"inLanguage\":\"fr-FR\"},{\"@type\":\"Person\",\"@id\":\"https:\\\/\\\/www.gold.fr\\\/news\\\/#\\\/schema\\\/person\\\/070491b4b4fb7671bf59b3be20302ce9\",\"name\":\"Comptoir National de l'Or\",\"image\":{\"@type\":\"ImageObject\",\"inLanguage\":\"fr-FR\",\"@id\":\"https:\\\/\\\/secure.gravatar.com\\\/avatar\\\/0a2867fd5abe37bed95d5a65e9d58f01756e11efc68af9888dfc50cfa7f65948?s=96&d=mm&r=gb490554db0a38188709de567aa58480d\",\"url\":\"https:\\\/\\\/secure.gravatar.com\\\/avatar\\\/0a2867fd5abe37bed95d5a65e9d58f01756e11efc68af9888dfc50cfa7f65948?s=96&d=mm&r=g\",\"contentUrl\":\"https:\\\/\\\/secure.gravatar.com\\\/avatar\\\/0a2867fd5abe37bed95d5a65e9d58f01756e11efc68af9888dfc50cfa7f65948?s=96&d=mm&r=g\",\"caption\":\"Comptoir National de l'Or\"},\"description\":\"Notre r\u00e9daction est constitu\u00e9e de membres experts dans les m\u00e9tiers de l'\u00e9conomie et la gestion, des Responsables d'agence Comptoir National de l'Or, des analystes financiers qui publient r\u00e9guli\u00e8rement des \u00e9tudes sur les politiques des banques centrales, le cours de l'or, prix de l'or, cours de l'argent, prix de l'argent, cours du platine, cours du palladium,... la situation en zone euro et l'impact de la strat\u00e9gie mon\u00e9taire de la FED. Notre \u00e9quipe scrute \u00e9galement une information plus g\u00e9n\u00e9raliste \u00e0 la recherche d'actualit\u00e9 \\\"p\u00e9pite\\\" \u00e0 vous partager. Depuis 5 ans, nous avons publi\u00e9 un peu plus de 4000 articles qui s'adressent \u00e0 un public large et vari\u00e9 ayant pour objectif de satisfaire votre curiosit\u00e9 et de partager avec vous une certaine fascination pour le m\u00e9tal jaune, le rachat d'or, et pour ceux qui veulent investir dans l'or, vendre leur or tout simplement en savoir plus... Pour tous vos achat or et argent, n'h\u00e9sitez pas \u00e0 prendre rendez-vous dans l'un de nos nombreux comptoirs.\",\"sameAs\":[\"https:\\\/\\\/www.gold.fr\"]}]}<\/script>\n<!-- \/ Yoast SEO plugin. -->","yoast_head_json":{"title":"March\u00e9s : Draghi tire l\u2019ensemble des bourses vers le bas - Gold.fr","description":"March\u00e9s Draghi tire l\u2019ensemble des bourses vers le bas, le march\u00e9 de l\u2019or ne fait pas exception \u00e0 cette ambiance maussade Baisse de l'once","robots":{"index":"index","follow":"follow","max-snippet":"max-snippet:-1","max-image-preview":"max-image-preview:large","max-video-preview":"max-video-preview:-1"},"canonical":"https:\/\/www.gold.fr\/news\/2016\/04\/25\/marches-draghi-tire-lensemble-des-bourses-vers-le-bas\/","og_locale":"fr_FR","og_type":"article","og_title":"March\u00e9s : Draghi tire l\u2019ensemble des bourses vers le bas - Gold.fr","og_description":"March\u00e9s Draghi tire l\u2019ensemble des bourses vers le bas, le march\u00e9 de l\u2019or ne fait pas exception \u00e0 cette ambiance maussade Baisse de l'once","og_url":"https:\/\/www.gold.fr\/news\/2016\/04\/25\/marches-draghi-tire-lensemble-des-bourses-vers-le-bas\/","og_site_name":"Gold.fr","article_publisher":"https:\/\/www.facebook.com\/Goldfr\/","article_published_time":"2016-04-25T08:00:10+00:00","article_modified_time":"2020-06-30T11:51:11+00:00","og_image":[{"width":600,"height":407,"url":"https:\/\/www.gold.fr\/news\/wp-content\/uploads\/2012\/03\/Lingots-dor.jpg","type":"image\/jpeg"}],"author":"Comptoir National de l'Or","twitter_card":"summary_large_image","twitter_misc":{"\u00c9crit par":"Comptoir National de l'Or","Dur\u00e9e de lecture estim\u00e9e":"3 minutes"},"schema":{"@context":"https:\/\/schema.org","@graph":[{"@type":"Article","@id":"https:\/\/www.gold.fr\/news\/2016\/04\/25\/marches-draghi-tire-lensemble-des-bourses-vers-le-bas\/#article","isPartOf":{"@id":"https:\/\/www.gold.fr\/news\/2016\/04\/25\/marches-draghi-tire-lensemble-des-bourses-vers-le-bas\/"},"author":{"name":"Comptoir National de l'Or","@id":"https:\/\/www.gold.fr\/news\/#\/schema\/person\/070491b4b4fb7671bf59b3be20302ce9"},"headline":"March\u00e9s : Draghi tire l\u2019ensemble des bourses vers le bas","datePublished":"2016-04-25T08:00:10+00:00","dateModified":"2020-06-30T11:51:11+00:00","mainEntityOfPage":{"@id":"https:\/\/www.gold.fr\/news\/2016\/04\/25\/marches-draghi-tire-lensemble-des-bourses-vers-le-bas\/"},"wordCount":552,"image":{"@id":"https:\/\/www.gold.fr\/news\/2016\/04\/25\/marches-draghi-tire-lensemble-des-bourses-vers-le-bas\/#primaryimage"},"thumbnailUrl":"https:\/\/www.gold.fr\/news\/wp-content\/uploads\/2012\/03\/Lingots-dor.jpg","keywords":["Atlantique","Banque Centrale Europ\u00e9enne","bce","Chris Williamson","dollar","euro","indice PMI","inflation","march\u00e9 de l'or","mario draghi","markit","once d'or","Or","wall street","zone euro"],"articleSection":["Articles de presse"],"inLanguage":"fr-FR"},{"@type":"WebPage","@id":"https:\/\/www.gold.fr\/news\/2016\/04\/25\/marches-draghi-tire-lensemble-des-bourses-vers-le-bas\/","url":"https:\/\/www.gold.fr\/news\/2016\/04\/25\/marches-draghi-tire-lensemble-des-bourses-vers-le-bas\/","name":"March\u00e9s : Draghi tire l\u2019ensemble des bourses vers le bas - Gold.fr","isPartOf":{"@id":"https:\/\/www.gold.fr\/news\/#website"},"primaryImageOfPage":{"@id":"https:\/\/www.gold.fr\/news\/2016\/04\/25\/marches-draghi-tire-lensemble-des-bourses-vers-le-bas\/#primaryimage"},"image":{"@id":"https:\/\/www.gold.fr\/news\/2016\/04\/25\/marches-draghi-tire-lensemble-des-bourses-vers-le-bas\/#primaryimage"},"thumbnailUrl":"https:\/\/www.gold.fr\/news\/wp-content\/uploads\/2012\/03\/Lingots-dor.jpg","datePublished":"2016-04-25T08:00:10+00:00","dateModified":"2020-06-30T11:51:11+00:00","author":{"@id":"https:\/\/www.gold.fr\/news\/#\/schema\/person\/070491b4b4fb7671bf59b3be20302ce9"},"description":"March\u00e9s Draghi tire l\u2019ensemble des bourses vers le bas, le march\u00e9 de l\u2019or ne fait pas exception \u00e0 cette ambiance maussade Baisse de l'once","breadcrumb":{"@id":"https:\/\/www.gold.fr\/news\/2016\/04\/25\/marches-draghi-tire-lensemble-des-bourses-vers-le-bas\/#breadcrumb"},"inLanguage":"fr-FR","potentialAction":[{"@type":"ReadAction","target":["https:\/\/www.gold.fr\/news\/2016\/04\/25\/marches-draghi-tire-lensemble-des-bourses-vers-le-bas\/"]}]},{"@type":"ImageObject","inLanguage":"fr-FR","@id":"https:\/\/www.gold.fr\/news\/2016\/04\/25\/marches-draghi-tire-lensemble-des-bourses-vers-le-bas\/#primaryimage","url":"https:\/\/www.gold.fr\/news\/wp-content\/uploads\/2012\/03\/Lingots-dor.jpg","contentUrl":"https:\/\/www.gold.fr\/news\/wp-content\/uploads\/2012\/03\/Lingots-dor.jpg","width":"600","height":"407","caption":"L\u00e9ger recul de l'once d'or suite au rapport NFP"},{"@type":"BreadcrumbList","@id":"https:\/\/www.gold.fr\/news\/2016\/04\/25\/marches-draghi-tire-lensemble-des-bourses-vers-le-bas\/#breadcrumb","itemListElement":[{"@type":"ListItem","position":1,"name":"Accueil","item":"https:\/\/www.gold.fr\/"},{"@type":"ListItem","position":2,"name":"Actualit\u00e9s","item":"https:\/\/www.gold.fr\/news\/"},{"@type":"ListItem","position":3,"name":"March\u00e9s : Draghi tire l\u2019ensemble des bourses vers le bas"}]},{"@type":"WebSite","@id":"https:\/\/www.gold.fr\/news\/#website","url":"https:\/\/www.gold.fr\/news\/","name":"Gold.fr","description":"Actualit\u00e9s de l&#039;Or et des m\u00e9taux pr\u00e9cieux","potentialAction":[{"@type":"SearchAction","target":{"@type":"EntryPoint","urlTemplate":"https:\/\/www.gold.fr\/news\/?s={search_term_string}"},"query-input":{"@type":"PropertyValueSpecification","valueRequired":true,"valueName":"search_term_string"}}],"inLanguage":"fr-FR"},{"@type":"Person","@id":"https:\/\/www.gold.fr\/news\/#\/schema\/person\/070491b4b4fb7671bf59b3be20302ce9","name":"Comptoir National de l'Or","image":{"@type":"ImageObject","inLanguage":"fr-FR","@id":"https:\/\/secure.gravatar.com\/avatar\/0a2867fd5abe37bed95d5a65e9d58f01756e11efc68af9888dfc50cfa7f65948?s=96&d=mm&r=gb490554db0a38188709de567aa58480d","url":"https:\/\/secure.gravatar.com\/avatar\/0a2867fd5abe37bed95d5a65e9d58f01756e11efc68af9888dfc50cfa7f65948?s=96&d=mm&r=g","contentUrl":"https:\/\/secure.gravatar.com\/avatar\/0a2867fd5abe37bed95d5a65e9d58f01756e11efc68af9888dfc50cfa7f65948?s=96&d=mm&r=g","caption":"Comptoir National de l'Or"},"description":"Notre r\u00e9daction est constitu\u00e9e de membres experts dans les m\u00e9tiers de l'\u00e9conomie et la gestion, des Responsables d'agence Comptoir National de l'Or, des analystes financiers qui publient r\u00e9guli\u00e8rement des \u00e9tudes sur les politiques des banques centrales, le cours de l'or, prix de l'or, cours de l'argent, prix de l'argent, cours du platine, cours du palladium,... la situation en zone euro et l'impact de la strat\u00e9gie mon\u00e9taire de la FED. Notre \u00e9quipe scrute \u00e9galement une information plus g\u00e9n\u00e9raliste \u00e0 la recherche d'actualit\u00e9 \"p\u00e9pite\" \u00e0 vous partager. Depuis 5 ans, nous avons publi\u00e9 un peu plus de 4000 articles qui s'adressent \u00e0 un public large et vari\u00e9 ayant pour objectif de satisfaire votre curiosit\u00e9 et de partager avec vous une certaine fascination pour le m\u00e9tal jaune, le rachat d'or, et pour ceux qui veulent investir dans l'or, vendre leur or tout simplement en savoir plus... Pour tous vos achat or et argent, n'h\u00e9sitez pas \u00e0 prendre rendez-vous dans l'un de nos nombreux comptoirs.","sameAs":["https:\/\/www.gold.fr"]}]}},"authors":[{"term_id":2565,"user_id":18,"is_guest":0,"slug":"julie","display_name":"Comptoir National de l'Or","avatar_url":"https:\/\/secure.gravatar.com\/avatar\/713f289e398d35ead876c4a4cc08607f0d6d266058cfc25683fffb6092d0e572?s=96&d=mm&r=g","0":null,"1":"","2":"","3":"","4":"","5":"","6":"","7":"","8":""}],"_links":{"self":[{"href":"https:\/\/www.gold.fr\/news\/wp-json\/wp\/v2\/posts\/19266","targetHints":{"allow":["GET"]}}],"collection":[{"href":"https:\/\/www.gold.fr\/news\/wp-json\/wp\/v2\/posts"}],"about":[{"href":"https:\/\/www.gold.fr\/news\/wp-json\/wp\/v2\/types\/post"}],"author":[{"embeddable":true,"href":"https:\/\/www.gold.fr\/news\/wp-json\/wp\/v2\/users\/18"}],"replies":[{"embeddable":true,"href":"https:\/\/www.gold.fr\/news\/wp-json\/wp\/v2\/comments?post=19266"}],"version-history":[{"count":0,"href":"https:\/\/www.gold.fr\/news\/wp-json\/wp\/v2\/posts\/19266\/revisions"}],"wp:featuredmedia":[{"embeddable":true,"href":"https:\/\/www.gold.fr\/news\/wp-json\/wp\/v2\/media\/6581"}],"wp:attachment":[{"href":"https:\/\/www.gold.fr\/news\/wp-json\/wp\/v2\/media?parent=19266"}],"wp:term":[{"taxonomy":"category","embeddable":true,"href":"https:\/\/www.gold.fr\/news\/wp-json\/wp\/v2\/categories?post=19266"},{"taxonomy":"post_tag","embeddable":true,"href":"https:\/\/www.gold.fr\/news\/wp-json\/wp\/v2\/tags?post=19266"},{"taxonomy":"author","embeddable":true,"href":"https:\/\/www.gold.fr\/news\/wp-json\/wp\/v2\/ppma_author?post=19266"}],"curies":[{"name":"wp","href":"https:\/\/api.w.org\/{rel}","templated":true}]}}