{"id":19248,"date":"2016-04-22T17:00:11","date_gmt":"2016-04-22T15:00:11","guid":{"rendered":"https:\/\/www.gold.fr\/news\/?p=19248"},"modified":"2018-03-19T16:11:50","modified_gmt":"2018-03-19T15:11:50","slug":"bce-un-r-a-s-previsible","status":"publish","type":"post","link":"https:\/\/www.gold.fr\/news\/2016\/04\/22\/bce-un-r-a-s-previsible\/","title":{"rendered":"BCE : Un \u00ab r-\u00e0-s \u00bb pr\u00e9visible"},"content":{"rendered":"<p><span style=\"font-size: small;\"><img loading=\"lazy\" decoding=\"async\" class=\"alignleft wp-image-2682 size-thumbnail\" title=\"BCE : Un \u00ab r-\u00e0-s \u00bb pr\u00e9visible\" src=\"https:\/\/www.gold.fr\/news\/wp-content\/uploads\/2011\/10\/Graphique-pieces-150x150.jpg\" alt=\"BCE : Un \u00ab r-\u00e0-s \u00bb pr\u00e9visible\" width=\"150\" height=\"150\" \/>Le consensus \u00e9conomiste tablait d\u00e9j\u00e0 sur une issue vers le statu quo de la politique mon\u00e9taire de la banque centrale europ\u00e9enne. Des pr\u00e9visions qui ont \u00e9t\u00e9 confirm\u00e9es par la conf\u00e9rence de presse anim\u00e9e par <strong>Mario Draghi<\/strong>, jeudi apr\u00e8s-midi, suite \u00e0 la r\u00e9union habituelle du conseil des gouverneurs de l&rsquo;institution.<\/span><\/p>\n<p><span style=\"font-size: small;\"> Dans tous les cas, il \u00e9tait \u00e9vident que la <strong>BCE<\/strong> maintiendrait un profil bas, ce mois-ci, apr\u00e8s la rafale d&rsquo;annonces et mesures prises \u00e0 l&rsquo;issue de sa derni\u00e8re r\u00e9union. Rappelons en effet que l&rsquo;organisme avait d\u00e9j\u00e0 relev\u00e9 le volume de ses injections mon\u00e9taires mensuelles dans l&rsquo;\u00e9conomie de la zone de <strong>60<\/strong> \u00e0 <strong>80 milliards d&rsquo;<a class=\"esk-seo-plu-link\" href=\"https:\/\/www.gold.fr\/news\/tags\/investissement\">euros<\/a><\/strong> <em>(dans le cadre du programme d&rsquo;achats d&rsquo;actifs)<\/em>. Une mesure qui a d\u00e9j\u00e0 \u00e9t\u00e9 appliqu\u00e9e, dans l&rsquo;attente de l&rsquo;application des mesures non conventionnelles suppl\u00e9mentaires d\u00e9cid\u00e9es lors de la m\u00eame r\u00e9union.<\/span><\/p>\n<p><span style=\"font-size: small;\">Du coup, <strong>Mario Draghi<\/strong> n&rsquo;a pas cr\u00e9\u00e9 la surprise en annon\u00e7ant, jeudi, que la <strong>BCE<\/strong> laisserait ses taux d&rsquo;int\u00e9r\u00eat directeurs inchang\u00e9s. Dans le d\u00e9tail, les observateurs rapportent que l&rsquo;institution a annonc\u00e9, via son communiqu\u00e9 officiel, que \u00ab<em> le taux d&rsquo;int\u00e9r\u00eat des op\u00e9rations principales de refinancement reste \u00e0 0%, le taux d&rsquo;int\u00e9r\u00eat de la facilit\u00e9 de pr\u00eat marginal \u00e0 0,25% et le taux d&rsquo;int\u00e9r\u00eat de la facilit\u00e9 de d\u00e9p\u00f4t \u00e0 -0,40%<\/em>\u00bb.<\/span> <span style=\"font-size: small;\">Pour ce qui est du sc\u00e9nario de \u00ab <em>l&rsquo;h\u00e9licopter oney<\/em> \u00bb, <strong>Draghi<\/strong> a bien sp\u00e9cifi\u00e9 que cette option n&rsquo;avait pas \u00e9t\u00e9 n\u00e9goci\u00e9e ni discut\u00e9e lors de la derni\u00e8re r\u00e9union, tout en rappelant que \u00ab <em>les outils mon\u00e9taires mis en \u0153uvre le 10 mars dernier restent sur la table et que le mot d&rsquo;ordre reste le \u00ab\u00a0no limit\u00a0\u00bb<\/em> \u00bb<\/span><\/p>\n<!-- AddThis Advanced Settings generic via filter on the_content --><!-- AddThis Share Buttons generic via filter on the_content -->","protected":false},"excerpt":{"rendered":"<p>Le consensus \u00e9conomiste tablait d\u00e9j\u00e0 sur une issue vers le statu quo de la politique mon\u00e9taire de la banque centrale europ\u00e9enne. Des pr\u00e9visions qui ont \u00e9t\u00e9 confirm\u00e9es par la conf\u00e9rence de presse anim\u00e9e par Mario Draghi, [&hellip;]<\/p>\n","protected":false},"author":18,"featured_media":31956,"comment_status":"open","ping_status":"open","sticky":false,"template":"","format":"standard","meta":{"_mbp_gutenberg_autopost":false,"_pgmb_is_evergreen":false,"_pgmb_ap_template_id":0,"footnotes":""},"categories":[6],"tags":[1237,143,103,2214,495],"ppma_author":[2565],"class_list":["post-19248","post","type-post","status-publish","format-standard","has-post-thumbnail","hentry","category-articles-de-presse","tag-banque-centrale-europeenne","tag-bce","tag-euro","tag-helicopter-oney","tag-mario-draghi"],"yoast_head":"<!-- This site is optimized with the Yoast SEO plugin v27.5 - https:\/\/yoast.com\/product\/yoast-seo-wordpress\/ -->\n<title>BCE : Un \u00ab r-\u00e0-s \u00bb pr\u00e9visible - Gold.fr<\/title>\n<meta name=\"robots\" content=\"index, follow, max-snippet:-1, max-image-preview:large, max-video-preview:-1\" \/>\n<link rel=\"canonical\" href=\"https:\/\/www.gold.fr\/news\/2016\/04\/22\/bce-un-r-a-s-previsible\/\" \/>\n<meta property=\"og:locale\" content=\"fr_FR\" \/>\n<meta property=\"og:type\" content=\"article\" \/>\n<meta property=\"og:title\" content=\"BCE : Un \u00ab r-\u00e0-s \u00bb pr\u00e9visible - Gold.fr\" \/>\n<meta property=\"og:description\" content=\"Le consensus \u00e9conomiste tablait d\u00e9j\u00e0 sur une issue vers le statu quo de la politique mon\u00e9taire de la banque centrale europ\u00e9enne. Des pr\u00e9visions qui ont \u00e9t\u00e9 confirm\u00e9es par la conf\u00e9rence de presse anim\u00e9e par Mario Draghi, [&hellip;]\" \/>\n<meta property=\"og:url\" content=\"https:\/\/www.gold.fr\/news\/2016\/04\/22\/bce-un-r-a-s-previsible\/\" \/>\n<meta property=\"og:site_name\" content=\"Gold.fr\" \/>\n<meta property=\"article:publisher\" content=\"https:\/\/www.facebook.com\/Goldfr\/\" \/>\n<meta property=\"article:published_time\" content=\"2016-04-22T15:00:11+00:00\" \/>\n<meta property=\"article:modified_time\" content=\"2018-03-19T15:11:50+00:00\" \/>\n<meta property=\"og:image\" content=\"https:\/\/www.gold.fr\/news\/wp-content\/uploads\/2016\/04\/Graphique-pieces-e1325701644436.jpg\" \/>\n\t<meta property=\"og:image:width\" content=\"609\" \/>\n\t<meta property=\"og:image:height\" content=\"400\" \/>\n\t<meta property=\"og:image:type\" content=\"image\/jpeg\" \/>\n<meta name=\"author\" content=\"Comptoir National de l&#039;Or\" \/>\n<meta name=\"twitter:card\" content=\"summary_large_image\" \/>\n<meta name=\"twitter:label1\" content=\"\u00c9crit par\" \/>\n\t<meta name=\"twitter:data1\" content=\"Comptoir National de l&#039;Or\" \/>\n\t<meta name=\"twitter:label2\" content=\"Dur\u00e9e de lecture estim\u00e9e\" \/>\n\t<meta name=\"twitter:data2\" content=\"1 minute\" \/>\n<script type=\"application\/ld+json\" class=\"yoast-schema-graph\">{\"@context\":\"https:\\\/\\\/schema.org\",\"@graph\":[{\"@type\":\"Article\",\"@id\":\"https:\\\/\\\/www.gold.fr\\\/news\\\/2016\\\/04\\\/22\\\/bce-un-r-a-s-previsible\\\/#article\",\"isPartOf\":{\"@id\":\"https:\\\/\\\/www.gold.fr\\\/news\\\/2016\\\/04\\\/22\\\/bce-un-r-a-s-previsible\\\/\"},\"author\":{\"name\":\"Comptoir National de l'Or\",\"@id\":\"https:\\\/\\\/www.gold.fr\\\/news\\\/#\\\/schema\\\/person\\\/070491b4b4fb7671bf59b3be20302ce9\"},\"headline\":\"BCE : Un \u00ab r-\u00e0-s \u00bb pr\u00e9visible\",\"datePublished\":\"2016-04-22T15:00:11+00:00\",\"dateModified\":\"2018-03-19T15:11:50+00:00\",\"mainEntityOfPage\":{\"@id\":\"https:\\\/\\\/www.gold.fr\\\/news\\\/2016\\\/04\\\/22\\\/bce-un-r-a-s-previsible\\\/\"},\"wordCount\":315,\"commentCount\":0,\"image\":{\"@id\":\"https:\\\/\\\/www.gold.fr\\\/news\\\/2016\\\/04\\\/22\\\/bce-un-r-a-s-previsible\\\/#primaryimage\"},\"thumbnailUrl\":\"https:\\\/\\\/www.gold.fr\\\/news\\\/wp-content\\\/uploads\\\/2016\\\/04\\\/Graphique-pieces-e1325701644436.jpg\",\"keywords\":[\"Banque Centrale Europ\u00e9enne\",\"bce\",\"euro\",\"h\u00e9licopter oney\",\"mario draghi\"],\"articleSection\":[\"Articles de presse\"],\"inLanguage\":\"fr-FR\"},{\"@type\":\"WebPage\",\"@id\":\"https:\\\/\\\/www.gold.fr\\\/news\\\/2016\\\/04\\\/22\\\/bce-un-r-a-s-previsible\\\/\",\"url\":\"https:\\\/\\\/www.gold.fr\\\/news\\\/2016\\\/04\\\/22\\\/bce-un-r-a-s-previsible\\\/\",\"name\":\"BCE : Un \u00ab r-\u00e0-s \u00bb pr\u00e9visible - Gold.fr\",\"isPartOf\":{\"@id\":\"https:\\\/\\\/www.gold.fr\\\/news\\\/#website\"},\"primaryImageOfPage\":{\"@id\":\"https:\\\/\\\/www.gold.fr\\\/news\\\/2016\\\/04\\\/22\\\/bce-un-r-a-s-previsible\\\/#primaryimage\"},\"image\":{\"@id\":\"https:\\\/\\\/www.gold.fr\\\/news\\\/2016\\\/04\\\/22\\\/bce-un-r-a-s-previsible\\\/#primaryimage\"},\"thumbnailUrl\":\"https:\\\/\\\/www.gold.fr\\\/news\\\/wp-content\\\/uploads\\\/2016\\\/04\\\/Graphique-pieces-e1325701644436.jpg\",\"datePublished\":\"2016-04-22T15:00:11+00:00\",\"dateModified\":\"2018-03-19T15:11:50+00:00\",\"author\":{\"@id\":\"https:\\\/\\\/www.gold.fr\\\/news\\\/#\\\/schema\\\/person\\\/070491b4b4fb7671bf59b3be20302ce9\"},\"breadcrumb\":{\"@id\":\"https:\\\/\\\/www.gold.fr\\\/news\\\/2016\\\/04\\\/22\\\/bce-un-r-a-s-previsible\\\/#breadcrumb\"},\"inLanguage\":\"fr-FR\",\"potentialAction\":[{\"@type\":\"ReadAction\",\"target\":[\"https:\\\/\\\/www.gold.fr\\\/news\\\/2016\\\/04\\\/22\\\/bce-un-r-a-s-previsible\\\/\"]}]},{\"@type\":\"ImageObject\",\"inLanguage\":\"fr-FR\",\"@id\":\"https:\\\/\\\/www.gold.fr\\\/news\\\/2016\\\/04\\\/22\\\/bce-un-r-a-s-previsible\\\/#primaryimage\",\"url\":\"https:\\\/\\\/www.gold.fr\\\/news\\\/wp-content\\\/uploads\\\/2016\\\/04\\\/Graphique-pieces-e1325701644436.jpg\",\"contentUrl\":\"https:\\\/\\\/www.gold.fr\\\/news\\\/wp-content\\\/uploads\\\/2016\\\/04\\\/Graphique-pieces-e1325701644436.jpg\",\"width\":609,\"height\":400,\"caption\":\"BCE : Un \u00ab r-\u00e0-s \u00bb pr\u00e9visible\"},{\"@type\":\"BreadcrumbList\",\"@id\":\"https:\\\/\\\/www.gold.fr\\\/news\\\/2016\\\/04\\\/22\\\/bce-un-r-a-s-previsible\\\/#breadcrumb\",\"itemListElement\":[{\"@type\":\"ListItem\",\"position\":1,\"name\":\"Accueil\",\"item\":\"https:\\\/\\\/www.gold.fr\\\/\"},{\"@type\":\"ListItem\",\"position\":2,\"name\":\"Actualit\u00e9s\",\"item\":\"https:\\\/\\\/www.gold.fr\\\/news\\\/\"},{\"@type\":\"ListItem\",\"position\":3,\"name\":\"BCE : Un \u00ab r-\u00e0-s \u00bb pr\u00e9visible\"}]},{\"@type\":\"WebSite\",\"@id\":\"https:\\\/\\\/www.gold.fr\\\/news\\\/#website\",\"url\":\"https:\\\/\\\/www.gold.fr\\\/news\\\/\",\"name\":\"Gold.fr\",\"description\":\"Actualit\u00e9s de l&#039;Or et des m\u00e9taux pr\u00e9cieux\",\"potentialAction\":[{\"@type\":\"SearchAction\",\"target\":{\"@type\":\"EntryPoint\",\"urlTemplate\":\"https:\\\/\\\/www.gold.fr\\\/news\\\/?s={search_term_string}\"},\"query-input\":{\"@type\":\"PropertyValueSpecification\",\"valueRequired\":true,\"valueName\":\"search_term_string\"}}],\"inLanguage\":\"fr-FR\"},{\"@type\":\"Person\",\"@id\":\"https:\\\/\\\/www.gold.fr\\\/news\\\/#\\\/schema\\\/person\\\/070491b4b4fb7671bf59b3be20302ce9\",\"name\":\"Comptoir National de l'Or\",\"image\":{\"@type\":\"ImageObject\",\"inLanguage\":\"fr-FR\",\"@id\":\"https:\\\/\\\/secure.gravatar.com\\\/avatar\\\/0a2867fd5abe37bed95d5a65e9d58f01756e11efc68af9888dfc50cfa7f65948?s=96&d=mm&r=gb490554db0a38188709de567aa58480d\",\"url\":\"https:\\\/\\\/secure.gravatar.com\\\/avatar\\\/0a2867fd5abe37bed95d5a65e9d58f01756e11efc68af9888dfc50cfa7f65948?s=96&d=mm&r=g\",\"contentUrl\":\"https:\\\/\\\/secure.gravatar.com\\\/avatar\\\/0a2867fd5abe37bed95d5a65e9d58f01756e11efc68af9888dfc50cfa7f65948?s=96&d=mm&r=g\",\"caption\":\"Comptoir National de l'Or\"},\"description\":\"Notre r\u00e9daction est constitu\u00e9e de membres experts dans les m\u00e9tiers de l'\u00e9conomie et la gestion, des Responsables d'agence Comptoir National de l'Or, des analystes financiers qui publient r\u00e9guli\u00e8rement des \u00e9tudes sur les politiques des banques centrales, le cours de l'or, prix de l'or, cours de l'argent, prix de l'argent, cours du platine, cours du palladium,... la situation en zone euro et l'impact de la strat\u00e9gie mon\u00e9taire de la FED. Notre \u00e9quipe scrute \u00e9galement une information plus g\u00e9n\u00e9raliste \u00e0 la recherche d'actualit\u00e9 \\\"p\u00e9pite\\\" \u00e0 vous partager. Depuis 5 ans, nous avons publi\u00e9 un peu plus de 4000 articles qui s'adressent \u00e0 un public large et vari\u00e9 ayant pour objectif de satisfaire votre curiosit\u00e9 et de partager avec vous une certaine fascination pour le m\u00e9tal jaune, le rachat d'or, et pour ceux qui veulent investir dans l'or, vendre leur or tout simplement en savoir plus... Pour tous vos achat or et argent, n'h\u00e9sitez pas \u00e0 prendre rendez-vous dans l'un de nos nombreux comptoirs.\",\"sameAs\":[\"https:\\\/\\\/www.gold.fr\"]}]}<\/script>\n<!-- \/ Yoast SEO plugin. -->","yoast_head_json":{"title":"BCE : Un \u00ab r-\u00e0-s \u00bb pr\u00e9visible - Gold.fr","robots":{"index":"index","follow":"follow","max-snippet":"max-snippet:-1","max-image-preview":"max-image-preview:large","max-video-preview":"max-video-preview:-1"},"canonical":"https:\/\/www.gold.fr\/news\/2016\/04\/22\/bce-un-r-a-s-previsible\/","og_locale":"fr_FR","og_type":"article","og_title":"BCE : Un \u00ab r-\u00e0-s \u00bb pr\u00e9visible - Gold.fr","og_description":"Le consensus \u00e9conomiste tablait d\u00e9j\u00e0 sur une issue vers le statu quo de la politique mon\u00e9taire de la banque centrale europ\u00e9enne. Des pr\u00e9visions qui ont \u00e9t\u00e9 confirm\u00e9es par la conf\u00e9rence de presse anim\u00e9e par Mario Draghi, [&hellip;]","og_url":"https:\/\/www.gold.fr\/news\/2016\/04\/22\/bce-un-r-a-s-previsible\/","og_site_name":"Gold.fr","article_publisher":"https:\/\/www.facebook.com\/Goldfr\/","article_published_time":"2016-04-22T15:00:11+00:00","article_modified_time":"2018-03-19T15:11:50+00:00","og_image":[{"width":609,"height":400,"url":"https:\/\/www.gold.fr\/news\/wp-content\/uploads\/2016\/04\/Graphique-pieces-e1325701644436.jpg","type":"image\/jpeg"}],"author":"Comptoir National de l'Or","twitter_card":"summary_large_image","twitter_misc":{"\u00c9crit par":"Comptoir National de l'Or","Dur\u00e9e de lecture estim\u00e9e":"1 minute"},"schema":{"@context":"https:\/\/schema.org","@graph":[{"@type":"Article","@id":"https:\/\/www.gold.fr\/news\/2016\/04\/22\/bce-un-r-a-s-previsible\/#article","isPartOf":{"@id":"https:\/\/www.gold.fr\/news\/2016\/04\/22\/bce-un-r-a-s-previsible\/"},"author":{"name":"Comptoir National de l'Or","@id":"https:\/\/www.gold.fr\/news\/#\/schema\/person\/070491b4b4fb7671bf59b3be20302ce9"},"headline":"BCE : Un \u00ab r-\u00e0-s \u00bb pr\u00e9visible","datePublished":"2016-04-22T15:00:11+00:00","dateModified":"2018-03-19T15:11:50+00:00","mainEntityOfPage":{"@id":"https:\/\/www.gold.fr\/news\/2016\/04\/22\/bce-un-r-a-s-previsible\/"},"wordCount":315,"commentCount":0,"image":{"@id":"https:\/\/www.gold.fr\/news\/2016\/04\/22\/bce-un-r-a-s-previsible\/#primaryimage"},"thumbnailUrl":"https:\/\/www.gold.fr\/news\/wp-content\/uploads\/2016\/04\/Graphique-pieces-e1325701644436.jpg","keywords":["Banque Centrale Europ\u00e9enne","bce","euro","h\u00e9licopter oney","mario draghi"],"articleSection":["Articles de presse"],"inLanguage":"fr-FR"},{"@type":"WebPage","@id":"https:\/\/www.gold.fr\/news\/2016\/04\/22\/bce-un-r-a-s-previsible\/","url":"https:\/\/www.gold.fr\/news\/2016\/04\/22\/bce-un-r-a-s-previsible\/","name":"BCE : Un \u00ab r-\u00e0-s \u00bb pr\u00e9visible - Gold.fr","isPartOf":{"@id":"https:\/\/www.gold.fr\/news\/#website"},"primaryImageOfPage":{"@id":"https:\/\/www.gold.fr\/news\/2016\/04\/22\/bce-un-r-a-s-previsible\/#primaryimage"},"image":{"@id":"https:\/\/www.gold.fr\/news\/2016\/04\/22\/bce-un-r-a-s-previsible\/#primaryimage"},"thumbnailUrl":"https:\/\/www.gold.fr\/news\/wp-content\/uploads\/2016\/04\/Graphique-pieces-e1325701644436.jpg","datePublished":"2016-04-22T15:00:11+00:00","dateModified":"2018-03-19T15:11:50+00:00","author":{"@id":"https:\/\/www.gold.fr\/news\/#\/schema\/person\/070491b4b4fb7671bf59b3be20302ce9"},"breadcrumb":{"@id":"https:\/\/www.gold.fr\/news\/2016\/04\/22\/bce-un-r-a-s-previsible\/#breadcrumb"},"inLanguage":"fr-FR","potentialAction":[{"@type":"ReadAction","target":["https:\/\/www.gold.fr\/news\/2016\/04\/22\/bce-un-r-a-s-previsible\/"]}]},{"@type":"ImageObject","inLanguage":"fr-FR","@id":"https:\/\/www.gold.fr\/news\/2016\/04\/22\/bce-un-r-a-s-previsible\/#primaryimage","url":"https:\/\/www.gold.fr\/news\/wp-content\/uploads\/2016\/04\/Graphique-pieces-e1325701644436.jpg","contentUrl":"https:\/\/www.gold.fr\/news\/wp-content\/uploads\/2016\/04\/Graphique-pieces-e1325701644436.jpg","width":609,"height":400,"caption":"BCE : Un \u00ab r-\u00e0-s \u00bb pr\u00e9visible"},{"@type":"BreadcrumbList","@id":"https:\/\/www.gold.fr\/news\/2016\/04\/22\/bce-un-r-a-s-previsible\/#breadcrumb","itemListElement":[{"@type":"ListItem","position":1,"name":"Accueil","item":"https:\/\/www.gold.fr\/"},{"@type":"ListItem","position":2,"name":"Actualit\u00e9s","item":"https:\/\/www.gold.fr\/news\/"},{"@type":"ListItem","position":3,"name":"BCE : Un \u00ab r-\u00e0-s \u00bb pr\u00e9visible"}]},{"@type":"WebSite","@id":"https:\/\/www.gold.fr\/news\/#website","url":"https:\/\/www.gold.fr\/news\/","name":"Gold.fr","description":"Actualit\u00e9s de l&#039;Or et des m\u00e9taux pr\u00e9cieux","potentialAction":[{"@type":"SearchAction","target":{"@type":"EntryPoint","urlTemplate":"https:\/\/www.gold.fr\/news\/?s={search_term_string}"},"query-input":{"@type":"PropertyValueSpecification","valueRequired":true,"valueName":"search_term_string"}}],"inLanguage":"fr-FR"},{"@type":"Person","@id":"https:\/\/www.gold.fr\/news\/#\/schema\/person\/070491b4b4fb7671bf59b3be20302ce9","name":"Comptoir National de l'Or","image":{"@type":"ImageObject","inLanguage":"fr-FR","@id":"https:\/\/secure.gravatar.com\/avatar\/0a2867fd5abe37bed95d5a65e9d58f01756e11efc68af9888dfc50cfa7f65948?s=96&d=mm&r=gb490554db0a38188709de567aa58480d","url":"https:\/\/secure.gravatar.com\/avatar\/0a2867fd5abe37bed95d5a65e9d58f01756e11efc68af9888dfc50cfa7f65948?s=96&d=mm&r=g","contentUrl":"https:\/\/secure.gravatar.com\/avatar\/0a2867fd5abe37bed95d5a65e9d58f01756e11efc68af9888dfc50cfa7f65948?s=96&d=mm&r=g","caption":"Comptoir National de l'Or"},"description":"Notre r\u00e9daction est constitu\u00e9e de membres experts dans les m\u00e9tiers de l'\u00e9conomie et la gestion, des Responsables d'agence Comptoir National de l'Or, des analystes financiers qui publient r\u00e9guli\u00e8rement des \u00e9tudes sur les politiques des banques centrales, le cours de l'or, prix de l'or, cours de l'argent, prix de l'argent, cours du platine, cours du palladium,... la situation en zone euro et l'impact de la strat\u00e9gie mon\u00e9taire de la FED. Notre \u00e9quipe scrute \u00e9galement une information plus g\u00e9n\u00e9raliste \u00e0 la recherche d'actualit\u00e9 \"p\u00e9pite\" \u00e0 vous partager. Depuis 5 ans, nous avons publi\u00e9 un peu plus de 4000 articles qui s'adressent \u00e0 un public large et vari\u00e9 ayant pour objectif de satisfaire votre curiosit\u00e9 et de partager avec vous une certaine fascination pour le m\u00e9tal jaune, le rachat d'or, et pour ceux qui veulent investir dans l'or, vendre leur or tout simplement en savoir plus... Pour tous vos achat or et argent, n'h\u00e9sitez pas \u00e0 prendre rendez-vous dans l'un de nos nombreux comptoirs.","sameAs":["https:\/\/www.gold.fr"]}]}},"authors":[{"term_id":2565,"user_id":18,"is_guest":0,"slug":"julie","display_name":"Comptoir National de l'Or","avatar_url":"https:\/\/secure.gravatar.com\/avatar\/713f289e398d35ead876c4a4cc08607f0d6d266058cfc25683fffb6092d0e572?s=96&d=mm&r=g","0":null,"1":"","2":"","3":"","4":"","5":"","6":"","7":"","8":""}],"_links":{"self":[{"href":"https:\/\/www.gold.fr\/news\/wp-json\/wp\/v2\/posts\/19248","targetHints":{"allow":["GET"]}}],"collection":[{"href":"https:\/\/www.gold.fr\/news\/wp-json\/wp\/v2\/posts"}],"about":[{"href":"https:\/\/www.gold.fr\/news\/wp-json\/wp\/v2\/types\/post"}],"author":[{"embeddable":true,"href":"https:\/\/www.gold.fr\/news\/wp-json\/wp\/v2\/users\/18"}],"replies":[{"embeddable":true,"href":"https:\/\/www.gold.fr\/news\/wp-json\/wp\/v2\/comments?post=19248"}],"version-history":[{"count":0,"href":"https:\/\/www.gold.fr\/news\/wp-json\/wp\/v2\/posts\/19248\/revisions"}],"wp:featuredmedia":[{"embeddable":true,"href":"https:\/\/www.gold.fr\/news\/wp-json\/wp\/v2\/media\/31956"}],"wp:attachment":[{"href":"https:\/\/www.gold.fr\/news\/wp-json\/wp\/v2\/media?parent=19248"}],"wp:term":[{"taxonomy":"category","embeddable":true,"href":"https:\/\/www.gold.fr\/news\/wp-json\/wp\/v2\/categories?post=19248"},{"taxonomy":"post_tag","embeddable":true,"href":"https:\/\/www.gold.fr\/news\/wp-json\/wp\/v2\/tags?post=19248"},{"taxonomy":"author","embeddable":true,"href":"https:\/\/www.gold.fr\/news\/wp-json\/wp\/v2\/ppma_author?post=19248"}],"curies":[{"name":"wp","href":"https:\/\/api.w.org\/{rel}","templated":true}]}}