{"id":19151,"date":"2016-04-11T09:00:24","date_gmt":"2016-04-11T07:00:24","guid":{"rendered":"https:\/\/www.gold.fr\/news\/?p=19151"},"modified":"2018-06-25T14:33:17","modified_gmt":"2018-06-25T12:33:17","slug":"marches-lethargiques-apres-la-bcefed","status":"publish","type":"post","link":"https:\/\/www.gold.fr\/news\/2016\/04\/11\/marches-lethargiques-apres-la-bcefed\/","title":{"rendered":"March\u00e9s l\u00e9thargiques, apr\u00e8s la BCE\/FED"},"content":{"rendered":"<p><img loading=\"lazy\" decoding=\"async\" class=\"alignleft wp-image-7629 size-thumbnail\" title=\"March\u00e9s l\u00e9thargiques, apr\u00e8s la BCE\/FED\" src=\"https:\/\/www.gold.fr\/news\/wp-content\/uploads\/2012\/05\/lingotins-d-or-150x150.jpg\" alt=\"March\u00e9s l\u00e9thargiques, apr\u00e8s la BCE\/FED\" width=\"150\" height=\"150\" srcset=\"https:\/\/www.gold.fr\/news\/wp-content\/uploads\/2012\/05\/lingotins-d-or-150x150.jpg 150w, https:\/\/www.gold.fr\/news\/wp-content\/uploads\/2012\/05\/lingotins-d-or-80x80.jpg 80w\" sizes=\"auto, (max-width: 150px) 100vw, 150px\" \/><span style=\"font-size: small;\">La communaut\u00e9 analyste parle d\u2019un \u00e9tat \u00ab <em>v\u00e9g\u00e9tatif<\/em> \u00bb des march\u00e9s, suite \u00e0 la publication des \u2018<em>minutes<\/em>\u2019 des r\u00e9unions respectives de la <strong>FED<\/strong> et de la <strong>BCE<\/strong> qui avaient eu lieu au mois de mars. <\/span>    <span style=\"font-size: small;\">En ce d\u00e9but de nouvelle semaine boursi\u00e8re, les march\u00e9s d\u2019action se remettent lentement de la d\u00e9ception r\u00e9sultant des publications trop prudentes des deux institutions majeures.<\/span> <span style=\"font-size: small;\">Les principales places boursi\u00e8res europ\u00e9ennes avaient connu un vendredi bien morose, avec une monnaie unique qui a eu du mal \u00e0 s\u2019orienter ou \u00e0 maintenir le cap, face aux autres devises concurrentes. Les experts expliquent cette morosit\u00e9 g\u00e9n\u00e9rale par \u00ab <em>la lourdeur persistante des valeurs bancaires<\/em> \u00bb, apr\u00e8s que la banque centrale europ\u00e9enne ait \u00e9voqu\u00e9, dans ses \u2018<em>minutes<\/em>\u2019 \u00ab <em>des taux encore plus n\u00e9gatifs<\/em> \u00bb, chose qui a contrari\u00e9 la plupart des actionnaires des \u00e9tablissements bancaires.<\/span>    <span style=\"font-size: small;\">L\u2019autre rendez-vous majeur du calendrier de la semaine derni\u00e8re consiste en la publication des \u2018<em>minutes<\/em>\u2019 de la r\u00e9serve f\u00e9d\u00e9rale am\u00e9ricaine. Une autre source de d\u00e9ception g\u00e9n\u00e9rale, dans la mesure o\u00f9 aucune annonce importante n\u2019y a \u00e9t\u00e9 incluse. Une prudence qui refl\u00e8te clairement les positions tr\u00e8s partag\u00e9es au sein du comit\u00e9 de direction mon\u00e9taire de l\u2019institution <strong>(FOMC)<\/strong>. Et bien que cette confusion va jusqu\u2019\u00e0 d\u00e9teindre aujourd\u2019hui sur les march\u00e9s et les op\u00e9rateurs, le consensus pr\u00e9visionnel penche vers l\u2019hypoth\u00e8se d\u2019un \u00e9ventuel rel\u00e8vement des taux de la <strong>FED<\/strong> en juin, et non en avril. Chez <strong>Aurel BGC<\/strong>, on pr\u00e9vient toutefois que \u00ab <em>l&rsquo;id\u00e9e d&rsquo;une hausse des taux en avril, si elle reste minoritaire, n&rsquo;est pas exclue. Il existe un vrai d\u00e9bat au sein du FOMC. El\u00e9ment qui n&rsquo;\u00e9tait pas perceptible dans les derniers discours de Mme Yellen<\/em> \u00bb.<\/span><\/p>\n<!-- AddThis Advanced Settings generic via filter on the_content --><!-- AddThis Share Buttons generic via filter on the_content -->","protected":false},"excerpt":{"rendered":"<p>La communaut\u00e9 analyste parle d\u2019un \u00e9tat \u00ab v\u00e9g\u00e9tatif \u00bb des march\u00e9s, suite \u00e0 la publication des \u2018minutes\u2019 des r\u00e9unions respectives de la FED et de la BCE qui avaient eu lieu au mois de mars. En [&hellip;]<\/p>\n","protected":false},"author":18,"featured_media":7629,"comment_status":"open","ping_status":"open","sticky":false,"template":"","format":"standard","meta":{"_mbp_gutenberg_autopost":false,"_pgmb_is_evergreen":false,"_pgmb_ap_template_id":0,"footnotes":""},"categories":[6],"tags":[2163,1023,144,2159,1504],"ppma_author":[2565],"class_list":["post-19151","post","type-post","status-publish","format-standard","has-post-thumbnail","hentry","category-articles-de-presse","tag-aurel-bgc","tag-banque-centrale","tag-fed","tag-federale-americaine","tag-janet-yellen"],"yoast_head":"<!-- This site is optimized with the Yoast SEO plugin v27.5 - https:\/\/yoast.com\/product\/yoast-seo-wordpress\/ -->\n<title>March\u00e9s l\u00e9thargiques, apr\u00e8s la BCE\/FED - Gold.fr<\/title>\n<meta name=\"robots\" content=\"index, follow, max-snippet:-1, max-image-preview:large, max-video-preview:-1\" \/>\n<link rel=\"canonical\" href=\"https:\/\/www.gold.fr\/news\/2016\/04\/11\/marches-lethargiques-apres-la-bcefed\/\" \/>\n<meta property=\"og:locale\" content=\"fr_FR\" \/>\n<meta property=\"og:type\" content=\"article\" \/>\n<meta property=\"og:title\" content=\"March\u00e9s l\u00e9thargiques, apr\u00e8s la BCE\/FED - Gold.fr\" \/>\n<meta property=\"og:description\" content=\"La communaut\u00e9 analyste parle d\u2019un \u00e9tat \u00ab v\u00e9g\u00e9tatif \u00bb des march\u00e9s, suite \u00e0 la publication des \u2018minutes\u2019 des r\u00e9unions respectives de la FED et de la BCE qui avaient eu lieu au mois de mars. En [&hellip;]\" \/>\n<meta property=\"og:url\" content=\"https:\/\/www.gold.fr\/news\/2016\/04\/11\/marches-lethargiques-apres-la-bcefed\/\" \/>\n<meta property=\"og:site_name\" content=\"Gold.fr\" \/>\n<meta property=\"article:publisher\" content=\"https:\/\/www.facebook.com\/Goldfr\/\" \/>\n<meta property=\"article:published_time\" content=\"2016-04-11T07:00:24+00:00\" \/>\n<meta property=\"article:modified_time\" content=\"2018-06-25T12:33:17+00:00\" \/>\n<meta property=\"og:image\" content=\"https:\/\/www.gold.fr\/news\/wp-content\/uploads\/2012\/05\/lingotins-d-or.jpg\" \/>\n\t<meta property=\"og:image:width\" content=\"150\" \/>\n\t<meta property=\"og:image:height\" content=\"203\" \/>\n\t<meta property=\"og:image:type\" content=\"image\/jpeg\" \/>\n<meta name=\"author\" content=\"Comptoir National de l&#039;Or\" \/>\n<meta name=\"twitter:card\" content=\"summary_large_image\" \/>\n<meta name=\"twitter:label1\" content=\"\u00c9crit par\" \/>\n\t<meta name=\"twitter:data1\" content=\"Comptoir National de l&#039;Or\" \/>\n\t<meta name=\"twitter:label2\" content=\"Dur\u00e9e de lecture estim\u00e9e\" \/>\n\t<meta name=\"twitter:data2\" content=\"2 minutes\" \/>\n<script type=\"application\/ld+json\" class=\"yoast-schema-graph\">{\"@context\":\"https:\\\/\\\/schema.org\",\"@graph\":[{\"@type\":\"Article\",\"@id\":\"https:\\\/\\\/www.gold.fr\\\/news\\\/2016\\\/04\\\/11\\\/marches-lethargiques-apres-la-bcefed\\\/#article\",\"isPartOf\":{\"@id\":\"https:\\\/\\\/www.gold.fr\\\/news\\\/2016\\\/04\\\/11\\\/marches-lethargiques-apres-la-bcefed\\\/\"},\"author\":{\"name\":\"Comptoir National de l'Or\",\"@id\":\"https:\\\/\\\/www.gold.fr\\\/news\\\/#\\\/schema\\\/person\\\/070491b4b4fb7671bf59b3be20302ce9\"},\"headline\":\"March\u00e9s l\u00e9thargiques, apr\u00e8s la BCE\\\/FED\",\"datePublished\":\"2016-04-11T07:00:24+00:00\",\"dateModified\":\"2018-06-25T12:33:17+00:00\",\"mainEntityOfPage\":{\"@id\":\"https:\\\/\\\/www.gold.fr\\\/news\\\/2016\\\/04\\\/11\\\/marches-lethargiques-apres-la-bcefed\\\/\"},\"wordCount\":320,\"commentCount\":0,\"image\":{\"@id\":\"https:\\\/\\\/www.gold.fr\\\/news\\\/2016\\\/04\\\/11\\\/marches-lethargiques-apres-la-bcefed\\\/#primaryimage\"},\"thumbnailUrl\":\"https:\\\/\\\/www.gold.fr\\\/news\\\/wp-content\\\/uploads\\\/2012\\\/05\\\/lingotins-d-or.jpg\",\"keywords\":[\"Aurel BGC\",\"Banque centrale\",\"fed\",\"f\u00e9d\u00e9rale am\u00e9ricaine\",\"Janet Yellen\"],\"articleSection\":[\"Articles de presse\"],\"inLanguage\":\"fr-FR\"},{\"@type\":\"WebPage\",\"@id\":\"https:\\\/\\\/www.gold.fr\\\/news\\\/2016\\\/04\\\/11\\\/marches-lethargiques-apres-la-bcefed\\\/\",\"url\":\"https:\\\/\\\/www.gold.fr\\\/news\\\/2016\\\/04\\\/11\\\/marches-lethargiques-apres-la-bcefed\\\/\",\"name\":\"March\u00e9s l\u00e9thargiques, apr\u00e8s la BCE\\\/FED - Gold.fr\",\"isPartOf\":{\"@id\":\"https:\\\/\\\/www.gold.fr\\\/news\\\/#website\"},\"primaryImageOfPage\":{\"@id\":\"https:\\\/\\\/www.gold.fr\\\/news\\\/2016\\\/04\\\/11\\\/marches-lethargiques-apres-la-bcefed\\\/#primaryimage\"},\"image\":{\"@id\":\"https:\\\/\\\/www.gold.fr\\\/news\\\/2016\\\/04\\\/11\\\/marches-lethargiques-apres-la-bcefed\\\/#primaryimage\"},\"thumbnailUrl\":\"https:\\\/\\\/www.gold.fr\\\/news\\\/wp-content\\\/uploads\\\/2012\\\/05\\\/lingotins-d-or.jpg\",\"datePublished\":\"2016-04-11T07:00:24+00:00\",\"dateModified\":\"2018-06-25T12:33:17+00:00\",\"author\":{\"@id\":\"https:\\\/\\\/www.gold.fr\\\/news\\\/#\\\/schema\\\/person\\\/070491b4b4fb7671bf59b3be20302ce9\"},\"breadcrumb\":{\"@id\":\"https:\\\/\\\/www.gold.fr\\\/news\\\/2016\\\/04\\\/11\\\/marches-lethargiques-apres-la-bcefed\\\/#breadcrumb\"},\"inLanguage\":\"fr-FR\",\"potentialAction\":[{\"@type\":\"ReadAction\",\"target\":[\"https:\\\/\\\/www.gold.fr\\\/news\\\/2016\\\/04\\\/11\\\/marches-lethargiques-apres-la-bcefed\\\/\"]}]},{\"@type\":\"ImageObject\",\"inLanguage\":\"fr-FR\",\"@id\":\"https:\\\/\\\/www.gold.fr\\\/news\\\/2016\\\/04\\\/11\\\/marches-lethargiques-apres-la-bcefed\\\/#primaryimage\",\"url\":\"https:\\\/\\\/www.gold.fr\\\/news\\\/wp-content\\\/uploads\\\/2012\\\/05\\\/lingotins-d-or.jpg\",\"contentUrl\":\"https:\\\/\\\/www.gold.fr\\\/news\\\/wp-content\\\/uploads\\\/2012\\\/05\\\/lingotins-d-or.jpg\",\"width\":\"150\",\"height\":\"203\",\"caption\":\"March\u00e9s l\u00e9thargiques, apr\u00e8s la BCE\\\/FED\"},{\"@type\":\"BreadcrumbList\",\"@id\":\"https:\\\/\\\/www.gold.fr\\\/news\\\/2016\\\/04\\\/11\\\/marches-lethargiques-apres-la-bcefed\\\/#breadcrumb\",\"itemListElement\":[{\"@type\":\"ListItem\",\"position\":1,\"name\":\"Accueil\",\"item\":\"https:\\\/\\\/www.gold.fr\\\/\"},{\"@type\":\"ListItem\",\"position\":2,\"name\":\"Actualit\u00e9s\",\"item\":\"https:\\\/\\\/www.gold.fr\\\/news\\\/\"},{\"@type\":\"ListItem\",\"position\":3,\"name\":\"March\u00e9s l\u00e9thargiques, apr\u00e8s la BCE\\\/FED\"}]},{\"@type\":\"WebSite\",\"@id\":\"https:\\\/\\\/www.gold.fr\\\/news\\\/#website\",\"url\":\"https:\\\/\\\/www.gold.fr\\\/news\\\/\",\"name\":\"Gold.fr\",\"description\":\"Actualit\u00e9s de l&#039;Or et des m\u00e9taux pr\u00e9cieux\",\"potentialAction\":[{\"@type\":\"SearchAction\",\"target\":{\"@type\":\"EntryPoint\",\"urlTemplate\":\"https:\\\/\\\/www.gold.fr\\\/news\\\/?s={search_term_string}\"},\"query-input\":{\"@type\":\"PropertyValueSpecification\",\"valueRequired\":true,\"valueName\":\"search_term_string\"}}],\"inLanguage\":\"fr-FR\"},{\"@type\":\"Person\",\"@id\":\"https:\\\/\\\/www.gold.fr\\\/news\\\/#\\\/schema\\\/person\\\/070491b4b4fb7671bf59b3be20302ce9\",\"name\":\"Comptoir National de l'Or\",\"image\":{\"@type\":\"ImageObject\",\"inLanguage\":\"fr-FR\",\"@id\":\"https:\\\/\\\/secure.gravatar.com\\\/avatar\\\/0a2867fd5abe37bed95d5a65e9d58f01756e11efc68af9888dfc50cfa7f65948?s=96&d=mm&r=gb490554db0a38188709de567aa58480d\",\"url\":\"https:\\\/\\\/secure.gravatar.com\\\/avatar\\\/0a2867fd5abe37bed95d5a65e9d58f01756e11efc68af9888dfc50cfa7f65948?s=96&d=mm&r=g\",\"contentUrl\":\"https:\\\/\\\/secure.gravatar.com\\\/avatar\\\/0a2867fd5abe37bed95d5a65e9d58f01756e11efc68af9888dfc50cfa7f65948?s=96&d=mm&r=g\",\"caption\":\"Comptoir National de l'Or\"},\"description\":\"Notre r\u00e9daction est constitu\u00e9e de membres experts dans les m\u00e9tiers de l'\u00e9conomie et la gestion, des Responsables d'agence Comptoir National de l'Or, des analystes financiers qui publient r\u00e9guli\u00e8rement des \u00e9tudes sur les politiques des banques centrales, le cours de l'or, prix de l'or, cours de l'argent, prix de l'argent, cours du platine, cours du palladium,... la situation en zone euro et l'impact de la strat\u00e9gie mon\u00e9taire de la FED. Notre \u00e9quipe scrute \u00e9galement une information plus g\u00e9n\u00e9raliste \u00e0 la recherche d'actualit\u00e9 \\\"p\u00e9pite\\\" \u00e0 vous partager. Depuis 5 ans, nous avons publi\u00e9 un peu plus de 4000 articles qui s'adressent \u00e0 un public large et vari\u00e9 ayant pour objectif de satisfaire votre curiosit\u00e9 et de partager avec vous une certaine fascination pour le m\u00e9tal jaune, le rachat d'or, et pour ceux qui veulent investir dans l'or, vendre leur or tout simplement en savoir plus... Pour tous vos achat or et argent, n'h\u00e9sitez pas \u00e0 prendre rendez-vous dans l'un de nos nombreux comptoirs.\",\"sameAs\":[\"https:\\\/\\\/www.gold.fr\"]}]}<\/script>\n<!-- \/ Yoast SEO plugin. -->","yoast_head_json":{"title":"March\u00e9s l\u00e9thargiques, apr\u00e8s la BCE\/FED - Gold.fr","robots":{"index":"index","follow":"follow","max-snippet":"max-snippet:-1","max-image-preview":"max-image-preview:large","max-video-preview":"max-video-preview:-1"},"canonical":"https:\/\/www.gold.fr\/news\/2016\/04\/11\/marches-lethargiques-apres-la-bcefed\/","og_locale":"fr_FR","og_type":"article","og_title":"March\u00e9s l\u00e9thargiques, apr\u00e8s la BCE\/FED - Gold.fr","og_description":"La communaut\u00e9 analyste parle d\u2019un \u00e9tat \u00ab v\u00e9g\u00e9tatif \u00bb des march\u00e9s, suite \u00e0 la publication des \u2018minutes\u2019 des r\u00e9unions respectives de la FED et de la BCE qui avaient eu lieu au mois de mars. En [&hellip;]","og_url":"https:\/\/www.gold.fr\/news\/2016\/04\/11\/marches-lethargiques-apres-la-bcefed\/","og_site_name":"Gold.fr","article_publisher":"https:\/\/www.facebook.com\/Goldfr\/","article_published_time":"2016-04-11T07:00:24+00:00","article_modified_time":"2018-06-25T12:33:17+00:00","og_image":[{"width":150,"height":203,"url":"https:\/\/www.gold.fr\/news\/wp-content\/uploads\/2012\/05\/lingotins-d-or.jpg","type":"image\/jpeg"}],"author":"Comptoir National de l'Or","twitter_card":"summary_large_image","twitter_misc":{"\u00c9crit par":"Comptoir National de l'Or","Dur\u00e9e de lecture estim\u00e9e":"2 minutes"},"schema":{"@context":"https:\/\/schema.org","@graph":[{"@type":"Article","@id":"https:\/\/www.gold.fr\/news\/2016\/04\/11\/marches-lethargiques-apres-la-bcefed\/#article","isPartOf":{"@id":"https:\/\/www.gold.fr\/news\/2016\/04\/11\/marches-lethargiques-apres-la-bcefed\/"},"author":{"name":"Comptoir National de l'Or","@id":"https:\/\/www.gold.fr\/news\/#\/schema\/person\/070491b4b4fb7671bf59b3be20302ce9"},"headline":"March\u00e9s l\u00e9thargiques, apr\u00e8s la BCE\/FED","datePublished":"2016-04-11T07:00:24+00:00","dateModified":"2018-06-25T12:33:17+00:00","mainEntityOfPage":{"@id":"https:\/\/www.gold.fr\/news\/2016\/04\/11\/marches-lethargiques-apres-la-bcefed\/"},"wordCount":320,"commentCount":0,"image":{"@id":"https:\/\/www.gold.fr\/news\/2016\/04\/11\/marches-lethargiques-apres-la-bcefed\/#primaryimage"},"thumbnailUrl":"https:\/\/www.gold.fr\/news\/wp-content\/uploads\/2012\/05\/lingotins-d-or.jpg","keywords":["Aurel BGC","Banque centrale","fed","f\u00e9d\u00e9rale am\u00e9ricaine","Janet Yellen"],"articleSection":["Articles de presse"],"inLanguage":"fr-FR"},{"@type":"WebPage","@id":"https:\/\/www.gold.fr\/news\/2016\/04\/11\/marches-lethargiques-apres-la-bcefed\/","url":"https:\/\/www.gold.fr\/news\/2016\/04\/11\/marches-lethargiques-apres-la-bcefed\/","name":"March\u00e9s l\u00e9thargiques, apr\u00e8s la BCE\/FED - Gold.fr","isPartOf":{"@id":"https:\/\/www.gold.fr\/news\/#website"},"primaryImageOfPage":{"@id":"https:\/\/www.gold.fr\/news\/2016\/04\/11\/marches-lethargiques-apres-la-bcefed\/#primaryimage"},"image":{"@id":"https:\/\/www.gold.fr\/news\/2016\/04\/11\/marches-lethargiques-apres-la-bcefed\/#primaryimage"},"thumbnailUrl":"https:\/\/www.gold.fr\/news\/wp-content\/uploads\/2012\/05\/lingotins-d-or.jpg","datePublished":"2016-04-11T07:00:24+00:00","dateModified":"2018-06-25T12:33:17+00:00","author":{"@id":"https:\/\/www.gold.fr\/news\/#\/schema\/person\/070491b4b4fb7671bf59b3be20302ce9"},"breadcrumb":{"@id":"https:\/\/www.gold.fr\/news\/2016\/04\/11\/marches-lethargiques-apres-la-bcefed\/#breadcrumb"},"inLanguage":"fr-FR","potentialAction":[{"@type":"ReadAction","target":["https:\/\/www.gold.fr\/news\/2016\/04\/11\/marches-lethargiques-apres-la-bcefed\/"]}]},{"@type":"ImageObject","inLanguage":"fr-FR","@id":"https:\/\/www.gold.fr\/news\/2016\/04\/11\/marches-lethargiques-apres-la-bcefed\/#primaryimage","url":"https:\/\/www.gold.fr\/news\/wp-content\/uploads\/2012\/05\/lingotins-d-or.jpg","contentUrl":"https:\/\/www.gold.fr\/news\/wp-content\/uploads\/2012\/05\/lingotins-d-or.jpg","width":"150","height":"203","caption":"March\u00e9s l\u00e9thargiques, apr\u00e8s la BCE\/FED"},{"@type":"BreadcrumbList","@id":"https:\/\/www.gold.fr\/news\/2016\/04\/11\/marches-lethargiques-apres-la-bcefed\/#breadcrumb","itemListElement":[{"@type":"ListItem","position":1,"name":"Accueil","item":"https:\/\/www.gold.fr\/"},{"@type":"ListItem","position":2,"name":"Actualit\u00e9s","item":"https:\/\/www.gold.fr\/news\/"},{"@type":"ListItem","position":3,"name":"March\u00e9s l\u00e9thargiques, apr\u00e8s la BCE\/FED"}]},{"@type":"WebSite","@id":"https:\/\/www.gold.fr\/news\/#website","url":"https:\/\/www.gold.fr\/news\/","name":"Gold.fr","description":"Actualit\u00e9s de l&#039;Or et des m\u00e9taux pr\u00e9cieux","potentialAction":[{"@type":"SearchAction","target":{"@type":"EntryPoint","urlTemplate":"https:\/\/www.gold.fr\/news\/?s={search_term_string}"},"query-input":{"@type":"PropertyValueSpecification","valueRequired":true,"valueName":"search_term_string"}}],"inLanguage":"fr-FR"},{"@type":"Person","@id":"https:\/\/www.gold.fr\/news\/#\/schema\/person\/070491b4b4fb7671bf59b3be20302ce9","name":"Comptoir National de l'Or","image":{"@type":"ImageObject","inLanguage":"fr-FR","@id":"https:\/\/secure.gravatar.com\/avatar\/0a2867fd5abe37bed95d5a65e9d58f01756e11efc68af9888dfc50cfa7f65948?s=96&d=mm&r=gb490554db0a38188709de567aa58480d","url":"https:\/\/secure.gravatar.com\/avatar\/0a2867fd5abe37bed95d5a65e9d58f01756e11efc68af9888dfc50cfa7f65948?s=96&d=mm&r=g","contentUrl":"https:\/\/secure.gravatar.com\/avatar\/0a2867fd5abe37bed95d5a65e9d58f01756e11efc68af9888dfc50cfa7f65948?s=96&d=mm&r=g","caption":"Comptoir National de l'Or"},"description":"Notre r\u00e9daction est constitu\u00e9e de membres experts dans les m\u00e9tiers de l'\u00e9conomie et la gestion, des Responsables d'agence Comptoir National de l'Or, des analystes financiers qui publient r\u00e9guli\u00e8rement des \u00e9tudes sur les politiques des banques centrales, le cours de l'or, prix de l'or, cours de l'argent, prix de l'argent, cours du platine, cours du palladium,... la situation en zone euro et l'impact de la strat\u00e9gie mon\u00e9taire de la FED. Notre \u00e9quipe scrute \u00e9galement une information plus g\u00e9n\u00e9raliste \u00e0 la recherche d'actualit\u00e9 \"p\u00e9pite\" \u00e0 vous partager. Depuis 5 ans, nous avons publi\u00e9 un peu plus de 4000 articles qui s'adressent \u00e0 un public large et vari\u00e9 ayant pour objectif de satisfaire votre curiosit\u00e9 et de partager avec vous une certaine fascination pour le m\u00e9tal jaune, le rachat d'or, et pour ceux qui veulent investir dans l'or, vendre leur or tout simplement en savoir plus... Pour tous vos achat or et argent, n'h\u00e9sitez pas \u00e0 prendre rendez-vous dans l'un de nos nombreux comptoirs.","sameAs":["https:\/\/www.gold.fr"]}]}},"authors":[{"term_id":2565,"user_id":18,"is_guest":0,"slug":"julie","display_name":"Comptoir National de l'Or","avatar_url":"https:\/\/secure.gravatar.com\/avatar\/713f289e398d35ead876c4a4cc08607f0d6d266058cfc25683fffb6092d0e572?s=96&d=mm&r=g","0":null,"1":"","2":"","3":"","4":"","5":"","6":"","7":"","8":""}],"_links":{"self":[{"href":"https:\/\/www.gold.fr\/news\/wp-json\/wp\/v2\/posts\/19151","targetHints":{"allow":["GET"]}}],"collection":[{"href":"https:\/\/www.gold.fr\/news\/wp-json\/wp\/v2\/posts"}],"about":[{"href":"https:\/\/www.gold.fr\/news\/wp-json\/wp\/v2\/types\/post"}],"author":[{"embeddable":true,"href":"https:\/\/www.gold.fr\/news\/wp-json\/wp\/v2\/users\/18"}],"replies":[{"embeddable":true,"href":"https:\/\/www.gold.fr\/news\/wp-json\/wp\/v2\/comments?post=19151"}],"version-history":[{"count":0,"href":"https:\/\/www.gold.fr\/news\/wp-json\/wp\/v2\/posts\/19151\/revisions"}],"wp:featuredmedia":[{"embeddable":true,"href":"https:\/\/www.gold.fr\/news\/wp-json\/wp\/v2\/media\/7629"}],"wp:attachment":[{"href":"https:\/\/www.gold.fr\/news\/wp-json\/wp\/v2\/media?parent=19151"}],"wp:term":[{"taxonomy":"category","embeddable":true,"href":"https:\/\/www.gold.fr\/news\/wp-json\/wp\/v2\/categories?post=19151"},{"taxonomy":"post_tag","embeddable":true,"href":"https:\/\/www.gold.fr\/news\/wp-json\/wp\/v2\/tags?post=19151"},{"taxonomy":"author","embeddable":true,"href":"https:\/\/www.gold.fr\/news\/wp-json\/wp\/v2\/ppma_author?post=19151"}],"curies":[{"name":"wp","href":"https:\/\/api.w.org\/{rel}","templated":true}]}}