{"id":19100,"date":"2016-04-02T09:00:05","date_gmt":"2016-04-02T07:00:05","guid":{"rendered":"https:\/\/www.gold.fr\/news\/?p=19100"},"modified":"2018-03-19T13:02:10","modified_gmt":"2018-03-19T12:02:10","slug":"marche-de-lor-une-stagnation-relative","status":"publish","type":"post","link":"https:\/\/www.gold.fr\/news\/2016\/04\/02\/marche-de-lor-une-stagnation-relative\/","title":{"rendered":"March\u00e9 de l\u2019or : Une stagnation relative"},"content":{"rendered":"<p><img loading=\"lazy\" decoding=\"async\" class=\"alignleft wp-image-10142 size-thumbnail\" title=\"March\u00e9 de l\u2019or : Une stagnation relative\" src=\"https:\/\/www.gold.fr\/news\/wp-content\/uploads\/2010\/07\/lingotins-or-150x150.jpg\" alt=\"March\u00e9 de l\u2019or : Une stagnation relative\" width=\"150\" height=\"150\" \/><span style=\"font-size: small;\">Et elle demeure assez relative, dans la mesure o\u00f9 l&rsquo;once r\u00e9ussit plus ou moins \u00e0 r\u00e9sister au cumul de quelques fortes pressions baissi\u00e8res r\u00e9centes. Maintenu au plus pr\u00e8s des <strong>1 250 <a class=\"esk-seo-plu-link\" href=\"https:\/\/www.gold.fr\/news\/tags\/investissement\">dollars<\/a><\/strong>, le prix de l&rsquo;once semble solidement accroch\u00e9 aux gains amass\u00e9s durant les derni\u00e8res semaines, en d\u00e9pit d&rsquo;une actualit\u00e9 aussi confondante que mouvement\u00e9e. Certes, le billet vert a consid\u00e9rablement souffert des r\u00e9cents propos \u2013<em>clairement accommodants<\/em>&#8211; de <strong>Janet Yellen<\/strong>, encaissant une d\u00e9pr\u00e9ciation quasi imm\u00e9diate, face \u00e0 ses principaux concurrents. <\/span><\/p>\n<p><span style=\"font-size: small;\">Toutefois, l&rsquo;<a class=\"esk-seo-plu-link\" href=\"https:\/\/www.gold.fr\/news\/tags\/or\">or<\/a> ne semble pas encore avoir profit\u00e9 de ce repli du dollar, m\u00eame si sa <a class=\"esk-seo-plu-link\" href=\"https:\/\/www.gold.fr\/news\/tags\/investissement\">valeur refuge<\/a> reste, selon les experts, l&rsquo;un des choix majeurs pr\u00e9f\u00e9r\u00e9s des investisseurs, durant les phases d&rsquo;incertitude et de doute. Les analystes techniques estiment que le prochain palier \u00e0 briser pour le <a class=\"esk-seo-plu-link\" href=\"https:\/\/www.gold.fr\/news\/tags\/or\">m\u00e9tal jaune<\/a> se situe autour des <strong>1 245 <a class=\"esk-seo-plu-link\" href=\"https:\/\/www.gold.fr\/news\/tags\/investissement\">dollars<\/a><\/strong>, et affirment que l&rsquo;<a class=\"esk-seo-plu-link\" href=\"https:\/\/www.gold.fr\/news\/tags\/or\">or<\/a> \u00ab <em>semble toujours s&rsquo;inscrire dans une configuration haussi\u00e8re pour les semaines qui viennent<\/em> \u00bb.<\/span><\/p>\n<p><span style=\"font-size: small;\">C\u00f4t\u00e9 indices boursiers, la <a class=\"esk-seo-plu-link\" href=\"https:\/\/www.gold.fr\/news\/tags\/investissement\">tendance<\/a> est pass\u00e9e d&rsquo;euphorique \u00e0 relativement stagnante, en l&rsquo;espace d&rsquo;une s\u00e9ance, affect\u00e9 d&rsquo;abord par le discours <strong>Yellen<\/strong>, puis par le rapport sur l&#8217;emploi am\u00e9ricain. Un passage qui a ignor\u00e9, dans son sillage, toute autre donn\u00e9e \u00e9conomique ou macro\u00e9conomique, dont notamment la hausse de <strong>l&rsquo;indice<\/strong> <strong>PMI<\/strong> de <strong>Chicago<\/strong> (de <strong>47,6<\/strong> \u00e0 <strong>53,6<\/strong>), ou encore la hausse de l&rsquo;indice des prix \u00e0 la consommation (<strong>IPC<\/strong>) de la <strong>France<\/strong> de <strong>0,7%<\/strong> en mars 2016.<\/span><\/p>\n<!-- AddThis Advanced Settings generic via filter on the_content --><!-- AddThis Share Buttons generic via filter on the_content -->","protected":false},"excerpt":{"rendered":"<p>Et elle demeure assez relative, dans la mesure o\u00f9 l&rsquo;once r\u00e9ussit plus ou moins \u00e0 r\u00e9sister au cumul de quelques fortes pressions baissi\u00e8res r\u00e9centes. Maintenu au plus pr\u00e8s des 1 250 dollars, le prix de l&rsquo;once [&hellip;]<\/p>\n","protected":false},"author":18,"featured_media":10142,"comment_status":"open","ping_status":"open","sticky":false,"template":"","format":"standard","meta":{"_mbp_gutenberg_autopost":false,"_pgmb_is_evergreen":false,"_pgmb_ap_template_id":0,"footnotes":""},"categories":[6],"tags":[102,1725,1504,1153,95],"ppma_author":[2565],"class_list":["post-19100","post","type-post","status-publish","format-standard","has-post-thumbnail","hentry","category-articles-de-presse","tag-dollar","tag-indice-pmi","tag-janet-yellen","tag-macroeconomie","tag-marche-de-lor"],"yoast_head":"<!-- This site is optimized with the Yoast SEO plugin v27.5 - https:\/\/yoast.com\/product\/yoast-seo-wordpress\/ -->\n<title>March\u00e9 de l\u2019or : Une stagnation relative - Gold.fr<\/title>\n<meta name=\"robots\" content=\"index, follow, max-snippet:-1, max-image-preview:large, max-video-preview:-1\" \/>\n<link rel=\"canonical\" href=\"https:\/\/www.gold.fr\/news\/2016\/04\/02\/marche-de-lor-une-stagnation-relative\/\" \/>\n<meta property=\"og:locale\" content=\"fr_FR\" \/>\n<meta property=\"og:type\" content=\"article\" \/>\n<meta property=\"og:title\" content=\"March\u00e9 de l\u2019or : Une stagnation relative - Gold.fr\" \/>\n<meta property=\"og:description\" content=\"Et elle demeure assez relative, dans la mesure o\u00f9 l&rsquo;once r\u00e9ussit plus ou moins \u00e0 r\u00e9sister au cumul de quelques fortes pressions baissi\u00e8res r\u00e9centes. Maintenu au plus pr\u00e8s des 1 250 dollars, le prix de l&rsquo;once [&hellip;]\" \/>\n<meta property=\"og:url\" content=\"https:\/\/www.gold.fr\/news\/2016\/04\/02\/marche-de-lor-une-stagnation-relative\/\" \/>\n<meta property=\"og:site_name\" content=\"Gold.fr\" \/>\n<meta property=\"article:publisher\" content=\"https:\/\/www.facebook.com\/Goldfr\/\" \/>\n<meta property=\"article:published_time\" content=\"2016-04-02T07:00:05+00:00\" \/>\n<meta property=\"article:modified_time\" content=\"2018-03-19T12:02:10+00:00\" \/>\n<meta property=\"og:image\" content=\"https:\/\/www.gold.fr\/news\/wp-content\/uploads\/2010\/07\/lingotins-or.jpg\" \/>\n\t<meta property=\"og:image:width\" content=\"600\" \/>\n\t<meta property=\"og:image:height\" content=\"450\" \/>\n\t<meta property=\"og:image:type\" content=\"image\/jpeg\" \/>\n<meta name=\"author\" content=\"Comptoir National de l&#039;Or\" \/>\n<meta name=\"twitter:card\" content=\"summary_large_image\" \/>\n<meta name=\"twitter:label1\" content=\"\u00c9crit par\" \/>\n\t<meta name=\"twitter:data1\" content=\"Comptoir National de l&#039;Or\" \/>\n\t<meta name=\"twitter:label2\" content=\"Dur\u00e9e de lecture estim\u00e9e\" \/>\n\t<meta name=\"twitter:data2\" content=\"1 minute\" \/>\n<script type=\"application\/ld+json\" class=\"yoast-schema-graph\">{\"@context\":\"https:\\\/\\\/schema.org\",\"@graph\":[{\"@type\":\"Article\",\"@id\":\"https:\\\/\\\/www.gold.fr\\\/news\\\/2016\\\/04\\\/02\\\/marche-de-lor-une-stagnation-relative\\\/#article\",\"isPartOf\":{\"@id\":\"https:\\\/\\\/www.gold.fr\\\/news\\\/2016\\\/04\\\/02\\\/marche-de-lor-une-stagnation-relative\\\/\"},\"author\":{\"name\":\"Comptoir National de l'Or\",\"@id\":\"https:\\\/\\\/www.gold.fr\\\/news\\\/#\\\/schema\\\/person\\\/070491b4b4fb7671bf59b3be20302ce9\"},\"headline\":\"March\u00e9 de l\u2019or : Une stagnation relative\",\"datePublished\":\"2016-04-02T07:00:05+00:00\",\"dateModified\":\"2018-03-19T12:02:10+00:00\",\"mainEntityOfPage\":{\"@id\":\"https:\\\/\\\/www.gold.fr\\\/news\\\/2016\\\/04\\\/02\\\/marche-de-lor-une-stagnation-relative\\\/\"},\"wordCount\":261,\"commentCount\":0,\"image\":{\"@id\":\"https:\\\/\\\/www.gold.fr\\\/news\\\/2016\\\/04\\\/02\\\/marche-de-lor-une-stagnation-relative\\\/#primaryimage\"},\"thumbnailUrl\":\"https:\\\/\\\/www.gold.fr\\\/news\\\/wp-content\\\/uploads\\\/2010\\\/07\\\/lingotins-or.jpg\",\"keywords\":[\"dollar\",\"indice PMI\",\"Janet Yellen\",\"macroeconomie\",\"march\u00e9 de l'or\"],\"articleSection\":[\"Articles de presse\"],\"inLanguage\":\"fr-FR\"},{\"@type\":\"WebPage\",\"@id\":\"https:\\\/\\\/www.gold.fr\\\/news\\\/2016\\\/04\\\/02\\\/marche-de-lor-une-stagnation-relative\\\/\",\"url\":\"https:\\\/\\\/www.gold.fr\\\/news\\\/2016\\\/04\\\/02\\\/marche-de-lor-une-stagnation-relative\\\/\",\"name\":\"March\u00e9 de l\u2019or : Une stagnation relative - Gold.fr\",\"isPartOf\":{\"@id\":\"https:\\\/\\\/www.gold.fr\\\/news\\\/#website\"},\"primaryImageOfPage\":{\"@id\":\"https:\\\/\\\/www.gold.fr\\\/news\\\/2016\\\/04\\\/02\\\/marche-de-lor-une-stagnation-relative\\\/#primaryimage\"},\"image\":{\"@id\":\"https:\\\/\\\/www.gold.fr\\\/news\\\/2016\\\/04\\\/02\\\/marche-de-lor-une-stagnation-relative\\\/#primaryimage\"},\"thumbnailUrl\":\"https:\\\/\\\/www.gold.fr\\\/news\\\/wp-content\\\/uploads\\\/2010\\\/07\\\/lingotins-or.jpg\",\"datePublished\":\"2016-04-02T07:00:05+00:00\",\"dateModified\":\"2018-03-19T12:02:10+00:00\",\"author\":{\"@id\":\"https:\\\/\\\/www.gold.fr\\\/news\\\/#\\\/schema\\\/person\\\/070491b4b4fb7671bf59b3be20302ce9\"},\"breadcrumb\":{\"@id\":\"https:\\\/\\\/www.gold.fr\\\/news\\\/2016\\\/04\\\/02\\\/marche-de-lor-une-stagnation-relative\\\/#breadcrumb\"},\"inLanguage\":\"fr-FR\",\"potentialAction\":[{\"@type\":\"ReadAction\",\"target\":[\"https:\\\/\\\/www.gold.fr\\\/news\\\/2016\\\/04\\\/02\\\/marche-de-lor-une-stagnation-relative\\\/\"]}]},{\"@type\":\"ImageObject\",\"inLanguage\":\"fr-FR\",\"@id\":\"https:\\\/\\\/www.gold.fr\\\/news\\\/2016\\\/04\\\/02\\\/marche-de-lor-une-stagnation-relative\\\/#primaryimage\",\"url\":\"https:\\\/\\\/www.gold.fr\\\/news\\\/wp-content\\\/uploads\\\/2010\\\/07\\\/lingotins-or.jpg\",\"contentUrl\":\"https:\\\/\\\/www.gold.fr\\\/news\\\/wp-content\\\/uploads\\\/2010\\\/07\\\/lingotins-or.jpg\",\"width\":\"600\",\"height\":\"450\",\"caption\":\"March\u00e9 de l\u2019or : Une valeur refuge qui s\u2019impose\"},{\"@type\":\"BreadcrumbList\",\"@id\":\"https:\\\/\\\/www.gold.fr\\\/news\\\/2016\\\/04\\\/02\\\/marche-de-lor-une-stagnation-relative\\\/#breadcrumb\",\"itemListElement\":[{\"@type\":\"ListItem\",\"position\":1,\"name\":\"Accueil\",\"item\":\"https:\\\/\\\/www.gold.fr\\\/\"},{\"@type\":\"ListItem\",\"position\":2,\"name\":\"Actualit\u00e9s\",\"item\":\"https:\\\/\\\/www.gold.fr\\\/news\\\/\"},{\"@type\":\"ListItem\",\"position\":3,\"name\":\"March\u00e9 de l\u2019or : Une stagnation relative\"}]},{\"@type\":\"WebSite\",\"@id\":\"https:\\\/\\\/www.gold.fr\\\/news\\\/#website\",\"url\":\"https:\\\/\\\/www.gold.fr\\\/news\\\/\",\"name\":\"Gold.fr\",\"description\":\"Actualit\u00e9s de l&#039;Or et des m\u00e9taux pr\u00e9cieux\",\"potentialAction\":[{\"@type\":\"SearchAction\",\"target\":{\"@type\":\"EntryPoint\",\"urlTemplate\":\"https:\\\/\\\/www.gold.fr\\\/news\\\/?s={search_term_string}\"},\"query-input\":{\"@type\":\"PropertyValueSpecification\",\"valueRequired\":true,\"valueName\":\"search_term_string\"}}],\"inLanguage\":\"fr-FR\"},{\"@type\":\"Person\",\"@id\":\"https:\\\/\\\/www.gold.fr\\\/news\\\/#\\\/schema\\\/person\\\/070491b4b4fb7671bf59b3be20302ce9\",\"name\":\"Comptoir National de l'Or\",\"image\":{\"@type\":\"ImageObject\",\"inLanguage\":\"fr-FR\",\"@id\":\"https:\\\/\\\/secure.gravatar.com\\\/avatar\\\/0a2867fd5abe37bed95d5a65e9d58f01756e11efc68af9888dfc50cfa7f65948?s=96&d=mm&r=gb490554db0a38188709de567aa58480d\",\"url\":\"https:\\\/\\\/secure.gravatar.com\\\/avatar\\\/0a2867fd5abe37bed95d5a65e9d58f01756e11efc68af9888dfc50cfa7f65948?s=96&d=mm&r=g\",\"contentUrl\":\"https:\\\/\\\/secure.gravatar.com\\\/avatar\\\/0a2867fd5abe37bed95d5a65e9d58f01756e11efc68af9888dfc50cfa7f65948?s=96&d=mm&r=g\",\"caption\":\"Comptoir National de l'Or\"},\"description\":\"Notre r\u00e9daction est constitu\u00e9e de membres experts dans les m\u00e9tiers de l'\u00e9conomie et la gestion, des Responsables d'agence Comptoir National de l'Or, des analystes financiers qui publient r\u00e9guli\u00e8rement des \u00e9tudes sur les politiques des banques centrales, le cours de l'or, prix de l'or, cours de l'argent, prix de l'argent, cours du platine, cours du palladium,... la situation en zone euro et l'impact de la strat\u00e9gie mon\u00e9taire de la FED. Notre \u00e9quipe scrute \u00e9galement une information plus g\u00e9n\u00e9raliste \u00e0 la recherche d'actualit\u00e9 \\\"p\u00e9pite\\\" \u00e0 vous partager. Depuis 5 ans, nous avons publi\u00e9 un peu plus de 4000 articles qui s'adressent \u00e0 un public large et vari\u00e9 ayant pour objectif de satisfaire votre curiosit\u00e9 et de partager avec vous une certaine fascination pour le m\u00e9tal jaune, le rachat d'or, et pour ceux qui veulent investir dans l'or, vendre leur or tout simplement en savoir plus... Pour tous vos achat or et argent, n'h\u00e9sitez pas \u00e0 prendre rendez-vous dans l'un de nos nombreux comptoirs.\",\"sameAs\":[\"https:\\\/\\\/www.gold.fr\"]}]}<\/script>\n<!-- \/ Yoast SEO plugin. -->","yoast_head_json":{"title":"March\u00e9 de l\u2019or : Une stagnation relative - Gold.fr","robots":{"index":"index","follow":"follow","max-snippet":"max-snippet:-1","max-image-preview":"max-image-preview:large","max-video-preview":"max-video-preview:-1"},"canonical":"https:\/\/www.gold.fr\/news\/2016\/04\/02\/marche-de-lor-une-stagnation-relative\/","og_locale":"fr_FR","og_type":"article","og_title":"March\u00e9 de l\u2019or : Une stagnation relative - Gold.fr","og_description":"Et elle demeure assez relative, dans la mesure o\u00f9 l&rsquo;once r\u00e9ussit plus ou moins \u00e0 r\u00e9sister au cumul de quelques fortes pressions baissi\u00e8res r\u00e9centes. Maintenu au plus pr\u00e8s des 1 250 dollars, le prix de l&rsquo;once [&hellip;]","og_url":"https:\/\/www.gold.fr\/news\/2016\/04\/02\/marche-de-lor-une-stagnation-relative\/","og_site_name":"Gold.fr","article_publisher":"https:\/\/www.facebook.com\/Goldfr\/","article_published_time":"2016-04-02T07:00:05+00:00","article_modified_time":"2018-03-19T12:02:10+00:00","og_image":[{"width":600,"height":450,"url":"https:\/\/www.gold.fr\/news\/wp-content\/uploads\/2010\/07\/lingotins-or.jpg","type":"image\/jpeg"}],"author":"Comptoir National de l'Or","twitter_card":"summary_large_image","twitter_misc":{"\u00c9crit par":"Comptoir National de l'Or","Dur\u00e9e de lecture estim\u00e9e":"1 minute"},"schema":{"@context":"https:\/\/schema.org","@graph":[{"@type":"Article","@id":"https:\/\/www.gold.fr\/news\/2016\/04\/02\/marche-de-lor-une-stagnation-relative\/#article","isPartOf":{"@id":"https:\/\/www.gold.fr\/news\/2016\/04\/02\/marche-de-lor-une-stagnation-relative\/"},"author":{"name":"Comptoir National de l'Or","@id":"https:\/\/www.gold.fr\/news\/#\/schema\/person\/070491b4b4fb7671bf59b3be20302ce9"},"headline":"March\u00e9 de l\u2019or : Une stagnation relative","datePublished":"2016-04-02T07:00:05+00:00","dateModified":"2018-03-19T12:02:10+00:00","mainEntityOfPage":{"@id":"https:\/\/www.gold.fr\/news\/2016\/04\/02\/marche-de-lor-une-stagnation-relative\/"},"wordCount":261,"commentCount":0,"image":{"@id":"https:\/\/www.gold.fr\/news\/2016\/04\/02\/marche-de-lor-une-stagnation-relative\/#primaryimage"},"thumbnailUrl":"https:\/\/www.gold.fr\/news\/wp-content\/uploads\/2010\/07\/lingotins-or.jpg","keywords":["dollar","indice PMI","Janet Yellen","macroeconomie","march\u00e9 de l'or"],"articleSection":["Articles de presse"],"inLanguage":"fr-FR"},{"@type":"WebPage","@id":"https:\/\/www.gold.fr\/news\/2016\/04\/02\/marche-de-lor-une-stagnation-relative\/","url":"https:\/\/www.gold.fr\/news\/2016\/04\/02\/marche-de-lor-une-stagnation-relative\/","name":"March\u00e9 de l\u2019or : Une stagnation relative - Gold.fr","isPartOf":{"@id":"https:\/\/www.gold.fr\/news\/#website"},"primaryImageOfPage":{"@id":"https:\/\/www.gold.fr\/news\/2016\/04\/02\/marche-de-lor-une-stagnation-relative\/#primaryimage"},"image":{"@id":"https:\/\/www.gold.fr\/news\/2016\/04\/02\/marche-de-lor-une-stagnation-relative\/#primaryimage"},"thumbnailUrl":"https:\/\/www.gold.fr\/news\/wp-content\/uploads\/2010\/07\/lingotins-or.jpg","datePublished":"2016-04-02T07:00:05+00:00","dateModified":"2018-03-19T12:02:10+00:00","author":{"@id":"https:\/\/www.gold.fr\/news\/#\/schema\/person\/070491b4b4fb7671bf59b3be20302ce9"},"breadcrumb":{"@id":"https:\/\/www.gold.fr\/news\/2016\/04\/02\/marche-de-lor-une-stagnation-relative\/#breadcrumb"},"inLanguage":"fr-FR","potentialAction":[{"@type":"ReadAction","target":["https:\/\/www.gold.fr\/news\/2016\/04\/02\/marche-de-lor-une-stagnation-relative\/"]}]},{"@type":"ImageObject","inLanguage":"fr-FR","@id":"https:\/\/www.gold.fr\/news\/2016\/04\/02\/marche-de-lor-une-stagnation-relative\/#primaryimage","url":"https:\/\/www.gold.fr\/news\/wp-content\/uploads\/2010\/07\/lingotins-or.jpg","contentUrl":"https:\/\/www.gold.fr\/news\/wp-content\/uploads\/2010\/07\/lingotins-or.jpg","width":"600","height":"450","caption":"March\u00e9 de l\u2019or : Une valeur refuge qui s\u2019impose"},{"@type":"BreadcrumbList","@id":"https:\/\/www.gold.fr\/news\/2016\/04\/02\/marche-de-lor-une-stagnation-relative\/#breadcrumb","itemListElement":[{"@type":"ListItem","position":1,"name":"Accueil","item":"https:\/\/www.gold.fr\/"},{"@type":"ListItem","position":2,"name":"Actualit\u00e9s","item":"https:\/\/www.gold.fr\/news\/"},{"@type":"ListItem","position":3,"name":"March\u00e9 de l\u2019or : Une stagnation relative"}]},{"@type":"WebSite","@id":"https:\/\/www.gold.fr\/news\/#website","url":"https:\/\/www.gold.fr\/news\/","name":"Gold.fr","description":"Actualit\u00e9s de l&#039;Or et des m\u00e9taux pr\u00e9cieux","potentialAction":[{"@type":"SearchAction","target":{"@type":"EntryPoint","urlTemplate":"https:\/\/www.gold.fr\/news\/?s={search_term_string}"},"query-input":{"@type":"PropertyValueSpecification","valueRequired":true,"valueName":"search_term_string"}}],"inLanguage":"fr-FR"},{"@type":"Person","@id":"https:\/\/www.gold.fr\/news\/#\/schema\/person\/070491b4b4fb7671bf59b3be20302ce9","name":"Comptoir National de l'Or","image":{"@type":"ImageObject","inLanguage":"fr-FR","@id":"https:\/\/secure.gravatar.com\/avatar\/0a2867fd5abe37bed95d5a65e9d58f01756e11efc68af9888dfc50cfa7f65948?s=96&d=mm&r=gb490554db0a38188709de567aa58480d","url":"https:\/\/secure.gravatar.com\/avatar\/0a2867fd5abe37bed95d5a65e9d58f01756e11efc68af9888dfc50cfa7f65948?s=96&d=mm&r=g","contentUrl":"https:\/\/secure.gravatar.com\/avatar\/0a2867fd5abe37bed95d5a65e9d58f01756e11efc68af9888dfc50cfa7f65948?s=96&d=mm&r=g","caption":"Comptoir National de l'Or"},"description":"Notre r\u00e9daction est constitu\u00e9e de membres experts dans les m\u00e9tiers de l'\u00e9conomie et la gestion, des Responsables d'agence Comptoir National de l'Or, des analystes financiers qui publient r\u00e9guli\u00e8rement des \u00e9tudes sur les politiques des banques centrales, le cours de l'or, prix de l'or, cours de l'argent, prix de l'argent, cours du platine, cours du palladium,... la situation en zone euro et l'impact de la strat\u00e9gie mon\u00e9taire de la FED. Notre \u00e9quipe scrute \u00e9galement une information plus g\u00e9n\u00e9raliste \u00e0 la recherche d'actualit\u00e9 \"p\u00e9pite\" \u00e0 vous partager. Depuis 5 ans, nous avons publi\u00e9 un peu plus de 4000 articles qui s'adressent \u00e0 un public large et vari\u00e9 ayant pour objectif de satisfaire votre curiosit\u00e9 et de partager avec vous une certaine fascination pour le m\u00e9tal jaune, le rachat d'or, et pour ceux qui veulent investir dans l'or, vendre leur or tout simplement en savoir plus... Pour tous vos achat or et argent, n'h\u00e9sitez pas \u00e0 prendre rendez-vous dans l'un de nos nombreux comptoirs.","sameAs":["https:\/\/www.gold.fr"]}]}},"authors":[{"term_id":2565,"user_id":18,"is_guest":0,"slug":"julie","display_name":"Comptoir National de l'Or","avatar_url":"https:\/\/secure.gravatar.com\/avatar\/713f289e398d35ead876c4a4cc08607f0d6d266058cfc25683fffb6092d0e572?s=96&d=mm&r=g","0":null,"1":"","2":"","3":"","4":"","5":"","6":"","7":"","8":""}],"_links":{"self":[{"href":"https:\/\/www.gold.fr\/news\/wp-json\/wp\/v2\/posts\/19100","targetHints":{"allow":["GET"]}}],"collection":[{"href":"https:\/\/www.gold.fr\/news\/wp-json\/wp\/v2\/posts"}],"about":[{"href":"https:\/\/www.gold.fr\/news\/wp-json\/wp\/v2\/types\/post"}],"author":[{"embeddable":true,"href":"https:\/\/www.gold.fr\/news\/wp-json\/wp\/v2\/users\/18"}],"replies":[{"embeddable":true,"href":"https:\/\/www.gold.fr\/news\/wp-json\/wp\/v2\/comments?post=19100"}],"version-history":[{"count":0,"href":"https:\/\/www.gold.fr\/news\/wp-json\/wp\/v2\/posts\/19100\/revisions"}],"wp:featuredmedia":[{"embeddable":true,"href":"https:\/\/www.gold.fr\/news\/wp-json\/wp\/v2\/media\/10142"}],"wp:attachment":[{"href":"https:\/\/www.gold.fr\/news\/wp-json\/wp\/v2\/media?parent=19100"}],"wp:term":[{"taxonomy":"category","embeddable":true,"href":"https:\/\/www.gold.fr\/news\/wp-json\/wp\/v2\/categories?post=19100"},{"taxonomy":"post_tag","embeddable":true,"href":"https:\/\/www.gold.fr\/news\/wp-json\/wp\/v2\/tags?post=19100"},{"taxonomy":"author","embeddable":true,"href":"https:\/\/www.gold.fr\/news\/wp-json\/wp\/v2\/ppma_author?post=19100"}],"curies":[{"name":"wp","href":"https:\/\/api.w.org\/{rel}","templated":true}]}}