{"id":1909,"date":"2011-02-28T09:17:09","date_gmt":"2011-02-28T08:17:09","guid":{"rendered":"https:\/\/www.gold.fr\/informations-sur-l-or\/flash-infos\/lor-vole-de-records-en-records"},"modified":"2021-12-17T14:40:38","modified_gmt":"2021-12-17T13:40:38","slug":"lor-vole-de-records-en-records","status":"publish","type":"post","link":"https:\/\/www.gold.fr\/news\/2011\/02\/28\/lor-vole-de-records-en-records\/","title":{"rendered":"L&rsquo;or vole de records en records"},"content":{"rendered":"<p style=\"text-align: justify;\"><span style=\"font-size: medium;\">Le mois de f\u00e9vrier est un mois sous le signe du <a class=\"esk-seo-plu-link\" href=\"https:\/\/www.gold.fr\/news\/tags\/or\">m\u00e9tal jaune<\/a>. En effet, le cours de l'once d'<a class=\"esk-seo-plu-link\" href=\"https:\/\/www.gold.fr\/news\/tags\/or\">or<\/a> a atteint ses plus hauts niveaux historiques en touchant les 1 414,5 dollars l'once. Il s'agit l\u00e0 d'un record absolu jamais atteint. <\/span><\/p>\r\n<p style=\"text-align: justify;\"><span style=\"font-size: medium;\">Les perturbations autour de la m\u00e9dit\u00e9rann\u00e9e ne sont sans doute pas \u00e0 exclure d\u00e8s lors qu'il s'agit d'analyser les raisons de cette fi\u00e8vre acheteuse. N\u00e9anmoins, il faut garder \u00e0 l'esprit que les fondamentaux sur ce march\u00e9 nous am\u00e8nent \u00e0 consid\u00e9rer qu'il poursuivra sa hausse compte tenu de l'offre r\u00e9duite, et d'une demande en constante augmentation notamment en provenance des march\u00e9s \u00e9mergents.<\/span><\/p>","protected":false},"excerpt":{"rendered":"<p>Le mois de f&eacute;vrier est un mois sous le signe du m&eacute;tal jaune. En effet, le cours de l&rsquo;once d&rsquo;or a atteint ses plus hauts niveaux historiques en touchant les 1 414,5 dollars l&rsquo;once. Il s&rsquo;agit l&agrave; d&rsquo;un record absolu jamais atteint.&#038;nbs&#8230;<\/p>\n","protected":false},"author":6,"featured_media":10190,"comment_status":"closed","ping_status":"closed","sticky":false,"template":"","format":"standard","meta":{"_mbp_gutenberg_autopost":false,"_pgmb_is_evergreen":false,"_pgmb_ap_template_id":0,"footnotes":""},"categories":[5],"tags":[915,1053],"ppma_author":[2567],"class_list":["post-1909","post","type-post","status-publish","format-standard","has-post-thumbnail","hentry","category-flash-infos","tag-or-et-records","tag-or-record"],"yoast_head":"<!-- This site is optimized with the Yoast SEO plugin v27.5 - https:\/\/yoast.com\/product\/yoast-seo-wordpress\/ -->\n<title>L&#039;or vole de records en records - Gold.fr<\/title>\n<meta name=\"description\" content=\"L\u2019or vole de records en records Le mois de f\u00e9vrier est un mois sous le signe du m\u00e9tal jaune. Le cours de l&#039;once d&#039;or a atteint un record\" \/>\n<meta name=\"robots\" content=\"index, follow, max-snippet:-1, max-image-preview:large, max-video-preview:-1\" \/>\n<link rel=\"canonical\" href=\"https:\/\/www.gold.fr\/news\/2011\/02\/28\/lor-vole-de-records-en-records\/\" \/>\n<meta property=\"og:locale\" content=\"fr_FR\" \/>\n<meta property=\"og:type\" content=\"article\" \/>\n<meta property=\"og:title\" content=\"L&#039;or vole de records en records - Gold.fr\" \/>\n<meta property=\"og:description\" content=\"L\u2019or vole de records en records Le mois de f\u00e9vrier est un mois sous le signe du m\u00e9tal jaune. Le cours de l&#039;once d&#039;or a atteint un record\" \/>\n<meta property=\"og:url\" content=\"https:\/\/www.gold.fr\/news\/2011\/02\/28\/lor-vole-de-records-en-records\/\" \/>\n<meta property=\"og:site_name\" content=\"Gold.fr\" \/>\n<meta property=\"article:publisher\" content=\"https:\/\/www.facebook.com\/Goldfr\/\" \/>\n<meta property=\"article:published_time\" content=\"2011-02-28T08:17:09+00:00\" \/>\n<meta property=\"article:modified_time\" content=\"2021-12-17T13:40:38+00:00\" \/>\n<meta property=\"og:image\" content=\"https:\/\/www.gold.fr\/news\/wp-content\/uploads\/2011\/05\/record-or.jpg\" \/>\n\t<meta property=\"og:image:width\" content=\"600\" \/>\n\t<meta property=\"og:image:height\" content=\"406\" \/>\n\t<meta property=\"og:image:type\" content=\"image\/jpeg\" \/>\n<meta name=\"author\" content=\"Laurent Schwartz\" \/>\n<meta name=\"twitter:card\" content=\"summary_large_image\" \/>\n<meta name=\"twitter:label1\" content=\"\u00c9crit par\" \/>\n\t<meta name=\"twitter:data1\" content=\"Laurent Schwartz\" \/>\n\t<meta name=\"twitter:label2\" content=\"Dur\u00e9e de lecture estim\u00e9e\" \/>\n\t<meta name=\"twitter:data2\" content=\"1 minute\" \/>\n<script type=\"application\/ld+json\" class=\"yoast-schema-graph\">{\"@context\":\"https:\\\/\\\/schema.org\",\"@graph\":[{\"@type\":\"Article\",\"@id\":\"https:\\\/\\\/www.gold.fr\\\/news\\\/2011\\\/02\\\/28\\\/lor-vole-de-records-en-records\\\/#article\",\"isPartOf\":{\"@id\":\"https:\\\/\\\/www.gold.fr\\\/news\\\/2011\\\/02\\\/28\\\/lor-vole-de-records-en-records\\\/\"},\"author\":{\"name\":\"Laurent Schwartz\",\"@id\":\"https:\\\/\\\/www.gold.fr\\\/news\\\/#\\\/schema\\\/person\\\/4ed91d9a70d8f3a313c26e8308214fc2\"},\"headline\":\"L&rsquo;or vole de records en records\",\"datePublished\":\"2011-02-28T08:17:09+00:00\",\"dateModified\":\"2021-12-17T13:40:38+00:00\",\"mainEntityOfPage\":{\"@id\":\"https:\\\/\\\/www.gold.fr\\\/news\\\/2011\\\/02\\\/28\\\/lor-vole-de-records-en-records\\\/\"},\"wordCount\":129,\"image\":{\"@id\":\"https:\\\/\\\/www.gold.fr\\\/news\\\/2011\\\/02\\\/28\\\/lor-vole-de-records-en-records\\\/#primaryimage\"},\"thumbnailUrl\":\"https:\\\/\\\/www.gold.fr\\\/news\\\/wp-content\\\/uploads\\\/2011\\\/05\\\/record-or.jpg\",\"keywords\":[\"Or et records\",\"Or record\"],\"articleSection\":[\"Flash infos\"],\"inLanguage\":\"fr-FR\"},{\"@type\":\"WebPage\",\"@id\":\"https:\\\/\\\/www.gold.fr\\\/news\\\/2011\\\/02\\\/28\\\/lor-vole-de-records-en-records\\\/\",\"url\":\"https:\\\/\\\/www.gold.fr\\\/news\\\/2011\\\/02\\\/28\\\/lor-vole-de-records-en-records\\\/\",\"name\":\"L'or vole de records en records - Gold.fr\",\"isPartOf\":{\"@id\":\"https:\\\/\\\/www.gold.fr\\\/news\\\/#website\"},\"primaryImageOfPage\":{\"@id\":\"https:\\\/\\\/www.gold.fr\\\/news\\\/2011\\\/02\\\/28\\\/lor-vole-de-records-en-records\\\/#primaryimage\"},\"image\":{\"@id\":\"https:\\\/\\\/www.gold.fr\\\/news\\\/2011\\\/02\\\/28\\\/lor-vole-de-records-en-records\\\/#primaryimage\"},\"thumbnailUrl\":\"https:\\\/\\\/www.gold.fr\\\/news\\\/wp-content\\\/uploads\\\/2011\\\/05\\\/record-or.jpg\",\"datePublished\":\"2011-02-28T08:17:09+00:00\",\"dateModified\":\"2021-12-17T13:40:38+00:00\",\"author\":{\"@id\":\"https:\\\/\\\/www.gold.fr\\\/news\\\/#\\\/schema\\\/person\\\/4ed91d9a70d8f3a313c26e8308214fc2\"},\"description\":\"L\u2019or vole de records en records Le mois de f\u00e9vrier est un mois sous le signe du m\u00e9tal jaune. Le cours de l'once d'or a atteint un record\",\"breadcrumb\":{\"@id\":\"https:\\\/\\\/www.gold.fr\\\/news\\\/2011\\\/02\\\/28\\\/lor-vole-de-records-en-records\\\/#breadcrumb\"},\"inLanguage\":\"fr-FR\",\"potentialAction\":[{\"@type\":\"ReadAction\",\"target\":[\"https:\\\/\\\/www.gold.fr\\\/news\\\/2011\\\/02\\\/28\\\/lor-vole-de-records-en-records\\\/\"]}]},{\"@type\":\"ImageObject\",\"inLanguage\":\"fr-FR\",\"@id\":\"https:\\\/\\\/www.gold.fr\\\/news\\\/2011\\\/02\\\/28\\\/lor-vole-de-records-en-records\\\/#primaryimage\",\"url\":\"https:\\\/\\\/www.gold.fr\\\/news\\\/wp-content\\\/uploads\\\/2011\\\/05\\\/record-or.jpg\",\"contentUrl\":\"https:\\\/\\\/www.gold.fr\\\/news\\\/wp-content\\\/uploads\\\/2011\\\/05\\\/record-or.jpg\",\"width\":\"600\",\"height\":\"406\",\"caption\":\"Petit rappel de la composition de l'or color\u00e9\"},{\"@type\":\"BreadcrumbList\",\"@id\":\"https:\\\/\\\/www.gold.fr\\\/news\\\/2011\\\/02\\\/28\\\/lor-vole-de-records-en-records\\\/#breadcrumb\",\"itemListElement\":[{\"@type\":\"ListItem\",\"position\":1,\"name\":\"Accueil\",\"item\":\"https:\\\/\\\/www.gold.fr\\\/\"},{\"@type\":\"ListItem\",\"position\":2,\"name\":\"Actualit\u00e9s\",\"item\":\"https:\\\/\\\/www.gold.fr\\\/news\\\/\"},{\"@type\":\"ListItem\",\"position\":3,\"name\":\"L&rsquo;or vole de records en records\"}]},{\"@type\":\"WebSite\",\"@id\":\"https:\\\/\\\/www.gold.fr\\\/news\\\/#website\",\"url\":\"https:\\\/\\\/www.gold.fr\\\/news\\\/\",\"name\":\"Gold.fr\",\"description\":\"Actualit\u00e9s de l&#039;Or et des m\u00e9taux pr\u00e9cieux\",\"potentialAction\":[{\"@type\":\"SearchAction\",\"target\":{\"@type\":\"EntryPoint\",\"urlTemplate\":\"https:\\\/\\\/www.gold.fr\\\/news\\\/?s={search_term_string}\"},\"query-input\":{\"@type\":\"PropertyValueSpecification\",\"valueRequired\":true,\"valueName\":\"search_term_string\"}}],\"inLanguage\":\"fr-FR\"},{\"@type\":\"Person\",\"@id\":\"https:\\\/\\\/www.gold.fr\\\/news\\\/#\\\/schema\\\/person\\\/4ed91d9a70d8f3a313c26e8308214fc2\",\"name\":\"Laurent Schwartz\",\"image\":{\"@type\":\"ImageObject\",\"inLanguage\":\"fr-FR\",\"@id\":\"https:\\\/\\\/secure.gravatar.com\\\/avatar\\\/1496f846049365121827f5470219486f1a95f83957cc8ca0a9595e40c185f5ee?s=96&d=mm&r=g76f0e87c9ba82a161860a0fc16990d85\",\"url\":\"https:\\\/\\\/secure.gravatar.com\\\/avatar\\\/1496f846049365121827f5470219486f1a95f83957cc8ca0a9595e40c185f5ee?s=96&d=mm&r=g\",\"contentUrl\":\"https:\\\/\\\/secure.gravatar.com\\\/avatar\\\/1496f846049365121827f5470219486f1a95f83957cc8ca0a9595e40c185f5ee?s=96&d=mm&r=g\",\"caption\":\"Laurent Schwartz\"},\"description\":\"Dipl\u00f4m\u00e9 de l\u2019EDHEC Business School en 2005, Laurent SCHWARTZ int\u00e8gre le cabinet d\u2019audit ERNST &amp; YOUNG en 2005 o\u00f9 il travaille pendant 4 ans. Parall\u00e8lement, il travaille au sein de l\u2019entreprise familiale cr\u00e9\u00e9e en 1976 \u00e0 Strasbourg. Fort de cette exp\u00e9rience et du savoir-faire d\u00e9velopp\u00e9 durant ces 40 derni\u00e8res ann\u00e9es, Laurent proc\u00e8de \u00e0 la refonte du site Internet Gold.fr d\u00e9di\u00e9 \u00e0 l\u2019achat d'or, vente d\u2019or (pi\u00e8ces, lingots, ...), achat or et argent,... qui conna\u00eetra un franc succ\u00e8s d\u00e8s son d\u00e9marrage en 2008. Il d\u00e9cide alors de d\u00e9velopper un r\u00e9seau de concessions exclusives: Le Comptoir National de l\u2019Or. Il assure d\u00e9sormais le pilotage strat\u00e9gique du 1er r\u00e9seau de France qui compte aujourd\u2019hui pas loin de 60 agences r\u00e9parties dans toute la France et depuis peu en Allemagne (Breisach). Le Comptoir National de l\u2019Or se positionne aujourd\u2019hui comme le leader incontournable sur le march\u00e9 de l\u2019Or et des m\u00e9taux pr\u00e9cieux en France.\",\"sameAs\":[\"https:\\\/\\\/www.gold.fr\",\"https:\\\/\\\/www.linkedin.com\\\/in\\\/acheteror\\\/\"]}]}<\/script>\n<!-- \/ Yoast SEO plugin. -->","yoast_head_json":{"title":"L'or vole de records en records - Gold.fr","description":"L\u2019or vole de records en records Le mois de f\u00e9vrier est un mois sous le signe du m\u00e9tal jaune. Le cours de l'once d'or a atteint un record","robots":{"index":"index","follow":"follow","max-snippet":"max-snippet:-1","max-image-preview":"max-image-preview:large","max-video-preview":"max-video-preview:-1"},"canonical":"https:\/\/www.gold.fr\/news\/2011\/02\/28\/lor-vole-de-records-en-records\/","og_locale":"fr_FR","og_type":"article","og_title":"L'or vole de records en records - Gold.fr","og_description":"L\u2019or vole de records en records Le mois de f\u00e9vrier est un mois sous le signe du m\u00e9tal jaune. Le cours de l'once d'or a atteint un record","og_url":"https:\/\/www.gold.fr\/news\/2011\/02\/28\/lor-vole-de-records-en-records\/","og_site_name":"Gold.fr","article_publisher":"https:\/\/www.facebook.com\/Goldfr\/","article_published_time":"2011-02-28T08:17:09+00:00","article_modified_time":"2021-12-17T13:40:38+00:00","og_image":[{"width":600,"height":406,"url":"https:\/\/www.gold.fr\/news\/wp-content\/uploads\/2011\/05\/record-or.jpg","type":"image\/jpeg"}],"author":"Laurent Schwartz","twitter_card":"summary_large_image","twitter_misc":{"\u00c9crit par":"Laurent Schwartz","Dur\u00e9e de lecture estim\u00e9e":"1 minute"},"schema":{"@context":"https:\/\/schema.org","@graph":[{"@type":"Article","@id":"https:\/\/www.gold.fr\/news\/2011\/02\/28\/lor-vole-de-records-en-records\/#article","isPartOf":{"@id":"https:\/\/www.gold.fr\/news\/2011\/02\/28\/lor-vole-de-records-en-records\/"},"author":{"name":"Laurent Schwartz","@id":"https:\/\/www.gold.fr\/news\/#\/schema\/person\/4ed91d9a70d8f3a313c26e8308214fc2"},"headline":"L&rsquo;or vole de records en records","datePublished":"2011-02-28T08:17:09+00:00","dateModified":"2021-12-17T13:40:38+00:00","mainEntityOfPage":{"@id":"https:\/\/www.gold.fr\/news\/2011\/02\/28\/lor-vole-de-records-en-records\/"},"wordCount":129,"image":{"@id":"https:\/\/www.gold.fr\/news\/2011\/02\/28\/lor-vole-de-records-en-records\/#primaryimage"},"thumbnailUrl":"https:\/\/www.gold.fr\/news\/wp-content\/uploads\/2011\/05\/record-or.jpg","keywords":["Or et records","Or record"],"articleSection":["Flash infos"],"inLanguage":"fr-FR"},{"@type":"WebPage","@id":"https:\/\/www.gold.fr\/news\/2011\/02\/28\/lor-vole-de-records-en-records\/","url":"https:\/\/www.gold.fr\/news\/2011\/02\/28\/lor-vole-de-records-en-records\/","name":"L'or vole de records en records - Gold.fr","isPartOf":{"@id":"https:\/\/www.gold.fr\/news\/#website"},"primaryImageOfPage":{"@id":"https:\/\/www.gold.fr\/news\/2011\/02\/28\/lor-vole-de-records-en-records\/#primaryimage"},"image":{"@id":"https:\/\/www.gold.fr\/news\/2011\/02\/28\/lor-vole-de-records-en-records\/#primaryimage"},"thumbnailUrl":"https:\/\/www.gold.fr\/news\/wp-content\/uploads\/2011\/05\/record-or.jpg","datePublished":"2011-02-28T08:17:09+00:00","dateModified":"2021-12-17T13:40:38+00:00","author":{"@id":"https:\/\/www.gold.fr\/news\/#\/schema\/person\/4ed91d9a70d8f3a313c26e8308214fc2"},"description":"L\u2019or vole de records en records Le mois de f\u00e9vrier est un mois sous le signe du m\u00e9tal jaune. Le cours de l'once d'or a atteint un record","breadcrumb":{"@id":"https:\/\/www.gold.fr\/news\/2011\/02\/28\/lor-vole-de-records-en-records\/#breadcrumb"},"inLanguage":"fr-FR","potentialAction":[{"@type":"ReadAction","target":["https:\/\/www.gold.fr\/news\/2011\/02\/28\/lor-vole-de-records-en-records\/"]}]},{"@type":"ImageObject","inLanguage":"fr-FR","@id":"https:\/\/www.gold.fr\/news\/2011\/02\/28\/lor-vole-de-records-en-records\/#primaryimage","url":"https:\/\/www.gold.fr\/news\/wp-content\/uploads\/2011\/05\/record-or.jpg","contentUrl":"https:\/\/www.gold.fr\/news\/wp-content\/uploads\/2011\/05\/record-or.jpg","width":"600","height":"406","caption":"Petit rappel de la composition de l'or color\u00e9"},{"@type":"BreadcrumbList","@id":"https:\/\/www.gold.fr\/news\/2011\/02\/28\/lor-vole-de-records-en-records\/#breadcrumb","itemListElement":[{"@type":"ListItem","position":1,"name":"Accueil","item":"https:\/\/www.gold.fr\/"},{"@type":"ListItem","position":2,"name":"Actualit\u00e9s","item":"https:\/\/www.gold.fr\/news\/"},{"@type":"ListItem","position":3,"name":"L&rsquo;or vole de records en records"}]},{"@type":"WebSite","@id":"https:\/\/www.gold.fr\/news\/#website","url":"https:\/\/www.gold.fr\/news\/","name":"Gold.fr","description":"Actualit\u00e9s de l&#039;Or et des m\u00e9taux pr\u00e9cieux","potentialAction":[{"@type":"SearchAction","target":{"@type":"EntryPoint","urlTemplate":"https:\/\/www.gold.fr\/news\/?s={search_term_string}"},"query-input":{"@type":"PropertyValueSpecification","valueRequired":true,"valueName":"search_term_string"}}],"inLanguage":"fr-FR"},{"@type":"Person","@id":"https:\/\/www.gold.fr\/news\/#\/schema\/person\/4ed91d9a70d8f3a313c26e8308214fc2","name":"Laurent Schwartz","image":{"@type":"ImageObject","inLanguage":"fr-FR","@id":"https:\/\/secure.gravatar.com\/avatar\/1496f846049365121827f5470219486f1a95f83957cc8ca0a9595e40c185f5ee?s=96&d=mm&r=g76f0e87c9ba82a161860a0fc16990d85","url":"https:\/\/secure.gravatar.com\/avatar\/1496f846049365121827f5470219486f1a95f83957cc8ca0a9595e40c185f5ee?s=96&d=mm&r=g","contentUrl":"https:\/\/secure.gravatar.com\/avatar\/1496f846049365121827f5470219486f1a95f83957cc8ca0a9595e40c185f5ee?s=96&d=mm&r=g","caption":"Laurent Schwartz"},"description":"Dipl\u00f4m\u00e9 de l\u2019EDHEC Business School en 2005, Laurent SCHWARTZ int\u00e8gre le cabinet d\u2019audit ERNST &amp; YOUNG en 2005 o\u00f9 il travaille pendant 4 ans. Parall\u00e8lement, il travaille au sein de l\u2019entreprise familiale cr\u00e9\u00e9e en 1976 \u00e0 Strasbourg. Fort de cette exp\u00e9rience et du savoir-faire d\u00e9velopp\u00e9 durant ces 40 derni\u00e8res ann\u00e9es, Laurent proc\u00e8de \u00e0 la refonte du site Internet Gold.fr d\u00e9di\u00e9 \u00e0 l\u2019achat d'or, vente d\u2019or (pi\u00e8ces, lingots, ...), achat or et argent,... qui conna\u00eetra un franc succ\u00e8s d\u00e8s son d\u00e9marrage en 2008. Il d\u00e9cide alors de d\u00e9velopper un r\u00e9seau de concessions exclusives: Le Comptoir National de l\u2019Or. Il assure d\u00e9sormais le pilotage strat\u00e9gique du 1er r\u00e9seau de France qui compte aujourd\u2019hui pas loin de 60 agences r\u00e9parties dans toute la France et depuis peu en Allemagne (Breisach). Le Comptoir National de l\u2019Or se positionne aujourd\u2019hui comme le leader incontournable sur le march\u00e9 de l\u2019Or et des m\u00e9taux pr\u00e9cieux en France.","sameAs":["https:\/\/www.gold.fr","https:\/\/www.linkedin.com\/in\/acheteror\/"]}]}},"authors":[{"term_id":2567,"user_id":6,"is_guest":0,"slug":"laurent","display_name":"Laurent Schwartz","avatar_url":"https:\/\/secure.gravatar.com\/avatar\/1496f846049365121827f5470219486f1a95f83957cc8ca0a9595e40c185f5ee?s=96&d=mm&r=g","0":null,"1":"","2":"","3":"","4":"","5":"","6":"","7":"","8":""}],"_links":{"self":[{"href":"https:\/\/www.gold.fr\/news\/wp-json\/wp\/v2\/posts\/1909","targetHints":{"allow":["GET"]}}],"collection":[{"href":"https:\/\/www.gold.fr\/news\/wp-json\/wp\/v2\/posts"}],"about":[{"href":"https:\/\/www.gold.fr\/news\/wp-json\/wp\/v2\/types\/post"}],"author":[{"embeddable":true,"href":"https:\/\/www.gold.fr\/news\/wp-json\/wp\/v2\/users\/6"}],"replies":[{"embeddable":true,"href":"https:\/\/www.gold.fr\/news\/wp-json\/wp\/v2\/comments?post=1909"}],"version-history":[{"count":0,"href":"https:\/\/www.gold.fr\/news\/wp-json\/wp\/v2\/posts\/1909\/revisions"}],"wp:featuredmedia":[{"embeddable":true,"href":"https:\/\/www.gold.fr\/news\/wp-json\/wp\/v2\/media\/10190"}],"wp:attachment":[{"href":"https:\/\/www.gold.fr\/news\/wp-json\/wp\/v2\/media?parent=1909"}],"wp:term":[{"taxonomy":"category","embeddable":true,"href":"https:\/\/www.gold.fr\/news\/wp-json\/wp\/v2\/categories?post=1909"},{"taxonomy":"post_tag","embeddable":true,"href":"https:\/\/www.gold.fr\/news\/wp-json\/wp\/v2\/tags?post=1909"},{"taxonomy":"author","embeddable":true,"href":"https:\/\/www.gold.fr\/news\/wp-json\/wp\/v2\/ppma_author?post=1909"}],"curies":[{"name":"wp","href":"https:\/\/api.w.org\/{rel}","templated":true}]}}