{"id":19061,"date":"2016-03-31T09:00:01","date_gmt":"2016-03-31T07:00:01","guid":{"rendered":"https:\/\/www.gold.fr\/news\/?p=19061"},"modified":"2018-03-19T11:44:42","modified_gmt":"2018-03-19T10:44:42","slug":"marches-revigores-par-une-yellen-colombe","status":"publish","type":"post","link":"https:\/\/www.gold.fr\/news\/2016\/03\/31\/marches-revigores-par-une-yellen-colombe\/","title":{"rendered":"March\u00e9s\u00a0revigor\u00e9s par une Yellen &lsquo;colombe&rsquo;"},"content":{"rendered":"<p><span style=\"font-size: small;\"><img loading=\"lazy\" decoding=\"async\" class=\"alignleft wp-image-15883 size-thumbnail\" title=\"March\u00e9s revigor\u00e9s par une Yellen 'colombe'\" src=\"https:\/\/www.gold.fr\/news\/wp-content\/uploads\/2014\/10\/images11-150x134.jpg\" alt=\"March\u00e9s\u00a0revigor\u00e9s par une Yellen 'colombe'\" width=\"150\" height=\"134\" srcset=\"https:\/\/www.gold.fr\/news\/wp-content\/uploads\/2014\/10\/images11-150x134.jpg 150w, https:\/\/www.gold.fr\/news\/wp-content\/uploads\/2014\/10\/images11-1x1.jpg 1w\" sizes=\"auto, (max-width: 150px) 100vw, 150px\" \/>Le discours de la pr\u00e9sidente de la r\u00e9serve f\u00e9d\u00e9rale am\u00e9ricaine (dans le cadre du Club Economique de <strong>New York<\/strong>) avait monopolis\u00e9 l&rsquo;attention des march\u00e9s, depuis le d\u00e9but de la semaine\u2026et il n&rsquo;aura pas d\u00e9\u00e7u leurs attentes. <\/span><\/p>\n<p><span style=\"font-size: small;\">Dans une r\u00e9ponse indirecte mais ferme aux propos &lsquo;<em>faucon<\/em>&lsquo; des membres de son comit\u00e9 de direction mon\u00e9taire, <strong>Janet<\/strong> <strong>Yellen<\/strong> a r\u00e9affirm\u00e9 la d\u00e9pendance de la strat\u00e9gie mon\u00e9taire <strong>FED<\/strong> des donn\u00e9es et indices \u00e9conomiques et macro\u00e9conomiques du pays, et notamment l&rsquo;inflation. Des d\u00e9clarations qui ont fait d\u00e9ferler un vague de soulagement sur l&rsquo;ensemble des march\u00e9s d&rsquo;<a class=\"esk-seo-plu-link\" href=\"https:\/\/www.gold.fr\/news\/tags\/investissement\">investissement<\/a>, reboostant la plupart des places boursi\u00e8res vers des plus haut hebdomadaires.<\/span><\/p>\n<p><span style=\"font-size: small;\">Chez Barclays Bourse, les analystes estiment que <strong>Yellen<\/strong> a d\u00e9livr\u00e9 \u00ab <em>un discours prudent en conditionnant la poursuite de la normalisation de la politique mon\u00e9taire am\u00e9ricaine \u00e0 une stabilisation des \u00e9conomies \u00e9mergentes, du dollar, des mati\u00e8res premi\u00e8res et \u00e0 une progression de l&rsquo;inflation<\/em> \u00bb. Selon l&rsquo;\u00e9quipe d&rsquo;experts, ces propos indiquent clairement que les taux directeurs de la r\u00e9serve f\u00e9d\u00e9rale am\u00e9ricaine seront d\u00e9sormais relev\u00e9s \u00e0 un rythme lent et \u00ab <em>graduel<\/em> \u00bb (tel qu&rsquo;annonc\u00e9 en d\u00e9cembre dernier), excluant ainsi \u00ab <em>le risque d&rsquo;une forte tension sur l&rsquo;obligataire am\u00e9ricain<\/em> \u00bb.<\/span><\/p>\n<p><span style=\"font-size: small;\">Il faut n\u00e9anmoins rappeler que, en d\u00e9pit de la hausse actuelle g\u00e9n\u00e9ralis\u00e9e des indices, il est difficile de confirmer une <a class=\"esk-seo-plu-link\" href=\"https:\/\/www.gold.fr\/news\/tags\/investissement\">tendance<\/a> concr\u00e8te, dans la mesure o\u00f9 les \u00e9changes demeurent tr\u00e8s limit\u00e9s et les catalyseurs solides continuent \u00e0 manquer \u00e0 l&rsquo;appel.<\/span> <span style=\"font-size: small;\">Barclays Bourse note toutefois que si les indices <a class=\"esk-seo-plu-link\" href=\"https:\/\/www.gold.fr\/news\/tags\/investissement\">actions<\/a> repartent \u00e0 la hausse depuis mardi, les volumes restent tr\u00e8s faibles et les catalyseurs \u00e0 tr\u00e8s court terme manquent pour valider une <a class=\"esk-seo-plu-link\" href=\"https:\/\/www.gold.fr\/news\/tags\/investissement\">tendance<\/a> pr\u00e9cise.<\/span><\/p>\n<!-- AddThis Advanced Settings generic via filter on the_content --><!-- AddThis Share Buttons generic via filter on the_content -->","protected":false},"excerpt":{"rendered":"<p>Le discours de la pr\u00e9sidente de la r\u00e9serve f\u00e9d\u00e9rale am\u00e9ricaine (dans le cadre du Club Economique de New York) avait monopolis\u00e9 l&rsquo;attention des march\u00e9s, depuis le d\u00e9but de la semaine\u2026et il n&rsquo;aura pas d\u00e9\u00e7u leurs attentes. [&hellip;]<\/p>\n","protected":false},"author":18,"featured_media":15883,"comment_status":"open","ping_status":"open","sticky":false,"template":"","format":"standard","meta":{"_mbp_gutenberg_autopost":false,"_pgmb_is_evergreen":false,"_pgmb_ap_template_id":0,"footnotes":""},"categories":[6],"tags":[144,2159,1504,2139],"ppma_author":[2565],"class_list":["post-19061","post","type-post","status-publish","format-standard","has-post-thumbnail","hentry","category-articles-de-presse","tag-fed","tag-federale-americaine","tag-janet-yellen","tag-new-york"],"yoast_head":"<!-- This site is optimized with the Yoast SEO plugin v27.5 - https:\/\/yoast.com\/product\/yoast-seo-wordpress\/ -->\n<title>March\u00e9s\u00a0revigor\u00e9s par une Yellen &#039;colombe&#039; - Gold.fr<\/title>\n<meta name=\"robots\" content=\"index, follow, max-snippet:-1, max-image-preview:large, max-video-preview:-1\" \/>\n<link rel=\"canonical\" href=\"https:\/\/www.gold.fr\/news\/2016\/03\/31\/marches-revigores-par-une-yellen-colombe\/\" \/>\n<meta property=\"og:locale\" content=\"fr_FR\" \/>\n<meta property=\"og:type\" content=\"article\" \/>\n<meta property=\"og:title\" content=\"March\u00e9s\u00a0revigor\u00e9s par une Yellen &#039;colombe&#039; - Gold.fr\" \/>\n<meta property=\"og:description\" content=\"Le discours de la pr\u00e9sidente de la r\u00e9serve f\u00e9d\u00e9rale am\u00e9ricaine (dans le cadre du Club Economique de New York) avait monopolis\u00e9 l&rsquo;attention des march\u00e9s, depuis le d\u00e9but de la semaine\u2026et il n&rsquo;aura pas d\u00e9\u00e7u leurs attentes. [&hellip;]\" \/>\n<meta property=\"og:url\" content=\"https:\/\/www.gold.fr\/news\/2016\/03\/31\/marches-revigores-par-une-yellen-colombe\/\" \/>\n<meta property=\"og:site_name\" content=\"Gold.fr\" \/>\n<meta property=\"article:publisher\" content=\"https:\/\/www.facebook.com\/Goldfr\/\" \/>\n<meta property=\"article:published_time\" content=\"2016-03-31T07:00:01+00:00\" \/>\n<meta property=\"article:modified_time\" content=\"2018-03-19T10:44:42+00:00\" \/>\n<meta property=\"og:image\" content=\"https:\/\/www.gold.fr\/news\/wp-content\/uploads\/2014\/10\/images11.jpg\" \/>\n\t<meta property=\"og:image:width\" content=\"198\" \/>\n\t<meta property=\"og:image:height\" content=\"134\" \/>\n\t<meta property=\"og:image:type\" content=\"image\/jpeg\" \/>\n<meta name=\"author\" content=\"Comptoir National de l&#039;Or\" \/>\n<meta name=\"twitter:card\" content=\"summary_large_image\" \/>\n<meta name=\"twitter:label1\" content=\"\u00c9crit par\" \/>\n\t<meta name=\"twitter:data1\" content=\"Comptoir National de l&#039;Or\" \/>\n\t<meta name=\"twitter:label2\" content=\"Dur\u00e9e de lecture estim\u00e9e\" \/>\n\t<meta name=\"twitter:data2\" content=\"1 minute\" \/>\n<script type=\"application\/ld+json\" class=\"yoast-schema-graph\">{\"@context\":\"https:\\\/\\\/schema.org\",\"@graph\":[{\"@type\":\"Article\",\"@id\":\"https:\\\/\\\/www.gold.fr\\\/news\\\/2016\\\/03\\\/31\\\/marches-revigores-par-une-yellen-colombe\\\/#article\",\"isPartOf\":{\"@id\":\"https:\\\/\\\/www.gold.fr\\\/news\\\/2016\\\/03\\\/31\\\/marches-revigores-par-une-yellen-colombe\\\/\"},\"author\":{\"name\":\"Comptoir National de l'Or\",\"@id\":\"https:\\\/\\\/www.gold.fr\\\/news\\\/#\\\/schema\\\/person\\\/070491b4b4fb7671bf59b3be20302ce9\"},\"headline\":\"March\u00e9s\u00a0revigor\u00e9s par une Yellen &lsquo;colombe&rsquo;\",\"datePublished\":\"2016-03-31T07:00:01+00:00\",\"dateModified\":\"2018-03-19T10:44:42+00:00\",\"mainEntityOfPage\":{\"@id\":\"https:\\\/\\\/www.gold.fr\\\/news\\\/2016\\\/03\\\/31\\\/marches-revigores-par-une-yellen-colombe\\\/\"},\"wordCount\":315,\"commentCount\":0,\"image\":{\"@id\":\"https:\\\/\\\/www.gold.fr\\\/news\\\/2016\\\/03\\\/31\\\/marches-revigores-par-une-yellen-colombe\\\/#primaryimage\"},\"thumbnailUrl\":\"https:\\\/\\\/www.gold.fr\\\/news\\\/wp-content\\\/uploads\\\/2014\\\/10\\\/images11.jpg\",\"keywords\":[\"fed\",\"f\u00e9d\u00e9rale am\u00e9ricaine\",\"Janet Yellen\",\"New York\"],\"articleSection\":[\"Articles de presse\"],\"inLanguage\":\"fr-FR\"},{\"@type\":\"WebPage\",\"@id\":\"https:\\\/\\\/www.gold.fr\\\/news\\\/2016\\\/03\\\/31\\\/marches-revigores-par-une-yellen-colombe\\\/\",\"url\":\"https:\\\/\\\/www.gold.fr\\\/news\\\/2016\\\/03\\\/31\\\/marches-revigores-par-une-yellen-colombe\\\/\",\"name\":\"March\u00e9s\u00a0revigor\u00e9s par une Yellen 'colombe' - Gold.fr\",\"isPartOf\":{\"@id\":\"https:\\\/\\\/www.gold.fr\\\/news\\\/#website\"},\"primaryImageOfPage\":{\"@id\":\"https:\\\/\\\/www.gold.fr\\\/news\\\/2016\\\/03\\\/31\\\/marches-revigores-par-une-yellen-colombe\\\/#primaryimage\"},\"image\":{\"@id\":\"https:\\\/\\\/www.gold.fr\\\/news\\\/2016\\\/03\\\/31\\\/marches-revigores-par-une-yellen-colombe\\\/#primaryimage\"},\"thumbnailUrl\":\"https:\\\/\\\/www.gold.fr\\\/news\\\/wp-content\\\/uploads\\\/2014\\\/10\\\/images11.jpg\",\"datePublished\":\"2016-03-31T07:00:01+00:00\",\"dateModified\":\"2018-03-19T10:44:42+00:00\",\"author\":{\"@id\":\"https:\\\/\\\/www.gold.fr\\\/news\\\/#\\\/schema\\\/person\\\/070491b4b4fb7671bf59b3be20302ce9\"},\"breadcrumb\":{\"@id\":\"https:\\\/\\\/www.gold.fr\\\/news\\\/2016\\\/03\\\/31\\\/marches-revigores-par-une-yellen-colombe\\\/#breadcrumb\"},\"inLanguage\":\"fr-FR\",\"potentialAction\":[{\"@type\":\"ReadAction\",\"target\":[\"https:\\\/\\\/www.gold.fr\\\/news\\\/2016\\\/03\\\/31\\\/marches-revigores-par-une-yellen-colombe\\\/\"]}]},{\"@type\":\"ImageObject\",\"inLanguage\":\"fr-FR\",\"@id\":\"https:\\\/\\\/www.gold.fr\\\/news\\\/2016\\\/03\\\/31\\\/marches-revigores-par-une-yellen-colombe\\\/#primaryimage\",\"url\":\"https:\\\/\\\/www.gold.fr\\\/news\\\/wp-content\\\/uploads\\\/2014\\\/10\\\/images11.jpg\",\"contentUrl\":\"https:\\\/\\\/www.gold.fr\\\/news\\\/wp-content\\\/uploads\\\/2014\\\/10\\\/images11.jpg\",\"width\":\"198\",\"height\":\"134\",\"caption\":\"March\u00e9s\u00a0revigor\u00e9s par une Yellen 'colombe'\"},{\"@type\":\"BreadcrumbList\",\"@id\":\"https:\\\/\\\/www.gold.fr\\\/news\\\/2016\\\/03\\\/31\\\/marches-revigores-par-une-yellen-colombe\\\/#breadcrumb\",\"itemListElement\":[{\"@type\":\"ListItem\",\"position\":1,\"name\":\"Accueil\",\"item\":\"https:\\\/\\\/www.gold.fr\\\/\"},{\"@type\":\"ListItem\",\"position\":2,\"name\":\"Actualit\u00e9s\",\"item\":\"https:\\\/\\\/www.gold.fr\\\/news\\\/\"},{\"@type\":\"ListItem\",\"position\":3,\"name\":\"March\u00e9s\u00a0revigor\u00e9s par une Yellen &lsquo;colombe&rsquo;\"}]},{\"@type\":\"WebSite\",\"@id\":\"https:\\\/\\\/www.gold.fr\\\/news\\\/#website\",\"url\":\"https:\\\/\\\/www.gold.fr\\\/news\\\/\",\"name\":\"Gold.fr\",\"description\":\"Actualit\u00e9s de l&#039;Or et des m\u00e9taux pr\u00e9cieux\",\"potentialAction\":[{\"@type\":\"SearchAction\",\"target\":{\"@type\":\"EntryPoint\",\"urlTemplate\":\"https:\\\/\\\/www.gold.fr\\\/news\\\/?s={search_term_string}\"},\"query-input\":{\"@type\":\"PropertyValueSpecification\",\"valueRequired\":true,\"valueName\":\"search_term_string\"}}],\"inLanguage\":\"fr-FR\"},{\"@type\":\"Person\",\"@id\":\"https:\\\/\\\/www.gold.fr\\\/news\\\/#\\\/schema\\\/person\\\/070491b4b4fb7671bf59b3be20302ce9\",\"name\":\"Comptoir National de l'Or\",\"image\":{\"@type\":\"ImageObject\",\"inLanguage\":\"fr-FR\",\"@id\":\"https:\\\/\\\/secure.gravatar.com\\\/avatar\\\/0a2867fd5abe37bed95d5a65e9d58f01756e11efc68af9888dfc50cfa7f65948?s=96&d=mm&r=gb490554db0a38188709de567aa58480d\",\"url\":\"https:\\\/\\\/secure.gravatar.com\\\/avatar\\\/0a2867fd5abe37bed95d5a65e9d58f01756e11efc68af9888dfc50cfa7f65948?s=96&d=mm&r=g\",\"contentUrl\":\"https:\\\/\\\/secure.gravatar.com\\\/avatar\\\/0a2867fd5abe37bed95d5a65e9d58f01756e11efc68af9888dfc50cfa7f65948?s=96&d=mm&r=g\",\"caption\":\"Comptoir National de l'Or\"},\"description\":\"Notre r\u00e9daction est constitu\u00e9e de membres experts dans les m\u00e9tiers de l'\u00e9conomie et la gestion, des Responsables d'agence Comptoir National de l'Or, des analystes financiers qui publient r\u00e9guli\u00e8rement des \u00e9tudes sur les politiques des banques centrales, le cours de l'or, prix de l'or, cours de l'argent, prix de l'argent, cours du platine, cours du palladium,... la situation en zone euro et l'impact de la strat\u00e9gie mon\u00e9taire de la FED. Notre \u00e9quipe scrute \u00e9galement une information plus g\u00e9n\u00e9raliste \u00e0 la recherche d'actualit\u00e9 \\\"p\u00e9pite\\\" \u00e0 vous partager. Depuis 5 ans, nous avons publi\u00e9 un peu plus de 4000 articles qui s'adressent \u00e0 un public large et vari\u00e9 ayant pour objectif de satisfaire votre curiosit\u00e9 et de partager avec vous une certaine fascination pour le m\u00e9tal jaune, le rachat d'or, et pour ceux qui veulent investir dans l'or, vendre leur or tout simplement en savoir plus... Pour tous vos achat or et argent, n'h\u00e9sitez pas \u00e0 prendre rendez-vous dans l'un de nos nombreux comptoirs.\",\"sameAs\":[\"https:\\\/\\\/www.gold.fr\"]}]}<\/script>\n<!-- \/ Yoast SEO plugin. -->","yoast_head_json":{"title":"March\u00e9s\u00a0revigor\u00e9s par une Yellen 'colombe' - Gold.fr","robots":{"index":"index","follow":"follow","max-snippet":"max-snippet:-1","max-image-preview":"max-image-preview:large","max-video-preview":"max-video-preview:-1"},"canonical":"https:\/\/www.gold.fr\/news\/2016\/03\/31\/marches-revigores-par-une-yellen-colombe\/","og_locale":"fr_FR","og_type":"article","og_title":"March\u00e9s\u00a0revigor\u00e9s par une Yellen 'colombe' - Gold.fr","og_description":"Le discours de la pr\u00e9sidente de la r\u00e9serve f\u00e9d\u00e9rale am\u00e9ricaine (dans le cadre du Club Economique de New York) avait monopolis\u00e9 l&rsquo;attention des march\u00e9s, depuis le d\u00e9but de la semaine\u2026et il n&rsquo;aura pas d\u00e9\u00e7u leurs attentes. [&hellip;]","og_url":"https:\/\/www.gold.fr\/news\/2016\/03\/31\/marches-revigores-par-une-yellen-colombe\/","og_site_name":"Gold.fr","article_publisher":"https:\/\/www.facebook.com\/Goldfr\/","article_published_time":"2016-03-31T07:00:01+00:00","article_modified_time":"2018-03-19T10:44:42+00:00","og_image":[{"width":198,"height":134,"url":"https:\/\/www.gold.fr\/news\/wp-content\/uploads\/2014\/10\/images11.jpg","type":"image\/jpeg"}],"author":"Comptoir National de l'Or","twitter_card":"summary_large_image","twitter_misc":{"\u00c9crit par":"Comptoir National de l'Or","Dur\u00e9e de lecture estim\u00e9e":"1 minute"},"schema":{"@context":"https:\/\/schema.org","@graph":[{"@type":"Article","@id":"https:\/\/www.gold.fr\/news\/2016\/03\/31\/marches-revigores-par-une-yellen-colombe\/#article","isPartOf":{"@id":"https:\/\/www.gold.fr\/news\/2016\/03\/31\/marches-revigores-par-une-yellen-colombe\/"},"author":{"name":"Comptoir National de l'Or","@id":"https:\/\/www.gold.fr\/news\/#\/schema\/person\/070491b4b4fb7671bf59b3be20302ce9"},"headline":"March\u00e9s\u00a0revigor\u00e9s par une Yellen &lsquo;colombe&rsquo;","datePublished":"2016-03-31T07:00:01+00:00","dateModified":"2018-03-19T10:44:42+00:00","mainEntityOfPage":{"@id":"https:\/\/www.gold.fr\/news\/2016\/03\/31\/marches-revigores-par-une-yellen-colombe\/"},"wordCount":315,"commentCount":0,"image":{"@id":"https:\/\/www.gold.fr\/news\/2016\/03\/31\/marches-revigores-par-une-yellen-colombe\/#primaryimage"},"thumbnailUrl":"https:\/\/www.gold.fr\/news\/wp-content\/uploads\/2014\/10\/images11.jpg","keywords":["fed","f\u00e9d\u00e9rale am\u00e9ricaine","Janet Yellen","New York"],"articleSection":["Articles de presse"],"inLanguage":"fr-FR"},{"@type":"WebPage","@id":"https:\/\/www.gold.fr\/news\/2016\/03\/31\/marches-revigores-par-une-yellen-colombe\/","url":"https:\/\/www.gold.fr\/news\/2016\/03\/31\/marches-revigores-par-une-yellen-colombe\/","name":"March\u00e9s\u00a0revigor\u00e9s par une Yellen 'colombe' - Gold.fr","isPartOf":{"@id":"https:\/\/www.gold.fr\/news\/#website"},"primaryImageOfPage":{"@id":"https:\/\/www.gold.fr\/news\/2016\/03\/31\/marches-revigores-par-une-yellen-colombe\/#primaryimage"},"image":{"@id":"https:\/\/www.gold.fr\/news\/2016\/03\/31\/marches-revigores-par-une-yellen-colombe\/#primaryimage"},"thumbnailUrl":"https:\/\/www.gold.fr\/news\/wp-content\/uploads\/2014\/10\/images11.jpg","datePublished":"2016-03-31T07:00:01+00:00","dateModified":"2018-03-19T10:44:42+00:00","author":{"@id":"https:\/\/www.gold.fr\/news\/#\/schema\/person\/070491b4b4fb7671bf59b3be20302ce9"},"breadcrumb":{"@id":"https:\/\/www.gold.fr\/news\/2016\/03\/31\/marches-revigores-par-une-yellen-colombe\/#breadcrumb"},"inLanguage":"fr-FR","potentialAction":[{"@type":"ReadAction","target":["https:\/\/www.gold.fr\/news\/2016\/03\/31\/marches-revigores-par-une-yellen-colombe\/"]}]},{"@type":"ImageObject","inLanguage":"fr-FR","@id":"https:\/\/www.gold.fr\/news\/2016\/03\/31\/marches-revigores-par-une-yellen-colombe\/#primaryimage","url":"https:\/\/www.gold.fr\/news\/wp-content\/uploads\/2014\/10\/images11.jpg","contentUrl":"https:\/\/www.gold.fr\/news\/wp-content\/uploads\/2014\/10\/images11.jpg","width":"198","height":"134","caption":"March\u00e9s\u00a0revigor\u00e9s par une Yellen 'colombe'"},{"@type":"BreadcrumbList","@id":"https:\/\/www.gold.fr\/news\/2016\/03\/31\/marches-revigores-par-une-yellen-colombe\/#breadcrumb","itemListElement":[{"@type":"ListItem","position":1,"name":"Accueil","item":"https:\/\/www.gold.fr\/"},{"@type":"ListItem","position":2,"name":"Actualit\u00e9s","item":"https:\/\/www.gold.fr\/news\/"},{"@type":"ListItem","position":3,"name":"March\u00e9s\u00a0revigor\u00e9s par une Yellen &lsquo;colombe&rsquo;"}]},{"@type":"WebSite","@id":"https:\/\/www.gold.fr\/news\/#website","url":"https:\/\/www.gold.fr\/news\/","name":"Gold.fr","description":"Actualit\u00e9s de l&#039;Or et des m\u00e9taux pr\u00e9cieux","potentialAction":[{"@type":"SearchAction","target":{"@type":"EntryPoint","urlTemplate":"https:\/\/www.gold.fr\/news\/?s={search_term_string}"},"query-input":{"@type":"PropertyValueSpecification","valueRequired":true,"valueName":"search_term_string"}}],"inLanguage":"fr-FR"},{"@type":"Person","@id":"https:\/\/www.gold.fr\/news\/#\/schema\/person\/070491b4b4fb7671bf59b3be20302ce9","name":"Comptoir National de l'Or","image":{"@type":"ImageObject","inLanguage":"fr-FR","@id":"https:\/\/secure.gravatar.com\/avatar\/0a2867fd5abe37bed95d5a65e9d58f01756e11efc68af9888dfc50cfa7f65948?s=96&d=mm&r=gb490554db0a38188709de567aa58480d","url":"https:\/\/secure.gravatar.com\/avatar\/0a2867fd5abe37bed95d5a65e9d58f01756e11efc68af9888dfc50cfa7f65948?s=96&d=mm&r=g","contentUrl":"https:\/\/secure.gravatar.com\/avatar\/0a2867fd5abe37bed95d5a65e9d58f01756e11efc68af9888dfc50cfa7f65948?s=96&d=mm&r=g","caption":"Comptoir National de l'Or"},"description":"Notre r\u00e9daction est constitu\u00e9e de membres experts dans les m\u00e9tiers de l'\u00e9conomie et la gestion, des Responsables d'agence Comptoir National de l'Or, des analystes financiers qui publient r\u00e9guli\u00e8rement des \u00e9tudes sur les politiques des banques centrales, le cours de l'or, prix de l'or, cours de l'argent, prix de l'argent, cours du platine, cours du palladium,... la situation en zone euro et l'impact de la strat\u00e9gie mon\u00e9taire de la FED. Notre \u00e9quipe scrute \u00e9galement une information plus g\u00e9n\u00e9raliste \u00e0 la recherche d'actualit\u00e9 \"p\u00e9pite\" \u00e0 vous partager. Depuis 5 ans, nous avons publi\u00e9 un peu plus de 4000 articles qui s'adressent \u00e0 un public large et vari\u00e9 ayant pour objectif de satisfaire votre curiosit\u00e9 et de partager avec vous une certaine fascination pour le m\u00e9tal jaune, le rachat d'or, et pour ceux qui veulent investir dans l'or, vendre leur or tout simplement en savoir plus... Pour tous vos achat or et argent, n'h\u00e9sitez pas \u00e0 prendre rendez-vous dans l'un de nos nombreux comptoirs.","sameAs":["https:\/\/www.gold.fr"]}]}},"authors":[{"term_id":2565,"user_id":18,"is_guest":0,"slug":"julie","display_name":"Comptoir National de l'Or","avatar_url":"https:\/\/secure.gravatar.com\/avatar\/713f289e398d35ead876c4a4cc08607f0d6d266058cfc25683fffb6092d0e572?s=96&d=mm&r=g","0":null,"1":"","2":"","3":"","4":"","5":"","6":"","7":"","8":""}],"_links":{"self":[{"href":"https:\/\/www.gold.fr\/news\/wp-json\/wp\/v2\/posts\/19061","targetHints":{"allow":["GET"]}}],"collection":[{"href":"https:\/\/www.gold.fr\/news\/wp-json\/wp\/v2\/posts"}],"about":[{"href":"https:\/\/www.gold.fr\/news\/wp-json\/wp\/v2\/types\/post"}],"author":[{"embeddable":true,"href":"https:\/\/www.gold.fr\/news\/wp-json\/wp\/v2\/users\/18"}],"replies":[{"embeddable":true,"href":"https:\/\/www.gold.fr\/news\/wp-json\/wp\/v2\/comments?post=19061"}],"version-history":[{"count":0,"href":"https:\/\/www.gold.fr\/news\/wp-json\/wp\/v2\/posts\/19061\/revisions"}],"wp:featuredmedia":[{"embeddable":true,"href":"https:\/\/www.gold.fr\/news\/wp-json\/wp\/v2\/media\/15883"}],"wp:attachment":[{"href":"https:\/\/www.gold.fr\/news\/wp-json\/wp\/v2\/media?parent=19061"}],"wp:term":[{"taxonomy":"category","embeddable":true,"href":"https:\/\/www.gold.fr\/news\/wp-json\/wp\/v2\/categories?post=19061"},{"taxonomy":"post_tag","embeddable":true,"href":"https:\/\/www.gold.fr\/news\/wp-json\/wp\/v2\/tags?post=19061"},{"taxonomy":"author","embeddable":true,"href":"https:\/\/www.gold.fr\/news\/wp-json\/wp\/v2\/ppma_author?post=19061"}],"curies":[{"name":"wp","href":"https:\/\/api.w.org\/{rel}","templated":true}]}}