{"id":19059,"date":"2016-03-30T17:00:31","date_gmt":"2016-03-30T15:00:31","guid":{"rendered":"https:\/\/www.gold.fr\/news\/?p=19059"},"modified":"2018-06-25T14:33:24","modified_gmt":"2018-06-25T12:33:24","slug":"fed-yellen-maintient-un-discours-prudent","status":"publish","type":"post","link":"https:\/\/www.gold.fr\/news\/2016\/03\/30\/fed-yellen-maintient-un-discours-prudent\/","title":{"rendered":"FED : Yellen maintient un discours prudent"},"content":{"rendered":"<p><span style=\"font-size: small;\"><img loading=\"lazy\" decoding=\"async\" class=\"alignleft wp-image-5788 size-thumbnail\" title=\"FED : Yellen maintient un discours prudent\" src=\"https:\/\/www.gold.fr\/news\/wp-content\/uploads\/2012\/02\/Lingot-piece-or-150x150.jpg\" alt=\"FED : Yellen maintient un discours prudent\" width=\"150\" height=\"150\" \/>Il semblerait que la position ouvertement &lsquo;<em>faucon<\/em>&lsquo; de certains membres du <strong>FOMC<\/strong> ne soit pas partag\u00e9e par . Soit les divergences au sein du <strong>FOMC<\/strong> font \u00e0 nouveau surface, soit l&rsquo;institution joue \u00e0 souffler le chaud et le froid au sein des march\u00e9s \u00e9conomiques.<\/span>    <span style=\"font-size: small;\">Dans tous les cas, la pr\u00e9sidente de la r\u00e9serve f\u00e9d\u00e9rale am\u00e9ricaine a tenu des propos et un ton toujours aussi prudents, hier, dans le cadre de son discours d\u00e9livr\u00e9 \u00e0 l&rsquo;Economic Club de <strong>New York<\/strong>.<\/span> <span style=\"font-size: small;\"><strong>Yellen<\/strong> a d\u00e9clar\u00e9 que son institution \u00ab\u00a0<em>serait h\u00e9sitante \u00e0 relever ses taux d&rsquo;int\u00e9r\u00eat \u00e0 court terme, au vu des inqui\u00e9tudes sur la croissance mondiale et de la faiblesse dans le domaine des mati\u00e8res premi\u00e8res<\/em>\u00a0\u00bb, rappelant ainsi que la <strong>FED<\/strong> demeure encore largement &lsquo;<em>data dependant<\/em>&lsquo;. <\/span>    <span style=\"font-size: small;\">Un rappel qui s&rsquo;oppose pourtant aux d\u00e9clarations nettement moins &lsquo;<em>colombe<\/em>&lsquo; de plusieurs membres du <strong>FOMC<\/strong> qui ont affirm\u00e9, tout au long de la semaine derni\u00e8re, que l&rsquo;institution \u00e9tait pr\u00eate \u00e0 appliquer son deuxi\u00e8me &lsquo;<em>tour de vis<\/em>&lsquo; mon\u00e9taire, dans les semaines \u00e0 venir. <\/span> <span style=\"font-size: small;\"><strong>Angus Nicholson<\/strong>, analyste de march\u00e9 chez <strong>IG<\/strong>, commente ce discours de <strong>Yellen<\/strong> en soulignant qu&rsquo;il \u00ab<em>\u00a0a aid\u00e9 le dollar \u00e0 s&rsquo;affaisser et le mois de septembre est d\u00e9sormais le seul pour lequel les march\u00e9s tablent sur une probabilit\u00e9 de hausse de taux sup\u00e9rieure \u00e0 50%<\/em>\u00a0\u00bb.<\/span> <span style=\"font-size: small;\">Cette s\u00e9ance du mercredi aura \u00e9t\u00e9 relativement riche en statistiques, avec la publication des indices du sentiment \u00e9conomique en <strong>Europe<\/strong>, l&rsquo;estimation pr\u00e9liminaire de l&rsquo;inflation en <strong>Allemagne<\/strong> et des stocks hebdomadaires de p\u00e9trole aux <strong>Etats-Unis<\/strong>.<\/span><\/p>\n<!-- AddThis Advanced Settings generic via filter on the_content --><!-- AddThis Share Buttons generic via filter on the_content -->","protected":false},"excerpt":{"rendered":"<p>Il semblerait que la position ouvertement &lsquo;faucon&lsquo; de certains membres du FOMC ne soit pas partag\u00e9e par . Soit les divergences au sein du FOMC font \u00e0 nouveau surface, soit l&rsquo;institution joue \u00e0 souffler le chaud [&hellip;]<\/p>\n","protected":false},"author":18,"featured_media":31840,"comment_status":"open","ping_status":"open","sticky":false,"template":"","format":"standard","meta":{"_mbp_gutenberg_autopost":false,"_pgmb_is_evergreen":false,"_pgmb_ap_template_id":0,"footnotes":""},"categories":[6],"tags":[111,443,144,2159,1034,1504,2139],"ppma_author":[2565],"class_list":["post-19059","post","type-post","status-publish","format-standard","has-post-thumbnail","hentry","category-articles-de-presse","tag-allemagne","tag-etats-unis","tag-fed","tag-federale-americaine","tag-fomc","tag-janet-yellen","tag-new-york"],"yoast_head":"<!-- This site is optimized with the Yoast SEO plugin v27.5 - https:\/\/yoast.com\/product\/yoast-seo-wordpress\/ -->\n<title>FED : Yellen maintient un discours prudent - Gold.fr<\/title>\n<meta name=\"robots\" content=\"index, follow, max-snippet:-1, max-image-preview:large, max-video-preview:-1\" \/>\n<link rel=\"canonical\" href=\"https:\/\/www.gold.fr\/news\/2016\/03\/30\/fed-yellen-maintient-un-discours-prudent\/\" \/>\n<meta property=\"og:locale\" content=\"fr_FR\" \/>\n<meta property=\"og:type\" content=\"article\" \/>\n<meta property=\"og:title\" content=\"FED : Yellen maintient un discours prudent - Gold.fr\" \/>\n<meta property=\"og:description\" content=\"Il semblerait que la position ouvertement &lsquo;faucon&lsquo; de certains membres du FOMC ne soit pas partag\u00e9e par . Soit les divergences au sein du FOMC font \u00e0 nouveau surface, soit l&rsquo;institution joue \u00e0 souffler le chaud [&hellip;]\" \/>\n<meta property=\"og:url\" content=\"https:\/\/www.gold.fr\/news\/2016\/03\/30\/fed-yellen-maintient-un-discours-prudent\/\" \/>\n<meta property=\"og:site_name\" content=\"Gold.fr\" \/>\n<meta property=\"article:publisher\" content=\"https:\/\/www.facebook.com\/Goldfr\/\" \/>\n<meta property=\"article:published_time\" content=\"2016-03-30T15:00:31+00:00\" \/>\n<meta property=\"article:modified_time\" content=\"2018-06-25T12:33:24+00:00\" \/>\n<meta property=\"og:image\" content=\"https:\/\/www.gold.fr\/news\/wp-content\/uploads\/2016\/03\/Lingot-piece-or.jpg\" \/>\n\t<meta property=\"og:image:width\" content=\"600\" \/>\n\t<meta property=\"og:image:height\" content=\"469\" \/>\n\t<meta property=\"og:image:type\" content=\"image\/jpeg\" \/>\n<meta name=\"author\" content=\"Comptoir National de l&#039;Or\" \/>\n<meta name=\"twitter:card\" content=\"summary_large_image\" \/>\n<meta name=\"twitter:label1\" content=\"\u00c9crit par\" \/>\n\t<meta name=\"twitter:data1\" content=\"Comptoir National de l&#039;Or\" \/>\n\t<meta name=\"twitter:label2\" content=\"Dur\u00e9e de lecture estim\u00e9e\" \/>\n\t<meta name=\"twitter:data2\" content=\"1 minute\" \/>\n<script type=\"application\/ld+json\" class=\"yoast-schema-graph\">{\"@context\":\"https:\\\/\\\/schema.org\",\"@graph\":[{\"@type\":\"Article\",\"@id\":\"https:\\\/\\\/www.gold.fr\\\/news\\\/2016\\\/03\\\/30\\\/fed-yellen-maintient-un-discours-prudent\\\/#article\",\"isPartOf\":{\"@id\":\"https:\\\/\\\/www.gold.fr\\\/news\\\/2016\\\/03\\\/30\\\/fed-yellen-maintient-un-discours-prudent\\\/\"},\"author\":{\"name\":\"Comptoir National de l'Or\",\"@id\":\"https:\\\/\\\/www.gold.fr\\\/news\\\/#\\\/schema\\\/person\\\/070491b4b4fb7671bf59b3be20302ce9\"},\"headline\":\"FED : Yellen maintient un discours prudent\",\"datePublished\":\"2016-03-30T15:00:31+00:00\",\"dateModified\":\"2018-06-25T12:33:24+00:00\",\"mainEntityOfPage\":{\"@id\":\"https:\\\/\\\/www.gold.fr\\\/news\\\/2016\\\/03\\\/30\\\/fed-yellen-maintient-un-discours-prudent\\\/\"},\"wordCount\":274,\"commentCount\":0,\"image\":{\"@id\":\"https:\\\/\\\/www.gold.fr\\\/news\\\/2016\\\/03\\\/30\\\/fed-yellen-maintient-un-discours-prudent\\\/#primaryimage\"},\"thumbnailUrl\":\"https:\\\/\\\/www.gold.fr\\\/news\\\/wp-content\\\/uploads\\\/2016\\\/03\\\/Lingot-piece-or.jpg\",\"keywords\":[\"Allemagne\",\"etats-unis\",\"fed\",\"f\u00e9d\u00e9rale am\u00e9ricaine\",\"FOMC\",\"Janet Yellen\",\"New York\"],\"articleSection\":[\"Articles de presse\"],\"inLanguage\":\"fr-FR\"},{\"@type\":\"WebPage\",\"@id\":\"https:\\\/\\\/www.gold.fr\\\/news\\\/2016\\\/03\\\/30\\\/fed-yellen-maintient-un-discours-prudent\\\/\",\"url\":\"https:\\\/\\\/www.gold.fr\\\/news\\\/2016\\\/03\\\/30\\\/fed-yellen-maintient-un-discours-prudent\\\/\",\"name\":\"FED : Yellen maintient un discours prudent - Gold.fr\",\"isPartOf\":{\"@id\":\"https:\\\/\\\/www.gold.fr\\\/news\\\/#website\"},\"primaryImageOfPage\":{\"@id\":\"https:\\\/\\\/www.gold.fr\\\/news\\\/2016\\\/03\\\/30\\\/fed-yellen-maintient-un-discours-prudent\\\/#primaryimage\"},\"image\":{\"@id\":\"https:\\\/\\\/www.gold.fr\\\/news\\\/2016\\\/03\\\/30\\\/fed-yellen-maintient-un-discours-prudent\\\/#primaryimage\"},\"thumbnailUrl\":\"https:\\\/\\\/www.gold.fr\\\/news\\\/wp-content\\\/uploads\\\/2016\\\/03\\\/Lingot-piece-or.jpg\",\"datePublished\":\"2016-03-30T15:00:31+00:00\",\"dateModified\":\"2018-06-25T12:33:24+00:00\",\"author\":{\"@id\":\"https:\\\/\\\/www.gold.fr\\\/news\\\/#\\\/schema\\\/person\\\/070491b4b4fb7671bf59b3be20302ce9\"},\"breadcrumb\":{\"@id\":\"https:\\\/\\\/www.gold.fr\\\/news\\\/2016\\\/03\\\/30\\\/fed-yellen-maintient-un-discours-prudent\\\/#breadcrumb\"},\"inLanguage\":\"fr-FR\",\"potentialAction\":[{\"@type\":\"ReadAction\",\"target\":[\"https:\\\/\\\/www.gold.fr\\\/news\\\/2016\\\/03\\\/30\\\/fed-yellen-maintient-un-discours-prudent\\\/\"]}]},{\"@type\":\"ImageObject\",\"inLanguage\":\"fr-FR\",\"@id\":\"https:\\\/\\\/www.gold.fr\\\/news\\\/2016\\\/03\\\/30\\\/fed-yellen-maintient-un-discours-prudent\\\/#primaryimage\",\"url\":\"https:\\\/\\\/www.gold.fr\\\/news\\\/wp-content\\\/uploads\\\/2016\\\/03\\\/Lingot-piece-or.jpg\",\"contentUrl\":\"https:\\\/\\\/www.gold.fr\\\/news\\\/wp-content\\\/uploads\\\/2016\\\/03\\\/Lingot-piece-or.jpg\",\"width\":600,\"height\":469,\"caption\":\"FED : Yellen maintient un discours prudent\"},{\"@type\":\"BreadcrumbList\",\"@id\":\"https:\\\/\\\/www.gold.fr\\\/news\\\/2016\\\/03\\\/30\\\/fed-yellen-maintient-un-discours-prudent\\\/#breadcrumb\",\"itemListElement\":[{\"@type\":\"ListItem\",\"position\":1,\"name\":\"Accueil\",\"item\":\"https:\\\/\\\/www.gold.fr\\\/\"},{\"@type\":\"ListItem\",\"position\":2,\"name\":\"Actualit\u00e9s\",\"item\":\"https:\\\/\\\/www.gold.fr\\\/news\\\/\"},{\"@type\":\"ListItem\",\"position\":3,\"name\":\"FED : Yellen maintient un discours prudent\"}]},{\"@type\":\"WebSite\",\"@id\":\"https:\\\/\\\/www.gold.fr\\\/news\\\/#website\",\"url\":\"https:\\\/\\\/www.gold.fr\\\/news\\\/\",\"name\":\"Gold.fr\",\"description\":\"Actualit\u00e9s de l&#039;Or et des m\u00e9taux pr\u00e9cieux\",\"potentialAction\":[{\"@type\":\"SearchAction\",\"target\":{\"@type\":\"EntryPoint\",\"urlTemplate\":\"https:\\\/\\\/www.gold.fr\\\/news\\\/?s={search_term_string}\"},\"query-input\":{\"@type\":\"PropertyValueSpecification\",\"valueRequired\":true,\"valueName\":\"search_term_string\"}}],\"inLanguage\":\"fr-FR\"},{\"@type\":\"Person\",\"@id\":\"https:\\\/\\\/www.gold.fr\\\/news\\\/#\\\/schema\\\/person\\\/070491b4b4fb7671bf59b3be20302ce9\",\"name\":\"Comptoir National de l'Or\",\"image\":{\"@type\":\"ImageObject\",\"inLanguage\":\"fr-FR\",\"@id\":\"https:\\\/\\\/secure.gravatar.com\\\/avatar\\\/0a2867fd5abe37bed95d5a65e9d58f01756e11efc68af9888dfc50cfa7f65948?s=96&d=mm&r=gb490554db0a38188709de567aa58480d\",\"url\":\"https:\\\/\\\/secure.gravatar.com\\\/avatar\\\/0a2867fd5abe37bed95d5a65e9d58f01756e11efc68af9888dfc50cfa7f65948?s=96&d=mm&r=g\",\"contentUrl\":\"https:\\\/\\\/secure.gravatar.com\\\/avatar\\\/0a2867fd5abe37bed95d5a65e9d58f01756e11efc68af9888dfc50cfa7f65948?s=96&d=mm&r=g\",\"caption\":\"Comptoir National de l'Or\"},\"description\":\"Notre r\u00e9daction est constitu\u00e9e de membres experts dans les m\u00e9tiers de l'\u00e9conomie et la gestion, des Responsables d'agence Comptoir National de l'Or, des analystes financiers qui publient r\u00e9guli\u00e8rement des \u00e9tudes sur les politiques des banques centrales, le cours de l'or, prix de l'or, cours de l'argent, prix de l'argent, cours du platine, cours du palladium,... la situation en zone euro et l'impact de la strat\u00e9gie mon\u00e9taire de la FED. Notre \u00e9quipe scrute \u00e9galement une information plus g\u00e9n\u00e9raliste \u00e0 la recherche d'actualit\u00e9 \\\"p\u00e9pite\\\" \u00e0 vous partager. Depuis 5 ans, nous avons publi\u00e9 un peu plus de 4000 articles qui s'adressent \u00e0 un public large et vari\u00e9 ayant pour objectif de satisfaire votre curiosit\u00e9 et de partager avec vous une certaine fascination pour le m\u00e9tal jaune, le rachat d'or, et pour ceux qui veulent investir dans l'or, vendre leur or tout simplement en savoir plus... Pour tous vos achat or et argent, n'h\u00e9sitez pas \u00e0 prendre rendez-vous dans l'un de nos nombreux comptoirs.\",\"sameAs\":[\"https:\\\/\\\/www.gold.fr\"]}]}<\/script>\n<!-- \/ Yoast SEO plugin. -->","yoast_head_json":{"title":"FED : Yellen maintient un discours prudent - Gold.fr","robots":{"index":"index","follow":"follow","max-snippet":"max-snippet:-1","max-image-preview":"max-image-preview:large","max-video-preview":"max-video-preview:-1"},"canonical":"https:\/\/www.gold.fr\/news\/2016\/03\/30\/fed-yellen-maintient-un-discours-prudent\/","og_locale":"fr_FR","og_type":"article","og_title":"FED : Yellen maintient un discours prudent - Gold.fr","og_description":"Il semblerait que la position ouvertement &lsquo;faucon&lsquo; de certains membres du FOMC ne soit pas partag\u00e9e par . Soit les divergences au sein du FOMC font \u00e0 nouveau surface, soit l&rsquo;institution joue \u00e0 souffler le chaud [&hellip;]","og_url":"https:\/\/www.gold.fr\/news\/2016\/03\/30\/fed-yellen-maintient-un-discours-prudent\/","og_site_name":"Gold.fr","article_publisher":"https:\/\/www.facebook.com\/Goldfr\/","article_published_time":"2016-03-30T15:00:31+00:00","article_modified_time":"2018-06-25T12:33:24+00:00","og_image":[{"width":600,"height":469,"url":"https:\/\/www.gold.fr\/news\/wp-content\/uploads\/2016\/03\/Lingot-piece-or.jpg","type":"image\/jpeg"}],"author":"Comptoir National de l'Or","twitter_card":"summary_large_image","twitter_misc":{"\u00c9crit par":"Comptoir National de l'Or","Dur\u00e9e de lecture estim\u00e9e":"1 minute"},"schema":{"@context":"https:\/\/schema.org","@graph":[{"@type":"Article","@id":"https:\/\/www.gold.fr\/news\/2016\/03\/30\/fed-yellen-maintient-un-discours-prudent\/#article","isPartOf":{"@id":"https:\/\/www.gold.fr\/news\/2016\/03\/30\/fed-yellen-maintient-un-discours-prudent\/"},"author":{"name":"Comptoir National de l'Or","@id":"https:\/\/www.gold.fr\/news\/#\/schema\/person\/070491b4b4fb7671bf59b3be20302ce9"},"headline":"FED : Yellen maintient un discours prudent","datePublished":"2016-03-30T15:00:31+00:00","dateModified":"2018-06-25T12:33:24+00:00","mainEntityOfPage":{"@id":"https:\/\/www.gold.fr\/news\/2016\/03\/30\/fed-yellen-maintient-un-discours-prudent\/"},"wordCount":274,"commentCount":0,"image":{"@id":"https:\/\/www.gold.fr\/news\/2016\/03\/30\/fed-yellen-maintient-un-discours-prudent\/#primaryimage"},"thumbnailUrl":"https:\/\/www.gold.fr\/news\/wp-content\/uploads\/2016\/03\/Lingot-piece-or.jpg","keywords":["Allemagne","etats-unis","fed","f\u00e9d\u00e9rale am\u00e9ricaine","FOMC","Janet Yellen","New York"],"articleSection":["Articles de presse"],"inLanguage":"fr-FR"},{"@type":"WebPage","@id":"https:\/\/www.gold.fr\/news\/2016\/03\/30\/fed-yellen-maintient-un-discours-prudent\/","url":"https:\/\/www.gold.fr\/news\/2016\/03\/30\/fed-yellen-maintient-un-discours-prudent\/","name":"FED : Yellen maintient un discours prudent - Gold.fr","isPartOf":{"@id":"https:\/\/www.gold.fr\/news\/#website"},"primaryImageOfPage":{"@id":"https:\/\/www.gold.fr\/news\/2016\/03\/30\/fed-yellen-maintient-un-discours-prudent\/#primaryimage"},"image":{"@id":"https:\/\/www.gold.fr\/news\/2016\/03\/30\/fed-yellen-maintient-un-discours-prudent\/#primaryimage"},"thumbnailUrl":"https:\/\/www.gold.fr\/news\/wp-content\/uploads\/2016\/03\/Lingot-piece-or.jpg","datePublished":"2016-03-30T15:00:31+00:00","dateModified":"2018-06-25T12:33:24+00:00","author":{"@id":"https:\/\/www.gold.fr\/news\/#\/schema\/person\/070491b4b4fb7671bf59b3be20302ce9"},"breadcrumb":{"@id":"https:\/\/www.gold.fr\/news\/2016\/03\/30\/fed-yellen-maintient-un-discours-prudent\/#breadcrumb"},"inLanguage":"fr-FR","potentialAction":[{"@type":"ReadAction","target":["https:\/\/www.gold.fr\/news\/2016\/03\/30\/fed-yellen-maintient-un-discours-prudent\/"]}]},{"@type":"ImageObject","inLanguage":"fr-FR","@id":"https:\/\/www.gold.fr\/news\/2016\/03\/30\/fed-yellen-maintient-un-discours-prudent\/#primaryimage","url":"https:\/\/www.gold.fr\/news\/wp-content\/uploads\/2016\/03\/Lingot-piece-or.jpg","contentUrl":"https:\/\/www.gold.fr\/news\/wp-content\/uploads\/2016\/03\/Lingot-piece-or.jpg","width":600,"height":469,"caption":"FED : Yellen maintient un discours prudent"},{"@type":"BreadcrumbList","@id":"https:\/\/www.gold.fr\/news\/2016\/03\/30\/fed-yellen-maintient-un-discours-prudent\/#breadcrumb","itemListElement":[{"@type":"ListItem","position":1,"name":"Accueil","item":"https:\/\/www.gold.fr\/"},{"@type":"ListItem","position":2,"name":"Actualit\u00e9s","item":"https:\/\/www.gold.fr\/news\/"},{"@type":"ListItem","position":3,"name":"FED : Yellen maintient un discours prudent"}]},{"@type":"WebSite","@id":"https:\/\/www.gold.fr\/news\/#website","url":"https:\/\/www.gold.fr\/news\/","name":"Gold.fr","description":"Actualit\u00e9s de l&#039;Or et des m\u00e9taux pr\u00e9cieux","potentialAction":[{"@type":"SearchAction","target":{"@type":"EntryPoint","urlTemplate":"https:\/\/www.gold.fr\/news\/?s={search_term_string}"},"query-input":{"@type":"PropertyValueSpecification","valueRequired":true,"valueName":"search_term_string"}}],"inLanguage":"fr-FR"},{"@type":"Person","@id":"https:\/\/www.gold.fr\/news\/#\/schema\/person\/070491b4b4fb7671bf59b3be20302ce9","name":"Comptoir National de l'Or","image":{"@type":"ImageObject","inLanguage":"fr-FR","@id":"https:\/\/secure.gravatar.com\/avatar\/0a2867fd5abe37bed95d5a65e9d58f01756e11efc68af9888dfc50cfa7f65948?s=96&d=mm&r=gb490554db0a38188709de567aa58480d","url":"https:\/\/secure.gravatar.com\/avatar\/0a2867fd5abe37bed95d5a65e9d58f01756e11efc68af9888dfc50cfa7f65948?s=96&d=mm&r=g","contentUrl":"https:\/\/secure.gravatar.com\/avatar\/0a2867fd5abe37bed95d5a65e9d58f01756e11efc68af9888dfc50cfa7f65948?s=96&d=mm&r=g","caption":"Comptoir National de l'Or"},"description":"Notre r\u00e9daction est constitu\u00e9e de membres experts dans les m\u00e9tiers de l'\u00e9conomie et la gestion, des Responsables d'agence Comptoir National de l'Or, des analystes financiers qui publient r\u00e9guli\u00e8rement des \u00e9tudes sur les politiques des banques centrales, le cours de l'or, prix de l'or, cours de l'argent, prix de l'argent, cours du platine, cours du palladium,... la situation en zone euro et l'impact de la strat\u00e9gie mon\u00e9taire de la FED. Notre \u00e9quipe scrute \u00e9galement une information plus g\u00e9n\u00e9raliste \u00e0 la recherche d'actualit\u00e9 \"p\u00e9pite\" \u00e0 vous partager. Depuis 5 ans, nous avons publi\u00e9 un peu plus de 4000 articles qui s'adressent \u00e0 un public large et vari\u00e9 ayant pour objectif de satisfaire votre curiosit\u00e9 et de partager avec vous une certaine fascination pour le m\u00e9tal jaune, le rachat d'or, et pour ceux qui veulent investir dans l'or, vendre leur or tout simplement en savoir plus... Pour tous vos achat or et argent, n'h\u00e9sitez pas \u00e0 prendre rendez-vous dans l'un de nos nombreux comptoirs.","sameAs":["https:\/\/www.gold.fr"]}]}},"authors":[{"term_id":2565,"user_id":18,"is_guest":0,"slug":"julie","display_name":"Comptoir National de l'Or","avatar_url":"https:\/\/secure.gravatar.com\/avatar\/713f289e398d35ead876c4a4cc08607f0d6d266058cfc25683fffb6092d0e572?s=96&d=mm&r=g","0":null,"1":"","2":"","3":"","4":"","5":"","6":"","7":"","8":""}],"_links":{"self":[{"href":"https:\/\/www.gold.fr\/news\/wp-json\/wp\/v2\/posts\/19059","targetHints":{"allow":["GET"]}}],"collection":[{"href":"https:\/\/www.gold.fr\/news\/wp-json\/wp\/v2\/posts"}],"about":[{"href":"https:\/\/www.gold.fr\/news\/wp-json\/wp\/v2\/types\/post"}],"author":[{"embeddable":true,"href":"https:\/\/www.gold.fr\/news\/wp-json\/wp\/v2\/users\/18"}],"replies":[{"embeddable":true,"href":"https:\/\/www.gold.fr\/news\/wp-json\/wp\/v2\/comments?post=19059"}],"version-history":[{"count":0,"href":"https:\/\/www.gold.fr\/news\/wp-json\/wp\/v2\/posts\/19059\/revisions"}],"wp:featuredmedia":[{"embeddable":true,"href":"https:\/\/www.gold.fr\/news\/wp-json\/wp\/v2\/media\/31840"}],"wp:attachment":[{"href":"https:\/\/www.gold.fr\/news\/wp-json\/wp\/v2\/media?parent=19059"}],"wp:term":[{"taxonomy":"category","embeddable":true,"href":"https:\/\/www.gold.fr\/news\/wp-json\/wp\/v2\/categories?post=19059"},{"taxonomy":"post_tag","embeddable":true,"href":"https:\/\/www.gold.fr\/news\/wp-json\/wp\/v2\/tags?post=19059"},{"taxonomy":"author","embeddable":true,"href":"https:\/\/www.gold.fr\/news\/wp-json\/wp\/v2\/ppma_author?post=19059"}],"curies":[{"name":"wp","href":"https:\/\/api.w.org\/{rel}","templated":true}]}}