{"id":19050,"date":"2016-03-30T09:00:33","date_gmt":"2016-03-30T07:00:33","guid":{"rendered":"https:\/\/www.gold.fr\/news\/?p=19050"},"modified":"2018-06-25T14:33:22","modified_gmt":"2018-06-25T12:33:22","slug":"marches-redynamisation-en-douceur","status":"publish","type":"post","link":"https:\/\/www.gold.fr\/news\/2016\/03\/30\/marches-redynamisation-en-douceur\/","title":{"rendered":"March\u00e9s : Redynamisation en douceur"},"content":{"rendered":"<p><span style=\"font-size: small;\"><img loading=\"lazy\" decoding=\"async\" class=\"alignleft wp-image-5036 size-thumbnail\" title=\"March\u00e9s : Redynamisation en douceur\" src=\"https:\/\/www.gold.fr\/news\/wp-content\/uploads\/2012\/01\/Or-150x150.jpg\" alt=\"March\u00e9s : Redynamisation en douceur\" width=\"150\" height=\"150\" \/>La volatilit\u00e9 r\u00e9gnait, depuis la fin de la semaine derni\u00e8re, avec une s\u00e9rie noire de baisses qui s\u2019\u00e9tendait de la rive boursi\u00e8re am\u00e9ricaine \u00e0 la rive europ\u00e9enne. Et, <a title=\"March\u00e9s : Une journ\u00e9e de P\u00e2ques sous le signe du calme\" href=\"https:\/\/www.gold.fr\/news\/2016\/03\/28\/marches-une-journee-de-paques-sous-le-signe-du-calme\/19028\/\" target=\"_blank\" rel=\"noopener\">suite \u00e0 un P\u00e2ques qui a jou\u00e9 les prolongations<\/a> jusqu\u2019\u00e0 lundi soir, les places boursi\u00e8res ont d\u00e9marr\u00e9 cette semaine tardive en douceur, avant de prendre un peu plus de vitesse, gr\u00e2ce, notamment, \u00e0 des indices boursiers et macro\u00e9conomiques en profusion et, surtout, en bonne forme.<\/span>    <span style=\"font-size: small;\">La veille, les experts de <strong>Wells Fargo Advisors<\/strong> ont effectivement not\u00e9 que \u00ab <em>les indices ont fluctu\u00e9 dans de maigres volumes sur fond d&rsquo;un d\u00e9luge de donn\u00e9es \u00e9conomiques<\/em> \u00bb, distinguant particuli\u00e8rement la croissance du <strong>PIB<\/strong> am\u00e9ricain du dernier trimestre 2015, r\u00e9vis\u00e9e \u00e0 la hausse (<strong>+1,4%<\/strong>). Pourtant, \u00e0 l\u2019exception de l&rsquo;indice de confiance des consommateurs am\u00e9ricains du Conference Board (paru hier), la journ\u00e9e du mardi a \u00e9t\u00e9 tr\u00e8s calme. <\/span>    <span style=\"font-size: small;\">Il faut toutefois noter que le calendrier de la semaine est tr\u00e8s riche en statistiques.<\/span> <span style=\"font-size: small;\">Les op\u00e9rateurs guetteront surtout le rapport relatif \u00e0 l&#8217;emploi am\u00e9ricain pour le mois de mars (dont la publication est pr\u00e9vue pour ce vendredi), qui inclura des chiffres potentiellement d\u00e9cisifs pour la prochaine r\u00e9union du <strong>FOMC<\/strong> am\u00e9ricain. <strong>Chris Weston<\/strong>, strat\u00e8ge de march\u00e9 en chef chez <strong>IG<\/strong>, souligne \u00e0 ce sujet qu\u2019il \u00ab <em>ne fait aucun doute que le discours de Janet Yellen <\/em>(aujoud\u2019hui, mercredi, dans la matin\u00e9e)<em>, au club \u00e9conomique de New York, sera sous le feu des projecteurs<\/em> \u00bb. <\/span>    <span style=\"font-size: small;\">Rappelons toutefois que le sc\u00e9nario d\u2019un discours \u2018<em>faucon<\/em>\u2019 de la pr\u00e9sidente de la <strong>FED<\/strong> est tr\u00e8s peu probable, de m\u00eame qu\u2019il n\u2019est pas pr\u00e9vu de voir la r\u00e9union du <strong>FOMC<\/strong> en avril aboutir \u00e0 une d\u00e9cision capitale.<\/span><\/p>\n<!-- AddThis Advanced Settings generic via filter on the_content --><!-- AddThis Share Buttons generic via filter on the_content -->","protected":false},"excerpt":{"rendered":"<p>La volatilit\u00e9 r\u00e9gnait, depuis la fin de la semaine derni\u00e8re, avec une s\u00e9rie noire de baisses qui s\u2019\u00e9tendait de la rive boursi\u00e8re am\u00e9ricaine \u00e0 la rive europ\u00e9enne. Et, suite \u00e0 un P\u00e2ques qui a jou\u00e9 les [&hellip;]<\/p>\n","protected":false},"author":18,"featured_media":5036,"comment_status":"open","ping_status":"open","sticky":false,"template":"","format":"standard","meta":{"_mbp_gutenberg_autopost":false,"_pgmb_is_evergreen":false,"_pgmb_ap_template_id":0,"footnotes":""},"categories":[6],"tags":[2119,2107,1034,2158,1504,105,1428],"ppma_author":[2565],"class_list":["post-19050","post","type-post","status-publish","format-standard","has-post-thumbnail","hentry","category-articles-de-presse","tag-bourse-americaine","tag-bourse-europeenne","tag-fomc","tag-indices-boursiers","tag-janet-yellen","tag-marche","tag-pib"],"yoast_head":"<!-- This site is optimized with the Yoast SEO plugin v27.5 - https:\/\/yoast.com\/product\/yoast-seo-wordpress\/ -->\n<title>March\u00e9s : Redynamisation en douceur - Gold.fr<\/title>\n<meta name=\"robots\" content=\"index, follow, max-snippet:-1, max-image-preview:large, max-video-preview:-1\" \/>\n<link rel=\"canonical\" href=\"https:\/\/www.gold.fr\/news\/2016\/03\/30\/marches-redynamisation-en-douceur\/\" \/>\n<meta property=\"og:locale\" content=\"fr_FR\" \/>\n<meta property=\"og:type\" content=\"article\" \/>\n<meta property=\"og:title\" content=\"March\u00e9s : Redynamisation en douceur - Gold.fr\" \/>\n<meta property=\"og:description\" content=\"La volatilit\u00e9 r\u00e9gnait, depuis la fin de la semaine derni\u00e8re, avec une s\u00e9rie noire de baisses qui s\u2019\u00e9tendait de la rive boursi\u00e8re am\u00e9ricaine \u00e0 la rive europ\u00e9enne. Et, suite \u00e0 un P\u00e2ques qui a jou\u00e9 les [&hellip;]\" \/>\n<meta property=\"og:url\" content=\"https:\/\/www.gold.fr\/news\/2016\/03\/30\/marches-redynamisation-en-douceur\/\" \/>\n<meta property=\"og:site_name\" content=\"Gold.fr\" \/>\n<meta property=\"article:publisher\" content=\"https:\/\/www.facebook.com\/Goldfr\/\" \/>\n<meta property=\"article:published_time\" content=\"2016-03-30T07:00:33+00:00\" \/>\n<meta property=\"article:modified_time\" content=\"2018-06-25T12:33:22+00:00\" \/>\n<meta property=\"og:image\" content=\"https:\/\/www.gold.fr\/news\/wp-content\/uploads\/2012\/01\/Or.jpg\" \/>\n\t<meta property=\"og:image:width\" content=\"600\" \/>\n\t<meta property=\"og:image:height\" content=\"526\" \/>\n\t<meta property=\"og:image:type\" content=\"image\/jpeg\" \/>\n<meta name=\"author\" content=\"Comptoir National de l&#039;Or\" \/>\n<meta name=\"twitter:card\" content=\"summary_large_image\" \/>\n<meta name=\"twitter:label1\" content=\"\u00c9crit par\" \/>\n\t<meta name=\"twitter:data1\" content=\"Comptoir National de l&#039;Or\" \/>\n\t<meta name=\"twitter:label2\" content=\"Dur\u00e9e de lecture estim\u00e9e\" \/>\n\t<meta name=\"twitter:data2\" content=\"2 minutes\" \/>\n<script type=\"application\/ld+json\" class=\"yoast-schema-graph\">{\"@context\":\"https:\\\/\\\/schema.org\",\"@graph\":[{\"@type\":\"Article\",\"@id\":\"https:\\\/\\\/www.gold.fr\\\/news\\\/2016\\\/03\\\/30\\\/marches-redynamisation-en-douceur\\\/#article\",\"isPartOf\":{\"@id\":\"https:\\\/\\\/www.gold.fr\\\/news\\\/2016\\\/03\\\/30\\\/marches-redynamisation-en-douceur\\\/\"},\"author\":{\"name\":\"Comptoir National de l'Or\",\"@id\":\"https:\\\/\\\/www.gold.fr\\\/news\\\/#\\\/schema\\\/person\\\/070491b4b4fb7671bf59b3be20302ce9\"},\"headline\":\"March\u00e9s : Redynamisation en douceur\",\"datePublished\":\"2016-03-30T07:00:33+00:00\",\"dateModified\":\"2018-06-25T12:33:22+00:00\",\"mainEntityOfPage\":{\"@id\":\"https:\\\/\\\/www.gold.fr\\\/news\\\/2016\\\/03\\\/30\\\/marches-redynamisation-en-douceur\\\/\"},\"wordCount\":309,\"commentCount\":0,\"image\":{\"@id\":\"https:\\\/\\\/www.gold.fr\\\/news\\\/2016\\\/03\\\/30\\\/marches-redynamisation-en-douceur\\\/#primaryimage\"},\"thumbnailUrl\":\"https:\\\/\\\/www.gold.fr\\\/news\\\/wp-content\\\/uploads\\\/2012\\\/01\\\/Or.jpg\",\"keywords\":[\"bourse am\u00e9ricaine\",\"bourse europ\u00e9enne\",\"FOMC\",\"indices boursiers\",\"Janet Yellen\",\"march\u00e9\",\"PIB\"],\"articleSection\":[\"Articles de presse\"],\"inLanguage\":\"fr-FR\"},{\"@type\":\"WebPage\",\"@id\":\"https:\\\/\\\/www.gold.fr\\\/news\\\/2016\\\/03\\\/30\\\/marches-redynamisation-en-douceur\\\/\",\"url\":\"https:\\\/\\\/www.gold.fr\\\/news\\\/2016\\\/03\\\/30\\\/marches-redynamisation-en-douceur\\\/\",\"name\":\"March\u00e9s : Redynamisation en douceur - Gold.fr\",\"isPartOf\":{\"@id\":\"https:\\\/\\\/www.gold.fr\\\/news\\\/#website\"},\"primaryImageOfPage\":{\"@id\":\"https:\\\/\\\/www.gold.fr\\\/news\\\/2016\\\/03\\\/30\\\/marches-redynamisation-en-douceur\\\/#primaryimage\"},\"image\":{\"@id\":\"https:\\\/\\\/www.gold.fr\\\/news\\\/2016\\\/03\\\/30\\\/marches-redynamisation-en-douceur\\\/#primaryimage\"},\"thumbnailUrl\":\"https:\\\/\\\/www.gold.fr\\\/news\\\/wp-content\\\/uploads\\\/2012\\\/01\\\/Or.jpg\",\"datePublished\":\"2016-03-30T07:00:33+00:00\",\"dateModified\":\"2018-06-25T12:33:22+00:00\",\"author\":{\"@id\":\"https:\\\/\\\/www.gold.fr\\\/news\\\/#\\\/schema\\\/person\\\/070491b4b4fb7671bf59b3be20302ce9\"},\"breadcrumb\":{\"@id\":\"https:\\\/\\\/www.gold.fr\\\/news\\\/2016\\\/03\\\/30\\\/marches-redynamisation-en-douceur\\\/#breadcrumb\"},\"inLanguage\":\"fr-FR\",\"potentialAction\":[{\"@type\":\"ReadAction\",\"target\":[\"https:\\\/\\\/www.gold.fr\\\/news\\\/2016\\\/03\\\/30\\\/marches-redynamisation-en-douceur\\\/\"]}]},{\"@type\":\"ImageObject\",\"inLanguage\":\"fr-FR\",\"@id\":\"https:\\\/\\\/www.gold.fr\\\/news\\\/2016\\\/03\\\/30\\\/marches-redynamisation-en-douceur\\\/#primaryimage\",\"url\":\"https:\\\/\\\/www.gold.fr\\\/news\\\/wp-content\\\/uploads\\\/2012\\\/01\\\/Or.jpg\",\"contentUrl\":\"https:\\\/\\\/www.gold.fr\\\/news\\\/wp-content\\\/uploads\\\/2012\\\/01\\\/Or.jpg\",\"width\":\"600\",\"height\":\"526\",\"caption\":\"March\u00e9s : La nervosit\u00e9 r\u00e8gne toujours\"},{\"@type\":\"BreadcrumbList\",\"@id\":\"https:\\\/\\\/www.gold.fr\\\/news\\\/2016\\\/03\\\/30\\\/marches-redynamisation-en-douceur\\\/#breadcrumb\",\"itemListElement\":[{\"@type\":\"ListItem\",\"position\":1,\"name\":\"Accueil\",\"item\":\"https:\\\/\\\/www.gold.fr\\\/\"},{\"@type\":\"ListItem\",\"position\":2,\"name\":\"Actualit\u00e9s\",\"item\":\"https:\\\/\\\/www.gold.fr\\\/news\\\/\"},{\"@type\":\"ListItem\",\"position\":3,\"name\":\"March\u00e9s : Redynamisation en douceur\"}]},{\"@type\":\"WebSite\",\"@id\":\"https:\\\/\\\/www.gold.fr\\\/news\\\/#website\",\"url\":\"https:\\\/\\\/www.gold.fr\\\/news\\\/\",\"name\":\"Gold.fr\",\"description\":\"Actualit\u00e9s de l&#039;Or et des m\u00e9taux pr\u00e9cieux\",\"potentialAction\":[{\"@type\":\"SearchAction\",\"target\":{\"@type\":\"EntryPoint\",\"urlTemplate\":\"https:\\\/\\\/www.gold.fr\\\/news\\\/?s={search_term_string}\"},\"query-input\":{\"@type\":\"PropertyValueSpecification\",\"valueRequired\":true,\"valueName\":\"search_term_string\"}}],\"inLanguage\":\"fr-FR\"},{\"@type\":\"Person\",\"@id\":\"https:\\\/\\\/www.gold.fr\\\/news\\\/#\\\/schema\\\/person\\\/070491b4b4fb7671bf59b3be20302ce9\",\"name\":\"Comptoir National de l'Or\",\"image\":{\"@type\":\"ImageObject\",\"inLanguage\":\"fr-FR\",\"@id\":\"https:\\\/\\\/secure.gravatar.com\\\/avatar\\\/0a2867fd5abe37bed95d5a65e9d58f01756e11efc68af9888dfc50cfa7f65948?s=96&d=mm&r=gb490554db0a38188709de567aa58480d\",\"url\":\"https:\\\/\\\/secure.gravatar.com\\\/avatar\\\/0a2867fd5abe37bed95d5a65e9d58f01756e11efc68af9888dfc50cfa7f65948?s=96&d=mm&r=g\",\"contentUrl\":\"https:\\\/\\\/secure.gravatar.com\\\/avatar\\\/0a2867fd5abe37bed95d5a65e9d58f01756e11efc68af9888dfc50cfa7f65948?s=96&d=mm&r=g\",\"caption\":\"Comptoir National de l'Or\"},\"description\":\"Notre r\u00e9daction est constitu\u00e9e de membres experts dans les m\u00e9tiers de l'\u00e9conomie et la gestion, des Responsables d'agence Comptoir National de l'Or, des analystes financiers qui publient r\u00e9guli\u00e8rement des \u00e9tudes sur les politiques des banques centrales, le cours de l'or, prix de l'or, cours de l'argent, prix de l'argent, cours du platine, cours du palladium,... la situation en zone euro et l'impact de la strat\u00e9gie mon\u00e9taire de la FED. Notre \u00e9quipe scrute \u00e9galement une information plus g\u00e9n\u00e9raliste \u00e0 la recherche d'actualit\u00e9 \\\"p\u00e9pite\\\" \u00e0 vous partager. Depuis 5 ans, nous avons publi\u00e9 un peu plus de 4000 articles qui s'adressent \u00e0 un public large et vari\u00e9 ayant pour objectif de satisfaire votre curiosit\u00e9 et de partager avec vous une certaine fascination pour le m\u00e9tal jaune, le rachat d'or, et pour ceux qui veulent investir dans l'or, vendre leur or tout simplement en savoir plus... Pour tous vos achat or et argent, n'h\u00e9sitez pas \u00e0 prendre rendez-vous dans l'un de nos nombreux comptoirs.\",\"sameAs\":[\"https:\\\/\\\/www.gold.fr\"]}]}<\/script>\n<!-- \/ Yoast SEO plugin. -->","yoast_head_json":{"title":"March\u00e9s : Redynamisation en douceur - Gold.fr","robots":{"index":"index","follow":"follow","max-snippet":"max-snippet:-1","max-image-preview":"max-image-preview:large","max-video-preview":"max-video-preview:-1"},"canonical":"https:\/\/www.gold.fr\/news\/2016\/03\/30\/marches-redynamisation-en-douceur\/","og_locale":"fr_FR","og_type":"article","og_title":"March\u00e9s : Redynamisation en douceur - Gold.fr","og_description":"La volatilit\u00e9 r\u00e9gnait, depuis la fin de la semaine derni\u00e8re, avec une s\u00e9rie noire de baisses qui s\u2019\u00e9tendait de la rive boursi\u00e8re am\u00e9ricaine \u00e0 la rive europ\u00e9enne. Et, suite \u00e0 un P\u00e2ques qui a jou\u00e9 les [&hellip;]","og_url":"https:\/\/www.gold.fr\/news\/2016\/03\/30\/marches-redynamisation-en-douceur\/","og_site_name":"Gold.fr","article_publisher":"https:\/\/www.facebook.com\/Goldfr\/","article_published_time":"2016-03-30T07:00:33+00:00","article_modified_time":"2018-06-25T12:33:22+00:00","og_image":[{"width":600,"height":526,"url":"https:\/\/www.gold.fr\/news\/wp-content\/uploads\/2012\/01\/Or.jpg","type":"image\/jpeg"}],"author":"Comptoir National de l'Or","twitter_card":"summary_large_image","twitter_misc":{"\u00c9crit par":"Comptoir National de l'Or","Dur\u00e9e de lecture estim\u00e9e":"2 minutes"},"schema":{"@context":"https:\/\/schema.org","@graph":[{"@type":"Article","@id":"https:\/\/www.gold.fr\/news\/2016\/03\/30\/marches-redynamisation-en-douceur\/#article","isPartOf":{"@id":"https:\/\/www.gold.fr\/news\/2016\/03\/30\/marches-redynamisation-en-douceur\/"},"author":{"name":"Comptoir National de l'Or","@id":"https:\/\/www.gold.fr\/news\/#\/schema\/person\/070491b4b4fb7671bf59b3be20302ce9"},"headline":"March\u00e9s : Redynamisation en douceur","datePublished":"2016-03-30T07:00:33+00:00","dateModified":"2018-06-25T12:33:22+00:00","mainEntityOfPage":{"@id":"https:\/\/www.gold.fr\/news\/2016\/03\/30\/marches-redynamisation-en-douceur\/"},"wordCount":309,"commentCount":0,"image":{"@id":"https:\/\/www.gold.fr\/news\/2016\/03\/30\/marches-redynamisation-en-douceur\/#primaryimage"},"thumbnailUrl":"https:\/\/www.gold.fr\/news\/wp-content\/uploads\/2012\/01\/Or.jpg","keywords":["bourse am\u00e9ricaine","bourse europ\u00e9enne","FOMC","indices boursiers","Janet Yellen","march\u00e9","PIB"],"articleSection":["Articles de presse"],"inLanguage":"fr-FR"},{"@type":"WebPage","@id":"https:\/\/www.gold.fr\/news\/2016\/03\/30\/marches-redynamisation-en-douceur\/","url":"https:\/\/www.gold.fr\/news\/2016\/03\/30\/marches-redynamisation-en-douceur\/","name":"March\u00e9s : Redynamisation en douceur - Gold.fr","isPartOf":{"@id":"https:\/\/www.gold.fr\/news\/#website"},"primaryImageOfPage":{"@id":"https:\/\/www.gold.fr\/news\/2016\/03\/30\/marches-redynamisation-en-douceur\/#primaryimage"},"image":{"@id":"https:\/\/www.gold.fr\/news\/2016\/03\/30\/marches-redynamisation-en-douceur\/#primaryimage"},"thumbnailUrl":"https:\/\/www.gold.fr\/news\/wp-content\/uploads\/2012\/01\/Or.jpg","datePublished":"2016-03-30T07:00:33+00:00","dateModified":"2018-06-25T12:33:22+00:00","author":{"@id":"https:\/\/www.gold.fr\/news\/#\/schema\/person\/070491b4b4fb7671bf59b3be20302ce9"},"breadcrumb":{"@id":"https:\/\/www.gold.fr\/news\/2016\/03\/30\/marches-redynamisation-en-douceur\/#breadcrumb"},"inLanguage":"fr-FR","potentialAction":[{"@type":"ReadAction","target":["https:\/\/www.gold.fr\/news\/2016\/03\/30\/marches-redynamisation-en-douceur\/"]}]},{"@type":"ImageObject","inLanguage":"fr-FR","@id":"https:\/\/www.gold.fr\/news\/2016\/03\/30\/marches-redynamisation-en-douceur\/#primaryimage","url":"https:\/\/www.gold.fr\/news\/wp-content\/uploads\/2012\/01\/Or.jpg","contentUrl":"https:\/\/www.gold.fr\/news\/wp-content\/uploads\/2012\/01\/Or.jpg","width":"600","height":"526","caption":"March\u00e9s : La nervosit\u00e9 r\u00e8gne toujours"},{"@type":"BreadcrumbList","@id":"https:\/\/www.gold.fr\/news\/2016\/03\/30\/marches-redynamisation-en-douceur\/#breadcrumb","itemListElement":[{"@type":"ListItem","position":1,"name":"Accueil","item":"https:\/\/www.gold.fr\/"},{"@type":"ListItem","position":2,"name":"Actualit\u00e9s","item":"https:\/\/www.gold.fr\/news\/"},{"@type":"ListItem","position":3,"name":"March\u00e9s : Redynamisation en douceur"}]},{"@type":"WebSite","@id":"https:\/\/www.gold.fr\/news\/#website","url":"https:\/\/www.gold.fr\/news\/","name":"Gold.fr","description":"Actualit\u00e9s de l&#039;Or et des m\u00e9taux pr\u00e9cieux","potentialAction":[{"@type":"SearchAction","target":{"@type":"EntryPoint","urlTemplate":"https:\/\/www.gold.fr\/news\/?s={search_term_string}"},"query-input":{"@type":"PropertyValueSpecification","valueRequired":true,"valueName":"search_term_string"}}],"inLanguage":"fr-FR"},{"@type":"Person","@id":"https:\/\/www.gold.fr\/news\/#\/schema\/person\/070491b4b4fb7671bf59b3be20302ce9","name":"Comptoir National de l'Or","image":{"@type":"ImageObject","inLanguage":"fr-FR","@id":"https:\/\/secure.gravatar.com\/avatar\/0a2867fd5abe37bed95d5a65e9d58f01756e11efc68af9888dfc50cfa7f65948?s=96&d=mm&r=gb490554db0a38188709de567aa58480d","url":"https:\/\/secure.gravatar.com\/avatar\/0a2867fd5abe37bed95d5a65e9d58f01756e11efc68af9888dfc50cfa7f65948?s=96&d=mm&r=g","contentUrl":"https:\/\/secure.gravatar.com\/avatar\/0a2867fd5abe37bed95d5a65e9d58f01756e11efc68af9888dfc50cfa7f65948?s=96&d=mm&r=g","caption":"Comptoir National de l'Or"},"description":"Notre r\u00e9daction est constitu\u00e9e de membres experts dans les m\u00e9tiers de l'\u00e9conomie et la gestion, des Responsables d'agence Comptoir National de l'Or, des analystes financiers qui publient r\u00e9guli\u00e8rement des \u00e9tudes sur les politiques des banques centrales, le cours de l'or, prix de l'or, cours de l'argent, prix de l'argent, cours du platine, cours du palladium,... la situation en zone euro et l'impact de la strat\u00e9gie mon\u00e9taire de la FED. Notre \u00e9quipe scrute \u00e9galement une information plus g\u00e9n\u00e9raliste \u00e0 la recherche d'actualit\u00e9 \"p\u00e9pite\" \u00e0 vous partager. Depuis 5 ans, nous avons publi\u00e9 un peu plus de 4000 articles qui s'adressent \u00e0 un public large et vari\u00e9 ayant pour objectif de satisfaire votre curiosit\u00e9 et de partager avec vous une certaine fascination pour le m\u00e9tal jaune, le rachat d'or, et pour ceux qui veulent investir dans l'or, vendre leur or tout simplement en savoir plus... Pour tous vos achat or et argent, n'h\u00e9sitez pas \u00e0 prendre rendez-vous dans l'un de nos nombreux comptoirs.","sameAs":["https:\/\/www.gold.fr"]}]}},"authors":[{"term_id":2565,"user_id":18,"is_guest":0,"slug":"julie","display_name":"Comptoir National de l'Or","avatar_url":"https:\/\/secure.gravatar.com\/avatar\/713f289e398d35ead876c4a4cc08607f0d6d266058cfc25683fffb6092d0e572?s=96&d=mm&r=g","0":null,"1":"","2":"","3":"","4":"","5":"","6":"","7":"","8":""}],"_links":{"self":[{"href":"https:\/\/www.gold.fr\/news\/wp-json\/wp\/v2\/posts\/19050","targetHints":{"allow":["GET"]}}],"collection":[{"href":"https:\/\/www.gold.fr\/news\/wp-json\/wp\/v2\/posts"}],"about":[{"href":"https:\/\/www.gold.fr\/news\/wp-json\/wp\/v2\/types\/post"}],"author":[{"embeddable":true,"href":"https:\/\/www.gold.fr\/news\/wp-json\/wp\/v2\/users\/18"}],"replies":[{"embeddable":true,"href":"https:\/\/www.gold.fr\/news\/wp-json\/wp\/v2\/comments?post=19050"}],"version-history":[{"count":0,"href":"https:\/\/www.gold.fr\/news\/wp-json\/wp\/v2\/posts\/19050\/revisions"}],"wp:featuredmedia":[{"embeddable":true,"href":"https:\/\/www.gold.fr\/news\/wp-json\/wp\/v2\/media\/5036"}],"wp:attachment":[{"href":"https:\/\/www.gold.fr\/news\/wp-json\/wp\/v2\/media?parent=19050"}],"wp:term":[{"taxonomy":"category","embeddable":true,"href":"https:\/\/www.gold.fr\/news\/wp-json\/wp\/v2\/categories?post=19050"},{"taxonomy":"post_tag","embeddable":true,"href":"https:\/\/www.gold.fr\/news\/wp-json\/wp\/v2\/tags?post=19050"},{"taxonomy":"author","embeddable":true,"href":"https:\/\/www.gold.fr\/news\/wp-json\/wp\/v2\/ppma_author?post=19050"}],"curies":[{"name":"wp","href":"https:\/\/api.w.org\/{rel}","templated":true}]}}